{"id":47379,"date":"2021-12-23T08:18:40","date_gmt":"2021-12-23T11:18:40","guid":{"rendered":"https:\/\/radiolifefm.com.br\/noticias\/?p=47379"},"modified":"2026-04-20T22:29:12","modified_gmt":"2026-04-21T01:29:12","slug":"arca-recebe-uma-picape-vw-saveiro-doada-pela-receita-federal","status":"publish","type":"post","link":"https:\/\/radiolifefm.com.br\/noticias\/arca-recebe-uma-picape-vw-saveiro-doada-pela-receita-federal\/","title":{"rendered":"ARCA recebe uma picape VW Saveiro doada pela Receita Federal"},"content":{"rendered":"<div id=\"fb-root\"><\/div>\n<p>A ARCA \u2013 Associa\u00e7\u00e3o dos Renais Cr\u00f4nicos de Adamantina, recebeu da Receita Federal em Presidente Prudente, na forma de doa\u00e7\u00e3o, uma picape VW Saveiro e uma carretinha de transporte.<\/p>\n<p>Os bens foram formalmente recebidos pela presidente da institui\u00e7\u00e3o adamantinense, Ant\u00f4nia Maria da Concei\u00e7\u00e3o (Toninha). A informa\u00e7\u00e3o sobre a conquista foi publicada nesta quarta-feira (22) na fanpage da ARCA. A postagem informa que a doa\u00e7\u00e3o foi consolidada no dia 12 deste m\u00eas.<\/p>\n<p><img loading=\"lazy\" decoding=\"async\" class=\"alignnone size-full wp-image-47381\" src=\"https:\/\/static.radiolifefm.com.br\/wp-content\/uploads\/sites\/2\/2021\/12\/2697155795140872062618352457646796542163107njpg164020579261c38de02a4fa.jpg\" alt=\"\" width=\"1279\" height=\"796\" srcset=\"https:\/\/radiolifefm.com.br\/noticias\/wp-content\/uploads\/2021\/12\/2697155795140872062618352457646796542163107njpg164020579261c38de02a4fa.jpg 1279w, https:\/\/radiolifefm.com.br\/noticias\/wp-content\/uploads\/2021\/12\/2697155795140872062618352457646796542163107njpg164020579261c38de02a4fa-300x187.jpg 300w, https:\/\/radiolifefm.com.br\/noticias\/wp-content\/uploads\/2021\/12\/2697155795140872062618352457646796542163107njpg164020579261c38de02a4fa-1024x637.jpg 1024w, https:\/\/radiolifefm.com.br\/noticias\/wp-content\/uploads\/2021\/12\/2697155795140872062618352457646796542163107njpg164020579261c38de02a4fa-768x478.jpg 768w\" sizes=\"auto, (max-width: 1279px) 100vw, 1279px\" \/><\/p>\n<p style=\"font-weight: 400\">Na solicita\u00e7\u00e3o \u00e0 Receita Federal em Presidente Prudente, realizada em processo administrativo, a ARCA elencou a necessidade da destina\u00e7\u00e3o dos bens para ampliar a qualidade do servi\u00e7o ofertado em apoio a pacientes renais cr\u00f4nicos e seus familiares.<\/p>\n<p style=\"font-weight: 400\">De acordo com a Receita Federal, as solicita\u00e7\u00f5es, an\u00e1lises e atendimentos foram apresentados em processo administrativo, que tramitou pela Receita Federal, visando \u00e0 transpar\u00eancia dos atos e ao compromisso \u00e9tico com a coisa p\u00fablica.<\/p>\n<div class='flex flex-wrap items-center -mx-1'>\r\n<a class='thumbnail gallery p-1 w-1\/2 md:w-1\/4' href='https:\/\/radiolifefm.com.br\/noticias\/wp-content\/uploads\/2021\/12\/2697952315140871882618370210775278785932593npng164020584861c38e18ac5a7.png'><img class='border border-white' src='https:\/\/radiolifefm.com.br\/noticias\/wp-content\/uploads\/2021\/12\/2697952315140871882618370210775278785932593npng164020584861c38e18ac5a7-200x200.png' alt='2697952315140871882618370210775278785932593npng164020584861c38e18ac5a7' \/><\/a><a class='thumbnail gallery p-1 w-1\/2 md:w-1\/4' href='https:\/\/radiolifefm.com.br\/noticias\/wp-content\/uploads\/2021\/12\/26986525551408719459516975434373684590721798njpg164020582461c38e007e978.jpg'><img class='border border-white' src='https:\/\/radiolifefm.com.br\/noticias\/wp-content\/uploads\/2021\/12\/26986525551408719459516975434373684590721798njpg164020582461c38e007e978-200x200.jpg' alt='26986525551408719459516975434373684590721798njpg164020582461c38e007e978' \/><\/a><\/div>\n<p style=\"font-weight: 400\">O procedimento de destina\u00e7\u00e3o \u00e9 previsto no Decreto-lei n.\u00ba 1.455\/1976, combinado com as Portarias n.\u00bas 282\/2011 e 3.010\/2011, estas do Minist\u00e9rio da Fazenda e Receita Federal do Brasil, respectivamente. Os normativos estabelecem os procedimentos, crit\u00e9rios e condi\u00e7\u00f5es na a\u00e7\u00e3o de apreens\u00e3o de mercadorias estrangeiras, bem como, quando de sua destina\u00e7\u00e3o.<\/p>\n<p style=\"font-weight: 400\">Conforme previs\u00e3o da norma, a entidade que recebe ve\u00edculo em doa\u00e7\u00e3o, para que possa utiliz\u00e1-lo, dever\u00e1 providenciar a inscri\u00e7\u00e3o \u201cDoado pela Secretaria da Receita Federal do Brasil\u201d, em sua lateral.<\/p>\n<p style=\"font-weight: 400\"><b><strong>ARCA<\/strong><\/b><\/p>\n<p style=\"font-weight: 400\">A Associa\u00e7\u00e3o dos Renais Cr\u00f4nicos de Adamantina \u00e9 uma entidade sem fins lucrativos, que presta assist\u00eancia aos pacientes e familiares da cidade e regi\u00e3o atrav\u00e9s de distribui\u00e7\u00e3o de cestas b\u00e1sicas, complementa\u00e7\u00e3o do fornecimento de medicamentos, atividade de entretenimento durante as sess\u00f5es de hemodi\u00e1lise, terapia ocupacional atrav\u00e9s de artesanato, visitas a domicilio, campanha de preven\u00e7\u00e3o (palestras) e apoio aos transplantados.<\/p>\n<p style=\"font-weight: 400\">A Associa\u00e7\u00e3o conta com o trabalho de volunt\u00e1rios dedicados na realiza\u00e7\u00e3o de seus eventos, entre eles, o bazar beneficente, que funciona todos os dias na sede da entidade, al\u00e9m do jantar beneficente, almo\u00e7o sertanejo, jantar do dia internacional da mulher, bingo e participa\u00e7\u00e3o em feiras e promo\u00e7\u00f5es municipais que s\u00e3o realizadas anualmente. A entidade recebe tamb\u00e9m todo e qualquer tipo de doa\u00e7\u00e3o da sociedade local.<\/p>\n<p style=\"font-weight: 400\">Fica na Rua M\u00e1rio Olivero, 245, na esquina da capela da Santa Casa, com o telefone (18) 3521-5089.<\/p>\n<p>Fonte: Siga Mais<\/p>\n","protected":false},"excerpt":{"rendered":"<p>A ARCA \u2013 Associa\u00e7\u00e3o dos Renais Cr\u00f4nicos de Adamantina, recebeu da Receita Federal em Presidente Prudente, na forma de doa\u00e7\u00e3o, uma picape VW Saveiro e uma carretinha de transporte. Os bens foram formalmente recebidos pela presidente da institui\u00e7\u00e3o adamantinense, Ant\u00f4nia Maria da Concei\u00e7\u00e3o (Toninha). A informa\u00e7\u00e3o sobre a conquista foi publicada nesta quarta-feira (22) na [&hellip;]<\/p>\n","protected":false},"author":13,"featured_media":47380,"comment_status":"closed","ping_status":"open","sticky":false,"template":"","format":"standard","meta":{"_acf_changed":false,"_exactmetrics_skip_tracking":false,"_exactmetrics_sitenote_active":false,"_exactmetrics_sitenote_note":"","_exactmetrics_sitenote_category":0,"footnotes":""},"categories":[21],"tags":[],"class_list":["post-47379","post","type-post","status-publish","format-standard","has-post-thumbnail","hentry","category-adamantina"],"acf":[],"yoast_head":"<!-- This site is optimized with the Yoast SEO plugin v27.2 - https:\/\/yoast.com\/product\/yoast-seo-wordpress\/ -->\n<title>ARCA recebe uma picape VW Saveiro doada pela Receita Federal - R\u00e1dio Life FM<\/title>\n<meta name=\"robots\" content=\"index, follow, max-snippet:-1, max-image-preview:large, max-video-preview:-1\" \/>\n<link rel=\"canonical\" href=\"https:\/\/radiolifefm.com.br\/noticias\/arca-recebe-uma-picape-vw-saveiro-doada-pela-receita-federal\/\" \/>\n<meta property=\"og:locale\" content=\"pt_BR\" \/>\n<meta property=\"og:type\" content=\"article\" \/>\n<meta property=\"og:title\" content=\"ARCA recebe uma picape VW Saveiro doada pela Receita Federal - R\u00e1dio Life FM\" \/>\n<meta property=\"og:description\" content=\"A ARCA \u2013 Associa\u00e7\u00e3o dos Renais Cr\u00f4nicos de Adamantina, recebeu da Receita Federal em Presidente Prudente, na forma de doa\u00e7\u00e3o, uma picape VW Saveiro e uma carretinha de transporte. Os bens foram formalmente recebidos pela presidente da institui\u00e7\u00e3o adamantinense, Ant\u00f4nia Maria da Concei\u00e7\u00e3o (Toninha). A informa\u00e7\u00e3o sobre a conquista foi publicada nesta quarta-feira (22) na [&hellip;]\" \/>\n<meta property=\"og:url\" content=\"https:\/\/radiolifefm.com.br\/noticias\/arca-recebe-uma-picape-vw-saveiro-doada-pela-receita-federal\/\" \/>\n<meta property=\"og:site_name\" content=\"R\u00e1dio Life FM\" \/>\n<meta property=\"article:publisher\" content=\"https:\/\/www.facebook.com\/radiolifefm\/\" \/>\n<meta property=\"article:published_time\" content=\"2021-12-23T11:18:40+00:00\" \/>\n<meta property=\"article:modified_time\" content=\"2026-04-21T01:29:12+00:00\" \/>\n<meta property=\"og:image\" content=\"https:\/\/radiolifefm.com.br\/noticias\/wp-content\/uploads\/2021\/12\/2697841745140871975951694606379483194703955njpg164020592561c38e6582d52.jpg\" \/>\n\t<meta property=\"og:image:width\" content=\"600\" \/>\n\t<meta property=\"og:image:height\" content=\"337\" \/>\n\t<meta property=\"og:image:type\" content=\"image\/jpeg\" \/>\n<meta name=\"author\" content=\"ritanery\" \/>\n<meta name=\"twitter:card\" content=\"summary_large_image\" \/>\n<meta name=\"twitter:label1\" content=\"Escrito por\" \/>\n\t<meta name=\"twitter:data1\" content=\"ritanery\" \/>\n\t<meta name=\"twitter:label2\" content=\"Est. tempo de leitura\" \/>\n\t<meta name=\"twitter:data2\" content=\"2 minutos\" \/>\n<script type=\"application\/ld+json\" class=\"yoast-schema-graph\">{\"@context\":\"https:\/\/schema.org\",\"@graph\":[{\"@type\":\"Article\",\"@id\":\"https:\/\/radiolifefm.com.br\/noticias\/arca-recebe-uma-picape-vw-saveiro-doada-pela-receita-federal\/#article\",\"isPartOf\":{\"@id\":\"https:\/\/radiolifefm.com.br\/noticias\/arca-recebe-uma-picape-vw-saveiro-doada-pela-receita-federal\/\"},\"author\":{\"name\":\"ritanery\",\"@id\":\"https:\/\/radiolifefm.com.br\/noticias\/#\/schema\/person\/6339b9fac59d12b071dec680d7375d87\"},\"headline\":\"ARCA recebe uma picape VW Saveiro doada pela Receita Federal\",\"datePublished\":\"2021-12-23T11:18:40+00:00\",\"dateModified\":\"2026-04-21T01:29:12+00:00\",\"mainEntityOfPage\":{\"@id\":\"https:\/\/radiolifefm.com.br\/noticias\/arca-recebe-uma-picape-vw-saveiro-doada-pela-receita-federal\/\"},\"wordCount\":424,\"publisher\":{\"@id\":\"https:\/\/radiolifefm.com.br\/noticias\/#organization\"},\"image\":{\"@id\":\"https:\/\/radiolifefm.com.br\/noticias\/arca-recebe-uma-picape-vw-saveiro-doada-pela-receita-federal\/#primaryimage\"},\"thumbnailUrl\":\"https:\/\/radiolifefm.com.br\/noticias\/wp-content\/uploads\/2021\/12\/2697841745140871975951694606379483194703955njpg164020592561c38e6582d52.jpg\",\"articleSection\":[\"Adamantina\"],\"inLanguage\":\"pt-BR\"},{\"@type\":\"WebPage\",\"@id\":\"https:\/\/radiolifefm.com.br\/noticias\/arca-recebe-uma-picape-vw-saveiro-doada-pela-receita-federal\/\",\"url\":\"https:\/\/radiolifefm.com.br\/noticias\/arca-recebe-uma-picape-vw-saveiro-doada-pela-receita-federal\/\",\"name\":\"ARCA recebe uma picape VW Saveiro doada pela Receita Federal - R\u00e1dio Life FM\",\"isPartOf\":{\"@id\":\"https:\/\/radiolifefm.com.br\/noticias\/#website\"},\"primaryImageOfPage\":{\"@id\":\"https:\/\/radiolifefm.com.br\/noticias\/arca-recebe-uma-picape-vw-saveiro-doada-pela-receita-federal\/#primaryimage\"},\"image\":{\"@id\":\"https:\/\/radiolifefm.com.br\/noticias\/arca-recebe-uma-picape-vw-saveiro-doada-pela-receita-federal\/#primaryimage\"},\"thumbnailUrl\":\"https:\/\/radiolifefm.com.br\/noticias\/wp-content\/uploads\/2021\/12\/2697841745140871975951694606379483194703955njpg164020592561c38e6582d52.jpg\",\"datePublished\":\"2021-12-23T11:18:40+00:00\",\"dateModified\":\"2026-04-21T01:29:12+00:00\",\"breadcrumb\":{\"@id\":\"https:\/\/radiolifefm.com.br\/noticias\/arca-recebe-uma-picape-vw-saveiro-doada-pela-receita-federal\/#breadcrumb\"},\"inLanguage\":\"pt-BR\",\"potentialAction\":[{\"@type\":\"ReadAction\",\"target\":[\"https:\/\/radiolifefm.com.br\/noticias\/arca-recebe-uma-picape-vw-saveiro-doada-pela-receita-federal\/\"]}]},{\"@type\":\"ImageObject\",\"inLanguage\":\"pt-BR\",\"@id\":\"https:\/\/radiolifefm.com.br\/noticias\/arca-recebe-uma-picape-vw-saveiro-doada-pela-receita-federal\/#primaryimage\",\"url\":\"https:\/\/radiolifefm.com.br\/noticias\/wp-content\/uploads\/2021\/12\/2697841745140871975951694606379483194703955njpg164020592561c38e6582d52.jpg\",\"contentUrl\":\"https:\/\/radiolifefm.com.br\/noticias\/wp-content\/uploads\/2021\/12\/2697841745140871975951694606379483194703955njpg164020592561c38e6582d52.jpg\",\"width\":600,\"height\":337,\"caption\":\"Ve\u00edculo estava apreendido na Receita Federal em Presidente Prudente e destinado em doa\u00e7\u00e3o \u00e0 ARCA.\"},{\"@type\":\"BreadcrumbList\",\"@id\":\"https:\/\/radiolifefm.com.br\/noticias\/arca-recebe-uma-picape-vw-saveiro-doada-pela-receita-federal\/#breadcrumb\",\"itemListElement\":[{\"@type\":\"ListItem\",\"position\":1,\"name\":\"In\u00edcio\",\"item\":\"https:\/\/radiolifefm.com.br\/noticias\/\"},{\"@type\":\"ListItem\",\"position\":2,\"name\":\"ARCA recebe uma picape VW Saveiro doada pela Receita Federal\"}]},{\"@type\":\"WebSite\",\"@id\":\"https:\/\/radiolifefm.com.br\/noticias\/#website\",\"url\":\"https:\/\/radiolifefm.com.br\/noticias\/\",\"name\":\"R\u00e1dio Life FM\",\"description\":\"O Portal de Not\u00edcias de Adamantina\",\"publisher\":{\"@id\":\"https:\/\/radiolifefm.com.br\/noticias\/#organization\"},\"alternateName\":\"Life FM\",\"potentialAction\":[{\"@type\":\"SearchAction\",\"target\":{\"@type\":\"EntryPoint\",\"urlTemplate\":\"https:\/\/radiolifefm.com.br\/noticias\/?s={search_term_string}\"},\"query-input\":{\"@type\":\"PropertyValueSpecification\",\"valueRequired\":true,\"valueName\":\"search_term_string\"}}],\"inLanguage\":\"pt-BR\"},{\"@type\":\"Organization\",\"@id\":\"https:\/\/radiolifefm.com.br\/noticias\/#organization\",\"name\":\"R\u00e1dio Life FM\",\"alternateName\":\"Life FM\",\"url\":\"https:\/\/radiolifefm.com.br\/noticias\/\",\"logo\":{\"@type\":\"ImageObject\",\"inLanguage\":\"pt-BR\",\"@id\":\"https:\/\/radiolifefm.com.br\/noticias\/#\/schema\/logo\/image\/\",\"url\":\"https:\/\/static.radiolifefm.com.br\/noticias\/wp-content\/uploads\/2019\/10\/logo-lifefm.png\",\"contentUrl\":\"https:\/\/static.radiolifefm.com.br\/noticias\/wp-content\/uploads\/2019\/10\/logo-lifefm.png\",\"width\":196,\"height\":47,\"caption\":\"R\u00e1dio Life FM\"},\"image\":{\"@id\":\"https:\/\/radiolifefm.com.br\/noticias\/#\/schema\/logo\/image\/\"},\"sameAs\":[\"https:\/\/www.facebook.com\/radiolifefm\/\",\"https:\/\/www.instagram.com\/life1079fm\/\"]},{\"@type\":\"Person\",\"@id\":\"https:\/\/radiolifefm.com.br\/noticias\/#\/schema\/person\/6339b9fac59d12b071dec680d7375d87\",\"name\":\"ritanery\",\"image\":{\"@type\":\"ImageObject\",\"inLanguage\":\"pt-BR\",\"@id\":\"https:\/\/secure.gravatar.com\/avatar\/0e37bb19071f47c0b8a23f62a903df117c5a0e75f65a0c2901562f97cd41cf86?s=96&d=mm&r=g\",\"url\":\"https:\/\/secure.gravatar.com\/avatar\/0e37bb19071f47c0b8a23f62a903df117c5a0e75f65a0c2901562f97cd41cf86?s=96&d=mm&r=g\",\"contentUrl\":\"https:\/\/secure.gravatar.com\/avatar\/0e37bb19071f47c0b8a23f62a903df117c5a0e75f65a0c2901562f97cd41cf86?s=96&d=mm&r=g\",\"caption\":\"ritanery\"}}]}<\/script>\n<!-- \/ Yoast SEO plugin. -->","yoast_head_json":{"title":"ARCA recebe uma picape VW Saveiro doada pela Receita Federal - R\u00e1dio Life FM","robots":{"index":"index","follow":"follow","max-snippet":"max-snippet:-1","max-image-preview":"max-image-preview:large","max-video-preview":"max-video-preview:-1"},"canonical":"https:\/\/radiolifefm.com.br\/noticias\/arca-recebe-uma-picape-vw-saveiro-doada-pela-receita-federal\/","og_locale":"pt_BR","og_type":"article","og_title":"ARCA recebe uma picape VW Saveiro doada pela Receita Federal - R\u00e1dio Life FM","og_description":"A ARCA \u2013 Associa\u00e7\u00e3o dos Renais Cr\u00f4nicos de Adamantina, recebeu da Receita Federal em Presidente Prudente, na forma de doa\u00e7\u00e3o, uma picape VW Saveiro e uma carretinha de transporte. Os bens foram formalmente recebidos pela presidente da institui\u00e7\u00e3o adamantinense, Ant\u00f4nia Maria da Concei\u00e7\u00e3o (Toninha). A informa\u00e7\u00e3o sobre a conquista foi publicada nesta quarta-feira (22) na [&hellip;]","og_url":"https:\/\/radiolifefm.com.br\/noticias\/arca-recebe-uma-picape-vw-saveiro-doada-pela-receita-federal\/","og_site_name":"R\u00e1dio Life FM","article_publisher":"https:\/\/www.facebook.com\/radiolifefm\/","article_published_time":"2021-12-23T11:18:40+00:00","article_modified_time":"2026-04-21T01:29:12+00:00","og_image":[{"width":600,"height":337,"url":"https:\/\/radiolifefm.com.br\/noticias\/wp-content\/uploads\/2021\/12\/2697841745140871975951694606379483194703955njpg164020592561c38e6582d52.jpg","type":"image\/jpeg"}],"author":"ritanery","twitter_card":"summary_large_image","twitter_misc":{"Escrito por":"ritanery","Est. tempo de leitura":"2 minutos"},"schema":{"@context":"https:\/\/schema.org","@graph":[{"@type":"Article","@id":"https:\/\/radiolifefm.com.br\/noticias\/arca-recebe-uma-picape-vw-saveiro-doada-pela-receita-federal\/#article","isPartOf":{"@id":"https:\/\/radiolifefm.com.br\/noticias\/arca-recebe-uma-picape-vw-saveiro-doada-pela-receita-federal\/"},"author":{"name":"ritanery","@id":"https:\/\/radiolifefm.com.br\/noticias\/#\/schema\/person\/6339b9fac59d12b071dec680d7375d87"},"headline":"ARCA recebe uma picape VW Saveiro doada pela Receita Federal","datePublished":"2021-12-23T11:18:40+00:00","dateModified":"2026-04-21T01:29:12+00:00","mainEntityOfPage":{"@id":"https:\/\/radiolifefm.com.br\/noticias\/arca-recebe-uma-picape-vw-saveiro-doada-pela-receita-federal\/"},"wordCount":424,"publisher":{"@id":"https:\/\/radiolifefm.com.br\/noticias\/#organization"},"image":{"@id":"https:\/\/radiolifefm.com.br\/noticias\/arca-recebe-uma-picape-vw-saveiro-doada-pela-receita-federal\/#primaryimage"},"thumbnailUrl":"https:\/\/radiolifefm.com.br\/noticias\/wp-content\/uploads\/2021\/12\/2697841745140871975951694606379483194703955njpg164020592561c38e6582d52.jpg","articleSection":["Adamantina"],"inLanguage":"pt-BR"},{"@type":"WebPage","@id":"https:\/\/radiolifefm.com.br\/noticias\/arca-recebe-uma-picape-vw-saveiro-doada-pela-receita-federal\/","url":"https:\/\/radiolifefm.com.br\/noticias\/arca-recebe-uma-picape-vw-saveiro-doada-pela-receita-federal\/","name":"ARCA recebe uma picape VW Saveiro doada pela Receita Federal - R\u00e1dio Life FM","isPartOf":{"@id":"https:\/\/radiolifefm.com.br\/noticias\/#website"},"primaryImageOfPage":{"@id":"https:\/\/radiolifefm.com.br\/noticias\/arca-recebe-uma-picape-vw-saveiro-doada-pela-receita-federal\/#primaryimage"},"image":{"@id":"https:\/\/radiolifefm.com.br\/noticias\/arca-recebe-uma-picape-vw-saveiro-doada-pela-receita-federal\/#primaryimage"},"thumbnailUrl":"https:\/\/radiolifefm.com.br\/noticias\/wp-content\/uploads\/2021\/12\/2697841745140871975951694606379483194703955njpg164020592561c38e6582d52.jpg","datePublished":"2021-12-23T11:18:40+00:00","dateModified":"2026-04-21T01:29:12+00:00","breadcrumb":{"@id":"https:\/\/radiolifefm.com.br\/noticias\/arca-recebe-uma-picape-vw-saveiro-doada-pela-receita-federal\/#breadcrumb"},"inLanguage":"pt-BR","potentialAction":[{"@type":"ReadAction","target":["https:\/\/radiolifefm.com.br\/noticias\/arca-recebe-uma-picape-vw-saveiro-doada-pela-receita-federal\/"]}]},{"@type":"ImageObject","inLanguage":"pt-BR","@id":"https:\/\/radiolifefm.com.br\/noticias\/arca-recebe-uma-picape-vw-saveiro-doada-pela-receita-federal\/#primaryimage","url":"https:\/\/radiolifefm.com.br\/noticias\/wp-content\/uploads\/2021\/12\/2697841745140871975951694606379483194703955njpg164020592561c38e6582d52.jpg","contentUrl":"https:\/\/radiolifefm.com.br\/noticias\/wp-content\/uploads\/2021\/12\/2697841745140871975951694606379483194703955njpg164020592561c38e6582d52.jpg","width":600,"height":337,"caption":"Ve\u00edculo estava apreendido na Receita Federal em Presidente Prudente e destinado em doa\u00e7\u00e3o \u00e0 ARCA."},{"@type":"BreadcrumbList","@id":"https:\/\/radiolifefm.com.br\/noticias\/arca-recebe-uma-picape-vw-saveiro-doada-pela-receita-federal\/#breadcrumb","itemListElement":[{"@type":"ListItem","position":1,"name":"In\u00edcio","item":"https:\/\/radiolifefm.com.br\/noticias\/"},{"@type":"ListItem","position":2,"name":"ARCA recebe uma picape VW Saveiro doada pela Receita Federal"}]},{"@type":"WebSite","@id":"https:\/\/radiolifefm.com.br\/noticias\/#website","url":"https:\/\/radiolifefm.com.br\/noticias\/","name":"R\u00e1dio Life FM","description":"O Portal de Not\u00edcias de Adamantina","publisher":{"@id":"https:\/\/radiolifefm.com.br\/noticias\/#organization"},"alternateName":"Life FM","potentialAction":[{"@type":"SearchAction","target":{"@type":"EntryPoint","urlTemplate":"https:\/\/radiolifefm.com.br\/noticias\/?s={search_term_string}"},"query-input":{"@type":"PropertyValueSpecification","valueRequired":true,"valueName":"search_term_string"}}],"inLanguage":"pt-BR"},{"@type":"Organization","@id":"https:\/\/radiolifefm.com.br\/noticias\/#organization","name":"R\u00e1dio Life FM","alternateName":"Life FM","url":"https:\/\/radiolifefm.com.br\/noticias\/","logo":{"@type":"ImageObject","inLanguage":"pt-BR","@id":"https:\/\/radiolifefm.com.br\/noticias\/#\/schema\/logo\/image\/","url":"https:\/\/static.radiolifefm.com.br\/noticias\/wp-content\/uploads\/2019\/10\/logo-lifefm.png","contentUrl":"https:\/\/static.radiolifefm.com.br\/noticias\/wp-content\/uploads\/2019\/10\/logo-lifefm.png","width":196,"height":47,"caption":"R\u00e1dio Life FM"},"image":{"@id":"https:\/\/radiolifefm.com.br\/noticias\/#\/schema\/logo\/image\/"},"sameAs":["https:\/\/www.facebook.com\/radiolifefm\/","https:\/\/www.instagram.com\/life1079fm\/"]},{"@type":"Person","@id":"https:\/\/radiolifefm.com.br\/noticias\/#\/schema\/person\/6339b9fac59d12b071dec680d7375d87","name":"ritanery","image":{"@type":"ImageObject","inLanguage":"pt-BR","@id":"https:\/\/secure.gravatar.com\/avatar\/0e37bb19071f47c0b8a23f62a903df117c5a0e75f65a0c2901562f97cd41cf86?s=96&d=mm&r=g","url":"https:\/\/secure.gravatar.com\/avatar\/0e37bb19071f47c0b8a23f62a903df117c5a0e75f65a0c2901562f97cd41cf86?s=96&d=mm&r=g","contentUrl":"https:\/\/secure.gravatar.com\/avatar\/0e37bb19071f47c0b8a23f62a903df117c5a0e75f65a0c2901562f97cd41cf86?s=96&d=mm&r=g","caption":"ritanery"}}]}},"amp_enabled":true,"_links":{"self":[{"href":"https:\/\/radiolifefm.com.br\/noticias\/wp-json\/wp\/v2\/posts\/47379","targetHints":{"allow":["GET"]}}],"collection":[{"href":"https:\/\/radiolifefm.com.br\/noticias\/wp-json\/wp\/v2\/posts"}],"about":[{"href":"https:\/\/radiolifefm.com.br\/noticias\/wp-json\/wp\/v2\/types\/post"}],"author":[{"embeddable":true,"href":"https:\/\/radiolifefm.com.br\/noticias\/wp-json\/wp\/v2\/users\/13"}],"replies":[{"embeddable":true,"href":"https:\/\/radiolifefm.com.br\/noticias\/wp-json\/wp\/v2\/comments?post=47379"}],"version-history":[{"count":3,"href":"https:\/\/radiolifefm.com.br\/noticias\/wp-json\/wp\/v2\/posts\/47379\/revisions"}],"predecessor-version":[{"id":47386,"href":"https:\/\/radiolifefm.com.br\/noticias\/wp-json\/wp\/v2\/posts\/47379\/revisions\/47386"}],"wp:featuredmedia":[{"embeddable":true,"href":"https:\/\/radiolifefm.com.br\/noticias\/wp-json\/wp\/v2\/media\/47380"}],"wp:attachment":[{"href":"https:\/\/radiolifefm.com.br\/noticias\/wp-json\/wp\/v2\/media?parent=47379"}],"wp:term":[{"taxonomy":"category","embeddable":true,"href":"https:\/\/radiolifefm.com.br\/noticias\/wp-json\/wp\/v2\/categories?post=47379"},{"taxonomy":"post_tag","embeddable":true,"href":"https:\/\/radiolifefm.com.br\/noticias\/wp-json\/wp\/v2\/tags?post=47379"}],"curies":[{"name":"wp","href":"https:\/\/api.w.org\/{rel}","templated":true}]}}