{"id":47264,"date":"2021-12-20T22:44:35","date_gmt":"2021-12-21T01:44:35","guid":{"rendered":"https:\/\/radiolifefm.com.br\/noticias\/?p=47264"},"modified":"2026-04-07T00:35:34","modified_gmt":"2026-04-07T03:35:34","slug":"amnap-elege-novo-presidente-da-associacao-e-primeiro-presidente-do-consorcio-intermunicipal","status":"publish","type":"post","link":"https:\/\/radiolifefm.com.br\/noticias\/amnap-elege-novo-presidente-da-associacao-e-primeiro-presidente-do-consorcio-intermunicipal\/","title":{"rendered":"AMNAP elege novo presidente da Associa\u00e7\u00e3o e primeiro presidente do Cons\u00f3rcio Intermunicipal"},"content":{"rendered":"<div id=\"fb-root\"><\/div>\n<p style=\"font-weight: 400\">Prefeitos de 19 das 30 cidades da Associa\u00e7\u00e3o dos Munic\u00edpios da Nova Alta Paulista (AMNAP) estiveram reunidos na manh\u00e3 desta segunda-feira (20) para a escolha do novo presidente da institui\u00e7\u00e3o, como tamb\u00e9m do Cons\u00f3rcio Intermunicipal Multifinalit\u00e1rio da Associa\u00e7\u00e3o dos Munic\u00edpios da Nova Alta Paulista (CIM-AMNAP).<\/p>\n<p style=\"font-weight: 400\">O encontro ocorreu no anfiteatro da Biblioteca Municipal de Adamantina, dirigido pelo atual presidente Alexandre Tassoni Antonio, prefeito de Tupi Paulista, que encerra seu mandato dia 31 deste m\u00eas.<\/p>\n<div class='flex flex-wrap items-center -mx-1'>\r\n<a class='thumbnail gallery p-1 w-1\/2 md:w-1\/4' href='https:\/\/radiolifefm.com.br\/noticias\/wp-content\/uploads\/2021\/12\/2689868052896342165140597397999091506498796njpg164003126061c0e41c26475.jpg'><img class='border border-white' src='https:\/\/radiolifefm.com.br\/noticias\/wp-content\/uploads\/2021\/12\/2689868052896342165140597397999091506498796njpg164003126061c0e41c26475-200x200.jpg' alt='2689868052896342165140597397999091506498796njpg164003126061c0e41c26475' \/><\/a><a class='thumbnail gallery p-1 w-1\/2 md:w-1\/4' href='https:\/\/radiolifefm.com.br\/noticias\/wp-content\/uploads\/2021\/12\/2696945632896339465140861399730357548009699njpg164003120861c0e3e812496.jpg'><img class='border border-white' src='https:\/\/radiolifefm.com.br\/noticias\/wp-content\/uploads\/2021\/12\/2696945632896339465140861399730357548009699njpg164003120861c0e3e812496-200x200.jpg' alt='2696945632896339465140861399730357548009699njpg164003120861c0e3e812496' \/><\/a><\/div>\n<p>Para presidir a pr\u00f3xima gest\u00e3o da AMNAP foi eleito o prefeito de Rin\u00f3polis, Jos\u00e9 Ferreira de Oliveira Neto. Para presidir o Cons\u00f3rcio CIM-AMNAP, o prefeito de Tup\u00e3, Caio Aoqui.<\/p>\n<p><img loading=\"lazy\" decoding=\"async\" class=\"alignnone size-full wp-image-47268\" src=\"https:\/\/static.radiolifefm.com.br\/wp-content\/uploads\/sites\/2\/2021\/12\/269692991289634316514049709484511256231172njpg164003102261c0e32e14004.jpg\" alt=\"\" width=\"986\" height=\"555\" srcset=\"https:\/\/radiolifefm.com.br\/noticias\/wp-content\/uploads\/2021\/12\/269692991289634316514049709484511256231172njpg164003102261c0e32e14004.jpg 986w, https:\/\/radiolifefm.com.br\/noticias\/wp-content\/uploads\/2021\/12\/269692991289634316514049709484511256231172njpg164003102261c0e32e14004-300x169.jpg 300w, https:\/\/radiolifefm.com.br\/noticias\/wp-content\/uploads\/2021\/12\/269692991289634316514049709484511256231172njpg164003102261c0e32e14004-768x432.jpg 768w\" sizes=\"auto, (max-width: 986px) 100vw, 986px\" \/><\/p>\n<p>Al\u00e9m das duas elei\u00e7\u00f5es, tamb\u00e9m foi abordado o projeto\u00a0<a href=\"http:\/\/www.amnap.com.br\/Downloads\/Apresenta%C3%A7%C3%A3o_Innovare_-_Comparativo_Regi%C3%B5es.pdf\" target=\"_blank\" rel=\"noopener\"><strong>Alta Paulista do Futuro<\/strong><\/a>, com diagn\u00f3stico e estrat\u00e9gia de desenvolvimento regional, a ser encaminhado ao Governo do Estado de S\u00e3o Paulo, nos mesmos moldes dos projetos Vale do Futuro (regi\u00e3o do Vale do Ribeira) e Pontal 30 (regi\u00e3o do Pontal do Paranapanema).<\/p>\n<p style=\"font-weight: 400\"><b><strong>Cons\u00f3rcio<\/strong><\/b><\/p>\n<p style=\"font-weight: 400\">A expectativa \u00e9 que com a cria\u00e7\u00e3o do Cons\u00f3rcio CIM-AMNAP ser\u00e1 poss\u00edvel fortalecer a capacidade local na solu\u00e7\u00e3o dos problemas comuns entre os munic\u00edpios. Algumas das demandas levantadas para esta mudan\u00e7a s\u00e3o as possibilidades de efetuar compras coletivas, destina\u00e7\u00e3o de res\u00edduos s\u00f3lidos e servi\u00e7os de inspe\u00e7\u00e3o municipal.<br \/>\n<img loading=\"lazy\" decoding=\"async\" class=\"alignnone size-full wp-image-47269\" src=\"https:\/\/static.radiolifefm.com.br\/wp-content\/uploads\/sites\/2\/2021\/12\/amnappng164003113661c0e3a0b4242.png\" alt=\"\" width=\"711\" height=\"395\" srcset=\"https:\/\/radiolifefm.com.br\/noticias\/wp-content\/uploads\/2021\/12\/amnappng164003113661c0e3a0b4242.png 711w, https:\/\/radiolifefm.com.br\/noticias\/wp-content\/uploads\/2021\/12\/amnappng164003113661c0e3a0b4242-300x167.png 300w\" sizes=\"auto, (max-width: 711px) 100vw, 711px\" \/><\/p>\n<p style=\"font-weight: 400\">A nova estrutura possibilita um novo di\u00e1logo regional. As cidades precisam formalizar ades\u00e3o para participar. &#8220;Ao longo dos anos, a AMNAP j\u00e1 beneficiou milhares de moradores da regi\u00e3o trabalhando com empenho no desenvolvimento das cidades contempladas, gerando oportunidades, promovendo melhorias e instaurando novos projetos, como a transforma\u00e7\u00e3o da Associa\u00e7\u00e3o em Cons\u00f3rcio, o que vai trazer ainda mais oportunidades \u00e0s cidades da Nova Alta Paulista. Al\u00e9m disso, agora toda a regi\u00e3o da Amnap foi conhecida pelo governo estadual como microrregi\u00e3o, o que amplia as pol\u00edticas do Estado voltadas para regi\u00e3o&#8221;, destaca o presidente Alexandre Tassoni, em um conte\u00fado produzido pela entidade.<\/p>\n<p style=\"font-weight: 400\">O cons\u00f3rcio ter\u00e1 suas atividades iniciadas em 2022.<\/p>\n<p style=\"font-weight: 400\"><b><strong>AMNAP existe desde 1977<\/strong><\/b><\/p>\n<p style=\"font-weight: 400\">A AMNAP foi fundada no ano de 1977. \u00c9 uma entidade com personalidade jur\u00eddica de direito privado, sem fins lucrativos, independente e apartid\u00e1ria, com o objetivo de fortalecer a autonomia dos munic\u00edpios. \u00c9 composta por 30 munic\u00edpios, na faixa de Hercul\u00e2ndia a Panorama.<\/p>\n<p>Fonte: Siga Mais<\/p>\n","protected":false},"excerpt":{"rendered":"<p>Prefeitos de 19 das 30 cidades da Associa\u00e7\u00e3o dos Munic\u00edpios da Nova Alta Paulista (AMNAP) estiveram reunidos na manh\u00e3 desta segunda-feira (20) para a escolha do novo presidente da institui\u00e7\u00e3o, como tamb\u00e9m do Cons\u00f3rcio Intermunicipal Multifinalit\u00e1rio da Associa\u00e7\u00e3o dos Munic\u00edpios da Nova Alta Paulista (CIM-AMNAP). O encontro ocorreu no anfiteatro da Biblioteca Municipal de Adamantina, [&hellip;]<\/p>\n","protected":false},"author":13,"featured_media":47265,"comment_status":"closed","ping_status":"open","sticky":false,"template":"","format":"standard","meta":{"_acf_changed":false,"_exactmetrics_skip_tracking":false,"_exactmetrics_sitenote_active":false,"_exactmetrics_sitenote_note":"","_exactmetrics_sitenote_category":0,"footnotes":""},"categories":[21],"tags":[],"class_list":["post-47264","post","type-post","status-publish","format-standard","has-post-thumbnail","hentry","category-adamantina"],"acf":[],"yoast_head":"<!-- This site is optimized with the Yoast SEO plugin v27.2 - https:\/\/yoast.com\/product\/yoast-seo-wordpress\/ -->\n<title>AMNAP elege novo presidente da Associa\u00e7\u00e3o e primeiro presidente do Cons\u00f3rcio Intermunicipal - R\u00e1dio Life FM<\/title>\n<meta name=\"robots\" content=\"index, follow, max-snippet:-1, max-image-preview:large, max-video-preview:-1\" \/>\n<link rel=\"canonical\" href=\"https:\/\/radiolifefm.com.br\/noticias\/amnap-elege-novo-presidente-da-associacao-e-primeiro-presidente-do-consorcio-intermunicipal\/\" \/>\n<meta property=\"og:locale\" content=\"pt_BR\" \/>\n<meta property=\"og:type\" content=\"article\" \/>\n<meta property=\"og:title\" content=\"AMNAP elege novo presidente da Associa\u00e7\u00e3o e primeiro presidente do Cons\u00f3rcio Intermunicipal - R\u00e1dio Life FM\" \/>\n<meta property=\"og:description\" content=\"Prefeitos de 19 das 30 cidades da Associa\u00e7\u00e3o dos Munic\u00edpios da Nova Alta Paulista (AMNAP) estiveram reunidos na manh\u00e3 desta segunda-feira (20) para a escolha do novo presidente da institui\u00e7\u00e3o, como tamb\u00e9m do Cons\u00f3rcio Intermunicipal Multifinalit\u00e1rio da Associa\u00e7\u00e3o dos Munic\u00edpios da Nova Alta Paulista (CIM-AMNAP). O encontro ocorreu no anfiteatro da Biblioteca Municipal de Adamantina, [&hellip;]\" \/>\n<meta property=\"og:url\" content=\"https:\/\/radiolifefm.com.br\/noticias\/amnap-elege-novo-presidente-da-associacao-e-primeiro-presidente-do-consorcio-intermunicipal\/\" \/>\n<meta property=\"og:site_name\" content=\"R\u00e1dio Life FM\" \/>\n<meta property=\"article:publisher\" content=\"https:\/\/www.facebook.com\/radiolifefm\/\" \/>\n<meta property=\"article:published_time\" content=\"2021-12-21T01:44:35+00:00\" \/>\n<meta property=\"article:modified_time\" content=\"2026-04-07T03:35:34+00:00\" \/>\n<meta property=\"og:image\" content=\"https:\/\/radiolifefm.com.br\/noticias\/wp-content\/uploads\/2021\/12\/2697597962896334431808034093647347745990306njpg164003119361c0e3d900ada.jpg\" \/>\n\t<meta property=\"og:image:width\" content=\"945\" \/>\n\t<meta property=\"og:image:height\" content=\"532\" \/>\n\t<meta property=\"og:image:type\" content=\"image\/jpeg\" \/>\n<meta name=\"author\" content=\"ritanery\" \/>\n<meta name=\"twitter:card\" content=\"summary_large_image\" \/>\n<meta name=\"twitter:label1\" content=\"Escrito por\" \/>\n\t<meta name=\"twitter:data1\" content=\"ritanery\" \/>\n\t<meta name=\"twitter:label2\" content=\"Est. tempo de leitura\" \/>\n\t<meta name=\"twitter:data2\" content=\"2 minutos\" \/>\n<script type=\"application\/ld+json\" class=\"yoast-schema-graph\">{\"@context\":\"https:\/\/schema.org\",\"@graph\":[{\"@type\":\"Article\",\"@id\":\"https:\/\/radiolifefm.com.br\/noticias\/amnap-elege-novo-presidente-da-associacao-e-primeiro-presidente-do-consorcio-intermunicipal\/#article\",\"isPartOf\":{\"@id\":\"https:\/\/radiolifefm.com.br\/noticias\/amnap-elege-novo-presidente-da-associacao-e-primeiro-presidente-do-consorcio-intermunicipal\/\"},\"author\":{\"name\":\"ritanery\",\"@id\":\"https:\/\/radiolifefm.com.br\/noticias\/#\/schema\/person\/6339b9fac59d12b071dec680d7375d87\"},\"headline\":\"AMNAP elege novo presidente da Associa\u00e7\u00e3o e primeiro presidente do Cons\u00f3rcio Intermunicipal\",\"datePublished\":\"2021-12-21T01:44:35+00:00\",\"dateModified\":\"2026-04-07T03:35:34+00:00\",\"mainEntityOfPage\":{\"@id\":\"https:\/\/radiolifefm.com.br\/noticias\/amnap-elege-novo-presidente-da-associacao-e-primeiro-presidente-do-consorcio-intermunicipal\/\"},\"wordCount\":419,\"publisher\":{\"@id\":\"https:\/\/radiolifefm.com.br\/noticias\/#organization\"},\"image\":{\"@id\":\"https:\/\/radiolifefm.com.br\/noticias\/amnap-elege-novo-presidente-da-associacao-e-primeiro-presidente-do-consorcio-intermunicipal\/#primaryimage\"},\"thumbnailUrl\":\"https:\/\/radiolifefm.com.br\/noticias\/wp-content\/uploads\/2021\/12\/2697597962896334431808034093647347745990306njpg164003119361c0e3d900ada.jpg\",\"articleSection\":[\"Adamantina\"],\"inLanguage\":\"pt-BR\"},{\"@type\":\"WebPage\",\"@id\":\"https:\/\/radiolifefm.com.br\/noticias\/amnap-elege-novo-presidente-da-associacao-e-primeiro-presidente-do-consorcio-intermunicipal\/\",\"url\":\"https:\/\/radiolifefm.com.br\/noticias\/amnap-elege-novo-presidente-da-associacao-e-primeiro-presidente-do-consorcio-intermunicipal\/\",\"name\":\"AMNAP elege novo presidente da Associa\u00e7\u00e3o e primeiro presidente do Cons\u00f3rcio Intermunicipal - R\u00e1dio Life FM\",\"isPartOf\":{\"@id\":\"https:\/\/radiolifefm.com.br\/noticias\/#website\"},\"primaryImageOfPage\":{\"@id\":\"https:\/\/radiolifefm.com.br\/noticias\/amnap-elege-novo-presidente-da-associacao-e-primeiro-presidente-do-consorcio-intermunicipal\/#primaryimage\"},\"image\":{\"@id\":\"https:\/\/radiolifefm.com.br\/noticias\/amnap-elege-novo-presidente-da-associacao-e-primeiro-presidente-do-consorcio-intermunicipal\/#primaryimage\"},\"thumbnailUrl\":\"https:\/\/radiolifefm.com.br\/noticias\/wp-content\/uploads\/2021\/12\/2697597962896334431808034093647347745990306njpg164003119361c0e3d900ada.jpg\",\"datePublished\":\"2021-12-21T01:44:35+00:00\",\"dateModified\":\"2026-04-07T03:35:34+00:00\",\"breadcrumb\":{\"@id\":\"https:\/\/radiolifefm.com.br\/noticias\/amnap-elege-novo-presidente-da-associacao-e-primeiro-presidente-do-consorcio-intermunicipal\/#breadcrumb\"},\"inLanguage\":\"pt-BR\",\"potentialAction\":[{\"@type\":\"ReadAction\",\"target\":[\"https:\/\/radiolifefm.com.br\/noticias\/amnap-elege-novo-presidente-da-associacao-e-primeiro-presidente-do-consorcio-intermunicipal\/\"]}]},{\"@type\":\"ImageObject\",\"inLanguage\":\"pt-BR\",\"@id\":\"https:\/\/radiolifefm.com.br\/noticias\/amnap-elege-novo-presidente-da-associacao-e-primeiro-presidente-do-consorcio-intermunicipal\/#primaryimage\",\"url\":\"https:\/\/radiolifefm.com.br\/noticias\/wp-content\/uploads\/2021\/12\/2697597962896334431808034093647347745990306njpg164003119361c0e3d900ada.jpg\",\"contentUrl\":\"https:\/\/radiolifefm.com.br\/noticias\/wp-content\/uploads\/2021\/12\/2697597962896334431808034093647347745990306njpg164003119361c0e3d900ada.jpg\",\"width\":945,\"height\":532,\"caption\":\"Reuni\u00e3o da Associa\u00e7\u00e3o dos Munic\u00edpios da Nova Alta Paulista (AMNAP) foi nesta segunda-feira (20).\"},{\"@type\":\"BreadcrumbList\",\"@id\":\"https:\/\/radiolifefm.com.br\/noticias\/amnap-elege-novo-presidente-da-associacao-e-primeiro-presidente-do-consorcio-intermunicipal\/#breadcrumb\",\"itemListElement\":[{\"@type\":\"ListItem\",\"position\":1,\"name\":\"In\u00edcio\",\"item\":\"https:\/\/radiolifefm.com.br\/noticias\/\"},{\"@type\":\"ListItem\",\"position\":2,\"name\":\"AMNAP elege novo presidente da Associa\u00e7\u00e3o e primeiro presidente do Cons\u00f3rcio Intermunicipal\"}]},{\"@type\":\"WebSite\",\"@id\":\"https:\/\/radiolifefm.com.br\/noticias\/#website\",\"url\":\"https:\/\/radiolifefm.com.br\/noticias\/\",\"name\":\"R\u00e1dio Life FM\",\"description\":\"O Portal de Not\u00edcias de Adamantina\",\"publisher\":{\"@id\":\"https:\/\/radiolifefm.com.br\/noticias\/#organization\"},\"alternateName\":\"Life FM\",\"potentialAction\":[{\"@type\":\"SearchAction\",\"target\":{\"@type\":\"EntryPoint\",\"urlTemplate\":\"https:\/\/radiolifefm.com.br\/noticias\/?s={search_term_string}\"},\"query-input\":{\"@type\":\"PropertyValueSpecification\",\"valueRequired\":true,\"valueName\":\"search_term_string\"}}],\"inLanguage\":\"pt-BR\"},{\"@type\":\"Organization\",\"@id\":\"https:\/\/radiolifefm.com.br\/noticias\/#organization\",\"name\":\"R\u00e1dio Life FM\",\"alternateName\":\"Life FM\",\"url\":\"https:\/\/radiolifefm.com.br\/noticias\/\",\"logo\":{\"@type\":\"ImageObject\",\"inLanguage\":\"pt-BR\",\"@id\":\"https:\/\/radiolifefm.com.br\/noticias\/#\/schema\/logo\/image\/\",\"url\":\"https:\/\/static.radiolifefm.com.br\/noticias\/wp-content\/uploads\/2019\/10\/logo-lifefm.png\",\"contentUrl\":\"https:\/\/static.radiolifefm.com.br\/noticias\/wp-content\/uploads\/2019\/10\/logo-lifefm.png\",\"width\":196,\"height\":47,\"caption\":\"R\u00e1dio Life FM\"},\"image\":{\"@id\":\"https:\/\/radiolifefm.com.br\/noticias\/#\/schema\/logo\/image\/\"},\"sameAs\":[\"https:\/\/www.facebook.com\/radiolifefm\/\",\"https:\/\/www.instagram.com\/life1079fm\/\"]},{\"@type\":\"Person\",\"@id\":\"https:\/\/radiolifefm.com.br\/noticias\/#\/schema\/person\/6339b9fac59d12b071dec680d7375d87\",\"name\":\"ritanery\",\"image\":{\"@type\":\"ImageObject\",\"inLanguage\":\"pt-BR\",\"@id\":\"https:\/\/secure.gravatar.com\/avatar\/0e37bb19071f47c0b8a23f62a903df117c5a0e75f65a0c2901562f97cd41cf86?s=96&d=mm&r=g\",\"url\":\"https:\/\/secure.gravatar.com\/avatar\/0e37bb19071f47c0b8a23f62a903df117c5a0e75f65a0c2901562f97cd41cf86?s=96&d=mm&r=g\",\"contentUrl\":\"https:\/\/secure.gravatar.com\/avatar\/0e37bb19071f47c0b8a23f62a903df117c5a0e75f65a0c2901562f97cd41cf86?s=96&d=mm&r=g\",\"caption\":\"ritanery\"}}]}<\/script>\n<!-- \/ Yoast SEO plugin. -->","yoast_head_json":{"title":"AMNAP elege novo presidente da Associa\u00e7\u00e3o e primeiro presidente do Cons\u00f3rcio Intermunicipal - R\u00e1dio Life FM","robots":{"index":"index","follow":"follow","max-snippet":"max-snippet:-1","max-image-preview":"max-image-preview:large","max-video-preview":"max-video-preview:-1"},"canonical":"https:\/\/radiolifefm.com.br\/noticias\/amnap-elege-novo-presidente-da-associacao-e-primeiro-presidente-do-consorcio-intermunicipal\/","og_locale":"pt_BR","og_type":"article","og_title":"AMNAP elege novo presidente da Associa\u00e7\u00e3o e primeiro presidente do Cons\u00f3rcio Intermunicipal - R\u00e1dio Life FM","og_description":"Prefeitos de 19 das 30 cidades da Associa\u00e7\u00e3o dos Munic\u00edpios da Nova Alta Paulista (AMNAP) estiveram reunidos na manh\u00e3 desta segunda-feira (20) para a escolha do novo presidente da institui\u00e7\u00e3o, como tamb\u00e9m do Cons\u00f3rcio Intermunicipal Multifinalit\u00e1rio da Associa\u00e7\u00e3o dos Munic\u00edpios da Nova Alta Paulista (CIM-AMNAP). O encontro ocorreu no anfiteatro da Biblioteca Municipal de Adamantina, [&hellip;]","og_url":"https:\/\/radiolifefm.com.br\/noticias\/amnap-elege-novo-presidente-da-associacao-e-primeiro-presidente-do-consorcio-intermunicipal\/","og_site_name":"R\u00e1dio Life FM","article_publisher":"https:\/\/www.facebook.com\/radiolifefm\/","article_published_time":"2021-12-21T01:44:35+00:00","article_modified_time":"2026-04-07T03:35:34+00:00","og_image":[{"width":945,"height":532,"url":"https:\/\/radiolifefm.com.br\/noticias\/wp-content\/uploads\/2021\/12\/2697597962896334431808034093647347745990306njpg164003119361c0e3d900ada.jpg","type":"image\/jpeg"}],"author":"ritanery","twitter_card":"summary_large_image","twitter_misc":{"Escrito por":"ritanery","Est. tempo de leitura":"2 minutos"},"schema":{"@context":"https:\/\/schema.org","@graph":[{"@type":"Article","@id":"https:\/\/radiolifefm.com.br\/noticias\/amnap-elege-novo-presidente-da-associacao-e-primeiro-presidente-do-consorcio-intermunicipal\/#article","isPartOf":{"@id":"https:\/\/radiolifefm.com.br\/noticias\/amnap-elege-novo-presidente-da-associacao-e-primeiro-presidente-do-consorcio-intermunicipal\/"},"author":{"name":"ritanery","@id":"https:\/\/radiolifefm.com.br\/noticias\/#\/schema\/person\/6339b9fac59d12b071dec680d7375d87"},"headline":"AMNAP elege novo presidente da Associa\u00e7\u00e3o e primeiro presidente do Cons\u00f3rcio Intermunicipal","datePublished":"2021-12-21T01:44:35+00:00","dateModified":"2026-04-07T03:35:34+00:00","mainEntityOfPage":{"@id":"https:\/\/radiolifefm.com.br\/noticias\/amnap-elege-novo-presidente-da-associacao-e-primeiro-presidente-do-consorcio-intermunicipal\/"},"wordCount":419,"publisher":{"@id":"https:\/\/radiolifefm.com.br\/noticias\/#organization"},"image":{"@id":"https:\/\/radiolifefm.com.br\/noticias\/amnap-elege-novo-presidente-da-associacao-e-primeiro-presidente-do-consorcio-intermunicipal\/#primaryimage"},"thumbnailUrl":"https:\/\/radiolifefm.com.br\/noticias\/wp-content\/uploads\/2021\/12\/2697597962896334431808034093647347745990306njpg164003119361c0e3d900ada.jpg","articleSection":["Adamantina"],"inLanguage":"pt-BR"},{"@type":"WebPage","@id":"https:\/\/radiolifefm.com.br\/noticias\/amnap-elege-novo-presidente-da-associacao-e-primeiro-presidente-do-consorcio-intermunicipal\/","url":"https:\/\/radiolifefm.com.br\/noticias\/amnap-elege-novo-presidente-da-associacao-e-primeiro-presidente-do-consorcio-intermunicipal\/","name":"AMNAP elege novo presidente da Associa\u00e7\u00e3o e primeiro presidente do Cons\u00f3rcio Intermunicipal - R\u00e1dio Life FM","isPartOf":{"@id":"https:\/\/radiolifefm.com.br\/noticias\/#website"},"primaryImageOfPage":{"@id":"https:\/\/radiolifefm.com.br\/noticias\/amnap-elege-novo-presidente-da-associacao-e-primeiro-presidente-do-consorcio-intermunicipal\/#primaryimage"},"image":{"@id":"https:\/\/radiolifefm.com.br\/noticias\/amnap-elege-novo-presidente-da-associacao-e-primeiro-presidente-do-consorcio-intermunicipal\/#primaryimage"},"thumbnailUrl":"https:\/\/radiolifefm.com.br\/noticias\/wp-content\/uploads\/2021\/12\/2697597962896334431808034093647347745990306njpg164003119361c0e3d900ada.jpg","datePublished":"2021-12-21T01:44:35+00:00","dateModified":"2026-04-07T03:35:34+00:00","breadcrumb":{"@id":"https:\/\/radiolifefm.com.br\/noticias\/amnap-elege-novo-presidente-da-associacao-e-primeiro-presidente-do-consorcio-intermunicipal\/#breadcrumb"},"inLanguage":"pt-BR","potentialAction":[{"@type":"ReadAction","target":["https:\/\/radiolifefm.com.br\/noticias\/amnap-elege-novo-presidente-da-associacao-e-primeiro-presidente-do-consorcio-intermunicipal\/"]}]},{"@type":"ImageObject","inLanguage":"pt-BR","@id":"https:\/\/radiolifefm.com.br\/noticias\/amnap-elege-novo-presidente-da-associacao-e-primeiro-presidente-do-consorcio-intermunicipal\/#primaryimage","url":"https:\/\/radiolifefm.com.br\/noticias\/wp-content\/uploads\/2021\/12\/2697597962896334431808034093647347745990306njpg164003119361c0e3d900ada.jpg","contentUrl":"https:\/\/radiolifefm.com.br\/noticias\/wp-content\/uploads\/2021\/12\/2697597962896334431808034093647347745990306njpg164003119361c0e3d900ada.jpg","width":945,"height":532,"caption":"Reuni\u00e3o da Associa\u00e7\u00e3o dos Munic\u00edpios da Nova Alta Paulista (AMNAP) foi nesta segunda-feira (20)."},{"@type":"BreadcrumbList","@id":"https:\/\/radiolifefm.com.br\/noticias\/amnap-elege-novo-presidente-da-associacao-e-primeiro-presidente-do-consorcio-intermunicipal\/#breadcrumb","itemListElement":[{"@type":"ListItem","position":1,"name":"In\u00edcio","item":"https:\/\/radiolifefm.com.br\/noticias\/"},{"@type":"ListItem","position":2,"name":"AMNAP elege novo presidente da Associa\u00e7\u00e3o e primeiro presidente do Cons\u00f3rcio Intermunicipal"}]},{"@type":"WebSite","@id":"https:\/\/radiolifefm.com.br\/noticias\/#website","url":"https:\/\/radiolifefm.com.br\/noticias\/","name":"R\u00e1dio Life FM","description":"O Portal de Not\u00edcias de Adamantina","publisher":{"@id":"https:\/\/radiolifefm.com.br\/noticias\/#organization"},"alternateName":"Life FM","potentialAction":[{"@type":"SearchAction","target":{"@type":"EntryPoint","urlTemplate":"https:\/\/radiolifefm.com.br\/noticias\/?s={search_term_string}"},"query-input":{"@type":"PropertyValueSpecification","valueRequired":true,"valueName":"search_term_string"}}],"inLanguage":"pt-BR"},{"@type":"Organization","@id":"https:\/\/radiolifefm.com.br\/noticias\/#organization","name":"R\u00e1dio Life FM","alternateName":"Life FM","url":"https:\/\/radiolifefm.com.br\/noticias\/","logo":{"@type":"ImageObject","inLanguage":"pt-BR","@id":"https:\/\/radiolifefm.com.br\/noticias\/#\/schema\/logo\/image\/","url":"https:\/\/static.radiolifefm.com.br\/noticias\/wp-content\/uploads\/2019\/10\/logo-lifefm.png","contentUrl":"https:\/\/static.radiolifefm.com.br\/noticias\/wp-content\/uploads\/2019\/10\/logo-lifefm.png","width":196,"height":47,"caption":"R\u00e1dio Life FM"},"image":{"@id":"https:\/\/radiolifefm.com.br\/noticias\/#\/schema\/logo\/image\/"},"sameAs":["https:\/\/www.facebook.com\/radiolifefm\/","https:\/\/www.instagram.com\/life1079fm\/"]},{"@type":"Person","@id":"https:\/\/radiolifefm.com.br\/noticias\/#\/schema\/person\/6339b9fac59d12b071dec680d7375d87","name":"ritanery","image":{"@type":"ImageObject","inLanguage":"pt-BR","@id":"https:\/\/secure.gravatar.com\/avatar\/0e37bb19071f47c0b8a23f62a903df117c5a0e75f65a0c2901562f97cd41cf86?s=96&d=mm&r=g","url":"https:\/\/secure.gravatar.com\/avatar\/0e37bb19071f47c0b8a23f62a903df117c5a0e75f65a0c2901562f97cd41cf86?s=96&d=mm&r=g","contentUrl":"https:\/\/secure.gravatar.com\/avatar\/0e37bb19071f47c0b8a23f62a903df117c5a0e75f65a0c2901562f97cd41cf86?s=96&d=mm&r=g","caption":"ritanery"}}]}},"amp_enabled":true,"_links":{"self":[{"href":"https:\/\/radiolifefm.com.br\/noticias\/wp-json\/wp\/v2\/posts\/47264","targetHints":{"allow":["GET"]}}],"collection":[{"href":"https:\/\/radiolifefm.com.br\/noticias\/wp-json\/wp\/v2\/posts"}],"about":[{"href":"https:\/\/radiolifefm.com.br\/noticias\/wp-json\/wp\/v2\/types\/post"}],"author":[{"embeddable":true,"href":"https:\/\/radiolifefm.com.br\/noticias\/wp-json\/wp\/v2\/users\/13"}],"replies":[{"embeddable":true,"href":"https:\/\/radiolifefm.com.br\/noticias\/wp-json\/wp\/v2\/comments?post=47264"}],"version-history":[{"count":4,"href":"https:\/\/radiolifefm.com.br\/noticias\/wp-json\/wp\/v2\/posts\/47264\/revisions"}],"predecessor-version":[{"id":47273,"href":"https:\/\/radiolifefm.com.br\/noticias\/wp-json\/wp\/v2\/posts\/47264\/revisions\/47273"}],"wp:featuredmedia":[{"embeddable":true,"href":"https:\/\/radiolifefm.com.br\/noticias\/wp-json\/wp\/v2\/media\/47265"}],"wp:attachment":[{"href":"https:\/\/radiolifefm.com.br\/noticias\/wp-json\/wp\/v2\/media?parent=47264"}],"wp:term":[{"taxonomy":"category","embeddable":true,"href":"https:\/\/radiolifefm.com.br\/noticias\/wp-json\/wp\/v2\/categories?post=47264"},{"taxonomy":"post_tag","embeddable":true,"href":"https:\/\/radiolifefm.com.br\/noticias\/wp-json\/wp\/v2\/tags?post=47264"}],"curies":[{"name":"wp","href":"https:\/\/api.w.org\/{rel}","templated":true}]}}