{"id":47245,"date":"2021-12-20T22:12:03","date_gmt":"2021-12-21T01:12:03","guid":{"rendered":"https:\/\/radiolifefm.com.br\/noticias\/?p=47245"},"modified":"2025-10-07T11:32:45","modified_gmt":"2025-10-07T14:32:45","slug":"em-premiacao-do-programa-municipio-verdeazul-adamantinense-ganha-premio-de-ambientalista-regional","status":"publish","type":"post","link":"https:\/\/radiolifefm.com.br\/noticias\/em-premiacao-do-programa-municipio-verdeazul-adamantinense-ganha-premio-de-ambientalista-regional\/","title":{"rendered":"Em premia\u00e7\u00e3o do Programa Munic\u00edpio VerdeAzul, adamantinense ganha pr\u00eamio de Ambientalista Regional"},"content":{"rendered":"<div id=\"fb-root\"><\/div>\n<p style=\"font-weight: 400\">Em S\u00e3o Jos\u00e9 do Rio Preto, o Programa Munic\u00edpio VerdeAzul realizou uma cerim\u00f4nia com o objetivo de premiar a equipe articulada, interlocutor articulado, e ambientalista regional. A premia\u00e7\u00e3o foi dividida por bacia hidrogr\u00e1fica.<\/p>\n<p>Adamantina pertence a bacia hidrogr\u00e1fica Aguape\u00ed\/Peixe e dela foi premiado como Ambientalista Regional, o adamantinense e pesquisador cient\u00edfico da APTA Regional Denilson Burkert. A escolha de Burkert se deu por meio do voto dos interlocutores integrantes da Bacia Aguape\u00ed\/Peixe.<\/p>\n<p>O Pr\u00eamio Ambientalista Regional \u00e9 uma premia\u00e7\u00e3o entregue a uma pessoa que se dedica \u00e0 preserva\u00e7\u00e3o e conserva\u00e7\u00e3o do meio ambiente, sendo parceiro das secretarias de meio ambiente na implementa\u00e7\u00e3o da Agenda Ambiental. O pr\u00eamio vem com intuito de reconhecer e valorizar a pessoa que mais colaborou com o munic\u00edpio ou regi\u00e3o.<\/p>\n<p>O evento contou com a presen\u00e7a do secret\u00e1rio de Infraestrutura e Meio Ambiente do Estado de S\u00e3o Paulo Marcos Penido, o secret\u00e1rio municipal de Agricultura Abastecimento e Meio Ambiente (SAAMA) Thiago Ribeiro Benet\u00e3o e a interlocutora do programa em Adamantina, Nadine Carolina Bento Silva.<\/p>\n<p>&nbsp;<\/p>\n<p><strong>Hist\u00f3rico de Denilson Burkert<\/strong><\/p>\n<p>Graduado em Oceanologia pela Universidade Federal do Rio Grande (2000). Mestre em Ci\u00eancia Animal pela Universidade Estadual do Norte Fluminense Darcy Ribeiro (2002) e doutorado em Ci\u00eancia Animal pela Universidade Estadual do Norte Fluminense Darcy Ribeiro (2007).<\/p>\n<p>Atualmente, \u00e9 pesquisador cient\u00edfico da Ag\u00eancia Paulista de Tecnologia dos Agroneg\u00f3cios \u2013 APTA, desenvolvendo suas atividades no Polo Regional Alta Paulista. Tem experi\u00eancia na \u00e1rea de piscicultura realizando pesquisas sobre a influ\u00eancia de fatores ambientais no desenvolvimento de peixes, aspectos da reprodu\u00e7\u00e3o de peixes, cria\u00e7\u00e3o de peixes em tanques-rede e o aproveitamento de partes comest\u00edveis de peixes.<\/p>\n<p>Vem tamb\u00e9m colaborando na realiza\u00e7\u00e3o de pesquisas voltadas ao uso dos recursos h\u00eddricos na regi\u00e3o da Alta Paulista, fez parte do conselho municipal de meio ambiente de Adamantina, foi representante da APTA Regional no comit\u00ea das bacias hidrogr\u00e1ficas dos rios Aguape\u00ed e Peixe e atualmente participa do Grupo de Pesquisa em Gest\u00e3o e Educa\u00e7\u00e3o Ambiental sediado na Unesp de Tup\u00e3.<\/p>\n<p>Fonte: Assessoria de Imprensa<\/p>\n","protected":false},"excerpt":{"rendered":"<p>Em S\u00e3o Jos\u00e9 do Rio Preto, o Programa Munic\u00edpio VerdeAzul realizou uma cerim\u00f4nia com o objetivo de premiar a equipe articulada, interlocutor articulado, e ambientalista regional. A premia\u00e7\u00e3o foi dividida por bacia hidrogr\u00e1fica. Adamantina pertence a bacia hidrogr\u00e1fica Aguape\u00ed\/Peixe e dela foi premiado como Ambientalista Regional, o adamantinense e pesquisador cient\u00edfico da APTA Regional Denilson [&hellip;]<\/p>\n","protected":false},"author":13,"featured_media":47246,"comment_status":"closed","ping_status":"open","sticky":false,"template":"","format":"standard","meta":{"_acf_changed":false,"_exactmetrics_skip_tracking":false,"_exactmetrics_sitenote_active":false,"_exactmetrics_sitenote_note":"","_exactmetrics_sitenote_category":0,"footnotes":""},"categories":[21],"tags":[],"class_list":["post-47245","post","type-post","status-publish","format-standard","has-post-thumbnail","hentry","category-adamantina"],"acf":[],"yoast_head":"<!-- This site is optimized with the Yoast SEO plugin v27.2 - https:\/\/yoast.com\/product\/yoast-seo-wordpress\/ -->\n<title>Em premia\u00e7\u00e3o do Programa Munic\u00edpio VerdeAzul, adamantinense ganha pr\u00eamio de Ambientalista Regional - R\u00e1dio Life FM<\/title>\n<meta name=\"robots\" content=\"index, follow, max-snippet:-1, max-image-preview:large, max-video-preview:-1\" \/>\n<link rel=\"canonical\" href=\"https:\/\/radiolifefm.com.br\/noticias\/em-premiacao-do-programa-municipio-verdeazul-adamantinense-ganha-premio-de-ambientalista-regional\/\" \/>\n<meta property=\"og:locale\" content=\"pt_BR\" \/>\n<meta property=\"og:type\" content=\"article\" \/>\n<meta property=\"og:title\" content=\"Em premia\u00e7\u00e3o do Programa Munic\u00edpio VerdeAzul, adamantinense ganha pr\u00eamio de Ambientalista Regional - R\u00e1dio Life FM\" \/>\n<meta property=\"og:description\" content=\"Em S\u00e3o Jos\u00e9 do Rio Preto, o Programa Munic\u00edpio VerdeAzul realizou uma cerim\u00f4nia com o objetivo de premiar a equipe articulada, interlocutor articulado, e ambientalista regional. A premia\u00e7\u00e3o foi dividida por bacia hidrogr\u00e1fica. Adamantina pertence a bacia hidrogr\u00e1fica Aguape\u00ed\/Peixe e dela foi premiado como Ambientalista Regional, o adamantinense e pesquisador cient\u00edfico da APTA Regional Denilson [&hellip;]\" \/>\n<meta property=\"og:url\" content=\"https:\/\/radiolifefm.com.br\/noticias\/em-premiacao-do-programa-municipio-verdeazul-adamantinense-ganha-premio-de-ambientalista-regional\/\" \/>\n<meta property=\"og:site_name\" content=\"R\u00e1dio Life FM\" \/>\n<meta property=\"article:publisher\" content=\"https:\/\/www.facebook.com\/radiolifefm\/\" \/>\n<meta property=\"article:published_time\" content=\"2021-12-21T01:12:03+00:00\" \/>\n<meta property=\"article:modified_time\" content=\"2025-10-07T14:32:45+00:00\" \/>\n<meta property=\"og:image\" content=\"https:\/\/static.radiolifefm.com.br\/noticias\/wp-content\/uploads\/2021\/12\/foto-6.jpeg\" \/>\n\t<meta property=\"og:image:width\" content=\"1224\" \/>\n\t<meta property=\"og:image:height\" content=\"723\" \/>\n\t<meta property=\"og:image:type\" content=\"image\/jpeg\" \/>\n<meta name=\"author\" content=\"ritanery\" \/>\n<meta name=\"twitter:card\" content=\"summary_large_image\" \/>\n<meta name=\"twitter:label1\" content=\"Escrito por\" \/>\n\t<meta name=\"twitter:data1\" content=\"ritanery\" \/>\n\t<meta name=\"twitter:label2\" content=\"Est. tempo de leitura\" \/>\n\t<meta name=\"twitter:data2\" content=\"2 minutos\" \/>\n<script type=\"application\/ld+json\" class=\"yoast-schema-graph\">{\"@context\":\"https:\/\/schema.org\",\"@graph\":[{\"@type\":\"Article\",\"@id\":\"https:\/\/radiolifefm.com.br\/noticias\/em-premiacao-do-programa-municipio-verdeazul-adamantinense-ganha-premio-de-ambientalista-regional\/#article\",\"isPartOf\":{\"@id\":\"https:\/\/radiolifefm.com.br\/noticias\/em-premiacao-do-programa-municipio-verdeazul-adamantinense-ganha-premio-de-ambientalista-regional\/\"},\"author\":{\"name\":\"ritanery\",\"@id\":\"https:\/\/radiolifefm.com.br\/noticias\/#\/schema\/person\/6339b9fac59d12b071dec680d7375d87\"},\"headline\":\"Em premia\u00e7\u00e3o do Programa Munic\u00edpio VerdeAzul, adamantinense ganha pr\u00eamio de Ambientalista Regional\",\"datePublished\":\"2021-12-21T01:12:03+00:00\",\"dateModified\":\"2025-10-07T14:32:45+00:00\",\"mainEntityOfPage\":{\"@id\":\"https:\/\/radiolifefm.com.br\/noticias\/em-premiacao-do-programa-municipio-verdeazul-adamantinense-ganha-premio-de-ambientalista-regional\/\"},\"wordCount\":379,\"publisher\":{\"@id\":\"https:\/\/radiolifefm.com.br\/noticias\/#organization\"},\"image\":{\"@id\":\"https:\/\/radiolifefm.com.br\/noticias\/em-premiacao-do-programa-municipio-verdeazul-adamantinense-ganha-premio-de-ambientalista-regional\/#primaryimage\"},\"thumbnailUrl\":\"https:\/\/radiolifefm.com.br\/noticias\/wp-content\/uploads\/2021\/12\/foto-6.jpeg\",\"articleSection\":[\"Adamantina\"],\"inLanguage\":\"pt-BR\"},{\"@type\":\"WebPage\",\"@id\":\"https:\/\/radiolifefm.com.br\/noticias\/em-premiacao-do-programa-municipio-verdeazul-adamantinense-ganha-premio-de-ambientalista-regional\/\",\"url\":\"https:\/\/radiolifefm.com.br\/noticias\/em-premiacao-do-programa-municipio-verdeazul-adamantinense-ganha-premio-de-ambientalista-regional\/\",\"name\":\"Em premia\u00e7\u00e3o do Programa Munic\u00edpio VerdeAzul, adamantinense ganha pr\u00eamio de Ambientalista Regional - R\u00e1dio Life FM\",\"isPartOf\":{\"@id\":\"https:\/\/radiolifefm.com.br\/noticias\/#website\"},\"primaryImageOfPage\":{\"@id\":\"https:\/\/radiolifefm.com.br\/noticias\/em-premiacao-do-programa-municipio-verdeazul-adamantinense-ganha-premio-de-ambientalista-regional\/#primaryimage\"},\"image\":{\"@id\":\"https:\/\/radiolifefm.com.br\/noticias\/em-premiacao-do-programa-municipio-verdeazul-adamantinense-ganha-premio-de-ambientalista-regional\/#primaryimage\"},\"thumbnailUrl\":\"https:\/\/radiolifefm.com.br\/noticias\/wp-content\/uploads\/2021\/12\/foto-6.jpeg\",\"datePublished\":\"2021-12-21T01:12:03+00:00\",\"dateModified\":\"2025-10-07T14:32:45+00:00\",\"breadcrumb\":{\"@id\":\"https:\/\/radiolifefm.com.br\/noticias\/em-premiacao-do-programa-municipio-verdeazul-adamantinense-ganha-premio-de-ambientalista-regional\/#breadcrumb\"},\"inLanguage\":\"pt-BR\",\"potentialAction\":[{\"@type\":\"ReadAction\",\"target\":[\"https:\/\/radiolifefm.com.br\/noticias\/em-premiacao-do-programa-municipio-verdeazul-adamantinense-ganha-premio-de-ambientalista-regional\/\"]}]},{\"@type\":\"ImageObject\",\"inLanguage\":\"pt-BR\",\"@id\":\"https:\/\/radiolifefm.com.br\/noticias\/em-premiacao-do-programa-municipio-verdeazul-adamantinense-ganha-premio-de-ambientalista-regional\/#primaryimage\",\"url\":\"https:\/\/radiolifefm.com.br\/noticias\/wp-content\/uploads\/2021\/12\/foto-6.jpeg\",\"contentUrl\":\"https:\/\/radiolifefm.com.br\/noticias\/wp-content\/uploads\/2021\/12\/foto-6.jpeg\",\"width\":1224,\"height\":723},{\"@type\":\"BreadcrumbList\",\"@id\":\"https:\/\/radiolifefm.com.br\/noticias\/em-premiacao-do-programa-municipio-verdeazul-adamantinense-ganha-premio-de-ambientalista-regional\/#breadcrumb\",\"itemListElement\":[{\"@type\":\"ListItem\",\"position\":1,\"name\":\"In\u00edcio\",\"item\":\"https:\/\/radiolifefm.com.br\/noticias\/\"},{\"@type\":\"ListItem\",\"position\":2,\"name\":\"Em premia\u00e7\u00e3o do Programa Munic\u00edpio VerdeAzul, adamantinense ganha pr\u00eamio de Ambientalista Regional\"}]},{\"@type\":\"WebSite\",\"@id\":\"https:\/\/radiolifefm.com.br\/noticias\/#website\",\"url\":\"https:\/\/radiolifefm.com.br\/noticias\/\",\"name\":\"R\u00e1dio Life FM\",\"description\":\"O Portal de Not\u00edcias de Adamantina\",\"publisher\":{\"@id\":\"https:\/\/radiolifefm.com.br\/noticias\/#organization\"},\"alternateName\":\"Life FM\",\"potentialAction\":[{\"@type\":\"SearchAction\",\"target\":{\"@type\":\"EntryPoint\",\"urlTemplate\":\"https:\/\/radiolifefm.com.br\/noticias\/?s={search_term_string}\"},\"query-input\":{\"@type\":\"PropertyValueSpecification\",\"valueRequired\":true,\"valueName\":\"search_term_string\"}}],\"inLanguage\":\"pt-BR\"},{\"@type\":\"Organization\",\"@id\":\"https:\/\/radiolifefm.com.br\/noticias\/#organization\",\"name\":\"R\u00e1dio Life FM\",\"alternateName\":\"Life FM\",\"url\":\"https:\/\/radiolifefm.com.br\/noticias\/\",\"logo\":{\"@type\":\"ImageObject\",\"inLanguage\":\"pt-BR\",\"@id\":\"https:\/\/radiolifefm.com.br\/noticias\/#\/schema\/logo\/image\/\",\"url\":\"https:\/\/static.radiolifefm.com.br\/noticias\/wp-content\/uploads\/2019\/10\/logo-lifefm.png\",\"contentUrl\":\"https:\/\/static.radiolifefm.com.br\/noticias\/wp-content\/uploads\/2019\/10\/logo-lifefm.png\",\"width\":196,\"height\":47,\"caption\":\"R\u00e1dio Life FM\"},\"image\":{\"@id\":\"https:\/\/radiolifefm.com.br\/noticias\/#\/schema\/logo\/image\/\"},\"sameAs\":[\"https:\/\/www.facebook.com\/radiolifefm\/\",\"https:\/\/www.instagram.com\/life1079fm\/\"]},{\"@type\":\"Person\",\"@id\":\"https:\/\/radiolifefm.com.br\/noticias\/#\/schema\/person\/6339b9fac59d12b071dec680d7375d87\",\"name\":\"ritanery\",\"image\":{\"@type\":\"ImageObject\",\"inLanguage\":\"pt-BR\",\"@id\":\"https:\/\/secure.gravatar.com\/avatar\/0e37bb19071f47c0b8a23f62a903df117c5a0e75f65a0c2901562f97cd41cf86?s=96&d=mm&r=g\",\"url\":\"https:\/\/secure.gravatar.com\/avatar\/0e37bb19071f47c0b8a23f62a903df117c5a0e75f65a0c2901562f97cd41cf86?s=96&d=mm&r=g\",\"contentUrl\":\"https:\/\/secure.gravatar.com\/avatar\/0e37bb19071f47c0b8a23f62a903df117c5a0e75f65a0c2901562f97cd41cf86?s=96&d=mm&r=g\",\"caption\":\"ritanery\"}}]}<\/script>\n<!-- \/ Yoast SEO plugin. -->","yoast_head_json":{"title":"Em premia\u00e7\u00e3o do Programa Munic\u00edpio VerdeAzul, adamantinense ganha pr\u00eamio de Ambientalista Regional - R\u00e1dio Life FM","robots":{"index":"index","follow":"follow","max-snippet":"max-snippet:-1","max-image-preview":"max-image-preview:large","max-video-preview":"max-video-preview:-1"},"canonical":"https:\/\/radiolifefm.com.br\/noticias\/em-premiacao-do-programa-municipio-verdeazul-adamantinense-ganha-premio-de-ambientalista-regional\/","og_locale":"pt_BR","og_type":"article","og_title":"Em premia\u00e7\u00e3o do Programa Munic\u00edpio VerdeAzul, adamantinense ganha pr\u00eamio de Ambientalista Regional - R\u00e1dio Life FM","og_description":"Em S\u00e3o Jos\u00e9 do Rio Preto, o Programa Munic\u00edpio VerdeAzul realizou uma cerim\u00f4nia com o objetivo de premiar a equipe articulada, interlocutor articulado, e ambientalista regional. A premia\u00e7\u00e3o foi dividida por bacia hidrogr\u00e1fica. Adamantina pertence a bacia hidrogr\u00e1fica Aguape\u00ed\/Peixe e dela foi premiado como Ambientalista Regional, o adamantinense e pesquisador cient\u00edfico da APTA Regional Denilson [&hellip;]","og_url":"https:\/\/radiolifefm.com.br\/noticias\/em-premiacao-do-programa-municipio-verdeazul-adamantinense-ganha-premio-de-ambientalista-regional\/","og_site_name":"R\u00e1dio Life FM","article_publisher":"https:\/\/www.facebook.com\/radiolifefm\/","article_published_time":"2021-12-21T01:12:03+00:00","article_modified_time":"2025-10-07T14:32:45+00:00","og_image":[{"width":1224,"height":723,"url":"https:\/\/static.radiolifefm.com.br\/noticias\/wp-content\/uploads\/2021\/12\/foto-6.jpeg","type":"image\/jpeg"}],"author":"ritanery","twitter_card":"summary_large_image","twitter_misc":{"Escrito por":"ritanery","Est. tempo de leitura":"2 minutos"},"schema":{"@context":"https:\/\/schema.org","@graph":[{"@type":"Article","@id":"https:\/\/radiolifefm.com.br\/noticias\/em-premiacao-do-programa-municipio-verdeazul-adamantinense-ganha-premio-de-ambientalista-regional\/#article","isPartOf":{"@id":"https:\/\/radiolifefm.com.br\/noticias\/em-premiacao-do-programa-municipio-verdeazul-adamantinense-ganha-premio-de-ambientalista-regional\/"},"author":{"name":"ritanery","@id":"https:\/\/radiolifefm.com.br\/noticias\/#\/schema\/person\/6339b9fac59d12b071dec680d7375d87"},"headline":"Em premia\u00e7\u00e3o do Programa Munic\u00edpio VerdeAzul, adamantinense ganha pr\u00eamio de Ambientalista Regional","datePublished":"2021-12-21T01:12:03+00:00","dateModified":"2025-10-07T14:32:45+00:00","mainEntityOfPage":{"@id":"https:\/\/radiolifefm.com.br\/noticias\/em-premiacao-do-programa-municipio-verdeazul-adamantinense-ganha-premio-de-ambientalista-regional\/"},"wordCount":379,"publisher":{"@id":"https:\/\/radiolifefm.com.br\/noticias\/#organization"},"image":{"@id":"https:\/\/radiolifefm.com.br\/noticias\/em-premiacao-do-programa-municipio-verdeazul-adamantinense-ganha-premio-de-ambientalista-regional\/#primaryimage"},"thumbnailUrl":"https:\/\/radiolifefm.com.br\/noticias\/wp-content\/uploads\/2021\/12\/foto-6.jpeg","articleSection":["Adamantina"],"inLanguage":"pt-BR"},{"@type":"WebPage","@id":"https:\/\/radiolifefm.com.br\/noticias\/em-premiacao-do-programa-municipio-verdeazul-adamantinense-ganha-premio-de-ambientalista-regional\/","url":"https:\/\/radiolifefm.com.br\/noticias\/em-premiacao-do-programa-municipio-verdeazul-adamantinense-ganha-premio-de-ambientalista-regional\/","name":"Em premia\u00e7\u00e3o do Programa Munic\u00edpio VerdeAzul, adamantinense ganha pr\u00eamio de Ambientalista Regional - R\u00e1dio Life FM","isPartOf":{"@id":"https:\/\/radiolifefm.com.br\/noticias\/#website"},"primaryImageOfPage":{"@id":"https:\/\/radiolifefm.com.br\/noticias\/em-premiacao-do-programa-municipio-verdeazul-adamantinense-ganha-premio-de-ambientalista-regional\/#primaryimage"},"image":{"@id":"https:\/\/radiolifefm.com.br\/noticias\/em-premiacao-do-programa-municipio-verdeazul-adamantinense-ganha-premio-de-ambientalista-regional\/#primaryimage"},"thumbnailUrl":"https:\/\/radiolifefm.com.br\/noticias\/wp-content\/uploads\/2021\/12\/foto-6.jpeg","datePublished":"2021-12-21T01:12:03+00:00","dateModified":"2025-10-07T14:32:45+00:00","breadcrumb":{"@id":"https:\/\/radiolifefm.com.br\/noticias\/em-premiacao-do-programa-municipio-verdeazul-adamantinense-ganha-premio-de-ambientalista-regional\/#breadcrumb"},"inLanguage":"pt-BR","potentialAction":[{"@type":"ReadAction","target":["https:\/\/radiolifefm.com.br\/noticias\/em-premiacao-do-programa-municipio-verdeazul-adamantinense-ganha-premio-de-ambientalista-regional\/"]}]},{"@type":"ImageObject","inLanguage":"pt-BR","@id":"https:\/\/radiolifefm.com.br\/noticias\/em-premiacao-do-programa-municipio-verdeazul-adamantinense-ganha-premio-de-ambientalista-regional\/#primaryimage","url":"https:\/\/radiolifefm.com.br\/noticias\/wp-content\/uploads\/2021\/12\/foto-6.jpeg","contentUrl":"https:\/\/radiolifefm.com.br\/noticias\/wp-content\/uploads\/2021\/12\/foto-6.jpeg","width":1224,"height":723},{"@type":"BreadcrumbList","@id":"https:\/\/radiolifefm.com.br\/noticias\/em-premiacao-do-programa-municipio-verdeazul-adamantinense-ganha-premio-de-ambientalista-regional\/#breadcrumb","itemListElement":[{"@type":"ListItem","position":1,"name":"In\u00edcio","item":"https:\/\/radiolifefm.com.br\/noticias\/"},{"@type":"ListItem","position":2,"name":"Em premia\u00e7\u00e3o do Programa Munic\u00edpio VerdeAzul, adamantinense ganha pr\u00eamio de Ambientalista Regional"}]},{"@type":"WebSite","@id":"https:\/\/radiolifefm.com.br\/noticias\/#website","url":"https:\/\/radiolifefm.com.br\/noticias\/","name":"R\u00e1dio Life FM","description":"O Portal de Not\u00edcias de Adamantina","publisher":{"@id":"https:\/\/radiolifefm.com.br\/noticias\/#organization"},"alternateName":"Life FM","potentialAction":[{"@type":"SearchAction","target":{"@type":"EntryPoint","urlTemplate":"https:\/\/radiolifefm.com.br\/noticias\/?s={search_term_string}"},"query-input":{"@type":"PropertyValueSpecification","valueRequired":true,"valueName":"search_term_string"}}],"inLanguage":"pt-BR"},{"@type":"Organization","@id":"https:\/\/radiolifefm.com.br\/noticias\/#organization","name":"R\u00e1dio Life FM","alternateName":"Life FM","url":"https:\/\/radiolifefm.com.br\/noticias\/","logo":{"@type":"ImageObject","inLanguage":"pt-BR","@id":"https:\/\/radiolifefm.com.br\/noticias\/#\/schema\/logo\/image\/","url":"https:\/\/static.radiolifefm.com.br\/noticias\/wp-content\/uploads\/2019\/10\/logo-lifefm.png","contentUrl":"https:\/\/static.radiolifefm.com.br\/noticias\/wp-content\/uploads\/2019\/10\/logo-lifefm.png","width":196,"height":47,"caption":"R\u00e1dio Life FM"},"image":{"@id":"https:\/\/radiolifefm.com.br\/noticias\/#\/schema\/logo\/image\/"},"sameAs":["https:\/\/www.facebook.com\/radiolifefm\/","https:\/\/www.instagram.com\/life1079fm\/"]},{"@type":"Person","@id":"https:\/\/radiolifefm.com.br\/noticias\/#\/schema\/person\/6339b9fac59d12b071dec680d7375d87","name":"ritanery","image":{"@type":"ImageObject","inLanguage":"pt-BR","@id":"https:\/\/secure.gravatar.com\/avatar\/0e37bb19071f47c0b8a23f62a903df117c5a0e75f65a0c2901562f97cd41cf86?s=96&d=mm&r=g","url":"https:\/\/secure.gravatar.com\/avatar\/0e37bb19071f47c0b8a23f62a903df117c5a0e75f65a0c2901562f97cd41cf86?s=96&d=mm&r=g","contentUrl":"https:\/\/secure.gravatar.com\/avatar\/0e37bb19071f47c0b8a23f62a903df117c5a0e75f65a0c2901562f97cd41cf86?s=96&d=mm&r=g","caption":"ritanery"}}]}},"amp_enabled":true,"_links":{"self":[{"href":"https:\/\/radiolifefm.com.br\/noticias\/wp-json\/wp\/v2\/posts\/47245","targetHints":{"allow":["GET"]}}],"collection":[{"href":"https:\/\/radiolifefm.com.br\/noticias\/wp-json\/wp\/v2\/posts"}],"about":[{"href":"https:\/\/radiolifefm.com.br\/noticias\/wp-json\/wp\/v2\/types\/post"}],"author":[{"embeddable":true,"href":"https:\/\/radiolifefm.com.br\/noticias\/wp-json\/wp\/v2\/users\/13"}],"replies":[{"embeddable":true,"href":"https:\/\/radiolifefm.com.br\/noticias\/wp-json\/wp\/v2\/comments?post=47245"}],"version-history":[{"count":4,"href":"https:\/\/radiolifefm.com.br\/noticias\/wp-json\/wp\/v2\/posts\/47245\/revisions"}],"predecessor-version":[{"id":47250,"href":"https:\/\/radiolifefm.com.br\/noticias\/wp-json\/wp\/v2\/posts\/47245\/revisions\/47250"}],"wp:featuredmedia":[{"embeddable":true,"href":"https:\/\/radiolifefm.com.br\/noticias\/wp-json\/wp\/v2\/media\/47246"}],"wp:attachment":[{"href":"https:\/\/radiolifefm.com.br\/noticias\/wp-json\/wp\/v2\/media?parent=47245"}],"wp:term":[{"taxonomy":"category","embeddable":true,"href":"https:\/\/radiolifefm.com.br\/noticias\/wp-json\/wp\/v2\/categories?post=47245"},{"taxonomy":"post_tag","embeddable":true,"href":"https:\/\/radiolifefm.com.br\/noticias\/wp-json\/wp\/v2\/tags?post=47245"}],"curies":[{"name":"wp","href":"https:\/\/api.w.org\/{rel}","templated":true}]}}