{"id":47203,"date":"2021-12-19T17:08:09","date_gmt":"2021-12-19T20:08:09","guid":{"rendered":"https:\/\/radiolifefm.com.br\/noticias\/?p=47203"},"modified":"2024-11-22T16:33:00","modified_gmt":"2024-11-22T19:33:00","slug":"ansiedade-nao-deixe-esse-mal-destruir-sua-vida-existe-tratamento-em-adamantinaadamantina","status":"publish","type":"post","link":"https:\/\/radiolifefm.com.br\/noticias\/ansiedade-nao-deixe-esse-mal-destruir-sua-vida-existe-tratamento-em-adamantinaadamantina\/","title":{"rendered":"Ansiedade, n\u00e3o deixe esse mal destruir sua vida. Existe tratamento em Adamantina"},"content":{"rendered":"<div id=\"fb-root\"><\/div>\n<p><strong>Uma forma r\u00e1pida, definitiva e sem rem\u00e9dios de tratar a ansiedade<\/strong><\/p>\n<p><strong>\u00a0<\/strong><\/p>\n<p>Falaremos sobre a ansiedade, os transtornos de ansiedade \u00e9 considerada a doen\u00e7a do s\u00e9culo pelos especialistas em sa\u00fade que atinge 9,3% da popula\u00e7\u00e3o brasileira, segundo dados da OMS.<\/p>\n<p>&nbsp;<\/p>\n<p>Mostraremos o que \u00e9, como afeta nossa vida e por que nosso tratamento tem melhores resultados e \u00edndices mais elevados de sucesso.<\/p>\n<p>\u200b<\/p>\n<p>&nbsp;<\/p>\n<p><strong>O que \u00e9 a ansiedade?<\/strong><\/p>\n<p>\u200b<\/p>\n<p>O nosso sistema nervoso e a nossa mente necessitam de uma situa\u00e7\u00e3o de conforto e de seguran\u00e7a para usufruir da sensa\u00e7\u00e3o de repouso e de bem estar. Quando a nossa percep\u00e7\u00e3o nos alerta para uma situa\u00e7\u00e3o de perigo, acontece o estado ansioso.<\/p>\n<p>\u200b<\/p>\n<p>A ansiedade \u00e9 uma sensa\u00e7\u00e3o decorrente de uma excessiva excita\u00e7\u00e3o consequente \u00e0 interpreta\u00e7\u00e3o de uma aparente situa\u00e7\u00e3o de perigo. Sua diferen\u00e7a para o medo est\u00e1 que este tem um motivo real e palp\u00e1vel, enquanto na ansiedade o fator de est\u00edmulo tem caracter\u00edsticas mais subjetivas.<\/p>\n<p>\u200b<\/p>\n<p>Evolutivamente, faz pouco tempo que sa\u00edmos dos tempos da caverna, onde os riscos de perder a vida e a necessidade de auto defesa eram rotineiros.<\/p>\n<p>\u200b<\/p>\n<p>Se antes o perigo era interpretado como a possibilidade de perder a vida, nos dias atuais se resume a perda de status, de emprego, de poder econ\u00f4mico, de vantagens ou pessoas queridas, por exemplo.<\/p>\n<p>\u200b<\/p>\n<p>Todas as pessoas sentem ansiedade em determinados momentos da vida, dependendo do desafio a ser enfrentado.<\/p>\n<p>&nbsp;<\/p>\n<p>Se voc\u00ea souber control\u00e1-la, ela n\u00e3o chega a te prejudicar.<\/p>\n<p>&nbsp;<\/p>\n<p>Mas se voc\u00ea chegar a ter consequ\u00eancias negativas na sua qualidade de vida, como baixa autoestima, timidez ao extremo e des\u00e2nimo, \u00e9 recomend\u00e1vel realizar um tratamento a fim de evitar outras consequ\u00eancias mais graves.<\/p>\n<p><strong>Como sei se tenho ansiedade e quais s\u00e3o os sintomas?<\/strong><\/p>\n<p>\u200b<\/p>\n<p>Quem sofre com ansiedade instalada de forma patol\u00f3gica tem certa dificuldade em saber aproveitar o presente momento.<\/p>\n<p>\u200b<\/p>\n<p>Enquanto os deprimidos vivem no passado, os ansiosos vivem no futuro, preocupados, sufocados em suas pr\u00f3prias expectativas sobre o que pode acontecer, sofrendo por antecipa\u00e7\u00e3o.<\/p>\n<p>\u200b<\/p>\n<p>Quando esta ansiedade se torna recorrente, constante e mais intensa pode resultar em outros problemas como a s\u00edndrome do p\u00e2nico, o transtorno obsessivo-compulsivo e fobias, por exemplo.<\/p>\n<p>\u200b<\/p>\n<p>Os sintomas mais comuns e aparentes das crises de ansiedade s\u00e3o inquieta\u00e7\u00e3o (nas pernas), dificuldade em concentrar-se, desconforto sem causa aparente, ins\u00f4nia, sudorese, acelera\u00e7\u00e3o do pensamento no sentido de precisar ter tudo sob controle, podendo ficar mais grave com sensa\u00e7\u00e3o de desmaio, cora\u00e7\u00e3o acelerado, falta de ar, tremores e formigamentos, al\u00e9m de dores f\u00edsicas como dores de cabe\u00e7a e aperto no peito.<\/p>\n<p><strong>Porque meu tratamento tem melhores resultados e \u00edndices mais elevados de sucesso?<\/strong><\/p>\n<p>\u200b<\/p>\n<p>In\u00fameros estudos levam m\u00e9dicos, psiquiatras a utilizarem medicamentos para tratar a ansiedade. No entanto podem ocorrer efeitos colaterais e depend\u00eancia.<\/p>\n<p>&nbsp;<\/p>\n<p>Apesar do avan\u00e7o da medicina e do tratamento m\u00e9dico ser recomend\u00e1vel e por vezes at\u00e9 inevit\u00e1vel, normalmente os rem\u00e9dios agem no sintoma e n\u00e3o na causa de ansiedade.<\/p>\n<p>\u200b<\/p>\n<p>Por n\u00e3o atuar na causa do problema, existe boas chances da ansiedade voltar a fazer parte da vida do paciente novamente.<\/p>\n<p>\u200b<\/p>\n<p>Assim como muitos outros problemas que afligem o ser humano, a ansiedade foi desenvolvida em algum momento da vida.<\/p>\n<p>\u200b<\/p>\n<p>Uma vez que voc\u00ea conhe\u00e7a a origem dessa ansiedade \u00e9 poss\u00edvel reverter a situa\u00e7\u00e3o para um estado em que a ansiedade n\u00e3o encontrar\u00e1 raz\u00f5es para existir.<\/p>\n<p>\u200b<\/p>\n<p>Como voc\u00ea j\u00e1 sabe a hipnoterapia \u00e9 uma excelente ferramenta terap\u00eautica para o tratamento da ansiedade. Mas n\u00e3o \u00e9 a \u00fanica. Em minha incans\u00e1vel e constante busca por conhecer a mente humana e a origem das doen\u00e7as conquistei outras certifica\u00e7\u00f5es em terapias com abordagens pr\u00f3prias e resultados t\u00e3o eficazes quanto os da hipnoterapia. Essa jun\u00e7\u00e3o de conhecimento aplicada de forma sist\u00eamica gerou um expertise \u00fanico e resultou em um aumento significativo dos casos de sucesso no tratamento de meus pacientes, me condicionando a aplicar uma metodologia pr\u00f3pria que integra algumas das terapias mais avan\u00e7adas do mundo.<\/p>\n<p>\u200b<\/p>\n<p>Isso potencializou positivamente os resultados obtidos nos tratamento de doen\u00e7as, dores cr\u00f4nicas, dist\u00farbios emocionais e comportamentais, tornando os resultados mais eficazes e duradouros e proporcionando melhora significativa na qualidade de vida do indiv\u00edduo.<\/p>\n<p>&nbsp;<\/p>\n<p>Tudo de forma r\u00e1pida e natural.<\/p>\n<p>\u200b<\/p>\n<p>O \u00edndice de sucesso em meus tratamentos com at\u00e9 seis sess\u00f5es supera os 95%.<\/p>\n<p>&nbsp;<\/p>\n<p>Cada sess\u00e3o dura em m\u00e9dia 2 horas e \u00e9 realizada sem dor, sem medicamentos, de forma n\u00e3o invasiva e totalmente natural, identificando e tratando a causa do problema.<\/p>\n<p><img loading=\"lazy\" decoding=\"async\" class=\"alignnone size-full wp-image-47205\" src=\"https:\/\/static.radiolifefm.com.br\/wp-content\/uploads\/sites\/2\/2021\/12\/WhatsApp-Image-2021-12-19-at-13.55.52-1.jpeg\" alt=\"\" width=\"720\" height=\"1280\" srcset=\"https:\/\/radiolifefm.com.br\/noticias\/wp-content\/uploads\/2021\/12\/WhatsApp-Image-2021-12-19-at-13.55.52-1.jpeg 720w, https:\/\/radiolifefm.com.br\/noticias\/wp-content\/uploads\/2021\/12\/WhatsApp-Image-2021-12-19-at-13.55.52-1-169x300.jpeg 169w, https:\/\/radiolifefm.com.br\/noticias\/wp-content\/uploads\/2021\/12\/WhatsApp-Image-2021-12-19-at-13.55.52-1-576x1024.jpeg 576w\" sizes=\"auto, (max-width: 720px) 100vw, 720px\" \/><\/p>\n<p>Me siga nas redes sociais<\/p>\n<p>Instagram <a href=\"https:\/\/www.instagram.com\/lugomes.tino\">@lugomes.tino<\/a><\/p>\n<p><a href=\"http:\/\/www.lucianagomestino.com.br\">www.lucianagomestino.com.br<\/a><\/p>\n<p>Se voc\u00ea tem interesse e deseja agendar uma consulta de avalia\u00e7\u00e3o e conhecer os resultados incr\u00edveis destas t\u00e9cnicas,\u00a0agende seu hor\u00e1rio pelo whatsapp (18)99783-8928 ou\u00a0 clique no link abaixo aqui<\/p>\n<p><a href=\"https:\/\/api.whatsapp.com\/send?phone=5518997838928&amp;text=Quero%20agendar%20uma%20sess%C3%A3o%20de%20avalia%C3%A7%C3%A3o\">https:\/\/api.whatsapp.com\/send?phone=5518997838928&amp;text=Quero%20agendar%20uma%20sess%C3%A3o%20de%20avalia%C3%A7%C3%A3o<\/a><\/p>\n","protected":false},"excerpt":{"rendered":"<p>Uma forma r\u00e1pida, definitiva e sem rem\u00e9dios de tratar a ansiedade \u00a0 Falaremos sobre a ansiedade, os transtornos de ansiedade \u00e9 considerada a doen\u00e7a do s\u00e9culo pelos especialistas em sa\u00fade que atinge 9,3% da popula\u00e7\u00e3o brasileira, segundo dados da OMS. &nbsp; Mostraremos o que \u00e9, como afeta nossa vida e por que nosso tratamento tem [&hellip;]<\/p>\n","protected":false},"author":13,"featured_media":47204,"comment_status":"open","ping_status":"open","sticky":false,"template":"","format":"standard","meta":{"_acf_changed":false,"_exactmetrics_skip_tracking":false,"_exactmetrics_sitenote_active":false,"_exactmetrics_sitenote_note":"","_exactmetrics_sitenote_category":0,"footnotes":""},"categories":[21],"tags":[],"class_list":["post-47203","post","type-post","status-publish","format-standard","has-post-thumbnail","hentry","category-adamantina"],"acf":[],"yoast_head":"<!-- This site is optimized with the Yoast SEO plugin v27.2 - https:\/\/yoast.com\/product\/yoast-seo-wordpress\/ -->\n<title>Ansiedade, n\u00e3o deixe esse mal destruir sua vida. Existe tratamento em Adamantina - R\u00e1dio Life FM<\/title>\n<meta name=\"robots\" content=\"index, follow, max-snippet:-1, max-image-preview:large, max-video-preview:-1\" \/>\n<link rel=\"canonical\" href=\"https:\/\/radiolifefm.com.br\/noticias\/ansiedade-nao-deixe-esse-mal-destruir-sua-vida-existe-tratamento-em-adamantinaadamantina\/\" \/>\n<meta property=\"og:locale\" content=\"pt_BR\" \/>\n<meta property=\"og:type\" content=\"article\" \/>\n<meta property=\"og:title\" content=\"Ansiedade, n\u00e3o deixe esse mal destruir sua vida. Existe tratamento em Adamantina - R\u00e1dio Life FM\" \/>\n<meta property=\"og:description\" content=\"Uma forma r\u00e1pida, definitiva e sem rem\u00e9dios de tratar a ansiedade \u00a0 Falaremos sobre a ansiedade, os transtornos de ansiedade \u00e9 considerada a doen\u00e7a do s\u00e9culo pelos especialistas em sa\u00fade que atinge 9,3% da popula\u00e7\u00e3o brasileira, segundo dados da OMS. &nbsp; Mostraremos o que \u00e9, como afeta nossa vida e por que nosso tratamento tem [&hellip;]\" \/>\n<meta property=\"og:url\" content=\"https:\/\/radiolifefm.com.br\/noticias\/ansiedade-nao-deixe-esse-mal-destruir-sua-vida-existe-tratamento-em-adamantinaadamantina\/\" \/>\n<meta property=\"og:site_name\" content=\"R\u00e1dio Life FM\" \/>\n<meta property=\"article:publisher\" content=\"https:\/\/www.facebook.com\/radiolifefm\/\" \/>\n<meta property=\"article:published_time\" content=\"2021-12-19T20:08:09+00:00\" \/>\n<meta property=\"article:modified_time\" content=\"2024-11-22T19:33:00+00:00\" \/>\n<meta property=\"og:image\" content=\"https:\/\/static.radiolifefm.com.br\/noticias\/wp-content\/uploads\/2021\/12\/WhatsApp-Image-2021-12-19-at-13.55.52.jpeg\" \/>\n\t<meta property=\"og:image:width\" content=\"431\" \/>\n\t<meta property=\"og:image:height\" content=\"579\" \/>\n\t<meta property=\"og:image:type\" content=\"image\/jpeg\" \/>\n<meta name=\"author\" content=\"ritanery\" \/>\n<meta name=\"twitter:card\" content=\"summary_large_image\" \/>\n<meta name=\"twitter:label1\" content=\"Escrito por\" \/>\n\t<meta name=\"twitter:data1\" content=\"ritanery\" \/>\n\t<meta name=\"twitter:label2\" content=\"Est. tempo de leitura\" \/>\n\t<meta name=\"twitter:data2\" content=\"4 minutos\" \/>\n<script type=\"application\/ld+json\" class=\"yoast-schema-graph\">{\"@context\":\"https:\/\/schema.org\",\"@graph\":[{\"@type\":\"Article\",\"@id\":\"https:\/\/radiolifefm.com.br\/noticias\/ansiedade-nao-deixe-esse-mal-destruir-sua-vida-existe-tratamento-em-adamantinaadamantina\/#article\",\"isPartOf\":{\"@id\":\"https:\/\/radiolifefm.com.br\/noticias\/ansiedade-nao-deixe-esse-mal-destruir-sua-vida-existe-tratamento-em-adamantinaadamantina\/\"},\"author\":{\"name\":\"ritanery\",\"@id\":\"https:\/\/radiolifefm.com.br\/noticias\/#\/schema\/person\/6339b9fac59d12b071dec680d7375d87\"},\"headline\":\"Ansiedade, n\u00e3o deixe esse mal destruir sua vida. Existe tratamento em Adamantina\",\"datePublished\":\"2021-12-19T20:08:09+00:00\",\"dateModified\":\"2024-11-22T19:33:00+00:00\",\"mainEntityOfPage\":{\"@id\":\"https:\/\/radiolifefm.com.br\/noticias\/ansiedade-nao-deixe-esse-mal-destruir-sua-vida-existe-tratamento-em-adamantinaadamantina\/\"},\"wordCount\":867,\"commentCount\":0,\"publisher\":{\"@id\":\"https:\/\/radiolifefm.com.br\/noticias\/#organization\"},\"image\":{\"@id\":\"https:\/\/radiolifefm.com.br\/noticias\/ansiedade-nao-deixe-esse-mal-destruir-sua-vida-existe-tratamento-em-adamantinaadamantina\/#primaryimage\"},\"thumbnailUrl\":\"https:\/\/radiolifefm.com.br\/noticias\/wp-content\/uploads\/2021\/12\/WhatsApp-Image-2021-12-19-at-13.55.52.jpeg\",\"articleSection\":[\"Adamantina\"],\"inLanguage\":\"pt-BR\",\"potentialAction\":[{\"@type\":\"CommentAction\",\"name\":\"Comment\",\"target\":[\"https:\/\/radiolifefm.com.br\/noticias\/ansiedade-nao-deixe-esse-mal-destruir-sua-vida-existe-tratamento-em-adamantinaadamantina\/#respond\"]}]},{\"@type\":\"WebPage\",\"@id\":\"https:\/\/radiolifefm.com.br\/noticias\/ansiedade-nao-deixe-esse-mal-destruir-sua-vida-existe-tratamento-em-adamantinaadamantina\/\",\"url\":\"https:\/\/radiolifefm.com.br\/noticias\/ansiedade-nao-deixe-esse-mal-destruir-sua-vida-existe-tratamento-em-adamantinaadamantina\/\",\"name\":\"Ansiedade, n\u00e3o deixe esse mal destruir sua vida. Existe tratamento em Adamantina - R\u00e1dio Life FM\",\"isPartOf\":{\"@id\":\"https:\/\/radiolifefm.com.br\/noticias\/#website\"},\"primaryImageOfPage\":{\"@id\":\"https:\/\/radiolifefm.com.br\/noticias\/ansiedade-nao-deixe-esse-mal-destruir-sua-vida-existe-tratamento-em-adamantinaadamantina\/#primaryimage\"},\"image\":{\"@id\":\"https:\/\/radiolifefm.com.br\/noticias\/ansiedade-nao-deixe-esse-mal-destruir-sua-vida-existe-tratamento-em-adamantinaadamantina\/#primaryimage\"},\"thumbnailUrl\":\"https:\/\/radiolifefm.com.br\/noticias\/wp-content\/uploads\/2021\/12\/WhatsApp-Image-2021-12-19-at-13.55.52.jpeg\",\"datePublished\":\"2021-12-19T20:08:09+00:00\",\"dateModified\":\"2024-11-22T19:33:00+00:00\",\"breadcrumb\":{\"@id\":\"https:\/\/radiolifefm.com.br\/noticias\/ansiedade-nao-deixe-esse-mal-destruir-sua-vida-existe-tratamento-em-adamantinaadamantina\/#breadcrumb\"},\"inLanguage\":\"pt-BR\",\"potentialAction\":[{\"@type\":\"ReadAction\",\"target\":[\"https:\/\/radiolifefm.com.br\/noticias\/ansiedade-nao-deixe-esse-mal-destruir-sua-vida-existe-tratamento-em-adamantinaadamantina\/\"]}]},{\"@type\":\"ImageObject\",\"inLanguage\":\"pt-BR\",\"@id\":\"https:\/\/radiolifefm.com.br\/noticias\/ansiedade-nao-deixe-esse-mal-destruir-sua-vida-existe-tratamento-em-adamantinaadamantina\/#primaryimage\",\"url\":\"https:\/\/radiolifefm.com.br\/noticias\/wp-content\/uploads\/2021\/12\/WhatsApp-Image-2021-12-19-at-13.55.52.jpeg\",\"contentUrl\":\"https:\/\/radiolifefm.com.br\/noticias\/wp-content\/uploads\/2021\/12\/WhatsApp-Image-2021-12-19-at-13.55.52.jpeg\",\"width\":431,\"height\":579},{\"@type\":\"BreadcrumbList\",\"@id\":\"https:\/\/radiolifefm.com.br\/noticias\/ansiedade-nao-deixe-esse-mal-destruir-sua-vida-existe-tratamento-em-adamantinaadamantina\/#breadcrumb\",\"itemListElement\":[{\"@type\":\"ListItem\",\"position\":1,\"name\":\"In\u00edcio\",\"item\":\"https:\/\/radiolifefm.com.br\/noticias\/\"},{\"@type\":\"ListItem\",\"position\":2,\"name\":\"Ansiedade, n\u00e3o deixe esse mal destruir sua vida. Existe tratamento em Adamantina\"}]},{\"@type\":\"WebSite\",\"@id\":\"https:\/\/radiolifefm.com.br\/noticias\/#website\",\"url\":\"https:\/\/radiolifefm.com.br\/noticias\/\",\"name\":\"R\u00e1dio Life FM\",\"description\":\"O Portal de Not\u00edcias de Adamantina\",\"publisher\":{\"@id\":\"https:\/\/radiolifefm.com.br\/noticias\/#organization\"},\"alternateName\":\"Life FM\",\"potentialAction\":[{\"@type\":\"SearchAction\",\"target\":{\"@type\":\"EntryPoint\",\"urlTemplate\":\"https:\/\/radiolifefm.com.br\/noticias\/?s={search_term_string}\"},\"query-input\":{\"@type\":\"PropertyValueSpecification\",\"valueRequired\":true,\"valueName\":\"search_term_string\"}}],\"inLanguage\":\"pt-BR\"},{\"@type\":\"Organization\",\"@id\":\"https:\/\/radiolifefm.com.br\/noticias\/#organization\",\"name\":\"R\u00e1dio Life FM\",\"alternateName\":\"Life FM\",\"url\":\"https:\/\/radiolifefm.com.br\/noticias\/\",\"logo\":{\"@type\":\"ImageObject\",\"inLanguage\":\"pt-BR\",\"@id\":\"https:\/\/radiolifefm.com.br\/noticias\/#\/schema\/logo\/image\/\",\"url\":\"https:\/\/static.radiolifefm.com.br\/noticias\/wp-content\/uploads\/2019\/10\/logo-lifefm.png\",\"contentUrl\":\"https:\/\/static.radiolifefm.com.br\/noticias\/wp-content\/uploads\/2019\/10\/logo-lifefm.png\",\"width\":196,\"height\":47,\"caption\":\"R\u00e1dio Life FM\"},\"image\":{\"@id\":\"https:\/\/radiolifefm.com.br\/noticias\/#\/schema\/logo\/image\/\"},\"sameAs\":[\"https:\/\/www.facebook.com\/radiolifefm\/\",\"https:\/\/www.instagram.com\/life1079fm\/\"]},{\"@type\":\"Person\",\"@id\":\"https:\/\/radiolifefm.com.br\/noticias\/#\/schema\/person\/6339b9fac59d12b071dec680d7375d87\",\"name\":\"ritanery\",\"image\":{\"@type\":\"ImageObject\",\"inLanguage\":\"pt-BR\",\"@id\":\"https:\/\/secure.gravatar.com\/avatar\/0e37bb19071f47c0b8a23f62a903df117c5a0e75f65a0c2901562f97cd41cf86?s=96&d=mm&r=g\",\"url\":\"https:\/\/secure.gravatar.com\/avatar\/0e37bb19071f47c0b8a23f62a903df117c5a0e75f65a0c2901562f97cd41cf86?s=96&d=mm&r=g\",\"contentUrl\":\"https:\/\/secure.gravatar.com\/avatar\/0e37bb19071f47c0b8a23f62a903df117c5a0e75f65a0c2901562f97cd41cf86?s=96&d=mm&r=g\",\"caption\":\"ritanery\"}}]}<\/script>\n<!-- \/ Yoast SEO plugin. -->","yoast_head_json":{"title":"Ansiedade, n\u00e3o deixe esse mal destruir sua vida. Existe tratamento em Adamantina - R\u00e1dio Life FM","robots":{"index":"index","follow":"follow","max-snippet":"max-snippet:-1","max-image-preview":"max-image-preview:large","max-video-preview":"max-video-preview:-1"},"canonical":"https:\/\/radiolifefm.com.br\/noticias\/ansiedade-nao-deixe-esse-mal-destruir-sua-vida-existe-tratamento-em-adamantinaadamantina\/","og_locale":"pt_BR","og_type":"article","og_title":"Ansiedade, n\u00e3o deixe esse mal destruir sua vida. Existe tratamento em Adamantina - R\u00e1dio Life FM","og_description":"Uma forma r\u00e1pida, definitiva e sem rem\u00e9dios de tratar a ansiedade \u00a0 Falaremos sobre a ansiedade, os transtornos de ansiedade \u00e9 considerada a doen\u00e7a do s\u00e9culo pelos especialistas em sa\u00fade que atinge 9,3% da popula\u00e7\u00e3o brasileira, segundo dados da OMS. &nbsp; Mostraremos o que \u00e9, como afeta nossa vida e por que nosso tratamento tem [&hellip;]","og_url":"https:\/\/radiolifefm.com.br\/noticias\/ansiedade-nao-deixe-esse-mal-destruir-sua-vida-existe-tratamento-em-adamantinaadamantina\/","og_site_name":"R\u00e1dio Life FM","article_publisher":"https:\/\/www.facebook.com\/radiolifefm\/","article_published_time":"2021-12-19T20:08:09+00:00","article_modified_time":"2024-11-22T19:33:00+00:00","og_image":[{"width":431,"height":579,"url":"https:\/\/static.radiolifefm.com.br\/noticias\/wp-content\/uploads\/2021\/12\/WhatsApp-Image-2021-12-19-at-13.55.52.jpeg","type":"image\/jpeg"}],"author":"ritanery","twitter_card":"summary_large_image","twitter_misc":{"Escrito por":"ritanery","Est. tempo de leitura":"4 minutos"},"schema":{"@context":"https:\/\/schema.org","@graph":[{"@type":"Article","@id":"https:\/\/radiolifefm.com.br\/noticias\/ansiedade-nao-deixe-esse-mal-destruir-sua-vida-existe-tratamento-em-adamantinaadamantina\/#article","isPartOf":{"@id":"https:\/\/radiolifefm.com.br\/noticias\/ansiedade-nao-deixe-esse-mal-destruir-sua-vida-existe-tratamento-em-adamantinaadamantina\/"},"author":{"name":"ritanery","@id":"https:\/\/radiolifefm.com.br\/noticias\/#\/schema\/person\/6339b9fac59d12b071dec680d7375d87"},"headline":"Ansiedade, n\u00e3o deixe esse mal destruir sua vida. Existe tratamento em Adamantina","datePublished":"2021-12-19T20:08:09+00:00","dateModified":"2024-11-22T19:33:00+00:00","mainEntityOfPage":{"@id":"https:\/\/radiolifefm.com.br\/noticias\/ansiedade-nao-deixe-esse-mal-destruir-sua-vida-existe-tratamento-em-adamantinaadamantina\/"},"wordCount":867,"commentCount":0,"publisher":{"@id":"https:\/\/radiolifefm.com.br\/noticias\/#organization"},"image":{"@id":"https:\/\/radiolifefm.com.br\/noticias\/ansiedade-nao-deixe-esse-mal-destruir-sua-vida-existe-tratamento-em-adamantinaadamantina\/#primaryimage"},"thumbnailUrl":"https:\/\/radiolifefm.com.br\/noticias\/wp-content\/uploads\/2021\/12\/WhatsApp-Image-2021-12-19-at-13.55.52.jpeg","articleSection":["Adamantina"],"inLanguage":"pt-BR","potentialAction":[{"@type":"CommentAction","name":"Comment","target":["https:\/\/radiolifefm.com.br\/noticias\/ansiedade-nao-deixe-esse-mal-destruir-sua-vida-existe-tratamento-em-adamantinaadamantina\/#respond"]}]},{"@type":"WebPage","@id":"https:\/\/radiolifefm.com.br\/noticias\/ansiedade-nao-deixe-esse-mal-destruir-sua-vida-existe-tratamento-em-adamantinaadamantina\/","url":"https:\/\/radiolifefm.com.br\/noticias\/ansiedade-nao-deixe-esse-mal-destruir-sua-vida-existe-tratamento-em-adamantinaadamantina\/","name":"Ansiedade, n\u00e3o deixe esse mal destruir sua vida. Existe tratamento em Adamantina - R\u00e1dio Life FM","isPartOf":{"@id":"https:\/\/radiolifefm.com.br\/noticias\/#website"},"primaryImageOfPage":{"@id":"https:\/\/radiolifefm.com.br\/noticias\/ansiedade-nao-deixe-esse-mal-destruir-sua-vida-existe-tratamento-em-adamantinaadamantina\/#primaryimage"},"image":{"@id":"https:\/\/radiolifefm.com.br\/noticias\/ansiedade-nao-deixe-esse-mal-destruir-sua-vida-existe-tratamento-em-adamantinaadamantina\/#primaryimage"},"thumbnailUrl":"https:\/\/radiolifefm.com.br\/noticias\/wp-content\/uploads\/2021\/12\/WhatsApp-Image-2021-12-19-at-13.55.52.jpeg","datePublished":"2021-12-19T20:08:09+00:00","dateModified":"2024-11-22T19:33:00+00:00","breadcrumb":{"@id":"https:\/\/radiolifefm.com.br\/noticias\/ansiedade-nao-deixe-esse-mal-destruir-sua-vida-existe-tratamento-em-adamantinaadamantina\/#breadcrumb"},"inLanguage":"pt-BR","potentialAction":[{"@type":"ReadAction","target":["https:\/\/radiolifefm.com.br\/noticias\/ansiedade-nao-deixe-esse-mal-destruir-sua-vida-existe-tratamento-em-adamantinaadamantina\/"]}]},{"@type":"ImageObject","inLanguage":"pt-BR","@id":"https:\/\/radiolifefm.com.br\/noticias\/ansiedade-nao-deixe-esse-mal-destruir-sua-vida-existe-tratamento-em-adamantinaadamantina\/#primaryimage","url":"https:\/\/radiolifefm.com.br\/noticias\/wp-content\/uploads\/2021\/12\/WhatsApp-Image-2021-12-19-at-13.55.52.jpeg","contentUrl":"https:\/\/radiolifefm.com.br\/noticias\/wp-content\/uploads\/2021\/12\/WhatsApp-Image-2021-12-19-at-13.55.52.jpeg","width":431,"height":579},{"@type":"BreadcrumbList","@id":"https:\/\/radiolifefm.com.br\/noticias\/ansiedade-nao-deixe-esse-mal-destruir-sua-vida-existe-tratamento-em-adamantinaadamantina\/#breadcrumb","itemListElement":[{"@type":"ListItem","position":1,"name":"In\u00edcio","item":"https:\/\/radiolifefm.com.br\/noticias\/"},{"@type":"ListItem","position":2,"name":"Ansiedade, n\u00e3o deixe esse mal destruir sua vida. Existe tratamento em Adamantina"}]},{"@type":"WebSite","@id":"https:\/\/radiolifefm.com.br\/noticias\/#website","url":"https:\/\/radiolifefm.com.br\/noticias\/","name":"R\u00e1dio Life FM","description":"O Portal de Not\u00edcias de Adamantina","publisher":{"@id":"https:\/\/radiolifefm.com.br\/noticias\/#organization"},"alternateName":"Life FM","potentialAction":[{"@type":"SearchAction","target":{"@type":"EntryPoint","urlTemplate":"https:\/\/radiolifefm.com.br\/noticias\/?s={search_term_string}"},"query-input":{"@type":"PropertyValueSpecification","valueRequired":true,"valueName":"search_term_string"}}],"inLanguage":"pt-BR"},{"@type":"Organization","@id":"https:\/\/radiolifefm.com.br\/noticias\/#organization","name":"R\u00e1dio Life FM","alternateName":"Life FM","url":"https:\/\/radiolifefm.com.br\/noticias\/","logo":{"@type":"ImageObject","inLanguage":"pt-BR","@id":"https:\/\/radiolifefm.com.br\/noticias\/#\/schema\/logo\/image\/","url":"https:\/\/static.radiolifefm.com.br\/noticias\/wp-content\/uploads\/2019\/10\/logo-lifefm.png","contentUrl":"https:\/\/static.radiolifefm.com.br\/noticias\/wp-content\/uploads\/2019\/10\/logo-lifefm.png","width":196,"height":47,"caption":"R\u00e1dio Life FM"},"image":{"@id":"https:\/\/radiolifefm.com.br\/noticias\/#\/schema\/logo\/image\/"},"sameAs":["https:\/\/www.facebook.com\/radiolifefm\/","https:\/\/www.instagram.com\/life1079fm\/"]},{"@type":"Person","@id":"https:\/\/radiolifefm.com.br\/noticias\/#\/schema\/person\/6339b9fac59d12b071dec680d7375d87","name":"ritanery","image":{"@type":"ImageObject","inLanguage":"pt-BR","@id":"https:\/\/secure.gravatar.com\/avatar\/0e37bb19071f47c0b8a23f62a903df117c5a0e75f65a0c2901562f97cd41cf86?s=96&d=mm&r=g","url":"https:\/\/secure.gravatar.com\/avatar\/0e37bb19071f47c0b8a23f62a903df117c5a0e75f65a0c2901562f97cd41cf86?s=96&d=mm&r=g","contentUrl":"https:\/\/secure.gravatar.com\/avatar\/0e37bb19071f47c0b8a23f62a903df117c5a0e75f65a0c2901562f97cd41cf86?s=96&d=mm&r=g","caption":"ritanery"}}]}},"amp_enabled":true,"_links":{"self":[{"href":"https:\/\/radiolifefm.com.br\/noticias\/wp-json\/wp\/v2\/posts\/47203","targetHints":{"allow":["GET"]}}],"collection":[{"href":"https:\/\/radiolifefm.com.br\/noticias\/wp-json\/wp\/v2\/posts"}],"about":[{"href":"https:\/\/radiolifefm.com.br\/noticias\/wp-json\/wp\/v2\/types\/post"}],"author":[{"embeddable":true,"href":"https:\/\/radiolifefm.com.br\/noticias\/wp-json\/wp\/v2\/users\/13"}],"replies":[{"embeddable":true,"href":"https:\/\/radiolifefm.com.br\/noticias\/wp-json\/wp\/v2\/comments?post=47203"}],"version-history":[{"count":2,"href":"https:\/\/radiolifefm.com.br\/noticias\/wp-json\/wp\/v2\/posts\/47203\/revisions"}],"predecessor-version":[{"id":47207,"href":"https:\/\/radiolifefm.com.br\/noticias\/wp-json\/wp\/v2\/posts\/47203\/revisions\/47207"}],"wp:featuredmedia":[{"embeddable":true,"href":"https:\/\/radiolifefm.com.br\/noticias\/wp-json\/wp\/v2\/media\/47204"}],"wp:attachment":[{"href":"https:\/\/radiolifefm.com.br\/noticias\/wp-json\/wp\/v2\/media?parent=47203"}],"wp:term":[{"taxonomy":"category","embeddable":true,"href":"https:\/\/radiolifefm.com.br\/noticias\/wp-json\/wp\/v2\/categories?post=47203"},{"taxonomy":"post_tag","embeddable":true,"href":"https:\/\/radiolifefm.com.br\/noticias\/wp-json\/wp\/v2\/tags?post=47203"}],"curies":[{"name":"wp","href":"https:\/\/api.w.org\/{rel}","templated":true}]}}