{"id":47164,"date":"2021-12-17T18:50:55","date_gmt":"2021-12-17T21:50:55","guid":{"rendered":"https:\/\/radiolifefm.com.br\/noticias\/?p=47164"},"modified":"2026-02-23T23:15:15","modified_gmt":"2026-02-24T02:15:15","slug":"apos-coletiva-de-imprensa-a-agencia-sicredi-de-adamantina-tera-inauguracao-online-acompanhe-nas-redes-sociais-sicredi-centro-oeste-paulista","status":"publish","type":"post","link":"https:\/\/radiolifefm.com.br\/noticias\/apos-coletiva-de-imprensa-a-agencia-sicredi-de-adamantina-tera-inauguracao-online-acompanhe-nas-redes-sociais-sicredi-centro-oeste-paulista\/","title":{"rendered":"Ap\u00f3s coletiva de imprensa, a agencia SICREDI de Adamantina ter\u00e1 inaugura\u00e7\u00e3o online. Acompanhe nas redes sociais, SICREDI Centro Oeste Paulista"},"content":{"rendered":"<div id=\"fb-root\"><\/div>\n<p>A Coletiva de imprensa realizada na nova ag\u00eancia Sicredi localizada na Rua Osvaldo Cruz 151 esquina com a Al. Navarro de Andrade em frete a pra\u00e7a Helio Micheloni, realizada as 16h na sexta 17 reuniu o presidente da Sicredi Centro Oeste Paulista, Dr. Jo\u00e3o Alberto Salvi o Diretor executivo Ildo Wilde e demais membros da diretoria responderam diversas perguntas, entre elas a motiva\u00e7\u00e3o para expans\u00e3o da ag\u00eancia em Adamantina que em 2019 abriu o escrit\u00f3rio de neg\u00f3cios com 25m quadrados e hoje inaugura a nova ag\u00eancia com 600m quadrados, o n\u00famero de colaboradores foi de quatro para dez, a nova ag\u00eancia Sicredi contar\u00e1 com 11 vagas de estacionamento e arquitetura ampla e moderna, dividida em mais de 600 metros quadrados de \u00e1rea constru\u00edda, fator que favorece um dos diferenciais do cooperativismo de cr\u00e9dito: o relacionamento.<br \/>\n\u201cEsse aumento representa o caminho que estamos trilhando como institui\u00e7\u00e3o financeira cooperativa que mant\u00e9m o foco em pessoas \u2013 sejam elas associadas, colaboradoras ou a popula\u00e7\u00e3o geral\u201d. Declarou Dr. Jo\u00e3o Alberto Salvi.<br \/>\nO Sicredi, institui\u00e7\u00e3o financeira cooperativa com mais de 115 anos de tradi\u00e7\u00e3o, inaugura nova ag\u00eancia agora em Adamantina. Com mais de cinco milh\u00f5es de associados em todo o pa\u00eds, a institui\u00e7\u00e3o financeira cooperativa segue ampliando a atua\u00e7\u00e3o por meio do plano de expans\u00e3o da rede de atendimento.<br \/>\nA inaugura\u00e7\u00e3o da ag\u00eancia acontece no dia 17 e ser\u00e1 transmitida no YouTube e Facebook da cooperativa a partir das 18 horas.<br \/>\nConfira nas imagens a seguir as novas instala\u00e7\u00f5es da agencia Sicredi em Adamantina<\/p>\n<p>&nbsp;<\/p>\n<div class='flex flex-wrap items-center -mx-1'>\r\n<a class='thumbnail gallery p-1 w-1\/2 md:w-1\/4' href='https:\/\/radiolifefm.com.br\/noticias\/wp-content\/uploads\/2021\/12\/WhatsApp-Image-2021-12-17-at-18.35.27-3.jpeg'><img class='border border-white' src='https:\/\/radiolifefm.com.br\/noticias\/wp-content\/uploads\/2021\/12\/WhatsApp-Image-2021-12-17-at-18.35.27-3-200x200.jpeg' alt='WhatsApp Image 2021 12 17 At 18.35.27 (3)' \/><\/a><a class='thumbnail gallery p-1 w-1\/2 md:w-1\/4' href='https:\/\/radiolifefm.com.br\/noticias\/wp-content\/uploads\/2021\/12\/WhatsApp-Image-2021-12-17-at-18.35.27-2.jpeg'><img class='border border-white' src='https:\/\/radiolifefm.com.br\/noticias\/wp-content\/uploads\/2021\/12\/WhatsApp-Image-2021-12-17-at-18.35.27-2-200x200.jpeg' alt='WhatsApp Image 2021 12 17 At 18.35.27 (2)' \/><\/a><a class='thumbnail gallery p-1 w-1\/2 md:w-1\/4' href='https:\/\/radiolifefm.com.br\/noticias\/wp-content\/uploads\/2021\/12\/WhatsApp-Image-2021-12-17-at-18.35.27-1.jpeg'><img class='border border-white' src='https:\/\/radiolifefm.com.br\/noticias\/wp-content\/uploads\/2021\/12\/WhatsApp-Image-2021-12-17-at-18.35.27-1-200x200.jpeg' alt='WhatsApp Image 2021 12 17 At 18.35.27 (1)' \/><\/a><a class='thumbnail gallery p-1 w-1\/2 md:w-1\/4' href='https:\/\/radiolifefm.com.br\/noticias\/wp-content\/uploads\/2021\/12\/WhatsApp-Image-2021-12-17-at-18.35.27.jpeg'><img class='border border-white' src='https:\/\/radiolifefm.com.br\/noticias\/wp-content\/uploads\/2021\/12\/WhatsApp-Image-2021-12-17-at-18.35.27-200x200.jpeg' alt='WhatsApp Image 2021 12 17 At 18.35.27' \/><\/a><a class='thumbnail gallery p-1 w-1\/2 md:w-1\/4' href='https:\/\/radiolifefm.com.br\/noticias\/wp-content\/uploads\/2021\/12\/WhatsApp-Image-2021-12-17-at-18.35.26.jpeg'><img class='border border-white' src='https:\/\/radiolifefm.com.br\/noticias\/wp-content\/uploads\/2021\/12\/WhatsApp-Image-2021-12-17-at-18.35.26-200x200.jpeg' alt='WhatsApp Image 2021 12 17 At 18.35.26' \/><\/a><\/div>\n","protected":false},"excerpt":{"rendered":"<p>A Coletiva de imprensa realizada na nova ag\u00eancia Sicredi localizada na Rua Osvaldo Cruz 151 esquina com a Al. Navarro de Andrade em frete a pra\u00e7a Helio Micheloni, realizada as 16h na sexta 17 reuniu o presidente da Sicredi Centro Oeste Paulista, Dr. Jo\u00e3o Alberto Salvi o Diretor executivo Ildo Wilde e demais membros da [&hellip;]<\/p>\n","protected":false},"author":13,"featured_media":47165,"comment_status":"closed","ping_status":"open","sticky":false,"template":"","format":"standard","meta":{"_acf_changed":false,"_exactmetrics_skip_tracking":false,"_exactmetrics_sitenote_active":false,"_exactmetrics_sitenote_note":"","_exactmetrics_sitenote_category":0,"footnotes":""},"categories":[21],"tags":[],"class_list":["post-47164","post","type-post","status-publish","format-standard","has-post-thumbnail","hentry","category-adamantina"],"acf":[],"yoast_head":"<!-- This site is optimized with the Yoast SEO plugin v27.2 - https:\/\/yoast.com\/product\/yoast-seo-wordpress\/ -->\n<title>Ap\u00f3s coletiva de imprensa, a agencia SICREDI de Adamantina ter\u00e1 inaugura\u00e7\u00e3o online. Acompanhe nas redes sociais, SICREDI Centro Oeste Paulista - R\u00e1dio Life FM<\/title>\n<meta name=\"robots\" content=\"index, follow, max-snippet:-1, max-image-preview:large, max-video-preview:-1\" \/>\n<link rel=\"canonical\" href=\"https:\/\/radiolifefm.com.br\/noticias\/apos-coletiva-de-imprensa-a-agencia-sicredi-de-adamantina-tera-inauguracao-online-acompanhe-nas-redes-sociais-sicredi-centro-oeste-paulista\/\" \/>\n<meta property=\"og:locale\" content=\"pt_BR\" \/>\n<meta property=\"og:type\" content=\"article\" \/>\n<meta property=\"og:title\" content=\"Ap\u00f3s coletiva de imprensa, a agencia SICREDI de Adamantina ter\u00e1 inaugura\u00e7\u00e3o online. Acompanhe nas redes sociais, SICREDI Centro Oeste Paulista - R\u00e1dio Life FM\" \/>\n<meta property=\"og:description\" content=\"A Coletiva de imprensa realizada na nova ag\u00eancia Sicredi localizada na Rua Osvaldo Cruz 151 esquina com a Al. Navarro de Andrade em frete a pra\u00e7a Helio Micheloni, realizada as 16h na sexta 17 reuniu o presidente da Sicredi Centro Oeste Paulista, Dr. Jo\u00e3o Alberto Salvi o Diretor executivo Ildo Wilde e demais membros da [&hellip;]\" \/>\n<meta property=\"og:url\" content=\"https:\/\/radiolifefm.com.br\/noticias\/apos-coletiva-de-imprensa-a-agencia-sicredi-de-adamantina-tera-inauguracao-online-acompanhe-nas-redes-sociais-sicredi-centro-oeste-paulista\/\" \/>\n<meta property=\"og:site_name\" content=\"R\u00e1dio Life FM\" \/>\n<meta property=\"article:publisher\" content=\"https:\/\/www.facebook.com\/radiolifefm\/\" \/>\n<meta property=\"article:published_time\" content=\"2021-12-17T21:50:55+00:00\" \/>\n<meta property=\"article:modified_time\" content=\"2026-02-24T02:15:15+00:00\" \/>\n<meta property=\"og:image\" content=\"https:\/\/radiolifefm.com.br\/noticias\/wp-content\/uploads\/2021\/12\/WhatsApp-Image-2021-12-17-at-18.25.20.jpeg\" \/>\n\t<meta property=\"og:image:width\" content=\"1280\" \/>\n\t<meta property=\"og:image:height\" content=\"960\" \/>\n\t<meta property=\"og:image:type\" content=\"image\/jpeg\" \/>\n<meta name=\"author\" content=\"ritanery\" \/>\n<meta name=\"twitter:card\" content=\"summary_large_image\" \/>\n<meta name=\"twitter:label1\" content=\"Escrito por\" \/>\n\t<meta name=\"twitter:data1\" content=\"ritanery\" \/>\n\t<meta name=\"twitter:label2\" content=\"Est. tempo de leitura\" \/>\n\t<meta name=\"twitter:data2\" content=\"2 minutos\" \/>\n<script type=\"application\/ld+json\" class=\"yoast-schema-graph\">{\"@context\":\"https:\/\/schema.org\",\"@graph\":[{\"@type\":\"Article\",\"@id\":\"https:\/\/radiolifefm.com.br\/noticias\/apos-coletiva-de-imprensa-a-agencia-sicredi-de-adamantina-tera-inauguracao-online-acompanhe-nas-redes-sociais-sicredi-centro-oeste-paulista\/#article\",\"isPartOf\":{\"@id\":\"https:\/\/radiolifefm.com.br\/noticias\/apos-coletiva-de-imprensa-a-agencia-sicredi-de-adamantina-tera-inauguracao-online-acompanhe-nas-redes-sociais-sicredi-centro-oeste-paulista\/\"},\"author\":{\"name\":\"ritanery\",\"@id\":\"https:\/\/radiolifefm.com.br\/noticias\/#\/schema\/person\/6339b9fac59d12b071dec680d7375d87\"},\"headline\":\"Ap\u00f3s coletiva de imprensa, a agencia SICREDI de Adamantina ter\u00e1 inaugura\u00e7\u00e3o online. Acompanhe nas redes sociais, SICREDI Centro Oeste Paulista\",\"datePublished\":\"2021-12-17T21:50:55+00:00\",\"dateModified\":\"2026-02-24T02:15:15+00:00\",\"mainEntityOfPage\":{\"@id\":\"https:\/\/radiolifefm.com.br\/noticias\/apos-coletiva-de-imprensa-a-agencia-sicredi-de-adamantina-tera-inauguracao-online-acompanhe-nas-redes-sociais-sicredi-centro-oeste-paulista\/\"},\"wordCount\":296,\"publisher\":{\"@id\":\"https:\/\/radiolifefm.com.br\/noticias\/#organization\"},\"image\":{\"@id\":\"https:\/\/radiolifefm.com.br\/noticias\/apos-coletiva-de-imprensa-a-agencia-sicredi-de-adamantina-tera-inauguracao-online-acompanhe-nas-redes-sociais-sicredi-centro-oeste-paulista\/#primaryimage\"},\"thumbnailUrl\":\"https:\/\/radiolifefm.com.br\/noticias\/wp-content\/uploads\/2021\/12\/WhatsApp-Image-2021-12-17-at-18.25.20.jpeg\",\"articleSection\":[\"Adamantina\"],\"inLanguage\":\"pt-BR\"},{\"@type\":\"WebPage\",\"@id\":\"https:\/\/radiolifefm.com.br\/noticias\/apos-coletiva-de-imprensa-a-agencia-sicredi-de-adamantina-tera-inauguracao-online-acompanhe-nas-redes-sociais-sicredi-centro-oeste-paulista\/\",\"url\":\"https:\/\/radiolifefm.com.br\/noticias\/apos-coletiva-de-imprensa-a-agencia-sicredi-de-adamantina-tera-inauguracao-online-acompanhe-nas-redes-sociais-sicredi-centro-oeste-paulista\/\",\"name\":\"Ap\u00f3s coletiva de imprensa, a agencia SICREDI de Adamantina ter\u00e1 inaugura\u00e7\u00e3o online. Acompanhe nas redes sociais, SICREDI Centro Oeste Paulista - R\u00e1dio Life FM\",\"isPartOf\":{\"@id\":\"https:\/\/radiolifefm.com.br\/noticias\/#website\"},\"primaryImageOfPage\":{\"@id\":\"https:\/\/radiolifefm.com.br\/noticias\/apos-coletiva-de-imprensa-a-agencia-sicredi-de-adamantina-tera-inauguracao-online-acompanhe-nas-redes-sociais-sicredi-centro-oeste-paulista\/#primaryimage\"},\"image\":{\"@id\":\"https:\/\/radiolifefm.com.br\/noticias\/apos-coletiva-de-imprensa-a-agencia-sicredi-de-adamantina-tera-inauguracao-online-acompanhe-nas-redes-sociais-sicredi-centro-oeste-paulista\/#primaryimage\"},\"thumbnailUrl\":\"https:\/\/radiolifefm.com.br\/noticias\/wp-content\/uploads\/2021\/12\/WhatsApp-Image-2021-12-17-at-18.25.20.jpeg\",\"datePublished\":\"2021-12-17T21:50:55+00:00\",\"dateModified\":\"2026-02-24T02:15:15+00:00\",\"breadcrumb\":{\"@id\":\"https:\/\/radiolifefm.com.br\/noticias\/apos-coletiva-de-imprensa-a-agencia-sicredi-de-adamantina-tera-inauguracao-online-acompanhe-nas-redes-sociais-sicredi-centro-oeste-paulista\/#breadcrumb\"},\"inLanguage\":\"pt-BR\",\"potentialAction\":[{\"@type\":\"ReadAction\",\"target\":[\"https:\/\/radiolifefm.com.br\/noticias\/apos-coletiva-de-imprensa-a-agencia-sicredi-de-adamantina-tera-inauguracao-online-acompanhe-nas-redes-sociais-sicredi-centro-oeste-paulista\/\"]}]},{\"@type\":\"ImageObject\",\"inLanguage\":\"pt-BR\",\"@id\":\"https:\/\/radiolifefm.com.br\/noticias\/apos-coletiva-de-imprensa-a-agencia-sicredi-de-adamantina-tera-inauguracao-online-acompanhe-nas-redes-sociais-sicredi-centro-oeste-paulista\/#primaryimage\",\"url\":\"https:\/\/radiolifefm.com.br\/noticias\/wp-content\/uploads\/2021\/12\/WhatsApp-Image-2021-12-17-at-18.25.20.jpeg\",\"contentUrl\":\"https:\/\/radiolifefm.com.br\/noticias\/wp-content\/uploads\/2021\/12\/WhatsApp-Image-2021-12-17-at-18.25.20.jpeg\",\"width\":1280,\"height\":960},{\"@type\":\"BreadcrumbList\",\"@id\":\"https:\/\/radiolifefm.com.br\/noticias\/apos-coletiva-de-imprensa-a-agencia-sicredi-de-adamantina-tera-inauguracao-online-acompanhe-nas-redes-sociais-sicredi-centro-oeste-paulista\/#breadcrumb\",\"itemListElement\":[{\"@type\":\"ListItem\",\"position\":1,\"name\":\"In\u00edcio\",\"item\":\"https:\/\/radiolifefm.com.br\/noticias\/\"},{\"@type\":\"ListItem\",\"position\":2,\"name\":\"Ap\u00f3s coletiva de imprensa, a agencia SICREDI de Adamantina ter\u00e1 inaugura\u00e7\u00e3o online. Acompanhe nas redes sociais, SICREDI Centro Oeste Paulista\"}]},{\"@type\":\"WebSite\",\"@id\":\"https:\/\/radiolifefm.com.br\/noticias\/#website\",\"url\":\"https:\/\/radiolifefm.com.br\/noticias\/\",\"name\":\"R\u00e1dio Life FM\",\"description\":\"O Portal de Not\u00edcias de Adamantina\",\"publisher\":{\"@id\":\"https:\/\/radiolifefm.com.br\/noticias\/#organization\"},\"alternateName\":\"Life FM\",\"potentialAction\":[{\"@type\":\"SearchAction\",\"target\":{\"@type\":\"EntryPoint\",\"urlTemplate\":\"https:\/\/radiolifefm.com.br\/noticias\/?s={search_term_string}\"},\"query-input\":{\"@type\":\"PropertyValueSpecification\",\"valueRequired\":true,\"valueName\":\"search_term_string\"}}],\"inLanguage\":\"pt-BR\"},{\"@type\":\"Organization\",\"@id\":\"https:\/\/radiolifefm.com.br\/noticias\/#organization\",\"name\":\"R\u00e1dio Life FM\",\"alternateName\":\"Life FM\",\"url\":\"https:\/\/radiolifefm.com.br\/noticias\/\",\"logo\":{\"@type\":\"ImageObject\",\"inLanguage\":\"pt-BR\",\"@id\":\"https:\/\/radiolifefm.com.br\/noticias\/#\/schema\/logo\/image\/\",\"url\":\"https:\/\/static.radiolifefm.com.br\/noticias\/wp-content\/uploads\/2019\/10\/logo-lifefm.png\",\"contentUrl\":\"https:\/\/static.radiolifefm.com.br\/noticias\/wp-content\/uploads\/2019\/10\/logo-lifefm.png\",\"width\":196,\"height\":47,\"caption\":\"R\u00e1dio Life FM\"},\"image\":{\"@id\":\"https:\/\/radiolifefm.com.br\/noticias\/#\/schema\/logo\/image\/\"},\"sameAs\":[\"https:\/\/www.facebook.com\/radiolifefm\/\",\"https:\/\/www.instagram.com\/life1079fm\/\"]},{\"@type\":\"Person\",\"@id\":\"https:\/\/radiolifefm.com.br\/noticias\/#\/schema\/person\/6339b9fac59d12b071dec680d7375d87\",\"name\":\"ritanery\",\"image\":{\"@type\":\"ImageObject\",\"inLanguage\":\"pt-BR\",\"@id\":\"https:\/\/secure.gravatar.com\/avatar\/0e37bb19071f47c0b8a23f62a903df117c5a0e75f65a0c2901562f97cd41cf86?s=96&d=mm&r=g\",\"url\":\"https:\/\/secure.gravatar.com\/avatar\/0e37bb19071f47c0b8a23f62a903df117c5a0e75f65a0c2901562f97cd41cf86?s=96&d=mm&r=g\",\"contentUrl\":\"https:\/\/secure.gravatar.com\/avatar\/0e37bb19071f47c0b8a23f62a903df117c5a0e75f65a0c2901562f97cd41cf86?s=96&d=mm&r=g\",\"caption\":\"ritanery\"}}]}<\/script>\n<!-- \/ Yoast SEO plugin. -->","yoast_head_json":{"title":"Ap\u00f3s coletiva de imprensa, a agencia SICREDI de Adamantina ter\u00e1 inaugura\u00e7\u00e3o online. Acompanhe nas redes sociais, SICREDI Centro Oeste Paulista - R\u00e1dio Life FM","robots":{"index":"index","follow":"follow","max-snippet":"max-snippet:-1","max-image-preview":"max-image-preview:large","max-video-preview":"max-video-preview:-1"},"canonical":"https:\/\/radiolifefm.com.br\/noticias\/apos-coletiva-de-imprensa-a-agencia-sicredi-de-adamantina-tera-inauguracao-online-acompanhe-nas-redes-sociais-sicredi-centro-oeste-paulista\/","og_locale":"pt_BR","og_type":"article","og_title":"Ap\u00f3s coletiva de imprensa, a agencia SICREDI de Adamantina ter\u00e1 inaugura\u00e7\u00e3o online. Acompanhe nas redes sociais, SICREDI Centro Oeste Paulista - R\u00e1dio Life FM","og_description":"A Coletiva de imprensa realizada na nova ag\u00eancia Sicredi localizada na Rua Osvaldo Cruz 151 esquina com a Al. Navarro de Andrade em frete a pra\u00e7a Helio Micheloni, realizada as 16h na sexta 17 reuniu o presidente da Sicredi Centro Oeste Paulista, Dr. Jo\u00e3o Alberto Salvi o Diretor executivo Ildo Wilde e demais membros da [&hellip;]","og_url":"https:\/\/radiolifefm.com.br\/noticias\/apos-coletiva-de-imprensa-a-agencia-sicredi-de-adamantina-tera-inauguracao-online-acompanhe-nas-redes-sociais-sicredi-centro-oeste-paulista\/","og_site_name":"R\u00e1dio Life FM","article_publisher":"https:\/\/www.facebook.com\/radiolifefm\/","article_published_time":"2021-12-17T21:50:55+00:00","article_modified_time":"2026-02-24T02:15:15+00:00","og_image":[{"width":1280,"height":960,"url":"https:\/\/radiolifefm.com.br\/noticias\/wp-content\/uploads\/2021\/12\/WhatsApp-Image-2021-12-17-at-18.25.20.jpeg","type":"image\/jpeg"}],"author":"ritanery","twitter_card":"summary_large_image","twitter_misc":{"Escrito por":"ritanery","Est. tempo de leitura":"2 minutos"},"schema":{"@context":"https:\/\/schema.org","@graph":[{"@type":"Article","@id":"https:\/\/radiolifefm.com.br\/noticias\/apos-coletiva-de-imprensa-a-agencia-sicredi-de-adamantina-tera-inauguracao-online-acompanhe-nas-redes-sociais-sicredi-centro-oeste-paulista\/#article","isPartOf":{"@id":"https:\/\/radiolifefm.com.br\/noticias\/apos-coletiva-de-imprensa-a-agencia-sicredi-de-adamantina-tera-inauguracao-online-acompanhe-nas-redes-sociais-sicredi-centro-oeste-paulista\/"},"author":{"name":"ritanery","@id":"https:\/\/radiolifefm.com.br\/noticias\/#\/schema\/person\/6339b9fac59d12b071dec680d7375d87"},"headline":"Ap\u00f3s coletiva de imprensa, a agencia SICREDI de Adamantina ter\u00e1 inaugura\u00e7\u00e3o online. Acompanhe nas redes sociais, SICREDI Centro Oeste Paulista","datePublished":"2021-12-17T21:50:55+00:00","dateModified":"2026-02-24T02:15:15+00:00","mainEntityOfPage":{"@id":"https:\/\/radiolifefm.com.br\/noticias\/apos-coletiva-de-imprensa-a-agencia-sicredi-de-adamantina-tera-inauguracao-online-acompanhe-nas-redes-sociais-sicredi-centro-oeste-paulista\/"},"wordCount":296,"publisher":{"@id":"https:\/\/radiolifefm.com.br\/noticias\/#organization"},"image":{"@id":"https:\/\/radiolifefm.com.br\/noticias\/apos-coletiva-de-imprensa-a-agencia-sicredi-de-adamantina-tera-inauguracao-online-acompanhe-nas-redes-sociais-sicredi-centro-oeste-paulista\/#primaryimage"},"thumbnailUrl":"https:\/\/radiolifefm.com.br\/noticias\/wp-content\/uploads\/2021\/12\/WhatsApp-Image-2021-12-17-at-18.25.20.jpeg","articleSection":["Adamantina"],"inLanguage":"pt-BR"},{"@type":"WebPage","@id":"https:\/\/radiolifefm.com.br\/noticias\/apos-coletiva-de-imprensa-a-agencia-sicredi-de-adamantina-tera-inauguracao-online-acompanhe-nas-redes-sociais-sicredi-centro-oeste-paulista\/","url":"https:\/\/radiolifefm.com.br\/noticias\/apos-coletiva-de-imprensa-a-agencia-sicredi-de-adamantina-tera-inauguracao-online-acompanhe-nas-redes-sociais-sicredi-centro-oeste-paulista\/","name":"Ap\u00f3s coletiva de imprensa, a agencia SICREDI de Adamantina ter\u00e1 inaugura\u00e7\u00e3o online. Acompanhe nas redes sociais, SICREDI Centro Oeste Paulista - R\u00e1dio Life FM","isPartOf":{"@id":"https:\/\/radiolifefm.com.br\/noticias\/#website"},"primaryImageOfPage":{"@id":"https:\/\/radiolifefm.com.br\/noticias\/apos-coletiva-de-imprensa-a-agencia-sicredi-de-adamantina-tera-inauguracao-online-acompanhe-nas-redes-sociais-sicredi-centro-oeste-paulista\/#primaryimage"},"image":{"@id":"https:\/\/radiolifefm.com.br\/noticias\/apos-coletiva-de-imprensa-a-agencia-sicredi-de-adamantina-tera-inauguracao-online-acompanhe-nas-redes-sociais-sicredi-centro-oeste-paulista\/#primaryimage"},"thumbnailUrl":"https:\/\/radiolifefm.com.br\/noticias\/wp-content\/uploads\/2021\/12\/WhatsApp-Image-2021-12-17-at-18.25.20.jpeg","datePublished":"2021-12-17T21:50:55+00:00","dateModified":"2026-02-24T02:15:15+00:00","breadcrumb":{"@id":"https:\/\/radiolifefm.com.br\/noticias\/apos-coletiva-de-imprensa-a-agencia-sicredi-de-adamantina-tera-inauguracao-online-acompanhe-nas-redes-sociais-sicredi-centro-oeste-paulista\/#breadcrumb"},"inLanguage":"pt-BR","potentialAction":[{"@type":"ReadAction","target":["https:\/\/radiolifefm.com.br\/noticias\/apos-coletiva-de-imprensa-a-agencia-sicredi-de-adamantina-tera-inauguracao-online-acompanhe-nas-redes-sociais-sicredi-centro-oeste-paulista\/"]}]},{"@type":"ImageObject","inLanguage":"pt-BR","@id":"https:\/\/radiolifefm.com.br\/noticias\/apos-coletiva-de-imprensa-a-agencia-sicredi-de-adamantina-tera-inauguracao-online-acompanhe-nas-redes-sociais-sicredi-centro-oeste-paulista\/#primaryimage","url":"https:\/\/radiolifefm.com.br\/noticias\/wp-content\/uploads\/2021\/12\/WhatsApp-Image-2021-12-17-at-18.25.20.jpeg","contentUrl":"https:\/\/radiolifefm.com.br\/noticias\/wp-content\/uploads\/2021\/12\/WhatsApp-Image-2021-12-17-at-18.25.20.jpeg","width":1280,"height":960},{"@type":"BreadcrumbList","@id":"https:\/\/radiolifefm.com.br\/noticias\/apos-coletiva-de-imprensa-a-agencia-sicredi-de-adamantina-tera-inauguracao-online-acompanhe-nas-redes-sociais-sicredi-centro-oeste-paulista\/#breadcrumb","itemListElement":[{"@type":"ListItem","position":1,"name":"In\u00edcio","item":"https:\/\/radiolifefm.com.br\/noticias\/"},{"@type":"ListItem","position":2,"name":"Ap\u00f3s coletiva de imprensa, a agencia SICREDI de Adamantina ter\u00e1 inaugura\u00e7\u00e3o online. Acompanhe nas redes sociais, SICREDI Centro Oeste Paulista"}]},{"@type":"WebSite","@id":"https:\/\/radiolifefm.com.br\/noticias\/#website","url":"https:\/\/radiolifefm.com.br\/noticias\/","name":"R\u00e1dio Life FM","description":"O Portal de Not\u00edcias de Adamantina","publisher":{"@id":"https:\/\/radiolifefm.com.br\/noticias\/#organization"},"alternateName":"Life FM","potentialAction":[{"@type":"SearchAction","target":{"@type":"EntryPoint","urlTemplate":"https:\/\/radiolifefm.com.br\/noticias\/?s={search_term_string}"},"query-input":{"@type":"PropertyValueSpecification","valueRequired":true,"valueName":"search_term_string"}}],"inLanguage":"pt-BR"},{"@type":"Organization","@id":"https:\/\/radiolifefm.com.br\/noticias\/#organization","name":"R\u00e1dio Life FM","alternateName":"Life FM","url":"https:\/\/radiolifefm.com.br\/noticias\/","logo":{"@type":"ImageObject","inLanguage":"pt-BR","@id":"https:\/\/radiolifefm.com.br\/noticias\/#\/schema\/logo\/image\/","url":"https:\/\/static.radiolifefm.com.br\/noticias\/wp-content\/uploads\/2019\/10\/logo-lifefm.png","contentUrl":"https:\/\/static.radiolifefm.com.br\/noticias\/wp-content\/uploads\/2019\/10\/logo-lifefm.png","width":196,"height":47,"caption":"R\u00e1dio Life FM"},"image":{"@id":"https:\/\/radiolifefm.com.br\/noticias\/#\/schema\/logo\/image\/"},"sameAs":["https:\/\/www.facebook.com\/radiolifefm\/","https:\/\/www.instagram.com\/life1079fm\/"]},{"@type":"Person","@id":"https:\/\/radiolifefm.com.br\/noticias\/#\/schema\/person\/6339b9fac59d12b071dec680d7375d87","name":"ritanery","image":{"@type":"ImageObject","inLanguage":"pt-BR","@id":"https:\/\/secure.gravatar.com\/avatar\/0e37bb19071f47c0b8a23f62a903df117c5a0e75f65a0c2901562f97cd41cf86?s=96&d=mm&r=g","url":"https:\/\/secure.gravatar.com\/avatar\/0e37bb19071f47c0b8a23f62a903df117c5a0e75f65a0c2901562f97cd41cf86?s=96&d=mm&r=g","contentUrl":"https:\/\/secure.gravatar.com\/avatar\/0e37bb19071f47c0b8a23f62a903df117c5a0e75f65a0c2901562f97cd41cf86?s=96&d=mm&r=g","caption":"ritanery"}}]}},"amp_enabled":true,"_links":{"self":[{"href":"https:\/\/radiolifefm.com.br\/noticias\/wp-json\/wp\/v2\/posts\/47164","targetHints":{"allow":["GET"]}}],"collection":[{"href":"https:\/\/radiolifefm.com.br\/noticias\/wp-json\/wp\/v2\/posts"}],"about":[{"href":"https:\/\/radiolifefm.com.br\/noticias\/wp-json\/wp\/v2\/types\/post"}],"author":[{"embeddable":true,"href":"https:\/\/radiolifefm.com.br\/noticias\/wp-json\/wp\/v2\/users\/13"}],"replies":[{"embeddable":true,"href":"https:\/\/radiolifefm.com.br\/noticias\/wp-json\/wp\/v2\/comments?post=47164"}],"version-history":[{"count":2,"href":"https:\/\/radiolifefm.com.br\/noticias\/wp-json\/wp\/v2\/posts\/47164\/revisions"}],"predecessor-version":[{"id":47172,"href":"https:\/\/radiolifefm.com.br\/noticias\/wp-json\/wp\/v2\/posts\/47164\/revisions\/47172"}],"wp:featuredmedia":[{"embeddable":true,"href":"https:\/\/radiolifefm.com.br\/noticias\/wp-json\/wp\/v2\/media\/47165"}],"wp:attachment":[{"href":"https:\/\/radiolifefm.com.br\/noticias\/wp-json\/wp\/v2\/media?parent=47164"}],"wp:term":[{"taxonomy":"category","embeddable":true,"href":"https:\/\/radiolifefm.com.br\/noticias\/wp-json\/wp\/v2\/categories?post=47164"},{"taxonomy":"post_tag","embeddable":true,"href":"https:\/\/radiolifefm.com.br\/noticias\/wp-json\/wp\/v2\/tags?post=47164"}],"curies":[{"name":"wp","href":"https:\/\/api.w.org\/{rel}","templated":true}]}}