{"id":47148,"date":"2021-12-16T16:07:54","date_gmt":"2021-12-16T19:07:54","guid":{"rendered":"https:\/\/radiolifefm.com.br\/noticias\/?p=47148"},"modified":"2026-04-09T11:38:47","modified_gmt":"2026-04-09T14:38:47","slug":"prefeitura-de-adamantina-recebe-mais-de-615-mil-em-recursos-do-mit","status":"publish","type":"post","link":"https:\/\/radiolifefm.com.br\/noticias\/prefeitura-de-adamantina-recebe-mais-de-615-mil-em-recursos-do-mit\/","title":{"rendered":"Prefeitura de Adamantina recebe mais de 615 mil em recursos do MIT"},"content":{"rendered":"<div id=\"fb-root\"><\/div>\n<p>Com o objetivo de reconhecer e homenagear os bombeiros do 3\u00ba subgrupamento que obtiveram destaque na presta\u00e7\u00e3o de servi\u00e7os junto \u00e0 comunidade, os profissionais receberam l\u00e1ureas de m\u00e9rito pessoal. Os 19 bombeiros que receberam a medalha atuam nas cidades de Adamantina e Osvaldo Cruz.<\/p>\n<p>A l\u00e1urea de m\u00e9rito pessoal tem por finalidade o reconhecimento dos m\u00e9ritos dos policiais militares que se sobressa\u00edram no desempenho da miss\u00e3o policial-militar.<\/p>\n<p>A condecora\u00e7\u00e3o \u00e9 dividida em 5 graus que podem ser conquistados ao longo da carreira Policial-Militar, iniciando no 5\u00ba grau e o primeiro \u00e9 o \u00faltimo grau a ser conquistado.<\/p>\n<p>Al\u00e9m dos profissionais que receberam a condecora\u00e7\u00e3o, a cerim\u00f4nia ainda contou com a entrega de certificados para a vice-prefeita Maria de Lourdes Santos Gil \u201cDinha\u201d, que na oportunidade representava o prefeito M\u00e1rcio Cardim que cumpre agenda em S\u00e3o Paulo e o secret\u00e1rio de administra\u00e7\u00e3o, Evandro Pereira de Souza.<\/p>\n<p>A certifica\u00e7\u00e3o foi entregue pelo Corpo de Bombeiros como forma de agradecimento por toda contribui\u00e7\u00e3o e apoio que o pelot\u00e3o recebe do Poder Executivo.<\/p>\n<p>Confira abaixo a lista dos bombeiros que foram condecorados e a ocorr\u00eancia em que atuaram<\/p>\n<p><strong>L\u00e1urea de m\u00e9rito pessoal em 5\u00ba grau<\/strong><\/p>\n<p>Cabo PM Maur\u00edcio Costabile Portas que atuou em ocorr\u00eancia de desengasgamento de uma beb\u00ea de 08 meses que foi levada pela m\u00e3e at\u00e9 o quartel.<\/p>\n<p>Soldado PM J\u00e9ssica Silva dos Santos que atuou em ocorr\u00eancia de acidente de tr\u00e2nsito na SP 294 envolvendo 02 carros e 01 caminh\u00e3o, onde 03 v\u00edtimas foram retiradas das ferragens e encaminhadas ao pronto socorro.<\/p>\n<p>Soldado PM Rafael Proen\u00e7a Caldeira de Oliveira que atuou em ocorr\u00eancia de acidente de tr\u00e2nsito na SP-294 envolvendo 01 caminh\u00e3o bi trem e 01 \u00f4nibus, totalizando 42 v\u00edtimas.<\/p>\n<p>Soldado PM Gilcemar de Marqui Ferramosca que atuou em ocorr\u00eancia de acidente de tr\u00e2nsito na SP-294 envolvendo 01 caminh\u00e3o bi trem e 01 \u00f4nibus, totalizando 42 v\u00edtimas.<\/p>\n<p>Soldado PM Patr\u00edcia Cristina Cavassana dos Anjos que atuou em ocorr\u00eancia onde uma v\u00edtima sofreu uma parada cardiorrespirat\u00f3ria ao lado do quartel, e devido ao atendimento prestado teve seu quadro revertido.<\/p>\n<p>Soldado PM Marcos Vinicius da silva que atuou em ocorr\u00eancia onde uma senhora de 73 anos sofreu uma parada cardiorrespirat\u00f3ria e devido ao atendimento prestado teve seu quadro revertido.<\/p>\n<p>Soldado PM Marcos Alberto Catolino dos Santos J\u00fanior que atuou em ocorr\u00eancia onde uma v\u00edtima sofreu uma parada cardiorrespirat\u00f3ria ao lado do quartel, e devido ao atendimento prestado teve seu quadro revertido.<\/p>\n<p>Soldado Thiago Soares dos Santos que atuou em ocorr\u00eancia onde uma v\u00edtima ap\u00f3s sofrer queda do telhado ficou com a haste de uma churrasqueira transfixada em seu abd\u00f4men, e devido ao atendimento prestado foi conduzido com seguran\u00e7a ao pronto socorro onde foi realizada a retirada.<\/p>\n<p>&nbsp;<\/p>\n<p><strong>L\u00e1urea de M\u00e9rito Pessoal em 4\u00ba Grau<\/strong><\/p>\n<p>&nbsp;<\/p>\n<p>1\u00ba Sargento PM Itamar De Marqui Ferramosca que atuou em ocorr\u00eancia de Acidente de tr\u00e2nsito na SP-294 envolvendo 01 caminh\u00e3o Bi trem e 01 \u00f4nibus, totalizando 42 V\u00edtimas.<\/p>\n<p>&nbsp;<\/p>\n<p>1\u00ba Sargento PM Ant\u00f4nio Marcos de Oliveira que atuou em ocorr\u00eancia de acidente de tr\u00e2nsito na SP- 294 envolvendo 01 caminh\u00e3o bi trem e 01 \u00f4nibus, totalizando 42 v\u00edtimas.<\/p>\n<p>&nbsp;<\/p>\n<p>Soldado PM Tiago Raimundo de Souza que atuou de folga em atendimento de ocorr\u00eancia onde uma pessoa estava tentando o suic\u00eddio em um viaduto na cidade de Presidente Prudente, e devido a sua a\u00e7\u00e3o r\u00e1pida e pontual conseguiu agarrar a v\u00edtima e evitando um mal maior.<\/p>\n<p>&nbsp;<\/p>\n<p>Soldado PM Jos\u00e9 Roberto Rodrigues Pardo que atuou em ocorr\u00eancia onde uma v\u00edtima sofreu uma parada cardiorrespirat\u00f3ria ao lado do quartel, e devido ao atendimento prestado teve seu quadro revertido.<\/p>\n<p>&nbsp;<\/p>\n<p>Soldado PM Daniel Celestino Cust\u00f3dio que atuou em ocorr\u00eancia onde uma v\u00edtima sofreu uma parada cardiorrespirat\u00f3ria ao lado do quartel, e devido ao atendimento prestado teve seu quadro revertido.<\/p>\n<p>&nbsp;<\/p>\n<p>Soldado PM Reinaldo Aparecido Nascimento da Silva que atuou em ocorr\u00eancia de desengasgamento de uma beb\u00ea de 08 meses.<\/p>\n<p><strong>L\u00e1urea de M\u00e9rito Pessoal 3\u00ba Grau<\/strong><\/p>\n<p>1\u00ba Sargento PM Daniel Furtado Bettio que de folga ao tomar ci\u00eancia de um inc\u00eandio na ind\u00fastria de couros Couroada se apresentou para os trabalhos em apoio \u00e0s equipes que atuavam no local, e tal ocorr\u00eancia teve 03 dias de dura\u00e7\u00e3o.<\/p>\n<p>&nbsp;<\/p>\n<p>2\u00ba Sargento PM Junio Cesar de Souza Xavier que atuou em ocorr\u00eancia onde uma v\u00edtima ap\u00f3s sofrer queda do telhado ficou com a haste de uma churrasqueira transfixada em seu abd\u00f4men, e devido ao atendimento prestado foi conduzido com seguran\u00e7a ao pronto socorro onde foi realizada a retirada.<\/p>\n<p>&nbsp;<\/p>\n<p>2\u00ba Sargento PM Gabriel Valente Silva que de folga ao tomar ci\u00eancia de um inc\u00eandio na ind\u00fastria de couros Couroada se apresentou para os trabalhos em apoio \u00e0s equipes que atuavam no local, e tal ocorr\u00eancia teve 03 dias de dura\u00e7\u00e3o.<\/p>\n<p>&nbsp;<\/p>\n<p>Cabo PM \u00c9der Jos\u00e9 Farina que atuou em ocorr\u00eancia onde uma v\u00edtima ap\u00f3s sofrer queda do telhado ficou com a haste de uma churrasqueira transfixada em seu abd\u00f4men, e devido ao atendimento prestado foi conduzido com seguran\u00e7a ao pronto socorro onde foi realizada a retirada.<\/p>\n<p><strong>L\u00e1urea de M\u00e9rito Pessoal 2\u00ba Grau<\/strong><\/p>\n<p>1\u00ba Sargento PM Paulo Rog\u00e9rio Victoriano que atuou em ocorr\u00eancia de acidente de tr\u00e2nsito na SP-294 envolvendo 01 caminh\u00e3o bi trem e 01 \u00f4nibus, totalizando 42 v\u00edtimas.<\/p>\n<p>Fonte: Assessoria de Imprensa<\/p>\n","protected":false},"excerpt":{"rendered":"<p>Com o objetivo de reconhecer e homenagear os bombeiros do 3\u00ba subgrupamento que obtiveram destaque na presta\u00e7\u00e3o de servi\u00e7os junto \u00e0 comunidade, os profissionais receberam l\u00e1ureas de m\u00e9rito pessoal. Os 19 bombeiros que receberam a medalha atuam nas cidades de Adamantina e Osvaldo Cruz. A l\u00e1urea de m\u00e9rito pessoal tem por finalidade o reconhecimento dos [&hellip;]<\/p>\n","protected":false},"author":13,"featured_media":47149,"comment_status":"closed","ping_status":"open","sticky":false,"template":"","format":"standard","meta":{"_acf_changed":false,"_exactmetrics_skip_tracking":false,"_exactmetrics_sitenote_active":false,"_exactmetrics_sitenote_note":"","_exactmetrics_sitenote_category":0,"footnotes":""},"categories":[21],"tags":[],"class_list":["post-47148","post","type-post","status-publish","format-standard","has-post-thumbnail","hentry","category-adamantina"],"acf":[],"yoast_head":"<!-- This site is optimized with the Yoast SEO plugin v27.2 - https:\/\/yoast.com\/product\/yoast-seo-wordpress\/ -->\n<title>Prefeitura de Adamantina recebe mais de 615 mil em recursos do MIT - R\u00e1dio Life FM<\/title>\n<meta name=\"robots\" content=\"index, follow, max-snippet:-1, max-image-preview:large, max-video-preview:-1\" \/>\n<link rel=\"canonical\" href=\"https:\/\/radiolifefm.com.br\/noticias\/prefeitura-de-adamantina-recebe-mais-de-615-mil-em-recursos-do-mit\/\" \/>\n<meta property=\"og:locale\" content=\"pt_BR\" \/>\n<meta property=\"og:type\" content=\"article\" \/>\n<meta property=\"og:title\" content=\"Prefeitura de Adamantina recebe mais de 615 mil em recursos do MIT - R\u00e1dio Life FM\" \/>\n<meta property=\"og:description\" content=\"Com o objetivo de reconhecer e homenagear os bombeiros do 3\u00ba subgrupamento que obtiveram destaque na presta\u00e7\u00e3o de servi\u00e7os junto \u00e0 comunidade, os profissionais receberam l\u00e1ureas de m\u00e9rito pessoal. Os 19 bombeiros que receberam a medalha atuam nas cidades de Adamantina e Osvaldo Cruz. A l\u00e1urea de m\u00e9rito pessoal tem por finalidade o reconhecimento dos [&hellip;]\" \/>\n<meta property=\"og:url\" content=\"https:\/\/radiolifefm.com.br\/noticias\/prefeitura-de-adamantina-recebe-mais-de-615-mil-em-recursos-do-mit\/\" \/>\n<meta property=\"og:site_name\" content=\"R\u00e1dio Life FM\" \/>\n<meta property=\"article:publisher\" content=\"https:\/\/www.facebook.com\/radiolifefm\/\" \/>\n<meta property=\"article:published_time\" content=\"2021-12-16T19:07:54+00:00\" \/>\n<meta property=\"article:modified_time\" content=\"2026-04-09T14:38:47+00:00\" \/>\n<meta property=\"og:image\" content=\"https:\/\/radiolifefm.com.br\/noticias\/wp-content\/uploads\/2021\/12\/foto-4.jpeg\" \/>\n\t<meta property=\"og:image:width\" content=\"1600\" \/>\n\t<meta property=\"og:image:height\" content=\"1067\" \/>\n\t<meta property=\"og:image:type\" content=\"image\/jpeg\" \/>\n<meta name=\"author\" content=\"ritanery\" \/>\n<meta name=\"twitter:card\" content=\"summary_large_image\" \/>\n<meta name=\"twitter:label1\" content=\"Escrito por\" \/>\n\t<meta name=\"twitter:data1\" content=\"ritanery\" \/>\n\t<meta name=\"twitter:label2\" content=\"Est. tempo de leitura\" \/>\n\t<meta name=\"twitter:data2\" content=\"5 minutos\" \/>\n<script type=\"application\/ld+json\" class=\"yoast-schema-graph\">{\"@context\":\"https:\/\/schema.org\",\"@graph\":[{\"@type\":\"Article\",\"@id\":\"https:\/\/radiolifefm.com.br\/noticias\/prefeitura-de-adamantina-recebe-mais-de-615-mil-em-recursos-do-mit\/#article\",\"isPartOf\":{\"@id\":\"https:\/\/radiolifefm.com.br\/noticias\/prefeitura-de-adamantina-recebe-mais-de-615-mil-em-recursos-do-mit\/\"},\"author\":{\"name\":\"ritanery\",\"@id\":\"https:\/\/radiolifefm.com.br\/noticias\/#\/schema\/person\/6339b9fac59d12b071dec680d7375d87\"},\"headline\":\"Prefeitura de Adamantina recebe mais de 615 mil em recursos do MIT\",\"datePublished\":\"2021-12-16T19:07:54+00:00\",\"dateModified\":\"2026-04-09T14:38:47+00:00\",\"mainEntityOfPage\":{\"@id\":\"https:\/\/radiolifefm.com.br\/noticias\/prefeitura-de-adamantina-recebe-mais-de-615-mil-em-recursos-do-mit\/\"},\"wordCount\":936,\"publisher\":{\"@id\":\"https:\/\/radiolifefm.com.br\/noticias\/#organization\"},\"image\":{\"@id\":\"https:\/\/radiolifefm.com.br\/noticias\/prefeitura-de-adamantina-recebe-mais-de-615-mil-em-recursos-do-mit\/#primaryimage\"},\"thumbnailUrl\":\"https:\/\/radiolifefm.com.br\/noticias\/wp-content\/uploads\/2021\/12\/foto-4.jpeg\",\"articleSection\":[\"Adamantina\"],\"inLanguage\":\"pt-BR\"},{\"@type\":\"WebPage\",\"@id\":\"https:\/\/radiolifefm.com.br\/noticias\/prefeitura-de-adamantina-recebe-mais-de-615-mil-em-recursos-do-mit\/\",\"url\":\"https:\/\/radiolifefm.com.br\/noticias\/prefeitura-de-adamantina-recebe-mais-de-615-mil-em-recursos-do-mit\/\",\"name\":\"Prefeitura de Adamantina recebe mais de 615 mil em recursos do MIT - R\u00e1dio Life FM\",\"isPartOf\":{\"@id\":\"https:\/\/radiolifefm.com.br\/noticias\/#website\"},\"primaryImageOfPage\":{\"@id\":\"https:\/\/radiolifefm.com.br\/noticias\/prefeitura-de-adamantina-recebe-mais-de-615-mil-em-recursos-do-mit\/#primaryimage\"},\"image\":{\"@id\":\"https:\/\/radiolifefm.com.br\/noticias\/prefeitura-de-adamantina-recebe-mais-de-615-mil-em-recursos-do-mit\/#primaryimage\"},\"thumbnailUrl\":\"https:\/\/radiolifefm.com.br\/noticias\/wp-content\/uploads\/2021\/12\/foto-4.jpeg\",\"datePublished\":\"2021-12-16T19:07:54+00:00\",\"dateModified\":\"2026-04-09T14:38:47+00:00\",\"breadcrumb\":{\"@id\":\"https:\/\/radiolifefm.com.br\/noticias\/prefeitura-de-adamantina-recebe-mais-de-615-mil-em-recursos-do-mit\/#breadcrumb\"},\"inLanguage\":\"pt-BR\",\"potentialAction\":[{\"@type\":\"ReadAction\",\"target\":[\"https:\/\/radiolifefm.com.br\/noticias\/prefeitura-de-adamantina-recebe-mais-de-615-mil-em-recursos-do-mit\/\"]}]},{\"@type\":\"ImageObject\",\"inLanguage\":\"pt-BR\",\"@id\":\"https:\/\/radiolifefm.com.br\/noticias\/prefeitura-de-adamantina-recebe-mais-de-615-mil-em-recursos-do-mit\/#primaryimage\",\"url\":\"https:\/\/radiolifefm.com.br\/noticias\/wp-content\/uploads\/2021\/12\/foto-4.jpeg\",\"contentUrl\":\"https:\/\/radiolifefm.com.br\/noticias\/wp-content\/uploads\/2021\/12\/foto-4.jpeg\",\"width\":1600,\"height\":1067,\"caption\":\"Montante ser\u00e1 aplicado para revitaliza\u00e7\u00e3o da Pra\u00e7a \u00c9lio Micheloni\"},{\"@type\":\"BreadcrumbList\",\"@id\":\"https:\/\/radiolifefm.com.br\/noticias\/prefeitura-de-adamantina-recebe-mais-de-615-mil-em-recursos-do-mit\/#breadcrumb\",\"itemListElement\":[{\"@type\":\"ListItem\",\"position\":1,\"name\":\"In\u00edcio\",\"item\":\"https:\/\/radiolifefm.com.br\/noticias\/\"},{\"@type\":\"ListItem\",\"position\":2,\"name\":\"Prefeitura de Adamantina recebe mais de 615 mil em recursos do MIT\"}]},{\"@type\":\"WebSite\",\"@id\":\"https:\/\/radiolifefm.com.br\/noticias\/#website\",\"url\":\"https:\/\/radiolifefm.com.br\/noticias\/\",\"name\":\"R\u00e1dio Life FM\",\"description\":\"O Portal de Not\u00edcias de Adamantina\",\"publisher\":{\"@id\":\"https:\/\/radiolifefm.com.br\/noticias\/#organization\"},\"alternateName\":\"Life FM\",\"potentialAction\":[{\"@type\":\"SearchAction\",\"target\":{\"@type\":\"EntryPoint\",\"urlTemplate\":\"https:\/\/radiolifefm.com.br\/noticias\/?s={search_term_string}\"},\"query-input\":{\"@type\":\"PropertyValueSpecification\",\"valueRequired\":true,\"valueName\":\"search_term_string\"}}],\"inLanguage\":\"pt-BR\"},{\"@type\":\"Organization\",\"@id\":\"https:\/\/radiolifefm.com.br\/noticias\/#organization\",\"name\":\"R\u00e1dio Life FM\",\"alternateName\":\"Life FM\",\"url\":\"https:\/\/radiolifefm.com.br\/noticias\/\",\"logo\":{\"@type\":\"ImageObject\",\"inLanguage\":\"pt-BR\",\"@id\":\"https:\/\/radiolifefm.com.br\/noticias\/#\/schema\/logo\/image\/\",\"url\":\"https:\/\/static.radiolifefm.com.br\/noticias\/wp-content\/uploads\/2019\/10\/logo-lifefm.png\",\"contentUrl\":\"https:\/\/static.radiolifefm.com.br\/noticias\/wp-content\/uploads\/2019\/10\/logo-lifefm.png\",\"width\":196,\"height\":47,\"caption\":\"R\u00e1dio Life FM\"},\"image\":{\"@id\":\"https:\/\/radiolifefm.com.br\/noticias\/#\/schema\/logo\/image\/\"},\"sameAs\":[\"https:\/\/www.facebook.com\/radiolifefm\/\",\"https:\/\/www.instagram.com\/life1079fm\/\"]},{\"@type\":\"Person\",\"@id\":\"https:\/\/radiolifefm.com.br\/noticias\/#\/schema\/person\/6339b9fac59d12b071dec680d7375d87\",\"name\":\"ritanery\",\"image\":{\"@type\":\"ImageObject\",\"inLanguage\":\"pt-BR\",\"@id\":\"https:\/\/secure.gravatar.com\/avatar\/0e37bb19071f47c0b8a23f62a903df117c5a0e75f65a0c2901562f97cd41cf86?s=96&d=mm&r=g\",\"url\":\"https:\/\/secure.gravatar.com\/avatar\/0e37bb19071f47c0b8a23f62a903df117c5a0e75f65a0c2901562f97cd41cf86?s=96&d=mm&r=g\",\"contentUrl\":\"https:\/\/secure.gravatar.com\/avatar\/0e37bb19071f47c0b8a23f62a903df117c5a0e75f65a0c2901562f97cd41cf86?s=96&d=mm&r=g\",\"caption\":\"ritanery\"}}]}<\/script>\n<!-- \/ Yoast SEO plugin. -->","yoast_head_json":{"title":"Prefeitura de Adamantina recebe mais de 615 mil em recursos do MIT - R\u00e1dio Life FM","robots":{"index":"index","follow":"follow","max-snippet":"max-snippet:-1","max-image-preview":"max-image-preview:large","max-video-preview":"max-video-preview:-1"},"canonical":"https:\/\/radiolifefm.com.br\/noticias\/prefeitura-de-adamantina-recebe-mais-de-615-mil-em-recursos-do-mit\/","og_locale":"pt_BR","og_type":"article","og_title":"Prefeitura de Adamantina recebe mais de 615 mil em recursos do MIT - R\u00e1dio Life FM","og_description":"Com o objetivo de reconhecer e homenagear os bombeiros do 3\u00ba subgrupamento que obtiveram destaque na presta\u00e7\u00e3o de servi\u00e7os junto \u00e0 comunidade, os profissionais receberam l\u00e1ureas de m\u00e9rito pessoal. Os 19 bombeiros que receberam a medalha atuam nas cidades de Adamantina e Osvaldo Cruz. A l\u00e1urea de m\u00e9rito pessoal tem por finalidade o reconhecimento dos [&hellip;]","og_url":"https:\/\/radiolifefm.com.br\/noticias\/prefeitura-de-adamantina-recebe-mais-de-615-mil-em-recursos-do-mit\/","og_site_name":"R\u00e1dio Life FM","article_publisher":"https:\/\/www.facebook.com\/radiolifefm\/","article_published_time":"2021-12-16T19:07:54+00:00","article_modified_time":"2026-04-09T14:38:47+00:00","og_image":[{"width":1600,"height":1067,"url":"https:\/\/radiolifefm.com.br\/noticias\/wp-content\/uploads\/2021\/12\/foto-4.jpeg","type":"image\/jpeg"}],"author":"ritanery","twitter_card":"summary_large_image","twitter_misc":{"Escrito por":"ritanery","Est. tempo de leitura":"5 minutos"},"schema":{"@context":"https:\/\/schema.org","@graph":[{"@type":"Article","@id":"https:\/\/radiolifefm.com.br\/noticias\/prefeitura-de-adamantina-recebe-mais-de-615-mil-em-recursos-do-mit\/#article","isPartOf":{"@id":"https:\/\/radiolifefm.com.br\/noticias\/prefeitura-de-adamantina-recebe-mais-de-615-mil-em-recursos-do-mit\/"},"author":{"name":"ritanery","@id":"https:\/\/radiolifefm.com.br\/noticias\/#\/schema\/person\/6339b9fac59d12b071dec680d7375d87"},"headline":"Prefeitura de Adamantina recebe mais de 615 mil em recursos do MIT","datePublished":"2021-12-16T19:07:54+00:00","dateModified":"2026-04-09T14:38:47+00:00","mainEntityOfPage":{"@id":"https:\/\/radiolifefm.com.br\/noticias\/prefeitura-de-adamantina-recebe-mais-de-615-mil-em-recursos-do-mit\/"},"wordCount":936,"publisher":{"@id":"https:\/\/radiolifefm.com.br\/noticias\/#organization"},"image":{"@id":"https:\/\/radiolifefm.com.br\/noticias\/prefeitura-de-adamantina-recebe-mais-de-615-mil-em-recursos-do-mit\/#primaryimage"},"thumbnailUrl":"https:\/\/radiolifefm.com.br\/noticias\/wp-content\/uploads\/2021\/12\/foto-4.jpeg","articleSection":["Adamantina"],"inLanguage":"pt-BR"},{"@type":"WebPage","@id":"https:\/\/radiolifefm.com.br\/noticias\/prefeitura-de-adamantina-recebe-mais-de-615-mil-em-recursos-do-mit\/","url":"https:\/\/radiolifefm.com.br\/noticias\/prefeitura-de-adamantina-recebe-mais-de-615-mil-em-recursos-do-mit\/","name":"Prefeitura de Adamantina recebe mais de 615 mil em recursos do MIT - R\u00e1dio Life FM","isPartOf":{"@id":"https:\/\/radiolifefm.com.br\/noticias\/#website"},"primaryImageOfPage":{"@id":"https:\/\/radiolifefm.com.br\/noticias\/prefeitura-de-adamantina-recebe-mais-de-615-mil-em-recursos-do-mit\/#primaryimage"},"image":{"@id":"https:\/\/radiolifefm.com.br\/noticias\/prefeitura-de-adamantina-recebe-mais-de-615-mil-em-recursos-do-mit\/#primaryimage"},"thumbnailUrl":"https:\/\/radiolifefm.com.br\/noticias\/wp-content\/uploads\/2021\/12\/foto-4.jpeg","datePublished":"2021-12-16T19:07:54+00:00","dateModified":"2026-04-09T14:38:47+00:00","breadcrumb":{"@id":"https:\/\/radiolifefm.com.br\/noticias\/prefeitura-de-adamantina-recebe-mais-de-615-mil-em-recursos-do-mit\/#breadcrumb"},"inLanguage":"pt-BR","potentialAction":[{"@type":"ReadAction","target":["https:\/\/radiolifefm.com.br\/noticias\/prefeitura-de-adamantina-recebe-mais-de-615-mil-em-recursos-do-mit\/"]}]},{"@type":"ImageObject","inLanguage":"pt-BR","@id":"https:\/\/radiolifefm.com.br\/noticias\/prefeitura-de-adamantina-recebe-mais-de-615-mil-em-recursos-do-mit\/#primaryimage","url":"https:\/\/radiolifefm.com.br\/noticias\/wp-content\/uploads\/2021\/12\/foto-4.jpeg","contentUrl":"https:\/\/radiolifefm.com.br\/noticias\/wp-content\/uploads\/2021\/12\/foto-4.jpeg","width":1600,"height":1067,"caption":"Montante ser\u00e1 aplicado para revitaliza\u00e7\u00e3o da Pra\u00e7a \u00c9lio Micheloni"},{"@type":"BreadcrumbList","@id":"https:\/\/radiolifefm.com.br\/noticias\/prefeitura-de-adamantina-recebe-mais-de-615-mil-em-recursos-do-mit\/#breadcrumb","itemListElement":[{"@type":"ListItem","position":1,"name":"In\u00edcio","item":"https:\/\/radiolifefm.com.br\/noticias\/"},{"@type":"ListItem","position":2,"name":"Prefeitura de Adamantina recebe mais de 615 mil em recursos do MIT"}]},{"@type":"WebSite","@id":"https:\/\/radiolifefm.com.br\/noticias\/#website","url":"https:\/\/radiolifefm.com.br\/noticias\/","name":"R\u00e1dio Life FM","description":"O Portal de Not\u00edcias de Adamantina","publisher":{"@id":"https:\/\/radiolifefm.com.br\/noticias\/#organization"},"alternateName":"Life FM","potentialAction":[{"@type":"SearchAction","target":{"@type":"EntryPoint","urlTemplate":"https:\/\/radiolifefm.com.br\/noticias\/?s={search_term_string}"},"query-input":{"@type":"PropertyValueSpecification","valueRequired":true,"valueName":"search_term_string"}}],"inLanguage":"pt-BR"},{"@type":"Organization","@id":"https:\/\/radiolifefm.com.br\/noticias\/#organization","name":"R\u00e1dio Life FM","alternateName":"Life FM","url":"https:\/\/radiolifefm.com.br\/noticias\/","logo":{"@type":"ImageObject","inLanguage":"pt-BR","@id":"https:\/\/radiolifefm.com.br\/noticias\/#\/schema\/logo\/image\/","url":"https:\/\/static.radiolifefm.com.br\/noticias\/wp-content\/uploads\/2019\/10\/logo-lifefm.png","contentUrl":"https:\/\/static.radiolifefm.com.br\/noticias\/wp-content\/uploads\/2019\/10\/logo-lifefm.png","width":196,"height":47,"caption":"R\u00e1dio Life FM"},"image":{"@id":"https:\/\/radiolifefm.com.br\/noticias\/#\/schema\/logo\/image\/"},"sameAs":["https:\/\/www.facebook.com\/radiolifefm\/","https:\/\/www.instagram.com\/life1079fm\/"]},{"@type":"Person","@id":"https:\/\/radiolifefm.com.br\/noticias\/#\/schema\/person\/6339b9fac59d12b071dec680d7375d87","name":"ritanery","image":{"@type":"ImageObject","inLanguage":"pt-BR","@id":"https:\/\/secure.gravatar.com\/avatar\/0e37bb19071f47c0b8a23f62a903df117c5a0e75f65a0c2901562f97cd41cf86?s=96&d=mm&r=g","url":"https:\/\/secure.gravatar.com\/avatar\/0e37bb19071f47c0b8a23f62a903df117c5a0e75f65a0c2901562f97cd41cf86?s=96&d=mm&r=g","contentUrl":"https:\/\/secure.gravatar.com\/avatar\/0e37bb19071f47c0b8a23f62a903df117c5a0e75f65a0c2901562f97cd41cf86?s=96&d=mm&r=g","caption":"ritanery"}}]}},"amp_enabled":true,"_links":{"self":[{"href":"https:\/\/radiolifefm.com.br\/noticias\/wp-json\/wp\/v2\/posts\/47148","targetHints":{"allow":["GET"]}}],"collection":[{"href":"https:\/\/radiolifefm.com.br\/noticias\/wp-json\/wp\/v2\/posts"}],"about":[{"href":"https:\/\/radiolifefm.com.br\/noticias\/wp-json\/wp\/v2\/types\/post"}],"author":[{"embeddable":true,"href":"https:\/\/radiolifefm.com.br\/noticias\/wp-json\/wp\/v2\/users\/13"}],"replies":[{"embeddable":true,"href":"https:\/\/radiolifefm.com.br\/noticias\/wp-json\/wp\/v2\/comments?post=47148"}],"version-history":[{"count":1,"href":"https:\/\/radiolifefm.com.br\/noticias\/wp-json\/wp\/v2\/posts\/47148\/revisions"}],"predecessor-version":[{"id":47150,"href":"https:\/\/radiolifefm.com.br\/noticias\/wp-json\/wp\/v2\/posts\/47148\/revisions\/47150"}],"wp:featuredmedia":[{"embeddable":true,"href":"https:\/\/radiolifefm.com.br\/noticias\/wp-json\/wp\/v2\/media\/47149"}],"wp:attachment":[{"href":"https:\/\/radiolifefm.com.br\/noticias\/wp-json\/wp\/v2\/media?parent=47148"}],"wp:term":[{"taxonomy":"category","embeddable":true,"href":"https:\/\/radiolifefm.com.br\/noticias\/wp-json\/wp\/v2\/categories?post=47148"},{"taxonomy":"post_tag","embeddable":true,"href":"https:\/\/radiolifefm.com.br\/noticias\/wp-json\/wp\/v2\/tags?post=47148"}],"curies":[{"name":"wp","href":"https:\/\/api.w.org\/{rel}","templated":true}]}}