{"id":47133,"date":"2021-12-16T14:17:16","date_gmt":"2021-12-16T17:17:16","guid":{"rendered":"https:\/\/radiolifefm.com.br\/noticias\/?p=47133"},"modified":"2026-04-03T03:41:38","modified_gmt":"2026-04-03T06:41:38","slug":"novo-local-presepio-vivo-sera-apresentado-na-praca-do-entorno-da-matriz-de-santo-antonio","status":"publish","type":"post","link":"https:\/\/radiolifefm.com.br\/noticias\/novo-local-presepio-vivo-sera-apresentado-na-praca-do-entorno-da-matriz-de-santo-antonio\/","title":{"rendered":"Novo local: pres\u00e9pio vivo ser\u00e1 apresentado na pra\u00e7a do entorno da Matriz de Santo Ant\u00f4nio"},"content":{"rendered":"<div id=\"fb-root\"><\/div>\n<p>Ap\u00f3s a divulga\u00e7\u00e3o da apresenta\u00e7\u00e3o do pres\u00e9pio vivo, que ser\u00e1 na noite da pr\u00f3xima segunda-feira (20) em Adamantina \u2013 com realiza\u00e7\u00e3o da Associa\u00e7\u00e3o Comercial e Empresarial (ACE), rede de volunt\u00e1rios colaboradores e parceiros \u2013 os organizadores acolheram sugest\u00f5es e decidiram por realizar a atividade em um novo local.<\/p>\n<p>O que ser\u00e1 realizado na Pra\u00e7a \u00c9lio Micheloni, vai acontecer agora na pra\u00e7a do entorno da Igreja Matriz de Santo Ant\u00f4nio. O hor\u00e1rio continua o mesmo: 20h30. A iniciativa, voltada aos aspectos centrais do Natal, deve marcar o fim de ano em Adamantina.<\/p>\n<p>A mudan\u00e7a do local tamb\u00e9m permite descentralizar as atividades que est\u00e3o concentradas na Pra\u00e7a \u00c9lio Micheloni, ampliando a inser\u00e7\u00e3o da iniciativa da ACE junto ao per\u00edmetro comercial central.<\/p>\n<p><strong>Preparativos <\/strong><\/p>\n<p>Para a atividade, os atores do pres\u00e9pio vivo t\u00eam ensaiado nas \u00faltimas semanas. A execu\u00e7\u00e3o do projeto mobiliza uma ampla rede de volunt\u00e1rios, colaboradores e parceiros, que se identificaram com o projeto e atuam para coloc\u00e1-lo em pr\u00e1tica. O roteiro e os elementos que ser\u00e3o usados na encena\u00e7\u00e3o devem chamar a aten\u00e7\u00e3o do p\u00fablico.<\/p>\n<p>A apresenta\u00e7\u00e3o do pres\u00e9pio vivo est\u00e1 inserida na programa\u00e7\u00e3o oficial de eventos para dezembro, divulgada pela Secretaria Municipal de Cultura e Turismo de Adamantina, que \u00e9 parceira e apoiadora da iniciativa. As comunidades religiosas locais e o Centro de Equoterapia \u201cPassos que Curam\u201d tamb\u00e9m s\u00e3o apoiadores e est\u00e3o envolvidos na apresenta\u00e7\u00e3o teatral especial.<\/p>\n<p>Com a iniciativa, a ACE espera sensibilizar o p\u00fablico para a data, sobretudo em meio ao contexto da pandemia \u2013 marcada por perdas e supera\u00e7\u00f5es \u2013 como tamb\u00e9m no ambiente festivo, de reflex\u00f5es e celebra\u00e7\u00f5es do Natal.<\/p>\n<p>A ACE orienta que o p\u00fablico compare\u00e7a seguindo as orienta\u00e7\u00f5es do protocolo sanit\u00e1rio para a Covid-19, entre os quais, o uso de m\u00e1scaras de prote\u00e7\u00e3o facial.<\/p>\n<p><strong>Barraca Premiada tamb\u00e9m t\u00eam novo local<\/strong><\/p>\n<p>O grande presente para os consumidores preparado pela ACE em parceria com os empres\u00e1rios \u00e9 o oferecimento de diversos vales-compras, cujos valores ir\u00e3o de R$ 50 a R$ 500, todos doados pelos colaboradores.<\/p>\n<p>Para concorrer aos pr\u00eamios, bastar\u00e1 que o consumidor fa\u00e7a uma compra a partir de R$ 50 nas lojas participantes identificadas com adesivo da ACEA\u00c7\u00c3O e, de posse do cupom fiscal, se dirija \u00e0 Barraca Premiada que estar\u00e1 montada no Auto Posto Rio Branco, dia 20 e 23 de dezembro.<\/p>\n<p><strong>Com\u00e9rcio no fim de ano<\/strong><\/p>\n<p>O funcionamento do com\u00e9rcio em per\u00edodo noturno, de segunda a sexta, teve in\u00edcio nesta semana e vai at\u00e9 o dia 23, das 9h \u00e0s 22h. Neste s\u00e1bado (18) o com\u00e9rcio de Adamantina tem funcionamento das 9h \u00e0s 16h.<\/p>\n<p>\u00c0s v\u00e9speras de Natal e Ano Novo caem na sexta-feira. Na v\u00e9spera do Natal \u2013 24 \u2013 o com\u00e9rcio vai funcionar das 9h \u00e0s 16h. J\u00e1 os supermercados podem funcionar at\u00e9 \u00e0s 18h. Na v\u00e9spera do Ano Novo \u2013 31 \u2013 o funcionamento do com\u00e9rcio ser\u00e1 das 9h \u00e0s 13h. Os supermercados at\u00e9 \u00e0s 18h.<\/p>\n<p>Fonte: Acess\u00f3ria de Imprensa<\/p>\n","protected":false},"excerpt":{"rendered":"<p>Ap\u00f3s a divulga\u00e7\u00e3o da apresenta\u00e7\u00e3o do pres\u00e9pio vivo, que ser\u00e1 na noite da pr\u00f3xima segunda-feira (20) em Adamantina \u2013 com realiza\u00e7\u00e3o da Associa\u00e7\u00e3o Comercial e Empresarial (ACE), rede de volunt\u00e1rios colaboradores e parceiros \u2013 os organizadores acolheram sugest\u00f5es e decidiram por realizar a atividade em um novo local. O que ser\u00e1 realizado na Pra\u00e7a \u00c9lio [&hellip;]<\/p>\n","protected":false},"author":13,"featured_media":47134,"comment_status":"closed","ping_status":"open","sticky":false,"template":"","format":"standard","meta":{"_acf_changed":false,"_exactmetrics_skip_tracking":false,"_exactmetrics_sitenote_active":false,"_exactmetrics_sitenote_note":"","_exactmetrics_sitenote_category":0,"footnotes":""},"categories":[21],"tags":[],"class_list":["post-47133","post","type-post","status-publish","format-standard","has-post-thumbnail","hentry","category-adamantina"],"acf":[],"yoast_head":"<!-- This site is optimized with the Yoast SEO plugin v27.2 - https:\/\/yoast.com\/product\/yoast-seo-wordpress\/ -->\n<title>Novo local: pres\u00e9pio vivo ser\u00e1 apresentado na pra\u00e7a do entorno da Matriz de Santo Ant\u00f4nio - R\u00e1dio Life FM<\/title>\n<meta name=\"robots\" content=\"index, follow, max-snippet:-1, max-image-preview:large, max-video-preview:-1\" \/>\n<link rel=\"canonical\" href=\"https:\/\/radiolifefm.com.br\/noticias\/novo-local-presepio-vivo-sera-apresentado-na-praca-do-entorno-da-matriz-de-santo-antonio\/\" \/>\n<meta property=\"og:locale\" content=\"pt_BR\" \/>\n<meta property=\"og:type\" content=\"article\" \/>\n<meta property=\"og:title\" content=\"Novo local: pres\u00e9pio vivo ser\u00e1 apresentado na pra\u00e7a do entorno da Matriz de Santo Ant\u00f4nio - R\u00e1dio Life FM\" \/>\n<meta property=\"og:description\" content=\"Ap\u00f3s a divulga\u00e7\u00e3o da apresenta\u00e7\u00e3o do pres\u00e9pio vivo, que ser\u00e1 na noite da pr\u00f3xima segunda-feira (20) em Adamantina \u2013 com realiza\u00e7\u00e3o da Associa\u00e7\u00e3o Comercial e Empresarial (ACE), rede de volunt\u00e1rios colaboradores e parceiros \u2013 os organizadores acolheram sugest\u00f5es e decidiram por realizar a atividade em um novo local. O que ser\u00e1 realizado na Pra\u00e7a \u00c9lio [&hellip;]\" \/>\n<meta property=\"og:url\" content=\"https:\/\/radiolifefm.com.br\/noticias\/novo-local-presepio-vivo-sera-apresentado-na-praca-do-entorno-da-matriz-de-santo-antonio\/\" \/>\n<meta property=\"og:site_name\" content=\"R\u00e1dio Life FM\" \/>\n<meta property=\"article:publisher\" content=\"https:\/\/www.facebook.com\/radiolifefm\/\" \/>\n<meta property=\"article:published_time\" content=\"2021-12-16T17:17:16+00:00\" \/>\n<meta property=\"article:modified_time\" content=\"2026-04-03T06:41:38+00:00\" \/>\n<meta property=\"og:image\" content=\"https:\/\/radiolifefm.com.br\/noticias\/wp-content\/uploads\/2021\/12\/Paroquia-de-Santo-Antonio-Adamantina.jpg\" \/>\n\t<meta property=\"og:image:width\" content=\"870\" \/>\n\t<meta property=\"og:image:height\" content=\"522\" \/>\n\t<meta property=\"og:image:type\" content=\"image\/jpeg\" \/>\n<meta name=\"author\" content=\"ritanery\" \/>\n<meta name=\"twitter:card\" content=\"summary_large_image\" \/>\n<meta name=\"twitter:label1\" content=\"Escrito por\" \/>\n\t<meta name=\"twitter:data1\" content=\"ritanery\" \/>\n\t<meta name=\"twitter:label2\" content=\"Est. tempo de leitura\" \/>\n\t<meta name=\"twitter:data2\" content=\"3 minutos\" \/>\n<script type=\"application\/ld+json\" class=\"yoast-schema-graph\">{\"@context\":\"https:\/\/schema.org\",\"@graph\":[{\"@type\":\"Article\",\"@id\":\"https:\/\/radiolifefm.com.br\/noticias\/novo-local-presepio-vivo-sera-apresentado-na-praca-do-entorno-da-matriz-de-santo-antonio\/#article\",\"isPartOf\":{\"@id\":\"https:\/\/radiolifefm.com.br\/noticias\/novo-local-presepio-vivo-sera-apresentado-na-praca-do-entorno-da-matriz-de-santo-antonio\/\"},\"author\":{\"name\":\"ritanery\",\"@id\":\"https:\/\/radiolifefm.com.br\/noticias\/#\/schema\/person\/6339b9fac59d12b071dec680d7375d87\"},\"headline\":\"Novo local: pres\u00e9pio vivo ser\u00e1 apresentado na pra\u00e7a do entorno da Matriz de Santo Ant\u00f4nio\",\"datePublished\":\"2021-12-16T17:17:16+00:00\",\"dateModified\":\"2026-04-03T06:41:38+00:00\",\"mainEntityOfPage\":{\"@id\":\"https:\/\/radiolifefm.com.br\/noticias\/novo-local-presepio-vivo-sera-apresentado-na-praca-do-entorno-da-matriz-de-santo-antonio\/\"},\"wordCount\":543,\"publisher\":{\"@id\":\"https:\/\/radiolifefm.com.br\/noticias\/#organization\"},\"image\":{\"@id\":\"https:\/\/radiolifefm.com.br\/noticias\/novo-local-presepio-vivo-sera-apresentado-na-praca-do-entorno-da-matriz-de-santo-antonio\/#primaryimage\"},\"thumbnailUrl\":\"https:\/\/radiolifefm.com.br\/noticias\/wp-content\/uploads\/2021\/12\/Paroquia-de-Santo-Antonio-Adamantina.jpg\",\"articleSection\":[\"Adamantina\"],\"inLanguage\":\"pt-BR\"},{\"@type\":\"WebPage\",\"@id\":\"https:\/\/radiolifefm.com.br\/noticias\/novo-local-presepio-vivo-sera-apresentado-na-praca-do-entorno-da-matriz-de-santo-antonio\/\",\"url\":\"https:\/\/radiolifefm.com.br\/noticias\/novo-local-presepio-vivo-sera-apresentado-na-praca-do-entorno-da-matriz-de-santo-antonio\/\",\"name\":\"Novo local: pres\u00e9pio vivo ser\u00e1 apresentado na pra\u00e7a do entorno da Matriz de Santo Ant\u00f4nio - R\u00e1dio Life FM\",\"isPartOf\":{\"@id\":\"https:\/\/radiolifefm.com.br\/noticias\/#website\"},\"primaryImageOfPage\":{\"@id\":\"https:\/\/radiolifefm.com.br\/noticias\/novo-local-presepio-vivo-sera-apresentado-na-praca-do-entorno-da-matriz-de-santo-antonio\/#primaryimage\"},\"image\":{\"@id\":\"https:\/\/radiolifefm.com.br\/noticias\/novo-local-presepio-vivo-sera-apresentado-na-praca-do-entorno-da-matriz-de-santo-antonio\/#primaryimage\"},\"thumbnailUrl\":\"https:\/\/radiolifefm.com.br\/noticias\/wp-content\/uploads\/2021\/12\/Paroquia-de-Santo-Antonio-Adamantina.jpg\",\"datePublished\":\"2021-12-16T17:17:16+00:00\",\"dateModified\":\"2026-04-03T06:41:38+00:00\",\"breadcrumb\":{\"@id\":\"https:\/\/radiolifefm.com.br\/noticias\/novo-local-presepio-vivo-sera-apresentado-na-praca-do-entorno-da-matriz-de-santo-antonio\/#breadcrumb\"},\"inLanguage\":\"pt-BR\",\"potentialAction\":[{\"@type\":\"ReadAction\",\"target\":[\"https:\/\/radiolifefm.com.br\/noticias\/novo-local-presepio-vivo-sera-apresentado-na-praca-do-entorno-da-matriz-de-santo-antonio\/\"]}]},{\"@type\":\"ImageObject\",\"inLanguage\":\"pt-BR\",\"@id\":\"https:\/\/radiolifefm.com.br\/noticias\/novo-local-presepio-vivo-sera-apresentado-na-praca-do-entorno-da-matriz-de-santo-antonio\/#primaryimage\",\"url\":\"https:\/\/radiolifefm.com.br\/noticias\/wp-content\/uploads\/2021\/12\/Paroquia-de-Santo-Antonio-Adamantina.jpg\",\"contentUrl\":\"https:\/\/radiolifefm.com.br\/noticias\/wp-content\/uploads\/2021\/12\/Paroquia-de-Santo-Antonio-Adamantina.jpg\",\"width\":870,\"height\":522,\"caption\":\"Apresenta\u00e7\u00e3o \u00fanica ser\u00e1 na pr\u00f3xima segunda-feira, 20 de dezembro, \u00e0s 20h30. Iniciativa \u00e9 da Associa\u00e7\u00e3o Comercial e Empresarial e parceiros.\"},{\"@type\":\"BreadcrumbList\",\"@id\":\"https:\/\/radiolifefm.com.br\/noticias\/novo-local-presepio-vivo-sera-apresentado-na-praca-do-entorno-da-matriz-de-santo-antonio\/#breadcrumb\",\"itemListElement\":[{\"@type\":\"ListItem\",\"position\":1,\"name\":\"In\u00edcio\",\"item\":\"https:\/\/radiolifefm.com.br\/noticias\/\"},{\"@type\":\"ListItem\",\"position\":2,\"name\":\"Novo local: pres\u00e9pio vivo ser\u00e1 apresentado na pra\u00e7a do entorno da Matriz de Santo Ant\u00f4nio\"}]},{\"@type\":\"WebSite\",\"@id\":\"https:\/\/radiolifefm.com.br\/noticias\/#website\",\"url\":\"https:\/\/radiolifefm.com.br\/noticias\/\",\"name\":\"R\u00e1dio Life FM\",\"description\":\"O Portal de Not\u00edcias de Adamantina\",\"publisher\":{\"@id\":\"https:\/\/radiolifefm.com.br\/noticias\/#organization\"},\"alternateName\":\"Life FM\",\"potentialAction\":[{\"@type\":\"SearchAction\",\"target\":{\"@type\":\"EntryPoint\",\"urlTemplate\":\"https:\/\/radiolifefm.com.br\/noticias\/?s={search_term_string}\"},\"query-input\":{\"@type\":\"PropertyValueSpecification\",\"valueRequired\":true,\"valueName\":\"search_term_string\"}}],\"inLanguage\":\"pt-BR\"},{\"@type\":\"Organization\",\"@id\":\"https:\/\/radiolifefm.com.br\/noticias\/#organization\",\"name\":\"R\u00e1dio Life FM\",\"alternateName\":\"Life FM\",\"url\":\"https:\/\/radiolifefm.com.br\/noticias\/\",\"logo\":{\"@type\":\"ImageObject\",\"inLanguage\":\"pt-BR\",\"@id\":\"https:\/\/radiolifefm.com.br\/noticias\/#\/schema\/logo\/image\/\",\"url\":\"https:\/\/static.radiolifefm.com.br\/noticias\/wp-content\/uploads\/2019\/10\/logo-lifefm.png\",\"contentUrl\":\"https:\/\/static.radiolifefm.com.br\/noticias\/wp-content\/uploads\/2019\/10\/logo-lifefm.png\",\"width\":196,\"height\":47,\"caption\":\"R\u00e1dio Life FM\"},\"image\":{\"@id\":\"https:\/\/radiolifefm.com.br\/noticias\/#\/schema\/logo\/image\/\"},\"sameAs\":[\"https:\/\/www.facebook.com\/radiolifefm\/\",\"https:\/\/www.instagram.com\/life1079fm\/\"]},{\"@type\":\"Person\",\"@id\":\"https:\/\/radiolifefm.com.br\/noticias\/#\/schema\/person\/6339b9fac59d12b071dec680d7375d87\",\"name\":\"ritanery\",\"image\":{\"@type\":\"ImageObject\",\"inLanguage\":\"pt-BR\",\"@id\":\"https:\/\/secure.gravatar.com\/avatar\/0e37bb19071f47c0b8a23f62a903df117c5a0e75f65a0c2901562f97cd41cf86?s=96&d=mm&r=g\",\"url\":\"https:\/\/secure.gravatar.com\/avatar\/0e37bb19071f47c0b8a23f62a903df117c5a0e75f65a0c2901562f97cd41cf86?s=96&d=mm&r=g\",\"contentUrl\":\"https:\/\/secure.gravatar.com\/avatar\/0e37bb19071f47c0b8a23f62a903df117c5a0e75f65a0c2901562f97cd41cf86?s=96&d=mm&r=g\",\"caption\":\"ritanery\"}}]}<\/script>\n<!-- \/ Yoast SEO plugin. -->","yoast_head_json":{"title":"Novo local: pres\u00e9pio vivo ser\u00e1 apresentado na pra\u00e7a do entorno da Matriz de Santo Ant\u00f4nio - R\u00e1dio Life FM","robots":{"index":"index","follow":"follow","max-snippet":"max-snippet:-1","max-image-preview":"max-image-preview:large","max-video-preview":"max-video-preview:-1"},"canonical":"https:\/\/radiolifefm.com.br\/noticias\/novo-local-presepio-vivo-sera-apresentado-na-praca-do-entorno-da-matriz-de-santo-antonio\/","og_locale":"pt_BR","og_type":"article","og_title":"Novo local: pres\u00e9pio vivo ser\u00e1 apresentado na pra\u00e7a do entorno da Matriz de Santo Ant\u00f4nio - R\u00e1dio Life FM","og_description":"Ap\u00f3s a divulga\u00e7\u00e3o da apresenta\u00e7\u00e3o do pres\u00e9pio vivo, que ser\u00e1 na noite da pr\u00f3xima segunda-feira (20) em Adamantina \u2013 com realiza\u00e7\u00e3o da Associa\u00e7\u00e3o Comercial e Empresarial (ACE), rede de volunt\u00e1rios colaboradores e parceiros \u2013 os organizadores acolheram sugest\u00f5es e decidiram por realizar a atividade em um novo local. O que ser\u00e1 realizado na Pra\u00e7a \u00c9lio [&hellip;]","og_url":"https:\/\/radiolifefm.com.br\/noticias\/novo-local-presepio-vivo-sera-apresentado-na-praca-do-entorno-da-matriz-de-santo-antonio\/","og_site_name":"R\u00e1dio Life FM","article_publisher":"https:\/\/www.facebook.com\/radiolifefm\/","article_published_time":"2021-12-16T17:17:16+00:00","article_modified_time":"2026-04-03T06:41:38+00:00","og_image":[{"width":870,"height":522,"url":"https:\/\/radiolifefm.com.br\/noticias\/wp-content\/uploads\/2021\/12\/Paroquia-de-Santo-Antonio-Adamantina.jpg","type":"image\/jpeg"}],"author":"ritanery","twitter_card":"summary_large_image","twitter_misc":{"Escrito por":"ritanery","Est. tempo de leitura":"3 minutos"},"schema":{"@context":"https:\/\/schema.org","@graph":[{"@type":"Article","@id":"https:\/\/radiolifefm.com.br\/noticias\/novo-local-presepio-vivo-sera-apresentado-na-praca-do-entorno-da-matriz-de-santo-antonio\/#article","isPartOf":{"@id":"https:\/\/radiolifefm.com.br\/noticias\/novo-local-presepio-vivo-sera-apresentado-na-praca-do-entorno-da-matriz-de-santo-antonio\/"},"author":{"name":"ritanery","@id":"https:\/\/radiolifefm.com.br\/noticias\/#\/schema\/person\/6339b9fac59d12b071dec680d7375d87"},"headline":"Novo local: pres\u00e9pio vivo ser\u00e1 apresentado na pra\u00e7a do entorno da Matriz de Santo Ant\u00f4nio","datePublished":"2021-12-16T17:17:16+00:00","dateModified":"2026-04-03T06:41:38+00:00","mainEntityOfPage":{"@id":"https:\/\/radiolifefm.com.br\/noticias\/novo-local-presepio-vivo-sera-apresentado-na-praca-do-entorno-da-matriz-de-santo-antonio\/"},"wordCount":543,"publisher":{"@id":"https:\/\/radiolifefm.com.br\/noticias\/#organization"},"image":{"@id":"https:\/\/radiolifefm.com.br\/noticias\/novo-local-presepio-vivo-sera-apresentado-na-praca-do-entorno-da-matriz-de-santo-antonio\/#primaryimage"},"thumbnailUrl":"https:\/\/radiolifefm.com.br\/noticias\/wp-content\/uploads\/2021\/12\/Paroquia-de-Santo-Antonio-Adamantina.jpg","articleSection":["Adamantina"],"inLanguage":"pt-BR"},{"@type":"WebPage","@id":"https:\/\/radiolifefm.com.br\/noticias\/novo-local-presepio-vivo-sera-apresentado-na-praca-do-entorno-da-matriz-de-santo-antonio\/","url":"https:\/\/radiolifefm.com.br\/noticias\/novo-local-presepio-vivo-sera-apresentado-na-praca-do-entorno-da-matriz-de-santo-antonio\/","name":"Novo local: pres\u00e9pio vivo ser\u00e1 apresentado na pra\u00e7a do entorno da Matriz de Santo Ant\u00f4nio - R\u00e1dio Life FM","isPartOf":{"@id":"https:\/\/radiolifefm.com.br\/noticias\/#website"},"primaryImageOfPage":{"@id":"https:\/\/radiolifefm.com.br\/noticias\/novo-local-presepio-vivo-sera-apresentado-na-praca-do-entorno-da-matriz-de-santo-antonio\/#primaryimage"},"image":{"@id":"https:\/\/radiolifefm.com.br\/noticias\/novo-local-presepio-vivo-sera-apresentado-na-praca-do-entorno-da-matriz-de-santo-antonio\/#primaryimage"},"thumbnailUrl":"https:\/\/radiolifefm.com.br\/noticias\/wp-content\/uploads\/2021\/12\/Paroquia-de-Santo-Antonio-Adamantina.jpg","datePublished":"2021-12-16T17:17:16+00:00","dateModified":"2026-04-03T06:41:38+00:00","breadcrumb":{"@id":"https:\/\/radiolifefm.com.br\/noticias\/novo-local-presepio-vivo-sera-apresentado-na-praca-do-entorno-da-matriz-de-santo-antonio\/#breadcrumb"},"inLanguage":"pt-BR","potentialAction":[{"@type":"ReadAction","target":["https:\/\/radiolifefm.com.br\/noticias\/novo-local-presepio-vivo-sera-apresentado-na-praca-do-entorno-da-matriz-de-santo-antonio\/"]}]},{"@type":"ImageObject","inLanguage":"pt-BR","@id":"https:\/\/radiolifefm.com.br\/noticias\/novo-local-presepio-vivo-sera-apresentado-na-praca-do-entorno-da-matriz-de-santo-antonio\/#primaryimage","url":"https:\/\/radiolifefm.com.br\/noticias\/wp-content\/uploads\/2021\/12\/Paroquia-de-Santo-Antonio-Adamantina.jpg","contentUrl":"https:\/\/radiolifefm.com.br\/noticias\/wp-content\/uploads\/2021\/12\/Paroquia-de-Santo-Antonio-Adamantina.jpg","width":870,"height":522,"caption":"Apresenta\u00e7\u00e3o \u00fanica ser\u00e1 na pr\u00f3xima segunda-feira, 20 de dezembro, \u00e0s 20h30. Iniciativa \u00e9 da Associa\u00e7\u00e3o Comercial e Empresarial e parceiros."},{"@type":"BreadcrumbList","@id":"https:\/\/radiolifefm.com.br\/noticias\/novo-local-presepio-vivo-sera-apresentado-na-praca-do-entorno-da-matriz-de-santo-antonio\/#breadcrumb","itemListElement":[{"@type":"ListItem","position":1,"name":"In\u00edcio","item":"https:\/\/radiolifefm.com.br\/noticias\/"},{"@type":"ListItem","position":2,"name":"Novo local: pres\u00e9pio vivo ser\u00e1 apresentado na pra\u00e7a do entorno da Matriz de Santo Ant\u00f4nio"}]},{"@type":"WebSite","@id":"https:\/\/radiolifefm.com.br\/noticias\/#website","url":"https:\/\/radiolifefm.com.br\/noticias\/","name":"R\u00e1dio Life FM","description":"O Portal de Not\u00edcias de Adamantina","publisher":{"@id":"https:\/\/radiolifefm.com.br\/noticias\/#organization"},"alternateName":"Life FM","potentialAction":[{"@type":"SearchAction","target":{"@type":"EntryPoint","urlTemplate":"https:\/\/radiolifefm.com.br\/noticias\/?s={search_term_string}"},"query-input":{"@type":"PropertyValueSpecification","valueRequired":true,"valueName":"search_term_string"}}],"inLanguage":"pt-BR"},{"@type":"Organization","@id":"https:\/\/radiolifefm.com.br\/noticias\/#organization","name":"R\u00e1dio Life FM","alternateName":"Life FM","url":"https:\/\/radiolifefm.com.br\/noticias\/","logo":{"@type":"ImageObject","inLanguage":"pt-BR","@id":"https:\/\/radiolifefm.com.br\/noticias\/#\/schema\/logo\/image\/","url":"https:\/\/static.radiolifefm.com.br\/noticias\/wp-content\/uploads\/2019\/10\/logo-lifefm.png","contentUrl":"https:\/\/static.radiolifefm.com.br\/noticias\/wp-content\/uploads\/2019\/10\/logo-lifefm.png","width":196,"height":47,"caption":"R\u00e1dio Life FM"},"image":{"@id":"https:\/\/radiolifefm.com.br\/noticias\/#\/schema\/logo\/image\/"},"sameAs":["https:\/\/www.facebook.com\/radiolifefm\/","https:\/\/www.instagram.com\/life1079fm\/"]},{"@type":"Person","@id":"https:\/\/radiolifefm.com.br\/noticias\/#\/schema\/person\/6339b9fac59d12b071dec680d7375d87","name":"ritanery","image":{"@type":"ImageObject","inLanguage":"pt-BR","@id":"https:\/\/secure.gravatar.com\/avatar\/0e37bb19071f47c0b8a23f62a903df117c5a0e75f65a0c2901562f97cd41cf86?s=96&d=mm&r=g","url":"https:\/\/secure.gravatar.com\/avatar\/0e37bb19071f47c0b8a23f62a903df117c5a0e75f65a0c2901562f97cd41cf86?s=96&d=mm&r=g","contentUrl":"https:\/\/secure.gravatar.com\/avatar\/0e37bb19071f47c0b8a23f62a903df117c5a0e75f65a0c2901562f97cd41cf86?s=96&d=mm&r=g","caption":"ritanery"}}]}},"amp_enabled":true,"_links":{"self":[{"href":"https:\/\/radiolifefm.com.br\/noticias\/wp-json\/wp\/v2\/posts\/47133","targetHints":{"allow":["GET"]}}],"collection":[{"href":"https:\/\/radiolifefm.com.br\/noticias\/wp-json\/wp\/v2\/posts"}],"about":[{"href":"https:\/\/radiolifefm.com.br\/noticias\/wp-json\/wp\/v2\/types\/post"}],"author":[{"embeddable":true,"href":"https:\/\/radiolifefm.com.br\/noticias\/wp-json\/wp\/v2\/users\/13"}],"replies":[{"embeddable":true,"href":"https:\/\/radiolifefm.com.br\/noticias\/wp-json\/wp\/v2\/comments?post=47133"}],"version-history":[{"count":6,"href":"https:\/\/radiolifefm.com.br\/noticias\/wp-json\/wp\/v2\/posts\/47133\/revisions"}],"predecessor-version":[{"id":47140,"href":"https:\/\/radiolifefm.com.br\/noticias\/wp-json\/wp\/v2\/posts\/47133\/revisions\/47140"}],"wp:featuredmedia":[{"embeddable":true,"href":"https:\/\/radiolifefm.com.br\/noticias\/wp-json\/wp\/v2\/media\/47134"}],"wp:attachment":[{"href":"https:\/\/radiolifefm.com.br\/noticias\/wp-json\/wp\/v2\/media?parent=47133"}],"wp:term":[{"taxonomy":"category","embeddable":true,"href":"https:\/\/radiolifefm.com.br\/noticias\/wp-json\/wp\/v2\/categories?post=47133"},{"taxonomy":"post_tag","embeddable":true,"href":"https:\/\/radiolifefm.com.br\/noticias\/wp-json\/wp\/v2\/tags?post=47133"}],"curies":[{"name":"wp","href":"https:\/\/api.w.org\/{rel}","templated":true}]}}