{"id":47091,"date":"2021-12-15T22:55:38","date_gmt":"2021-12-16T01:55:38","guid":{"rendered":"https:\/\/radiolifefm.com.br\/noticias\/?p=47091"},"modified":"2026-04-24T04:55:01","modified_gmt":"2026-04-24T07:55:01","slug":"sicredi-inaugura-nova-agencia-em-adamantina-sp","status":"publish","type":"post","link":"https:\/\/radiolifefm.com.br\/noticias\/sicredi-inaugura-nova-agencia-em-adamantina-sp\/","title":{"rendered":"Sicredi inaugura nova ag\u00eancia em Adamantina\/SP"},"content":{"rendered":"<div id=\"fb-root\"><\/div>\n<p>O Sicredi, institui\u00e7\u00e3o financeira cooperativa com mais de 115 anos de tradi\u00e7\u00e3o, inaugura nova ag\u00eancia no estado de S\u00e3o Paulo, agora em Adamantina. Com mais de cinco milh\u00f5es de associados em todo o pa\u00eds, a institui\u00e7\u00e3o financeira cooperativa segue ampliando a atua\u00e7\u00e3o por meio do plano de expans\u00e3o da rede de atendimento.<\/p>\n<p>&nbsp;<\/p>\n<p>Presente na cidade com um escrit\u00f3rio de neg\u00f3cios de pouco mais de 25 metros quadrados desde 2019, a nova ag\u00eancia, inaugurada pela\u00a0 Sicredi Centro Oeste Paulista, contar\u00e1 com 11 vagas de estacionamento e arquitetura ampla e moderna, dividida em mais de 600 metros quadrados de \u00e1rea constru\u00edda, fator que favorece um dos diferenciais do cooperativismo de cr\u00e9dito: o relacionamento.<\/p>\n<p>&nbsp;<\/p>\n<p>Para o presidente da Sicredi Centro Oeste Paulista, Jo\u00e3o Alberto Salvi, a nova ag\u00eancia, que passou de quatro colaboradores para dez, registra grandes conquistas. \u201cEsse aumento representa o caminho que estamos trilhando como institui\u00e7\u00e3o financeira cooperativa que mant\u00e9m o foco em pessoas \u2013 sejam elas associadas, colaboradoras ou a popula\u00e7\u00e3o geral\u201d, declara Jo\u00e3o Alberto Salvi. J\u00e1 o diretor executivo da Sicredi Centro Oeste Paulista, Ildo Wilde, comenta: \u201cNosso foco sempre ser\u00e1 impactar positivamente a vida das pessoas e, gerando mais emprego e renda, fomentamos a economia local melhorando a qualidade de vida nas comunidades onde atuamos&#8221;.<\/p>\n<p>&nbsp;<\/p>\n<p>A inaugura\u00e7\u00e3o da ag\u00eancia, localizada na rua Osvaldo Cruz, 151, no Centro da cidade, acontece no dia 17 e ser\u00e1 transmitida no <a href=\"https:\/\/www.youtube.com\/sicredicentrooestepaulista\">YouTube<\/a> e <a href=\"https:\/\/www.facebook.com\/sicredicentrooestepaulista\">Facebook<\/a> da cooperativa a partir das 18 horas.<\/p>\n<figure id=\"attachment_47092\" aria-describedby=\"caption-attachment-47092\" style=\"width: 1920px\" class=\"wp-caption alignnone\"><img loading=\"lazy\" decoding=\"async\" class=\"size-full wp-image-47092\" src=\"https:\/\/static.radiolifefm.com.br\/wp-content\/uploads\/sites\/2\/2021\/12\/Fachada-01.jpg\" alt=\"\" width=\"1920\" height=\"860\" srcset=\"https:\/\/radiolifefm.com.br\/noticias\/wp-content\/uploads\/2021\/12\/Fachada-01.jpg 1920w, https:\/\/radiolifefm.com.br\/noticias\/wp-content\/uploads\/2021\/12\/Fachada-01-300x134.jpg 300w, https:\/\/radiolifefm.com.br\/noticias\/wp-content\/uploads\/2021\/12\/Fachada-01-1024x459.jpg 1024w, https:\/\/radiolifefm.com.br\/noticias\/wp-content\/uploads\/2021\/12\/Fachada-01-768x344.jpg 768w, https:\/\/radiolifefm.com.br\/noticias\/wp-content\/uploads\/2021\/12\/Fachada-01-1536x688.jpg 1536w\" sizes=\"auto, (max-width: 1920px) 100vw, 1920px\" \/><figcaption id=\"caption-attachment-47092\" class=\"wp-caption-text\">Expans\u00e3o da institui\u00e7\u00e3o financeira cooperativa beneficia associado e o desenvolvimento da economia local<\/figcaption><\/figure>\n<p><img loading=\"lazy\" decoding=\"async\" class=\"alignnone size-full wp-image-47095\" src=\"https:\/\/static.radiolifefm.com.br\/wp-content\/uploads\/sites\/2\/2021\/12\/Fachada-02.jpg\" alt=\"\" width=\"1920\" height=\"860\" srcset=\"https:\/\/radiolifefm.com.br\/noticias\/wp-content\/uploads\/2021\/12\/Fachada-02.jpg 1920w, https:\/\/radiolifefm.com.br\/noticias\/wp-content\/uploads\/2021\/12\/Fachada-02-300x134.jpg 300w, https:\/\/radiolifefm.com.br\/noticias\/wp-content\/uploads\/2021\/12\/Fachada-02-1024x459.jpg 1024w, https:\/\/radiolifefm.com.br\/noticias\/wp-content\/uploads\/2021\/12\/Fachada-02-768x344.jpg 768w, https:\/\/radiolifefm.com.br\/noticias\/wp-content\/uploads\/2021\/12\/Fachada-02-1536x688.jpg 1536w\" sizes=\"auto, (max-width: 1920px) 100vw, 1920px\" \/><\/p>\n<p><strong>Cooperativismo com foco em pessoas<\/strong><\/p>\n<p>Oferecendo mais de 300 servi\u00e7os e produtos financeiros e sendo a \u00fanica institui\u00e7\u00e3o financeira presente fisicamente em mais de 200 munic\u00edpios de todo o pa\u00eds, o Sicredi segue atuando para inclus\u00e3o financeira, destacando tamb\u00e9m os diferenciais do modelo de neg\u00f3cio cooperativista. \u201cV\u00e1rias regi\u00f5es brasileiras ainda sofrem com a prec\u00e1ria bancariza\u00e7\u00e3o. Portanto, nosso objetivo \u00e9 atuar nos mais diversos locais, e assim, poder contribuir ainda mais para a inclus\u00e3o financeira e sanar essa car\u00eancia \u2013 ainda proporcionando um novo modelo financeiro que permite ao associado exercer o papel de dono do neg\u00f3cio e ter mais autonomia em sua vida financeira\u201d, finaliza Jo\u00e3o Alberto Salvi.<\/p>\n<div class='flex flex-wrap items-center -mx-1'>\r\n<a class='thumbnail gallery p-1 w-1\/2 md:w-1\/4' href='https:\/\/radiolifefm.com.br\/noticias\/wp-content\/uploads\/2021\/12\/Ildo-Wilde-Diretor-Executivo_.jpg'><img class='border border-white' src='https:\/\/radiolifefm.com.br\/noticias\/wp-content\/uploads\/2021\/12\/Ildo-Wilde-Diretor-Executivo_-200x200.jpg' alt='Ildo Wilde   Diretor Executivo_' \/><\/a><a class='thumbnail gallery p-1 w-1\/2 md:w-1\/4' href='https:\/\/radiolifefm.com.br\/noticias\/wp-content\/uploads\/2021\/12\/Dr.-Joao-Salvi-Presidente_.jpg'><img class='border border-white' src='https:\/\/radiolifefm.com.br\/noticias\/wp-content\/uploads\/2021\/12\/Dr.-Joao-Salvi-Presidente_-200x200.jpg' alt='Dr. Jo\u00e3o Salvi   Presidente_' \/><\/a><\/div>\n<p style=\"font-weight: 400\">Nat\u00e3 Crivari \/ Assessor de Comunica\u00e7\u00e3o e Marketing<\/p>\n<p style=\"font-weight: 400\">\n","protected":false},"excerpt":{"rendered":"<p>O Sicredi, institui\u00e7\u00e3o financeira cooperativa com mais de 115 anos de tradi\u00e7\u00e3o, inaugura nova ag\u00eancia no estado de S\u00e3o Paulo, agora em Adamantina. Com mais de cinco milh\u00f5es de associados em todo o pa\u00eds, a institui\u00e7\u00e3o financeira cooperativa segue ampliando a atua\u00e7\u00e3o por meio do plano de expans\u00e3o da rede de atendimento. &nbsp; Presente na [&hellip;]<\/p>\n","protected":false},"author":13,"featured_media":47095,"comment_status":"closed","ping_status":"open","sticky":false,"template":"","format":"standard","meta":{"_acf_changed":false,"_exactmetrics_skip_tracking":false,"_exactmetrics_sitenote_active":false,"_exactmetrics_sitenote_note":"","_exactmetrics_sitenote_category":0,"footnotes":""},"categories":[21],"tags":[],"class_list":["post-47091","post","type-post","status-publish","format-standard","has-post-thumbnail","hentry","category-adamantina"],"acf":[],"yoast_head":"<!-- This site is optimized with the Yoast SEO plugin v27.2 - https:\/\/yoast.com\/product\/yoast-seo-wordpress\/ -->\n<title>Sicredi inaugura nova ag\u00eancia em Adamantina\/SP - R\u00e1dio Life FM<\/title>\n<meta name=\"robots\" content=\"index, follow, max-snippet:-1, max-image-preview:large, max-video-preview:-1\" \/>\n<link rel=\"canonical\" href=\"https:\/\/radiolifefm.com.br\/noticias\/sicredi-inaugura-nova-agencia-em-adamantina-sp\/\" \/>\n<meta property=\"og:locale\" content=\"pt_BR\" \/>\n<meta property=\"og:type\" content=\"article\" \/>\n<meta property=\"og:title\" content=\"Sicredi inaugura nova ag\u00eancia em Adamantina\/SP - R\u00e1dio Life FM\" \/>\n<meta property=\"og:description\" content=\"O Sicredi, institui\u00e7\u00e3o financeira cooperativa com mais de 115 anos de tradi\u00e7\u00e3o, inaugura nova ag\u00eancia no estado de S\u00e3o Paulo, agora em Adamantina. Com mais de cinco milh\u00f5es de associados em todo o pa\u00eds, a institui\u00e7\u00e3o financeira cooperativa segue ampliando a atua\u00e7\u00e3o por meio do plano de expans\u00e3o da rede de atendimento. &nbsp; Presente na [&hellip;]\" \/>\n<meta property=\"og:url\" content=\"https:\/\/radiolifefm.com.br\/noticias\/sicredi-inaugura-nova-agencia-em-adamantina-sp\/\" \/>\n<meta property=\"og:site_name\" content=\"R\u00e1dio Life FM\" \/>\n<meta property=\"article:publisher\" content=\"https:\/\/www.facebook.com\/radiolifefm\/\" \/>\n<meta property=\"article:published_time\" content=\"2021-12-16T01:55:38+00:00\" \/>\n<meta property=\"article:modified_time\" content=\"2026-04-24T07:55:01+00:00\" \/>\n<meta property=\"og:image\" content=\"https:\/\/radiolifefm.com.br\/noticias\/wp-content\/uploads\/2021\/12\/Fachada-02.jpg\" \/>\n\t<meta property=\"og:image:width\" content=\"1920\" \/>\n\t<meta property=\"og:image:height\" content=\"860\" \/>\n\t<meta property=\"og:image:type\" content=\"image\/jpeg\" \/>\n<meta name=\"author\" content=\"ritanery\" \/>\n<meta name=\"twitter:card\" content=\"summary_large_image\" \/>\n<meta name=\"twitter:label1\" content=\"Escrito por\" \/>\n\t<meta name=\"twitter:data1\" content=\"ritanery\" \/>\n\t<meta name=\"twitter:label2\" content=\"Est. tempo de leitura\" \/>\n\t<meta name=\"twitter:data2\" content=\"3 minutos\" \/>\n<script type=\"application\/ld+json\" class=\"yoast-schema-graph\">{\"@context\":\"https:\/\/schema.org\",\"@graph\":[{\"@type\":\"Article\",\"@id\":\"https:\/\/radiolifefm.com.br\/noticias\/sicredi-inaugura-nova-agencia-em-adamantina-sp\/#article\",\"isPartOf\":{\"@id\":\"https:\/\/radiolifefm.com.br\/noticias\/sicredi-inaugura-nova-agencia-em-adamantina-sp\/\"},\"author\":{\"name\":\"ritanery\",\"@id\":\"https:\/\/radiolifefm.com.br\/noticias\/#\/schema\/person\/6339b9fac59d12b071dec680d7375d87\"},\"headline\":\"Sicredi inaugura nova ag\u00eancia em Adamantina\/SP\",\"datePublished\":\"2021-12-16T01:55:38+00:00\",\"dateModified\":\"2026-04-24T07:55:01+00:00\",\"mainEntityOfPage\":{\"@id\":\"https:\/\/radiolifefm.com.br\/noticias\/sicredi-inaugura-nova-agencia-em-adamantina-sp\/\"},\"wordCount\":417,\"publisher\":{\"@id\":\"https:\/\/radiolifefm.com.br\/noticias\/#organization\"},\"image\":{\"@id\":\"https:\/\/radiolifefm.com.br\/noticias\/sicredi-inaugura-nova-agencia-em-adamantina-sp\/#primaryimage\"},\"thumbnailUrl\":\"https:\/\/radiolifefm.com.br\/noticias\/wp-content\/uploads\/2021\/12\/Fachada-02.jpg\",\"articleSection\":[\"Adamantina\"],\"inLanguage\":\"pt-BR\"},{\"@type\":\"WebPage\",\"@id\":\"https:\/\/radiolifefm.com.br\/noticias\/sicredi-inaugura-nova-agencia-em-adamantina-sp\/\",\"url\":\"https:\/\/radiolifefm.com.br\/noticias\/sicredi-inaugura-nova-agencia-em-adamantina-sp\/\",\"name\":\"Sicredi inaugura nova ag\u00eancia em Adamantina\/SP - R\u00e1dio Life FM\",\"isPartOf\":{\"@id\":\"https:\/\/radiolifefm.com.br\/noticias\/#website\"},\"primaryImageOfPage\":{\"@id\":\"https:\/\/radiolifefm.com.br\/noticias\/sicredi-inaugura-nova-agencia-em-adamantina-sp\/#primaryimage\"},\"image\":{\"@id\":\"https:\/\/radiolifefm.com.br\/noticias\/sicredi-inaugura-nova-agencia-em-adamantina-sp\/#primaryimage\"},\"thumbnailUrl\":\"https:\/\/radiolifefm.com.br\/noticias\/wp-content\/uploads\/2021\/12\/Fachada-02.jpg\",\"datePublished\":\"2021-12-16T01:55:38+00:00\",\"dateModified\":\"2026-04-24T07:55:01+00:00\",\"breadcrumb\":{\"@id\":\"https:\/\/radiolifefm.com.br\/noticias\/sicredi-inaugura-nova-agencia-em-adamantina-sp\/#breadcrumb\"},\"inLanguage\":\"pt-BR\",\"potentialAction\":[{\"@type\":\"ReadAction\",\"target\":[\"https:\/\/radiolifefm.com.br\/noticias\/sicredi-inaugura-nova-agencia-em-adamantina-sp\/\"]}]},{\"@type\":\"ImageObject\",\"inLanguage\":\"pt-BR\",\"@id\":\"https:\/\/radiolifefm.com.br\/noticias\/sicredi-inaugura-nova-agencia-em-adamantina-sp\/#primaryimage\",\"url\":\"https:\/\/radiolifefm.com.br\/noticias\/wp-content\/uploads\/2021\/12\/Fachada-02.jpg\",\"contentUrl\":\"https:\/\/radiolifefm.com.br\/noticias\/wp-content\/uploads\/2021\/12\/Fachada-02.jpg\",\"width\":1920,\"height\":860,\"caption\":\"Expans\u00e3o da institui\u00e7\u00e3o financeira cooperativa beneficia associado e o desenvolvimento da economia local\"},{\"@type\":\"BreadcrumbList\",\"@id\":\"https:\/\/radiolifefm.com.br\/noticias\/sicredi-inaugura-nova-agencia-em-adamantina-sp\/#breadcrumb\",\"itemListElement\":[{\"@type\":\"ListItem\",\"position\":1,\"name\":\"In\u00edcio\",\"item\":\"https:\/\/radiolifefm.com.br\/noticias\/\"},{\"@type\":\"ListItem\",\"position\":2,\"name\":\"Sicredi inaugura nova ag\u00eancia em Adamantina\/SP\"}]},{\"@type\":\"WebSite\",\"@id\":\"https:\/\/radiolifefm.com.br\/noticias\/#website\",\"url\":\"https:\/\/radiolifefm.com.br\/noticias\/\",\"name\":\"R\u00e1dio Life FM\",\"description\":\"O Portal de Not\u00edcias de Adamantina\",\"publisher\":{\"@id\":\"https:\/\/radiolifefm.com.br\/noticias\/#organization\"},\"alternateName\":\"Life FM\",\"potentialAction\":[{\"@type\":\"SearchAction\",\"target\":{\"@type\":\"EntryPoint\",\"urlTemplate\":\"https:\/\/radiolifefm.com.br\/noticias\/?s={search_term_string}\"},\"query-input\":{\"@type\":\"PropertyValueSpecification\",\"valueRequired\":true,\"valueName\":\"search_term_string\"}}],\"inLanguage\":\"pt-BR\"},{\"@type\":\"Organization\",\"@id\":\"https:\/\/radiolifefm.com.br\/noticias\/#organization\",\"name\":\"R\u00e1dio Life FM\",\"alternateName\":\"Life FM\",\"url\":\"https:\/\/radiolifefm.com.br\/noticias\/\",\"logo\":{\"@type\":\"ImageObject\",\"inLanguage\":\"pt-BR\",\"@id\":\"https:\/\/radiolifefm.com.br\/noticias\/#\/schema\/logo\/image\/\",\"url\":\"https:\/\/static.radiolifefm.com.br\/noticias\/wp-content\/uploads\/2019\/10\/logo-lifefm.png\",\"contentUrl\":\"https:\/\/static.radiolifefm.com.br\/noticias\/wp-content\/uploads\/2019\/10\/logo-lifefm.png\",\"width\":196,\"height\":47,\"caption\":\"R\u00e1dio Life FM\"},\"image\":{\"@id\":\"https:\/\/radiolifefm.com.br\/noticias\/#\/schema\/logo\/image\/\"},\"sameAs\":[\"https:\/\/www.facebook.com\/radiolifefm\/\",\"https:\/\/www.instagram.com\/life1079fm\/\"]},{\"@type\":\"Person\",\"@id\":\"https:\/\/radiolifefm.com.br\/noticias\/#\/schema\/person\/6339b9fac59d12b071dec680d7375d87\",\"name\":\"ritanery\",\"image\":{\"@type\":\"ImageObject\",\"inLanguage\":\"pt-BR\",\"@id\":\"https:\/\/secure.gravatar.com\/avatar\/0e37bb19071f47c0b8a23f62a903df117c5a0e75f65a0c2901562f97cd41cf86?s=96&d=mm&r=g\",\"url\":\"https:\/\/secure.gravatar.com\/avatar\/0e37bb19071f47c0b8a23f62a903df117c5a0e75f65a0c2901562f97cd41cf86?s=96&d=mm&r=g\",\"contentUrl\":\"https:\/\/secure.gravatar.com\/avatar\/0e37bb19071f47c0b8a23f62a903df117c5a0e75f65a0c2901562f97cd41cf86?s=96&d=mm&r=g\",\"caption\":\"ritanery\"}}]}<\/script>\n<!-- \/ Yoast SEO plugin. -->","yoast_head_json":{"title":"Sicredi inaugura nova ag\u00eancia em Adamantina\/SP - R\u00e1dio Life FM","robots":{"index":"index","follow":"follow","max-snippet":"max-snippet:-1","max-image-preview":"max-image-preview:large","max-video-preview":"max-video-preview:-1"},"canonical":"https:\/\/radiolifefm.com.br\/noticias\/sicredi-inaugura-nova-agencia-em-adamantina-sp\/","og_locale":"pt_BR","og_type":"article","og_title":"Sicredi inaugura nova ag\u00eancia em Adamantina\/SP - R\u00e1dio Life FM","og_description":"O Sicredi, institui\u00e7\u00e3o financeira cooperativa com mais de 115 anos de tradi\u00e7\u00e3o, inaugura nova ag\u00eancia no estado de S\u00e3o Paulo, agora em Adamantina. Com mais de cinco milh\u00f5es de associados em todo o pa\u00eds, a institui\u00e7\u00e3o financeira cooperativa segue ampliando a atua\u00e7\u00e3o por meio do plano de expans\u00e3o da rede de atendimento. &nbsp; Presente na [&hellip;]","og_url":"https:\/\/radiolifefm.com.br\/noticias\/sicredi-inaugura-nova-agencia-em-adamantina-sp\/","og_site_name":"R\u00e1dio Life FM","article_publisher":"https:\/\/www.facebook.com\/radiolifefm\/","article_published_time":"2021-12-16T01:55:38+00:00","article_modified_time":"2026-04-24T07:55:01+00:00","og_image":[{"width":1920,"height":860,"url":"https:\/\/radiolifefm.com.br\/noticias\/wp-content\/uploads\/2021\/12\/Fachada-02.jpg","type":"image\/jpeg"}],"author":"ritanery","twitter_card":"summary_large_image","twitter_misc":{"Escrito por":"ritanery","Est. tempo de leitura":"3 minutos"},"schema":{"@context":"https:\/\/schema.org","@graph":[{"@type":"Article","@id":"https:\/\/radiolifefm.com.br\/noticias\/sicredi-inaugura-nova-agencia-em-adamantina-sp\/#article","isPartOf":{"@id":"https:\/\/radiolifefm.com.br\/noticias\/sicredi-inaugura-nova-agencia-em-adamantina-sp\/"},"author":{"name":"ritanery","@id":"https:\/\/radiolifefm.com.br\/noticias\/#\/schema\/person\/6339b9fac59d12b071dec680d7375d87"},"headline":"Sicredi inaugura nova ag\u00eancia em Adamantina\/SP","datePublished":"2021-12-16T01:55:38+00:00","dateModified":"2026-04-24T07:55:01+00:00","mainEntityOfPage":{"@id":"https:\/\/radiolifefm.com.br\/noticias\/sicredi-inaugura-nova-agencia-em-adamantina-sp\/"},"wordCount":417,"publisher":{"@id":"https:\/\/radiolifefm.com.br\/noticias\/#organization"},"image":{"@id":"https:\/\/radiolifefm.com.br\/noticias\/sicredi-inaugura-nova-agencia-em-adamantina-sp\/#primaryimage"},"thumbnailUrl":"https:\/\/radiolifefm.com.br\/noticias\/wp-content\/uploads\/2021\/12\/Fachada-02.jpg","articleSection":["Adamantina"],"inLanguage":"pt-BR"},{"@type":"WebPage","@id":"https:\/\/radiolifefm.com.br\/noticias\/sicredi-inaugura-nova-agencia-em-adamantina-sp\/","url":"https:\/\/radiolifefm.com.br\/noticias\/sicredi-inaugura-nova-agencia-em-adamantina-sp\/","name":"Sicredi inaugura nova ag\u00eancia em Adamantina\/SP - R\u00e1dio Life FM","isPartOf":{"@id":"https:\/\/radiolifefm.com.br\/noticias\/#website"},"primaryImageOfPage":{"@id":"https:\/\/radiolifefm.com.br\/noticias\/sicredi-inaugura-nova-agencia-em-adamantina-sp\/#primaryimage"},"image":{"@id":"https:\/\/radiolifefm.com.br\/noticias\/sicredi-inaugura-nova-agencia-em-adamantina-sp\/#primaryimage"},"thumbnailUrl":"https:\/\/radiolifefm.com.br\/noticias\/wp-content\/uploads\/2021\/12\/Fachada-02.jpg","datePublished":"2021-12-16T01:55:38+00:00","dateModified":"2026-04-24T07:55:01+00:00","breadcrumb":{"@id":"https:\/\/radiolifefm.com.br\/noticias\/sicredi-inaugura-nova-agencia-em-adamantina-sp\/#breadcrumb"},"inLanguage":"pt-BR","potentialAction":[{"@type":"ReadAction","target":["https:\/\/radiolifefm.com.br\/noticias\/sicredi-inaugura-nova-agencia-em-adamantina-sp\/"]}]},{"@type":"ImageObject","inLanguage":"pt-BR","@id":"https:\/\/radiolifefm.com.br\/noticias\/sicredi-inaugura-nova-agencia-em-adamantina-sp\/#primaryimage","url":"https:\/\/radiolifefm.com.br\/noticias\/wp-content\/uploads\/2021\/12\/Fachada-02.jpg","contentUrl":"https:\/\/radiolifefm.com.br\/noticias\/wp-content\/uploads\/2021\/12\/Fachada-02.jpg","width":1920,"height":860,"caption":"Expans\u00e3o da institui\u00e7\u00e3o financeira cooperativa beneficia associado e o desenvolvimento da economia local"},{"@type":"BreadcrumbList","@id":"https:\/\/radiolifefm.com.br\/noticias\/sicredi-inaugura-nova-agencia-em-adamantina-sp\/#breadcrumb","itemListElement":[{"@type":"ListItem","position":1,"name":"In\u00edcio","item":"https:\/\/radiolifefm.com.br\/noticias\/"},{"@type":"ListItem","position":2,"name":"Sicredi inaugura nova ag\u00eancia em Adamantina\/SP"}]},{"@type":"WebSite","@id":"https:\/\/radiolifefm.com.br\/noticias\/#website","url":"https:\/\/radiolifefm.com.br\/noticias\/","name":"R\u00e1dio Life FM","description":"O Portal de Not\u00edcias de Adamantina","publisher":{"@id":"https:\/\/radiolifefm.com.br\/noticias\/#organization"},"alternateName":"Life FM","potentialAction":[{"@type":"SearchAction","target":{"@type":"EntryPoint","urlTemplate":"https:\/\/radiolifefm.com.br\/noticias\/?s={search_term_string}"},"query-input":{"@type":"PropertyValueSpecification","valueRequired":true,"valueName":"search_term_string"}}],"inLanguage":"pt-BR"},{"@type":"Organization","@id":"https:\/\/radiolifefm.com.br\/noticias\/#organization","name":"R\u00e1dio Life FM","alternateName":"Life FM","url":"https:\/\/radiolifefm.com.br\/noticias\/","logo":{"@type":"ImageObject","inLanguage":"pt-BR","@id":"https:\/\/radiolifefm.com.br\/noticias\/#\/schema\/logo\/image\/","url":"https:\/\/static.radiolifefm.com.br\/noticias\/wp-content\/uploads\/2019\/10\/logo-lifefm.png","contentUrl":"https:\/\/static.radiolifefm.com.br\/noticias\/wp-content\/uploads\/2019\/10\/logo-lifefm.png","width":196,"height":47,"caption":"R\u00e1dio Life FM"},"image":{"@id":"https:\/\/radiolifefm.com.br\/noticias\/#\/schema\/logo\/image\/"},"sameAs":["https:\/\/www.facebook.com\/radiolifefm\/","https:\/\/www.instagram.com\/life1079fm\/"]},{"@type":"Person","@id":"https:\/\/radiolifefm.com.br\/noticias\/#\/schema\/person\/6339b9fac59d12b071dec680d7375d87","name":"ritanery","image":{"@type":"ImageObject","inLanguage":"pt-BR","@id":"https:\/\/secure.gravatar.com\/avatar\/0e37bb19071f47c0b8a23f62a903df117c5a0e75f65a0c2901562f97cd41cf86?s=96&d=mm&r=g","url":"https:\/\/secure.gravatar.com\/avatar\/0e37bb19071f47c0b8a23f62a903df117c5a0e75f65a0c2901562f97cd41cf86?s=96&d=mm&r=g","contentUrl":"https:\/\/secure.gravatar.com\/avatar\/0e37bb19071f47c0b8a23f62a903df117c5a0e75f65a0c2901562f97cd41cf86?s=96&d=mm&r=g","caption":"ritanery"}}]}},"amp_enabled":true,"_links":{"self":[{"href":"https:\/\/radiolifefm.com.br\/noticias\/wp-json\/wp\/v2\/posts\/47091","targetHints":{"allow":["GET"]}}],"collection":[{"href":"https:\/\/radiolifefm.com.br\/noticias\/wp-json\/wp\/v2\/posts"}],"about":[{"href":"https:\/\/radiolifefm.com.br\/noticias\/wp-json\/wp\/v2\/types\/post"}],"author":[{"embeddable":true,"href":"https:\/\/radiolifefm.com.br\/noticias\/wp-json\/wp\/v2\/users\/13"}],"replies":[{"embeddable":true,"href":"https:\/\/radiolifefm.com.br\/noticias\/wp-json\/wp\/v2\/comments?post=47091"}],"version-history":[{"count":6,"href":"https:\/\/radiolifefm.com.br\/noticias\/wp-json\/wp\/v2\/posts\/47091\/revisions"}],"predecessor-version":[{"id":47101,"href":"https:\/\/radiolifefm.com.br\/noticias\/wp-json\/wp\/v2\/posts\/47091\/revisions\/47101"}],"wp:featuredmedia":[{"embeddable":true,"href":"https:\/\/radiolifefm.com.br\/noticias\/wp-json\/wp\/v2\/media\/47095"}],"wp:attachment":[{"href":"https:\/\/radiolifefm.com.br\/noticias\/wp-json\/wp\/v2\/media?parent=47091"}],"wp:term":[{"taxonomy":"category","embeddable":true,"href":"https:\/\/radiolifefm.com.br\/noticias\/wp-json\/wp\/v2\/categories?post=47091"},{"taxonomy":"post_tag","embeddable":true,"href":"https:\/\/radiolifefm.com.br\/noticias\/wp-json\/wp\/v2\/tags?post=47091"}],"curies":[{"name":"wp","href":"https:\/\/api.w.org\/{rel}","templated":true}]}}