{"id":47050,"date":"2021-12-14T21:22:06","date_gmt":"2021-12-15T00:22:06","guid":{"rendered":"https:\/\/radiolifefm.com.br\/noticias\/?p=47050"},"modified":"2026-04-09T01:48:22","modified_gmt":"2026-04-09T04:48:22","slug":"prefeitura-de-adamantina-apresenta-projeto-de-regionalizacao-e-integralizacao-da-saude-a-secretaria-de-saude-do-estado-de-sao-paulo","status":"publish","type":"post","link":"https:\/\/radiolifefm.com.br\/noticias\/prefeitura-de-adamantina-apresenta-projeto-de-regionalizacao-e-integralizacao-da-saude-a-secretaria-de-saude-do-estado-de-sao-paulo\/","title":{"rendered":"Prefeitura de Adamantina apresenta projeto de Regionaliza\u00e7\u00e3o e Integraliza\u00e7\u00e3o da Sa\u00fade a Secretaria de Sa\u00fade do Estado de S\u00e3o Paulo"},"content":{"rendered":"<div id=\"fb-root\"><\/div>\n<p>Em agenda do deputado estadual Mauro Bragato, o prefeito M\u00e1rcio Cardim, o secret\u00e1rio de sa\u00fade, Gustavo Taniguchi Rufino, a chefe de gabinete, Luciana Pereira e representantes da Santa Casa de Adamantina estiveram reunidos com o secret\u00e1rio de sa\u00fade do Governo do Estado de S\u00e3o Paulo, Jean Gorinchteyn.<\/p>\n<p>O objetivo do encontro \u00e9 apresentar o Plano de Trabalho elaborado em conjunto com as prefeituras de Osvaldo Cruz, Luc\u00e9lia, Pacaembu, Pracinha, Sagres, Salmour\u00e3o, Mari\u00e1polis, Fl\u00f3rida Paulista e In\u00fabia Paulista, Centro Universit\u00e1rio de Adamantina (UniFAI) e Santa Casa de Miseric\u00f3rdia de Adamantina para o desenvolvimento do projeto de Regionaliza\u00e7\u00e3o e Integraliza\u00e7\u00e3o da Sa\u00fade na microrregi\u00e3o de Adamantina.<\/p>\n<p>O secret\u00e1rio de sa\u00fade do estado, elogiou o projeto desenvolvido e vai de acordo com o pensamento do Governo do Estado. Agora, ele ser\u00e1 encaminhado para as equipes t\u00e9cnicas que integram a pasta.<\/p>\n<p>Al\u00e9m disso, o chefe da pasta fez quest\u00e3o de parabenizar o prefeito M\u00e1rcio Cardim e o secret\u00e1rio de sa\u00fade, Gustavo Taniguchi Rufino em raz\u00e3o da gest\u00e3o da pandemia no munic\u00edpio.<\/p>\n<p>A integraliza\u00e7\u00e3o visa entre outras a\u00e7\u00f5es tamb\u00e9m diminuir as viagens ocorridas diariamente de m\u00e9dia e longas dist\u00e2ncias, com pacientes de todos os munic\u00edpios envolvidos, considerando que atualmente h\u00e1 necessidade de locomo\u00e7\u00e3o para realiza\u00e7\u00e3o destes procedimentos em outras cidades que al\u00e9m de onerar os cofres p\u00fablicos, pode colocar em risco a vida dos pacientes.<\/p>\n<p>Durante o encontro, o prefeito M\u00e1rcio Cardim ressaltou a parceria que foi estabelecida entre o munic\u00edpio, a Santa Casa, o Legislativo, a UniFAI e o Judici\u00e1rio na constru\u00e7\u00e3o desse projeto.<\/p>\n<p>\u201cA Regionaliza\u00e7\u00e3o e Integraliza\u00e7\u00e3o da Sa\u00fade n\u00e3o trar\u00e1 apenas benef\u00edcios para os mun\u00edcipes de Adamantina, mas para toda a regi\u00e3o. Tamb\u00e9m gostaria de enaltecer o trabalho do deputado estadual Mauro Bragato que n\u00e3o mede esfor\u00e7os para atender a nossa regi\u00e3o e sua credibilidade possibilita que possamos apresentar o projeto\u201d, afirma Cardim.<\/p>\n<p>Para a composi\u00e7\u00e3o do Plano de Trabalho, Adamantina realizou in\u00fameras reuni\u00f5es com os 10 munic\u00edpios da microrregi\u00e3o para entender as demandas locais e a partir disso, trazer em conjunto as solu\u00e7\u00f5es.<\/p>\n<p>&nbsp;<\/p>\n<p><strong>Relembre<\/strong><\/p>\n<p>O Projeto de Regionaliza\u00e7\u00e3o e Integraliza\u00e7\u00e3o da Sa\u00fade j\u00e1 foi apresentado ao vice-governador do estado, Rodrigo Garcia que esteve em Adamantina em maio para visitar as instala\u00e7\u00f5es da Santa Casa<\/p>\n<p>&nbsp;<\/p>\n<p>Fonte: Assessoria de Imprensa<\/p>\n","protected":false},"excerpt":{"rendered":"<p>Em agenda do deputado estadual Mauro Bragato, o prefeito M\u00e1rcio Cardim, o secret\u00e1rio de sa\u00fade, Gustavo Taniguchi Rufino, a chefe de gabinete, Luciana Pereira e representantes da Santa Casa de Adamantina estiveram reunidos com o secret\u00e1rio de sa\u00fade do Governo do Estado de S\u00e3o Paulo, Jean Gorinchteyn. O objetivo do encontro \u00e9 apresentar o Plano [&hellip;]<\/p>\n","protected":false},"author":13,"featured_media":47051,"comment_status":"closed","ping_status":"open","sticky":false,"template":"","format":"standard","meta":{"_acf_changed":false,"_exactmetrics_skip_tracking":false,"_exactmetrics_sitenote_active":false,"_exactmetrics_sitenote_note":"","_exactmetrics_sitenote_category":0,"footnotes":""},"categories":[21],"tags":[],"class_list":["post-47050","post","type-post","status-publish","format-standard","has-post-thumbnail","hentry","category-adamantina"],"acf":[],"yoast_head":"<!-- This site is optimized with the Yoast SEO plugin v27.2 - https:\/\/yoast.com\/product\/yoast-seo-wordpress\/ -->\n<title>Prefeitura de Adamantina apresenta projeto de Regionaliza\u00e7\u00e3o e Integraliza\u00e7\u00e3o da Sa\u00fade a Secretaria de Sa\u00fade do Estado de S\u00e3o Paulo - R\u00e1dio Life FM<\/title>\n<meta name=\"robots\" content=\"index, follow, max-snippet:-1, max-image-preview:large, max-video-preview:-1\" \/>\n<link rel=\"canonical\" href=\"https:\/\/radiolifefm.com.br\/noticias\/prefeitura-de-adamantina-apresenta-projeto-de-regionalizacao-e-integralizacao-da-saude-a-secretaria-de-saude-do-estado-de-sao-paulo\/\" \/>\n<meta property=\"og:locale\" content=\"pt_BR\" \/>\n<meta property=\"og:type\" content=\"article\" \/>\n<meta property=\"og:title\" content=\"Prefeitura de Adamantina apresenta projeto de Regionaliza\u00e7\u00e3o e Integraliza\u00e7\u00e3o da Sa\u00fade a Secretaria de Sa\u00fade do Estado de S\u00e3o Paulo - R\u00e1dio Life FM\" \/>\n<meta property=\"og:description\" content=\"Em agenda do deputado estadual Mauro Bragato, o prefeito M\u00e1rcio Cardim, o secret\u00e1rio de sa\u00fade, Gustavo Taniguchi Rufino, a chefe de gabinete, Luciana Pereira e representantes da Santa Casa de Adamantina estiveram reunidos com o secret\u00e1rio de sa\u00fade do Governo do Estado de S\u00e3o Paulo, Jean Gorinchteyn. O objetivo do encontro \u00e9 apresentar o Plano [&hellip;]\" \/>\n<meta property=\"og:url\" content=\"https:\/\/radiolifefm.com.br\/noticias\/prefeitura-de-adamantina-apresenta-projeto-de-regionalizacao-e-integralizacao-da-saude-a-secretaria-de-saude-do-estado-de-sao-paulo\/\" \/>\n<meta property=\"og:site_name\" content=\"R\u00e1dio Life FM\" \/>\n<meta property=\"article:publisher\" content=\"https:\/\/www.facebook.com\/radiolifefm\/\" \/>\n<meta property=\"article:published_time\" content=\"2021-12-15T00:22:06+00:00\" \/>\n<meta property=\"article:modified_time\" content=\"2026-04-09T04:48:22+00:00\" \/>\n<meta property=\"og:image\" content=\"https:\/\/radiolifefm.com.br\/noticias\/wp-content\/uploads\/2021\/12\/foto-3.jpeg\" \/>\n\t<meta property=\"og:image:width\" content=\"1280\" \/>\n\t<meta property=\"og:image:height\" content=\"721\" \/>\n\t<meta property=\"og:image:type\" content=\"image\/jpeg\" \/>\n<meta name=\"author\" content=\"ritanery\" \/>\n<meta name=\"twitter:card\" content=\"summary_large_image\" \/>\n<meta name=\"twitter:label1\" content=\"Escrito por\" \/>\n\t<meta name=\"twitter:data1\" content=\"ritanery\" \/>\n\t<meta name=\"twitter:label2\" content=\"Est. tempo de leitura\" \/>\n\t<meta name=\"twitter:data2\" content=\"2 minutos\" \/>\n<script type=\"application\/ld+json\" class=\"yoast-schema-graph\">{\"@context\":\"https:\/\/schema.org\",\"@graph\":[{\"@type\":\"Article\",\"@id\":\"https:\/\/radiolifefm.com.br\/noticias\/prefeitura-de-adamantina-apresenta-projeto-de-regionalizacao-e-integralizacao-da-saude-a-secretaria-de-saude-do-estado-de-sao-paulo\/#article\",\"isPartOf\":{\"@id\":\"https:\/\/radiolifefm.com.br\/noticias\/prefeitura-de-adamantina-apresenta-projeto-de-regionalizacao-e-integralizacao-da-saude-a-secretaria-de-saude-do-estado-de-sao-paulo\/\"},\"author\":{\"name\":\"ritanery\",\"@id\":\"https:\/\/radiolifefm.com.br\/noticias\/#\/schema\/person\/6339b9fac59d12b071dec680d7375d87\"},\"headline\":\"Prefeitura de Adamantina apresenta projeto de Regionaliza\u00e7\u00e3o e Integraliza\u00e7\u00e3o da Sa\u00fade a Secretaria de Sa\u00fade do Estado de S\u00e3o Paulo\",\"datePublished\":\"2021-12-15T00:22:06+00:00\",\"dateModified\":\"2026-04-09T04:48:22+00:00\",\"mainEntityOfPage\":{\"@id\":\"https:\/\/radiolifefm.com.br\/noticias\/prefeitura-de-adamantina-apresenta-projeto-de-regionalizacao-e-integralizacao-da-saude-a-secretaria-de-saude-do-estado-de-sao-paulo\/\"},\"wordCount\":455,\"publisher\":{\"@id\":\"https:\/\/radiolifefm.com.br\/noticias\/#organization\"},\"image\":{\"@id\":\"https:\/\/radiolifefm.com.br\/noticias\/prefeitura-de-adamantina-apresenta-projeto-de-regionalizacao-e-integralizacao-da-saude-a-secretaria-de-saude-do-estado-de-sao-paulo\/#primaryimage\"},\"thumbnailUrl\":\"https:\/\/radiolifefm.com.br\/noticias\/wp-content\/uploads\/2021\/12\/foto-3.jpeg\",\"articleSection\":[\"Adamantina\"],\"inLanguage\":\"pt-BR\"},{\"@type\":\"WebPage\",\"@id\":\"https:\/\/radiolifefm.com.br\/noticias\/prefeitura-de-adamantina-apresenta-projeto-de-regionalizacao-e-integralizacao-da-saude-a-secretaria-de-saude-do-estado-de-sao-paulo\/\",\"url\":\"https:\/\/radiolifefm.com.br\/noticias\/prefeitura-de-adamantina-apresenta-projeto-de-regionalizacao-e-integralizacao-da-saude-a-secretaria-de-saude-do-estado-de-sao-paulo\/\",\"name\":\"Prefeitura de Adamantina apresenta projeto de Regionaliza\u00e7\u00e3o e Integraliza\u00e7\u00e3o da Sa\u00fade a Secretaria de Sa\u00fade do Estado de S\u00e3o Paulo - R\u00e1dio Life FM\",\"isPartOf\":{\"@id\":\"https:\/\/radiolifefm.com.br\/noticias\/#website\"},\"primaryImageOfPage\":{\"@id\":\"https:\/\/radiolifefm.com.br\/noticias\/prefeitura-de-adamantina-apresenta-projeto-de-regionalizacao-e-integralizacao-da-saude-a-secretaria-de-saude-do-estado-de-sao-paulo\/#primaryimage\"},\"image\":{\"@id\":\"https:\/\/radiolifefm.com.br\/noticias\/prefeitura-de-adamantina-apresenta-projeto-de-regionalizacao-e-integralizacao-da-saude-a-secretaria-de-saude-do-estado-de-sao-paulo\/#primaryimage\"},\"thumbnailUrl\":\"https:\/\/radiolifefm.com.br\/noticias\/wp-content\/uploads\/2021\/12\/foto-3.jpeg\",\"datePublished\":\"2021-12-15T00:22:06+00:00\",\"dateModified\":\"2026-04-09T04:48:22+00:00\",\"breadcrumb\":{\"@id\":\"https:\/\/radiolifefm.com.br\/noticias\/prefeitura-de-adamantina-apresenta-projeto-de-regionalizacao-e-integralizacao-da-saude-a-secretaria-de-saude-do-estado-de-sao-paulo\/#breadcrumb\"},\"inLanguage\":\"pt-BR\",\"potentialAction\":[{\"@type\":\"ReadAction\",\"target\":[\"https:\/\/radiolifefm.com.br\/noticias\/prefeitura-de-adamantina-apresenta-projeto-de-regionalizacao-e-integralizacao-da-saude-a-secretaria-de-saude-do-estado-de-sao-paulo\/\"]}]},{\"@type\":\"ImageObject\",\"inLanguage\":\"pt-BR\",\"@id\":\"https:\/\/radiolifefm.com.br\/noticias\/prefeitura-de-adamantina-apresenta-projeto-de-regionalizacao-e-integralizacao-da-saude-a-secretaria-de-saude-do-estado-de-sao-paulo\/#primaryimage\",\"url\":\"https:\/\/radiolifefm.com.br\/noticias\/wp-content\/uploads\/2021\/12\/foto-3.jpeg\",\"contentUrl\":\"https:\/\/radiolifefm.com.br\/noticias\/wp-content\/uploads\/2021\/12\/foto-3.jpeg\",\"width\":1280,\"height\":721},{\"@type\":\"BreadcrumbList\",\"@id\":\"https:\/\/radiolifefm.com.br\/noticias\/prefeitura-de-adamantina-apresenta-projeto-de-regionalizacao-e-integralizacao-da-saude-a-secretaria-de-saude-do-estado-de-sao-paulo\/#breadcrumb\",\"itemListElement\":[{\"@type\":\"ListItem\",\"position\":1,\"name\":\"In\u00edcio\",\"item\":\"https:\/\/radiolifefm.com.br\/noticias\/\"},{\"@type\":\"ListItem\",\"position\":2,\"name\":\"Prefeitura de Adamantina apresenta projeto de Regionaliza\u00e7\u00e3o e Integraliza\u00e7\u00e3o da Sa\u00fade a Secretaria de Sa\u00fade do Estado de S\u00e3o Paulo\"}]},{\"@type\":\"WebSite\",\"@id\":\"https:\/\/radiolifefm.com.br\/noticias\/#website\",\"url\":\"https:\/\/radiolifefm.com.br\/noticias\/\",\"name\":\"R\u00e1dio Life FM\",\"description\":\"O Portal de Not\u00edcias de Adamantina\",\"publisher\":{\"@id\":\"https:\/\/radiolifefm.com.br\/noticias\/#organization\"},\"alternateName\":\"Life FM\",\"potentialAction\":[{\"@type\":\"SearchAction\",\"target\":{\"@type\":\"EntryPoint\",\"urlTemplate\":\"https:\/\/radiolifefm.com.br\/noticias\/?s={search_term_string}\"},\"query-input\":{\"@type\":\"PropertyValueSpecification\",\"valueRequired\":true,\"valueName\":\"search_term_string\"}}],\"inLanguage\":\"pt-BR\"},{\"@type\":\"Organization\",\"@id\":\"https:\/\/radiolifefm.com.br\/noticias\/#organization\",\"name\":\"R\u00e1dio Life FM\",\"alternateName\":\"Life FM\",\"url\":\"https:\/\/radiolifefm.com.br\/noticias\/\",\"logo\":{\"@type\":\"ImageObject\",\"inLanguage\":\"pt-BR\",\"@id\":\"https:\/\/radiolifefm.com.br\/noticias\/#\/schema\/logo\/image\/\",\"url\":\"https:\/\/static.radiolifefm.com.br\/noticias\/wp-content\/uploads\/2019\/10\/logo-lifefm.png\",\"contentUrl\":\"https:\/\/static.radiolifefm.com.br\/noticias\/wp-content\/uploads\/2019\/10\/logo-lifefm.png\",\"width\":196,\"height\":47,\"caption\":\"R\u00e1dio Life FM\"},\"image\":{\"@id\":\"https:\/\/radiolifefm.com.br\/noticias\/#\/schema\/logo\/image\/\"},\"sameAs\":[\"https:\/\/www.facebook.com\/radiolifefm\/\",\"https:\/\/www.instagram.com\/life1079fm\/\"]},{\"@type\":\"Person\",\"@id\":\"https:\/\/radiolifefm.com.br\/noticias\/#\/schema\/person\/6339b9fac59d12b071dec680d7375d87\",\"name\":\"ritanery\",\"image\":{\"@type\":\"ImageObject\",\"inLanguage\":\"pt-BR\",\"@id\":\"https:\/\/secure.gravatar.com\/avatar\/0e37bb19071f47c0b8a23f62a903df117c5a0e75f65a0c2901562f97cd41cf86?s=96&d=mm&r=g\",\"url\":\"https:\/\/secure.gravatar.com\/avatar\/0e37bb19071f47c0b8a23f62a903df117c5a0e75f65a0c2901562f97cd41cf86?s=96&d=mm&r=g\",\"contentUrl\":\"https:\/\/secure.gravatar.com\/avatar\/0e37bb19071f47c0b8a23f62a903df117c5a0e75f65a0c2901562f97cd41cf86?s=96&d=mm&r=g\",\"caption\":\"ritanery\"}}]}<\/script>\n<!-- \/ Yoast SEO plugin. -->","yoast_head_json":{"title":"Prefeitura de Adamantina apresenta projeto de Regionaliza\u00e7\u00e3o e Integraliza\u00e7\u00e3o da Sa\u00fade a Secretaria de Sa\u00fade do Estado de S\u00e3o Paulo - R\u00e1dio Life FM","robots":{"index":"index","follow":"follow","max-snippet":"max-snippet:-1","max-image-preview":"max-image-preview:large","max-video-preview":"max-video-preview:-1"},"canonical":"https:\/\/radiolifefm.com.br\/noticias\/prefeitura-de-adamantina-apresenta-projeto-de-regionalizacao-e-integralizacao-da-saude-a-secretaria-de-saude-do-estado-de-sao-paulo\/","og_locale":"pt_BR","og_type":"article","og_title":"Prefeitura de Adamantina apresenta projeto de Regionaliza\u00e7\u00e3o e Integraliza\u00e7\u00e3o da Sa\u00fade a Secretaria de Sa\u00fade do Estado de S\u00e3o Paulo - R\u00e1dio Life FM","og_description":"Em agenda do deputado estadual Mauro Bragato, o prefeito M\u00e1rcio Cardim, o secret\u00e1rio de sa\u00fade, Gustavo Taniguchi Rufino, a chefe de gabinete, Luciana Pereira e representantes da Santa Casa de Adamantina estiveram reunidos com o secret\u00e1rio de sa\u00fade do Governo do Estado de S\u00e3o Paulo, Jean Gorinchteyn. O objetivo do encontro \u00e9 apresentar o Plano [&hellip;]","og_url":"https:\/\/radiolifefm.com.br\/noticias\/prefeitura-de-adamantina-apresenta-projeto-de-regionalizacao-e-integralizacao-da-saude-a-secretaria-de-saude-do-estado-de-sao-paulo\/","og_site_name":"R\u00e1dio Life FM","article_publisher":"https:\/\/www.facebook.com\/radiolifefm\/","article_published_time":"2021-12-15T00:22:06+00:00","article_modified_time":"2026-04-09T04:48:22+00:00","og_image":[{"width":1280,"height":721,"url":"https:\/\/radiolifefm.com.br\/noticias\/wp-content\/uploads\/2021\/12\/foto-3.jpeg","type":"image\/jpeg"}],"author":"ritanery","twitter_card":"summary_large_image","twitter_misc":{"Escrito por":"ritanery","Est. tempo de leitura":"2 minutos"},"schema":{"@context":"https:\/\/schema.org","@graph":[{"@type":"Article","@id":"https:\/\/radiolifefm.com.br\/noticias\/prefeitura-de-adamantina-apresenta-projeto-de-regionalizacao-e-integralizacao-da-saude-a-secretaria-de-saude-do-estado-de-sao-paulo\/#article","isPartOf":{"@id":"https:\/\/radiolifefm.com.br\/noticias\/prefeitura-de-adamantina-apresenta-projeto-de-regionalizacao-e-integralizacao-da-saude-a-secretaria-de-saude-do-estado-de-sao-paulo\/"},"author":{"name":"ritanery","@id":"https:\/\/radiolifefm.com.br\/noticias\/#\/schema\/person\/6339b9fac59d12b071dec680d7375d87"},"headline":"Prefeitura de Adamantina apresenta projeto de Regionaliza\u00e7\u00e3o e Integraliza\u00e7\u00e3o da Sa\u00fade a Secretaria de Sa\u00fade do Estado de S\u00e3o Paulo","datePublished":"2021-12-15T00:22:06+00:00","dateModified":"2026-04-09T04:48:22+00:00","mainEntityOfPage":{"@id":"https:\/\/radiolifefm.com.br\/noticias\/prefeitura-de-adamantina-apresenta-projeto-de-regionalizacao-e-integralizacao-da-saude-a-secretaria-de-saude-do-estado-de-sao-paulo\/"},"wordCount":455,"publisher":{"@id":"https:\/\/radiolifefm.com.br\/noticias\/#organization"},"image":{"@id":"https:\/\/radiolifefm.com.br\/noticias\/prefeitura-de-adamantina-apresenta-projeto-de-regionalizacao-e-integralizacao-da-saude-a-secretaria-de-saude-do-estado-de-sao-paulo\/#primaryimage"},"thumbnailUrl":"https:\/\/radiolifefm.com.br\/noticias\/wp-content\/uploads\/2021\/12\/foto-3.jpeg","articleSection":["Adamantina"],"inLanguage":"pt-BR"},{"@type":"WebPage","@id":"https:\/\/radiolifefm.com.br\/noticias\/prefeitura-de-adamantina-apresenta-projeto-de-regionalizacao-e-integralizacao-da-saude-a-secretaria-de-saude-do-estado-de-sao-paulo\/","url":"https:\/\/radiolifefm.com.br\/noticias\/prefeitura-de-adamantina-apresenta-projeto-de-regionalizacao-e-integralizacao-da-saude-a-secretaria-de-saude-do-estado-de-sao-paulo\/","name":"Prefeitura de Adamantina apresenta projeto de Regionaliza\u00e7\u00e3o e Integraliza\u00e7\u00e3o da Sa\u00fade a Secretaria de Sa\u00fade do Estado de S\u00e3o Paulo - R\u00e1dio Life FM","isPartOf":{"@id":"https:\/\/radiolifefm.com.br\/noticias\/#website"},"primaryImageOfPage":{"@id":"https:\/\/radiolifefm.com.br\/noticias\/prefeitura-de-adamantina-apresenta-projeto-de-regionalizacao-e-integralizacao-da-saude-a-secretaria-de-saude-do-estado-de-sao-paulo\/#primaryimage"},"image":{"@id":"https:\/\/radiolifefm.com.br\/noticias\/prefeitura-de-adamantina-apresenta-projeto-de-regionalizacao-e-integralizacao-da-saude-a-secretaria-de-saude-do-estado-de-sao-paulo\/#primaryimage"},"thumbnailUrl":"https:\/\/radiolifefm.com.br\/noticias\/wp-content\/uploads\/2021\/12\/foto-3.jpeg","datePublished":"2021-12-15T00:22:06+00:00","dateModified":"2026-04-09T04:48:22+00:00","breadcrumb":{"@id":"https:\/\/radiolifefm.com.br\/noticias\/prefeitura-de-adamantina-apresenta-projeto-de-regionalizacao-e-integralizacao-da-saude-a-secretaria-de-saude-do-estado-de-sao-paulo\/#breadcrumb"},"inLanguage":"pt-BR","potentialAction":[{"@type":"ReadAction","target":["https:\/\/radiolifefm.com.br\/noticias\/prefeitura-de-adamantina-apresenta-projeto-de-regionalizacao-e-integralizacao-da-saude-a-secretaria-de-saude-do-estado-de-sao-paulo\/"]}]},{"@type":"ImageObject","inLanguage":"pt-BR","@id":"https:\/\/radiolifefm.com.br\/noticias\/prefeitura-de-adamantina-apresenta-projeto-de-regionalizacao-e-integralizacao-da-saude-a-secretaria-de-saude-do-estado-de-sao-paulo\/#primaryimage","url":"https:\/\/radiolifefm.com.br\/noticias\/wp-content\/uploads\/2021\/12\/foto-3.jpeg","contentUrl":"https:\/\/radiolifefm.com.br\/noticias\/wp-content\/uploads\/2021\/12\/foto-3.jpeg","width":1280,"height":721},{"@type":"BreadcrumbList","@id":"https:\/\/radiolifefm.com.br\/noticias\/prefeitura-de-adamantina-apresenta-projeto-de-regionalizacao-e-integralizacao-da-saude-a-secretaria-de-saude-do-estado-de-sao-paulo\/#breadcrumb","itemListElement":[{"@type":"ListItem","position":1,"name":"In\u00edcio","item":"https:\/\/radiolifefm.com.br\/noticias\/"},{"@type":"ListItem","position":2,"name":"Prefeitura de Adamantina apresenta projeto de Regionaliza\u00e7\u00e3o e Integraliza\u00e7\u00e3o da Sa\u00fade a Secretaria de Sa\u00fade do Estado de S\u00e3o Paulo"}]},{"@type":"WebSite","@id":"https:\/\/radiolifefm.com.br\/noticias\/#website","url":"https:\/\/radiolifefm.com.br\/noticias\/","name":"R\u00e1dio Life FM","description":"O Portal de Not\u00edcias de Adamantina","publisher":{"@id":"https:\/\/radiolifefm.com.br\/noticias\/#organization"},"alternateName":"Life FM","potentialAction":[{"@type":"SearchAction","target":{"@type":"EntryPoint","urlTemplate":"https:\/\/radiolifefm.com.br\/noticias\/?s={search_term_string}"},"query-input":{"@type":"PropertyValueSpecification","valueRequired":true,"valueName":"search_term_string"}}],"inLanguage":"pt-BR"},{"@type":"Organization","@id":"https:\/\/radiolifefm.com.br\/noticias\/#organization","name":"R\u00e1dio Life FM","alternateName":"Life FM","url":"https:\/\/radiolifefm.com.br\/noticias\/","logo":{"@type":"ImageObject","inLanguage":"pt-BR","@id":"https:\/\/radiolifefm.com.br\/noticias\/#\/schema\/logo\/image\/","url":"https:\/\/static.radiolifefm.com.br\/noticias\/wp-content\/uploads\/2019\/10\/logo-lifefm.png","contentUrl":"https:\/\/static.radiolifefm.com.br\/noticias\/wp-content\/uploads\/2019\/10\/logo-lifefm.png","width":196,"height":47,"caption":"R\u00e1dio Life FM"},"image":{"@id":"https:\/\/radiolifefm.com.br\/noticias\/#\/schema\/logo\/image\/"},"sameAs":["https:\/\/www.facebook.com\/radiolifefm\/","https:\/\/www.instagram.com\/life1079fm\/"]},{"@type":"Person","@id":"https:\/\/radiolifefm.com.br\/noticias\/#\/schema\/person\/6339b9fac59d12b071dec680d7375d87","name":"ritanery","image":{"@type":"ImageObject","inLanguage":"pt-BR","@id":"https:\/\/secure.gravatar.com\/avatar\/0e37bb19071f47c0b8a23f62a903df117c5a0e75f65a0c2901562f97cd41cf86?s=96&d=mm&r=g","url":"https:\/\/secure.gravatar.com\/avatar\/0e37bb19071f47c0b8a23f62a903df117c5a0e75f65a0c2901562f97cd41cf86?s=96&d=mm&r=g","contentUrl":"https:\/\/secure.gravatar.com\/avatar\/0e37bb19071f47c0b8a23f62a903df117c5a0e75f65a0c2901562f97cd41cf86?s=96&d=mm&r=g","caption":"ritanery"}}]}},"amp_enabled":true,"_links":{"self":[{"href":"https:\/\/radiolifefm.com.br\/noticias\/wp-json\/wp\/v2\/posts\/47050","targetHints":{"allow":["GET"]}}],"collection":[{"href":"https:\/\/radiolifefm.com.br\/noticias\/wp-json\/wp\/v2\/posts"}],"about":[{"href":"https:\/\/radiolifefm.com.br\/noticias\/wp-json\/wp\/v2\/types\/post"}],"author":[{"embeddable":true,"href":"https:\/\/radiolifefm.com.br\/noticias\/wp-json\/wp\/v2\/users\/13"}],"replies":[{"embeddable":true,"href":"https:\/\/radiolifefm.com.br\/noticias\/wp-json\/wp\/v2\/comments?post=47050"}],"version-history":[{"count":1,"href":"https:\/\/radiolifefm.com.br\/noticias\/wp-json\/wp\/v2\/posts\/47050\/revisions"}],"predecessor-version":[{"id":47052,"href":"https:\/\/radiolifefm.com.br\/noticias\/wp-json\/wp\/v2\/posts\/47050\/revisions\/47052"}],"wp:featuredmedia":[{"embeddable":true,"href":"https:\/\/radiolifefm.com.br\/noticias\/wp-json\/wp\/v2\/media\/47051"}],"wp:attachment":[{"href":"https:\/\/radiolifefm.com.br\/noticias\/wp-json\/wp\/v2\/media?parent=47050"}],"wp:term":[{"taxonomy":"category","embeddable":true,"href":"https:\/\/radiolifefm.com.br\/noticias\/wp-json\/wp\/v2\/categories?post=47050"},{"taxonomy":"post_tag","embeddable":true,"href":"https:\/\/radiolifefm.com.br\/noticias\/wp-json\/wp\/v2\/tags?post=47050"}],"curies":[{"name":"wp","href":"https:\/\/api.w.org\/{rel}","templated":true}]}}