{"id":46988,"date":"2021-12-13T21:16:08","date_gmt":"2021-12-14T00:16:08","guid":{"rendered":"https:\/\/radiolifefm.com.br\/noticias\/?p=46988"},"modified":"2026-04-19T14:42:50","modified_gmt":"2026-04-19T17:42:50","slug":"prefeitura-de-adamantina-entrega-certificacao-para-67-produtores-rurais","status":"publish","type":"post","link":"https:\/\/radiolifefm.com.br\/noticias\/prefeitura-de-adamantina-entrega-certificacao-para-67-produtores-rurais\/","title":{"rendered":"Prefeitura de Adamantina entrega certifica\u00e7\u00e3o para 67 produtores rurais"},"content":{"rendered":"<div id=\"fb-root\"><\/div>\n<p>Com o objetivo de certificar os produtores que participaram dos programas desenvolvidos pelo munic\u00edpio em parceria com a Energisa e o Euroclima+ e incentivar os produtores rurais a continuarem desenvolvendo boas pr\u00e1ticas no campo, a Prefeitura de Adamantina, por meio da Secretaria de Agricultura, Abastecimento e Meio Ambiente (SAAMA) entregou uma certifica\u00e7\u00e3o para 67 produtores rurais.<br \/>\nO evento contou com a participa\u00e7\u00e3o do prefeito M\u00e1rcio Cardim, o secret\u00e1rio da SAAMA, Thiago Benet\u00e3o; o coordenador do projeto pela Prefeitura de Adamantina, William Bachega; Carlos Eduardo Mariano, coordenador de grandes clientes da Energisa; respons\u00e1vel pelo projeto de Efici\u00eancia Energ\u00e9tica, Thiago Peres de Oliveira e o vereador Aguinaldo Galv\u00e3o, representando a C\u00e2mara Municipal.<br \/>\nO secret\u00e1rio da SAAMA deu as boas-vindas aos participantes e lembrou da import\u00e2ncia do projeto, assim como Thiago Peres de Oliveira, respons\u00e1vel pelo projeto de Efici\u00eancia Energ\u00e9tica pela Energisa.<br \/>\nO coordenador de grandes clientes da Energisa, Carlos Eduardo Mariano, falou sobre a parceria e os bons resultados que a iniciativa teve, pois, a Energisa conseguiu colaborar com as podas, diminuiu os problemas de falta de energia, beneficiou as fam\u00edlias de baixa renda e fez parte de um projeto inovador no pa\u00eds.<br \/>\nJ\u00e1 o prefeito M\u00e1rcio Cardim relembrou que a execu\u00e7\u00e3o dos projetos em quase tr\u00eas anos passou por etapas de adequa\u00e7\u00e3o, mas os frutos est\u00e3o sendo colhidos e que a expectativa para 2022 \u00e9 aumentar o Programa de Aquisi\u00e7\u00e3o de Alimentos que j\u00e1 \u00e9 desenvolvido no munic\u00edpio possibilitando assim que mais agricultores participem.<br \/>\n\u201cAgradecemos aos produtores que acreditaram nos dois projetos. Para incentivar ainda mais o desenvolvimento da agricultura familiar em nosso munic\u00edpio, estamos encaminhando um projeto de lei para dar 60% de desconto para aqueles que fizerem uso das m\u00e1quinas da Prefeitura, desde que possuam o t\u00edtulo de produtor resiliente\u201d, afirma o prefeito.<\/p>\n<p>Projeto de lei que concede desconto para o Produto Rural Resiliente<br \/>\nA Prefeitura de Adamantina encaminhou para a C\u00e2mara Municipal para aprecia\u00e7\u00e3o projeto de lei que disp\u00f5e sobre autoriza\u00e7\u00e3o para que o chefe do Poder Executivo possa conceder desconto de 60% sobre o valor dos servi\u00e7os e\/ou loca\u00e7\u00e3o de m\u00e1quinas agr\u00edcolas fixado nos itens 1.5 e 1.6 do Decreto de Pre\u00e7os P\u00fablicos, aos produtores rurais que possuam o t\u00edtulo de \u201cProdutor Rural Resiliente&#8221;.<\/p>\n<p>T\u00edtulo de Produtor Resiliente<br \/>\nA Prefeitura de Adamantina criou o T\u00edtulo de Produtor Rural Resiliente, por meio da lei n\u00ba4.087 de 19 de novembro de 2021. A medida objetiva incentivar a implanta\u00e7\u00e3o de boas pr\u00e1ticas agr\u00edcolas e ambientais e, consequentemente, propiciar a produ\u00e7\u00e3o de alimentos de qualidade.<\/p>\n<p>Euroclima +<br \/>\nA iniciativa \u00e9 uma parceria entre a Prefeitura de Adamantina, UniFAI e Comunidade Trinacional Fronteiri\u00e7a Rio Lempa (Mancomunidad Trinacional Fronteriza R\u00edo Lempa, no nome original em espanhol, composto por nove munic\u00edpios da Guatemala, El Salvador e Honduras, pa\u00edses da Am\u00e9rica Central) integra um programa que tem como foco a produ\u00e7\u00e3o resiliente de alimentos frente \u00e0 mudan\u00e7a clim\u00e1tica.<br \/>\nA a\u00e7\u00e3o consiste em oferecer atendimento t\u00e9cnico especializado gratuitamente aos produtores por meio de uma engenheira agr\u00f4noma e um t\u00e9cnico agropecu\u00e1rio contratados pela Prefeitura de Adamantina.<br \/>\nOs profissionais atuam dando assist\u00eancia t\u00e9cnica nas culturas de hortali\u00e7as e frutas, oferecendo orienta\u00e7\u00e3o na utiliza\u00e7\u00e3o da compostagem, irriga\u00e7\u00e3o, an\u00e1lise de solo, an\u00e1lise do pH da \u00e1gua, entre outras atividades dentro das propriedades.<br \/>\nO EuroClima+ ainda oferece assist\u00eancia t\u00e9cnica para os criadores bovinos levando orienta\u00e7\u00e3o sobre manejo de pastagem e nutri\u00e7\u00e3o animal.<\/p>\n<p>Programa de Efici\u00eancia Energ\u00e9tica<br \/>\nEm paralelo a essa a\u00e7\u00e3o, a Prefeitura de Adamantina em parceria com a Energisa, desenvolveu o projeto de Efici\u00eancia Energ\u00e9tica que consiste no aproveitamento dos res\u00edduos de poda de \u00e1rvores e os res\u00edduos org\u00e2nicos das cozinhas para serem transformados em adubo e destinados \u00e0 popula\u00e7\u00e3o por meio do programa Agricultura Familiar.<\/p>\n<p>Fonte: Assessoria de Imprensa<\/p>\n","protected":false},"excerpt":{"rendered":"<p>Com o objetivo de certificar os produtores que participaram dos programas desenvolvidos pelo munic\u00edpio em parceria com a Energisa e o Euroclima+ e incentivar os produtores rurais a continuarem desenvolvendo boas pr\u00e1ticas no campo, a Prefeitura de Adamantina, por meio da Secretaria de Agricultura, Abastecimento e Meio Ambiente (SAAMA) entregou uma certifica\u00e7\u00e3o para 67 produtores [&hellip;]<\/p>\n","protected":false},"author":13,"featured_media":46989,"comment_status":"closed","ping_status":"open","sticky":false,"template":"","format":"standard","meta":{"_acf_changed":false,"_exactmetrics_skip_tracking":false,"_exactmetrics_sitenote_active":false,"_exactmetrics_sitenote_note":"","_exactmetrics_sitenote_category":0,"footnotes":""},"categories":[21],"tags":[],"class_list":["post-46988","post","type-post","status-publish","format-standard","has-post-thumbnail","hentry","category-adamantina"],"acf":[],"yoast_head":"<!-- This site is optimized with the Yoast SEO plugin v27.2 - https:\/\/yoast.com\/product\/yoast-seo-wordpress\/ -->\n<title>Prefeitura de Adamantina entrega certifica\u00e7\u00e3o para 67 produtores rurais - R\u00e1dio Life FM<\/title>\n<meta name=\"robots\" content=\"index, follow, max-snippet:-1, max-image-preview:large, max-video-preview:-1\" \/>\n<link rel=\"canonical\" href=\"https:\/\/radiolifefm.com.br\/noticias\/prefeitura-de-adamantina-entrega-certificacao-para-67-produtores-rurais\/\" \/>\n<meta property=\"og:locale\" content=\"pt_BR\" \/>\n<meta property=\"og:type\" content=\"article\" \/>\n<meta property=\"og:title\" content=\"Prefeitura de Adamantina entrega certifica\u00e7\u00e3o para 67 produtores rurais - R\u00e1dio Life FM\" \/>\n<meta property=\"og:description\" content=\"Com o objetivo de certificar os produtores que participaram dos programas desenvolvidos pelo munic\u00edpio em parceria com a Energisa e o Euroclima+ e incentivar os produtores rurais a continuarem desenvolvendo boas pr\u00e1ticas no campo, a Prefeitura de Adamantina, por meio da Secretaria de Agricultura, Abastecimento e Meio Ambiente (SAAMA) entregou uma certifica\u00e7\u00e3o para 67 produtores [&hellip;]\" \/>\n<meta property=\"og:url\" content=\"https:\/\/radiolifefm.com.br\/noticias\/prefeitura-de-adamantina-entrega-certificacao-para-67-produtores-rurais\/\" \/>\n<meta property=\"og:site_name\" content=\"R\u00e1dio Life FM\" \/>\n<meta property=\"article:publisher\" content=\"https:\/\/www.facebook.com\/radiolifefm\/\" \/>\n<meta property=\"article:published_time\" content=\"2021-12-14T00:16:08+00:00\" \/>\n<meta property=\"article:modified_time\" content=\"2026-04-19T17:42:50+00:00\" \/>\n<meta property=\"og:image\" content=\"https:\/\/radiolifefm.com.br\/noticias\/wp-content\/uploads\/2021\/12\/foto-1-1.jpeg\" \/>\n\t<meta property=\"og:image:width\" content=\"1024\" \/>\n\t<meta property=\"og:image:height\" content=\"683\" \/>\n\t<meta property=\"og:image:type\" content=\"image\/jpeg\" \/>\n<meta name=\"author\" content=\"ritanery\" \/>\n<meta name=\"twitter:card\" content=\"summary_large_image\" \/>\n<meta name=\"twitter:label1\" content=\"Escrito por\" \/>\n\t<meta name=\"twitter:data1\" content=\"ritanery\" \/>\n\t<meta name=\"twitter:label2\" content=\"Est. tempo de leitura\" \/>\n\t<meta name=\"twitter:data2\" content=\"3 minutos\" \/>\n<script type=\"application\/ld+json\" class=\"yoast-schema-graph\">{\"@context\":\"https:\/\/schema.org\",\"@graph\":[{\"@type\":\"Article\",\"@id\":\"https:\/\/radiolifefm.com.br\/noticias\/prefeitura-de-adamantina-entrega-certificacao-para-67-produtores-rurais\/#article\",\"isPartOf\":{\"@id\":\"https:\/\/radiolifefm.com.br\/noticias\/prefeitura-de-adamantina-entrega-certificacao-para-67-produtores-rurais\/\"},\"author\":{\"name\":\"ritanery\",\"@id\":\"https:\/\/radiolifefm.com.br\/noticias\/#\/schema\/person\/6339b9fac59d12b071dec680d7375d87\"},\"headline\":\"Prefeitura de Adamantina entrega certifica\u00e7\u00e3o para 67 produtores rurais\",\"datePublished\":\"2021-12-14T00:16:08+00:00\",\"dateModified\":\"2026-04-19T17:42:50+00:00\",\"mainEntityOfPage\":{\"@id\":\"https:\/\/radiolifefm.com.br\/noticias\/prefeitura-de-adamantina-entrega-certificacao-para-67-produtores-rurais\/\"},\"wordCount\":686,\"publisher\":{\"@id\":\"https:\/\/radiolifefm.com.br\/noticias\/#organization\"},\"image\":{\"@id\":\"https:\/\/radiolifefm.com.br\/noticias\/prefeitura-de-adamantina-entrega-certificacao-para-67-produtores-rurais\/#primaryimage\"},\"thumbnailUrl\":\"https:\/\/radiolifefm.com.br\/noticias\/wp-content\/uploads\/2021\/12\/foto-1-1.jpeg\",\"articleSection\":[\"Adamantina\"],\"inLanguage\":\"pt-BR\"},{\"@type\":\"WebPage\",\"@id\":\"https:\/\/radiolifefm.com.br\/noticias\/prefeitura-de-adamantina-entrega-certificacao-para-67-produtores-rurais\/\",\"url\":\"https:\/\/radiolifefm.com.br\/noticias\/prefeitura-de-adamantina-entrega-certificacao-para-67-produtores-rurais\/\",\"name\":\"Prefeitura de Adamantina entrega certifica\u00e7\u00e3o para 67 produtores rurais - R\u00e1dio Life FM\",\"isPartOf\":{\"@id\":\"https:\/\/radiolifefm.com.br\/noticias\/#website\"},\"primaryImageOfPage\":{\"@id\":\"https:\/\/radiolifefm.com.br\/noticias\/prefeitura-de-adamantina-entrega-certificacao-para-67-produtores-rurais\/#primaryimage\"},\"image\":{\"@id\":\"https:\/\/radiolifefm.com.br\/noticias\/prefeitura-de-adamantina-entrega-certificacao-para-67-produtores-rurais\/#primaryimage\"},\"thumbnailUrl\":\"https:\/\/radiolifefm.com.br\/noticias\/wp-content\/uploads\/2021\/12\/foto-1-1.jpeg\",\"datePublished\":\"2021-12-14T00:16:08+00:00\",\"dateModified\":\"2026-04-19T17:42:50+00:00\",\"breadcrumb\":{\"@id\":\"https:\/\/radiolifefm.com.br\/noticias\/prefeitura-de-adamantina-entrega-certificacao-para-67-produtores-rurais\/#breadcrumb\"},\"inLanguage\":\"pt-BR\",\"potentialAction\":[{\"@type\":\"ReadAction\",\"target\":[\"https:\/\/radiolifefm.com.br\/noticias\/prefeitura-de-adamantina-entrega-certificacao-para-67-produtores-rurais\/\"]}]},{\"@type\":\"ImageObject\",\"inLanguage\":\"pt-BR\",\"@id\":\"https:\/\/radiolifefm.com.br\/noticias\/prefeitura-de-adamantina-entrega-certificacao-para-67-produtores-rurais\/#primaryimage\",\"url\":\"https:\/\/radiolifefm.com.br\/noticias\/wp-content\/uploads\/2021\/12\/foto-1-1.jpeg\",\"contentUrl\":\"https:\/\/radiolifefm.com.br\/noticias\/wp-content\/uploads\/2021\/12\/foto-1-1.jpeg\",\"width\":1024,\"height\":683,\"caption\":\"Profissionais participaram dos programas desenvolvidos pelo munic\u00edpio em parceria com a Energisa e o Euroclima+\"},{\"@type\":\"BreadcrumbList\",\"@id\":\"https:\/\/radiolifefm.com.br\/noticias\/prefeitura-de-adamantina-entrega-certificacao-para-67-produtores-rurais\/#breadcrumb\",\"itemListElement\":[{\"@type\":\"ListItem\",\"position\":1,\"name\":\"In\u00edcio\",\"item\":\"https:\/\/radiolifefm.com.br\/noticias\/\"},{\"@type\":\"ListItem\",\"position\":2,\"name\":\"Prefeitura de Adamantina entrega certifica\u00e7\u00e3o para 67 produtores rurais\"}]},{\"@type\":\"WebSite\",\"@id\":\"https:\/\/radiolifefm.com.br\/noticias\/#website\",\"url\":\"https:\/\/radiolifefm.com.br\/noticias\/\",\"name\":\"R\u00e1dio Life FM\",\"description\":\"O Portal de Not\u00edcias de Adamantina\",\"publisher\":{\"@id\":\"https:\/\/radiolifefm.com.br\/noticias\/#organization\"},\"alternateName\":\"Life FM\",\"potentialAction\":[{\"@type\":\"SearchAction\",\"target\":{\"@type\":\"EntryPoint\",\"urlTemplate\":\"https:\/\/radiolifefm.com.br\/noticias\/?s={search_term_string}\"},\"query-input\":{\"@type\":\"PropertyValueSpecification\",\"valueRequired\":true,\"valueName\":\"search_term_string\"}}],\"inLanguage\":\"pt-BR\"},{\"@type\":\"Organization\",\"@id\":\"https:\/\/radiolifefm.com.br\/noticias\/#organization\",\"name\":\"R\u00e1dio Life FM\",\"alternateName\":\"Life FM\",\"url\":\"https:\/\/radiolifefm.com.br\/noticias\/\",\"logo\":{\"@type\":\"ImageObject\",\"inLanguage\":\"pt-BR\",\"@id\":\"https:\/\/radiolifefm.com.br\/noticias\/#\/schema\/logo\/image\/\",\"url\":\"https:\/\/static.radiolifefm.com.br\/noticias\/wp-content\/uploads\/2019\/10\/logo-lifefm.png\",\"contentUrl\":\"https:\/\/static.radiolifefm.com.br\/noticias\/wp-content\/uploads\/2019\/10\/logo-lifefm.png\",\"width\":196,\"height\":47,\"caption\":\"R\u00e1dio Life FM\"},\"image\":{\"@id\":\"https:\/\/radiolifefm.com.br\/noticias\/#\/schema\/logo\/image\/\"},\"sameAs\":[\"https:\/\/www.facebook.com\/radiolifefm\/\",\"https:\/\/www.instagram.com\/life1079fm\/\"]},{\"@type\":\"Person\",\"@id\":\"https:\/\/radiolifefm.com.br\/noticias\/#\/schema\/person\/6339b9fac59d12b071dec680d7375d87\",\"name\":\"ritanery\",\"image\":{\"@type\":\"ImageObject\",\"inLanguage\":\"pt-BR\",\"@id\":\"https:\/\/secure.gravatar.com\/avatar\/0e37bb19071f47c0b8a23f62a903df117c5a0e75f65a0c2901562f97cd41cf86?s=96&d=mm&r=g\",\"url\":\"https:\/\/secure.gravatar.com\/avatar\/0e37bb19071f47c0b8a23f62a903df117c5a0e75f65a0c2901562f97cd41cf86?s=96&d=mm&r=g\",\"contentUrl\":\"https:\/\/secure.gravatar.com\/avatar\/0e37bb19071f47c0b8a23f62a903df117c5a0e75f65a0c2901562f97cd41cf86?s=96&d=mm&r=g\",\"caption\":\"ritanery\"}}]}<\/script>\n<!-- \/ Yoast SEO plugin. -->","yoast_head_json":{"title":"Prefeitura de Adamantina entrega certifica\u00e7\u00e3o para 67 produtores rurais - R\u00e1dio Life FM","robots":{"index":"index","follow":"follow","max-snippet":"max-snippet:-1","max-image-preview":"max-image-preview:large","max-video-preview":"max-video-preview:-1"},"canonical":"https:\/\/radiolifefm.com.br\/noticias\/prefeitura-de-adamantina-entrega-certificacao-para-67-produtores-rurais\/","og_locale":"pt_BR","og_type":"article","og_title":"Prefeitura de Adamantina entrega certifica\u00e7\u00e3o para 67 produtores rurais - R\u00e1dio Life FM","og_description":"Com o objetivo de certificar os produtores que participaram dos programas desenvolvidos pelo munic\u00edpio em parceria com a Energisa e o Euroclima+ e incentivar os produtores rurais a continuarem desenvolvendo boas pr\u00e1ticas no campo, a Prefeitura de Adamantina, por meio da Secretaria de Agricultura, Abastecimento e Meio Ambiente (SAAMA) entregou uma certifica\u00e7\u00e3o para 67 produtores [&hellip;]","og_url":"https:\/\/radiolifefm.com.br\/noticias\/prefeitura-de-adamantina-entrega-certificacao-para-67-produtores-rurais\/","og_site_name":"R\u00e1dio Life FM","article_publisher":"https:\/\/www.facebook.com\/radiolifefm\/","article_published_time":"2021-12-14T00:16:08+00:00","article_modified_time":"2026-04-19T17:42:50+00:00","og_image":[{"width":1024,"height":683,"url":"https:\/\/radiolifefm.com.br\/noticias\/wp-content\/uploads\/2021\/12\/foto-1-1.jpeg","type":"image\/jpeg"}],"author":"ritanery","twitter_card":"summary_large_image","twitter_misc":{"Escrito por":"ritanery","Est. tempo de leitura":"3 minutos"},"schema":{"@context":"https:\/\/schema.org","@graph":[{"@type":"Article","@id":"https:\/\/radiolifefm.com.br\/noticias\/prefeitura-de-adamantina-entrega-certificacao-para-67-produtores-rurais\/#article","isPartOf":{"@id":"https:\/\/radiolifefm.com.br\/noticias\/prefeitura-de-adamantina-entrega-certificacao-para-67-produtores-rurais\/"},"author":{"name":"ritanery","@id":"https:\/\/radiolifefm.com.br\/noticias\/#\/schema\/person\/6339b9fac59d12b071dec680d7375d87"},"headline":"Prefeitura de Adamantina entrega certifica\u00e7\u00e3o para 67 produtores rurais","datePublished":"2021-12-14T00:16:08+00:00","dateModified":"2026-04-19T17:42:50+00:00","mainEntityOfPage":{"@id":"https:\/\/radiolifefm.com.br\/noticias\/prefeitura-de-adamantina-entrega-certificacao-para-67-produtores-rurais\/"},"wordCount":686,"publisher":{"@id":"https:\/\/radiolifefm.com.br\/noticias\/#organization"},"image":{"@id":"https:\/\/radiolifefm.com.br\/noticias\/prefeitura-de-adamantina-entrega-certificacao-para-67-produtores-rurais\/#primaryimage"},"thumbnailUrl":"https:\/\/radiolifefm.com.br\/noticias\/wp-content\/uploads\/2021\/12\/foto-1-1.jpeg","articleSection":["Adamantina"],"inLanguage":"pt-BR"},{"@type":"WebPage","@id":"https:\/\/radiolifefm.com.br\/noticias\/prefeitura-de-adamantina-entrega-certificacao-para-67-produtores-rurais\/","url":"https:\/\/radiolifefm.com.br\/noticias\/prefeitura-de-adamantina-entrega-certificacao-para-67-produtores-rurais\/","name":"Prefeitura de Adamantina entrega certifica\u00e7\u00e3o para 67 produtores rurais - R\u00e1dio Life FM","isPartOf":{"@id":"https:\/\/radiolifefm.com.br\/noticias\/#website"},"primaryImageOfPage":{"@id":"https:\/\/radiolifefm.com.br\/noticias\/prefeitura-de-adamantina-entrega-certificacao-para-67-produtores-rurais\/#primaryimage"},"image":{"@id":"https:\/\/radiolifefm.com.br\/noticias\/prefeitura-de-adamantina-entrega-certificacao-para-67-produtores-rurais\/#primaryimage"},"thumbnailUrl":"https:\/\/radiolifefm.com.br\/noticias\/wp-content\/uploads\/2021\/12\/foto-1-1.jpeg","datePublished":"2021-12-14T00:16:08+00:00","dateModified":"2026-04-19T17:42:50+00:00","breadcrumb":{"@id":"https:\/\/radiolifefm.com.br\/noticias\/prefeitura-de-adamantina-entrega-certificacao-para-67-produtores-rurais\/#breadcrumb"},"inLanguage":"pt-BR","potentialAction":[{"@type":"ReadAction","target":["https:\/\/radiolifefm.com.br\/noticias\/prefeitura-de-adamantina-entrega-certificacao-para-67-produtores-rurais\/"]}]},{"@type":"ImageObject","inLanguage":"pt-BR","@id":"https:\/\/radiolifefm.com.br\/noticias\/prefeitura-de-adamantina-entrega-certificacao-para-67-produtores-rurais\/#primaryimage","url":"https:\/\/radiolifefm.com.br\/noticias\/wp-content\/uploads\/2021\/12\/foto-1-1.jpeg","contentUrl":"https:\/\/radiolifefm.com.br\/noticias\/wp-content\/uploads\/2021\/12\/foto-1-1.jpeg","width":1024,"height":683,"caption":"Profissionais participaram dos programas desenvolvidos pelo munic\u00edpio em parceria com a Energisa e o Euroclima+"},{"@type":"BreadcrumbList","@id":"https:\/\/radiolifefm.com.br\/noticias\/prefeitura-de-adamantina-entrega-certificacao-para-67-produtores-rurais\/#breadcrumb","itemListElement":[{"@type":"ListItem","position":1,"name":"In\u00edcio","item":"https:\/\/radiolifefm.com.br\/noticias\/"},{"@type":"ListItem","position":2,"name":"Prefeitura de Adamantina entrega certifica\u00e7\u00e3o para 67 produtores rurais"}]},{"@type":"WebSite","@id":"https:\/\/radiolifefm.com.br\/noticias\/#website","url":"https:\/\/radiolifefm.com.br\/noticias\/","name":"R\u00e1dio Life FM","description":"O Portal de Not\u00edcias de Adamantina","publisher":{"@id":"https:\/\/radiolifefm.com.br\/noticias\/#organization"},"alternateName":"Life FM","potentialAction":[{"@type":"SearchAction","target":{"@type":"EntryPoint","urlTemplate":"https:\/\/radiolifefm.com.br\/noticias\/?s={search_term_string}"},"query-input":{"@type":"PropertyValueSpecification","valueRequired":true,"valueName":"search_term_string"}}],"inLanguage":"pt-BR"},{"@type":"Organization","@id":"https:\/\/radiolifefm.com.br\/noticias\/#organization","name":"R\u00e1dio Life FM","alternateName":"Life FM","url":"https:\/\/radiolifefm.com.br\/noticias\/","logo":{"@type":"ImageObject","inLanguage":"pt-BR","@id":"https:\/\/radiolifefm.com.br\/noticias\/#\/schema\/logo\/image\/","url":"https:\/\/static.radiolifefm.com.br\/noticias\/wp-content\/uploads\/2019\/10\/logo-lifefm.png","contentUrl":"https:\/\/static.radiolifefm.com.br\/noticias\/wp-content\/uploads\/2019\/10\/logo-lifefm.png","width":196,"height":47,"caption":"R\u00e1dio Life FM"},"image":{"@id":"https:\/\/radiolifefm.com.br\/noticias\/#\/schema\/logo\/image\/"},"sameAs":["https:\/\/www.facebook.com\/radiolifefm\/","https:\/\/www.instagram.com\/life1079fm\/"]},{"@type":"Person","@id":"https:\/\/radiolifefm.com.br\/noticias\/#\/schema\/person\/6339b9fac59d12b071dec680d7375d87","name":"ritanery","image":{"@type":"ImageObject","inLanguage":"pt-BR","@id":"https:\/\/secure.gravatar.com\/avatar\/0e37bb19071f47c0b8a23f62a903df117c5a0e75f65a0c2901562f97cd41cf86?s=96&d=mm&r=g","url":"https:\/\/secure.gravatar.com\/avatar\/0e37bb19071f47c0b8a23f62a903df117c5a0e75f65a0c2901562f97cd41cf86?s=96&d=mm&r=g","contentUrl":"https:\/\/secure.gravatar.com\/avatar\/0e37bb19071f47c0b8a23f62a903df117c5a0e75f65a0c2901562f97cd41cf86?s=96&d=mm&r=g","caption":"ritanery"}}]}},"amp_enabled":true,"_links":{"self":[{"href":"https:\/\/radiolifefm.com.br\/noticias\/wp-json\/wp\/v2\/posts\/46988","targetHints":{"allow":["GET"]}}],"collection":[{"href":"https:\/\/radiolifefm.com.br\/noticias\/wp-json\/wp\/v2\/posts"}],"about":[{"href":"https:\/\/radiolifefm.com.br\/noticias\/wp-json\/wp\/v2\/types\/post"}],"author":[{"embeddable":true,"href":"https:\/\/radiolifefm.com.br\/noticias\/wp-json\/wp\/v2\/users\/13"}],"replies":[{"embeddable":true,"href":"https:\/\/radiolifefm.com.br\/noticias\/wp-json\/wp\/v2\/comments?post=46988"}],"version-history":[{"count":1,"href":"https:\/\/radiolifefm.com.br\/noticias\/wp-json\/wp\/v2\/posts\/46988\/revisions"}],"predecessor-version":[{"id":46990,"href":"https:\/\/radiolifefm.com.br\/noticias\/wp-json\/wp\/v2\/posts\/46988\/revisions\/46990"}],"wp:featuredmedia":[{"embeddable":true,"href":"https:\/\/radiolifefm.com.br\/noticias\/wp-json\/wp\/v2\/media\/46989"}],"wp:attachment":[{"href":"https:\/\/radiolifefm.com.br\/noticias\/wp-json\/wp\/v2\/media?parent=46988"}],"wp:term":[{"taxonomy":"category","embeddable":true,"href":"https:\/\/radiolifefm.com.br\/noticias\/wp-json\/wp\/v2\/categories?post=46988"},{"taxonomy":"post_tag","embeddable":true,"href":"https:\/\/radiolifefm.com.br\/noticias\/wp-json\/wp\/v2\/tags?post=46988"}],"curies":[{"name":"wp","href":"https:\/\/api.w.org\/{rel}","templated":true}]}}