{"id":46985,"date":"2021-12-13T21:10:45","date_gmt":"2021-12-14T00:10:45","guid":{"rendered":"https:\/\/radiolifefm.com.br\/noticias\/?p=46985"},"modified":"2026-02-16T09:58:53","modified_gmt":"2026-02-16T12:58:53","slug":"membros-do-conselho-municipal-da-pessoa-com-deficiencia-de-adamantina-visitam-secretaria-municipal-dos-direitos-humanos-de-marilia","status":"publish","type":"post","link":"https:\/\/radiolifefm.com.br\/noticias\/membros-do-conselho-municipal-da-pessoa-com-deficiencia-de-adamantina-visitam-secretaria-municipal-dos-direitos-humanos-de-marilia\/","title":{"rendered":"Membros do Conselho Municipal da Pessoa com Defici\u00eancia de Adamantina visitam Secretaria Municipal dos Direitos Humanos de Mar\u00edlia"},"content":{"rendered":"<div id=\"fb-root\"><\/div>\n<p>A presidente do Conselho Municipal da Pessoa com Defici\u00eancia, Rosana Corra Narducci e os membros Larissa Escalliante Ten\u00f3rio e Daniela Carvalho estiveram em Mar\u00edlia para conhecer a Secretaria Municipal dos Direitos Humanos.<\/p>\n<p>O objetivo da visita foi apreciar o trabalho que a pasta desenvolve e, ainda, esclarecer d\u00favidas tendo como foco o aprimoramento do trabalho que j\u00e1 \u00e9 desenvolvido em Adamantina.<\/p>\n<p>Essa a\u00e7\u00e3o se faz necess\u00e1ria, porque o conselho no munic\u00edpio est\u00e1 em fase de estrutura\u00e7\u00e3o tanto do regimento interno quanto do plano de trabalho de 2022.<\/p>\n<p>\u201cConhecer in loco o Conselho possibilitou que os membros daqui tenham uma base pr\u00e1tica muito importante para sermos mais atuantes\u201d, afirma.<\/p>\n<p>Durante a visita, as representantes ainda estiveram no N\u00facleo de Libras, \u00f3rg\u00e3o respons\u00e1vel por facilitar a comunica\u00e7\u00e3o entre atendentes de \u00f3rg\u00e3os p\u00fablicos e cidad\u00e3os que necessitam do aux\u00edlio do int\u00e9rprete.<\/p>\n<p>Elas ainda viram como funciona o Espa\u00e7o Potencial, que \u00e9 um centro especializado em atendimento e estimula\u00e7\u00e3o atrav\u00e9s da ci\u00eancia An\u00e1lise Comportamental Aplicada (ABA), refer\u00eancia em atendimento somente \u00e0 portadores do Transtorno do Espectro Autista (TEA).<\/p>\n<p>Rosana Narducci comenta que a visita foi muito enriquecedora, porque foi poss\u00edvel ver o trabalho de um conselho atuante.<\/p>\n<p>\u201cConhecemos projetos e programas que foram sugeridos ao Poder Executivo e que est\u00e3o em funcionamento na cidade. Al\u00e9m disso, todas as institui\u00e7\u00f5es que trabalham com deficientes s\u00e3o parceiras do Conselho. Fiquei emocionada em ver que crian\u00e7as t\u00e3o novas j\u00e1 s\u00e3o estimuladas\u201d, finaliza.<\/p>\n<p>&nbsp;<\/p>\n<p>&nbsp;<\/p>\n<p>Fonte: Assessoria de Imprensa<\/p>\n","protected":false},"excerpt":{"rendered":"<p>A presidente do Conselho Municipal da Pessoa com Defici\u00eancia, Rosana Corra Narducci e os membros Larissa Escalliante Ten\u00f3rio e Daniela Carvalho estiveram em Mar\u00edlia para conhecer a Secretaria Municipal dos Direitos Humanos. O objetivo da visita foi apreciar o trabalho que a pasta desenvolve e, ainda, esclarecer d\u00favidas tendo como foco o aprimoramento do trabalho [&hellip;]<\/p>\n","protected":false},"author":13,"featured_media":46986,"comment_status":"closed","ping_status":"open","sticky":false,"template":"","format":"standard","meta":{"_acf_changed":false,"_exactmetrics_skip_tracking":false,"_exactmetrics_sitenote_active":false,"_exactmetrics_sitenote_note":"","_exactmetrics_sitenote_category":0,"footnotes":""},"categories":[21],"tags":[],"class_list":["post-46985","post","type-post","status-publish","format-standard","has-post-thumbnail","hentry","category-adamantina"],"acf":[],"yoast_head":"<!-- This site is optimized with the Yoast SEO plugin v27.2 - https:\/\/yoast.com\/product\/yoast-seo-wordpress\/ -->\n<title>Membros do Conselho Municipal da Pessoa com Defici\u00eancia de Adamantina visitam Secretaria Municipal dos Direitos Humanos de Mar\u00edlia - R\u00e1dio Life FM<\/title>\n<meta name=\"robots\" content=\"index, follow, max-snippet:-1, max-image-preview:large, max-video-preview:-1\" \/>\n<link rel=\"canonical\" href=\"https:\/\/radiolifefm.com.br\/noticias\/membros-do-conselho-municipal-da-pessoa-com-deficiencia-de-adamantina-visitam-secretaria-municipal-dos-direitos-humanos-de-marilia\/\" \/>\n<meta property=\"og:locale\" content=\"pt_BR\" \/>\n<meta property=\"og:type\" content=\"article\" \/>\n<meta property=\"og:title\" content=\"Membros do Conselho Municipal da Pessoa com Defici\u00eancia de Adamantina visitam Secretaria Municipal dos Direitos Humanos de Mar\u00edlia - R\u00e1dio Life FM\" \/>\n<meta property=\"og:description\" content=\"A presidente do Conselho Municipal da Pessoa com Defici\u00eancia, Rosana Corra Narducci e os membros Larissa Escalliante Ten\u00f3rio e Daniela Carvalho estiveram em Mar\u00edlia para conhecer a Secretaria Municipal dos Direitos Humanos. O objetivo da visita foi apreciar o trabalho que a pasta desenvolve e, ainda, esclarecer d\u00favidas tendo como foco o aprimoramento do trabalho [&hellip;]\" \/>\n<meta property=\"og:url\" content=\"https:\/\/radiolifefm.com.br\/noticias\/membros-do-conselho-municipal-da-pessoa-com-deficiencia-de-adamantina-visitam-secretaria-municipal-dos-direitos-humanos-de-marilia\/\" \/>\n<meta property=\"og:site_name\" content=\"R\u00e1dio Life FM\" \/>\n<meta property=\"article:publisher\" content=\"https:\/\/www.facebook.com\/radiolifefm\/\" \/>\n<meta property=\"article:published_time\" content=\"2021-12-14T00:10:45+00:00\" \/>\n<meta property=\"article:modified_time\" content=\"2026-02-16T12:58:53+00:00\" \/>\n<meta property=\"og:image\" content=\"https:\/\/radiolifefm.com.br\/noticias\/wp-content\/uploads\/2021\/12\/foto-2-1.jpeg\" \/>\n\t<meta property=\"og:image:width\" content=\"774\" \/>\n\t<meta property=\"og:image:height\" content=\"1032\" \/>\n\t<meta property=\"og:image:type\" content=\"image\/jpeg\" \/>\n<meta name=\"author\" content=\"ritanery\" \/>\n<meta name=\"twitter:card\" content=\"summary_large_image\" \/>\n<meta name=\"twitter:label1\" content=\"Escrito por\" \/>\n\t<meta name=\"twitter:data1\" content=\"ritanery\" \/>\n\t<meta name=\"twitter:label2\" content=\"Est. tempo de leitura\" \/>\n\t<meta name=\"twitter:data2\" content=\"2 minutos\" \/>\n<script type=\"application\/ld+json\" class=\"yoast-schema-graph\">{\"@context\":\"https:\/\/schema.org\",\"@graph\":[{\"@type\":\"Article\",\"@id\":\"https:\/\/radiolifefm.com.br\/noticias\/membros-do-conselho-municipal-da-pessoa-com-deficiencia-de-adamantina-visitam-secretaria-municipal-dos-direitos-humanos-de-marilia\/#article\",\"isPartOf\":{\"@id\":\"https:\/\/radiolifefm.com.br\/noticias\/membros-do-conselho-municipal-da-pessoa-com-deficiencia-de-adamantina-visitam-secretaria-municipal-dos-direitos-humanos-de-marilia\/\"},\"author\":{\"name\":\"ritanery\",\"@id\":\"https:\/\/radiolifefm.com.br\/noticias\/#\/schema\/person\/6339b9fac59d12b071dec680d7375d87\"},\"headline\":\"Membros do Conselho Municipal da Pessoa com Defici\u00eancia de Adamantina visitam Secretaria Municipal dos Direitos Humanos de Mar\u00edlia\",\"datePublished\":\"2021-12-14T00:10:45+00:00\",\"dateModified\":\"2026-02-16T12:58:53+00:00\",\"mainEntityOfPage\":{\"@id\":\"https:\/\/radiolifefm.com.br\/noticias\/membros-do-conselho-municipal-da-pessoa-com-deficiencia-de-adamantina-visitam-secretaria-municipal-dos-direitos-humanos-de-marilia\/\"},\"wordCount\":289,\"publisher\":{\"@id\":\"https:\/\/radiolifefm.com.br\/noticias\/#organization\"},\"image\":{\"@id\":\"https:\/\/radiolifefm.com.br\/noticias\/membros-do-conselho-municipal-da-pessoa-com-deficiencia-de-adamantina-visitam-secretaria-municipal-dos-direitos-humanos-de-marilia\/#primaryimage\"},\"thumbnailUrl\":\"https:\/\/radiolifefm.com.br\/noticias\/wp-content\/uploads\/2021\/12\/foto-2-1.jpeg\",\"articleSection\":[\"Adamantina\"],\"inLanguage\":\"pt-BR\"},{\"@type\":\"WebPage\",\"@id\":\"https:\/\/radiolifefm.com.br\/noticias\/membros-do-conselho-municipal-da-pessoa-com-deficiencia-de-adamantina-visitam-secretaria-municipal-dos-direitos-humanos-de-marilia\/\",\"url\":\"https:\/\/radiolifefm.com.br\/noticias\/membros-do-conselho-municipal-da-pessoa-com-deficiencia-de-adamantina-visitam-secretaria-municipal-dos-direitos-humanos-de-marilia\/\",\"name\":\"Membros do Conselho Municipal da Pessoa com Defici\u00eancia de Adamantina visitam Secretaria Municipal dos Direitos Humanos de Mar\u00edlia - R\u00e1dio Life FM\",\"isPartOf\":{\"@id\":\"https:\/\/radiolifefm.com.br\/noticias\/#website\"},\"primaryImageOfPage\":{\"@id\":\"https:\/\/radiolifefm.com.br\/noticias\/membros-do-conselho-municipal-da-pessoa-com-deficiencia-de-adamantina-visitam-secretaria-municipal-dos-direitos-humanos-de-marilia\/#primaryimage\"},\"image\":{\"@id\":\"https:\/\/radiolifefm.com.br\/noticias\/membros-do-conselho-municipal-da-pessoa-com-deficiencia-de-adamantina-visitam-secretaria-municipal-dos-direitos-humanos-de-marilia\/#primaryimage\"},\"thumbnailUrl\":\"https:\/\/radiolifefm.com.br\/noticias\/wp-content\/uploads\/2021\/12\/foto-2-1.jpeg\",\"datePublished\":\"2021-12-14T00:10:45+00:00\",\"dateModified\":\"2026-02-16T12:58:53+00:00\",\"breadcrumb\":{\"@id\":\"https:\/\/radiolifefm.com.br\/noticias\/membros-do-conselho-municipal-da-pessoa-com-deficiencia-de-adamantina-visitam-secretaria-municipal-dos-direitos-humanos-de-marilia\/#breadcrumb\"},\"inLanguage\":\"pt-BR\",\"potentialAction\":[{\"@type\":\"ReadAction\",\"target\":[\"https:\/\/radiolifefm.com.br\/noticias\/membros-do-conselho-municipal-da-pessoa-com-deficiencia-de-adamantina-visitam-secretaria-municipal-dos-direitos-humanos-de-marilia\/\"]}]},{\"@type\":\"ImageObject\",\"inLanguage\":\"pt-BR\",\"@id\":\"https:\/\/radiolifefm.com.br\/noticias\/membros-do-conselho-municipal-da-pessoa-com-deficiencia-de-adamantina-visitam-secretaria-municipal-dos-direitos-humanos-de-marilia\/#primaryimage\",\"url\":\"https:\/\/radiolifefm.com.br\/noticias\/wp-content\/uploads\/2021\/12\/foto-2-1.jpeg\",\"contentUrl\":\"https:\/\/radiolifefm.com.br\/noticias\/wp-content\/uploads\/2021\/12\/foto-2-1.jpeg\",\"width\":774,\"height\":1032},{\"@type\":\"BreadcrumbList\",\"@id\":\"https:\/\/radiolifefm.com.br\/noticias\/membros-do-conselho-municipal-da-pessoa-com-deficiencia-de-adamantina-visitam-secretaria-municipal-dos-direitos-humanos-de-marilia\/#breadcrumb\",\"itemListElement\":[{\"@type\":\"ListItem\",\"position\":1,\"name\":\"In\u00edcio\",\"item\":\"https:\/\/radiolifefm.com.br\/noticias\/\"},{\"@type\":\"ListItem\",\"position\":2,\"name\":\"Membros do Conselho Municipal da Pessoa com Defici\u00eancia de Adamantina visitam Secretaria Municipal dos Direitos Humanos de Mar\u00edlia\"}]},{\"@type\":\"WebSite\",\"@id\":\"https:\/\/radiolifefm.com.br\/noticias\/#website\",\"url\":\"https:\/\/radiolifefm.com.br\/noticias\/\",\"name\":\"R\u00e1dio Life FM\",\"description\":\"O Portal de Not\u00edcias de Adamantina\",\"publisher\":{\"@id\":\"https:\/\/radiolifefm.com.br\/noticias\/#organization\"},\"alternateName\":\"Life FM\",\"potentialAction\":[{\"@type\":\"SearchAction\",\"target\":{\"@type\":\"EntryPoint\",\"urlTemplate\":\"https:\/\/radiolifefm.com.br\/noticias\/?s={search_term_string}\"},\"query-input\":{\"@type\":\"PropertyValueSpecification\",\"valueRequired\":true,\"valueName\":\"search_term_string\"}}],\"inLanguage\":\"pt-BR\"},{\"@type\":\"Organization\",\"@id\":\"https:\/\/radiolifefm.com.br\/noticias\/#organization\",\"name\":\"R\u00e1dio Life FM\",\"alternateName\":\"Life FM\",\"url\":\"https:\/\/radiolifefm.com.br\/noticias\/\",\"logo\":{\"@type\":\"ImageObject\",\"inLanguage\":\"pt-BR\",\"@id\":\"https:\/\/radiolifefm.com.br\/noticias\/#\/schema\/logo\/image\/\",\"url\":\"https:\/\/static.radiolifefm.com.br\/noticias\/wp-content\/uploads\/2019\/10\/logo-lifefm.png\",\"contentUrl\":\"https:\/\/static.radiolifefm.com.br\/noticias\/wp-content\/uploads\/2019\/10\/logo-lifefm.png\",\"width\":196,\"height\":47,\"caption\":\"R\u00e1dio Life FM\"},\"image\":{\"@id\":\"https:\/\/radiolifefm.com.br\/noticias\/#\/schema\/logo\/image\/\"},\"sameAs\":[\"https:\/\/www.facebook.com\/radiolifefm\/\",\"https:\/\/www.instagram.com\/life1079fm\/\"]},{\"@type\":\"Person\",\"@id\":\"https:\/\/radiolifefm.com.br\/noticias\/#\/schema\/person\/6339b9fac59d12b071dec680d7375d87\",\"name\":\"ritanery\",\"image\":{\"@type\":\"ImageObject\",\"inLanguage\":\"pt-BR\",\"@id\":\"https:\/\/secure.gravatar.com\/avatar\/0e37bb19071f47c0b8a23f62a903df117c5a0e75f65a0c2901562f97cd41cf86?s=96&d=mm&r=g\",\"url\":\"https:\/\/secure.gravatar.com\/avatar\/0e37bb19071f47c0b8a23f62a903df117c5a0e75f65a0c2901562f97cd41cf86?s=96&d=mm&r=g\",\"contentUrl\":\"https:\/\/secure.gravatar.com\/avatar\/0e37bb19071f47c0b8a23f62a903df117c5a0e75f65a0c2901562f97cd41cf86?s=96&d=mm&r=g\",\"caption\":\"ritanery\"}}]}<\/script>\n<!-- \/ Yoast SEO plugin. -->","yoast_head_json":{"title":"Membros do Conselho Municipal da Pessoa com Defici\u00eancia de Adamantina visitam Secretaria Municipal dos Direitos Humanos de Mar\u00edlia - R\u00e1dio Life FM","robots":{"index":"index","follow":"follow","max-snippet":"max-snippet:-1","max-image-preview":"max-image-preview:large","max-video-preview":"max-video-preview:-1"},"canonical":"https:\/\/radiolifefm.com.br\/noticias\/membros-do-conselho-municipal-da-pessoa-com-deficiencia-de-adamantina-visitam-secretaria-municipal-dos-direitos-humanos-de-marilia\/","og_locale":"pt_BR","og_type":"article","og_title":"Membros do Conselho Municipal da Pessoa com Defici\u00eancia de Adamantina visitam Secretaria Municipal dos Direitos Humanos de Mar\u00edlia - R\u00e1dio Life FM","og_description":"A presidente do Conselho Municipal da Pessoa com Defici\u00eancia, Rosana Corra Narducci e os membros Larissa Escalliante Ten\u00f3rio e Daniela Carvalho estiveram em Mar\u00edlia para conhecer a Secretaria Municipal dos Direitos Humanos. O objetivo da visita foi apreciar o trabalho que a pasta desenvolve e, ainda, esclarecer d\u00favidas tendo como foco o aprimoramento do trabalho [&hellip;]","og_url":"https:\/\/radiolifefm.com.br\/noticias\/membros-do-conselho-municipal-da-pessoa-com-deficiencia-de-adamantina-visitam-secretaria-municipal-dos-direitos-humanos-de-marilia\/","og_site_name":"R\u00e1dio Life FM","article_publisher":"https:\/\/www.facebook.com\/radiolifefm\/","article_published_time":"2021-12-14T00:10:45+00:00","article_modified_time":"2026-02-16T12:58:53+00:00","og_image":[{"width":774,"height":1032,"url":"https:\/\/radiolifefm.com.br\/noticias\/wp-content\/uploads\/2021\/12\/foto-2-1.jpeg","type":"image\/jpeg"}],"author":"ritanery","twitter_card":"summary_large_image","twitter_misc":{"Escrito por":"ritanery","Est. tempo de leitura":"2 minutos"},"schema":{"@context":"https:\/\/schema.org","@graph":[{"@type":"Article","@id":"https:\/\/radiolifefm.com.br\/noticias\/membros-do-conselho-municipal-da-pessoa-com-deficiencia-de-adamantina-visitam-secretaria-municipal-dos-direitos-humanos-de-marilia\/#article","isPartOf":{"@id":"https:\/\/radiolifefm.com.br\/noticias\/membros-do-conselho-municipal-da-pessoa-com-deficiencia-de-adamantina-visitam-secretaria-municipal-dos-direitos-humanos-de-marilia\/"},"author":{"name":"ritanery","@id":"https:\/\/radiolifefm.com.br\/noticias\/#\/schema\/person\/6339b9fac59d12b071dec680d7375d87"},"headline":"Membros do Conselho Municipal da Pessoa com Defici\u00eancia de Adamantina visitam Secretaria Municipal dos Direitos Humanos de Mar\u00edlia","datePublished":"2021-12-14T00:10:45+00:00","dateModified":"2026-02-16T12:58:53+00:00","mainEntityOfPage":{"@id":"https:\/\/radiolifefm.com.br\/noticias\/membros-do-conselho-municipal-da-pessoa-com-deficiencia-de-adamantina-visitam-secretaria-municipal-dos-direitos-humanos-de-marilia\/"},"wordCount":289,"publisher":{"@id":"https:\/\/radiolifefm.com.br\/noticias\/#organization"},"image":{"@id":"https:\/\/radiolifefm.com.br\/noticias\/membros-do-conselho-municipal-da-pessoa-com-deficiencia-de-adamantina-visitam-secretaria-municipal-dos-direitos-humanos-de-marilia\/#primaryimage"},"thumbnailUrl":"https:\/\/radiolifefm.com.br\/noticias\/wp-content\/uploads\/2021\/12\/foto-2-1.jpeg","articleSection":["Adamantina"],"inLanguage":"pt-BR"},{"@type":"WebPage","@id":"https:\/\/radiolifefm.com.br\/noticias\/membros-do-conselho-municipal-da-pessoa-com-deficiencia-de-adamantina-visitam-secretaria-municipal-dos-direitos-humanos-de-marilia\/","url":"https:\/\/radiolifefm.com.br\/noticias\/membros-do-conselho-municipal-da-pessoa-com-deficiencia-de-adamantina-visitam-secretaria-municipal-dos-direitos-humanos-de-marilia\/","name":"Membros do Conselho Municipal da Pessoa com Defici\u00eancia de Adamantina visitam Secretaria Municipal dos Direitos Humanos de Mar\u00edlia - R\u00e1dio Life FM","isPartOf":{"@id":"https:\/\/radiolifefm.com.br\/noticias\/#website"},"primaryImageOfPage":{"@id":"https:\/\/radiolifefm.com.br\/noticias\/membros-do-conselho-municipal-da-pessoa-com-deficiencia-de-adamantina-visitam-secretaria-municipal-dos-direitos-humanos-de-marilia\/#primaryimage"},"image":{"@id":"https:\/\/radiolifefm.com.br\/noticias\/membros-do-conselho-municipal-da-pessoa-com-deficiencia-de-adamantina-visitam-secretaria-municipal-dos-direitos-humanos-de-marilia\/#primaryimage"},"thumbnailUrl":"https:\/\/radiolifefm.com.br\/noticias\/wp-content\/uploads\/2021\/12\/foto-2-1.jpeg","datePublished":"2021-12-14T00:10:45+00:00","dateModified":"2026-02-16T12:58:53+00:00","breadcrumb":{"@id":"https:\/\/radiolifefm.com.br\/noticias\/membros-do-conselho-municipal-da-pessoa-com-deficiencia-de-adamantina-visitam-secretaria-municipal-dos-direitos-humanos-de-marilia\/#breadcrumb"},"inLanguage":"pt-BR","potentialAction":[{"@type":"ReadAction","target":["https:\/\/radiolifefm.com.br\/noticias\/membros-do-conselho-municipal-da-pessoa-com-deficiencia-de-adamantina-visitam-secretaria-municipal-dos-direitos-humanos-de-marilia\/"]}]},{"@type":"ImageObject","inLanguage":"pt-BR","@id":"https:\/\/radiolifefm.com.br\/noticias\/membros-do-conselho-municipal-da-pessoa-com-deficiencia-de-adamantina-visitam-secretaria-municipal-dos-direitos-humanos-de-marilia\/#primaryimage","url":"https:\/\/radiolifefm.com.br\/noticias\/wp-content\/uploads\/2021\/12\/foto-2-1.jpeg","contentUrl":"https:\/\/radiolifefm.com.br\/noticias\/wp-content\/uploads\/2021\/12\/foto-2-1.jpeg","width":774,"height":1032},{"@type":"BreadcrumbList","@id":"https:\/\/radiolifefm.com.br\/noticias\/membros-do-conselho-municipal-da-pessoa-com-deficiencia-de-adamantina-visitam-secretaria-municipal-dos-direitos-humanos-de-marilia\/#breadcrumb","itemListElement":[{"@type":"ListItem","position":1,"name":"In\u00edcio","item":"https:\/\/radiolifefm.com.br\/noticias\/"},{"@type":"ListItem","position":2,"name":"Membros do Conselho Municipal da Pessoa com Defici\u00eancia de Adamantina visitam Secretaria Municipal dos Direitos Humanos de Mar\u00edlia"}]},{"@type":"WebSite","@id":"https:\/\/radiolifefm.com.br\/noticias\/#website","url":"https:\/\/radiolifefm.com.br\/noticias\/","name":"R\u00e1dio Life FM","description":"O Portal de Not\u00edcias de Adamantina","publisher":{"@id":"https:\/\/radiolifefm.com.br\/noticias\/#organization"},"alternateName":"Life FM","potentialAction":[{"@type":"SearchAction","target":{"@type":"EntryPoint","urlTemplate":"https:\/\/radiolifefm.com.br\/noticias\/?s={search_term_string}"},"query-input":{"@type":"PropertyValueSpecification","valueRequired":true,"valueName":"search_term_string"}}],"inLanguage":"pt-BR"},{"@type":"Organization","@id":"https:\/\/radiolifefm.com.br\/noticias\/#organization","name":"R\u00e1dio Life FM","alternateName":"Life FM","url":"https:\/\/radiolifefm.com.br\/noticias\/","logo":{"@type":"ImageObject","inLanguage":"pt-BR","@id":"https:\/\/radiolifefm.com.br\/noticias\/#\/schema\/logo\/image\/","url":"https:\/\/static.radiolifefm.com.br\/noticias\/wp-content\/uploads\/2019\/10\/logo-lifefm.png","contentUrl":"https:\/\/static.radiolifefm.com.br\/noticias\/wp-content\/uploads\/2019\/10\/logo-lifefm.png","width":196,"height":47,"caption":"R\u00e1dio Life FM"},"image":{"@id":"https:\/\/radiolifefm.com.br\/noticias\/#\/schema\/logo\/image\/"},"sameAs":["https:\/\/www.facebook.com\/radiolifefm\/","https:\/\/www.instagram.com\/life1079fm\/"]},{"@type":"Person","@id":"https:\/\/radiolifefm.com.br\/noticias\/#\/schema\/person\/6339b9fac59d12b071dec680d7375d87","name":"ritanery","image":{"@type":"ImageObject","inLanguage":"pt-BR","@id":"https:\/\/secure.gravatar.com\/avatar\/0e37bb19071f47c0b8a23f62a903df117c5a0e75f65a0c2901562f97cd41cf86?s=96&d=mm&r=g","url":"https:\/\/secure.gravatar.com\/avatar\/0e37bb19071f47c0b8a23f62a903df117c5a0e75f65a0c2901562f97cd41cf86?s=96&d=mm&r=g","contentUrl":"https:\/\/secure.gravatar.com\/avatar\/0e37bb19071f47c0b8a23f62a903df117c5a0e75f65a0c2901562f97cd41cf86?s=96&d=mm&r=g","caption":"ritanery"}}]}},"amp_enabled":true,"_links":{"self":[{"href":"https:\/\/radiolifefm.com.br\/noticias\/wp-json\/wp\/v2\/posts\/46985","targetHints":{"allow":["GET"]}}],"collection":[{"href":"https:\/\/radiolifefm.com.br\/noticias\/wp-json\/wp\/v2\/posts"}],"about":[{"href":"https:\/\/radiolifefm.com.br\/noticias\/wp-json\/wp\/v2\/types\/post"}],"author":[{"embeddable":true,"href":"https:\/\/radiolifefm.com.br\/noticias\/wp-json\/wp\/v2\/users\/13"}],"replies":[{"embeddable":true,"href":"https:\/\/radiolifefm.com.br\/noticias\/wp-json\/wp\/v2\/comments?post=46985"}],"version-history":[{"count":1,"href":"https:\/\/radiolifefm.com.br\/noticias\/wp-json\/wp\/v2\/posts\/46985\/revisions"}],"predecessor-version":[{"id":46987,"href":"https:\/\/radiolifefm.com.br\/noticias\/wp-json\/wp\/v2\/posts\/46985\/revisions\/46987"}],"wp:featuredmedia":[{"embeddable":true,"href":"https:\/\/radiolifefm.com.br\/noticias\/wp-json\/wp\/v2\/media\/46986"}],"wp:attachment":[{"href":"https:\/\/radiolifefm.com.br\/noticias\/wp-json\/wp\/v2\/media?parent=46985"}],"wp:term":[{"taxonomy":"category","embeddable":true,"href":"https:\/\/radiolifefm.com.br\/noticias\/wp-json\/wp\/v2\/categories?post=46985"},{"taxonomy":"post_tag","embeddable":true,"href":"https:\/\/radiolifefm.com.br\/noticias\/wp-json\/wp\/v2\/tags?post=46985"}],"curies":[{"name":"wp","href":"https:\/\/api.w.org\/{rel}","templated":true}]}}