{"id":46896,"date":"2021-12-10T10:30:34","date_gmt":"2021-12-10T13:30:34","guid":{"rendered":"https:\/\/radiolifefm.com.br\/noticias\/?p=46896"},"modified":"2026-04-03T21:21:01","modified_gmt":"2026-04-04T00:21:01","slug":"parada-de-natal-acontece-na-segunda","status":"publish","type":"post","link":"https:\/\/radiolifefm.com.br\/noticias\/parada-de-natal-acontece-na-segunda\/","title":{"rendered":"Parada de Natal acontece na segunda"},"content":{"rendered":"<div id=\"fb-root\"><\/div>\n<p>A t\u00e3o aguardada chegada do papai-Noel em Adamantina acontece na segunda-feira (13), primeiro dia de abertura do com\u00e9rcio em hor\u00e1rio noturno. Ser\u00e1 \u00e0s 20 horas, na pra\u00e7a \u00c9lio Micheloni.<\/p>\n<p>Com uma Parada de Natal, que percorrer\u00e1 a avenida Rio Branco desde a altura do Parque das Na\u00e7\u00f5es e culminando na pra\u00e7a central, o \u201cbom velhinho\u201d abrir\u00e1 oficialmente o per\u00edodo de compras natalino.<\/p>\n<p>A administra\u00e7\u00e3o p\u00fablica decidiu neste ano colocar a chegada do papai-Noel juntamente com o primeiro dia de abertura do com\u00e9rcio, justamente para apoiar as empresas locais que passaram por dois anos dif\u00edceis devido \u00e0s medidas restritivas da Covid-19.<\/p>\n<p>O papai-Noel n\u00e3o ter\u00e1 contato direto com as crian\u00e7as, devido \u00e0s quest\u00f5es da pandemia, mas far\u00e1 uma fala de acolhimento e boas novas. Na pra\u00e7a \u00c9lio Micheloni ter\u00e1 ainda a apresenta\u00e7\u00e3o da Big Band Tup\u00e3ense.<\/p>\n<p>A Big Banda<br \/>\nA hist\u00f3ria teve in\u00edcio em 1947; na \u00e9poca intitulada Banda Musical Municipal, era um projeto simples, por\u00e9m ambicioso para aquele per\u00edodo. A iniciativa de se ter um grupo musical em Tup\u00e3 foi de Jo\u00e3o Messas e Am\u00e9rico Scandiuzi apoiados pelo ent\u00e3o prefeito Luiz de Souza Le\u00e3o, fundador de Tup\u00e3.<\/p>\n<p>Souza Le\u00e3o n\u00e3o s\u00f3 apoiou como contratou um maestro para o grupo, maestro J\u00falio de Castro, juntamente com os sete filhos do maestro, todos eles m\u00fasicos, al\u00e9m de alguns outros m\u00fasicos de Tup\u00e3 e Iacri.<\/p>\n<p>Inicialmente eram 18 integrantes que se apresentavam com o objetivo de alegrar as domingueiras na Pra\u00e7a da Bandeira. Posteriormente o nome foi mudado para Orquestra J\u00falio de Castro, homenageando o primeiro maestro. O aumento de integrantes e instrumentos foi not\u00e1vel com o passar do tempo.<\/p>\n<p>Atualmente a Orquestra conta com 25 integrantes e est\u00e1 sob a batuta de Anderson Amorim e conta com 25 integrantes. O maestro enfatiza o amor dos integrantes pela m\u00fasica. \u201cSomos apaixonados pela m\u00fasica. Ensaiamos uma vez por semana, todos juntos, mas em casa todos estudam por mais de uma hora por dia. Fazemos isso por amor \u00e0 m\u00fasica e \u00e0 nossa cidade\u201d.<\/p>\n<p>Fonte: Assessoria de Imprensa<\/p>\n","protected":false},"excerpt":{"rendered":"<p>A t\u00e3o aguardada chegada do papai-Noel em Adamantina acontece na segunda-feira (13), primeiro dia de abertura do com\u00e9rcio em hor\u00e1rio noturno. Ser\u00e1 \u00e0s 20 horas, na pra\u00e7a \u00c9lio Micheloni. Com uma Parada de Natal, que percorrer\u00e1 a avenida Rio Branco desde a altura do Parque das Na\u00e7\u00f5es e culminando na pra\u00e7a central, o \u201cbom velhinho\u201d [&hellip;]<\/p>\n","protected":false},"author":13,"featured_media":46897,"comment_status":"closed","ping_status":"open","sticky":false,"template":"","format":"standard","meta":{"_acf_changed":false,"_exactmetrics_skip_tracking":false,"_exactmetrics_sitenote_active":false,"_exactmetrics_sitenote_note":"","_exactmetrics_sitenote_category":0,"footnotes":""},"categories":[21],"tags":[],"class_list":["post-46896","post","type-post","status-publish","format-standard","has-post-thumbnail","hentry","category-adamantina"],"acf":[],"yoast_head":"<!-- This site is optimized with the Yoast SEO plugin v27.2 - https:\/\/yoast.com\/product\/yoast-seo-wordpress\/ -->\n<title>Parada de Natal acontece na segunda - R\u00e1dio Life FM<\/title>\n<meta name=\"robots\" content=\"index, follow, max-snippet:-1, max-image-preview:large, max-video-preview:-1\" \/>\n<link rel=\"canonical\" href=\"https:\/\/radiolifefm.com.br\/noticias\/parada-de-natal-acontece-na-segunda\/\" \/>\n<meta property=\"og:locale\" content=\"pt_BR\" \/>\n<meta property=\"og:type\" content=\"article\" \/>\n<meta property=\"og:title\" content=\"Parada de Natal acontece na segunda - R\u00e1dio Life FM\" \/>\n<meta property=\"og:description\" content=\"A t\u00e3o aguardada chegada do papai-Noel em Adamantina acontece na segunda-feira (13), primeiro dia de abertura do com\u00e9rcio em hor\u00e1rio noturno. Ser\u00e1 \u00e0s 20 horas, na pra\u00e7a \u00c9lio Micheloni. Com uma Parada de Natal, que percorrer\u00e1 a avenida Rio Branco desde a altura do Parque das Na\u00e7\u00f5es e culminando na pra\u00e7a central, o \u201cbom velhinho\u201d [&hellip;]\" \/>\n<meta property=\"og:url\" content=\"https:\/\/radiolifefm.com.br\/noticias\/parada-de-natal-acontece-na-segunda\/\" \/>\n<meta property=\"og:site_name\" content=\"R\u00e1dio Life FM\" \/>\n<meta property=\"article:publisher\" content=\"https:\/\/www.facebook.com\/radiolifefm\/\" \/>\n<meta property=\"article:published_time\" content=\"2021-12-10T13:30:34+00:00\" \/>\n<meta property=\"article:modified_time\" content=\"2026-04-04T00:21:01+00:00\" \/>\n<meta property=\"og:image\" content=\"https:\/\/radiolifefm.com.br\/noticias\/wp-content\/uploads\/2021\/12\/WhatsApp-Image-2021-12-09-at-18.18.57.jpeg\" \/>\n\t<meta property=\"og:image:width\" content=\"646\" \/>\n\t<meta property=\"og:image:height\" content=\"284\" \/>\n\t<meta property=\"og:image:type\" content=\"image\/jpeg\" \/>\n<meta name=\"author\" content=\"ritanery\" \/>\n<meta name=\"twitter:card\" content=\"summary_large_image\" \/>\n<meta name=\"twitter:label1\" content=\"Escrito por\" \/>\n\t<meta name=\"twitter:data1\" content=\"ritanery\" \/>\n\t<meta name=\"twitter:label2\" content=\"Est. tempo de leitura\" \/>\n\t<meta name=\"twitter:data2\" content=\"2 minutos\" \/>\n<script type=\"application\/ld+json\" class=\"yoast-schema-graph\">{\"@context\":\"https:\/\/schema.org\",\"@graph\":[{\"@type\":\"Article\",\"@id\":\"https:\/\/radiolifefm.com.br\/noticias\/parada-de-natal-acontece-na-segunda\/#article\",\"isPartOf\":{\"@id\":\"https:\/\/radiolifefm.com.br\/noticias\/parada-de-natal-acontece-na-segunda\/\"},\"author\":{\"name\":\"ritanery\",\"@id\":\"https:\/\/radiolifefm.com.br\/noticias\/#\/schema\/person\/6339b9fac59d12b071dec680d7375d87\"},\"headline\":\"Parada de Natal acontece na segunda\",\"datePublished\":\"2021-12-10T13:30:34+00:00\",\"dateModified\":\"2026-04-04T00:21:01+00:00\",\"mainEntityOfPage\":{\"@id\":\"https:\/\/radiolifefm.com.br\/noticias\/parada-de-natal-acontece-na-segunda\/\"},\"wordCount\":368,\"publisher\":{\"@id\":\"https:\/\/radiolifefm.com.br\/noticias\/#organization\"},\"image\":{\"@id\":\"https:\/\/radiolifefm.com.br\/noticias\/parada-de-natal-acontece-na-segunda\/#primaryimage\"},\"thumbnailUrl\":\"https:\/\/radiolifefm.com.br\/noticias\/wp-content\/uploads\/2021\/12\/WhatsApp-Image-2021-12-09-at-18.18.57.jpeg\",\"articleSection\":[\"Adamantina\"],\"inLanguage\":\"pt-BR\"},{\"@type\":\"WebPage\",\"@id\":\"https:\/\/radiolifefm.com.br\/noticias\/parada-de-natal-acontece-na-segunda\/\",\"url\":\"https:\/\/radiolifefm.com.br\/noticias\/parada-de-natal-acontece-na-segunda\/\",\"name\":\"Parada de Natal acontece na segunda - R\u00e1dio Life FM\",\"isPartOf\":{\"@id\":\"https:\/\/radiolifefm.com.br\/noticias\/#website\"},\"primaryImageOfPage\":{\"@id\":\"https:\/\/radiolifefm.com.br\/noticias\/parada-de-natal-acontece-na-segunda\/#primaryimage\"},\"image\":{\"@id\":\"https:\/\/radiolifefm.com.br\/noticias\/parada-de-natal-acontece-na-segunda\/#primaryimage\"},\"thumbnailUrl\":\"https:\/\/radiolifefm.com.br\/noticias\/wp-content\/uploads\/2021\/12\/WhatsApp-Image-2021-12-09-at-18.18.57.jpeg\",\"datePublished\":\"2021-12-10T13:30:34+00:00\",\"dateModified\":\"2026-04-04T00:21:01+00:00\",\"breadcrumb\":{\"@id\":\"https:\/\/radiolifefm.com.br\/noticias\/parada-de-natal-acontece-na-segunda\/#breadcrumb\"},\"inLanguage\":\"pt-BR\",\"potentialAction\":[{\"@type\":\"ReadAction\",\"target\":[\"https:\/\/radiolifefm.com.br\/noticias\/parada-de-natal-acontece-na-segunda\/\"]}]},{\"@type\":\"ImageObject\",\"inLanguage\":\"pt-BR\",\"@id\":\"https:\/\/radiolifefm.com.br\/noticias\/parada-de-natal-acontece-na-segunda\/#primaryimage\",\"url\":\"https:\/\/radiolifefm.com.br\/noticias\/wp-content\/uploads\/2021\/12\/WhatsApp-Image-2021-12-09-at-18.18.57.jpeg\",\"contentUrl\":\"https:\/\/radiolifefm.com.br\/noticias\/wp-content\/uploads\/2021\/12\/WhatsApp-Image-2021-12-09-at-18.18.57.jpeg\",\"width\":646,\"height\":284},{\"@type\":\"BreadcrumbList\",\"@id\":\"https:\/\/radiolifefm.com.br\/noticias\/parada-de-natal-acontece-na-segunda\/#breadcrumb\",\"itemListElement\":[{\"@type\":\"ListItem\",\"position\":1,\"name\":\"In\u00edcio\",\"item\":\"https:\/\/radiolifefm.com.br\/noticias\/\"},{\"@type\":\"ListItem\",\"position\":2,\"name\":\"Parada de Natal acontece na segunda\"}]},{\"@type\":\"WebSite\",\"@id\":\"https:\/\/radiolifefm.com.br\/noticias\/#website\",\"url\":\"https:\/\/radiolifefm.com.br\/noticias\/\",\"name\":\"R\u00e1dio Life FM\",\"description\":\"O Portal de Not\u00edcias de Adamantina\",\"publisher\":{\"@id\":\"https:\/\/radiolifefm.com.br\/noticias\/#organization\"},\"alternateName\":\"Life FM\",\"potentialAction\":[{\"@type\":\"SearchAction\",\"target\":{\"@type\":\"EntryPoint\",\"urlTemplate\":\"https:\/\/radiolifefm.com.br\/noticias\/?s={search_term_string}\"},\"query-input\":{\"@type\":\"PropertyValueSpecification\",\"valueRequired\":true,\"valueName\":\"search_term_string\"}}],\"inLanguage\":\"pt-BR\"},{\"@type\":\"Organization\",\"@id\":\"https:\/\/radiolifefm.com.br\/noticias\/#organization\",\"name\":\"R\u00e1dio Life FM\",\"alternateName\":\"Life FM\",\"url\":\"https:\/\/radiolifefm.com.br\/noticias\/\",\"logo\":{\"@type\":\"ImageObject\",\"inLanguage\":\"pt-BR\",\"@id\":\"https:\/\/radiolifefm.com.br\/noticias\/#\/schema\/logo\/image\/\",\"url\":\"https:\/\/static.radiolifefm.com.br\/noticias\/wp-content\/uploads\/2019\/10\/logo-lifefm.png\",\"contentUrl\":\"https:\/\/static.radiolifefm.com.br\/noticias\/wp-content\/uploads\/2019\/10\/logo-lifefm.png\",\"width\":196,\"height\":47,\"caption\":\"R\u00e1dio Life FM\"},\"image\":{\"@id\":\"https:\/\/radiolifefm.com.br\/noticias\/#\/schema\/logo\/image\/\"},\"sameAs\":[\"https:\/\/www.facebook.com\/radiolifefm\/\",\"https:\/\/www.instagram.com\/life1079fm\/\"]},{\"@type\":\"Person\",\"@id\":\"https:\/\/radiolifefm.com.br\/noticias\/#\/schema\/person\/6339b9fac59d12b071dec680d7375d87\",\"name\":\"ritanery\",\"image\":{\"@type\":\"ImageObject\",\"inLanguage\":\"pt-BR\",\"@id\":\"https:\/\/secure.gravatar.com\/avatar\/0e37bb19071f47c0b8a23f62a903df117c5a0e75f65a0c2901562f97cd41cf86?s=96&d=mm&r=g\",\"url\":\"https:\/\/secure.gravatar.com\/avatar\/0e37bb19071f47c0b8a23f62a903df117c5a0e75f65a0c2901562f97cd41cf86?s=96&d=mm&r=g\",\"contentUrl\":\"https:\/\/secure.gravatar.com\/avatar\/0e37bb19071f47c0b8a23f62a903df117c5a0e75f65a0c2901562f97cd41cf86?s=96&d=mm&r=g\",\"caption\":\"ritanery\"}}]}<\/script>\n<!-- \/ Yoast SEO plugin. -->","yoast_head_json":{"title":"Parada de Natal acontece na segunda - R\u00e1dio Life FM","robots":{"index":"index","follow":"follow","max-snippet":"max-snippet:-1","max-image-preview":"max-image-preview:large","max-video-preview":"max-video-preview:-1"},"canonical":"https:\/\/radiolifefm.com.br\/noticias\/parada-de-natal-acontece-na-segunda\/","og_locale":"pt_BR","og_type":"article","og_title":"Parada de Natal acontece na segunda - R\u00e1dio Life FM","og_description":"A t\u00e3o aguardada chegada do papai-Noel em Adamantina acontece na segunda-feira (13), primeiro dia de abertura do com\u00e9rcio em hor\u00e1rio noturno. Ser\u00e1 \u00e0s 20 horas, na pra\u00e7a \u00c9lio Micheloni. Com uma Parada de Natal, que percorrer\u00e1 a avenida Rio Branco desde a altura do Parque das Na\u00e7\u00f5es e culminando na pra\u00e7a central, o \u201cbom velhinho\u201d [&hellip;]","og_url":"https:\/\/radiolifefm.com.br\/noticias\/parada-de-natal-acontece-na-segunda\/","og_site_name":"R\u00e1dio Life FM","article_publisher":"https:\/\/www.facebook.com\/radiolifefm\/","article_published_time":"2021-12-10T13:30:34+00:00","article_modified_time":"2026-04-04T00:21:01+00:00","og_image":[{"width":646,"height":284,"url":"https:\/\/radiolifefm.com.br\/noticias\/wp-content\/uploads\/2021\/12\/WhatsApp-Image-2021-12-09-at-18.18.57.jpeg","type":"image\/jpeg"}],"author":"ritanery","twitter_card":"summary_large_image","twitter_misc":{"Escrito por":"ritanery","Est. tempo de leitura":"2 minutos"},"schema":{"@context":"https:\/\/schema.org","@graph":[{"@type":"Article","@id":"https:\/\/radiolifefm.com.br\/noticias\/parada-de-natal-acontece-na-segunda\/#article","isPartOf":{"@id":"https:\/\/radiolifefm.com.br\/noticias\/parada-de-natal-acontece-na-segunda\/"},"author":{"name":"ritanery","@id":"https:\/\/radiolifefm.com.br\/noticias\/#\/schema\/person\/6339b9fac59d12b071dec680d7375d87"},"headline":"Parada de Natal acontece na segunda","datePublished":"2021-12-10T13:30:34+00:00","dateModified":"2026-04-04T00:21:01+00:00","mainEntityOfPage":{"@id":"https:\/\/radiolifefm.com.br\/noticias\/parada-de-natal-acontece-na-segunda\/"},"wordCount":368,"publisher":{"@id":"https:\/\/radiolifefm.com.br\/noticias\/#organization"},"image":{"@id":"https:\/\/radiolifefm.com.br\/noticias\/parada-de-natal-acontece-na-segunda\/#primaryimage"},"thumbnailUrl":"https:\/\/radiolifefm.com.br\/noticias\/wp-content\/uploads\/2021\/12\/WhatsApp-Image-2021-12-09-at-18.18.57.jpeg","articleSection":["Adamantina"],"inLanguage":"pt-BR"},{"@type":"WebPage","@id":"https:\/\/radiolifefm.com.br\/noticias\/parada-de-natal-acontece-na-segunda\/","url":"https:\/\/radiolifefm.com.br\/noticias\/parada-de-natal-acontece-na-segunda\/","name":"Parada de Natal acontece na segunda - R\u00e1dio Life FM","isPartOf":{"@id":"https:\/\/radiolifefm.com.br\/noticias\/#website"},"primaryImageOfPage":{"@id":"https:\/\/radiolifefm.com.br\/noticias\/parada-de-natal-acontece-na-segunda\/#primaryimage"},"image":{"@id":"https:\/\/radiolifefm.com.br\/noticias\/parada-de-natal-acontece-na-segunda\/#primaryimage"},"thumbnailUrl":"https:\/\/radiolifefm.com.br\/noticias\/wp-content\/uploads\/2021\/12\/WhatsApp-Image-2021-12-09-at-18.18.57.jpeg","datePublished":"2021-12-10T13:30:34+00:00","dateModified":"2026-04-04T00:21:01+00:00","breadcrumb":{"@id":"https:\/\/radiolifefm.com.br\/noticias\/parada-de-natal-acontece-na-segunda\/#breadcrumb"},"inLanguage":"pt-BR","potentialAction":[{"@type":"ReadAction","target":["https:\/\/radiolifefm.com.br\/noticias\/parada-de-natal-acontece-na-segunda\/"]}]},{"@type":"ImageObject","inLanguage":"pt-BR","@id":"https:\/\/radiolifefm.com.br\/noticias\/parada-de-natal-acontece-na-segunda\/#primaryimage","url":"https:\/\/radiolifefm.com.br\/noticias\/wp-content\/uploads\/2021\/12\/WhatsApp-Image-2021-12-09-at-18.18.57.jpeg","contentUrl":"https:\/\/radiolifefm.com.br\/noticias\/wp-content\/uploads\/2021\/12\/WhatsApp-Image-2021-12-09-at-18.18.57.jpeg","width":646,"height":284},{"@type":"BreadcrumbList","@id":"https:\/\/radiolifefm.com.br\/noticias\/parada-de-natal-acontece-na-segunda\/#breadcrumb","itemListElement":[{"@type":"ListItem","position":1,"name":"In\u00edcio","item":"https:\/\/radiolifefm.com.br\/noticias\/"},{"@type":"ListItem","position":2,"name":"Parada de Natal acontece na segunda"}]},{"@type":"WebSite","@id":"https:\/\/radiolifefm.com.br\/noticias\/#website","url":"https:\/\/radiolifefm.com.br\/noticias\/","name":"R\u00e1dio Life FM","description":"O Portal de Not\u00edcias de Adamantina","publisher":{"@id":"https:\/\/radiolifefm.com.br\/noticias\/#organization"},"alternateName":"Life FM","potentialAction":[{"@type":"SearchAction","target":{"@type":"EntryPoint","urlTemplate":"https:\/\/radiolifefm.com.br\/noticias\/?s={search_term_string}"},"query-input":{"@type":"PropertyValueSpecification","valueRequired":true,"valueName":"search_term_string"}}],"inLanguage":"pt-BR"},{"@type":"Organization","@id":"https:\/\/radiolifefm.com.br\/noticias\/#organization","name":"R\u00e1dio Life FM","alternateName":"Life FM","url":"https:\/\/radiolifefm.com.br\/noticias\/","logo":{"@type":"ImageObject","inLanguage":"pt-BR","@id":"https:\/\/radiolifefm.com.br\/noticias\/#\/schema\/logo\/image\/","url":"https:\/\/static.radiolifefm.com.br\/noticias\/wp-content\/uploads\/2019\/10\/logo-lifefm.png","contentUrl":"https:\/\/static.radiolifefm.com.br\/noticias\/wp-content\/uploads\/2019\/10\/logo-lifefm.png","width":196,"height":47,"caption":"R\u00e1dio Life FM"},"image":{"@id":"https:\/\/radiolifefm.com.br\/noticias\/#\/schema\/logo\/image\/"},"sameAs":["https:\/\/www.facebook.com\/radiolifefm\/","https:\/\/www.instagram.com\/life1079fm\/"]},{"@type":"Person","@id":"https:\/\/radiolifefm.com.br\/noticias\/#\/schema\/person\/6339b9fac59d12b071dec680d7375d87","name":"ritanery","image":{"@type":"ImageObject","inLanguage":"pt-BR","@id":"https:\/\/secure.gravatar.com\/avatar\/0e37bb19071f47c0b8a23f62a903df117c5a0e75f65a0c2901562f97cd41cf86?s=96&d=mm&r=g","url":"https:\/\/secure.gravatar.com\/avatar\/0e37bb19071f47c0b8a23f62a903df117c5a0e75f65a0c2901562f97cd41cf86?s=96&d=mm&r=g","contentUrl":"https:\/\/secure.gravatar.com\/avatar\/0e37bb19071f47c0b8a23f62a903df117c5a0e75f65a0c2901562f97cd41cf86?s=96&d=mm&r=g","caption":"ritanery"}}]}},"amp_enabled":true,"_links":{"self":[{"href":"https:\/\/radiolifefm.com.br\/noticias\/wp-json\/wp\/v2\/posts\/46896","targetHints":{"allow":["GET"]}}],"collection":[{"href":"https:\/\/radiolifefm.com.br\/noticias\/wp-json\/wp\/v2\/posts"}],"about":[{"href":"https:\/\/radiolifefm.com.br\/noticias\/wp-json\/wp\/v2\/types\/post"}],"author":[{"embeddable":true,"href":"https:\/\/radiolifefm.com.br\/noticias\/wp-json\/wp\/v2\/users\/13"}],"replies":[{"embeddable":true,"href":"https:\/\/radiolifefm.com.br\/noticias\/wp-json\/wp\/v2\/comments?post=46896"}],"version-history":[{"count":2,"href":"https:\/\/radiolifefm.com.br\/noticias\/wp-json\/wp\/v2\/posts\/46896\/revisions"}],"predecessor-version":[{"id":46899,"href":"https:\/\/radiolifefm.com.br\/noticias\/wp-json\/wp\/v2\/posts\/46896\/revisions\/46899"}],"wp:featuredmedia":[{"embeddable":true,"href":"https:\/\/radiolifefm.com.br\/noticias\/wp-json\/wp\/v2\/media\/46897"}],"wp:attachment":[{"href":"https:\/\/radiolifefm.com.br\/noticias\/wp-json\/wp\/v2\/media?parent=46896"}],"wp:term":[{"taxonomy":"category","embeddable":true,"href":"https:\/\/radiolifefm.com.br\/noticias\/wp-json\/wp\/v2\/categories?post=46896"},{"taxonomy":"post_tag","embeddable":true,"href":"https:\/\/radiolifefm.com.br\/noticias\/wp-json\/wp\/v2\/tags?post=46896"}],"curies":[{"name":"wp","href":"https:\/\/api.w.org\/{rel}","templated":true}]}}