{"id":46886,"date":"2021-12-10T10:23:16","date_gmt":"2021-12-10T13:23:16","guid":{"rendered":"https:\/\/radiolifefm.com.br\/noticias\/?p=46886"},"modified":"2026-04-08T06:33:42","modified_gmt":"2026-04-08T09:33:42","slug":"movimento-hip-hop-lanca-musica-interligando-linhas-nesta-sexta-10-em-adamantina","status":"publish","type":"post","link":"https:\/\/radiolifefm.com.br\/noticias\/movimento-hip-hop-lanca-musica-interligando-linhas-nesta-sexta-10-em-adamantina\/","title":{"rendered":"Movimento hip hop lan\u00e7a m\u00fasica Interligando Linhas nesta sexta (10) em Adamantina"},"content":{"rendered":"<div id=\"fb-root\"><\/div>\n<p style=\"font-weight: 400\">Por considerar um dos movimentos culturais de maior expressividade atualmente no mundo, a Secretaria de Cultura e Turismo de Adamantina quer intensificar o apoio p\u00fablico aos grupos, coletivos e artistas independentes do hip hop.<\/p>\n<p style=\"font-weight: 400\">A primeira grande a\u00e7\u00e3o aconteceu em novembro com o Festival Hip Hop dentro da Semana de Consci\u00eancia Negra de Adamantina. Batalhas de rimas, breaking, basquete 3&#215;3, skate, pocket show e apresenta\u00e7\u00f5es de MCs foram algumas das atra\u00e7\u00f5es.<\/p>\n<p style=\"font-weight: 400\">A ideia da Secretaria \u00e9 realizar o Festival anualmente e, dentro de uma programa\u00e7\u00e3o mensal, trazer \u00e0 tona trabalhos desenvolvidos por esses artistas ligados ao hip hop, com apoio e a dissemina\u00e7\u00e3o de conhecimentos.<\/p>\n<p style=\"font-weight: 400\">O pr\u00f3ximo evento est\u00e1 agendado para esta sexta-feira (10), \u00e0s 19h30, no anfiteatro Fernando Paloni, anexo \u00e0 Biblioteca P\u00fablica Jurema Citeli. Ser\u00e1 o lan\u00e7amento da m\u00fasica \u201cInterligando Linhas\u201d de autoria de Micuia MC, Lebre da 18 e Gustavo Meristema, com produ\u00e7\u00e3o de Pacato. No evento, o mestre de cerim\u00f4nia ser\u00e1 Tio Will MC.<\/p>\n<p style=\"font-weight: 400\">\u201cInterligando linhas \u00e9 uma m\u00fasica que conecta os diversos subg\u00eaneros da m\u00fasica Rap, expressando o alicerce do Hip Hop que \u00e9 a uni\u00e3o\u201d, ressalta o MC Lebre da 18. \u201cMuita diversidade dentro de uma \u00fanica m\u00fasica, trazendo as caracter\u00edsticas pr\u00f3prias de cada participante, inclusive do produtor que deu vida pra ideia do som\u201d.\u00a0 A entrada \u00e9 franca. E mais informa\u00e7\u00f5es podem ser obtidas pelo telefone 3522-2243.<\/p>\n<p>Fonte: Siga Mais<\/p>\n","protected":false},"excerpt":{"rendered":"<p>Por considerar um dos movimentos culturais de maior expressividade atualmente no mundo, a Secretaria de Cultura e Turismo de Adamantina quer intensificar o apoio p\u00fablico aos grupos, coletivos e artistas independentes do hip hop. A primeira grande a\u00e7\u00e3o aconteceu em novembro com o Festival Hip Hop dentro da Semana de Consci\u00eancia Negra de Adamantina. Batalhas [&hellip;]<\/p>\n","protected":false},"author":13,"featured_media":46887,"comment_status":"closed","ping_status":"open","sticky":false,"template":"","format":"standard","meta":{"_acf_changed":false,"_exactmetrics_skip_tracking":false,"_exactmetrics_sitenote_active":false,"_exactmetrics_sitenote_note":"","_exactmetrics_sitenote_category":0,"footnotes":""},"categories":[21],"tags":[],"class_list":["post-46886","post","type-post","status-publish","format-standard","has-post-thumbnail","hentry","category-adamantina"],"acf":[],"yoast_head":"<!-- This site is optimized with the Yoast SEO plugin v27.2 - https:\/\/yoast.com\/product\/yoast-seo-wordpress\/ -->\n<title>Movimento hip hop lan\u00e7a m\u00fasica Interligando Linhas nesta sexta (10) em Adamantina - R\u00e1dio Life FM<\/title>\n<meta name=\"robots\" content=\"index, follow, max-snippet:-1, max-image-preview:large, max-video-preview:-1\" \/>\n<link rel=\"canonical\" href=\"https:\/\/radiolifefm.com.br\/noticias\/movimento-hip-hop-lanca-musica-interligando-linhas-nesta-sexta-10-em-adamantina\/\" \/>\n<meta property=\"og:locale\" content=\"pt_BR\" \/>\n<meta property=\"og:type\" content=\"article\" \/>\n<meta property=\"og:title\" content=\"Movimento hip hop lan\u00e7a m\u00fasica Interligando Linhas nesta sexta (10) em Adamantina - R\u00e1dio Life FM\" \/>\n<meta property=\"og:description\" content=\"Por considerar um dos movimentos culturais de maior expressividade atualmente no mundo, a Secretaria de Cultura e Turismo de Adamantina quer intensificar o apoio p\u00fablico aos grupos, coletivos e artistas independentes do hip hop. A primeira grande a\u00e7\u00e3o aconteceu em novembro com o Festival Hip Hop dentro da Semana de Consci\u00eancia Negra de Adamantina. Batalhas [&hellip;]\" \/>\n<meta property=\"og:url\" content=\"https:\/\/radiolifefm.com.br\/noticias\/movimento-hip-hop-lanca-musica-interligando-linhas-nesta-sexta-10-em-adamantina\/\" \/>\n<meta property=\"og:site_name\" content=\"R\u00e1dio Life FM\" \/>\n<meta property=\"article:publisher\" content=\"https:\/\/www.facebook.com\/radiolifefm\/\" \/>\n<meta property=\"article:published_time\" content=\"2021-12-10T13:23:16+00:00\" \/>\n<meta property=\"article:modified_time\" content=\"2026-04-08T09:33:42+00:00\" \/>\n<meta property=\"og:image\" content=\"https:\/\/radiolifefm.com.br\/noticias\/wp-content\/uploads\/2021\/12\/2642163142860023568183255690201810821066684njpg163914009861b34b022ca92.jpg\" \/>\n\t<meta property=\"og:image:width\" content=\"600\" \/>\n\t<meta property=\"og:image:height\" content=\"337\" \/>\n\t<meta property=\"og:image:type\" content=\"image\/jpeg\" \/>\n<meta name=\"author\" content=\"ritanery\" \/>\n<meta name=\"twitter:card\" content=\"summary_large_image\" \/>\n<meta name=\"twitter:label1\" content=\"Escrito por\" \/>\n\t<meta name=\"twitter:data1\" content=\"ritanery\" \/>\n\t<meta name=\"twitter:label2\" content=\"Est. tempo de leitura\" \/>\n\t<meta name=\"twitter:data2\" content=\"1 minuto\" \/>\n<script type=\"application\/ld+json\" class=\"yoast-schema-graph\">{\"@context\":\"https:\/\/schema.org\",\"@graph\":[{\"@type\":\"Article\",\"@id\":\"https:\/\/radiolifefm.com.br\/noticias\/movimento-hip-hop-lanca-musica-interligando-linhas-nesta-sexta-10-em-adamantina\/#article\",\"isPartOf\":{\"@id\":\"https:\/\/radiolifefm.com.br\/noticias\/movimento-hip-hop-lanca-musica-interligando-linhas-nesta-sexta-10-em-adamantina\/\"},\"author\":{\"name\":\"ritanery\",\"@id\":\"https:\/\/radiolifefm.com.br\/noticias\/#\/schema\/person\/6339b9fac59d12b071dec680d7375d87\"},\"headline\":\"Movimento hip hop lan\u00e7a m\u00fasica Interligando Linhas nesta sexta (10) em Adamantina\",\"datePublished\":\"2021-12-10T13:23:16+00:00\",\"dateModified\":\"2026-04-08T09:33:42+00:00\",\"mainEntityOfPage\":{\"@id\":\"https:\/\/radiolifefm.com.br\/noticias\/movimento-hip-hop-lanca-musica-interligando-linhas-nesta-sexta-10-em-adamantina\/\"},\"wordCount\":252,\"publisher\":{\"@id\":\"https:\/\/radiolifefm.com.br\/noticias\/#organization\"},\"image\":{\"@id\":\"https:\/\/radiolifefm.com.br\/noticias\/movimento-hip-hop-lanca-musica-interligando-linhas-nesta-sexta-10-em-adamantina\/#primaryimage\"},\"thumbnailUrl\":\"https:\/\/radiolifefm.com.br\/noticias\/wp-content\/uploads\/2021\/12\/2642163142860023568183255690201810821066684njpg163914009861b34b022ca92.jpg\",\"articleSection\":[\"Adamantina\"],\"inLanguage\":\"pt-BR\"},{\"@type\":\"WebPage\",\"@id\":\"https:\/\/radiolifefm.com.br\/noticias\/movimento-hip-hop-lanca-musica-interligando-linhas-nesta-sexta-10-em-adamantina\/\",\"url\":\"https:\/\/radiolifefm.com.br\/noticias\/movimento-hip-hop-lanca-musica-interligando-linhas-nesta-sexta-10-em-adamantina\/\",\"name\":\"Movimento hip hop lan\u00e7a m\u00fasica Interligando Linhas nesta sexta (10) em Adamantina - R\u00e1dio Life FM\",\"isPartOf\":{\"@id\":\"https:\/\/radiolifefm.com.br\/noticias\/#website\"},\"primaryImageOfPage\":{\"@id\":\"https:\/\/radiolifefm.com.br\/noticias\/movimento-hip-hop-lanca-musica-interligando-linhas-nesta-sexta-10-em-adamantina\/#primaryimage\"},\"image\":{\"@id\":\"https:\/\/radiolifefm.com.br\/noticias\/movimento-hip-hop-lanca-musica-interligando-linhas-nesta-sexta-10-em-adamantina\/#primaryimage\"},\"thumbnailUrl\":\"https:\/\/radiolifefm.com.br\/noticias\/wp-content\/uploads\/2021\/12\/2642163142860023568183255690201810821066684njpg163914009861b34b022ca92.jpg\",\"datePublished\":\"2021-12-10T13:23:16+00:00\",\"dateModified\":\"2026-04-08T09:33:42+00:00\",\"breadcrumb\":{\"@id\":\"https:\/\/radiolifefm.com.br\/noticias\/movimento-hip-hop-lanca-musica-interligando-linhas-nesta-sexta-10-em-adamantina\/#breadcrumb\"},\"inLanguage\":\"pt-BR\",\"potentialAction\":[{\"@type\":\"ReadAction\",\"target\":[\"https:\/\/radiolifefm.com.br\/noticias\/movimento-hip-hop-lanca-musica-interligando-linhas-nesta-sexta-10-em-adamantina\/\"]}]},{\"@type\":\"ImageObject\",\"inLanguage\":\"pt-BR\",\"@id\":\"https:\/\/radiolifefm.com.br\/noticias\/movimento-hip-hop-lanca-musica-interligando-linhas-nesta-sexta-10-em-adamantina\/#primaryimage\",\"url\":\"https:\/\/radiolifefm.com.br\/noticias\/wp-content\/uploads\/2021\/12\/2642163142860023568183255690201810821066684njpg163914009861b34b022ca92.jpg\",\"contentUrl\":\"https:\/\/radiolifefm.com.br\/noticias\/wp-content\/uploads\/2021\/12\/2642163142860023568183255690201810821066684njpg163914009861b34b022ca92.jpg\",\"width\":600,\"height\":337,\"caption\":\"Lan\u00e7amento ser\u00e1 na noite desta sexta-feira (10), \u00e0s 19h30, no anfiteatro da biblioteca.\"},{\"@type\":\"BreadcrumbList\",\"@id\":\"https:\/\/radiolifefm.com.br\/noticias\/movimento-hip-hop-lanca-musica-interligando-linhas-nesta-sexta-10-em-adamantina\/#breadcrumb\",\"itemListElement\":[{\"@type\":\"ListItem\",\"position\":1,\"name\":\"In\u00edcio\",\"item\":\"https:\/\/radiolifefm.com.br\/noticias\/\"},{\"@type\":\"ListItem\",\"position\":2,\"name\":\"Movimento hip hop lan\u00e7a m\u00fasica Interligando Linhas nesta sexta (10) em Adamantina\"}]},{\"@type\":\"WebSite\",\"@id\":\"https:\/\/radiolifefm.com.br\/noticias\/#website\",\"url\":\"https:\/\/radiolifefm.com.br\/noticias\/\",\"name\":\"R\u00e1dio Life FM\",\"description\":\"O Portal de Not\u00edcias de Adamantina\",\"publisher\":{\"@id\":\"https:\/\/radiolifefm.com.br\/noticias\/#organization\"},\"alternateName\":\"Life FM\",\"potentialAction\":[{\"@type\":\"SearchAction\",\"target\":{\"@type\":\"EntryPoint\",\"urlTemplate\":\"https:\/\/radiolifefm.com.br\/noticias\/?s={search_term_string}\"},\"query-input\":{\"@type\":\"PropertyValueSpecification\",\"valueRequired\":true,\"valueName\":\"search_term_string\"}}],\"inLanguage\":\"pt-BR\"},{\"@type\":\"Organization\",\"@id\":\"https:\/\/radiolifefm.com.br\/noticias\/#organization\",\"name\":\"R\u00e1dio Life FM\",\"alternateName\":\"Life FM\",\"url\":\"https:\/\/radiolifefm.com.br\/noticias\/\",\"logo\":{\"@type\":\"ImageObject\",\"inLanguage\":\"pt-BR\",\"@id\":\"https:\/\/radiolifefm.com.br\/noticias\/#\/schema\/logo\/image\/\",\"url\":\"https:\/\/static.radiolifefm.com.br\/noticias\/wp-content\/uploads\/2019\/10\/logo-lifefm.png\",\"contentUrl\":\"https:\/\/static.radiolifefm.com.br\/noticias\/wp-content\/uploads\/2019\/10\/logo-lifefm.png\",\"width\":196,\"height\":47,\"caption\":\"R\u00e1dio Life FM\"},\"image\":{\"@id\":\"https:\/\/radiolifefm.com.br\/noticias\/#\/schema\/logo\/image\/\"},\"sameAs\":[\"https:\/\/www.facebook.com\/radiolifefm\/\",\"https:\/\/www.instagram.com\/life1079fm\/\"]},{\"@type\":\"Person\",\"@id\":\"https:\/\/radiolifefm.com.br\/noticias\/#\/schema\/person\/6339b9fac59d12b071dec680d7375d87\",\"name\":\"ritanery\",\"image\":{\"@type\":\"ImageObject\",\"inLanguage\":\"pt-BR\",\"@id\":\"https:\/\/secure.gravatar.com\/avatar\/0e37bb19071f47c0b8a23f62a903df117c5a0e75f65a0c2901562f97cd41cf86?s=96&d=mm&r=g\",\"url\":\"https:\/\/secure.gravatar.com\/avatar\/0e37bb19071f47c0b8a23f62a903df117c5a0e75f65a0c2901562f97cd41cf86?s=96&d=mm&r=g\",\"contentUrl\":\"https:\/\/secure.gravatar.com\/avatar\/0e37bb19071f47c0b8a23f62a903df117c5a0e75f65a0c2901562f97cd41cf86?s=96&d=mm&r=g\",\"caption\":\"ritanery\"}}]}<\/script>\n<!-- \/ Yoast SEO plugin. -->","yoast_head_json":{"title":"Movimento hip hop lan\u00e7a m\u00fasica Interligando Linhas nesta sexta (10) em Adamantina - R\u00e1dio Life FM","robots":{"index":"index","follow":"follow","max-snippet":"max-snippet:-1","max-image-preview":"max-image-preview:large","max-video-preview":"max-video-preview:-1"},"canonical":"https:\/\/radiolifefm.com.br\/noticias\/movimento-hip-hop-lanca-musica-interligando-linhas-nesta-sexta-10-em-adamantina\/","og_locale":"pt_BR","og_type":"article","og_title":"Movimento hip hop lan\u00e7a m\u00fasica Interligando Linhas nesta sexta (10) em Adamantina - R\u00e1dio Life FM","og_description":"Por considerar um dos movimentos culturais de maior expressividade atualmente no mundo, a Secretaria de Cultura e Turismo de Adamantina quer intensificar o apoio p\u00fablico aos grupos, coletivos e artistas independentes do hip hop. A primeira grande a\u00e7\u00e3o aconteceu em novembro com o Festival Hip Hop dentro da Semana de Consci\u00eancia Negra de Adamantina. Batalhas [&hellip;]","og_url":"https:\/\/radiolifefm.com.br\/noticias\/movimento-hip-hop-lanca-musica-interligando-linhas-nesta-sexta-10-em-adamantina\/","og_site_name":"R\u00e1dio Life FM","article_publisher":"https:\/\/www.facebook.com\/radiolifefm\/","article_published_time":"2021-12-10T13:23:16+00:00","article_modified_time":"2026-04-08T09:33:42+00:00","og_image":[{"width":600,"height":337,"url":"https:\/\/radiolifefm.com.br\/noticias\/wp-content\/uploads\/2021\/12\/2642163142860023568183255690201810821066684njpg163914009861b34b022ca92.jpg","type":"image\/jpeg"}],"author":"ritanery","twitter_card":"summary_large_image","twitter_misc":{"Escrito por":"ritanery","Est. tempo de leitura":"1 minuto"},"schema":{"@context":"https:\/\/schema.org","@graph":[{"@type":"Article","@id":"https:\/\/radiolifefm.com.br\/noticias\/movimento-hip-hop-lanca-musica-interligando-linhas-nesta-sexta-10-em-adamantina\/#article","isPartOf":{"@id":"https:\/\/radiolifefm.com.br\/noticias\/movimento-hip-hop-lanca-musica-interligando-linhas-nesta-sexta-10-em-adamantina\/"},"author":{"name":"ritanery","@id":"https:\/\/radiolifefm.com.br\/noticias\/#\/schema\/person\/6339b9fac59d12b071dec680d7375d87"},"headline":"Movimento hip hop lan\u00e7a m\u00fasica Interligando Linhas nesta sexta (10) em Adamantina","datePublished":"2021-12-10T13:23:16+00:00","dateModified":"2026-04-08T09:33:42+00:00","mainEntityOfPage":{"@id":"https:\/\/radiolifefm.com.br\/noticias\/movimento-hip-hop-lanca-musica-interligando-linhas-nesta-sexta-10-em-adamantina\/"},"wordCount":252,"publisher":{"@id":"https:\/\/radiolifefm.com.br\/noticias\/#organization"},"image":{"@id":"https:\/\/radiolifefm.com.br\/noticias\/movimento-hip-hop-lanca-musica-interligando-linhas-nesta-sexta-10-em-adamantina\/#primaryimage"},"thumbnailUrl":"https:\/\/radiolifefm.com.br\/noticias\/wp-content\/uploads\/2021\/12\/2642163142860023568183255690201810821066684njpg163914009861b34b022ca92.jpg","articleSection":["Adamantina"],"inLanguage":"pt-BR"},{"@type":"WebPage","@id":"https:\/\/radiolifefm.com.br\/noticias\/movimento-hip-hop-lanca-musica-interligando-linhas-nesta-sexta-10-em-adamantina\/","url":"https:\/\/radiolifefm.com.br\/noticias\/movimento-hip-hop-lanca-musica-interligando-linhas-nesta-sexta-10-em-adamantina\/","name":"Movimento hip hop lan\u00e7a m\u00fasica Interligando Linhas nesta sexta (10) em Adamantina - R\u00e1dio Life FM","isPartOf":{"@id":"https:\/\/radiolifefm.com.br\/noticias\/#website"},"primaryImageOfPage":{"@id":"https:\/\/radiolifefm.com.br\/noticias\/movimento-hip-hop-lanca-musica-interligando-linhas-nesta-sexta-10-em-adamantina\/#primaryimage"},"image":{"@id":"https:\/\/radiolifefm.com.br\/noticias\/movimento-hip-hop-lanca-musica-interligando-linhas-nesta-sexta-10-em-adamantina\/#primaryimage"},"thumbnailUrl":"https:\/\/radiolifefm.com.br\/noticias\/wp-content\/uploads\/2021\/12\/2642163142860023568183255690201810821066684njpg163914009861b34b022ca92.jpg","datePublished":"2021-12-10T13:23:16+00:00","dateModified":"2026-04-08T09:33:42+00:00","breadcrumb":{"@id":"https:\/\/radiolifefm.com.br\/noticias\/movimento-hip-hop-lanca-musica-interligando-linhas-nesta-sexta-10-em-adamantina\/#breadcrumb"},"inLanguage":"pt-BR","potentialAction":[{"@type":"ReadAction","target":["https:\/\/radiolifefm.com.br\/noticias\/movimento-hip-hop-lanca-musica-interligando-linhas-nesta-sexta-10-em-adamantina\/"]}]},{"@type":"ImageObject","inLanguage":"pt-BR","@id":"https:\/\/radiolifefm.com.br\/noticias\/movimento-hip-hop-lanca-musica-interligando-linhas-nesta-sexta-10-em-adamantina\/#primaryimage","url":"https:\/\/radiolifefm.com.br\/noticias\/wp-content\/uploads\/2021\/12\/2642163142860023568183255690201810821066684njpg163914009861b34b022ca92.jpg","contentUrl":"https:\/\/radiolifefm.com.br\/noticias\/wp-content\/uploads\/2021\/12\/2642163142860023568183255690201810821066684njpg163914009861b34b022ca92.jpg","width":600,"height":337,"caption":"Lan\u00e7amento ser\u00e1 na noite desta sexta-feira (10), \u00e0s 19h30, no anfiteatro da biblioteca."},{"@type":"BreadcrumbList","@id":"https:\/\/radiolifefm.com.br\/noticias\/movimento-hip-hop-lanca-musica-interligando-linhas-nesta-sexta-10-em-adamantina\/#breadcrumb","itemListElement":[{"@type":"ListItem","position":1,"name":"In\u00edcio","item":"https:\/\/radiolifefm.com.br\/noticias\/"},{"@type":"ListItem","position":2,"name":"Movimento hip hop lan\u00e7a m\u00fasica Interligando Linhas nesta sexta (10) em Adamantina"}]},{"@type":"WebSite","@id":"https:\/\/radiolifefm.com.br\/noticias\/#website","url":"https:\/\/radiolifefm.com.br\/noticias\/","name":"R\u00e1dio Life FM","description":"O Portal de Not\u00edcias de Adamantina","publisher":{"@id":"https:\/\/radiolifefm.com.br\/noticias\/#organization"},"alternateName":"Life FM","potentialAction":[{"@type":"SearchAction","target":{"@type":"EntryPoint","urlTemplate":"https:\/\/radiolifefm.com.br\/noticias\/?s={search_term_string}"},"query-input":{"@type":"PropertyValueSpecification","valueRequired":true,"valueName":"search_term_string"}}],"inLanguage":"pt-BR"},{"@type":"Organization","@id":"https:\/\/radiolifefm.com.br\/noticias\/#organization","name":"R\u00e1dio Life FM","alternateName":"Life FM","url":"https:\/\/radiolifefm.com.br\/noticias\/","logo":{"@type":"ImageObject","inLanguage":"pt-BR","@id":"https:\/\/radiolifefm.com.br\/noticias\/#\/schema\/logo\/image\/","url":"https:\/\/static.radiolifefm.com.br\/noticias\/wp-content\/uploads\/2019\/10\/logo-lifefm.png","contentUrl":"https:\/\/static.radiolifefm.com.br\/noticias\/wp-content\/uploads\/2019\/10\/logo-lifefm.png","width":196,"height":47,"caption":"R\u00e1dio Life FM"},"image":{"@id":"https:\/\/radiolifefm.com.br\/noticias\/#\/schema\/logo\/image\/"},"sameAs":["https:\/\/www.facebook.com\/radiolifefm\/","https:\/\/www.instagram.com\/life1079fm\/"]},{"@type":"Person","@id":"https:\/\/radiolifefm.com.br\/noticias\/#\/schema\/person\/6339b9fac59d12b071dec680d7375d87","name":"ritanery","image":{"@type":"ImageObject","inLanguage":"pt-BR","@id":"https:\/\/secure.gravatar.com\/avatar\/0e37bb19071f47c0b8a23f62a903df117c5a0e75f65a0c2901562f97cd41cf86?s=96&d=mm&r=g","url":"https:\/\/secure.gravatar.com\/avatar\/0e37bb19071f47c0b8a23f62a903df117c5a0e75f65a0c2901562f97cd41cf86?s=96&d=mm&r=g","contentUrl":"https:\/\/secure.gravatar.com\/avatar\/0e37bb19071f47c0b8a23f62a903df117c5a0e75f65a0c2901562f97cd41cf86?s=96&d=mm&r=g","caption":"ritanery"}}]}},"amp_enabled":true,"_links":{"self":[{"href":"https:\/\/radiolifefm.com.br\/noticias\/wp-json\/wp\/v2\/posts\/46886","targetHints":{"allow":["GET"]}}],"collection":[{"href":"https:\/\/radiolifefm.com.br\/noticias\/wp-json\/wp\/v2\/posts"}],"about":[{"href":"https:\/\/radiolifefm.com.br\/noticias\/wp-json\/wp\/v2\/types\/post"}],"author":[{"embeddable":true,"href":"https:\/\/radiolifefm.com.br\/noticias\/wp-json\/wp\/v2\/users\/13"}],"replies":[{"embeddable":true,"href":"https:\/\/radiolifefm.com.br\/noticias\/wp-json\/wp\/v2\/comments?post=46886"}],"version-history":[{"count":4,"href":"https:\/\/radiolifefm.com.br\/noticias\/wp-json\/wp\/v2\/posts\/46886\/revisions"}],"predecessor-version":[{"id":46891,"href":"https:\/\/radiolifefm.com.br\/noticias\/wp-json\/wp\/v2\/posts\/46886\/revisions\/46891"}],"wp:featuredmedia":[{"embeddable":true,"href":"https:\/\/radiolifefm.com.br\/noticias\/wp-json\/wp\/v2\/media\/46887"}],"wp:attachment":[{"href":"https:\/\/radiolifefm.com.br\/noticias\/wp-json\/wp\/v2\/media?parent=46886"}],"wp:term":[{"taxonomy":"category","embeddable":true,"href":"https:\/\/radiolifefm.com.br\/noticias\/wp-json\/wp\/v2\/categories?post=46886"},{"taxonomy":"post_tag","embeddable":true,"href":"https:\/\/radiolifefm.com.br\/noticias\/wp-json\/wp\/v2\/tags?post=46886"}],"curies":[{"name":"wp","href":"https:\/\/api.w.org\/{rel}","templated":true}]}}