{"id":46776,"date":"2021-12-08T22:02:10","date_gmt":"2021-12-09T01:02:10","guid":{"rendered":"https:\/\/radiolifefm.com.br\/noticias\/?p=46776"},"modified":"2026-04-20T11:23:21","modified_gmt":"2026-04-20T14:23:21","slug":"vereador-alcio-ikeda-e-empossado-vice-presidente-do-parlamento-regional-da-nova-alta-paulista","status":"publish","type":"post","link":"https:\/\/radiolifefm.com.br\/noticias\/vereador-alcio-ikeda-e-empossado-vice-presidente-do-parlamento-regional-da-nova-alta-paulista\/","title":{"rendered":"Vereador Alcio Ikeda \u00e9 empossado vice-presidente do Parlamento Regional da Nova Alta Paulista"},"content":{"rendered":"<div id=\"fb-root\"><\/div>\n<p style=\"font-weight: 400\">A Secretaria de Desenvolvimento Regional (SDR) promoveu, nesta ter\u00e7a-feira (7), a\u00a0<a href=\"https:\/\/www.sdr.sp.gov.br\/vereadores-tomam-posse-nos-parlamentos-regionais-em-cerimonia-nesta-terca-feira-7-na-sala-sao-paulo\/\"><b><strong>posse do Parlamento Regional<\/strong><\/b><\/a>, que integrar\u00e1 os vereadores de todo o estado de S\u00e3o Paulo \u00e0 governan\u00e7a interfederativa proposta com a nova regionaliza\u00e7\u00e3o. A cerim\u00f4nia foi realizada na Sala \u201cS\u00e3o Paulo\u201d e contou com a participa\u00e7\u00e3o do governador Jo\u00e3o Doria, do secret\u00e1rio Marco Vinholi e de vereadores de todo o estado.<\/p>\n<p style=\"font-weight: 400\">Com a institui\u00e7\u00e3o das 32 novas unidades regionais (8 de Agrupamentos Urbanos, 15 de Regi\u00f5es de Estado e 9 de Regi\u00f5es Metropolitanas), os representantes das c\u00e2maras municipais ter\u00e3o participa\u00e7\u00e3o efetiva nos Conselhos de Desenvolvimento a serem criados no \u00e2mbito do projeto de desenvolvimento regional do estado.<\/p>\n<p style=\"font-weight: 400\">De acordo com a SDR, o Parlamento Regional ser\u00e1 um conselho consultivo composto por dois vereadores de cada unidade regional, sendo um titular e um suplente, escolhidos em processo transparente entre \u00e0s c\u00e2maras municipais da regi\u00e3o. O mandato ser\u00e1 de dois anos. \u201cMais um passo fundamental rumo \u00e0 nova regionaliza\u00e7\u00e3o do Estado de S\u00e3o Paulo. Agora, com a participa\u00e7\u00e3o dos vereadores, teremos um processo de desenvolvimento mais democr\u00e1tico nas regi\u00f5es\u201d disse o secret\u00e1rio de desenvolvimento regional, Marco Vinholi.<\/p>\n<p style=\"font-weight: 400\">Tamb\u00e9m cabe aos vereadores que integram o Parlamento Regional apresentar \u00e0s c\u00e2maras municipais que representam leis que forem necess\u00e1rias para a implementa\u00e7\u00e3o de pol\u00edticas p\u00fablicas regionais, que impulsionem as potencialidades e solucionem problemas comuns aos munic\u00edpios. O Parlamento ser\u00e1 a inst\u00e2ncia interlocutora entre o Conselho de Desenvolvimento e as c\u00e2maras municipais. \u201cEsse processo democr\u00e1tico valoriza os vereadores e tamb\u00e9m a nova regionaliza\u00e7\u00e3o proposta, que trabalhamos durante o ano todo. Debatemos com os prefeitos, deputados e sociedade civil. Agora as c\u00e2maras legislativas municipais ter\u00e3o participa\u00e7\u00e3o nos conselhos e representa\u00e7\u00e3o no desenvolvimento de cada regi\u00e3o,\u201d comemorou Jesse James Latance, coordenador do projeto de desenvolvimento regional do Estado.<\/p>\n<p style=\"font-weight: 400\"><b><strong>Parlamento Regional da Nova Alta Paulista<\/strong><\/b><\/p>\n<p style=\"font-weight: 400\">O SIGA MAIS apurou que entre as 15 unidades de Regi\u00f5es de Estado, o Parlamento Regional da Nova Alta Paulista re\u00fane 30 munic\u00edpios, presidido pelo vereador Kleber Lopes de Sousa, de Bastos, tendo como 1\u00ba vice-presidente o vereador Alcio Ikeda, de Adamantina.<\/p>\n<p style=\"font-weight: 400\">O vereador adamantinense atuou ativamente na organiza\u00e7\u00e3o do grupo de vereadores da regi\u00e3o e v\u00ea com expectativa positiva a nova oportunidade de relacionamento regional e com o governo estadual. \u201cPretendo colaborar trazendo a realidade da nossa regi\u00e3o, especialmente da nossa cidade, para discuss\u00e3o nesse espa\u00e7o do parlamento regional\u201d, disse. Ele n\u00e3o participou da solenidade de posse.<\/p>\n<p style=\"font-weight: 400\">Veja a composi\u00e7\u00e3o completa da mesa diretora regional:<\/p>\n<p style=\"font-weight: 400\">Presidente: Kleber Lopes de Sousa (Bastos)<\/p>\n<p style=\"font-weight: 400\">1\u00ba Vice-presidente: Alcio Ikeda (Adamantina)<\/p>\n<p style=\"font-weight: 400\">2\u00ba Vice-presidente: Edgard Soares Pereira (In\u00fabia Paulista)<\/p>\n<p style=\"font-weight: 400\">3\u00ba Vice-presidente: Eduardo Akira Edamitsu (Tup\u00e3)<\/p>\n<p style=\"font-weight: 400\">4\u00ba Vice-presidente: Terezinha Aparecida de Matos Vasconcelos (Tupi Paulista)<\/p>\n<p style=\"font-weight: 400\">Secret\u00e1rio Geral: Thiago Redondaro (Pacaembu)<\/p>\n<p style=\"font-weight: 400\">1\u00ba Secretario:\u00a0\u00a0\u00a0Rick Anderson Marques (Parapu\u00e3)<\/p>\n<p style=\"font-weight: 400\">2\u00ba Secretario: Ros\u00e2ngela Vieira da Cunha (Santa Mercedes)]<\/p>\n<p style=\"font-weight: 400\"><a href=\"https:\/\/www.sdr.sp.gov.br\/media\/2021\/12\/Posse-Parlamentos-Regionais-do-Estado-de-Sa%CC%83o-Paulo.pdf\"><b><strong>Confira a lista completa dos vereadores empossados das 32 unidades regionais<\/strong><\/b>.<\/a><\/p>\n<p>Fonte: Siga Mais<\/p>\n","protected":false},"excerpt":{"rendered":"<p>A Secretaria de Desenvolvimento Regional (SDR) promoveu, nesta ter\u00e7a-feira (7), a\u00a0posse do Parlamento Regional, que integrar\u00e1 os vereadores de todo o estado de S\u00e3o Paulo \u00e0 governan\u00e7a interfederativa proposta com a nova regionaliza\u00e7\u00e3o. A cerim\u00f4nia foi realizada na Sala \u201cS\u00e3o Paulo\u201d e contou com a participa\u00e7\u00e3o do governador Jo\u00e3o Doria, do secret\u00e1rio Marco Vinholi e [&hellip;]<\/p>\n","protected":false},"author":13,"featured_media":46777,"comment_status":"closed","ping_status":"open","sticky":false,"template":"","format":"standard","meta":{"_acf_changed":false,"_exactmetrics_skip_tracking":false,"_exactmetrics_sitenote_active":false,"_exactmetrics_sitenote_note":"","_exactmetrics_sitenote_category":0,"footnotes":""},"categories":[21],"tags":[],"class_list":["post-46776","post","type-post","status-publish","format-standard","has-post-thumbnail","hentry","category-adamantina"],"acf":[],"yoast_head":"<!-- This site is optimized with the Yoast SEO plugin v27.2 - https:\/\/yoast.com\/product\/yoast-seo-wordpress\/ -->\n<title>Vereador Alcio Ikeda \u00e9 empossado vice-presidente do Parlamento Regional da Nova Alta Paulista - R\u00e1dio Life FM<\/title>\n<meta name=\"robots\" content=\"index, follow, max-snippet:-1, max-image-preview:large, max-video-preview:-1\" \/>\n<link rel=\"canonical\" href=\"https:\/\/radiolifefm.com.br\/noticias\/vereador-alcio-ikeda-e-empossado-vice-presidente-do-parlamento-regional-da-nova-alta-paulista\/\" \/>\n<meta property=\"og:locale\" content=\"pt_BR\" \/>\n<meta property=\"og:type\" content=\"article\" \/>\n<meta property=\"og:title\" content=\"Vereador Alcio Ikeda \u00e9 empossado vice-presidente do Parlamento Regional da Nova Alta Paulista - R\u00e1dio Life FM\" \/>\n<meta property=\"og:description\" content=\"A Secretaria de Desenvolvimento Regional (SDR) promoveu, nesta ter\u00e7a-feira (7), a\u00a0posse do Parlamento Regional, que integrar\u00e1 os vereadores de todo o estado de S\u00e3o Paulo \u00e0 governan\u00e7a interfederativa proposta com a nova regionaliza\u00e7\u00e3o. A cerim\u00f4nia foi realizada na Sala \u201cS\u00e3o Paulo\u201d e contou com a participa\u00e7\u00e3o do governador Jo\u00e3o Doria, do secret\u00e1rio Marco Vinholi e [&hellip;]\" \/>\n<meta property=\"og:url\" content=\"https:\/\/radiolifefm.com.br\/noticias\/vereador-alcio-ikeda-e-empossado-vice-presidente-do-parlamento-regional-da-nova-alta-paulista\/\" \/>\n<meta property=\"og:site_name\" content=\"R\u00e1dio Life FM\" \/>\n<meta property=\"article:publisher\" content=\"https:\/\/www.facebook.com\/radiolifefm\/\" \/>\n<meta property=\"article:published_time\" content=\"2021-12-09T01:02:10+00:00\" \/>\n<meta property=\"article:modified_time\" content=\"2026-04-20T14:23:21+00:00\" \/>\n<meta property=\"og:image\" content=\"https:\/\/radiolifefm.com.br\/noticias\/wp-content\/uploads\/2021\/12\/img1744rjpg163897253861b0bc7a272ed.jpg\" \/>\n\t<meta property=\"og:image:width\" content=\"600\" \/>\n\t<meta property=\"og:image:height\" content=\"337\" \/>\n\t<meta property=\"og:image:type\" content=\"image\/jpeg\" \/>\n<meta name=\"author\" content=\"ritanery\" \/>\n<meta name=\"twitter:card\" content=\"summary_large_image\" \/>\n<meta name=\"twitter:label1\" content=\"Escrito por\" \/>\n\t<meta name=\"twitter:data1\" content=\"ritanery\" \/>\n\t<meta name=\"twitter:label2\" content=\"Est. tempo de leitura\" \/>\n\t<meta name=\"twitter:data2\" content=\"3 minutos\" \/>\n<script type=\"application\/ld+json\" class=\"yoast-schema-graph\">{\"@context\":\"https:\/\/schema.org\",\"@graph\":[{\"@type\":\"Article\",\"@id\":\"https:\/\/radiolifefm.com.br\/noticias\/vereador-alcio-ikeda-e-empossado-vice-presidente-do-parlamento-regional-da-nova-alta-paulista\/#article\",\"isPartOf\":{\"@id\":\"https:\/\/radiolifefm.com.br\/noticias\/vereador-alcio-ikeda-e-empossado-vice-presidente-do-parlamento-regional-da-nova-alta-paulista\/\"},\"author\":{\"name\":\"ritanery\",\"@id\":\"https:\/\/radiolifefm.com.br\/noticias\/#\/schema\/person\/6339b9fac59d12b071dec680d7375d87\"},\"headline\":\"Vereador Alcio Ikeda \u00e9 empossado vice-presidente do Parlamento Regional da Nova Alta Paulista\",\"datePublished\":\"2021-12-09T01:02:10+00:00\",\"dateModified\":\"2026-04-20T14:23:21+00:00\",\"mainEntityOfPage\":{\"@id\":\"https:\/\/radiolifefm.com.br\/noticias\/vereador-alcio-ikeda-e-empossado-vice-presidente-do-parlamento-regional-da-nova-alta-paulista\/\"},\"wordCount\":517,\"publisher\":{\"@id\":\"https:\/\/radiolifefm.com.br\/noticias\/#organization\"},\"image\":{\"@id\":\"https:\/\/radiolifefm.com.br\/noticias\/vereador-alcio-ikeda-e-empossado-vice-presidente-do-parlamento-regional-da-nova-alta-paulista\/#primaryimage\"},\"thumbnailUrl\":\"https:\/\/radiolifefm.com.br\/noticias\/wp-content\/uploads\/2021\/12\/img1744rjpg163897253861b0bc7a272ed.jpg\",\"articleSection\":[\"Adamantina\"],\"inLanguage\":\"pt-BR\"},{\"@type\":\"WebPage\",\"@id\":\"https:\/\/radiolifefm.com.br\/noticias\/vereador-alcio-ikeda-e-empossado-vice-presidente-do-parlamento-regional-da-nova-alta-paulista\/\",\"url\":\"https:\/\/radiolifefm.com.br\/noticias\/vereador-alcio-ikeda-e-empossado-vice-presidente-do-parlamento-regional-da-nova-alta-paulista\/\",\"name\":\"Vereador Alcio Ikeda \u00e9 empossado vice-presidente do Parlamento Regional da Nova Alta Paulista - R\u00e1dio Life FM\",\"isPartOf\":{\"@id\":\"https:\/\/radiolifefm.com.br\/noticias\/#website\"},\"primaryImageOfPage\":{\"@id\":\"https:\/\/radiolifefm.com.br\/noticias\/vereador-alcio-ikeda-e-empossado-vice-presidente-do-parlamento-regional-da-nova-alta-paulista\/#primaryimage\"},\"image\":{\"@id\":\"https:\/\/radiolifefm.com.br\/noticias\/vereador-alcio-ikeda-e-empossado-vice-presidente-do-parlamento-regional-da-nova-alta-paulista\/#primaryimage\"},\"thumbnailUrl\":\"https:\/\/radiolifefm.com.br\/noticias\/wp-content\/uploads\/2021\/12\/img1744rjpg163897253861b0bc7a272ed.jpg\",\"datePublished\":\"2021-12-09T01:02:10+00:00\",\"dateModified\":\"2026-04-20T14:23:21+00:00\",\"breadcrumb\":{\"@id\":\"https:\/\/radiolifefm.com.br\/noticias\/vereador-alcio-ikeda-e-empossado-vice-presidente-do-parlamento-regional-da-nova-alta-paulista\/#breadcrumb\"},\"inLanguage\":\"pt-BR\",\"potentialAction\":[{\"@type\":\"ReadAction\",\"target\":[\"https:\/\/radiolifefm.com.br\/noticias\/vereador-alcio-ikeda-e-empossado-vice-presidente-do-parlamento-regional-da-nova-alta-paulista\/\"]}]},{\"@type\":\"ImageObject\",\"inLanguage\":\"pt-BR\",\"@id\":\"https:\/\/radiolifefm.com.br\/noticias\/vereador-alcio-ikeda-e-empossado-vice-presidente-do-parlamento-regional-da-nova-alta-paulista\/#primaryimage\",\"url\":\"https:\/\/radiolifefm.com.br\/noticias\/wp-content\/uploads\/2021\/12\/img1744rjpg163897253861b0bc7a272ed.jpg\",\"contentUrl\":\"https:\/\/radiolifefm.com.br\/noticias\/wp-content\/uploads\/2021\/12\/img1744rjpg163897253861b0bc7a272ed.jpg\",\"width\":600,\"height\":337,\"caption\":\"Parlamento Regional \u00e9 uma iniciativa do Governo do Estado de S\u00e3o Paulo.\"},{\"@type\":\"BreadcrumbList\",\"@id\":\"https:\/\/radiolifefm.com.br\/noticias\/vereador-alcio-ikeda-e-empossado-vice-presidente-do-parlamento-regional-da-nova-alta-paulista\/#breadcrumb\",\"itemListElement\":[{\"@type\":\"ListItem\",\"position\":1,\"name\":\"In\u00edcio\",\"item\":\"https:\/\/radiolifefm.com.br\/noticias\/\"},{\"@type\":\"ListItem\",\"position\":2,\"name\":\"Vereador Alcio Ikeda \u00e9 empossado vice-presidente do Parlamento Regional da Nova Alta Paulista\"}]},{\"@type\":\"WebSite\",\"@id\":\"https:\/\/radiolifefm.com.br\/noticias\/#website\",\"url\":\"https:\/\/radiolifefm.com.br\/noticias\/\",\"name\":\"R\u00e1dio Life FM\",\"description\":\"O Portal de Not\u00edcias de Adamantina\",\"publisher\":{\"@id\":\"https:\/\/radiolifefm.com.br\/noticias\/#organization\"},\"alternateName\":\"Life FM\",\"potentialAction\":[{\"@type\":\"SearchAction\",\"target\":{\"@type\":\"EntryPoint\",\"urlTemplate\":\"https:\/\/radiolifefm.com.br\/noticias\/?s={search_term_string}\"},\"query-input\":{\"@type\":\"PropertyValueSpecification\",\"valueRequired\":true,\"valueName\":\"search_term_string\"}}],\"inLanguage\":\"pt-BR\"},{\"@type\":\"Organization\",\"@id\":\"https:\/\/radiolifefm.com.br\/noticias\/#organization\",\"name\":\"R\u00e1dio Life FM\",\"alternateName\":\"Life FM\",\"url\":\"https:\/\/radiolifefm.com.br\/noticias\/\",\"logo\":{\"@type\":\"ImageObject\",\"inLanguage\":\"pt-BR\",\"@id\":\"https:\/\/radiolifefm.com.br\/noticias\/#\/schema\/logo\/image\/\",\"url\":\"https:\/\/static.radiolifefm.com.br\/noticias\/wp-content\/uploads\/2019\/10\/logo-lifefm.png\",\"contentUrl\":\"https:\/\/static.radiolifefm.com.br\/noticias\/wp-content\/uploads\/2019\/10\/logo-lifefm.png\",\"width\":196,\"height\":47,\"caption\":\"R\u00e1dio Life FM\"},\"image\":{\"@id\":\"https:\/\/radiolifefm.com.br\/noticias\/#\/schema\/logo\/image\/\"},\"sameAs\":[\"https:\/\/www.facebook.com\/radiolifefm\/\",\"https:\/\/www.instagram.com\/life1079fm\/\"]},{\"@type\":\"Person\",\"@id\":\"https:\/\/radiolifefm.com.br\/noticias\/#\/schema\/person\/6339b9fac59d12b071dec680d7375d87\",\"name\":\"ritanery\",\"image\":{\"@type\":\"ImageObject\",\"inLanguage\":\"pt-BR\",\"@id\":\"https:\/\/secure.gravatar.com\/avatar\/0e37bb19071f47c0b8a23f62a903df117c5a0e75f65a0c2901562f97cd41cf86?s=96&d=mm&r=g\",\"url\":\"https:\/\/secure.gravatar.com\/avatar\/0e37bb19071f47c0b8a23f62a903df117c5a0e75f65a0c2901562f97cd41cf86?s=96&d=mm&r=g\",\"contentUrl\":\"https:\/\/secure.gravatar.com\/avatar\/0e37bb19071f47c0b8a23f62a903df117c5a0e75f65a0c2901562f97cd41cf86?s=96&d=mm&r=g\",\"caption\":\"ritanery\"}}]}<\/script>\n<!-- \/ Yoast SEO plugin. -->","yoast_head_json":{"title":"Vereador Alcio Ikeda \u00e9 empossado vice-presidente do Parlamento Regional da Nova Alta Paulista - R\u00e1dio Life FM","robots":{"index":"index","follow":"follow","max-snippet":"max-snippet:-1","max-image-preview":"max-image-preview:large","max-video-preview":"max-video-preview:-1"},"canonical":"https:\/\/radiolifefm.com.br\/noticias\/vereador-alcio-ikeda-e-empossado-vice-presidente-do-parlamento-regional-da-nova-alta-paulista\/","og_locale":"pt_BR","og_type":"article","og_title":"Vereador Alcio Ikeda \u00e9 empossado vice-presidente do Parlamento Regional da Nova Alta Paulista - R\u00e1dio Life FM","og_description":"A Secretaria de Desenvolvimento Regional (SDR) promoveu, nesta ter\u00e7a-feira (7), a\u00a0posse do Parlamento Regional, que integrar\u00e1 os vereadores de todo o estado de S\u00e3o Paulo \u00e0 governan\u00e7a interfederativa proposta com a nova regionaliza\u00e7\u00e3o. A cerim\u00f4nia foi realizada na Sala \u201cS\u00e3o Paulo\u201d e contou com a participa\u00e7\u00e3o do governador Jo\u00e3o Doria, do secret\u00e1rio Marco Vinholi e [&hellip;]","og_url":"https:\/\/radiolifefm.com.br\/noticias\/vereador-alcio-ikeda-e-empossado-vice-presidente-do-parlamento-regional-da-nova-alta-paulista\/","og_site_name":"R\u00e1dio Life FM","article_publisher":"https:\/\/www.facebook.com\/radiolifefm\/","article_published_time":"2021-12-09T01:02:10+00:00","article_modified_time":"2026-04-20T14:23:21+00:00","og_image":[{"width":600,"height":337,"url":"https:\/\/radiolifefm.com.br\/noticias\/wp-content\/uploads\/2021\/12\/img1744rjpg163897253861b0bc7a272ed.jpg","type":"image\/jpeg"}],"author":"ritanery","twitter_card":"summary_large_image","twitter_misc":{"Escrito por":"ritanery","Est. tempo de leitura":"3 minutos"},"schema":{"@context":"https:\/\/schema.org","@graph":[{"@type":"Article","@id":"https:\/\/radiolifefm.com.br\/noticias\/vereador-alcio-ikeda-e-empossado-vice-presidente-do-parlamento-regional-da-nova-alta-paulista\/#article","isPartOf":{"@id":"https:\/\/radiolifefm.com.br\/noticias\/vereador-alcio-ikeda-e-empossado-vice-presidente-do-parlamento-regional-da-nova-alta-paulista\/"},"author":{"name":"ritanery","@id":"https:\/\/radiolifefm.com.br\/noticias\/#\/schema\/person\/6339b9fac59d12b071dec680d7375d87"},"headline":"Vereador Alcio Ikeda \u00e9 empossado vice-presidente do Parlamento Regional da Nova Alta Paulista","datePublished":"2021-12-09T01:02:10+00:00","dateModified":"2026-04-20T14:23:21+00:00","mainEntityOfPage":{"@id":"https:\/\/radiolifefm.com.br\/noticias\/vereador-alcio-ikeda-e-empossado-vice-presidente-do-parlamento-regional-da-nova-alta-paulista\/"},"wordCount":517,"publisher":{"@id":"https:\/\/radiolifefm.com.br\/noticias\/#organization"},"image":{"@id":"https:\/\/radiolifefm.com.br\/noticias\/vereador-alcio-ikeda-e-empossado-vice-presidente-do-parlamento-regional-da-nova-alta-paulista\/#primaryimage"},"thumbnailUrl":"https:\/\/radiolifefm.com.br\/noticias\/wp-content\/uploads\/2021\/12\/img1744rjpg163897253861b0bc7a272ed.jpg","articleSection":["Adamantina"],"inLanguage":"pt-BR"},{"@type":"WebPage","@id":"https:\/\/radiolifefm.com.br\/noticias\/vereador-alcio-ikeda-e-empossado-vice-presidente-do-parlamento-regional-da-nova-alta-paulista\/","url":"https:\/\/radiolifefm.com.br\/noticias\/vereador-alcio-ikeda-e-empossado-vice-presidente-do-parlamento-regional-da-nova-alta-paulista\/","name":"Vereador Alcio Ikeda \u00e9 empossado vice-presidente do Parlamento Regional da Nova Alta Paulista - R\u00e1dio Life FM","isPartOf":{"@id":"https:\/\/radiolifefm.com.br\/noticias\/#website"},"primaryImageOfPage":{"@id":"https:\/\/radiolifefm.com.br\/noticias\/vereador-alcio-ikeda-e-empossado-vice-presidente-do-parlamento-regional-da-nova-alta-paulista\/#primaryimage"},"image":{"@id":"https:\/\/radiolifefm.com.br\/noticias\/vereador-alcio-ikeda-e-empossado-vice-presidente-do-parlamento-regional-da-nova-alta-paulista\/#primaryimage"},"thumbnailUrl":"https:\/\/radiolifefm.com.br\/noticias\/wp-content\/uploads\/2021\/12\/img1744rjpg163897253861b0bc7a272ed.jpg","datePublished":"2021-12-09T01:02:10+00:00","dateModified":"2026-04-20T14:23:21+00:00","breadcrumb":{"@id":"https:\/\/radiolifefm.com.br\/noticias\/vereador-alcio-ikeda-e-empossado-vice-presidente-do-parlamento-regional-da-nova-alta-paulista\/#breadcrumb"},"inLanguage":"pt-BR","potentialAction":[{"@type":"ReadAction","target":["https:\/\/radiolifefm.com.br\/noticias\/vereador-alcio-ikeda-e-empossado-vice-presidente-do-parlamento-regional-da-nova-alta-paulista\/"]}]},{"@type":"ImageObject","inLanguage":"pt-BR","@id":"https:\/\/radiolifefm.com.br\/noticias\/vereador-alcio-ikeda-e-empossado-vice-presidente-do-parlamento-regional-da-nova-alta-paulista\/#primaryimage","url":"https:\/\/radiolifefm.com.br\/noticias\/wp-content\/uploads\/2021\/12\/img1744rjpg163897253861b0bc7a272ed.jpg","contentUrl":"https:\/\/radiolifefm.com.br\/noticias\/wp-content\/uploads\/2021\/12\/img1744rjpg163897253861b0bc7a272ed.jpg","width":600,"height":337,"caption":"Parlamento Regional \u00e9 uma iniciativa do Governo do Estado de S\u00e3o Paulo."},{"@type":"BreadcrumbList","@id":"https:\/\/radiolifefm.com.br\/noticias\/vereador-alcio-ikeda-e-empossado-vice-presidente-do-parlamento-regional-da-nova-alta-paulista\/#breadcrumb","itemListElement":[{"@type":"ListItem","position":1,"name":"In\u00edcio","item":"https:\/\/radiolifefm.com.br\/noticias\/"},{"@type":"ListItem","position":2,"name":"Vereador Alcio Ikeda \u00e9 empossado vice-presidente do Parlamento Regional da Nova Alta Paulista"}]},{"@type":"WebSite","@id":"https:\/\/radiolifefm.com.br\/noticias\/#website","url":"https:\/\/radiolifefm.com.br\/noticias\/","name":"R\u00e1dio Life FM","description":"O Portal de Not\u00edcias de Adamantina","publisher":{"@id":"https:\/\/radiolifefm.com.br\/noticias\/#organization"},"alternateName":"Life FM","potentialAction":[{"@type":"SearchAction","target":{"@type":"EntryPoint","urlTemplate":"https:\/\/radiolifefm.com.br\/noticias\/?s={search_term_string}"},"query-input":{"@type":"PropertyValueSpecification","valueRequired":true,"valueName":"search_term_string"}}],"inLanguage":"pt-BR"},{"@type":"Organization","@id":"https:\/\/radiolifefm.com.br\/noticias\/#organization","name":"R\u00e1dio Life FM","alternateName":"Life FM","url":"https:\/\/radiolifefm.com.br\/noticias\/","logo":{"@type":"ImageObject","inLanguage":"pt-BR","@id":"https:\/\/radiolifefm.com.br\/noticias\/#\/schema\/logo\/image\/","url":"https:\/\/static.radiolifefm.com.br\/noticias\/wp-content\/uploads\/2019\/10\/logo-lifefm.png","contentUrl":"https:\/\/static.radiolifefm.com.br\/noticias\/wp-content\/uploads\/2019\/10\/logo-lifefm.png","width":196,"height":47,"caption":"R\u00e1dio Life FM"},"image":{"@id":"https:\/\/radiolifefm.com.br\/noticias\/#\/schema\/logo\/image\/"},"sameAs":["https:\/\/www.facebook.com\/radiolifefm\/","https:\/\/www.instagram.com\/life1079fm\/"]},{"@type":"Person","@id":"https:\/\/radiolifefm.com.br\/noticias\/#\/schema\/person\/6339b9fac59d12b071dec680d7375d87","name":"ritanery","image":{"@type":"ImageObject","inLanguage":"pt-BR","@id":"https:\/\/secure.gravatar.com\/avatar\/0e37bb19071f47c0b8a23f62a903df117c5a0e75f65a0c2901562f97cd41cf86?s=96&d=mm&r=g","url":"https:\/\/secure.gravatar.com\/avatar\/0e37bb19071f47c0b8a23f62a903df117c5a0e75f65a0c2901562f97cd41cf86?s=96&d=mm&r=g","contentUrl":"https:\/\/secure.gravatar.com\/avatar\/0e37bb19071f47c0b8a23f62a903df117c5a0e75f65a0c2901562f97cd41cf86?s=96&d=mm&r=g","caption":"ritanery"}}]}},"amp_enabled":true,"_links":{"self":[{"href":"https:\/\/radiolifefm.com.br\/noticias\/wp-json\/wp\/v2\/posts\/46776","targetHints":{"allow":["GET"]}}],"collection":[{"href":"https:\/\/radiolifefm.com.br\/noticias\/wp-json\/wp\/v2\/posts"}],"about":[{"href":"https:\/\/radiolifefm.com.br\/noticias\/wp-json\/wp\/v2\/types\/post"}],"author":[{"embeddable":true,"href":"https:\/\/radiolifefm.com.br\/noticias\/wp-json\/wp\/v2\/users\/13"}],"replies":[{"embeddable":true,"href":"https:\/\/radiolifefm.com.br\/noticias\/wp-json\/wp\/v2\/comments?post=46776"}],"version-history":[{"count":7,"href":"https:\/\/radiolifefm.com.br\/noticias\/wp-json\/wp\/v2\/posts\/46776\/revisions"}],"predecessor-version":[{"id":46784,"href":"https:\/\/radiolifefm.com.br\/noticias\/wp-json\/wp\/v2\/posts\/46776\/revisions\/46784"}],"wp:featuredmedia":[{"embeddable":true,"href":"https:\/\/radiolifefm.com.br\/noticias\/wp-json\/wp\/v2\/media\/46777"}],"wp:attachment":[{"href":"https:\/\/radiolifefm.com.br\/noticias\/wp-json\/wp\/v2\/media?parent=46776"}],"wp:term":[{"taxonomy":"category","embeddable":true,"href":"https:\/\/radiolifefm.com.br\/noticias\/wp-json\/wp\/v2\/categories?post=46776"},{"taxonomy":"post_tag","embeddable":true,"href":"https:\/\/radiolifefm.com.br\/noticias\/wp-json\/wp\/v2\/tags?post=46776"}],"curies":[{"name":"wp","href":"https:\/\/api.w.org\/{rel}","templated":true}]}}