{"id":46646,"date":"2021-12-06T21:19:11","date_gmt":"2021-12-07T00:19:11","guid":{"rendered":"https:\/\/radiolifefm.com.br\/noticias\/?p=46646"},"modified":"2026-04-10T05:53:07","modified_gmt":"2026-04-10T08:53:07","slug":"cultura-promove-noite-de-autografos-com-lucas-marton-nesta-quinta","status":"publish","type":"post","link":"https:\/\/radiolifefm.com.br\/noticias\/cultura-promove-noite-de-autografos-com-lucas-marton-nesta-quinta\/","title":{"rendered":"Cultura promove noite de aut\u00f3grafos com Lucas Marton nesta quinta"},"content":{"rendered":"<div id=\"fb-root\"><\/div>\n<p>A Secretaria de Cultura e Turismo de Adamantina promove nesta quinta-feira (9), \u00e0s 19h30, na Biblioteca P\u00fablica \u201cJurema Citeli\u201d, a noite de aut\u00f3grafos com Lucas Marton Elias, que recentemente lan\u00e7ou seu primeiro livro, \u201cUma \u00faltima chance\u201d da Editora Autografia.<\/p>\n<p>Lucas Marton Elias, 25, \u00e9 engenheiro qu\u00edmico formado pela faculdade de engenharia de Sorocaba. Sempre foi um grande f\u00e3 de livros de suspense e investiga\u00e7\u00e3o policial. Seu autor favorito \u00e9 Harlan Coben, fonte direta de inspira\u00e7\u00e3o para a escrita do seu livro.<\/p>\n<p>Atualmente residindo em Boituva e trabalhando no Grupo Petr\u00f3polis, Lucas mantem um carinho especial por Adamantina e Fl\u00f3rida Paulista, cidades em que viveu grande parte da sua inf\u00e2ncia e pr\u00e9-adolesc\u00eancia e onde ainda moram muitos familiares e amigos.<\/p>\n<p>\u201cUma \u00faltima chance\u201d, livro de fic\u00e7\u00e3o policial com fatos que ocorreram no passado e voltaram \u00e0 tona no presente na vida do personagem central. Trata-se da busca incessante de um pai para descobrir o paradeiro do filho desaparecido h\u00e1 tr\u00eas anos.<\/p>\n<p>A noite de aut\u00f3grafos tem entrada franca e \u00e9 aberta ao p\u00fablico. Mais informa\u00e7\u00f5es pelo telefone da Secretaria de Cultura e Turismo, 18.3522-2243.<\/p>\n<p>Fonte: Assessoria de Imprensa<\/p>\n","protected":false},"excerpt":{"rendered":"<p>A Secretaria de Cultura e Turismo de Adamantina promove nesta quinta-feira (9), \u00e0s 19h30, na Biblioteca P\u00fablica \u201cJurema Citeli\u201d, a noite de aut\u00f3grafos com Lucas Marton Elias, que recentemente lan\u00e7ou seu primeiro livro, \u201cUma \u00faltima chance\u201d da Editora Autografia. Lucas Marton Elias, 25, \u00e9 engenheiro qu\u00edmico formado pela faculdade de engenharia de Sorocaba. Sempre foi [&hellip;]<\/p>\n","protected":false},"author":13,"featured_media":46647,"comment_status":"closed","ping_status":"open","sticky":false,"template":"","format":"standard","meta":{"_acf_changed":false,"_exactmetrics_skip_tracking":false,"_exactmetrics_sitenote_active":false,"_exactmetrics_sitenote_note":"","_exactmetrics_sitenote_category":0,"footnotes":""},"categories":[21],"tags":[],"class_list":["post-46646","post","type-post","status-publish","format-standard","has-post-thumbnail","hentry","category-adamantina"],"acf":[],"yoast_head":"<!-- This site is optimized with the Yoast SEO plugin v27.2 - https:\/\/yoast.com\/product\/yoast-seo-wordpress\/ -->\n<title>Cultura promove noite de aut\u00f3grafos com Lucas Marton nesta quinta - R\u00e1dio Life FM<\/title>\n<meta name=\"robots\" content=\"index, follow, max-snippet:-1, max-image-preview:large, max-video-preview:-1\" \/>\n<link rel=\"canonical\" href=\"https:\/\/radiolifefm.com.br\/noticias\/cultura-promove-noite-de-autografos-com-lucas-marton-nesta-quinta\/\" \/>\n<meta property=\"og:locale\" content=\"pt_BR\" \/>\n<meta property=\"og:type\" content=\"article\" \/>\n<meta property=\"og:title\" content=\"Cultura promove noite de aut\u00f3grafos com Lucas Marton nesta quinta - R\u00e1dio Life FM\" \/>\n<meta property=\"og:description\" content=\"A Secretaria de Cultura e Turismo de Adamantina promove nesta quinta-feira (9), \u00e0s 19h30, na Biblioteca P\u00fablica \u201cJurema Citeli\u201d, a noite de aut\u00f3grafos com Lucas Marton Elias, que recentemente lan\u00e7ou seu primeiro livro, \u201cUma \u00faltima chance\u201d da Editora Autografia. Lucas Marton Elias, 25, \u00e9 engenheiro qu\u00edmico formado pela faculdade de engenharia de Sorocaba. Sempre foi [&hellip;]\" \/>\n<meta property=\"og:url\" content=\"https:\/\/radiolifefm.com.br\/noticias\/cultura-promove-noite-de-autografos-com-lucas-marton-nesta-quinta\/\" \/>\n<meta property=\"og:site_name\" content=\"R\u00e1dio Life FM\" \/>\n<meta property=\"article:publisher\" content=\"https:\/\/www.facebook.com\/radiolifefm\/\" \/>\n<meta property=\"article:published_time\" content=\"2021-12-07T00:19:11+00:00\" \/>\n<meta property=\"article:modified_time\" content=\"2026-04-10T08:53:07+00:00\" \/>\n<meta property=\"og:image\" content=\"https:\/\/radiolifefm.com.br\/noticias\/wp-content\/uploads\/2021\/12\/WhatsApp-Image-2021-12-06-at-21.17.23.jpeg\" \/>\n\t<meta property=\"og:image:width\" content=\"335\" \/>\n\t<meta property=\"og:image:height\" content=\"456\" \/>\n\t<meta property=\"og:image:type\" content=\"image\/jpeg\" \/>\n<meta name=\"author\" content=\"ritanery\" \/>\n<meta name=\"twitter:card\" content=\"summary_large_image\" \/>\n<meta name=\"twitter:label1\" content=\"Escrito por\" \/>\n\t<meta name=\"twitter:data1\" content=\"ritanery\" \/>\n\t<meta name=\"twitter:label2\" content=\"Est. tempo de leitura\" \/>\n\t<meta name=\"twitter:data2\" content=\"1 minuto\" \/>\n<script type=\"application\/ld+json\" class=\"yoast-schema-graph\">{\"@context\":\"https:\/\/schema.org\",\"@graph\":[{\"@type\":\"Article\",\"@id\":\"https:\/\/radiolifefm.com.br\/noticias\/cultura-promove-noite-de-autografos-com-lucas-marton-nesta-quinta\/#article\",\"isPartOf\":{\"@id\":\"https:\/\/radiolifefm.com.br\/noticias\/cultura-promove-noite-de-autografos-com-lucas-marton-nesta-quinta\/\"},\"author\":{\"name\":\"ritanery\",\"@id\":\"https:\/\/radiolifefm.com.br\/noticias\/#\/schema\/person\/6339b9fac59d12b071dec680d7375d87\"},\"headline\":\"Cultura promove noite de aut\u00f3grafos com Lucas Marton nesta quinta\",\"datePublished\":\"2021-12-07T00:19:11+00:00\",\"dateModified\":\"2026-04-10T08:53:07+00:00\",\"mainEntityOfPage\":{\"@id\":\"https:\/\/radiolifefm.com.br\/noticias\/cultura-promove-noite-de-autografos-com-lucas-marton-nesta-quinta\/\"},\"wordCount\":208,\"publisher\":{\"@id\":\"https:\/\/radiolifefm.com.br\/noticias\/#organization\"},\"image\":{\"@id\":\"https:\/\/radiolifefm.com.br\/noticias\/cultura-promove-noite-de-autografos-com-lucas-marton-nesta-quinta\/#primaryimage\"},\"thumbnailUrl\":\"https:\/\/radiolifefm.com.br\/noticias\/wp-content\/uploads\/2021\/12\/WhatsApp-Image-2021-12-06-at-21.17.23.jpeg\",\"articleSection\":[\"Adamantina\"],\"inLanguage\":\"pt-BR\"},{\"@type\":\"WebPage\",\"@id\":\"https:\/\/radiolifefm.com.br\/noticias\/cultura-promove-noite-de-autografos-com-lucas-marton-nesta-quinta\/\",\"url\":\"https:\/\/radiolifefm.com.br\/noticias\/cultura-promove-noite-de-autografos-com-lucas-marton-nesta-quinta\/\",\"name\":\"Cultura promove noite de aut\u00f3grafos com Lucas Marton nesta quinta - R\u00e1dio Life FM\",\"isPartOf\":{\"@id\":\"https:\/\/radiolifefm.com.br\/noticias\/#website\"},\"primaryImageOfPage\":{\"@id\":\"https:\/\/radiolifefm.com.br\/noticias\/cultura-promove-noite-de-autografos-com-lucas-marton-nesta-quinta\/#primaryimage\"},\"image\":{\"@id\":\"https:\/\/radiolifefm.com.br\/noticias\/cultura-promove-noite-de-autografos-com-lucas-marton-nesta-quinta\/#primaryimage\"},\"thumbnailUrl\":\"https:\/\/radiolifefm.com.br\/noticias\/wp-content\/uploads\/2021\/12\/WhatsApp-Image-2021-12-06-at-21.17.23.jpeg\",\"datePublished\":\"2021-12-07T00:19:11+00:00\",\"dateModified\":\"2026-04-10T08:53:07+00:00\",\"breadcrumb\":{\"@id\":\"https:\/\/radiolifefm.com.br\/noticias\/cultura-promove-noite-de-autografos-com-lucas-marton-nesta-quinta\/#breadcrumb\"},\"inLanguage\":\"pt-BR\",\"potentialAction\":[{\"@type\":\"ReadAction\",\"target\":[\"https:\/\/radiolifefm.com.br\/noticias\/cultura-promove-noite-de-autografos-com-lucas-marton-nesta-quinta\/\"]}]},{\"@type\":\"ImageObject\",\"inLanguage\":\"pt-BR\",\"@id\":\"https:\/\/radiolifefm.com.br\/noticias\/cultura-promove-noite-de-autografos-com-lucas-marton-nesta-quinta\/#primaryimage\",\"url\":\"https:\/\/radiolifefm.com.br\/noticias\/wp-content\/uploads\/2021\/12\/WhatsApp-Image-2021-12-06-at-21.17.23.jpeg\",\"contentUrl\":\"https:\/\/radiolifefm.com.br\/noticias\/wp-content\/uploads\/2021\/12\/WhatsApp-Image-2021-12-06-at-21.17.23.jpeg\",\"width\":335,\"height\":456},{\"@type\":\"BreadcrumbList\",\"@id\":\"https:\/\/radiolifefm.com.br\/noticias\/cultura-promove-noite-de-autografos-com-lucas-marton-nesta-quinta\/#breadcrumb\",\"itemListElement\":[{\"@type\":\"ListItem\",\"position\":1,\"name\":\"In\u00edcio\",\"item\":\"https:\/\/radiolifefm.com.br\/noticias\/\"},{\"@type\":\"ListItem\",\"position\":2,\"name\":\"Cultura promove noite de aut\u00f3grafos com Lucas Marton nesta quinta\"}]},{\"@type\":\"WebSite\",\"@id\":\"https:\/\/radiolifefm.com.br\/noticias\/#website\",\"url\":\"https:\/\/radiolifefm.com.br\/noticias\/\",\"name\":\"R\u00e1dio Life FM\",\"description\":\"O Portal de Not\u00edcias de Adamantina\",\"publisher\":{\"@id\":\"https:\/\/radiolifefm.com.br\/noticias\/#organization\"},\"alternateName\":\"Life FM\",\"potentialAction\":[{\"@type\":\"SearchAction\",\"target\":{\"@type\":\"EntryPoint\",\"urlTemplate\":\"https:\/\/radiolifefm.com.br\/noticias\/?s={search_term_string}\"},\"query-input\":{\"@type\":\"PropertyValueSpecification\",\"valueRequired\":true,\"valueName\":\"search_term_string\"}}],\"inLanguage\":\"pt-BR\"},{\"@type\":\"Organization\",\"@id\":\"https:\/\/radiolifefm.com.br\/noticias\/#organization\",\"name\":\"R\u00e1dio Life FM\",\"alternateName\":\"Life FM\",\"url\":\"https:\/\/radiolifefm.com.br\/noticias\/\",\"logo\":{\"@type\":\"ImageObject\",\"inLanguage\":\"pt-BR\",\"@id\":\"https:\/\/radiolifefm.com.br\/noticias\/#\/schema\/logo\/image\/\",\"url\":\"https:\/\/static.radiolifefm.com.br\/noticias\/wp-content\/uploads\/2019\/10\/logo-lifefm.png\",\"contentUrl\":\"https:\/\/static.radiolifefm.com.br\/noticias\/wp-content\/uploads\/2019\/10\/logo-lifefm.png\",\"width\":196,\"height\":47,\"caption\":\"R\u00e1dio Life FM\"},\"image\":{\"@id\":\"https:\/\/radiolifefm.com.br\/noticias\/#\/schema\/logo\/image\/\"},\"sameAs\":[\"https:\/\/www.facebook.com\/radiolifefm\/\",\"https:\/\/www.instagram.com\/life1079fm\/\"]},{\"@type\":\"Person\",\"@id\":\"https:\/\/radiolifefm.com.br\/noticias\/#\/schema\/person\/6339b9fac59d12b071dec680d7375d87\",\"name\":\"ritanery\",\"image\":{\"@type\":\"ImageObject\",\"inLanguage\":\"pt-BR\",\"@id\":\"https:\/\/secure.gravatar.com\/avatar\/0e37bb19071f47c0b8a23f62a903df117c5a0e75f65a0c2901562f97cd41cf86?s=96&d=mm&r=g\",\"url\":\"https:\/\/secure.gravatar.com\/avatar\/0e37bb19071f47c0b8a23f62a903df117c5a0e75f65a0c2901562f97cd41cf86?s=96&d=mm&r=g\",\"contentUrl\":\"https:\/\/secure.gravatar.com\/avatar\/0e37bb19071f47c0b8a23f62a903df117c5a0e75f65a0c2901562f97cd41cf86?s=96&d=mm&r=g\",\"caption\":\"ritanery\"}}]}<\/script>\n<!-- \/ Yoast SEO plugin. -->","yoast_head_json":{"title":"Cultura promove noite de aut\u00f3grafos com Lucas Marton nesta quinta - R\u00e1dio Life FM","robots":{"index":"index","follow":"follow","max-snippet":"max-snippet:-1","max-image-preview":"max-image-preview:large","max-video-preview":"max-video-preview:-1"},"canonical":"https:\/\/radiolifefm.com.br\/noticias\/cultura-promove-noite-de-autografos-com-lucas-marton-nesta-quinta\/","og_locale":"pt_BR","og_type":"article","og_title":"Cultura promove noite de aut\u00f3grafos com Lucas Marton nesta quinta - R\u00e1dio Life FM","og_description":"A Secretaria de Cultura e Turismo de Adamantina promove nesta quinta-feira (9), \u00e0s 19h30, na Biblioteca P\u00fablica \u201cJurema Citeli\u201d, a noite de aut\u00f3grafos com Lucas Marton Elias, que recentemente lan\u00e7ou seu primeiro livro, \u201cUma \u00faltima chance\u201d da Editora Autografia. Lucas Marton Elias, 25, \u00e9 engenheiro qu\u00edmico formado pela faculdade de engenharia de Sorocaba. Sempre foi [&hellip;]","og_url":"https:\/\/radiolifefm.com.br\/noticias\/cultura-promove-noite-de-autografos-com-lucas-marton-nesta-quinta\/","og_site_name":"R\u00e1dio Life FM","article_publisher":"https:\/\/www.facebook.com\/radiolifefm\/","article_published_time":"2021-12-07T00:19:11+00:00","article_modified_time":"2026-04-10T08:53:07+00:00","og_image":[{"width":335,"height":456,"url":"https:\/\/radiolifefm.com.br\/noticias\/wp-content\/uploads\/2021\/12\/WhatsApp-Image-2021-12-06-at-21.17.23.jpeg","type":"image\/jpeg"}],"author":"ritanery","twitter_card":"summary_large_image","twitter_misc":{"Escrito por":"ritanery","Est. tempo de leitura":"1 minuto"},"schema":{"@context":"https:\/\/schema.org","@graph":[{"@type":"Article","@id":"https:\/\/radiolifefm.com.br\/noticias\/cultura-promove-noite-de-autografos-com-lucas-marton-nesta-quinta\/#article","isPartOf":{"@id":"https:\/\/radiolifefm.com.br\/noticias\/cultura-promove-noite-de-autografos-com-lucas-marton-nesta-quinta\/"},"author":{"name":"ritanery","@id":"https:\/\/radiolifefm.com.br\/noticias\/#\/schema\/person\/6339b9fac59d12b071dec680d7375d87"},"headline":"Cultura promove noite de aut\u00f3grafos com Lucas Marton nesta quinta","datePublished":"2021-12-07T00:19:11+00:00","dateModified":"2026-04-10T08:53:07+00:00","mainEntityOfPage":{"@id":"https:\/\/radiolifefm.com.br\/noticias\/cultura-promove-noite-de-autografos-com-lucas-marton-nesta-quinta\/"},"wordCount":208,"publisher":{"@id":"https:\/\/radiolifefm.com.br\/noticias\/#organization"},"image":{"@id":"https:\/\/radiolifefm.com.br\/noticias\/cultura-promove-noite-de-autografos-com-lucas-marton-nesta-quinta\/#primaryimage"},"thumbnailUrl":"https:\/\/radiolifefm.com.br\/noticias\/wp-content\/uploads\/2021\/12\/WhatsApp-Image-2021-12-06-at-21.17.23.jpeg","articleSection":["Adamantina"],"inLanguage":"pt-BR"},{"@type":"WebPage","@id":"https:\/\/radiolifefm.com.br\/noticias\/cultura-promove-noite-de-autografos-com-lucas-marton-nesta-quinta\/","url":"https:\/\/radiolifefm.com.br\/noticias\/cultura-promove-noite-de-autografos-com-lucas-marton-nesta-quinta\/","name":"Cultura promove noite de aut\u00f3grafos com Lucas Marton nesta quinta - R\u00e1dio Life FM","isPartOf":{"@id":"https:\/\/radiolifefm.com.br\/noticias\/#website"},"primaryImageOfPage":{"@id":"https:\/\/radiolifefm.com.br\/noticias\/cultura-promove-noite-de-autografos-com-lucas-marton-nesta-quinta\/#primaryimage"},"image":{"@id":"https:\/\/radiolifefm.com.br\/noticias\/cultura-promove-noite-de-autografos-com-lucas-marton-nesta-quinta\/#primaryimage"},"thumbnailUrl":"https:\/\/radiolifefm.com.br\/noticias\/wp-content\/uploads\/2021\/12\/WhatsApp-Image-2021-12-06-at-21.17.23.jpeg","datePublished":"2021-12-07T00:19:11+00:00","dateModified":"2026-04-10T08:53:07+00:00","breadcrumb":{"@id":"https:\/\/radiolifefm.com.br\/noticias\/cultura-promove-noite-de-autografos-com-lucas-marton-nesta-quinta\/#breadcrumb"},"inLanguage":"pt-BR","potentialAction":[{"@type":"ReadAction","target":["https:\/\/radiolifefm.com.br\/noticias\/cultura-promove-noite-de-autografos-com-lucas-marton-nesta-quinta\/"]}]},{"@type":"ImageObject","inLanguage":"pt-BR","@id":"https:\/\/radiolifefm.com.br\/noticias\/cultura-promove-noite-de-autografos-com-lucas-marton-nesta-quinta\/#primaryimage","url":"https:\/\/radiolifefm.com.br\/noticias\/wp-content\/uploads\/2021\/12\/WhatsApp-Image-2021-12-06-at-21.17.23.jpeg","contentUrl":"https:\/\/radiolifefm.com.br\/noticias\/wp-content\/uploads\/2021\/12\/WhatsApp-Image-2021-12-06-at-21.17.23.jpeg","width":335,"height":456},{"@type":"BreadcrumbList","@id":"https:\/\/radiolifefm.com.br\/noticias\/cultura-promove-noite-de-autografos-com-lucas-marton-nesta-quinta\/#breadcrumb","itemListElement":[{"@type":"ListItem","position":1,"name":"In\u00edcio","item":"https:\/\/radiolifefm.com.br\/noticias\/"},{"@type":"ListItem","position":2,"name":"Cultura promove noite de aut\u00f3grafos com Lucas Marton nesta quinta"}]},{"@type":"WebSite","@id":"https:\/\/radiolifefm.com.br\/noticias\/#website","url":"https:\/\/radiolifefm.com.br\/noticias\/","name":"R\u00e1dio Life FM","description":"O Portal de Not\u00edcias de Adamantina","publisher":{"@id":"https:\/\/radiolifefm.com.br\/noticias\/#organization"},"alternateName":"Life FM","potentialAction":[{"@type":"SearchAction","target":{"@type":"EntryPoint","urlTemplate":"https:\/\/radiolifefm.com.br\/noticias\/?s={search_term_string}"},"query-input":{"@type":"PropertyValueSpecification","valueRequired":true,"valueName":"search_term_string"}}],"inLanguage":"pt-BR"},{"@type":"Organization","@id":"https:\/\/radiolifefm.com.br\/noticias\/#organization","name":"R\u00e1dio Life FM","alternateName":"Life FM","url":"https:\/\/radiolifefm.com.br\/noticias\/","logo":{"@type":"ImageObject","inLanguage":"pt-BR","@id":"https:\/\/radiolifefm.com.br\/noticias\/#\/schema\/logo\/image\/","url":"https:\/\/static.radiolifefm.com.br\/noticias\/wp-content\/uploads\/2019\/10\/logo-lifefm.png","contentUrl":"https:\/\/static.radiolifefm.com.br\/noticias\/wp-content\/uploads\/2019\/10\/logo-lifefm.png","width":196,"height":47,"caption":"R\u00e1dio Life FM"},"image":{"@id":"https:\/\/radiolifefm.com.br\/noticias\/#\/schema\/logo\/image\/"},"sameAs":["https:\/\/www.facebook.com\/radiolifefm\/","https:\/\/www.instagram.com\/life1079fm\/"]},{"@type":"Person","@id":"https:\/\/radiolifefm.com.br\/noticias\/#\/schema\/person\/6339b9fac59d12b071dec680d7375d87","name":"ritanery","image":{"@type":"ImageObject","inLanguage":"pt-BR","@id":"https:\/\/secure.gravatar.com\/avatar\/0e37bb19071f47c0b8a23f62a903df117c5a0e75f65a0c2901562f97cd41cf86?s=96&d=mm&r=g","url":"https:\/\/secure.gravatar.com\/avatar\/0e37bb19071f47c0b8a23f62a903df117c5a0e75f65a0c2901562f97cd41cf86?s=96&d=mm&r=g","contentUrl":"https:\/\/secure.gravatar.com\/avatar\/0e37bb19071f47c0b8a23f62a903df117c5a0e75f65a0c2901562f97cd41cf86?s=96&d=mm&r=g","caption":"ritanery"}}]}},"amp_enabled":true,"_links":{"self":[{"href":"https:\/\/radiolifefm.com.br\/noticias\/wp-json\/wp\/v2\/posts\/46646","targetHints":{"allow":["GET"]}}],"collection":[{"href":"https:\/\/radiolifefm.com.br\/noticias\/wp-json\/wp\/v2\/posts"}],"about":[{"href":"https:\/\/radiolifefm.com.br\/noticias\/wp-json\/wp\/v2\/types\/post"}],"author":[{"embeddable":true,"href":"https:\/\/radiolifefm.com.br\/noticias\/wp-json\/wp\/v2\/users\/13"}],"replies":[{"embeddable":true,"href":"https:\/\/radiolifefm.com.br\/noticias\/wp-json\/wp\/v2\/comments?post=46646"}],"version-history":[{"count":1,"href":"https:\/\/radiolifefm.com.br\/noticias\/wp-json\/wp\/v2\/posts\/46646\/revisions"}],"predecessor-version":[{"id":46648,"href":"https:\/\/radiolifefm.com.br\/noticias\/wp-json\/wp\/v2\/posts\/46646\/revisions\/46648"}],"wp:featuredmedia":[{"embeddable":true,"href":"https:\/\/radiolifefm.com.br\/noticias\/wp-json\/wp\/v2\/media\/46647"}],"wp:attachment":[{"href":"https:\/\/radiolifefm.com.br\/noticias\/wp-json\/wp\/v2\/media?parent=46646"}],"wp:term":[{"taxonomy":"category","embeddable":true,"href":"https:\/\/radiolifefm.com.br\/noticias\/wp-json\/wp\/v2\/categories?post=46646"},{"taxonomy":"post_tag","embeddable":true,"href":"https:\/\/radiolifefm.com.br\/noticias\/wp-json\/wp\/v2\/tags?post=46646"}],"curies":[{"name":"wp","href":"https:\/\/api.w.org\/{rel}","templated":true}]}}