{"id":46630,"date":"2021-12-06T11:20:48","date_gmt":"2021-12-06T14:20:48","guid":{"rendered":"https:\/\/radiolifefm.com.br\/noticias\/?p=46630"},"modified":"2026-03-21T01:01:03","modified_gmt":"2026-03-21T04:01:03","slug":"concurso-aberto-na-prefeitura-de-adamantina-sp-tem-19-vagas-de-ate-r-18-mil","status":"publish","type":"post","link":"https:\/\/radiolifefm.com.br\/noticias\/concurso-aberto-na-prefeitura-de-adamantina-sp-tem-19-vagas-de-ate-r-18-mil\/","title":{"rendered":"Concurso aberto na Prefeitura de Adamantina-SP tem 19 vagas de at\u00e9 R$ 18 mil"},"content":{"rendered":"<div id=\"fb-root\"><\/div>\n<p>A cidade de Adamantina, munic\u00edpio do estado do\u00a0<a class=\"lib tg-lib\" href=\"https:\/\/www.acheconcursos.com.br\/concursos-sao-paulo\">S\u00e3o Paulo<\/a>, anunciou que realizar\u00e1 um bom concurso p\u00fablico para preencher 119 vagas em 2022. O edital n\u00ba 01\/2021 disponibiliza oportunidades para todos os n\u00edveis de escolaridade e os sal\u00e1rios iniciais chegam a R$ 18.000,00. Ainda, 10% das vagas ser\u00e3o reservadas a pessoas com defici\u00eancia.<\/p>\n<p>O per\u00edodo para efetivar as inscri\u00e7\u00f5es vai das 10h do dia 13 de dezembro at\u00e9 as 16h do dia 28 de dezembro de 2021, com taxas entre R$ 11,89 e R$ 12,14. As inscri\u00e7\u00f5es devem ser realizadas pela internet, no endere\u00e7o eletr\u00f4nico da banca CONSCAM &#8211;\u00a0<a class=\"tg-link-manual\" href=\"https:\/\/www.acheconcursos.com.br\/redirect.php?tipo=postout&amp;urlout=http%3A%2F%2Fwww.conscamweb.com.br\" target=\"_blank\" rel=\"nofollow noopener\">www.conscamweb.com.br<\/a>.<\/p>\n<p>&nbsp;<\/p>\n<div class=\"col-6 px-2\"><label class=\"cartola\">ABERTURA INSCRI\u00c7\u00d5ES<\/label>13\/12\/2021<\/div>\n<div class=\"col-6 px-2\"><label class=\"cartola\">ENCERRA INSCRI\u00c7\u00d5ES<\/label>28\/12\/2021<\/div>\n<div class=\"col-6 px-2\"><label class=\"cartola\">DATA DA PROVA<\/label>06\/03\/2022<\/div>\n<div class=\"col-6 px-2\"><label class=\"cartola\">SAL\u00c1RIOS AT\u00c9<\/label>R$ 18.000,00<\/div>\n<div class=\"col-6 px-2\"><label class=\"cartola\">TOTAL DE VAGAS<\/label>19<\/div>\n<div class=\"col-6 px-2\"><label class=\"cartola\">GABARITOS EM<\/label>07\/03\/2022<\/div>\n<div><\/div>\n<div><\/div>\n","protected":false},"excerpt":{"rendered":"<p>A cidade de Adamantina, munic\u00edpio do estado do\u00a0S\u00e3o Paulo, anunciou que realizar\u00e1 um bom concurso p\u00fablico para preencher 119 vagas em 2022. O edital n\u00ba 01\/2021 disponibiliza oportunidades para todos os n\u00edveis de escolaridade e os sal\u00e1rios iniciais chegam a R$ 18.000,00. Ainda, 10% das vagas ser\u00e3o reservadas a pessoas com defici\u00eancia. O per\u00edodo para [&hellip;]<\/p>\n","protected":false},"author":13,"featured_media":46631,"comment_status":"closed","ping_status":"open","sticky":false,"template":"","format":"standard","meta":{"_acf_changed":false,"_exactmetrics_skip_tracking":false,"_exactmetrics_sitenote_active":false,"_exactmetrics_sitenote_note":"","_exactmetrics_sitenote_category":0,"footnotes":""},"categories":[21],"tags":[],"class_list":["post-46630","post","type-post","status-publish","format-standard","has-post-thumbnail","hentry","category-adamantina"],"acf":[],"yoast_head":"<!-- This site is optimized with the Yoast SEO plugin v27.2 - https:\/\/yoast.com\/product\/yoast-seo-wordpress\/ -->\n<title>Concurso aberto na Prefeitura de Adamantina-SP tem 19 vagas de at\u00e9 R$ 18 mil - R\u00e1dio Life FM<\/title>\n<meta name=\"robots\" content=\"index, follow, max-snippet:-1, max-image-preview:large, max-video-preview:-1\" \/>\n<link rel=\"canonical\" href=\"https:\/\/radiolifefm.com.br\/noticias\/concurso-aberto-na-prefeitura-de-adamantina-sp-tem-19-vagas-de-ate-r-18-mil\/\" \/>\n<meta property=\"og:locale\" content=\"pt_BR\" \/>\n<meta property=\"og:type\" content=\"article\" \/>\n<meta property=\"og:title\" content=\"Concurso aberto na Prefeitura de Adamantina-SP tem 19 vagas de at\u00e9 R$ 18 mil - R\u00e1dio Life FM\" \/>\n<meta property=\"og:description\" content=\"A cidade de Adamantina, munic\u00edpio do estado do\u00a0S\u00e3o Paulo, anunciou que realizar\u00e1 um bom concurso p\u00fablico para preencher 119 vagas em 2022. O edital n\u00ba 01\/2021 disponibiliza oportunidades para todos os n\u00edveis de escolaridade e os sal\u00e1rios iniciais chegam a R$ 18.000,00. Ainda, 10% das vagas ser\u00e3o reservadas a pessoas com defici\u00eancia. O per\u00edodo para [&hellip;]\" \/>\n<meta property=\"og:url\" content=\"https:\/\/radiolifefm.com.br\/noticias\/concurso-aberto-na-prefeitura-de-adamantina-sp-tem-19-vagas-de-ate-r-18-mil\/\" \/>\n<meta property=\"og:site_name\" content=\"R\u00e1dio Life FM\" \/>\n<meta property=\"article:publisher\" content=\"https:\/\/www.facebook.com\/radiolifefm\/\" \/>\n<meta property=\"article:published_time\" content=\"2021-12-06T14:20:48+00:00\" \/>\n<meta property=\"article:modified_time\" content=\"2026-03-21T04:01:03+00:00\" \/>\n<meta property=\"og:image\" content=\"https:\/\/radiolifefm.com.br\/noticias\/wp-content\/uploads\/2021\/12\/cats-1.jpg\" \/>\n\t<meta property=\"og:image:width\" content=\"175\" \/>\n\t<meta property=\"og:image:height\" content=\"99\" \/>\n\t<meta property=\"og:image:type\" content=\"image\/jpeg\" \/>\n<meta name=\"author\" content=\"ritanery\" \/>\n<meta name=\"twitter:card\" content=\"summary_large_image\" \/>\n<meta name=\"twitter:label1\" content=\"Escrito por\" \/>\n\t<meta name=\"twitter:data1\" content=\"ritanery\" \/>\n\t<meta name=\"twitter:label2\" content=\"Est. tempo de leitura\" \/>\n\t<meta name=\"twitter:data2\" content=\"1 minuto\" \/>\n<script type=\"application\/ld+json\" class=\"yoast-schema-graph\">{\"@context\":\"https:\/\/schema.org\",\"@graph\":[{\"@type\":\"Article\",\"@id\":\"https:\/\/radiolifefm.com.br\/noticias\/concurso-aberto-na-prefeitura-de-adamantina-sp-tem-19-vagas-de-ate-r-18-mil\/#article\",\"isPartOf\":{\"@id\":\"https:\/\/radiolifefm.com.br\/noticias\/concurso-aberto-na-prefeitura-de-adamantina-sp-tem-19-vagas-de-ate-r-18-mil\/\"},\"author\":{\"name\":\"ritanery\",\"@id\":\"https:\/\/radiolifefm.com.br\/noticias\/#\/schema\/person\/6339b9fac59d12b071dec680d7375d87\"},\"headline\":\"Concurso aberto na Prefeitura de Adamantina-SP tem 19 vagas de at\u00e9 R$ 18 mil\",\"datePublished\":\"2021-12-06T14:20:48+00:00\",\"dateModified\":\"2026-03-21T04:01:03+00:00\",\"mainEntityOfPage\":{\"@id\":\"https:\/\/radiolifefm.com.br\/noticias\/concurso-aberto-na-prefeitura-de-adamantina-sp-tem-19-vagas-de-ate-r-18-mil\/\"},\"wordCount\":136,\"publisher\":{\"@id\":\"https:\/\/radiolifefm.com.br\/noticias\/#organization\"},\"image\":{\"@id\":\"https:\/\/radiolifefm.com.br\/noticias\/concurso-aberto-na-prefeitura-de-adamantina-sp-tem-19-vagas-de-ate-r-18-mil\/#primaryimage\"},\"thumbnailUrl\":\"https:\/\/radiolifefm.com.br\/noticias\/wp-content\/uploads\/2021\/12\/cats-1.jpg\",\"articleSection\":[\"Adamantina\"],\"inLanguage\":\"pt-BR\"},{\"@type\":\"WebPage\",\"@id\":\"https:\/\/radiolifefm.com.br\/noticias\/concurso-aberto-na-prefeitura-de-adamantina-sp-tem-19-vagas-de-ate-r-18-mil\/\",\"url\":\"https:\/\/radiolifefm.com.br\/noticias\/concurso-aberto-na-prefeitura-de-adamantina-sp-tem-19-vagas-de-ate-r-18-mil\/\",\"name\":\"Concurso aberto na Prefeitura de Adamantina-SP tem 19 vagas de at\u00e9 R$ 18 mil - R\u00e1dio Life FM\",\"isPartOf\":{\"@id\":\"https:\/\/radiolifefm.com.br\/noticias\/#website\"},\"primaryImageOfPage\":{\"@id\":\"https:\/\/radiolifefm.com.br\/noticias\/concurso-aberto-na-prefeitura-de-adamantina-sp-tem-19-vagas-de-ate-r-18-mil\/#primaryimage\"},\"image\":{\"@id\":\"https:\/\/radiolifefm.com.br\/noticias\/concurso-aberto-na-prefeitura-de-adamantina-sp-tem-19-vagas-de-ate-r-18-mil\/#primaryimage\"},\"thumbnailUrl\":\"https:\/\/radiolifefm.com.br\/noticias\/wp-content\/uploads\/2021\/12\/cats-1.jpg\",\"datePublished\":\"2021-12-06T14:20:48+00:00\",\"dateModified\":\"2026-03-21T04:01:03+00:00\",\"breadcrumb\":{\"@id\":\"https:\/\/radiolifefm.com.br\/noticias\/concurso-aberto-na-prefeitura-de-adamantina-sp-tem-19-vagas-de-ate-r-18-mil\/#breadcrumb\"},\"inLanguage\":\"pt-BR\",\"potentialAction\":[{\"@type\":\"ReadAction\",\"target\":[\"https:\/\/radiolifefm.com.br\/noticias\/concurso-aberto-na-prefeitura-de-adamantina-sp-tem-19-vagas-de-ate-r-18-mil\/\"]}]},{\"@type\":\"ImageObject\",\"inLanguage\":\"pt-BR\",\"@id\":\"https:\/\/radiolifefm.com.br\/noticias\/concurso-aberto-na-prefeitura-de-adamantina-sp-tem-19-vagas-de-ate-r-18-mil\/#primaryimage\",\"url\":\"https:\/\/radiolifefm.com.br\/noticias\/wp-content\/uploads\/2021\/12\/cats-1.jpg\",\"contentUrl\":\"https:\/\/radiolifefm.com.br\/noticias\/wp-content\/uploads\/2021\/12\/cats-1.jpg\",\"width\":175,\"height\":99},{\"@type\":\"BreadcrumbList\",\"@id\":\"https:\/\/radiolifefm.com.br\/noticias\/concurso-aberto-na-prefeitura-de-adamantina-sp-tem-19-vagas-de-ate-r-18-mil\/#breadcrumb\",\"itemListElement\":[{\"@type\":\"ListItem\",\"position\":1,\"name\":\"In\u00edcio\",\"item\":\"https:\/\/radiolifefm.com.br\/noticias\/\"},{\"@type\":\"ListItem\",\"position\":2,\"name\":\"Concurso aberto na Prefeitura de Adamantina-SP tem 19 vagas de at\u00e9 R$ 18 mil\"}]},{\"@type\":\"WebSite\",\"@id\":\"https:\/\/radiolifefm.com.br\/noticias\/#website\",\"url\":\"https:\/\/radiolifefm.com.br\/noticias\/\",\"name\":\"R\u00e1dio Life FM\",\"description\":\"O Portal de Not\u00edcias de Adamantina\",\"publisher\":{\"@id\":\"https:\/\/radiolifefm.com.br\/noticias\/#organization\"},\"alternateName\":\"Life FM\",\"potentialAction\":[{\"@type\":\"SearchAction\",\"target\":{\"@type\":\"EntryPoint\",\"urlTemplate\":\"https:\/\/radiolifefm.com.br\/noticias\/?s={search_term_string}\"},\"query-input\":{\"@type\":\"PropertyValueSpecification\",\"valueRequired\":true,\"valueName\":\"search_term_string\"}}],\"inLanguage\":\"pt-BR\"},{\"@type\":\"Organization\",\"@id\":\"https:\/\/radiolifefm.com.br\/noticias\/#organization\",\"name\":\"R\u00e1dio Life FM\",\"alternateName\":\"Life FM\",\"url\":\"https:\/\/radiolifefm.com.br\/noticias\/\",\"logo\":{\"@type\":\"ImageObject\",\"inLanguage\":\"pt-BR\",\"@id\":\"https:\/\/radiolifefm.com.br\/noticias\/#\/schema\/logo\/image\/\",\"url\":\"https:\/\/static.radiolifefm.com.br\/noticias\/wp-content\/uploads\/2019\/10\/logo-lifefm.png\",\"contentUrl\":\"https:\/\/static.radiolifefm.com.br\/noticias\/wp-content\/uploads\/2019\/10\/logo-lifefm.png\",\"width\":196,\"height\":47,\"caption\":\"R\u00e1dio Life FM\"},\"image\":{\"@id\":\"https:\/\/radiolifefm.com.br\/noticias\/#\/schema\/logo\/image\/\"},\"sameAs\":[\"https:\/\/www.facebook.com\/radiolifefm\/\",\"https:\/\/www.instagram.com\/life1079fm\/\"]},{\"@type\":\"Person\",\"@id\":\"https:\/\/radiolifefm.com.br\/noticias\/#\/schema\/person\/6339b9fac59d12b071dec680d7375d87\",\"name\":\"ritanery\",\"image\":{\"@type\":\"ImageObject\",\"inLanguage\":\"pt-BR\",\"@id\":\"https:\/\/secure.gravatar.com\/avatar\/0e37bb19071f47c0b8a23f62a903df117c5a0e75f65a0c2901562f97cd41cf86?s=96&d=mm&r=g\",\"url\":\"https:\/\/secure.gravatar.com\/avatar\/0e37bb19071f47c0b8a23f62a903df117c5a0e75f65a0c2901562f97cd41cf86?s=96&d=mm&r=g\",\"contentUrl\":\"https:\/\/secure.gravatar.com\/avatar\/0e37bb19071f47c0b8a23f62a903df117c5a0e75f65a0c2901562f97cd41cf86?s=96&d=mm&r=g\",\"caption\":\"ritanery\"}}]}<\/script>\n<!-- \/ Yoast SEO plugin. -->","yoast_head_json":{"title":"Concurso aberto na Prefeitura de Adamantina-SP tem 19 vagas de at\u00e9 R$ 18 mil - R\u00e1dio Life FM","robots":{"index":"index","follow":"follow","max-snippet":"max-snippet:-1","max-image-preview":"max-image-preview:large","max-video-preview":"max-video-preview:-1"},"canonical":"https:\/\/radiolifefm.com.br\/noticias\/concurso-aberto-na-prefeitura-de-adamantina-sp-tem-19-vagas-de-ate-r-18-mil\/","og_locale":"pt_BR","og_type":"article","og_title":"Concurso aberto na Prefeitura de Adamantina-SP tem 19 vagas de at\u00e9 R$ 18 mil - R\u00e1dio Life FM","og_description":"A cidade de Adamantina, munic\u00edpio do estado do\u00a0S\u00e3o Paulo, anunciou que realizar\u00e1 um bom concurso p\u00fablico para preencher 119 vagas em 2022. O edital n\u00ba 01\/2021 disponibiliza oportunidades para todos os n\u00edveis de escolaridade e os sal\u00e1rios iniciais chegam a R$ 18.000,00. Ainda, 10% das vagas ser\u00e3o reservadas a pessoas com defici\u00eancia. O per\u00edodo para [&hellip;]","og_url":"https:\/\/radiolifefm.com.br\/noticias\/concurso-aberto-na-prefeitura-de-adamantina-sp-tem-19-vagas-de-ate-r-18-mil\/","og_site_name":"R\u00e1dio Life FM","article_publisher":"https:\/\/www.facebook.com\/radiolifefm\/","article_published_time":"2021-12-06T14:20:48+00:00","article_modified_time":"2026-03-21T04:01:03+00:00","og_image":[{"width":175,"height":99,"url":"https:\/\/radiolifefm.com.br\/noticias\/wp-content\/uploads\/2021\/12\/cats-1.jpg","type":"image\/jpeg"}],"author":"ritanery","twitter_card":"summary_large_image","twitter_misc":{"Escrito por":"ritanery","Est. tempo de leitura":"1 minuto"},"schema":{"@context":"https:\/\/schema.org","@graph":[{"@type":"Article","@id":"https:\/\/radiolifefm.com.br\/noticias\/concurso-aberto-na-prefeitura-de-adamantina-sp-tem-19-vagas-de-ate-r-18-mil\/#article","isPartOf":{"@id":"https:\/\/radiolifefm.com.br\/noticias\/concurso-aberto-na-prefeitura-de-adamantina-sp-tem-19-vagas-de-ate-r-18-mil\/"},"author":{"name":"ritanery","@id":"https:\/\/radiolifefm.com.br\/noticias\/#\/schema\/person\/6339b9fac59d12b071dec680d7375d87"},"headline":"Concurso aberto na Prefeitura de Adamantina-SP tem 19 vagas de at\u00e9 R$ 18 mil","datePublished":"2021-12-06T14:20:48+00:00","dateModified":"2026-03-21T04:01:03+00:00","mainEntityOfPage":{"@id":"https:\/\/radiolifefm.com.br\/noticias\/concurso-aberto-na-prefeitura-de-adamantina-sp-tem-19-vagas-de-ate-r-18-mil\/"},"wordCount":136,"publisher":{"@id":"https:\/\/radiolifefm.com.br\/noticias\/#organization"},"image":{"@id":"https:\/\/radiolifefm.com.br\/noticias\/concurso-aberto-na-prefeitura-de-adamantina-sp-tem-19-vagas-de-ate-r-18-mil\/#primaryimage"},"thumbnailUrl":"https:\/\/radiolifefm.com.br\/noticias\/wp-content\/uploads\/2021\/12\/cats-1.jpg","articleSection":["Adamantina"],"inLanguage":"pt-BR"},{"@type":"WebPage","@id":"https:\/\/radiolifefm.com.br\/noticias\/concurso-aberto-na-prefeitura-de-adamantina-sp-tem-19-vagas-de-ate-r-18-mil\/","url":"https:\/\/radiolifefm.com.br\/noticias\/concurso-aberto-na-prefeitura-de-adamantina-sp-tem-19-vagas-de-ate-r-18-mil\/","name":"Concurso aberto na Prefeitura de Adamantina-SP tem 19 vagas de at\u00e9 R$ 18 mil - R\u00e1dio Life FM","isPartOf":{"@id":"https:\/\/radiolifefm.com.br\/noticias\/#website"},"primaryImageOfPage":{"@id":"https:\/\/radiolifefm.com.br\/noticias\/concurso-aberto-na-prefeitura-de-adamantina-sp-tem-19-vagas-de-ate-r-18-mil\/#primaryimage"},"image":{"@id":"https:\/\/radiolifefm.com.br\/noticias\/concurso-aberto-na-prefeitura-de-adamantina-sp-tem-19-vagas-de-ate-r-18-mil\/#primaryimage"},"thumbnailUrl":"https:\/\/radiolifefm.com.br\/noticias\/wp-content\/uploads\/2021\/12\/cats-1.jpg","datePublished":"2021-12-06T14:20:48+00:00","dateModified":"2026-03-21T04:01:03+00:00","breadcrumb":{"@id":"https:\/\/radiolifefm.com.br\/noticias\/concurso-aberto-na-prefeitura-de-adamantina-sp-tem-19-vagas-de-ate-r-18-mil\/#breadcrumb"},"inLanguage":"pt-BR","potentialAction":[{"@type":"ReadAction","target":["https:\/\/radiolifefm.com.br\/noticias\/concurso-aberto-na-prefeitura-de-adamantina-sp-tem-19-vagas-de-ate-r-18-mil\/"]}]},{"@type":"ImageObject","inLanguage":"pt-BR","@id":"https:\/\/radiolifefm.com.br\/noticias\/concurso-aberto-na-prefeitura-de-adamantina-sp-tem-19-vagas-de-ate-r-18-mil\/#primaryimage","url":"https:\/\/radiolifefm.com.br\/noticias\/wp-content\/uploads\/2021\/12\/cats-1.jpg","contentUrl":"https:\/\/radiolifefm.com.br\/noticias\/wp-content\/uploads\/2021\/12\/cats-1.jpg","width":175,"height":99},{"@type":"BreadcrumbList","@id":"https:\/\/radiolifefm.com.br\/noticias\/concurso-aberto-na-prefeitura-de-adamantina-sp-tem-19-vagas-de-ate-r-18-mil\/#breadcrumb","itemListElement":[{"@type":"ListItem","position":1,"name":"In\u00edcio","item":"https:\/\/radiolifefm.com.br\/noticias\/"},{"@type":"ListItem","position":2,"name":"Concurso aberto na Prefeitura de Adamantina-SP tem 19 vagas de at\u00e9 R$ 18 mil"}]},{"@type":"WebSite","@id":"https:\/\/radiolifefm.com.br\/noticias\/#website","url":"https:\/\/radiolifefm.com.br\/noticias\/","name":"R\u00e1dio Life FM","description":"O Portal de Not\u00edcias de Adamantina","publisher":{"@id":"https:\/\/radiolifefm.com.br\/noticias\/#organization"},"alternateName":"Life FM","potentialAction":[{"@type":"SearchAction","target":{"@type":"EntryPoint","urlTemplate":"https:\/\/radiolifefm.com.br\/noticias\/?s={search_term_string}"},"query-input":{"@type":"PropertyValueSpecification","valueRequired":true,"valueName":"search_term_string"}}],"inLanguage":"pt-BR"},{"@type":"Organization","@id":"https:\/\/radiolifefm.com.br\/noticias\/#organization","name":"R\u00e1dio Life FM","alternateName":"Life FM","url":"https:\/\/radiolifefm.com.br\/noticias\/","logo":{"@type":"ImageObject","inLanguage":"pt-BR","@id":"https:\/\/radiolifefm.com.br\/noticias\/#\/schema\/logo\/image\/","url":"https:\/\/static.radiolifefm.com.br\/noticias\/wp-content\/uploads\/2019\/10\/logo-lifefm.png","contentUrl":"https:\/\/static.radiolifefm.com.br\/noticias\/wp-content\/uploads\/2019\/10\/logo-lifefm.png","width":196,"height":47,"caption":"R\u00e1dio Life FM"},"image":{"@id":"https:\/\/radiolifefm.com.br\/noticias\/#\/schema\/logo\/image\/"},"sameAs":["https:\/\/www.facebook.com\/radiolifefm\/","https:\/\/www.instagram.com\/life1079fm\/"]},{"@type":"Person","@id":"https:\/\/radiolifefm.com.br\/noticias\/#\/schema\/person\/6339b9fac59d12b071dec680d7375d87","name":"ritanery","image":{"@type":"ImageObject","inLanguage":"pt-BR","@id":"https:\/\/secure.gravatar.com\/avatar\/0e37bb19071f47c0b8a23f62a903df117c5a0e75f65a0c2901562f97cd41cf86?s=96&d=mm&r=g","url":"https:\/\/secure.gravatar.com\/avatar\/0e37bb19071f47c0b8a23f62a903df117c5a0e75f65a0c2901562f97cd41cf86?s=96&d=mm&r=g","contentUrl":"https:\/\/secure.gravatar.com\/avatar\/0e37bb19071f47c0b8a23f62a903df117c5a0e75f65a0c2901562f97cd41cf86?s=96&d=mm&r=g","caption":"ritanery"}}]}},"amp_enabled":true,"_links":{"self":[{"href":"https:\/\/radiolifefm.com.br\/noticias\/wp-json\/wp\/v2\/posts\/46630","targetHints":{"allow":["GET"]}}],"collection":[{"href":"https:\/\/radiolifefm.com.br\/noticias\/wp-json\/wp\/v2\/posts"}],"about":[{"href":"https:\/\/radiolifefm.com.br\/noticias\/wp-json\/wp\/v2\/types\/post"}],"author":[{"embeddable":true,"href":"https:\/\/radiolifefm.com.br\/noticias\/wp-json\/wp\/v2\/users\/13"}],"replies":[{"embeddable":true,"href":"https:\/\/radiolifefm.com.br\/noticias\/wp-json\/wp\/v2\/comments?post=46630"}],"version-history":[{"count":1,"href":"https:\/\/radiolifefm.com.br\/noticias\/wp-json\/wp\/v2\/posts\/46630\/revisions"}],"predecessor-version":[{"id":46632,"href":"https:\/\/radiolifefm.com.br\/noticias\/wp-json\/wp\/v2\/posts\/46630\/revisions\/46632"}],"wp:featuredmedia":[{"embeddable":true,"href":"https:\/\/radiolifefm.com.br\/noticias\/wp-json\/wp\/v2\/media\/46631"}],"wp:attachment":[{"href":"https:\/\/radiolifefm.com.br\/noticias\/wp-json\/wp\/v2\/media?parent=46630"}],"wp:term":[{"taxonomy":"category","embeddable":true,"href":"https:\/\/radiolifefm.com.br\/noticias\/wp-json\/wp\/v2\/categories?post=46630"},{"taxonomy":"post_tag","embeddable":true,"href":"https:\/\/radiolifefm.com.br\/noticias\/wp-json\/wp\/v2\/tags?post=46630"}],"curies":[{"name":"wp","href":"https:\/\/api.w.org\/{rel}","templated":true}]}}