{"id":46569,"date":"2021-12-04T11:03:07","date_gmt":"2021-12-04T14:03:07","guid":{"rendered":"https:\/\/radiolifefm.com.br\/noticias\/?p=46569"},"modified":"2026-04-15T15:26:14","modified_gmt":"2026-04-15T18:26:14","slug":"adamantina-tem-novo-morador-ou-visitante-misterioso","status":"publish","type":"post","link":"https:\/\/radiolifefm.com.br\/noticias\/adamantina-tem-novo-morador-ou-visitante-misterioso\/","title":{"rendered":"Adamantina tem novo morador ou visitante misterioso?"},"content":{"rendered":"<div id=\"fb-root\"><\/div>\n<p>Na \u00faltima semana o homem misterioso que est\u00e1 em Adamantina foi visto na feira livre e nesta s\u00e1bado ( 4\/12) na Av. Rio Branco, pela sua forma de se vestir e o forte calor n\u00e3o est\u00e1 saindo muito pelas ruas da cidade.<\/p>\n<p>N\u00e3o se sabe se est\u00e1 hospedado em hotel ou \u00a0est\u00e1 com resid\u00eancia fixa, uma coisa \u00e9 certa n\u00e3o quer guerra com ningu\u00e9m, ele s\u00f3 que paz e por onde passa tem deixado essa paz com seu comportamento.<\/p>\n<p>At\u00e9 o momento n\u00e3o se sabe seu nome, seu endere\u00e7o sobre sua fam\u00edlia e se soubesse o que mudaria nas nossas vidas?<\/p>\n<p>A certeza que temos que \u00e9 um ser humano, escolheu sua forma de viver e merece respeito como outra pessoa qualquer.<\/p>\n<p>O homem misterioso deve ter miss\u00e3o de vida e est\u00e1 ou vai ficar em Adamantina por alguma raz\u00e3o, a qual um dia iremos saber porque n\u00e3o h\u00e1 nada em oculto que n\u00e3o seja revelado, isto \u00e9 B\u00edblico!<\/p>\n<div class='flex flex-wrap items-center -mx-1'>\r\n<a class='thumbnail gallery p-1 w-1\/2 md:w-1\/4' href='https:\/\/radiolifefm.com.br\/noticias\/wp-content\/uploads\/2021\/12\/WhatsApp-Image-2021-12-04-at-10.40.08-1.jpeg'><img class='border border-white' src='https:\/\/radiolifefm.com.br\/noticias\/wp-content\/uploads\/2021\/12\/WhatsApp-Image-2021-12-04-at-10.40.08-1-200x200.jpeg' alt='WhatsApp Image 2021 12 04 At 10.40.08 (1)' \/><\/a><a class='thumbnail gallery p-1 w-1\/2 md:w-1\/4' href='https:\/\/radiolifefm.com.br\/noticias\/wp-content\/uploads\/2021\/12\/WhatsApp-Image-2021-12-04-at-10.40.08.jpeg'><img class='border border-white' src='https:\/\/radiolifefm.com.br\/noticias\/wp-content\/uploads\/2021\/12\/WhatsApp-Image-2021-12-04-at-10.40.08-200x200.jpeg' alt='WhatsApp Image 2021 12 04 At 10.40.08' \/><\/a><\/div>\n<p>Fonte: Reda\u00e7\u00e3o.<\/p>\n","protected":false},"excerpt":{"rendered":"<p>Na \u00faltima semana o homem misterioso que est\u00e1 em Adamantina foi visto na feira livre e nesta s\u00e1bado ( 4\/12) na Av. Rio Branco, pela sua forma de se vestir e o forte calor n\u00e3o est\u00e1 saindo muito pelas ruas da cidade. N\u00e3o se sabe se est\u00e1 hospedado em hotel ou \u00a0est\u00e1 com resid\u00eancia fixa, [&hellip;]<\/p>\n","protected":false},"author":13,"featured_media":46570,"comment_status":"closed","ping_status":"open","sticky":false,"template":"","format":"standard","meta":{"_acf_changed":false,"_exactmetrics_skip_tracking":false,"_exactmetrics_sitenote_active":false,"_exactmetrics_sitenote_note":"","_exactmetrics_sitenote_category":0,"footnotes":""},"categories":[21],"tags":[],"class_list":["post-46569","post","type-post","status-publish","format-standard","has-post-thumbnail","hentry","category-adamantina"],"acf":[],"yoast_head":"<!-- This site is optimized with the Yoast SEO plugin v27.2 - https:\/\/yoast.com\/product\/yoast-seo-wordpress\/ -->\n<title>Adamantina tem novo morador ou visitante misterioso? - R\u00e1dio Life FM<\/title>\n<meta name=\"robots\" content=\"index, follow, max-snippet:-1, max-image-preview:large, max-video-preview:-1\" \/>\n<link rel=\"canonical\" href=\"https:\/\/radiolifefm.com.br\/noticias\/adamantina-tem-novo-morador-ou-visitante-misterioso\/\" \/>\n<meta property=\"og:locale\" content=\"pt_BR\" \/>\n<meta property=\"og:type\" content=\"article\" \/>\n<meta property=\"og:title\" content=\"Adamantina tem novo morador ou visitante misterioso? - R\u00e1dio Life FM\" \/>\n<meta property=\"og:description\" content=\"Na \u00faltima semana o homem misterioso que est\u00e1 em Adamantina foi visto na feira livre e nesta s\u00e1bado ( 4\/12) na Av. Rio Branco, pela sua forma de se vestir e o forte calor n\u00e3o est\u00e1 saindo muito pelas ruas da cidade. N\u00e3o se sabe se est\u00e1 hospedado em hotel ou \u00a0est\u00e1 com resid\u00eancia fixa, [&hellip;]\" \/>\n<meta property=\"og:url\" content=\"https:\/\/radiolifefm.com.br\/noticias\/adamantina-tem-novo-morador-ou-visitante-misterioso\/\" \/>\n<meta property=\"og:site_name\" content=\"R\u00e1dio Life FM\" \/>\n<meta property=\"article:publisher\" content=\"https:\/\/www.facebook.com\/radiolifefm\/\" \/>\n<meta property=\"article:published_time\" content=\"2021-12-04T14:03:07+00:00\" \/>\n<meta property=\"article:modified_time\" content=\"2026-04-15T18:26:14+00:00\" \/>\n<meta property=\"og:image\" content=\"https:\/\/radiolifefm.com.br\/noticias\/wp-content\/uploads\/2021\/12\/WhatsApp-Image-2021-12-04-at-10.34.51.jpeg\" \/>\n\t<meta property=\"og:image:width\" content=\"1179\" \/>\n\t<meta property=\"og:image:height\" content=\"822\" \/>\n\t<meta property=\"og:image:type\" content=\"image\/jpeg\" \/>\n<meta name=\"author\" content=\"ritanery\" \/>\n<meta name=\"twitter:card\" content=\"summary_large_image\" \/>\n<meta name=\"twitter:label1\" content=\"Escrito por\" \/>\n\t<meta name=\"twitter:data1\" content=\"ritanery\" \/>\n\t<meta name=\"twitter:label2\" content=\"Est. tempo de leitura\" \/>\n\t<meta name=\"twitter:data2\" content=\"1 minuto\" \/>\n<script type=\"application\/ld+json\" class=\"yoast-schema-graph\">{\"@context\":\"https:\/\/schema.org\",\"@graph\":[{\"@type\":\"Article\",\"@id\":\"https:\/\/radiolifefm.com.br\/noticias\/adamantina-tem-novo-morador-ou-visitante-misterioso\/#article\",\"isPartOf\":{\"@id\":\"https:\/\/radiolifefm.com.br\/noticias\/adamantina-tem-novo-morador-ou-visitante-misterioso\/\"},\"author\":{\"name\":\"ritanery\",\"@id\":\"https:\/\/radiolifefm.com.br\/noticias\/#\/schema\/person\/6339b9fac59d12b071dec680d7375d87\"},\"headline\":\"Adamantina tem novo morador ou visitante misterioso?\",\"datePublished\":\"2021-12-04T14:03:07+00:00\",\"dateModified\":\"2026-04-15T18:26:14+00:00\",\"mainEntityOfPage\":{\"@id\":\"https:\/\/radiolifefm.com.br\/noticias\/adamantina-tem-novo-morador-ou-visitante-misterioso\/\"},\"wordCount\":183,\"publisher\":{\"@id\":\"https:\/\/radiolifefm.com.br\/noticias\/#organization\"},\"image\":{\"@id\":\"https:\/\/radiolifefm.com.br\/noticias\/adamantina-tem-novo-morador-ou-visitante-misterioso\/#primaryimage\"},\"thumbnailUrl\":\"https:\/\/radiolifefm.com.br\/noticias\/wp-content\/uploads\/2021\/12\/WhatsApp-Image-2021-12-04-at-10.34.51.jpeg\",\"articleSection\":[\"Adamantina\"],\"inLanguage\":\"pt-BR\"},{\"@type\":\"WebPage\",\"@id\":\"https:\/\/radiolifefm.com.br\/noticias\/adamantina-tem-novo-morador-ou-visitante-misterioso\/\",\"url\":\"https:\/\/radiolifefm.com.br\/noticias\/adamantina-tem-novo-morador-ou-visitante-misterioso\/\",\"name\":\"Adamantina tem novo morador ou visitante misterioso? - R\u00e1dio Life FM\",\"isPartOf\":{\"@id\":\"https:\/\/radiolifefm.com.br\/noticias\/#website\"},\"primaryImageOfPage\":{\"@id\":\"https:\/\/radiolifefm.com.br\/noticias\/adamantina-tem-novo-morador-ou-visitante-misterioso\/#primaryimage\"},\"image\":{\"@id\":\"https:\/\/radiolifefm.com.br\/noticias\/adamantina-tem-novo-morador-ou-visitante-misterioso\/#primaryimage\"},\"thumbnailUrl\":\"https:\/\/radiolifefm.com.br\/noticias\/wp-content\/uploads\/2021\/12\/WhatsApp-Image-2021-12-04-at-10.34.51.jpeg\",\"datePublished\":\"2021-12-04T14:03:07+00:00\",\"dateModified\":\"2026-04-15T18:26:14+00:00\",\"breadcrumb\":{\"@id\":\"https:\/\/radiolifefm.com.br\/noticias\/adamantina-tem-novo-morador-ou-visitante-misterioso\/#breadcrumb\"},\"inLanguage\":\"pt-BR\",\"potentialAction\":[{\"@type\":\"ReadAction\",\"target\":[\"https:\/\/radiolifefm.com.br\/noticias\/adamantina-tem-novo-morador-ou-visitante-misterioso\/\"]}]},{\"@type\":\"ImageObject\",\"inLanguage\":\"pt-BR\",\"@id\":\"https:\/\/radiolifefm.com.br\/noticias\/adamantina-tem-novo-morador-ou-visitante-misterioso\/#primaryimage\",\"url\":\"https:\/\/radiolifefm.com.br\/noticias\/wp-content\/uploads\/2021\/12\/WhatsApp-Image-2021-12-04-at-10.34.51.jpeg\",\"contentUrl\":\"https:\/\/radiolifefm.com.br\/noticias\/wp-content\/uploads\/2021\/12\/WhatsApp-Image-2021-12-04-at-10.34.51.jpeg\",\"width\":1179,\"height\":822},{\"@type\":\"BreadcrumbList\",\"@id\":\"https:\/\/radiolifefm.com.br\/noticias\/adamantina-tem-novo-morador-ou-visitante-misterioso\/#breadcrumb\",\"itemListElement\":[{\"@type\":\"ListItem\",\"position\":1,\"name\":\"In\u00edcio\",\"item\":\"https:\/\/radiolifefm.com.br\/noticias\/\"},{\"@type\":\"ListItem\",\"position\":2,\"name\":\"Adamantina tem novo morador ou visitante misterioso?\"}]},{\"@type\":\"WebSite\",\"@id\":\"https:\/\/radiolifefm.com.br\/noticias\/#website\",\"url\":\"https:\/\/radiolifefm.com.br\/noticias\/\",\"name\":\"R\u00e1dio Life FM\",\"description\":\"O Portal de Not\u00edcias de Adamantina\",\"publisher\":{\"@id\":\"https:\/\/radiolifefm.com.br\/noticias\/#organization\"},\"alternateName\":\"Life FM\",\"potentialAction\":[{\"@type\":\"SearchAction\",\"target\":{\"@type\":\"EntryPoint\",\"urlTemplate\":\"https:\/\/radiolifefm.com.br\/noticias\/?s={search_term_string}\"},\"query-input\":{\"@type\":\"PropertyValueSpecification\",\"valueRequired\":true,\"valueName\":\"search_term_string\"}}],\"inLanguage\":\"pt-BR\"},{\"@type\":\"Organization\",\"@id\":\"https:\/\/radiolifefm.com.br\/noticias\/#organization\",\"name\":\"R\u00e1dio Life FM\",\"alternateName\":\"Life FM\",\"url\":\"https:\/\/radiolifefm.com.br\/noticias\/\",\"logo\":{\"@type\":\"ImageObject\",\"inLanguage\":\"pt-BR\",\"@id\":\"https:\/\/radiolifefm.com.br\/noticias\/#\/schema\/logo\/image\/\",\"url\":\"https:\/\/static.radiolifefm.com.br\/noticias\/wp-content\/uploads\/2019\/10\/logo-lifefm.png\",\"contentUrl\":\"https:\/\/static.radiolifefm.com.br\/noticias\/wp-content\/uploads\/2019\/10\/logo-lifefm.png\",\"width\":196,\"height\":47,\"caption\":\"R\u00e1dio Life FM\"},\"image\":{\"@id\":\"https:\/\/radiolifefm.com.br\/noticias\/#\/schema\/logo\/image\/\"},\"sameAs\":[\"https:\/\/www.facebook.com\/radiolifefm\/\",\"https:\/\/www.instagram.com\/life1079fm\/\"]},{\"@type\":\"Person\",\"@id\":\"https:\/\/radiolifefm.com.br\/noticias\/#\/schema\/person\/6339b9fac59d12b071dec680d7375d87\",\"name\":\"ritanery\",\"image\":{\"@type\":\"ImageObject\",\"inLanguage\":\"pt-BR\",\"@id\":\"https:\/\/secure.gravatar.com\/avatar\/0e37bb19071f47c0b8a23f62a903df117c5a0e75f65a0c2901562f97cd41cf86?s=96&d=mm&r=g\",\"url\":\"https:\/\/secure.gravatar.com\/avatar\/0e37bb19071f47c0b8a23f62a903df117c5a0e75f65a0c2901562f97cd41cf86?s=96&d=mm&r=g\",\"contentUrl\":\"https:\/\/secure.gravatar.com\/avatar\/0e37bb19071f47c0b8a23f62a903df117c5a0e75f65a0c2901562f97cd41cf86?s=96&d=mm&r=g\",\"caption\":\"ritanery\"}}]}<\/script>\n<!-- \/ Yoast SEO plugin. -->","yoast_head_json":{"title":"Adamantina tem novo morador ou visitante misterioso? - R\u00e1dio Life FM","robots":{"index":"index","follow":"follow","max-snippet":"max-snippet:-1","max-image-preview":"max-image-preview:large","max-video-preview":"max-video-preview:-1"},"canonical":"https:\/\/radiolifefm.com.br\/noticias\/adamantina-tem-novo-morador-ou-visitante-misterioso\/","og_locale":"pt_BR","og_type":"article","og_title":"Adamantina tem novo morador ou visitante misterioso? - R\u00e1dio Life FM","og_description":"Na \u00faltima semana o homem misterioso que est\u00e1 em Adamantina foi visto na feira livre e nesta s\u00e1bado ( 4\/12) na Av. Rio Branco, pela sua forma de se vestir e o forte calor n\u00e3o est\u00e1 saindo muito pelas ruas da cidade. N\u00e3o se sabe se est\u00e1 hospedado em hotel ou \u00a0est\u00e1 com resid\u00eancia fixa, [&hellip;]","og_url":"https:\/\/radiolifefm.com.br\/noticias\/adamantina-tem-novo-morador-ou-visitante-misterioso\/","og_site_name":"R\u00e1dio Life FM","article_publisher":"https:\/\/www.facebook.com\/radiolifefm\/","article_published_time":"2021-12-04T14:03:07+00:00","article_modified_time":"2026-04-15T18:26:14+00:00","og_image":[{"width":1179,"height":822,"url":"https:\/\/radiolifefm.com.br\/noticias\/wp-content\/uploads\/2021\/12\/WhatsApp-Image-2021-12-04-at-10.34.51.jpeg","type":"image\/jpeg"}],"author":"ritanery","twitter_card":"summary_large_image","twitter_misc":{"Escrito por":"ritanery","Est. tempo de leitura":"1 minuto"},"schema":{"@context":"https:\/\/schema.org","@graph":[{"@type":"Article","@id":"https:\/\/radiolifefm.com.br\/noticias\/adamantina-tem-novo-morador-ou-visitante-misterioso\/#article","isPartOf":{"@id":"https:\/\/radiolifefm.com.br\/noticias\/adamantina-tem-novo-morador-ou-visitante-misterioso\/"},"author":{"name":"ritanery","@id":"https:\/\/radiolifefm.com.br\/noticias\/#\/schema\/person\/6339b9fac59d12b071dec680d7375d87"},"headline":"Adamantina tem novo morador ou visitante misterioso?","datePublished":"2021-12-04T14:03:07+00:00","dateModified":"2026-04-15T18:26:14+00:00","mainEntityOfPage":{"@id":"https:\/\/radiolifefm.com.br\/noticias\/adamantina-tem-novo-morador-ou-visitante-misterioso\/"},"wordCount":183,"publisher":{"@id":"https:\/\/radiolifefm.com.br\/noticias\/#organization"},"image":{"@id":"https:\/\/radiolifefm.com.br\/noticias\/adamantina-tem-novo-morador-ou-visitante-misterioso\/#primaryimage"},"thumbnailUrl":"https:\/\/radiolifefm.com.br\/noticias\/wp-content\/uploads\/2021\/12\/WhatsApp-Image-2021-12-04-at-10.34.51.jpeg","articleSection":["Adamantina"],"inLanguage":"pt-BR"},{"@type":"WebPage","@id":"https:\/\/radiolifefm.com.br\/noticias\/adamantina-tem-novo-morador-ou-visitante-misterioso\/","url":"https:\/\/radiolifefm.com.br\/noticias\/adamantina-tem-novo-morador-ou-visitante-misterioso\/","name":"Adamantina tem novo morador ou visitante misterioso? - R\u00e1dio Life FM","isPartOf":{"@id":"https:\/\/radiolifefm.com.br\/noticias\/#website"},"primaryImageOfPage":{"@id":"https:\/\/radiolifefm.com.br\/noticias\/adamantina-tem-novo-morador-ou-visitante-misterioso\/#primaryimage"},"image":{"@id":"https:\/\/radiolifefm.com.br\/noticias\/adamantina-tem-novo-morador-ou-visitante-misterioso\/#primaryimage"},"thumbnailUrl":"https:\/\/radiolifefm.com.br\/noticias\/wp-content\/uploads\/2021\/12\/WhatsApp-Image-2021-12-04-at-10.34.51.jpeg","datePublished":"2021-12-04T14:03:07+00:00","dateModified":"2026-04-15T18:26:14+00:00","breadcrumb":{"@id":"https:\/\/radiolifefm.com.br\/noticias\/adamantina-tem-novo-morador-ou-visitante-misterioso\/#breadcrumb"},"inLanguage":"pt-BR","potentialAction":[{"@type":"ReadAction","target":["https:\/\/radiolifefm.com.br\/noticias\/adamantina-tem-novo-morador-ou-visitante-misterioso\/"]}]},{"@type":"ImageObject","inLanguage":"pt-BR","@id":"https:\/\/radiolifefm.com.br\/noticias\/adamantina-tem-novo-morador-ou-visitante-misterioso\/#primaryimage","url":"https:\/\/radiolifefm.com.br\/noticias\/wp-content\/uploads\/2021\/12\/WhatsApp-Image-2021-12-04-at-10.34.51.jpeg","contentUrl":"https:\/\/radiolifefm.com.br\/noticias\/wp-content\/uploads\/2021\/12\/WhatsApp-Image-2021-12-04-at-10.34.51.jpeg","width":1179,"height":822},{"@type":"BreadcrumbList","@id":"https:\/\/radiolifefm.com.br\/noticias\/adamantina-tem-novo-morador-ou-visitante-misterioso\/#breadcrumb","itemListElement":[{"@type":"ListItem","position":1,"name":"In\u00edcio","item":"https:\/\/radiolifefm.com.br\/noticias\/"},{"@type":"ListItem","position":2,"name":"Adamantina tem novo morador ou visitante misterioso?"}]},{"@type":"WebSite","@id":"https:\/\/radiolifefm.com.br\/noticias\/#website","url":"https:\/\/radiolifefm.com.br\/noticias\/","name":"R\u00e1dio Life FM","description":"O Portal de Not\u00edcias de Adamantina","publisher":{"@id":"https:\/\/radiolifefm.com.br\/noticias\/#organization"},"alternateName":"Life FM","potentialAction":[{"@type":"SearchAction","target":{"@type":"EntryPoint","urlTemplate":"https:\/\/radiolifefm.com.br\/noticias\/?s={search_term_string}"},"query-input":{"@type":"PropertyValueSpecification","valueRequired":true,"valueName":"search_term_string"}}],"inLanguage":"pt-BR"},{"@type":"Organization","@id":"https:\/\/radiolifefm.com.br\/noticias\/#organization","name":"R\u00e1dio Life FM","alternateName":"Life FM","url":"https:\/\/radiolifefm.com.br\/noticias\/","logo":{"@type":"ImageObject","inLanguage":"pt-BR","@id":"https:\/\/radiolifefm.com.br\/noticias\/#\/schema\/logo\/image\/","url":"https:\/\/static.radiolifefm.com.br\/noticias\/wp-content\/uploads\/2019\/10\/logo-lifefm.png","contentUrl":"https:\/\/static.radiolifefm.com.br\/noticias\/wp-content\/uploads\/2019\/10\/logo-lifefm.png","width":196,"height":47,"caption":"R\u00e1dio Life FM"},"image":{"@id":"https:\/\/radiolifefm.com.br\/noticias\/#\/schema\/logo\/image\/"},"sameAs":["https:\/\/www.facebook.com\/radiolifefm\/","https:\/\/www.instagram.com\/life1079fm\/"]},{"@type":"Person","@id":"https:\/\/radiolifefm.com.br\/noticias\/#\/schema\/person\/6339b9fac59d12b071dec680d7375d87","name":"ritanery","image":{"@type":"ImageObject","inLanguage":"pt-BR","@id":"https:\/\/secure.gravatar.com\/avatar\/0e37bb19071f47c0b8a23f62a903df117c5a0e75f65a0c2901562f97cd41cf86?s=96&d=mm&r=g","url":"https:\/\/secure.gravatar.com\/avatar\/0e37bb19071f47c0b8a23f62a903df117c5a0e75f65a0c2901562f97cd41cf86?s=96&d=mm&r=g","contentUrl":"https:\/\/secure.gravatar.com\/avatar\/0e37bb19071f47c0b8a23f62a903df117c5a0e75f65a0c2901562f97cd41cf86?s=96&d=mm&r=g","caption":"ritanery"}}]}},"amp_enabled":true,"_links":{"self":[{"href":"https:\/\/radiolifefm.com.br\/noticias\/wp-json\/wp\/v2\/posts\/46569","targetHints":{"allow":["GET"]}}],"collection":[{"href":"https:\/\/radiolifefm.com.br\/noticias\/wp-json\/wp\/v2\/posts"}],"about":[{"href":"https:\/\/radiolifefm.com.br\/noticias\/wp-json\/wp\/v2\/types\/post"}],"author":[{"embeddable":true,"href":"https:\/\/radiolifefm.com.br\/noticias\/wp-json\/wp\/v2\/users\/13"}],"replies":[{"embeddable":true,"href":"https:\/\/radiolifefm.com.br\/noticias\/wp-json\/wp\/v2\/comments?post=46569"}],"version-history":[{"count":1,"href":"https:\/\/radiolifefm.com.br\/noticias\/wp-json\/wp\/v2\/posts\/46569\/revisions"}],"predecessor-version":[{"id":46573,"href":"https:\/\/radiolifefm.com.br\/noticias\/wp-json\/wp\/v2\/posts\/46569\/revisions\/46573"}],"wp:featuredmedia":[{"embeddable":true,"href":"https:\/\/radiolifefm.com.br\/noticias\/wp-json\/wp\/v2\/media\/46570"}],"wp:attachment":[{"href":"https:\/\/radiolifefm.com.br\/noticias\/wp-json\/wp\/v2\/media?parent=46569"}],"wp:term":[{"taxonomy":"category","embeddable":true,"href":"https:\/\/radiolifefm.com.br\/noticias\/wp-json\/wp\/v2\/categories?post=46569"},{"taxonomy":"post_tag","embeddable":true,"href":"https:\/\/radiolifefm.com.br\/noticias\/wp-json\/wp\/v2\/tags?post=46569"}],"curies":[{"name":"wp","href":"https:\/\/api.w.org\/{rel}","templated":true}]}}