{"id":46551,"date":"2021-12-03T22:48:08","date_gmt":"2021-12-04T01:48:08","guid":{"rendered":"https:\/\/radiolifefm.com.br\/noticias\/?p=46551"},"modified":"2026-04-09T10:41:31","modified_gmt":"2026-04-09T13:41:31","slug":"prefeitura-de-adamantina-dara-no-minimo-14-de-revisao-geral-anual","status":"publish","type":"post","link":"https:\/\/radiolifefm.com.br\/noticias\/prefeitura-de-adamantina-dara-no-minimo-14-de-revisao-geral-anual\/","title":{"rendered":"Prefeitura de Adamantina dar\u00e1 no m\u00ednimo 14% de revis\u00e3o geral anual"},"content":{"rendered":"<div id=\"fb-root\"><\/div>\n<p style=\"font-weight: 400\">A Prefeitura de Adamantina realizou uma reuni\u00e3o na manh\u00e3 de hoje (03).<\/p>\n<p style=\"font-weight: 400\">Na oportunidade, estiveram presentes, o prefeito M\u00e1rcio Cardim, a vice-prefeita Maria de Lourdes Santos Gil \u201cDinha\u201d, o secret\u00e1rio de administra\u00e7\u00e3o, Evandro Pereira de Souza e o de finan\u00e7as Jo\u00e3o Lopes de Oliveira, vereadores e o presidente do sindicato dos funcion\u00e1rios p\u00fablicos, Nivaldo Martins do Nascimento \u201cLondrina\u201d.<\/p>\n<p style=\"font-weight: 400\">O encontro tratou sobre o aumento dos sal\u00e1rios dos funcion\u00e1rios p\u00fablicos municipais e ficou estipulado que ser\u00e1 concedido no m\u00ednimo 14% de revis\u00e3o geral anual j\u00e1 a partir de janeiro de 2022 a ser pago no m\u00eas de fevereiro.<\/p>\n<p style=\"font-weight: 400\">\u201cSabemos que os funcion\u00e1rios ficaram um per\u00edodo sem reajuste em virtude da lei complementar 173 por parte do Governo Federal, por\u00e9m agora poderemos conceder no m\u00ednimo esse percentual, porque estamos com as contas em dia\u201d, afirma o prefeito M\u00e1rcio Cardim.<\/p>\n<p style=\"font-weight: 400\">Na reuni\u00e3o ainda foi tratado sobre o aumento no vale refei\u00e7\u00e3o. A expectativa \u00e9 que o reajuste seja concedido a partir do m\u00eas de abril.<\/p>\n<p>Fonte: Assessoria de Imprensa<\/p>\n","protected":false},"excerpt":{"rendered":"<p>A Prefeitura de Adamantina realizou uma reuni\u00e3o na manh\u00e3 de hoje (03). Na oportunidade, estiveram presentes, o prefeito M\u00e1rcio Cardim, a vice-prefeita Maria de Lourdes Santos Gil \u201cDinha\u201d, o secret\u00e1rio de administra\u00e7\u00e3o, Evandro Pereira de Souza e o de finan\u00e7as Jo\u00e3o Lopes de Oliveira, vereadores e o presidente do sindicato dos funcion\u00e1rios p\u00fablicos, Nivaldo Martins [&hellip;]<\/p>\n","protected":false},"author":13,"featured_media":46552,"comment_status":"closed","ping_status":"open","sticky":false,"template":"","format":"standard","meta":{"_acf_changed":false,"_exactmetrics_skip_tracking":false,"_exactmetrics_sitenote_active":false,"_exactmetrics_sitenote_note":"","_exactmetrics_sitenote_category":0,"footnotes":""},"categories":[21],"tags":[],"class_list":["post-46551","post","type-post","status-publish","format-standard","has-post-thumbnail","hentry","category-adamantina"],"acf":[],"yoast_head":"<!-- This site is optimized with the Yoast SEO plugin v27.2 - https:\/\/yoast.com\/product\/yoast-seo-wordpress\/ -->\n<title>Prefeitura de Adamantina dar\u00e1 no m\u00ednimo 14% de revis\u00e3o geral anual - R\u00e1dio Life FM<\/title>\n<meta name=\"robots\" content=\"index, follow, max-snippet:-1, max-image-preview:large, max-video-preview:-1\" \/>\n<link rel=\"canonical\" href=\"https:\/\/radiolifefm.com.br\/noticias\/prefeitura-de-adamantina-dara-no-minimo-14-de-revisao-geral-anual\/\" \/>\n<meta property=\"og:locale\" content=\"pt_BR\" \/>\n<meta property=\"og:type\" content=\"article\" \/>\n<meta property=\"og:title\" content=\"Prefeitura de Adamantina dar\u00e1 no m\u00ednimo 14% de revis\u00e3o geral anual - R\u00e1dio Life FM\" \/>\n<meta property=\"og:description\" content=\"A Prefeitura de Adamantina realizou uma reuni\u00e3o na manh\u00e3 de hoje (03). Na oportunidade, estiveram presentes, o prefeito M\u00e1rcio Cardim, a vice-prefeita Maria de Lourdes Santos Gil \u201cDinha\u201d, o secret\u00e1rio de administra\u00e7\u00e3o, Evandro Pereira de Souza e o de finan\u00e7as Jo\u00e3o Lopes de Oliveira, vereadores e o presidente do sindicato dos funcion\u00e1rios p\u00fablicos, Nivaldo Martins [&hellip;]\" \/>\n<meta property=\"og:url\" content=\"https:\/\/radiolifefm.com.br\/noticias\/prefeitura-de-adamantina-dara-no-minimo-14-de-revisao-geral-anual\/\" \/>\n<meta property=\"og:site_name\" content=\"R\u00e1dio Life FM\" \/>\n<meta property=\"article:publisher\" content=\"https:\/\/www.facebook.com\/radiolifefm\/\" \/>\n<meta property=\"article:published_time\" content=\"2021-12-04T01:48:08+00:00\" \/>\n<meta property=\"article:modified_time\" content=\"2026-04-09T13:41:31+00:00\" \/>\n<meta property=\"og:image\" content=\"https:\/\/radiolifefm.com.br\/noticias\/wp-content\/uploads\/2021\/12\/foto.jpeg\" \/>\n\t<meta property=\"og:image:width\" content=\"1600\" \/>\n\t<meta property=\"og:image:height\" content=\"1200\" \/>\n\t<meta property=\"og:image:type\" content=\"image\/jpeg\" \/>\n<meta name=\"author\" content=\"ritanery\" \/>\n<meta name=\"twitter:card\" content=\"summary_large_image\" \/>\n<meta name=\"twitter:label1\" content=\"Escrito por\" \/>\n\t<meta name=\"twitter:data1\" content=\"ritanery\" \/>\n\t<meta name=\"twitter:label2\" content=\"Est. tempo de leitura\" \/>\n\t<meta name=\"twitter:data2\" content=\"1 minuto\" \/>\n<script type=\"application\/ld+json\" class=\"yoast-schema-graph\">{\"@context\":\"https:\/\/schema.org\",\"@graph\":[{\"@type\":\"Article\",\"@id\":\"https:\/\/radiolifefm.com.br\/noticias\/prefeitura-de-adamantina-dara-no-minimo-14-de-revisao-geral-anual\/#article\",\"isPartOf\":{\"@id\":\"https:\/\/radiolifefm.com.br\/noticias\/prefeitura-de-adamantina-dara-no-minimo-14-de-revisao-geral-anual\/\"},\"author\":{\"name\":\"ritanery\",\"@id\":\"https:\/\/radiolifefm.com.br\/noticias\/#\/schema\/person\/6339b9fac59d12b071dec680d7375d87\"},\"headline\":\"Prefeitura de Adamantina dar\u00e1 no m\u00ednimo 14% de revis\u00e3o geral anual\",\"datePublished\":\"2021-12-04T01:48:08+00:00\",\"dateModified\":\"2026-04-09T13:41:31+00:00\",\"mainEntityOfPage\":{\"@id\":\"https:\/\/radiolifefm.com.br\/noticias\/prefeitura-de-adamantina-dara-no-minimo-14-de-revisao-geral-anual\/\"},\"wordCount\":195,\"publisher\":{\"@id\":\"https:\/\/radiolifefm.com.br\/noticias\/#organization\"},\"image\":{\"@id\":\"https:\/\/radiolifefm.com.br\/noticias\/prefeitura-de-adamantina-dara-no-minimo-14-de-revisao-geral-anual\/#primaryimage\"},\"thumbnailUrl\":\"https:\/\/radiolifefm.com.br\/noticias\/wp-content\/uploads\/2021\/12\/foto.jpeg\",\"articleSection\":[\"Adamantina\"],\"inLanguage\":\"pt-BR\"},{\"@type\":\"WebPage\",\"@id\":\"https:\/\/radiolifefm.com.br\/noticias\/prefeitura-de-adamantina-dara-no-minimo-14-de-revisao-geral-anual\/\",\"url\":\"https:\/\/radiolifefm.com.br\/noticias\/prefeitura-de-adamantina-dara-no-minimo-14-de-revisao-geral-anual\/\",\"name\":\"Prefeitura de Adamantina dar\u00e1 no m\u00ednimo 14% de revis\u00e3o geral anual - R\u00e1dio Life FM\",\"isPartOf\":{\"@id\":\"https:\/\/radiolifefm.com.br\/noticias\/#website\"},\"primaryImageOfPage\":{\"@id\":\"https:\/\/radiolifefm.com.br\/noticias\/prefeitura-de-adamantina-dara-no-minimo-14-de-revisao-geral-anual\/#primaryimage\"},\"image\":{\"@id\":\"https:\/\/radiolifefm.com.br\/noticias\/prefeitura-de-adamantina-dara-no-minimo-14-de-revisao-geral-anual\/#primaryimage\"},\"thumbnailUrl\":\"https:\/\/radiolifefm.com.br\/noticias\/wp-content\/uploads\/2021\/12\/foto.jpeg\",\"datePublished\":\"2021-12-04T01:48:08+00:00\",\"dateModified\":\"2026-04-09T13:41:31+00:00\",\"breadcrumb\":{\"@id\":\"https:\/\/radiolifefm.com.br\/noticias\/prefeitura-de-adamantina-dara-no-minimo-14-de-revisao-geral-anual\/#breadcrumb\"},\"inLanguage\":\"pt-BR\",\"potentialAction\":[{\"@type\":\"ReadAction\",\"target\":[\"https:\/\/radiolifefm.com.br\/noticias\/prefeitura-de-adamantina-dara-no-minimo-14-de-revisao-geral-anual\/\"]}]},{\"@type\":\"ImageObject\",\"inLanguage\":\"pt-BR\",\"@id\":\"https:\/\/radiolifefm.com.br\/noticias\/prefeitura-de-adamantina-dara-no-minimo-14-de-revisao-geral-anual\/#primaryimage\",\"url\":\"https:\/\/radiolifefm.com.br\/noticias\/wp-content\/uploads\/2021\/12\/foto.jpeg\",\"contentUrl\":\"https:\/\/radiolifefm.com.br\/noticias\/wp-content\/uploads\/2021\/12\/foto.jpeg\",\"width\":1600,\"height\":1200},{\"@type\":\"BreadcrumbList\",\"@id\":\"https:\/\/radiolifefm.com.br\/noticias\/prefeitura-de-adamantina-dara-no-minimo-14-de-revisao-geral-anual\/#breadcrumb\",\"itemListElement\":[{\"@type\":\"ListItem\",\"position\":1,\"name\":\"In\u00edcio\",\"item\":\"https:\/\/radiolifefm.com.br\/noticias\/\"},{\"@type\":\"ListItem\",\"position\":2,\"name\":\"Prefeitura de Adamantina dar\u00e1 no m\u00ednimo 14% de revis\u00e3o geral anual\"}]},{\"@type\":\"WebSite\",\"@id\":\"https:\/\/radiolifefm.com.br\/noticias\/#website\",\"url\":\"https:\/\/radiolifefm.com.br\/noticias\/\",\"name\":\"R\u00e1dio Life FM\",\"description\":\"O Portal de Not\u00edcias de Adamantina\",\"publisher\":{\"@id\":\"https:\/\/radiolifefm.com.br\/noticias\/#organization\"},\"alternateName\":\"Life FM\",\"potentialAction\":[{\"@type\":\"SearchAction\",\"target\":{\"@type\":\"EntryPoint\",\"urlTemplate\":\"https:\/\/radiolifefm.com.br\/noticias\/?s={search_term_string}\"},\"query-input\":{\"@type\":\"PropertyValueSpecification\",\"valueRequired\":true,\"valueName\":\"search_term_string\"}}],\"inLanguage\":\"pt-BR\"},{\"@type\":\"Organization\",\"@id\":\"https:\/\/radiolifefm.com.br\/noticias\/#organization\",\"name\":\"R\u00e1dio Life FM\",\"alternateName\":\"Life FM\",\"url\":\"https:\/\/radiolifefm.com.br\/noticias\/\",\"logo\":{\"@type\":\"ImageObject\",\"inLanguage\":\"pt-BR\",\"@id\":\"https:\/\/radiolifefm.com.br\/noticias\/#\/schema\/logo\/image\/\",\"url\":\"https:\/\/static.radiolifefm.com.br\/noticias\/wp-content\/uploads\/2019\/10\/logo-lifefm.png\",\"contentUrl\":\"https:\/\/static.radiolifefm.com.br\/noticias\/wp-content\/uploads\/2019\/10\/logo-lifefm.png\",\"width\":196,\"height\":47,\"caption\":\"R\u00e1dio Life FM\"},\"image\":{\"@id\":\"https:\/\/radiolifefm.com.br\/noticias\/#\/schema\/logo\/image\/\"},\"sameAs\":[\"https:\/\/www.facebook.com\/radiolifefm\/\",\"https:\/\/www.instagram.com\/life1079fm\/\"]},{\"@type\":\"Person\",\"@id\":\"https:\/\/radiolifefm.com.br\/noticias\/#\/schema\/person\/6339b9fac59d12b071dec680d7375d87\",\"name\":\"ritanery\",\"image\":{\"@type\":\"ImageObject\",\"inLanguage\":\"pt-BR\",\"@id\":\"https:\/\/secure.gravatar.com\/avatar\/0e37bb19071f47c0b8a23f62a903df117c5a0e75f65a0c2901562f97cd41cf86?s=96&d=mm&r=g\",\"url\":\"https:\/\/secure.gravatar.com\/avatar\/0e37bb19071f47c0b8a23f62a903df117c5a0e75f65a0c2901562f97cd41cf86?s=96&d=mm&r=g\",\"contentUrl\":\"https:\/\/secure.gravatar.com\/avatar\/0e37bb19071f47c0b8a23f62a903df117c5a0e75f65a0c2901562f97cd41cf86?s=96&d=mm&r=g\",\"caption\":\"ritanery\"}}]}<\/script>\n<!-- \/ Yoast SEO plugin. -->","yoast_head_json":{"title":"Prefeitura de Adamantina dar\u00e1 no m\u00ednimo 14% de revis\u00e3o geral anual - R\u00e1dio Life FM","robots":{"index":"index","follow":"follow","max-snippet":"max-snippet:-1","max-image-preview":"max-image-preview:large","max-video-preview":"max-video-preview:-1"},"canonical":"https:\/\/radiolifefm.com.br\/noticias\/prefeitura-de-adamantina-dara-no-minimo-14-de-revisao-geral-anual\/","og_locale":"pt_BR","og_type":"article","og_title":"Prefeitura de Adamantina dar\u00e1 no m\u00ednimo 14% de revis\u00e3o geral anual - R\u00e1dio Life FM","og_description":"A Prefeitura de Adamantina realizou uma reuni\u00e3o na manh\u00e3 de hoje (03). Na oportunidade, estiveram presentes, o prefeito M\u00e1rcio Cardim, a vice-prefeita Maria de Lourdes Santos Gil \u201cDinha\u201d, o secret\u00e1rio de administra\u00e7\u00e3o, Evandro Pereira de Souza e o de finan\u00e7as Jo\u00e3o Lopes de Oliveira, vereadores e o presidente do sindicato dos funcion\u00e1rios p\u00fablicos, Nivaldo Martins [&hellip;]","og_url":"https:\/\/radiolifefm.com.br\/noticias\/prefeitura-de-adamantina-dara-no-minimo-14-de-revisao-geral-anual\/","og_site_name":"R\u00e1dio Life FM","article_publisher":"https:\/\/www.facebook.com\/radiolifefm\/","article_published_time":"2021-12-04T01:48:08+00:00","article_modified_time":"2026-04-09T13:41:31+00:00","og_image":[{"width":1600,"height":1200,"url":"https:\/\/radiolifefm.com.br\/noticias\/wp-content\/uploads\/2021\/12\/foto.jpeg","type":"image\/jpeg"}],"author":"ritanery","twitter_card":"summary_large_image","twitter_misc":{"Escrito por":"ritanery","Est. tempo de leitura":"1 minuto"},"schema":{"@context":"https:\/\/schema.org","@graph":[{"@type":"Article","@id":"https:\/\/radiolifefm.com.br\/noticias\/prefeitura-de-adamantina-dara-no-minimo-14-de-revisao-geral-anual\/#article","isPartOf":{"@id":"https:\/\/radiolifefm.com.br\/noticias\/prefeitura-de-adamantina-dara-no-minimo-14-de-revisao-geral-anual\/"},"author":{"name":"ritanery","@id":"https:\/\/radiolifefm.com.br\/noticias\/#\/schema\/person\/6339b9fac59d12b071dec680d7375d87"},"headline":"Prefeitura de Adamantina dar\u00e1 no m\u00ednimo 14% de revis\u00e3o geral anual","datePublished":"2021-12-04T01:48:08+00:00","dateModified":"2026-04-09T13:41:31+00:00","mainEntityOfPage":{"@id":"https:\/\/radiolifefm.com.br\/noticias\/prefeitura-de-adamantina-dara-no-minimo-14-de-revisao-geral-anual\/"},"wordCount":195,"publisher":{"@id":"https:\/\/radiolifefm.com.br\/noticias\/#organization"},"image":{"@id":"https:\/\/radiolifefm.com.br\/noticias\/prefeitura-de-adamantina-dara-no-minimo-14-de-revisao-geral-anual\/#primaryimage"},"thumbnailUrl":"https:\/\/radiolifefm.com.br\/noticias\/wp-content\/uploads\/2021\/12\/foto.jpeg","articleSection":["Adamantina"],"inLanguage":"pt-BR"},{"@type":"WebPage","@id":"https:\/\/radiolifefm.com.br\/noticias\/prefeitura-de-adamantina-dara-no-minimo-14-de-revisao-geral-anual\/","url":"https:\/\/radiolifefm.com.br\/noticias\/prefeitura-de-adamantina-dara-no-minimo-14-de-revisao-geral-anual\/","name":"Prefeitura de Adamantina dar\u00e1 no m\u00ednimo 14% de revis\u00e3o geral anual - R\u00e1dio Life FM","isPartOf":{"@id":"https:\/\/radiolifefm.com.br\/noticias\/#website"},"primaryImageOfPage":{"@id":"https:\/\/radiolifefm.com.br\/noticias\/prefeitura-de-adamantina-dara-no-minimo-14-de-revisao-geral-anual\/#primaryimage"},"image":{"@id":"https:\/\/radiolifefm.com.br\/noticias\/prefeitura-de-adamantina-dara-no-minimo-14-de-revisao-geral-anual\/#primaryimage"},"thumbnailUrl":"https:\/\/radiolifefm.com.br\/noticias\/wp-content\/uploads\/2021\/12\/foto.jpeg","datePublished":"2021-12-04T01:48:08+00:00","dateModified":"2026-04-09T13:41:31+00:00","breadcrumb":{"@id":"https:\/\/radiolifefm.com.br\/noticias\/prefeitura-de-adamantina-dara-no-minimo-14-de-revisao-geral-anual\/#breadcrumb"},"inLanguage":"pt-BR","potentialAction":[{"@type":"ReadAction","target":["https:\/\/radiolifefm.com.br\/noticias\/prefeitura-de-adamantina-dara-no-minimo-14-de-revisao-geral-anual\/"]}]},{"@type":"ImageObject","inLanguage":"pt-BR","@id":"https:\/\/radiolifefm.com.br\/noticias\/prefeitura-de-adamantina-dara-no-minimo-14-de-revisao-geral-anual\/#primaryimage","url":"https:\/\/radiolifefm.com.br\/noticias\/wp-content\/uploads\/2021\/12\/foto.jpeg","contentUrl":"https:\/\/radiolifefm.com.br\/noticias\/wp-content\/uploads\/2021\/12\/foto.jpeg","width":1600,"height":1200},{"@type":"BreadcrumbList","@id":"https:\/\/radiolifefm.com.br\/noticias\/prefeitura-de-adamantina-dara-no-minimo-14-de-revisao-geral-anual\/#breadcrumb","itemListElement":[{"@type":"ListItem","position":1,"name":"In\u00edcio","item":"https:\/\/radiolifefm.com.br\/noticias\/"},{"@type":"ListItem","position":2,"name":"Prefeitura de Adamantina dar\u00e1 no m\u00ednimo 14% de revis\u00e3o geral anual"}]},{"@type":"WebSite","@id":"https:\/\/radiolifefm.com.br\/noticias\/#website","url":"https:\/\/radiolifefm.com.br\/noticias\/","name":"R\u00e1dio Life FM","description":"O Portal de Not\u00edcias de Adamantina","publisher":{"@id":"https:\/\/radiolifefm.com.br\/noticias\/#organization"},"alternateName":"Life FM","potentialAction":[{"@type":"SearchAction","target":{"@type":"EntryPoint","urlTemplate":"https:\/\/radiolifefm.com.br\/noticias\/?s={search_term_string}"},"query-input":{"@type":"PropertyValueSpecification","valueRequired":true,"valueName":"search_term_string"}}],"inLanguage":"pt-BR"},{"@type":"Organization","@id":"https:\/\/radiolifefm.com.br\/noticias\/#organization","name":"R\u00e1dio Life FM","alternateName":"Life FM","url":"https:\/\/radiolifefm.com.br\/noticias\/","logo":{"@type":"ImageObject","inLanguage":"pt-BR","@id":"https:\/\/radiolifefm.com.br\/noticias\/#\/schema\/logo\/image\/","url":"https:\/\/static.radiolifefm.com.br\/noticias\/wp-content\/uploads\/2019\/10\/logo-lifefm.png","contentUrl":"https:\/\/static.radiolifefm.com.br\/noticias\/wp-content\/uploads\/2019\/10\/logo-lifefm.png","width":196,"height":47,"caption":"R\u00e1dio Life FM"},"image":{"@id":"https:\/\/radiolifefm.com.br\/noticias\/#\/schema\/logo\/image\/"},"sameAs":["https:\/\/www.facebook.com\/radiolifefm\/","https:\/\/www.instagram.com\/life1079fm\/"]},{"@type":"Person","@id":"https:\/\/radiolifefm.com.br\/noticias\/#\/schema\/person\/6339b9fac59d12b071dec680d7375d87","name":"ritanery","image":{"@type":"ImageObject","inLanguage":"pt-BR","@id":"https:\/\/secure.gravatar.com\/avatar\/0e37bb19071f47c0b8a23f62a903df117c5a0e75f65a0c2901562f97cd41cf86?s=96&d=mm&r=g","url":"https:\/\/secure.gravatar.com\/avatar\/0e37bb19071f47c0b8a23f62a903df117c5a0e75f65a0c2901562f97cd41cf86?s=96&d=mm&r=g","contentUrl":"https:\/\/secure.gravatar.com\/avatar\/0e37bb19071f47c0b8a23f62a903df117c5a0e75f65a0c2901562f97cd41cf86?s=96&d=mm&r=g","caption":"ritanery"}}]}},"amp_enabled":true,"_links":{"self":[{"href":"https:\/\/radiolifefm.com.br\/noticias\/wp-json\/wp\/v2\/posts\/46551","targetHints":{"allow":["GET"]}}],"collection":[{"href":"https:\/\/radiolifefm.com.br\/noticias\/wp-json\/wp\/v2\/posts"}],"about":[{"href":"https:\/\/radiolifefm.com.br\/noticias\/wp-json\/wp\/v2\/types\/post"}],"author":[{"embeddable":true,"href":"https:\/\/radiolifefm.com.br\/noticias\/wp-json\/wp\/v2\/users\/13"}],"replies":[{"embeddable":true,"href":"https:\/\/radiolifefm.com.br\/noticias\/wp-json\/wp\/v2\/comments?post=46551"}],"version-history":[{"count":4,"href":"https:\/\/radiolifefm.com.br\/noticias\/wp-json\/wp\/v2\/posts\/46551\/revisions"}],"predecessor-version":[{"id":46556,"href":"https:\/\/radiolifefm.com.br\/noticias\/wp-json\/wp\/v2\/posts\/46551\/revisions\/46556"}],"wp:featuredmedia":[{"embeddable":true,"href":"https:\/\/radiolifefm.com.br\/noticias\/wp-json\/wp\/v2\/media\/46552"}],"wp:attachment":[{"href":"https:\/\/radiolifefm.com.br\/noticias\/wp-json\/wp\/v2\/media?parent=46551"}],"wp:term":[{"taxonomy":"category","embeddable":true,"href":"https:\/\/radiolifefm.com.br\/noticias\/wp-json\/wp\/v2\/categories?post=46551"},{"taxonomy":"post_tag","embeddable":true,"href":"https:\/\/radiolifefm.com.br\/noticias\/wp-json\/wp\/v2\/tags?post=46551"}],"curies":[{"name":"wp","href":"https:\/\/api.w.org\/{rel}","templated":true}]}}