{"id":46505,"date":"2021-12-02T23:01:38","date_gmt":"2021-12-03T02:01:38","guid":{"rendered":"https:\/\/radiolifefm.com.br\/noticias\/?p=46505"},"modified":"2026-04-02T01:11:23","modified_gmt":"2026-04-02T04:11:23","slug":"apos-divulgacao-na-imprensa-buraco-em-asfalto-e-tapado-moradores-plantaram-bananeira-no-local","status":"publish","type":"post","link":"https:\/\/radiolifefm.com.br\/noticias\/apos-divulgacao-na-imprensa-buraco-em-asfalto-e-tapado-moradores-plantaram-bananeira-no-local\/","title":{"rendered":"Ap\u00f3s divulga\u00e7\u00e3o na imprensa, buraco em asfalto \u00e9 tapado; moradores plantaram bananeira no local"},"content":{"rendered":"<div id=\"fb-root\"><\/div>\n<p>Foi tapado na manh\u00e3 desta quinta-feira (2) o buraco no asfalto aberto por uma prestadora de servi\u00e7os da Sabesp, para reparo em vazamento na rede de \u00e1gua, na Rua Mato Grosso, Jardim Brasil, em Adamantina. Irritados com a demora para que o pavimento fosse completamente recuperado,\u00a0<a href=\"https:\/\/www.sigamais.com\/noticias\/cidades\/moradores-plantam-bananeira-em-buraco-aberto-na-rua-para-reparo-em-vazamento-de-agua\/\" target=\"_blank\" rel=\"noopener\"><strong>moradores protestaram e plantaram uma bananeira no buraco<\/strong><\/a>. Al\u00e9m da cr\u00edtica, a iniciativa tamb\u00e9m ampliou a sinaliza\u00e7\u00e3o no local, ne tentativa de evitar acidentes.<\/p>\n<p style=\"font-weight: 400\">O caso foi noticiado nesta ter\u00e7a-feira (1) pelo jornal Di\u00e1rio do Oeste, repercutido pelo SIGA MAIS, que tamb\u00e9m publicou sobre o tema, a partir do conte\u00fado noticiado pelo ve\u00edculo de imprensa parceiro.<\/p>\n<p style=\"font-weight: 400\">Ao final do dia a assessoria de imprensa da Sabesp fez contato com a reda\u00e7\u00e3o do SIGA MAIS, onde, em nota, a empresa se manifestou sobre o caso. \u201cA Sabesp informa que foi notificada via Central de Atendimento sobre a necessidade de reparo do afundamento do asfalto no dia 24\/11 e, no dia 28, o servi\u00e7o foi finalizado com compacta\u00e7\u00e3o do solo. O asfalto definitivo ser\u00e1 executado nesta quinta-feira, 2\/12. A Sabesp pede desculpas pelos transtornos\u201d.<\/p>\n<p style=\"font-weight: 400\">Depois da manifesta\u00e7\u00e3o da empresa o SIGA MAIS foi at\u00e9 o local, na tarde desta quinta-feira, e confirmou a execu\u00e7\u00e3o do reparo.<\/p>\n<p style=\"font-weight: 400\"><b><strong>Desabafo dos moradores<\/strong><\/b><\/p>\n<p style=\"font-weight: 400\">Um dos moradores foi ouvido pela reportagem do Di\u00e1rio do Oeste. \u201cFaz tanto tempo que a bananeira deu at\u00e9 cacho e, se demorar mais, vai come\u00e7ar a madurar\u201d, ironizou. \u201cBrasil, um pa\u00eds de bananas\u201d, continuou.<\/p>\n<p style=\"font-weight: 400\">Outra moradora ouvida pelo Di\u00e1rio do Oeste questionou a responsabilidade pela fiscaliza\u00e7\u00e3o do servi\u00e7o, muito mal executado. \u201cE quem fiscaliza o item do contrato da Sabesp. Quem tem que arrumar os buracos que fazem?\u201d, perguntou.<\/p>\n<p style=\"font-weight: 400\">\u00c0 reportagem, o diretor de secretaria da C\u00e2mara Municipal de Adamantina, Ant\u00f4nio Spanholo, tamb\u00e9m criticou os p\u00e9ssimos servi\u00e7os. \u201cAli\u00e1s, \u00e9 sempre assim. A prefeitura arruma, a\u00ed vem a Sabesp e faz esse tipo de servi\u00e7o\u201d.<\/p>\n<p>Fonte: Siga Mais<\/p>\n","protected":false},"excerpt":{"rendered":"<p>Foi tapado na manh\u00e3 desta quinta-feira (2) o buraco no asfalto aberto por uma prestadora de servi\u00e7os da Sabesp, para reparo em vazamento na rede de \u00e1gua, na Rua Mato Grosso, Jardim Brasil, em Adamantina. Irritados com a demora para que o pavimento fosse completamente recuperado,\u00a0moradores protestaram e plantaram uma bananeira no buraco. Al\u00e9m da [&hellip;]<\/p>\n","protected":false},"author":13,"featured_media":46506,"comment_status":"closed","ping_status":"open","sticky":false,"template":"","format":"standard","meta":{"_acf_changed":false,"_exactmetrics_skip_tracking":false,"_exactmetrics_sitenote_active":false,"_exactmetrics_sitenote_note":"","_exactmetrics_sitenote_category":0,"footnotes":""},"categories":[21],"tags":[],"class_list":["post-46505","post","type-post","status-publish","format-standard","has-post-thumbnail","hentry","category-adamantina"],"acf":[],"yoast_head":"<!-- This site is optimized with the Yoast SEO plugin v27.2 - https:\/\/yoast.com\/product\/yoast-seo-wordpress\/ -->\n<title>Ap\u00f3s divulga\u00e7\u00e3o na imprensa, buraco em asfalto \u00e9 tapado; moradores plantaram bananeira no local - R\u00e1dio Life FM<\/title>\n<meta name=\"robots\" content=\"index, follow, max-snippet:-1, max-image-preview:large, max-video-preview:-1\" \/>\n<link rel=\"canonical\" href=\"https:\/\/radiolifefm.com.br\/noticias\/apos-divulgacao-na-imprensa-buraco-em-asfalto-e-tapado-moradores-plantaram-bananeira-no-local\/\" \/>\n<meta property=\"og:locale\" content=\"pt_BR\" \/>\n<meta property=\"og:type\" content=\"article\" \/>\n<meta property=\"og:title\" content=\"Ap\u00f3s divulga\u00e7\u00e3o na imprensa, buraco em asfalto \u00e9 tapado; moradores plantaram bananeira no local - R\u00e1dio Life FM\" \/>\n<meta property=\"og:description\" content=\"Foi tapado na manh\u00e3 desta quinta-feira (2) o buraco no asfalto aberto por uma prestadora de servi\u00e7os da Sabesp, para reparo em vazamento na rede de \u00e1gua, na Rua Mato Grosso, Jardim Brasil, em Adamantina. Irritados com a demora para que o pavimento fosse completamente recuperado,\u00a0moradores protestaram e plantaram uma bananeira no buraco. Al\u00e9m da [&hellip;]\" \/>\n<meta property=\"og:url\" content=\"https:\/\/radiolifefm.com.br\/noticias\/apos-divulgacao-na-imprensa-buraco-em-asfalto-e-tapado-moradores-plantaram-bananeira-no-local\/\" \/>\n<meta property=\"og:site_name\" content=\"R\u00e1dio Life FM\" \/>\n<meta property=\"article:publisher\" content=\"https:\/\/www.facebook.com\/radiolifefm\/\" \/>\n<meta property=\"article:published_time\" content=\"2021-12-03T02:01:38+00:00\" \/>\n<meta property=\"article:modified_time\" content=\"2026-04-02T04:11:23+00:00\" \/>\n<meta property=\"og:image\" content=\"https:\/\/radiolifefm.com.br\/noticias\/wp-content\/uploads\/2021\/12\/img060511jpg163847207661a9198c8d581.jpg\" \/>\n\t<meta property=\"og:image:width\" content=\"600\" \/>\n\t<meta property=\"og:image:height\" content=\"337\" \/>\n\t<meta property=\"og:image:type\" content=\"image\/jpeg\" \/>\n<meta name=\"author\" content=\"ritanery\" \/>\n<meta name=\"twitter:card\" content=\"summary_large_image\" \/>\n<meta name=\"twitter:label1\" content=\"Escrito por\" \/>\n\t<meta name=\"twitter:data1\" content=\"ritanery\" \/>\n\t<meta name=\"twitter:label2\" content=\"Est. tempo de leitura\" \/>\n\t<meta name=\"twitter:data2\" content=\"2 minutos\" \/>\n<script type=\"application\/ld+json\" class=\"yoast-schema-graph\">{\"@context\":\"https:\/\/schema.org\",\"@graph\":[{\"@type\":\"Article\",\"@id\":\"https:\/\/radiolifefm.com.br\/noticias\/apos-divulgacao-na-imprensa-buraco-em-asfalto-e-tapado-moradores-plantaram-bananeira-no-local\/#article\",\"isPartOf\":{\"@id\":\"https:\/\/radiolifefm.com.br\/noticias\/apos-divulgacao-na-imprensa-buraco-em-asfalto-e-tapado-moradores-plantaram-bananeira-no-local\/\"},\"author\":{\"name\":\"ritanery\",\"@id\":\"https:\/\/radiolifefm.com.br\/noticias\/#\/schema\/person\/6339b9fac59d12b071dec680d7375d87\"},\"headline\":\"Ap\u00f3s divulga\u00e7\u00e3o na imprensa, buraco em asfalto \u00e9 tapado; moradores plantaram bananeira no local\",\"datePublished\":\"2021-12-03T02:01:38+00:00\",\"dateModified\":\"2026-04-02T04:11:23+00:00\",\"mainEntityOfPage\":{\"@id\":\"https:\/\/radiolifefm.com.br\/noticias\/apos-divulgacao-na-imprensa-buraco-em-asfalto-e-tapado-moradores-plantaram-bananeira-no-local\/\"},\"wordCount\":347,\"publisher\":{\"@id\":\"https:\/\/radiolifefm.com.br\/noticias\/#organization\"},\"image\":{\"@id\":\"https:\/\/radiolifefm.com.br\/noticias\/apos-divulgacao-na-imprensa-buraco-em-asfalto-e-tapado-moradores-plantaram-bananeira-no-local\/#primaryimage\"},\"thumbnailUrl\":\"https:\/\/radiolifefm.com.br\/noticias\/wp-content\/uploads\/2021\/12\/img060511jpg163847207661a9198c8d581.jpg\",\"articleSection\":[\"Adamantina\"],\"inLanguage\":\"pt-BR\"},{\"@type\":\"WebPage\",\"@id\":\"https:\/\/radiolifefm.com.br\/noticias\/apos-divulgacao-na-imprensa-buraco-em-asfalto-e-tapado-moradores-plantaram-bananeira-no-local\/\",\"url\":\"https:\/\/radiolifefm.com.br\/noticias\/apos-divulgacao-na-imprensa-buraco-em-asfalto-e-tapado-moradores-plantaram-bananeira-no-local\/\",\"name\":\"Ap\u00f3s divulga\u00e7\u00e3o na imprensa, buraco em asfalto \u00e9 tapado; moradores plantaram bananeira no local - R\u00e1dio Life FM\",\"isPartOf\":{\"@id\":\"https:\/\/radiolifefm.com.br\/noticias\/#website\"},\"primaryImageOfPage\":{\"@id\":\"https:\/\/radiolifefm.com.br\/noticias\/apos-divulgacao-na-imprensa-buraco-em-asfalto-e-tapado-moradores-plantaram-bananeira-no-local\/#primaryimage\"},\"image\":{\"@id\":\"https:\/\/radiolifefm.com.br\/noticias\/apos-divulgacao-na-imprensa-buraco-em-asfalto-e-tapado-moradores-plantaram-bananeira-no-local\/#primaryimage\"},\"thumbnailUrl\":\"https:\/\/radiolifefm.com.br\/noticias\/wp-content\/uploads\/2021\/12\/img060511jpg163847207661a9198c8d581.jpg\",\"datePublished\":\"2021-12-03T02:01:38+00:00\",\"dateModified\":\"2026-04-02T04:11:23+00:00\",\"breadcrumb\":{\"@id\":\"https:\/\/radiolifefm.com.br\/noticias\/apos-divulgacao-na-imprensa-buraco-em-asfalto-e-tapado-moradores-plantaram-bananeira-no-local\/#breadcrumb\"},\"inLanguage\":\"pt-BR\",\"potentialAction\":[{\"@type\":\"ReadAction\",\"target\":[\"https:\/\/radiolifefm.com.br\/noticias\/apos-divulgacao-na-imprensa-buraco-em-asfalto-e-tapado-moradores-plantaram-bananeira-no-local\/\"]}]},{\"@type\":\"ImageObject\",\"inLanguage\":\"pt-BR\",\"@id\":\"https:\/\/radiolifefm.com.br\/noticias\/apos-divulgacao-na-imprensa-buraco-em-asfalto-e-tapado-moradores-plantaram-bananeira-no-local\/#primaryimage\",\"url\":\"https:\/\/radiolifefm.com.br\/noticias\/wp-content\/uploads\/2021\/12\/img060511jpg163847207661a9198c8d581.jpg\",\"contentUrl\":\"https:\/\/radiolifefm.com.br\/noticias\/wp-content\/uploads\/2021\/12\/img060511jpg163847207661a9198c8d581.jpg\",\"width\":600,\"height\":337,\"caption\":\"Buraco foi aberto para reparo em vazamento na rede de \u00e1gua.\"},{\"@type\":\"BreadcrumbList\",\"@id\":\"https:\/\/radiolifefm.com.br\/noticias\/apos-divulgacao-na-imprensa-buraco-em-asfalto-e-tapado-moradores-plantaram-bananeira-no-local\/#breadcrumb\",\"itemListElement\":[{\"@type\":\"ListItem\",\"position\":1,\"name\":\"In\u00edcio\",\"item\":\"https:\/\/radiolifefm.com.br\/noticias\/\"},{\"@type\":\"ListItem\",\"position\":2,\"name\":\"Ap\u00f3s divulga\u00e7\u00e3o na imprensa, buraco em asfalto \u00e9 tapado; moradores plantaram bananeira no local\"}]},{\"@type\":\"WebSite\",\"@id\":\"https:\/\/radiolifefm.com.br\/noticias\/#website\",\"url\":\"https:\/\/radiolifefm.com.br\/noticias\/\",\"name\":\"R\u00e1dio Life FM\",\"description\":\"O Portal de Not\u00edcias de Adamantina\",\"publisher\":{\"@id\":\"https:\/\/radiolifefm.com.br\/noticias\/#organization\"},\"alternateName\":\"Life FM\",\"potentialAction\":[{\"@type\":\"SearchAction\",\"target\":{\"@type\":\"EntryPoint\",\"urlTemplate\":\"https:\/\/radiolifefm.com.br\/noticias\/?s={search_term_string}\"},\"query-input\":{\"@type\":\"PropertyValueSpecification\",\"valueRequired\":true,\"valueName\":\"search_term_string\"}}],\"inLanguage\":\"pt-BR\"},{\"@type\":\"Organization\",\"@id\":\"https:\/\/radiolifefm.com.br\/noticias\/#organization\",\"name\":\"R\u00e1dio Life FM\",\"alternateName\":\"Life FM\",\"url\":\"https:\/\/radiolifefm.com.br\/noticias\/\",\"logo\":{\"@type\":\"ImageObject\",\"inLanguage\":\"pt-BR\",\"@id\":\"https:\/\/radiolifefm.com.br\/noticias\/#\/schema\/logo\/image\/\",\"url\":\"https:\/\/static.radiolifefm.com.br\/noticias\/wp-content\/uploads\/2019\/10\/logo-lifefm.png\",\"contentUrl\":\"https:\/\/static.radiolifefm.com.br\/noticias\/wp-content\/uploads\/2019\/10\/logo-lifefm.png\",\"width\":196,\"height\":47,\"caption\":\"R\u00e1dio Life FM\"},\"image\":{\"@id\":\"https:\/\/radiolifefm.com.br\/noticias\/#\/schema\/logo\/image\/\"},\"sameAs\":[\"https:\/\/www.facebook.com\/radiolifefm\/\",\"https:\/\/www.instagram.com\/life1079fm\/\"]},{\"@type\":\"Person\",\"@id\":\"https:\/\/radiolifefm.com.br\/noticias\/#\/schema\/person\/6339b9fac59d12b071dec680d7375d87\",\"name\":\"ritanery\",\"image\":{\"@type\":\"ImageObject\",\"inLanguage\":\"pt-BR\",\"@id\":\"https:\/\/secure.gravatar.com\/avatar\/0e37bb19071f47c0b8a23f62a903df117c5a0e75f65a0c2901562f97cd41cf86?s=96&d=mm&r=g\",\"url\":\"https:\/\/secure.gravatar.com\/avatar\/0e37bb19071f47c0b8a23f62a903df117c5a0e75f65a0c2901562f97cd41cf86?s=96&d=mm&r=g\",\"contentUrl\":\"https:\/\/secure.gravatar.com\/avatar\/0e37bb19071f47c0b8a23f62a903df117c5a0e75f65a0c2901562f97cd41cf86?s=96&d=mm&r=g\",\"caption\":\"ritanery\"}}]}<\/script>\n<!-- \/ Yoast SEO plugin. -->","yoast_head_json":{"title":"Ap\u00f3s divulga\u00e7\u00e3o na imprensa, buraco em asfalto \u00e9 tapado; moradores plantaram bananeira no local - R\u00e1dio Life FM","robots":{"index":"index","follow":"follow","max-snippet":"max-snippet:-1","max-image-preview":"max-image-preview:large","max-video-preview":"max-video-preview:-1"},"canonical":"https:\/\/radiolifefm.com.br\/noticias\/apos-divulgacao-na-imprensa-buraco-em-asfalto-e-tapado-moradores-plantaram-bananeira-no-local\/","og_locale":"pt_BR","og_type":"article","og_title":"Ap\u00f3s divulga\u00e7\u00e3o na imprensa, buraco em asfalto \u00e9 tapado; moradores plantaram bananeira no local - R\u00e1dio Life FM","og_description":"Foi tapado na manh\u00e3 desta quinta-feira (2) o buraco no asfalto aberto por uma prestadora de servi\u00e7os da Sabesp, para reparo em vazamento na rede de \u00e1gua, na Rua Mato Grosso, Jardim Brasil, em Adamantina. Irritados com a demora para que o pavimento fosse completamente recuperado,\u00a0moradores protestaram e plantaram uma bananeira no buraco. Al\u00e9m da [&hellip;]","og_url":"https:\/\/radiolifefm.com.br\/noticias\/apos-divulgacao-na-imprensa-buraco-em-asfalto-e-tapado-moradores-plantaram-bananeira-no-local\/","og_site_name":"R\u00e1dio Life FM","article_publisher":"https:\/\/www.facebook.com\/radiolifefm\/","article_published_time":"2021-12-03T02:01:38+00:00","article_modified_time":"2026-04-02T04:11:23+00:00","og_image":[{"width":600,"height":337,"url":"https:\/\/radiolifefm.com.br\/noticias\/wp-content\/uploads\/2021\/12\/img060511jpg163847207661a9198c8d581.jpg","type":"image\/jpeg"}],"author":"ritanery","twitter_card":"summary_large_image","twitter_misc":{"Escrito por":"ritanery","Est. tempo de leitura":"2 minutos"},"schema":{"@context":"https:\/\/schema.org","@graph":[{"@type":"Article","@id":"https:\/\/radiolifefm.com.br\/noticias\/apos-divulgacao-na-imprensa-buraco-em-asfalto-e-tapado-moradores-plantaram-bananeira-no-local\/#article","isPartOf":{"@id":"https:\/\/radiolifefm.com.br\/noticias\/apos-divulgacao-na-imprensa-buraco-em-asfalto-e-tapado-moradores-plantaram-bananeira-no-local\/"},"author":{"name":"ritanery","@id":"https:\/\/radiolifefm.com.br\/noticias\/#\/schema\/person\/6339b9fac59d12b071dec680d7375d87"},"headline":"Ap\u00f3s divulga\u00e7\u00e3o na imprensa, buraco em asfalto \u00e9 tapado; moradores plantaram bananeira no local","datePublished":"2021-12-03T02:01:38+00:00","dateModified":"2026-04-02T04:11:23+00:00","mainEntityOfPage":{"@id":"https:\/\/radiolifefm.com.br\/noticias\/apos-divulgacao-na-imprensa-buraco-em-asfalto-e-tapado-moradores-plantaram-bananeira-no-local\/"},"wordCount":347,"publisher":{"@id":"https:\/\/radiolifefm.com.br\/noticias\/#organization"},"image":{"@id":"https:\/\/radiolifefm.com.br\/noticias\/apos-divulgacao-na-imprensa-buraco-em-asfalto-e-tapado-moradores-plantaram-bananeira-no-local\/#primaryimage"},"thumbnailUrl":"https:\/\/radiolifefm.com.br\/noticias\/wp-content\/uploads\/2021\/12\/img060511jpg163847207661a9198c8d581.jpg","articleSection":["Adamantina"],"inLanguage":"pt-BR"},{"@type":"WebPage","@id":"https:\/\/radiolifefm.com.br\/noticias\/apos-divulgacao-na-imprensa-buraco-em-asfalto-e-tapado-moradores-plantaram-bananeira-no-local\/","url":"https:\/\/radiolifefm.com.br\/noticias\/apos-divulgacao-na-imprensa-buraco-em-asfalto-e-tapado-moradores-plantaram-bananeira-no-local\/","name":"Ap\u00f3s divulga\u00e7\u00e3o na imprensa, buraco em asfalto \u00e9 tapado; moradores plantaram bananeira no local - R\u00e1dio Life FM","isPartOf":{"@id":"https:\/\/radiolifefm.com.br\/noticias\/#website"},"primaryImageOfPage":{"@id":"https:\/\/radiolifefm.com.br\/noticias\/apos-divulgacao-na-imprensa-buraco-em-asfalto-e-tapado-moradores-plantaram-bananeira-no-local\/#primaryimage"},"image":{"@id":"https:\/\/radiolifefm.com.br\/noticias\/apos-divulgacao-na-imprensa-buraco-em-asfalto-e-tapado-moradores-plantaram-bananeira-no-local\/#primaryimage"},"thumbnailUrl":"https:\/\/radiolifefm.com.br\/noticias\/wp-content\/uploads\/2021\/12\/img060511jpg163847207661a9198c8d581.jpg","datePublished":"2021-12-03T02:01:38+00:00","dateModified":"2026-04-02T04:11:23+00:00","breadcrumb":{"@id":"https:\/\/radiolifefm.com.br\/noticias\/apos-divulgacao-na-imprensa-buraco-em-asfalto-e-tapado-moradores-plantaram-bananeira-no-local\/#breadcrumb"},"inLanguage":"pt-BR","potentialAction":[{"@type":"ReadAction","target":["https:\/\/radiolifefm.com.br\/noticias\/apos-divulgacao-na-imprensa-buraco-em-asfalto-e-tapado-moradores-plantaram-bananeira-no-local\/"]}]},{"@type":"ImageObject","inLanguage":"pt-BR","@id":"https:\/\/radiolifefm.com.br\/noticias\/apos-divulgacao-na-imprensa-buraco-em-asfalto-e-tapado-moradores-plantaram-bananeira-no-local\/#primaryimage","url":"https:\/\/radiolifefm.com.br\/noticias\/wp-content\/uploads\/2021\/12\/img060511jpg163847207661a9198c8d581.jpg","contentUrl":"https:\/\/radiolifefm.com.br\/noticias\/wp-content\/uploads\/2021\/12\/img060511jpg163847207661a9198c8d581.jpg","width":600,"height":337,"caption":"Buraco foi aberto para reparo em vazamento na rede de \u00e1gua."},{"@type":"BreadcrumbList","@id":"https:\/\/radiolifefm.com.br\/noticias\/apos-divulgacao-na-imprensa-buraco-em-asfalto-e-tapado-moradores-plantaram-bananeira-no-local\/#breadcrumb","itemListElement":[{"@type":"ListItem","position":1,"name":"In\u00edcio","item":"https:\/\/radiolifefm.com.br\/noticias\/"},{"@type":"ListItem","position":2,"name":"Ap\u00f3s divulga\u00e7\u00e3o na imprensa, buraco em asfalto \u00e9 tapado; moradores plantaram bananeira no local"}]},{"@type":"WebSite","@id":"https:\/\/radiolifefm.com.br\/noticias\/#website","url":"https:\/\/radiolifefm.com.br\/noticias\/","name":"R\u00e1dio Life FM","description":"O Portal de Not\u00edcias de Adamantina","publisher":{"@id":"https:\/\/radiolifefm.com.br\/noticias\/#organization"},"alternateName":"Life FM","potentialAction":[{"@type":"SearchAction","target":{"@type":"EntryPoint","urlTemplate":"https:\/\/radiolifefm.com.br\/noticias\/?s={search_term_string}"},"query-input":{"@type":"PropertyValueSpecification","valueRequired":true,"valueName":"search_term_string"}}],"inLanguage":"pt-BR"},{"@type":"Organization","@id":"https:\/\/radiolifefm.com.br\/noticias\/#organization","name":"R\u00e1dio Life FM","alternateName":"Life FM","url":"https:\/\/radiolifefm.com.br\/noticias\/","logo":{"@type":"ImageObject","inLanguage":"pt-BR","@id":"https:\/\/radiolifefm.com.br\/noticias\/#\/schema\/logo\/image\/","url":"https:\/\/static.radiolifefm.com.br\/noticias\/wp-content\/uploads\/2019\/10\/logo-lifefm.png","contentUrl":"https:\/\/static.radiolifefm.com.br\/noticias\/wp-content\/uploads\/2019\/10\/logo-lifefm.png","width":196,"height":47,"caption":"R\u00e1dio Life FM"},"image":{"@id":"https:\/\/radiolifefm.com.br\/noticias\/#\/schema\/logo\/image\/"},"sameAs":["https:\/\/www.facebook.com\/radiolifefm\/","https:\/\/www.instagram.com\/life1079fm\/"]},{"@type":"Person","@id":"https:\/\/radiolifefm.com.br\/noticias\/#\/schema\/person\/6339b9fac59d12b071dec680d7375d87","name":"ritanery","image":{"@type":"ImageObject","inLanguage":"pt-BR","@id":"https:\/\/secure.gravatar.com\/avatar\/0e37bb19071f47c0b8a23f62a903df117c5a0e75f65a0c2901562f97cd41cf86?s=96&d=mm&r=g","url":"https:\/\/secure.gravatar.com\/avatar\/0e37bb19071f47c0b8a23f62a903df117c5a0e75f65a0c2901562f97cd41cf86?s=96&d=mm&r=g","contentUrl":"https:\/\/secure.gravatar.com\/avatar\/0e37bb19071f47c0b8a23f62a903df117c5a0e75f65a0c2901562f97cd41cf86?s=96&d=mm&r=g","caption":"ritanery"}}]}},"amp_enabled":true,"_links":{"self":[{"href":"https:\/\/radiolifefm.com.br\/noticias\/wp-json\/wp\/v2\/posts\/46505","targetHints":{"allow":["GET"]}}],"collection":[{"href":"https:\/\/radiolifefm.com.br\/noticias\/wp-json\/wp\/v2\/posts"}],"about":[{"href":"https:\/\/radiolifefm.com.br\/noticias\/wp-json\/wp\/v2\/types\/post"}],"author":[{"embeddable":true,"href":"https:\/\/radiolifefm.com.br\/noticias\/wp-json\/wp\/v2\/users\/13"}],"replies":[{"embeddable":true,"href":"https:\/\/radiolifefm.com.br\/noticias\/wp-json\/wp\/v2\/comments?post=46505"}],"version-history":[{"count":4,"href":"https:\/\/radiolifefm.com.br\/noticias\/wp-json\/wp\/v2\/posts\/46505\/revisions"}],"predecessor-version":[{"id":46510,"href":"https:\/\/radiolifefm.com.br\/noticias\/wp-json\/wp\/v2\/posts\/46505\/revisions\/46510"}],"wp:featuredmedia":[{"embeddable":true,"href":"https:\/\/radiolifefm.com.br\/noticias\/wp-json\/wp\/v2\/media\/46506"}],"wp:attachment":[{"href":"https:\/\/radiolifefm.com.br\/noticias\/wp-json\/wp\/v2\/media?parent=46505"}],"wp:term":[{"taxonomy":"category","embeddable":true,"href":"https:\/\/radiolifefm.com.br\/noticias\/wp-json\/wp\/v2\/categories?post=46505"},{"taxonomy":"post_tag","embeddable":true,"href":"https:\/\/radiolifefm.com.br\/noticias\/wp-json\/wp\/v2\/tags?post=46505"}],"curies":[{"name":"wp","href":"https:\/\/api.w.org\/{rel}","templated":true}]}}