{"id":46486,"date":"2021-12-02T22:41:34","date_gmt":"2021-12-03T01:41:34","guid":{"rendered":"https:\/\/radiolifefm.com.br\/noticias\/?p=46486"},"modified":"2026-04-07T07:59:17","modified_gmt":"2026-04-07T10:59:17","slug":"prefeitura-de-adamantina-divulga-programacao-do-natal-magico-2021","status":"publish","type":"post","link":"https:\/\/radiolifefm.com.br\/noticias\/prefeitura-de-adamantina-divulga-programacao-do-natal-magico-2021\/","title":{"rendered":"Prefeitura de Adamantina divulga Programa\u00e7\u00e3o do Natal M\u00e1gico 2021"},"content":{"rendered":"<div id=\"fb-root\"><\/div>\n<p>Dezembro. Esse \u00e9 um m\u00eas muito aguardado devido \u00e0s celebra\u00e7\u00f5es que s\u00e3o realizadas no per\u00edodo. Sabendo disso, a Prefeitura de Adamantina, por meio da Secretaria de Cultura e Turismo e Fundo Social de Solidariedade, preparou uma programa\u00e7\u00e3o especial que ser\u00e1 realizada de 13 a 23 de dezembro.<\/p>\n<p>A primeira atividade ser\u00e1 a t\u00e3o esperada chegada do Papai Noel que acontece na segunda-feira, dia 13, a partir das 20h na Pra\u00e7a \u00c9lio Micheloni. O bom velhinho chega no primeiro dia em que o com\u00e9rcio local come\u00e7a a trabalhar no per\u00edodo noturno e assim como em todos os anos \u00e9 cercada de mist\u00e9rio.<\/p>\n<p style=\"font-weight: 400\">A chegada do Papai Noel ser\u00e1 animada ainda pela Orquestra J\u00falio de Castro de Tup\u00e3, Em seguida, um espa\u00e7o especialmente preparado no Pa\u00e7o Municipal receber\u00e1 o Papai Noel e seus visitantes.<\/p>\n<p>No dia seguinte, 14 de dezembro, a pra\u00e7a central recebe apresenta\u00e7\u00e3o da Big Band de Paragua\u00e7u Paulista. No dia 15, \u00e9 a vez da Orquestra de Viola Caipira de Adamantina encantar o p\u00fablico com can\u00e7\u00f5es que marcaram \u00e9poca.<\/p>\n<p>A Pra\u00e7a \u00c9lio Micheloni recebe, no dia 16, o lan\u00e7amento do 2\u00b0 \u00c1lbum Musical Regional Projeto Nossa Gente. E, fechando a primeira semana de programa\u00e7\u00e3o natalina, haver\u00e1 concerto da Banda Marcial de Adamantina.<\/p>\n<p>Em 20 de dezembro, os festejos contam com teatro Pres\u00e9pio Vivo Equoterapia \u2018Passos que Curam\u2019, com apresenta\u00e7\u00e3o de Z\u00e9 Rico &amp; Rika\u00e7o. No dia 21, a cantata natalina \u2018Pra sempre Deus conosco\u2019 ser\u00e1 abrilhantada pelo Coral e Orquestra Asafe &#8211; Assembleia de Deus Minist\u00e9rio do Bel\u00e9m em Adamantina.<\/p>\n<p>J\u00e1 no dia 22 ocorre espet\u00e1culo do Grupo Musical Linha do Horizonte e, no dia 23, da Banda Sem Limites. Todas as apresenta\u00e7\u00f5es acontecem \u00e0s 21h.<\/p>\n<p>Tamb\u00e9m, de 20 a 24 de dezembro, a Pra\u00e7a \u00c9lio Micheloni recebe durante todo o dia a Feira OMIN de Artesanato.<\/p>\n<p>&nbsp;<\/p>\n<p>OUTRAS ATRA\u00c7\u00d5ES<\/p>\n<p>No pr\u00f3ximo dia 9, a Biblioteca P\u00fablica Jurema Citeli sedia uma noite de aut\u00f3grafo do escritor Lucas Marton, com a publica\u00e7\u00e3o \u2018Uma \u00daltima Chance\u2019, a partir das 19h30. J\u00e1 no dia 10, haver\u00e1 o lan\u00e7amento da m\u00fasica \u2018Interligando Linhas\u2019, \u00e0s 20h, no Anfiteatro Fernando Paloni.<\/p>\n<p>E, no dia 18, mais uma edi\u00e7\u00e3o da Feira Camale\u00e3o movimenta o Parque Caldeira, \u00e0s 14h.<\/p>\n<p>\u201cA Secretaria de Cultura e Turismo entrega mais uma diversidade de atra\u00e7\u00f5es neste m\u00eas para toda a popula\u00e7\u00e3o. Desejamos a participa\u00e7\u00e3o de todos, nos eventos que refor\u00e7am os valores de nossa cidade, os artistas e artes\u00e3os, mas, tamb\u00e9m, abre espa\u00e7o para a regi\u00e3o, enriquecendo ainda mais a programa\u00e7\u00e3o festiva de dezembro\u201d, destaca o secret\u00e1rio municipal, S\u00e9rgio Vanderlei.<\/p>\n<p>&nbsp;<\/p>\n<p>Fonte: Assessoria de Imprensa<\/p>\n","protected":false},"excerpt":{"rendered":"<p>Dezembro. Esse \u00e9 um m\u00eas muito aguardado devido \u00e0s celebra\u00e7\u00f5es que s\u00e3o realizadas no per\u00edodo. Sabendo disso, a Prefeitura de Adamantina, por meio da Secretaria de Cultura e Turismo e Fundo Social de Solidariedade, preparou uma programa\u00e7\u00e3o especial que ser\u00e1 realizada de 13 a 23 de dezembro. A primeira atividade ser\u00e1 a t\u00e3o esperada chegada [&hellip;]<\/p>\n","protected":false},"author":13,"featured_media":46487,"comment_status":"closed","ping_status":"open","sticky":false,"template":"","format":"standard","meta":{"_acf_changed":false,"_exactmetrics_skip_tracking":false,"_exactmetrics_sitenote_active":false,"_exactmetrics_sitenote_note":"","_exactmetrics_sitenote_category":0,"footnotes":""},"categories":[21],"tags":[],"class_list":["post-46486","post","type-post","status-publish","format-standard","has-post-thumbnail","hentry","category-adamantina"],"acf":[],"yoast_head":"<!-- This site is optimized with the Yoast SEO plugin v27.2 - https:\/\/yoast.com\/product\/yoast-seo-wordpress\/ -->\n<title>Prefeitura de Adamantina divulga Programa\u00e7\u00e3o do Natal M\u00e1gico 2021 - R\u00e1dio Life FM<\/title>\n<meta name=\"robots\" content=\"index, follow, max-snippet:-1, max-image-preview:large, max-video-preview:-1\" \/>\n<link rel=\"canonical\" href=\"https:\/\/radiolifefm.com.br\/noticias\/prefeitura-de-adamantina-divulga-programacao-do-natal-magico-2021\/\" \/>\n<meta property=\"og:locale\" content=\"pt_BR\" \/>\n<meta property=\"og:type\" content=\"article\" \/>\n<meta property=\"og:title\" content=\"Prefeitura de Adamantina divulga Programa\u00e7\u00e3o do Natal M\u00e1gico 2021 - R\u00e1dio Life FM\" \/>\n<meta property=\"og:description\" content=\"Dezembro. Esse \u00e9 um m\u00eas muito aguardado devido \u00e0s celebra\u00e7\u00f5es que s\u00e3o realizadas no per\u00edodo. Sabendo disso, a Prefeitura de Adamantina, por meio da Secretaria de Cultura e Turismo e Fundo Social de Solidariedade, preparou uma programa\u00e7\u00e3o especial que ser\u00e1 realizada de 13 a 23 de dezembro. A primeira atividade ser\u00e1 a t\u00e3o esperada chegada [&hellip;]\" \/>\n<meta property=\"og:url\" content=\"https:\/\/radiolifefm.com.br\/noticias\/prefeitura-de-adamantina-divulga-programacao-do-natal-magico-2021\/\" \/>\n<meta property=\"og:site_name\" content=\"R\u00e1dio Life FM\" \/>\n<meta property=\"article:publisher\" content=\"https:\/\/www.facebook.com\/radiolifefm\/\" \/>\n<meta property=\"article:published_time\" content=\"2021-12-03T01:41:34+00:00\" \/>\n<meta property=\"article:modified_time\" content=\"2026-04-07T10:59:17+00:00\" \/>\n<meta property=\"og:image\" content=\"https:\/\/radiolifefm.com.br\/noticias\/wp-content\/uploads\/2021\/12\/e7544df9b65d8c9c0416083c60dcef32.jpg\" \/>\n\t<meta property=\"og:image:width\" content=\"848\" \/>\n\t<meta property=\"og:image:height\" content=\"375\" \/>\n\t<meta property=\"og:image:type\" content=\"image\/jpeg\" \/>\n<meta name=\"author\" content=\"ritanery\" \/>\n<meta name=\"twitter:card\" content=\"summary_large_image\" \/>\n<meta name=\"twitter:label1\" content=\"Escrito por\" \/>\n\t<meta name=\"twitter:data1\" content=\"ritanery\" \/>\n\t<meta name=\"twitter:label2\" content=\"Est. tempo de leitura\" \/>\n\t<meta name=\"twitter:data2\" content=\"2 minutos\" \/>\n<script type=\"application\/ld+json\" class=\"yoast-schema-graph\">{\"@context\":\"https:\/\/schema.org\",\"@graph\":[{\"@type\":\"Article\",\"@id\":\"https:\/\/radiolifefm.com.br\/noticias\/prefeitura-de-adamantina-divulga-programacao-do-natal-magico-2021\/#article\",\"isPartOf\":{\"@id\":\"https:\/\/radiolifefm.com.br\/noticias\/prefeitura-de-adamantina-divulga-programacao-do-natal-magico-2021\/\"},\"author\":{\"name\":\"ritanery\",\"@id\":\"https:\/\/radiolifefm.com.br\/noticias\/#\/schema\/person\/6339b9fac59d12b071dec680d7375d87\"},\"headline\":\"Prefeitura de Adamantina divulga Programa\u00e7\u00e3o do Natal M\u00e1gico 2021\",\"datePublished\":\"2021-12-03T01:41:34+00:00\",\"dateModified\":\"2026-04-07T10:59:17+00:00\",\"mainEntityOfPage\":{\"@id\":\"https:\/\/radiolifefm.com.br\/noticias\/prefeitura-de-adamantina-divulga-programacao-do-natal-magico-2021\/\"},\"wordCount\":467,\"publisher\":{\"@id\":\"https:\/\/radiolifefm.com.br\/noticias\/#organization\"},\"image\":{\"@id\":\"https:\/\/radiolifefm.com.br\/noticias\/prefeitura-de-adamantina-divulga-programacao-do-natal-magico-2021\/#primaryimage\"},\"thumbnailUrl\":\"https:\/\/radiolifefm.com.br\/noticias\/wp-content\/uploads\/2021\/12\/e7544df9b65d8c9c0416083c60dcef32.jpg\",\"articleSection\":[\"Adamantina\"],\"inLanguage\":\"pt-BR\"},{\"@type\":\"WebPage\",\"@id\":\"https:\/\/radiolifefm.com.br\/noticias\/prefeitura-de-adamantina-divulga-programacao-do-natal-magico-2021\/\",\"url\":\"https:\/\/radiolifefm.com.br\/noticias\/prefeitura-de-adamantina-divulga-programacao-do-natal-magico-2021\/\",\"name\":\"Prefeitura de Adamantina divulga Programa\u00e7\u00e3o do Natal M\u00e1gico 2021 - R\u00e1dio Life FM\",\"isPartOf\":{\"@id\":\"https:\/\/radiolifefm.com.br\/noticias\/#website\"},\"primaryImageOfPage\":{\"@id\":\"https:\/\/radiolifefm.com.br\/noticias\/prefeitura-de-adamantina-divulga-programacao-do-natal-magico-2021\/#primaryimage\"},\"image\":{\"@id\":\"https:\/\/radiolifefm.com.br\/noticias\/prefeitura-de-adamantina-divulga-programacao-do-natal-magico-2021\/#primaryimage\"},\"thumbnailUrl\":\"https:\/\/radiolifefm.com.br\/noticias\/wp-content\/uploads\/2021\/12\/e7544df9b65d8c9c0416083c60dcef32.jpg\",\"datePublished\":\"2021-12-03T01:41:34+00:00\",\"dateModified\":\"2026-04-07T10:59:17+00:00\",\"breadcrumb\":{\"@id\":\"https:\/\/radiolifefm.com.br\/noticias\/prefeitura-de-adamantina-divulga-programacao-do-natal-magico-2021\/#breadcrumb\"},\"inLanguage\":\"pt-BR\",\"potentialAction\":[{\"@type\":\"ReadAction\",\"target\":[\"https:\/\/radiolifefm.com.br\/noticias\/prefeitura-de-adamantina-divulga-programacao-do-natal-magico-2021\/\"]}]},{\"@type\":\"ImageObject\",\"inLanguage\":\"pt-BR\",\"@id\":\"https:\/\/radiolifefm.com.br\/noticias\/prefeitura-de-adamantina-divulga-programacao-do-natal-magico-2021\/#primaryimage\",\"url\":\"https:\/\/radiolifefm.com.br\/noticias\/wp-content\/uploads\/2021\/12\/e7544df9b65d8c9c0416083c60dcef32.jpg\",\"contentUrl\":\"https:\/\/radiolifefm.com.br\/noticias\/wp-content\/uploads\/2021\/12\/e7544df9b65d8c9c0416083c60dcef32.jpg\",\"width\":848,\"height\":375,\"caption\":\"Papai Noel chegar\u00e1 na segunda-feira, dia 13, a partir das 20h\"},{\"@type\":\"BreadcrumbList\",\"@id\":\"https:\/\/radiolifefm.com.br\/noticias\/prefeitura-de-adamantina-divulga-programacao-do-natal-magico-2021\/#breadcrumb\",\"itemListElement\":[{\"@type\":\"ListItem\",\"position\":1,\"name\":\"In\u00edcio\",\"item\":\"https:\/\/radiolifefm.com.br\/noticias\/\"},{\"@type\":\"ListItem\",\"position\":2,\"name\":\"Prefeitura de Adamantina divulga Programa\u00e7\u00e3o do Natal M\u00e1gico 2021\"}]},{\"@type\":\"WebSite\",\"@id\":\"https:\/\/radiolifefm.com.br\/noticias\/#website\",\"url\":\"https:\/\/radiolifefm.com.br\/noticias\/\",\"name\":\"R\u00e1dio Life FM\",\"description\":\"O Portal de Not\u00edcias de Adamantina\",\"publisher\":{\"@id\":\"https:\/\/radiolifefm.com.br\/noticias\/#organization\"},\"alternateName\":\"Life FM\",\"potentialAction\":[{\"@type\":\"SearchAction\",\"target\":{\"@type\":\"EntryPoint\",\"urlTemplate\":\"https:\/\/radiolifefm.com.br\/noticias\/?s={search_term_string}\"},\"query-input\":{\"@type\":\"PropertyValueSpecification\",\"valueRequired\":true,\"valueName\":\"search_term_string\"}}],\"inLanguage\":\"pt-BR\"},{\"@type\":\"Organization\",\"@id\":\"https:\/\/radiolifefm.com.br\/noticias\/#organization\",\"name\":\"R\u00e1dio Life FM\",\"alternateName\":\"Life FM\",\"url\":\"https:\/\/radiolifefm.com.br\/noticias\/\",\"logo\":{\"@type\":\"ImageObject\",\"inLanguage\":\"pt-BR\",\"@id\":\"https:\/\/radiolifefm.com.br\/noticias\/#\/schema\/logo\/image\/\",\"url\":\"https:\/\/static.radiolifefm.com.br\/noticias\/wp-content\/uploads\/2019\/10\/logo-lifefm.png\",\"contentUrl\":\"https:\/\/static.radiolifefm.com.br\/noticias\/wp-content\/uploads\/2019\/10\/logo-lifefm.png\",\"width\":196,\"height\":47,\"caption\":\"R\u00e1dio Life FM\"},\"image\":{\"@id\":\"https:\/\/radiolifefm.com.br\/noticias\/#\/schema\/logo\/image\/\"},\"sameAs\":[\"https:\/\/www.facebook.com\/radiolifefm\/\",\"https:\/\/www.instagram.com\/life1079fm\/\"]},{\"@type\":\"Person\",\"@id\":\"https:\/\/radiolifefm.com.br\/noticias\/#\/schema\/person\/6339b9fac59d12b071dec680d7375d87\",\"name\":\"ritanery\",\"image\":{\"@type\":\"ImageObject\",\"inLanguage\":\"pt-BR\",\"@id\":\"https:\/\/secure.gravatar.com\/avatar\/0e37bb19071f47c0b8a23f62a903df117c5a0e75f65a0c2901562f97cd41cf86?s=96&d=mm&r=g\",\"url\":\"https:\/\/secure.gravatar.com\/avatar\/0e37bb19071f47c0b8a23f62a903df117c5a0e75f65a0c2901562f97cd41cf86?s=96&d=mm&r=g\",\"contentUrl\":\"https:\/\/secure.gravatar.com\/avatar\/0e37bb19071f47c0b8a23f62a903df117c5a0e75f65a0c2901562f97cd41cf86?s=96&d=mm&r=g\",\"caption\":\"ritanery\"}}]}<\/script>\n<!-- \/ Yoast SEO plugin. -->","yoast_head_json":{"title":"Prefeitura de Adamantina divulga Programa\u00e7\u00e3o do Natal M\u00e1gico 2021 - R\u00e1dio Life FM","robots":{"index":"index","follow":"follow","max-snippet":"max-snippet:-1","max-image-preview":"max-image-preview:large","max-video-preview":"max-video-preview:-1"},"canonical":"https:\/\/radiolifefm.com.br\/noticias\/prefeitura-de-adamantina-divulga-programacao-do-natal-magico-2021\/","og_locale":"pt_BR","og_type":"article","og_title":"Prefeitura de Adamantina divulga Programa\u00e7\u00e3o do Natal M\u00e1gico 2021 - R\u00e1dio Life FM","og_description":"Dezembro. Esse \u00e9 um m\u00eas muito aguardado devido \u00e0s celebra\u00e7\u00f5es que s\u00e3o realizadas no per\u00edodo. Sabendo disso, a Prefeitura de Adamantina, por meio da Secretaria de Cultura e Turismo e Fundo Social de Solidariedade, preparou uma programa\u00e7\u00e3o especial que ser\u00e1 realizada de 13 a 23 de dezembro. A primeira atividade ser\u00e1 a t\u00e3o esperada chegada [&hellip;]","og_url":"https:\/\/radiolifefm.com.br\/noticias\/prefeitura-de-adamantina-divulga-programacao-do-natal-magico-2021\/","og_site_name":"R\u00e1dio Life FM","article_publisher":"https:\/\/www.facebook.com\/radiolifefm\/","article_published_time":"2021-12-03T01:41:34+00:00","article_modified_time":"2026-04-07T10:59:17+00:00","og_image":[{"width":848,"height":375,"url":"https:\/\/radiolifefm.com.br\/noticias\/wp-content\/uploads\/2021\/12\/e7544df9b65d8c9c0416083c60dcef32.jpg","type":"image\/jpeg"}],"author":"ritanery","twitter_card":"summary_large_image","twitter_misc":{"Escrito por":"ritanery","Est. tempo de leitura":"2 minutos"},"schema":{"@context":"https:\/\/schema.org","@graph":[{"@type":"Article","@id":"https:\/\/radiolifefm.com.br\/noticias\/prefeitura-de-adamantina-divulga-programacao-do-natal-magico-2021\/#article","isPartOf":{"@id":"https:\/\/radiolifefm.com.br\/noticias\/prefeitura-de-adamantina-divulga-programacao-do-natal-magico-2021\/"},"author":{"name":"ritanery","@id":"https:\/\/radiolifefm.com.br\/noticias\/#\/schema\/person\/6339b9fac59d12b071dec680d7375d87"},"headline":"Prefeitura de Adamantina divulga Programa\u00e7\u00e3o do Natal M\u00e1gico 2021","datePublished":"2021-12-03T01:41:34+00:00","dateModified":"2026-04-07T10:59:17+00:00","mainEntityOfPage":{"@id":"https:\/\/radiolifefm.com.br\/noticias\/prefeitura-de-adamantina-divulga-programacao-do-natal-magico-2021\/"},"wordCount":467,"publisher":{"@id":"https:\/\/radiolifefm.com.br\/noticias\/#organization"},"image":{"@id":"https:\/\/radiolifefm.com.br\/noticias\/prefeitura-de-adamantina-divulga-programacao-do-natal-magico-2021\/#primaryimage"},"thumbnailUrl":"https:\/\/radiolifefm.com.br\/noticias\/wp-content\/uploads\/2021\/12\/e7544df9b65d8c9c0416083c60dcef32.jpg","articleSection":["Adamantina"],"inLanguage":"pt-BR"},{"@type":"WebPage","@id":"https:\/\/radiolifefm.com.br\/noticias\/prefeitura-de-adamantina-divulga-programacao-do-natal-magico-2021\/","url":"https:\/\/radiolifefm.com.br\/noticias\/prefeitura-de-adamantina-divulga-programacao-do-natal-magico-2021\/","name":"Prefeitura de Adamantina divulga Programa\u00e7\u00e3o do Natal M\u00e1gico 2021 - R\u00e1dio Life FM","isPartOf":{"@id":"https:\/\/radiolifefm.com.br\/noticias\/#website"},"primaryImageOfPage":{"@id":"https:\/\/radiolifefm.com.br\/noticias\/prefeitura-de-adamantina-divulga-programacao-do-natal-magico-2021\/#primaryimage"},"image":{"@id":"https:\/\/radiolifefm.com.br\/noticias\/prefeitura-de-adamantina-divulga-programacao-do-natal-magico-2021\/#primaryimage"},"thumbnailUrl":"https:\/\/radiolifefm.com.br\/noticias\/wp-content\/uploads\/2021\/12\/e7544df9b65d8c9c0416083c60dcef32.jpg","datePublished":"2021-12-03T01:41:34+00:00","dateModified":"2026-04-07T10:59:17+00:00","breadcrumb":{"@id":"https:\/\/radiolifefm.com.br\/noticias\/prefeitura-de-adamantina-divulga-programacao-do-natal-magico-2021\/#breadcrumb"},"inLanguage":"pt-BR","potentialAction":[{"@type":"ReadAction","target":["https:\/\/radiolifefm.com.br\/noticias\/prefeitura-de-adamantina-divulga-programacao-do-natal-magico-2021\/"]}]},{"@type":"ImageObject","inLanguage":"pt-BR","@id":"https:\/\/radiolifefm.com.br\/noticias\/prefeitura-de-adamantina-divulga-programacao-do-natal-magico-2021\/#primaryimage","url":"https:\/\/radiolifefm.com.br\/noticias\/wp-content\/uploads\/2021\/12\/e7544df9b65d8c9c0416083c60dcef32.jpg","contentUrl":"https:\/\/radiolifefm.com.br\/noticias\/wp-content\/uploads\/2021\/12\/e7544df9b65d8c9c0416083c60dcef32.jpg","width":848,"height":375,"caption":"Papai Noel chegar\u00e1 na segunda-feira, dia 13, a partir das 20h"},{"@type":"BreadcrumbList","@id":"https:\/\/radiolifefm.com.br\/noticias\/prefeitura-de-adamantina-divulga-programacao-do-natal-magico-2021\/#breadcrumb","itemListElement":[{"@type":"ListItem","position":1,"name":"In\u00edcio","item":"https:\/\/radiolifefm.com.br\/noticias\/"},{"@type":"ListItem","position":2,"name":"Prefeitura de Adamantina divulga Programa\u00e7\u00e3o do Natal M\u00e1gico 2021"}]},{"@type":"WebSite","@id":"https:\/\/radiolifefm.com.br\/noticias\/#website","url":"https:\/\/radiolifefm.com.br\/noticias\/","name":"R\u00e1dio Life FM","description":"O Portal de Not\u00edcias de Adamantina","publisher":{"@id":"https:\/\/radiolifefm.com.br\/noticias\/#organization"},"alternateName":"Life FM","potentialAction":[{"@type":"SearchAction","target":{"@type":"EntryPoint","urlTemplate":"https:\/\/radiolifefm.com.br\/noticias\/?s={search_term_string}"},"query-input":{"@type":"PropertyValueSpecification","valueRequired":true,"valueName":"search_term_string"}}],"inLanguage":"pt-BR"},{"@type":"Organization","@id":"https:\/\/radiolifefm.com.br\/noticias\/#organization","name":"R\u00e1dio Life FM","alternateName":"Life FM","url":"https:\/\/radiolifefm.com.br\/noticias\/","logo":{"@type":"ImageObject","inLanguage":"pt-BR","@id":"https:\/\/radiolifefm.com.br\/noticias\/#\/schema\/logo\/image\/","url":"https:\/\/static.radiolifefm.com.br\/noticias\/wp-content\/uploads\/2019\/10\/logo-lifefm.png","contentUrl":"https:\/\/static.radiolifefm.com.br\/noticias\/wp-content\/uploads\/2019\/10\/logo-lifefm.png","width":196,"height":47,"caption":"R\u00e1dio Life FM"},"image":{"@id":"https:\/\/radiolifefm.com.br\/noticias\/#\/schema\/logo\/image\/"},"sameAs":["https:\/\/www.facebook.com\/radiolifefm\/","https:\/\/www.instagram.com\/life1079fm\/"]},{"@type":"Person","@id":"https:\/\/radiolifefm.com.br\/noticias\/#\/schema\/person\/6339b9fac59d12b071dec680d7375d87","name":"ritanery","image":{"@type":"ImageObject","inLanguage":"pt-BR","@id":"https:\/\/secure.gravatar.com\/avatar\/0e37bb19071f47c0b8a23f62a903df117c5a0e75f65a0c2901562f97cd41cf86?s=96&d=mm&r=g","url":"https:\/\/secure.gravatar.com\/avatar\/0e37bb19071f47c0b8a23f62a903df117c5a0e75f65a0c2901562f97cd41cf86?s=96&d=mm&r=g","contentUrl":"https:\/\/secure.gravatar.com\/avatar\/0e37bb19071f47c0b8a23f62a903df117c5a0e75f65a0c2901562f97cd41cf86?s=96&d=mm&r=g","caption":"ritanery"}}]}},"amp_enabled":true,"_links":{"self":[{"href":"https:\/\/radiolifefm.com.br\/noticias\/wp-json\/wp\/v2\/posts\/46486","targetHints":{"allow":["GET"]}}],"collection":[{"href":"https:\/\/radiolifefm.com.br\/noticias\/wp-json\/wp\/v2\/posts"}],"about":[{"href":"https:\/\/radiolifefm.com.br\/noticias\/wp-json\/wp\/v2\/types\/post"}],"author":[{"embeddable":true,"href":"https:\/\/radiolifefm.com.br\/noticias\/wp-json\/wp\/v2\/users\/13"}],"replies":[{"embeddable":true,"href":"https:\/\/radiolifefm.com.br\/noticias\/wp-json\/wp\/v2\/comments?post=46486"}],"version-history":[{"count":4,"href":"https:\/\/radiolifefm.com.br\/noticias\/wp-json\/wp\/v2\/posts\/46486\/revisions"}],"predecessor-version":[{"id":46491,"href":"https:\/\/radiolifefm.com.br\/noticias\/wp-json\/wp\/v2\/posts\/46486\/revisions\/46491"}],"wp:featuredmedia":[{"embeddable":true,"href":"https:\/\/radiolifefm.com.br\/noticias\/wp-json\/wp\/v2\/media\/46487"}],"wp:attachment":[{"href":"https:\/\/radiolifefm.com.br\/noticias\/wp-json\/wp\/v2\/media?parent=46486"}],"wp:term":[{"taxonomy":"category","embeddable":true,"href":"https:\/\/radiolifefm.com.br\/noticias\/wp-json\/wp\/v2\/categories?post=46486"},{"taxonomy":"post_tag","embeddable":true,"href":"https:\/\/radiolifefm.com.br\/noticias\/wp-json\/wp\/v2\/tags?post=46486"}],"curies":[{"name":"wp","href":"https:\/\/api.w.org\/{rel}","templated":true}]}}