{"id":46241,"date":"2021-11-26T23:11:13","date_gmt":"2021-11-27T02:11:13","guid":{"rendered":"https:\/\/radiolifefm.com.br\/noticias\/?p=46241"},"modified":"2026-04-09T13:35:54","modified_gmt":"2026-04-09T16:35:54","slug":"homem-misterioso-esta-em-adamantina-sem-falar-ele-realiza-gestos-solidariosadamantina","status":"publish","type":"post","link":"https:\/\/radiolifefm.com.br\/noticias\/homem-misterioso-esta-em-adamantina-sem-falar-ele-realiza-gestos-solidariosadamantina\/","title":{"rendered":"Homem misterioso, est\u00e1 em Adamantina, sem falar ele  realiza gestos solid\u00e1rios"},"content":{"rendered":"<div id=\"fb-root\"><\/div>\n<p>O homem que est\u00e1 circulando pelas ruas de Adamantina est\u00e1 sendo observado de perto e de longe, de poucas palavras e gestos solid\u00e1rios e nobres ele tem despertado a curiosidade de muitos pois num calor de mais de 30\u00b0 graus ele se veste como santo ou sacerdote, a impress\u00e3o que passa \u00e0s pessoas que veio para Adamantina em miss\u00e3o de paz, sem gritos, sem b\u00edblia, sem causar tumultos ele marca presen\u00e7a de forma diferente atrav\u00e9s do seu jeito de se vestir e agir.<\/p>\n<p>Relatos chegaram at\u00e9 a reportagem da R\u00e1dio Life FM que ele comprou 2 Marmitex e quando foi pagar o dono do restaurante deu os marmitex, ele deu uma das marmitex \u00e0 uma pessoa que estava em estado de vulnerabilidade na Av. Capit\u00e3o Jos\u00e9 Ant\u00f4nio de Oliveira.<\/p>\n<p>Esteve no CIS com a miss\u00e3o de agradecer os profissionais da sa\u00fade pela dedica\u00e7\u00e3o e trabalho \u00e1rdua contra a Covid 19, ao come\u00e7ar falar com enfermeiro mais pr\u00f3ximo, foi ignorado, sua forma estranha\u00a0 de se vestir causa v\u00e1rias sensa\u00e7\u00f5es, medo, receio de se aproximar.<\/p>\n<p>Informa\u00e7\u00f5es extra &#8211; oficiais afirmaram\u00a0 que no pr\u00f3ximo domingo estar\u00e1 na feira da esta\u00e7\u00e3o recreio.<\/p>\n<p>Ele passou na Drogaria Ultra Popular bateu cajado forte no ch\u00e3o, pesou e n\u00e3o disse nada, quem passou esses detalhes foi colaboradores da Drogaria Ultra Popular.<\/p>\n<p>Coment\u00e1rios nas redes sociais se dividem entre respeita-lo e outros ter medo de ser algu\u00e9m com m\u00e1s inten\u00e7\u00f5es.<\/p>\n<p>De qualquer forma se faz necess\u00e1rio ficar atento ao passos e gestos\u00a0 do homem.<\/p>\n<p>&nbsp;<\/p>\n<p>A medida que as informa\u00e7\u00f5es chegarem vamos averiguar e informar.<\/p>\n<div class='flex flex-wrap items-center -mx-1'>\r\n<a class='thumbnail gallery p-1 w-1\/2 md:w-1\/4' href='https:\/\/radiolifefm.com.br\/noticias\/wp-content\/uploads\/2021\/11\/WhatsApp-Image-2021-11-26-at-23.02.23.jpeg'><img class='border border-white' src='https:\/\/radiolifefm.com.br\/noticias\/wp-content\/uploads\/2021\/11\/WhatsApp-Image-2021-11-26-at-23.02.23-200x200.jpeg' alt='WhatsApp Image 2021 11 26 At 23.02.23' \/><\/a><a class='thumbnail gallery p-1 w-1\/2 md:w-1\/4' href='https:\/\/radiolifefm.com.br\/noticias\/wp-content\/uploads\/2021\/11\/WhatsApp-Image-2021-11-26-at-23.02.22.jpeg'><img class='border border-white' src='https:\/\/radiolifefm.com.br\/noticias\/wp-content\/uploads\/2021\/11\/WhatsApp-Image-2021-11-26-at-23.02.22-200x200.jpeg' alt='WhatsApp Image 2021 11 26 At 23.02.22' \/><\/a><a class='thumbnail gallery p-1 w-1\/2 md:w-1\/4' href='https:\/\/radiolifefm.com.br\/noticias\/wp-content\/uploads\/2021\/11\/WhatsApp-Image-2021-11-26-at-22.54.54.jpeg'><img class='border border-white' src='https:\/\/radiolifefm.com.br\/noticias\/wp-content\/uploads\/2021\/11\/WhatsApp-Image-2021-11-26-at-22.54.54-200x200.jpeg' alt='WhatsApp Image 2021 11 26 At 22.54.54' \/><\/a><\/div>\n","protected":false},"excerpt":{"rendered":"<p>O homem que est\u00e1 circulando pelas ruas de Adamantina est\u00e1 sendo observado de perto e de longe, de poucas palavras e gestos solid\u00e1rios e nobres ele tem despertado a curiosidade de muitos pois num calor de mais de 30\u00b0 graus ele se veste como santo ou sacerdote, a impress\u00e3o que passa \u00e0s pessoas que veio [&hellip;]<\/p>\n","protected":false},"author":13,"featured_media":46246,"comment_status":"open","ping_status":"open","sticky":false,"template":"","format":"standard","meta":{"_acf_changed":false,"_exactmetrics_skip_tracking":false,"_exactmetrics_sitenote_active":false,"_exactmetrics_sitenote_note":"","_exactmetrics_sitenote_category":0,"footnotes":""},"categories":[21],"tags":[],"class_list":["post-46241","post","type-post","status-publish","format-standard","has-post-thumbnail","hentry","category-adamantina"],"acf":[],"yoast_head":"<!-- This site is optimized with the Yoast SEO plugin v27.2 - https:\/\/yoast.com\/product\/yoast-seo-wordpress\/ -->\n<title>Homem misterioso, est\u00e1 em Adamantina, sem falar ele realiza gestos solid\u00e1rios - R\u00e1dio Life FM<\/title>\n<meta name=\"robots\" content=\"index, follow, max-snippet:-1, max-image-preview:large, max-video-preview:-1\" \/>\n<link rel=\"canonical\" href=\"https:\/\/radiolifefm.com.br\/noticias\/homem-misterioso-esta-em-adamantina-sem-falar-ele-realiza-gestos-solidariosadamantina\/\" \/>\n<meta property=\"og:locale\" content=\"pt_BR\" \/>\n<meta property=\"og:type\" content=\"article\" \/>\n<meta property=\"og:title\" content=\"Homem misterioso, est\u00e1 em Adamantina, sem falar ele realiza gestos solid\u00e1rios - R\u00e1dio Life FM\" \/>\n<meta property=\"og:description\" content=\"O homem que est\u00e1 circulando pelas ruas de Adamantina est\u00e1 sendo observado de perto e de longe, de poucas palavras e gestos solid\u00e1rios e nobres ele tem despertado a curiosidade de muitos pois num calor de mais de 30\u00b0 graus ele se veste como santo ou sacerdote, a impress\u00e3o que passa \u00e0s pessoas que veio [&hellip;]\" \/>\n<meta property=\"og:url\" content=\"https:\/\/radiolifefm.com.br\/noticias\/homem-misterioso-esta-em-adamantina-sem-falar-ele-realiza-gestos-solidariosadamantina\/\" \/>\n<meta property=\"og:site_name\" content=\"R\u00e1dio Life FM\" \/>\n<meta property=\"article:publisher\" content=\"https:\/\/www.facebook.com\/radiolifefm\/\" \/>\n<meta property=\"article:published_time\" content=\"2021-11-27T02:11:13+00:00\" \/>\n<meta property=\"article:modified_time\" content=\"2026-04-09T16:35:54+00:00\" \/>\n<meta property=\"og:image\" content=\"https:\/\/radiolifefm.com.br\/noticias\/wp-content\/uploads\/2021\/11\/WhatsApp-Image-2021-11-26-at-22.54.54-1.jpeg\" \/>\n\t<meta property=\"og:image:width\" content=\"517\" \/>\n\t<meta property=\"og:image:height\" content=\"451\" \/>\n\t<meta property=\"og:image:type\" content=\"image\/jpeg\" \/>\n<meta name=\"author\" content=\"ritanery\" \/>\n<meta name=\"twitter:card\" content=\"summary_large_image\" \/>\n<meta name=\"twitter:label1\" content=\"Escrito por\" \/>\n\t<meta name=\"twitter:data1\" content=\"ritanery\" \/>\n\t<meta name=\"twitter:label2\" content=\"Est. tempo de leitura\" \/>\n\t<meta name=\"twitter:data2\" content=\"2 minutos\" \/>\n<script type=\"application\/ld+json\" class=\"yoast-schema-graph\">{\"@context\":\"https:\/\/schema.org\",\"@graph\":[{\"@type\":\"Article\",\"@id\":\"https:\/\/radiolifefm.com.br\/noticias\/homem-misterioso-esta-em-adamantina-sem-falar-ele-realiza-gestos-solidariosadamantina\/#article\",\"isPartOf\":{\"@id\":\"https:\/\/radiolifefm.com.br\/noticias\/homem-misterioso-esta-em-adamantina-sem-falar-ele-realiza-gestos-solidariosadamantina\/\"},\"author\":{\"name\":\"ritanery\",\"@id\":\"https:\/\/radiolifefm.com.br\/noticias\/#\/schema\/person\/6339b9fac59d12b071dec680d7375d87\"},\"headline\":\"Homem misterioso, est\u00e1 em Adamantina, sem falar ele realiza gestos solid\u00e1rios\",\"datePublished\":\"2021-11-27T02:11:13+00:00\",\"dateModified\":\"2026-04-09T16:35:54+00:00\",\"mainEntityOfPage\":{\"@id\":\"https:\/\/radiolifefm.com.br\/noticias\/homem-misterioso-esta-em-adamantina-sem-falar-ele-realiza-gestos-solidariosadamantina\/\"},\"wordCount\":296,\"commentCount\":0,\"publisher\":{\"@id\":\"https:\/\/radiolifefm.com.br\/noticias\/#organization\"},\"image\":{\"@id\":\"https:\/\/radiolifefm.com.br\/noticias\/homem-misterioso-esta-em-adamantina-sem-falar-ele-realiza-gestos-solidariosadamantina\/#primaryimage\"},\"thumbnailUrl\":\"https:\/\/radiolifefm.com.br\/noticias\/wp-content\/uploads\/2021\/11\/WhatsApp-Image-2021-11-26-at-22.54.54-1.jpeg\",\"articleSection\":[\"Adamantina\"],\"inLanguage\":\"pt-BR\",\"potentialAction\":[{\"@type\":\"CommentAction\",\"name\":\"Comment\",\"target\":[\"https:\/\/radiolifefm.com.br\/noticias\/homem-misterioso-esta-em-adamantina-sem-falar-ele-realiza-gestos-solidariosadamantina\/#respond\"]}]},{\"@type\":\"WebPage\",\"@id\":\"https:\/\/radiolifefm.com.br\/noticias\/homem-misterioso-esta-em-adamantina-sem-falar-ele-realiza-gestos-solidariosadamantina\/\",\"url\":\"https:\/\/radiolifefm.com.br\/noticias\/homem-misterioso-esta-em-adamantina-sem-falar-ele-realiza-gestos-solidariosadamantina\/\",\"name\":\"Homem misterioso, est\u00e1 em Adamantina, sem falar ele realiza gestos solid\u00e1rios - R\u00e1dio Life FM\",\"isPartOf\":{\"@id\":\"https:\/\/radiolifefm.com.br\/noticias\/#website\"},\"primaryImageOfPage\":{\"@id\":\"https:\/\/radiolifefm.com.br\/noticias\/homem-misterioso-esta-em-adamantina-sem-falar-ele-realiza-gestos-solidariosadamantina\/#primaryimage\"},\"image\":{\"@id\":\"https:\/\/radiolifefm.com.br\/noticias\/homem-misterioso-esta-em-adamantina-sem-falar-ele-realiza-gestos-solidariosadamantina\/#primaryimage\"},\"thumbnailUrl\":\"https:\/\/radiolifefm.com.br\/noticias\/wp-content\/uploads\/2021\/11\/WhatsApp-Image-2021-11-26-at-22.54.54-1.jpeg\",\"datePublished\":\"2021-11-27T02:11:13+00:00\",\"dateModified\":\"2026-04-09T16:35:54+00:00\",\"breadcrumb\":{\"@id\":\"https:\/\/radiolifefm.com.br\/noticias\/homem-misterioso-esta-em-adamantina-sem-falar-ele-realiza-gestos-solidariosadamantina\/#breadcrumb\"},\"inLanguage\":\"pt-BR\",\"potentialAction\":[{\"@type\":\"ReadAction\",\"target\":[\"https:\/\/radiolifefm.com.br\/noticias\/homem-misterioso-esta-em-adamantina-sem-falar-ele-realiza-gestos-solidariosadamantina\/\"]}]},{\"@type\":\"ImageObject\",\"inLanguage\":\"pt-BR\",\"@id\":\"https:\/\/radiolifefm.com.br\/noticias\/homem-misterioso-esta-em-adamantina-sem-falar-ele-realiza-gestos-solidariosadamantina\/#primaryimage\",\"url\":\"https:\/\/radiolifefm.com.br\/noticias\/wp-content\/uploads\/2021\/11\/WhatsApp-Image-2021-11-26-at-22.54.54-1.jpeg\",\"contentUrl\":\"https:\/\/radiolifefm.com.br\/noticias\/wp-content\/uploads\/2021\/11\/WhatsApp-Image-2021-11-26-at-22.54.54-1.jpeg\",\"width\":517,\"height\":451},{\"@type\":\"BreadcrumbList\",\"@id\":\"https:\/\/radiolifefm.com.br\/noticias\/homem-misterioso-esta-em-adamantina-sem-falar-ele-realiza-gestos-solidariosadamantina\/#breadcrumb\",\"itemListElement\":[{\"@type\":\"ListItem\",\"position\":1,\"name\":\"In\u00edcio\",\"item\":\"https:\/\/radiolifefm.com.br\/noticias\/\"},{\"@type\":\"ListItem\",\"position\":2,\"name\":\"Homem misterioso, est\u00e1 em Adamantina, sem falar ele realiza gestos solid\u00e1rios\"}]},{\"@type\":\"WebSite\",\"@id\":\"https:\/\/radiolifefm.com.br\/noticias\/#website\",\"url\":\"https:\/\/radiolifefm.com.br\/noticias\/\",\"name\":\"R\u00e1dio Life FM\",\"description\":\"O Portal de Not\u00edcias de Adamantina\",\"publisher\":{\"@id\":\"https:\/\/radiolifefm.com.br\/noticias\/#organization\"},\"alternateName\":\"Life FM\",\"potentialAction\":[{\"@type\":\"SearchAction\",\"target\":{\"@type\":\"EntryPoint\",\"urlTemplate\":\"https:\/\/radiolifefm.com.br\/noticias\/?s={search_term_string}\"},\"query-input\":{\"@type\":\"PropertyValueSpecification\",\"valueRequired\":true,\"valueName\":\"search_term_string\"}}],\"inLanguage\":\"pt-BR\"},{\"@type\":\"Organization\",\"@id\":\"https:\/\/radiolifefm.com.br\/noticias\/#organization\",\"name\":\"R\u00e1dio Life FM\",\"alternateName\":\"Life FM\",\"url\":\"https:\/\/radiolifefm.com.br\/noticias\/\",\"logo\":{\"@type\":\"ImageObject\",\"inLanguage\":\"pt-BR\",\"@id\":\"https:\/\/radiolifefm.com.br\/noticias\/#\/schema\/logo\/image\/\",\"url\":\"https:\/\/static.radiolifefm.com.br\/noticias\/wp-content\/uploads\/2019\/10\/logo-lifefm.png\",\"contentUrl\":\"https:\/\/static.radiolifefm.com.br\/noticias\/wp-content\/uploads\/2019\/10\/logo-lifefm.png\",\"width\":196,\"height\":47,\"caption\":\"R\u00e1dio Life FM\"},\"image\":{\"@id\":\"https:\/\/radiolifefm.com.br\/noticias\/#\/schema\/logo\/image\/\"},\"sameAs\":[\"https:\/\/www.facebook.com\/radiolifefm\/\",\"https:\/\/www.instagram.com\/life1079fm\/\"]},{\"@type\":\"Person\",\"@id\":\"https:\/\/radiolifefm.com.br\/noticias\/#\/schema\/person\/6339b9fac59d12b071dec680d7375d87\",\"name\":\"ritanery\",\"image\":{\"@type\":\"ImageObject\",\"inLanguage\":\"pt-BR\",\"@id\":\"https:\/\/secure.gravatar.com\/avatar\/0e37bb19071f47c0b8a23f62a903df117c5a0e75f65a0c2901562f97cd41cf86?s=96&d=mm&r=g\",\"url\":\"https:\/\/secure.gravatar.com\/avatar\/0e37bb19071f47c0b8a23f62a903df117c5a0e75f65a0c2901562f97cd41cf86?s=96&d=mm&r=g\",\"contentUrl\":\"https:\/\/secure.gravatar.com\/avatar\/0e37bb19071f47c0b8a23f62a903df117c5a0e75f65a0c2901562f97cd41cf86?s=96&d=mm&r=g\",\"caption\":\"ritanery\"}}]}<\/script>\n<!-- \/ Yoast SEO plugin. -->","yoast_head_json":{"title":"Homem misterioso, est\u00e1 em Adamantina, sem falar ele realiza gestos solid\u00e1rios - R\u00e1dio Life FM","robots":{"index":"index","follow":"follow","max-snippet":"max-snippet:-1","max-image-preview":"max-image-preview:large","max-video-preview":"max-video-preview:-1"},"canonical":"https:\/\/radiolifefm.com.br\/noticias\/homem-misterioso-esta-em-adamantina-sem-falar-ele-realiza-gestos-solidariosadamantina\/","og_locale":"pt_BR","og_type":"article","og_title":"Homem misterioso, est\u00e1 em Adamantina, sem falar ele realiza gestos solid\u00e1rios - R\u00e1dio Life FM","og_description":"O homem que est\u00e1 circulando pelas ruas de Adamantina est\u00e1 sendo observado de perto e de longe, de poucas palavras e gestos solid\u00e1rios e nobres ele tem despertado a curiosidade de muitos pois num calor de mais de 30\u00b0 graus ele se veste como santo ou sacerdote, a impress\u00e3o que passa \u00e0s pessoas que veio [&hellip;]","og_url":"https:\/\/radiolifefm.com.br\/noticias\/homem-misterioso-esta-em-adamantina-sem-falar-ele-realiza-gestos-solidariosadamantina\/","og_site_name":"R\u00e1dio Life FM","article_publisher":"https:\/\/www.facebook.com\/radiolifefm\/","article_published_time":"2021-11-27T02:11:13+00:00","article_modified_time":"2026-04-09T16:35:54+00:00","og_image":[{"width":517,"height":451,"url":"https:\/\/radiolifefm.com.br\/noticias\/wp-content\/uploads\/2021\/11\/WhatsApp-Image-2021-11-26-at-22.54.54-1.jpeg","type":"image\/jpeg"}],"author":"ritanery","twitter_card":"summary_large_image","twitter_misc":{"Escrito por":"ritanery","Est. tempo de leitura":"2 minutos"},"schema":{"@context":"https:\/\/schema.org","@graph":[{"@type":"Article","@id":"https:\/\/radiolifefm.com.br\/noticias\/homem-misterioso-esta-em-adamantina-sem-falar-ele-realiza-gestos-solidariosadamantina\/#article","isPartOf":{"@id":"https:\/\/radiolifefm.com.br\/noticias\/homem-misterioso-esta-em-adamantina-sem-falar-ele-realiza-gestos-solidariosadamantina\/"},"author":{"name":"ritanery","@id":"https:\/\/radiolifefm.com.br\/noticias\/#\/schema\/person\/6339b9fac59d12b071dec680d7375d87"},"headline":"Homem misterioso, est\u00e1 em Adamantina, sem falar ele realiza gestos solid\u00e1rios","datePublished":"2021-11-27T02:11:13+00:00","dateModified":"2026-04-09T16:35:54+00:00","mainEntityOfPage":{"@id":"https:\/\/radiolifefm.com.br\/noticias\/homem-misterioso-esta-em-adamantina-sem-falar-ele-realiza-gestos-solidariosadamantina\/"},"wordCount":296,"commentCount":0,"publisher":{"@id":"https:\/\/radiolifefm.com.br\/noticias\/#organization"},"image":{"@id":"https:\/\/radiolifefm.com.br\/noticias\/homem-misterioso-esta-em-adamantina-sem-falar-ele-realiza-gestos-solidariosadamantina\/#primaryimage"},"thumbnailUrl":"https:\/\/radiolifefm.com.br\/noticias\/wp-content\/uploads\/2021\/11\/WhatsApp-Image-2021-11-26-at-22.54.54-1.jpeg","articleSection":["Adamantina"],"inLanguage":"pt-BR","potentialAction":[{"@type":"CommentAction","name":"Comment","target":["https:\/\/radiolifefm.com.br\/noticias\/homem-misterioso-esta-em-adamantina-sem-falar-ele-realiza-gestos-solidariosadamantina\/#respond"]}]},{"@type":"WebPage","@id":"https:\/\/radiolifefm.com.br\/noticias\/homem-misterioso-esta-em-adamantina-sem-falar-ele-realiza-gestos-solidariosadamantina\/","url":"https:\/\/radiolifefm.com.br\/noticias\/homem-misterioso-esta-em-adamantina-sem-falar-ele-realiza-gestos-solidariosadamantina\/","name":"Homem misterioso, est\u00e1 em Adamantina, sem falar ele realiza gestos solid\u00e1rios - R\u00e1dio Life FM","isPartOf":{"@id":"https:\/\/radiolifefm.com.br\/noticias\/#website"},"primaryImageOfPage":{"@id":"https:\/\/radiolifefm.com.br\/noticias\/homem-misterioso-esta-em-adamantina-sem-falar-ele-realiza-gestos-solidariosadamantina\/#primaryimage"},"image":{"@id":"https:\/\/radiolifefm.com.br\/noticias\/homem-misterioso-esta-em-adamantina-sem-falar-ele-realiza-gestos-solidariosadamantina\/#primaryimage"},"thumbnailUrl":"https:\/\/radiolifefm.com.br\/noticias\/wp-content\/uploads\/2021\/11\/WhatsApp-Image-2021-11-26-at-22.54.54-1.jpeg","datePublished":"2021-11-27T02:11:13+00:00","dateModified":"2026-04-09T16:35:54+00:00","breadcrumb":{"@id":"https:\/\/radiolifefm.com.br\/noticias\/homem-misterioso-esta-em-adamantina-sem-falar-ele-realiza-gestos-solidariosadamantina\/#breadcrumb"},"inLanguage":"pt-BR","potentialAction":[{"@type":"ReadAction","target":["https:\/\/radiolifefm.com.br\/noticias\/homem-misterioso-esta-em-adamantina-sem-falar-ele-realiza-gestos-solidariosadamantina\/"]}]},{"@type":"ImageObject","inLanguage":"pt-BR","@id":"https:\/\/radiolifefm.com.br\/noticias\/homem-misterioso-esta-em-adamantina-sem-falar-ele-realiza-gestos-solidariosadamantina\/#primaryimage","url":"https:\/\/radiolifefm.com.br\/noticias\/wp-content\/uploads\/2021\/11\/WhatsApp-Image-2021-11-26-at-22.54.54-1.jpeg","contentUrl":"https:\/\/radiolifefm.com.br\/noticias\/wp-content\/uploads\/2021\/11\/WhatsApp-Image-2021-11-26-at-22.54.54-1.jpeg","width":517,"height":451},{"@type":"BreadcrumbList","@id":"https:\/\/radiolifefm.com.br\/noticias\/homem-misterioso-esta-em-adamantina-sem-falar-ele-realiza-gestos-solidariosadamantina\/#breadcrumb","itemListElement":[{"@type":"ListItem","position":1,"name":"In\u00edcio","item":"https:\/\/radiolifefm.com.br\/noticias\/"},{"@type":"ListItem","position":2,"name":"Homem misterioso, est\u00e1 em Adamantina, sem falar ele realiza gestos solid\u00e1rios"}]},{"@type":"WebSite","@id":"https:\/\/radiolifefm.com.br\/noticias\/#website","url":"https:\/\/radiolifefm.com.br\/noticias\/","name":"R\u00e1dio Life FM","description":"O Portal de Not\u00edcias de Adamantina","publisher":{"@id":"https:\/\/radiolifefm.com.br\/noticias\/#organization"},"alternateName":"Life FM","potentialAction":[{"@type":"SearchAction","target":{"@type":"EntryPoint","urlTemplate":"https:\/\/radiolifefm.com.br\/noticias\/?s={search_term_string}"},"query-input":{"@type":"PropertyValueSpecification","valueRequired":true,"valueName":"search_term_string"}}],"inLanguage":"pt-BR"},{"@type":"Organization","@id":"https:\/\/radiolifefm.com.br\/noticias\/#organization","name":"R\u00e1dio Life FM","alternateName":"Life FM","url":"https:\/\/radiolifefm.com.br\/noticias\/","logo":{"@type":"ImageObject","inLanguage":"pt-BR","@id":"https:\/\/radiolifefm.com.br\/noticias\/#\/schema\/logo\/image\/","url":"https:\/\/static.radiolifefm.com.br\/noticias\/wp-content\/uploads\/2019\/10\/logo-lifefm.png","contentUrl":"https:\/\/static.radiolifefm.com.br\/noticias\/wp-content\/uploads\/2019\/10\/logo-lifefm.png","width":196,"height":47,"caption":"R\u00e1dio Life FM"},"image":{"@id":"https:\/\/radiolifefm.com.br\/noticias\/#\/schema\/logo\/image\/"},"sameAs":["https:\/\/www.facebook.com\/radiolifefm\/","https:\/\/www.instagram.com\/life1079fm\/"]},{"@type":"Person","@id":"https:\/\/radiolifefm.com.br\/noticias\/#\/schema\/person\/6339b9fac59d12b071dec680d7375d87","name":"ritanery","image":{"@type":"ImageObject","inLanguage":"pt-BR","@id":"https:\/\/secure.gravatar.com\/avatar\/0e37bb19071f47c0b8a23f62a903df117c5a0e75f65a0c2901562f97cd41cf86?s=96&d=mm&r=g","url":"https:\/\/secure.gravatar.com\/avatar\/0e37bb19071f47c0b8a23f62a903df117c5a0e75f65a0c2901562f97cd41cf86?s=96&d=mm&r=g","contentUrl":"https:\/\/secure.gravatar.com\/avatar\/0e37bb19071f47c0b8a23f62a903df117c5a0e75f65a0c2901562f97cd41cf86?s=96&d=mm&r=g","caption":"ritanery"}}]}},"amp_enabled":true,"_links":{"self":[{"href":"https:\/\/radiolifefm.com.br\/noticias\/wp-json\/wp\/v2\/posts\/46241","targetHints":{"allow":["GET"]}}],"collection":[{"href":"https:\/\/radiolifefm.com.br\/noticias\/wp-json\/wp\/v2\/posts"}],"about":[{"href":"https:\/\/radiolifefm.com.br\/noticias\/wp-json\/wp\/v2\/types\/post"}],"author":[{"embeddable":true,"href":"https:\/\/radiolifefm.com.br\/noticias\/wp-json\/wp\/v2\/users\/13"}],"replies":[{"embeddable":true,"href":"https:\/\/radiolifefm.com.br\/noticias\/wp-json\/wp\/v2\/comments?post=46241"}],"version-history":[{"count":4,"href":"https:\/\/radiolifefm.com.br\/noticias\/wp-json\/wp\/v2\/posts\/46241\/revisions"}],"predecessor-version":[{"id":46249,"href":"https:\/\/radiolifefm.com.br\/noticias\/wp-json\/wp\/v2\/posts\/46241\/revisions\/46249"}],"wp:featuredmedia":[{"embeddable":true,"href":"https:\/\/radiolifefm.com.br\/noticias\/wp-json\/wp\/v2\/media\/46246"}],"wp:attachment":[{"href":"https:\/\/radiolifefm.com.br\/noticias\/wp-json\/wp\/v2\/media?parent=46241"}],"wp:term":[{"taxonomy":"category","embeddable":true,"href":"https:\/\/radiolifefm.com.br\/noticias\/wp-json\/wp\/v2\/categories?post=46241"},{"taxonomy":"post_tag","embeddable":true,"href":"https:\/\/radiolifefm.com.br\/noticias\/wp-json\/wp\/v2\/tags?post=46241"}],"curies":[{"name":"wp","href":"https:\/\/api.w.org\/{rel}","templated":true}]}}