{"id":45842,"date":"2021-11-19T10:28:36","date_gmt":"2021-11-19T13:28:36","guid":{"rendered":"https:\/\/radiolifefm.com.br\/noticias\/?p=45842"},"modified":"2026-04-05T17:59:07","modified_gmt":"2026-04-05T20:59:07","slug":"roda-de-samba-reune-tres-grupos-tradicionais-de-adamantina","status":"publish","type":"post","link":"https:\/\/radiolifefm.com.br\/noticias\/roda-de-samba-reune-tres-grupos-tradicionais-de-adamantina\/","title":{"rendered":"Roda de samba re\u00fane tr\u00eas grupos tradicionais de Adamantina"},"content":{"rendered":"<div id=\"fb-root\"><\/div>\n<p>Um ritmo brasileiro, mas com ess\u00eancia africana, n\u00e3o poderia faltar na Semana da Consci\u00eancia Negra em Adamantina. O samba, que nasceu no Rio de Janeiro na d\u00e9cada de 1920, na Pra\u00e7a Onze, reduto de descendentes de escravo, traz em suas letras a luta do povo negro por igualdade e liberdade.<\/p>\n<p>Conforme relata o livro A Hist\u00f3ria do Carnaval Carioca, de Eneida de Moraes, a casa de Tia Ciata, m\u00e3e de santo e cozinheira, era o ponto de encontro dos artistas da comunidade que tocavam ritmos da m\u00e3e \u00c1frica e onde foi composto o primeiro samba gravado, em 1916: Pelo Telefone, de Donga e Mauro de Almeida.<\/p>\n<p>No in\u00edcio, os cord\u00f5es tinham grupos de mascarados e uma orquestra de percuss\u00e3o, depois, surgiram porta-estandarte e mestre-sala. A primeira escola de samba, Deixa Falar, foi criada em 1928, no Est\u00e1cio, bairro bo\u00eamio da Capital carioca. E o primeiro desfile oficial de escolas de samba, na pr\u00f3pria Pra\u00e7a Onze, foi em 1933.<\/p>\n<p>Desde ent\u00e3o, o ritmo se polarizou pelo pa\u00eds, sendo uma bandeira de resist\u00eancia e, n\u00e3o \u00e0 toa, as letras de sua autoria registram a luta contra o racismo.<\/p>\n<p>E como parte da programa\u00e7\u00e3o Semana da Consci\u00eancia Negra, desenvolvida pela Secretaria de Cultura e Turismo, uma roda de samba ser\u00e1 realizada das 17h \u00e0s 19h, desta sexta-feira (18), em frente \u00e0 Biblioteca P\u00fablica Jurema Citeli.<\/p>\n<p>O evento reunir\u00e1 tr\u00eas grupos tradicionais da cidade, que v\u00e3o cantar grandes sambas da hist\u00f3ria do pa\u00eds. S\u00e3o eles: Estilo Atrevido, Comunidade do Samba e o Anima Samba.<\/p>\n<p>&#8220;Em Adamantina descobrimos que h\u00e1 cerca de tr\u00eas movimentos (grupos), que se identificam com este segmento musical e que se encontram periodicamente em bares, festas ou eventos de amigos. A ideia \u00e9 reunir todos em uma roda e cantar os sambas tradicionais, e tamb\u00e9m os novos, mostrando o ritmo que tem em sua raiz a cultura negra&#8221;, pontua o secret\u00e1rio de Cultura, S\u00e9rgio Vanderlei.<\/p>\n<p>&nbsp;<\/p>\n<p>Fonte: Assessoria de Imprensa<\/p>\n","protected":false},"excerpt":{"rendered":"<p>Um ritmo brasileiro, mas com ess\u00eancia africana, n\u00e3o poderia faltar na Semana da Consci\u00eancia Negra em Adamantina. O samba, que nasceu no Rio de Janeiro na d\u00e9cada de 1920, na Pra\u00e7a Onze, reduto de descendentes de escravo, traz em suas letras a luta do povo negro por igualdade e liberdade. Conforme relata o livro A [&hellip;]<\/p>\n","protected":false},"author":13,"featured_media":45843,"comment_status":"closed","ping_status":"open","sticky":false,"template":"","format":"standard","meta":{"_acf_changed":false,"_exactmetrics_skip_tracking":false,"_exactmetrics_sitenote_active":false,"_exactmetrics_sitenote_note":"","_exactmetrics_sitenote_category":0,"footnotes":""},"categories":[21],"tags":[],"class_list":["post-45842","post","type-post","status-publish","format-standard","has-post-thumbnail","hentry","category-adamantina"],"acf":[],"yoast_head":"<!-- This site is optimized with the Yoast SEO plugin v27.2 - https:\/\/yoast.com\/product\/yoast-seo-wordpress\/ -->\n<title>Roda de samba re\u00fane tr\u00eas grupos tradicionais de Adamantina - R\u00e1dio Life FM<\/title>\n<meta name=\"robots\" content=\"index, follow, max-snippet:-1, max-image-preview:large, max-video-preview:-1\" \/>\n<link rel=\"canonical\" href=\"https:\/\/radiolifefm.com.br\/noticias\/roda-de-samba-reune-tres-grupos-tradicionais-de-adamantina\/\" \/>\n<meta property=\"og:locale\" content=\"pt_BR\" \/>\n<meta property=\"og:type\" content=\"article\" \/>\n<meta property=\"og:title\" content=\"Roda de samba re\u00fane tr\u00eas grupos tradicionais de Adamantina - R\u00e1dio Life FM\" \/>\n<meta property=\"og:description\" content=\"Um ritmo brasileiro, mas com ess\u00eancia africana, n\u00e3o poderia faltar na Semana da Consci\u00eancia Negra em Adamantina. O samba, que nasceu no Rio de Janeiro na d\u00e9cada de 1920, na Pra\u00e7a Onze, reduto de descendentes de escravo, traz em suas letras a luta do povo negro por igualdade e liberdade. Conforme relata o livro A [&hellip;]\" \/>\n<meta property=\"og:url\" content=\"https:\/\/radiolifefm.com.br\/noticias\/roda-de-samba-reune-tres-grupos-tradicionais-de-adamantina\/\" \/>\n<meta property=\"og:site_name\" content=\"R\u00e1dio Life FM\" \/>\n<meta property=\"article:publisher\" content=\"https:\/\/www.facebook.com\/radiolifefm\/\" \/>\n<meta property=\"article:published_time\" content=\"2021-11-19T13:28:36+00:00\" \/>\n<meta property=\"article:modified_time\" content=\"2026-04-05T20:59:07+00:00\" \/>\n<meta property=\"og:image\" content=\"https:\/\/radiolifefm.com.br\/noticias\/wp-content\/uploads\/2021\/11\/WhatsApp-Image-2021-11-19-at-10.25.52.jpeg\" \/>\n\t<meta property=\"og:image:width\" content=\"1280\" \/>\n\t<meta property=\"og:image:height\" content=\"1280\" \/>\n\t<meta property=\"og:image:type\" content=\"image\/jpeg\" \/>\n<meta name=\"author\" content=\"ritanery\" \/>\n<meta name=\"twitter:card\" content=\"summary_large_image\" \/>\n<meta name=\"twitter:label1\" content=\"Escrito por\" \/>\n\t<meta name=\"twitter:data1\" content=\"ritanery\" \/>\n\t<meta name=\"twitter:label2\" content=\"Est. tempo de leitura\" \/>\n\t<meta name=\"twitter:data2\" content=\"2 minutos\" \/>\n<script type=\"application\/ld+json\" class=\"yoast-schema-graph\">{\"@context\":\"https:\/\/schema.org\",\"@graph\":[{\"@type\":\"Article\",\"@id\":\"https:\/\/radiolifefm.com.br\/noticias\/roda-de-samba-reune-tres-grupos-tradicionais-de-adamantina\/#article\",\"isPartOf\":{\"@id\":\"https:\/\/radiolifefm.com.br\/noticias\/roda-de-samba-reune-tres-grupos-tradicionais-de-adamantina\/\"},\"author\":{\"name\":\"ritanery\",\"@id\":\"https:\/\/radiolifefm.com.br\/noticias\/#\/schema\/person\/6339b9fac59d12b071dec680d7375d87\"},\"headline\":\"Roda de samba re\u00fane tr\u00eas grupos tradicionais de Adamantina\",\"datePublished\":\"2021-11-19T13:28:36+00:00\",\"dateModified\":\"2026-04-05T20:59:07+00:00\",\"mainEntityOfPage\":{\"@id\":\"https:\/\/radiolifefm.com.br\/noticias\/roda-de-samba-reune-tres-grupos-tradicionais-de-adamantina\/\"},\"wordCount\":353,\"publisher\":{\"@id\":\"https:\/\/radiolifefm.com.br\/noticias\/#organization\"},\"image\":{\"@id\":\"https:\/\/radiolifefm.com.br\/noticias\/roda-de-samba-reune-tres-grupos-tradicionais-de-adamantina\/#primaryimage\"},\"thumbnailUrl\":\"https:\/\/radiolifefm.com.br\/noticias\/wp-content\/uploads\/2021\/11\/WhatsApp-Image-2021-11-19-at-10.25.52.jpeg\",\"articleSection\":[\"Adamantina\"],\"inLanguage\":\"pt-BR\"},{\"@type\":\"WebPage\",\"@id\":\"https:\/\/radiolifefm.com.br\/noticias\/roda-de-samba-reune-tres-grupos-tradicionais-de-adamantina\/\",\"url\":\"https:\/\/radiolifefm.com.br\/noticias\/roda-de-samba-reune-tres-grupos-tradicionais-de-adamantina\/\",\"name\":\"Roda de samba re\u00fane tr\u00eas grupos tradicionais de Adamantina - R\u00e1dio Life FM\",\"isPartOf\":{\"@id\":\"https:\/\/radiolifefm.com.br\/noticias\/#website\"},\"primaryImageOfPage\":{\"@id\":\"https:\/\/radiolifefm.com.br\/noticias\/roda-de-samba-reune-tres-grupos-tradicionais-de-adamantina\/#primaryimage\"},\"image\":{\"@id\":\"https:\/\/radiolifefm.com.br\/noticias\/roda-de-samba-reune-tres-grupos-tradicionais-de-adamantina\/#primaryimage\"},\"thumbnailUrl\":\"https:\/\/radiolifefm.com.br\/noticias\/wp-content\/uploads\/2021\/11\/WhatsApp-Image-2021-11-19-at-10.25.52.jpeg\",\"datePublished\":\"2021-11-19T13:28:36+00:00\",\"dateModified\":\"2026-04-05T20:59:07+00:00\",\"breadcrumb\":{\"@id\":\"https:\/\/radiolifefm.com.br\/noticias\/roda-de-samba-reune-tres-grupos-tradicionais-de-adamantina\/#breadcrumb\"},\"inLanguage\":\"pt-BR\",\"potentialAction\":[{\"@type\":\"ReadAction\",\"target\":[\"https:\/\/radiolifefm.com.br\/noticias\/roda-de-samba-reune-tres-grupos-tradicionais-de-adamantina\/\"]}]},{\"@type\":\"ImageObject\",\"inLanguage\":\"pt-BR\",\"@id\":\"https:\/\/radiolifefm.com.br\/noticias\/roda-de-samba-reune-tres-grupos-tradicionais-de-adamantina\/#primaryimage\",\"url\":\"https:\/\/radiolifefm.com.br\/noticias\/wp-content\/uploads\/2021\/11\/WhatsApp-Image-2021-11-19-at-10.25.52.jpeg\",\"contentUrl\":\"https:\/\/radiolifefm.com.br\/noticias\/wp-content\/uploads\/2021\/11\/WhatsApp-Image-2021-11-19-at-10.25.52.jpeg\",\"width\":1280,\"height\":1280,\"caption\":\"Estilo Atrevido, Comunidade do Samba e Anima Samba se apresentam nesta sexta em frente \u00e0 Biblioteca\"},{\"@type\":\"BreadcrumbList\",\"@id\":\"https:\/\/radiolifefm.com.br\/noticias\/roda-de-samba-reune-tres-grupos-tradicionais-de-adamantina\/#breadcrumb\",\"itemListElement\":[{\"@type\":\"ListItem\",\"position\":1,\"name\":\"In\u00edcio\",\"item\":\"https:\/\/radiolifefm.com.br\/noticias\/\"},{\"@type\":\"ListItem\",\"position\":2,\"name\":\"Roda de samba re\u00fane tr\u00eas grupos tradicionais de Adamantina\"}]},{\"@type\":\"WebSite\",\"@id\":\"https:\/\/radiolifefm.com.br\/noticias\/#website\",\"url\":\"https:\/\/radiolifefm.com.br\/noticias\/\",\"name\":\"R\u00e1dio Life FM\",\"description\":\"O Portal de Not\u00edcias de Adamantina\",\"publisher\":{\"@id\":\"https:\/\/radiolifefm.com.br\/noticias\/#organization\"},\"alternateName\":\"Life FM\",\"potentialAction\":[{\"@type\":\"SearchAction\",\"target\":{\"@type\":\"EntryPoint\",\"urlTemplate\":\"https:\/\/radiolifefm.com.br\/noticias\/?s={search_term_string}\"},\"query-input\":{\"@type\":\"PropertyValueSpecification\",\"valueRequired\":true,\"valueName\":\"search_term_string\"}}],\"inLanguage\":\"pt-BR\"},{\"@type\":\"Organization\",\"@id\":\"https:\/\/radiolifefm.com.br\/noticias\/#organization\",\"name\":\"R\u00e1dio Life FM\",\"alternateName\":\"Life FM\",\"url\":\"https:\/\/radiolifefm.com.br\/noticias\/\",\"logo\":{\"@type\":\"ImageObject\",\"inLanguage\":\"pt-BR\",\"@id\":\"https:\/\/radiolifefm.com.br\/noticias\/#\/schema\/logo\/image\/\",\"url\":\"https:\/\/static.radiolifefm.com.br\/noticias\/wp-content\/uploads\/2019\/10\/logo-lifefm.png\",\"contentUrl\":\"https:\/\/static.radiolifefm.com.br\/noticias\/wp-content\/uploads\/2019\/10\/logo-lifefm.png\",\"width\":196,\"height\":47,\"caption\":\"R\u00e1dio Life FM\"},\"image\":{\"@id\":\"https:\/\/radiolifefm.com.br\/noticias\/#\/schema\/logo\/image\/\"},\"sameAs\":[\"https:\/\/www.facebook.com\/radiolifefm\/\",\"https:\/\/www.instagram.com\/life1079fm\/\"]},{\"@type\":\"Person\",\"@id\":\"https:\/\/radiolifefm.com.br\/noticias\/#\/schema\/person\/6339b9fac59d12b071dec680d7375d87\",\"name\":\"ritanery\",\"image\":{\"@type\":\"ImageObject\",\"inLanguage\":\"pt-BR\",\"@id\":\"https:\/\/secure.gravatar.com\/avatar\/0e37bb19071f47c0b8a23f62a903df117c5a0e75f65a0c2901562f97cd41cf86?s=96&d=mm&r=g\",\"url\":\"https:\/\/secure.gravatar.com\/avatar\/0e37bb19071f47c0b8a23f62a903df117c5a0e75f65a0c2901562f97cd41cf86?s=96&d=mm&r=g\",\"contentUrl\":\"https:\/\/secure.gravatar.com\/avatar\/0e37bb19071f47c0b8a23f62a903df117c5a0e75f65a0c2901562f97cd41cf86?s=96&d=mm&r=g\",\"caption\":\"ritanery\"}}]}<\/script>\n<!-- \/ Yoast SEO plugin. -->","yoast_head_json":{"title":"Roda de samba re\u00fane tr\u00eas grupos tradicionais de Adamantina - R\u00e1dio Life FM","robots":{"index":"index","follow":"follow","max-snippet":"max-snippet:-1","max-image-preview":"max-image-preview:large","max-video-preview":"max-video-preview:-1"},"canonical":"https:\/\/radiolifefm.com.br\/noticias\/roda-de-samba-reune-tres-grupos-tradicionais-de-adamantina\/","og_locale":"pt_BR","og_type":"article","og_title":"Roda de samba re\u00fane tr\u00eas grupos tradicionais de Adamantina - R\u00e1dio Life FM","og_description":"Um ritmo brasileiro, mas com ess\u00eancia africana, n\u00e3o poderia faltar na Semana da Consci\u00eancia Negra em Adamantina. O samba, que nasceu no Rio de Janeiro na d\u00e9cada de 1920, na Pra\u00e7a Onze, reduto de descendentes de escravo, traz em suas letras a luta do povo negro por igualdade e liberdade. Conforme relata o livro A [&hellip;]","og_url":"https:\/\/radiolifefm.com.br\/noticias\/roda-de-samba-reune-tres-grupos-tradicionais-de-adamantina\/","og_site_name":"R\u00e1dio Life FM","article_publisher":"https:\/\/www.facebook.com\/radiolifefm\/","article_published_time":"2021-11-19T13:28:36+00:00","article_modified_time":"2026-04-05T20:59:07+00:00","og_image":[{"width":1280,"height":1280,"url":"https:\/\/radiolifefm.com.br\/noticias\/wp-content\/uploads\/2021\/11\/WhatsApp-Image-2021-11-19-at-10.25.52.jpeg","type":"image\/jpeg"}],"author":"ritanery","twitter_card":"summary_large_image","twitter_misc":{"Escrito por":"ritanery","Est. tempo de leitura":"2 minutos"},"schema":{"@context":"https:\/\/schema.org","@graph":[{"@type":"Article","@id":"https:\/\/radiolifefm.com.br\/noticias\/roda-de-samba-reune-tres-grupos-tradicionais-de-adamantina\/#article","isPartOf":{"@id":"https:\/\/radiolifefm.com.br\/noticias\/roda-de-samba-reune-tres-grupos-tradicionais-de-adamantina\/"},"author":{"name":"ritanery","@id":"https:\/\/radiolifefm.com.br\/noticias\/#\/schema\/person\/6339b9fac59d12b071dec680d7375d87"},"headline":"Roda de samba re\u00fane tr\u00eas grupos tradicionais de Adamantina","datePublished":"2021-11-19T13:28:36+00:00","dateModified":"2026-04-05T20:59:07+00:00","mainEntityOfPage":{"@id":"https:\/\/radiolifefm.com.br\/noticias\/roda-de-samba-reune-tres-grupos-tradicionais-de-adamantina\/"},"wordCount":353,"publisher":{"@id":"https:\/\/radiolifefm.com.br\/noticias\/#organization"},"image":{"@id":"https:\/\/radiolifefm.com.br\/noticias\/roda-de-samba-reune-tres-grupos-tradicionais-de-adamantina\/#primaryimage"},"thumbnailUrl":"https:\/\/radiolifefm.com.br\/noticias\/wp-content\/uploads\/2021\/11\/WhatsApp-Image-2021-11-19-at-10.25.52.jpeg","articleSection":["Adamantina"],"inLanguage":"pt-BR"},{"@type":"WebPage","@id":"https:\/\/radiolifefm.com.br\/noticias\/roda-de-samba-reune-tres-grupos-tradicionais-de-adamantina\/","url":"https:\/\/radiolifefm.com.br\/noticias\/roda-de-samba-reune-tres-grupos-tradicionais-de-adamantina\/","name":"Roda de samba re\u00fane tr\u00eas grupos tradicionais de Adamantina - R\u00e1dio Life FM","isPartOf":{"@id":"https:\/\/radiolifefm.com.br\/noticias\/#website"},"primaryImageOfPage":{"@id":"https:\/\/radiolifefm.com.br\/noticias\/roda-de-samba-reune-tres-grupos-tradicionais-de-adamantina\/#primaryimage"},"image":{"@id":"https:\/\/radiolifefm.com.br\/noticias\/roda-de-samba-reune-tres-grupos-tradicionais-de-adamantina\/#primaryimage"},"thumbnailUrl":"https:\/\/radiolifefm.com.br\/noticias\/wp-content\/uploads\/2021\/11\/WhatsApp-Image-2021-11-19-at-10.25.52.jpeg","datePublished":"2021-11-19T13:28:36+00:00","dateModified":"2026-04-05T20:59:07+00:00","breadcrumb":{"@id":"https:\/\/radiolifefm.com.br\/noticias\/roda-de-samba-reune-tres-grupos-tradicionais-de-adamantina\/#breadcrumb"},"inLanguage":"pt-BR","potentialAction":[{"@type":"ReadAction","target":["https:\/\/radiolifefm.com.br\/noticias\/roda-de-samba-reune-tres-grupos-tradicionais-de-adamantina\/"]}]},{"@type":"ImageObject","inLanguage":"pt-BR","@id":"https:\/\/radiolifefm.com.br\/noticias\/roda-de-samba-reune-tres-grupos-tradicionais-de-adamantina\/#primaryimage","url":"https:\/\/radiolifefm.com.br\/noticias\/wp-content\/uploads\/2021\/11\/WhatsApp-Image-2021-11-19-at-10.25.52.jpeg","contentUrl":"https:\/\/radiolifefm.com.br\/noticias\/wp-content\/uploads\/2021\/11\/WhatsApp-Image-2021-11-19-at-10.25.52.jpeg","width":1280,"height":1280,"caption":"Estilo Atrevido, Comunidade do Samba e Anima Samba se apresentam nesta sexta em frente \u00e0 Biblioteca"},{"@type":"BreadcrumbList","@id":"https:\/\/radiolifefm.com.br\/noticias\/roda-de-samba-reune-tres-grupos-tradicionais-de-adamantina\/#breadcrumb","itemListElement":[{"@type":"ListItem","position":1,"name":"In\u00edcio","item":"https:\/\/radiolifefm.com.br\/noticias\/"},{"@type":"ListItem","position":2,"name":"Roda de samba re\u00fane tr\u00eas grupos tradicionais de Adamantina"}]},{"@type":"WebSite","@id":"https:\/\/radiolifefm.com.br\/noticias\/#website","url":"https:\/\/radiolifefm.com.br\/noticias\/","name":"R\u00e1dio Life FM","description":"O Portal de Not\u00edcias de Adamantina","publisher":{"@id":"https:\/\/radiolifefm.com.br\/noticias\/#organization"},"alternateName":"Life FM","potentialAction":[{"@type":"SearchAction","target":{"@type":"EntryPoint","urlTemplate":"https:\/\/radiolifefm.com.br\/noticias\/?s={search_term_string}"},"query-input":{"@type":"PropertyValueSpecification","valueRequired":true,"valueName":"search_term_string"}}],"inLanguage":"pt-BR"},{"@type":"Organization","@id":"https:\/\/radiolifefm.com.br\/noticias\/#organization","name":"R\u00e1dio Life FM","alternateName":"Life FM","url":"https:\/\/radiolifefm.com.br\/noticias\/","logo":{"@type":"ImageObject","inLanguage":"pt-BR","@id":"https:\/\/radiolifefm.com.br\/noticias\/#\/schema\/logo\/image\/","url":"https:\/\/static.radiolifefm.com.br\/noticias\/wp-content\/uploads\/2019\/10\/logo-lifefm.png","contentUrl":"https:\/\/static.radiolifefm.com.br\/noticias\/wp-content\/uploads\/2019\/10\/logo-lifefm.png","width":196,"height":47,"caption":"R\u00e1dio Life FM"},"image":{"@id":"https:\/\/radiolifefm.com.br\/noticias\/#\/schema\/logo\/image\/"},"sameAs":["https:\/\/www.facebook.com\/radiolifefm\/","https:\/\/www.instagram.com\/life1079fm\/"]},{"@type":"Person","@id":"https:\/\/radiolifefm.com.br\/noticias\/#\/schema\/person\/6339b9fac59d12b071dec680d7375d87","name":"ritanery","image":{"@type":"ImageObject","inLanguage":"pt-BR","@id":"https:\/\/secure.gravatar.com\/avatar\/0e37bb19071f47c0b8a23f62a903df117c5a0e75f65a0c2901562f97cd41cf86?s=96&d=mm&r=g","url":"https:\/\/secure.gravatar.com\/avatar\/0e37bb19071f47c0b8a23f62a903df117c5a0e75f65a0c2901562f97cd41cf86?s=96&d=mm&r=g","contentUrl":"https:\/\/secure.gravatar.com\/avatar\/0e37bb19071f47c0b8a23f62a903df117c5a0e75f65a0c2901562f97cd41cf86?s=96&d=mm&r=g","caption":"ritanery"}}]}},"amp_enabled":true,"_links":{"self":[{"href":"https:\/\/radiolifefm.com.br\/noticias\/wp-json\/wp\/v2\/posts\/45842","targetHints":{"allow":["GET"]}}],"collection":[{"href":"https:\/\/radiolifefm.com.br\/noticias\/wp-json\/wp\/v2\/posts"}],"about":[{"href":"https:\/\/radiolifefm.com.br\/noticias\/wp-json\/wp\/v2\/types\/post"}],"author":[{"embeddable":true,"href":"https:\/\/radiolifefm.com.br\/noticias\/wp-json\/wp\/v2\/users\/13"}],"replies":[{"embeddable":true,"href":"https:\/\/radiolifefm.com.br\/noticias\/wp-json\/wp\/v2\/comments?post=45842"}],"version-history":[{"count":2,"href":"https:\/\/radiolifefm.com.br\/noticias\/wp-json\/wp\/v2\/posts\/45842\/revisions"}],"predecessor-version":[{"id":45845,"href":"https:\/\/radiolifefm.com.br\/noticias\/wp-json\/wp\/v2\/posts\/45842\/revisions\/45845"}],"wp:featuredmedia":[{"embeddable":true,"href":"https:\/\/radiolifefm.com.br\/noticias\/wp-json\/wp\/v2\/media\/45843"}],"wp:attachment":[{"href":"https:\/\/radiolifefm.com.br\/noticias\/wp-json\/wp\/v2\/media?parent=45842"}],"wp:term":[{"taxonomy":"category","embeddable":true,"href":"https:\/\/radiolifefm.com.br\/noticias\/wp-json\/wp\/v2\/categories?post=45842"},{"taxonomy":"post_tag","embeddable":true,"href":"https:\/\/radiolifefm.com.br\/noticias\/wp-json\/wp\/v2\/tags?post=45842"}],"curies":[{"name":"wp","href":"https:\/\/api.w.org\/{rel}","templated":true}]}}