{"id":45750,"date":"2021-11-17T15:36:47","date_gmt":"2021-11-17T18:36:47","guid":{"rendered":"https:\/\/radiolifefm.com.br\/noticias\/?p=45750"},"modified":"2026-04-20T18:49:22","modified_gmt":"2026-04-20T21:49:22","slug":"cafe-com-rendas-debate-racismo-estrutural-nesta-quarta","status":"publish","type":"post","link":"https:\/\/radiolifefm.com.br\/noticias\/cafe-com-rendas-debate-racismo-estrutural-nesta-quarta\/","title":{"rendered":"Caf\u00e9 com Rendas\u00b4 debate racismo estrutural nesta quarta"},"content":{"rendered":"<div id=\"fb-root\"><\/div>\n<p>Um termo bastante politizado nos \u00faltimos anos, mas que n\u00e3o deve ser negado a sua exist\u00eancia e, sim, debatido e compreendido, \u00e9 o racismo estrutural.<br \/>\nO assunto nortear\u00e1 o pr\u00f3ximo talk show &#8216;Caf\u00e9 com Rendas&#8217;, realizado pela Secretaria de Cultura e Turismo de Adamantina. Dentro da programa\u00e7\u00e3o da Semana da Consci\u00eancia Negra, o programa que pode ser assistido presencialmente no Audit\u00f3rio Fernando Paloni ou acompanhado pelas redes sociais discutir\u00e1 a discrimina\u00e7\u00e3o racial enraizada na sociedade.<br \/>\nPara o esclarecimento do assunto, o programa contar\u00e1 com a participa\u00e7\u00e3o Roberto Proc\u00f3pio Pinheiro, que \u00e9 doutorando em Fisiopatologia Experimental, da advogada c\u00edvel e criminal N\u00e1dia Leoc\u00e1dio e da m\u00e9dica otorrinolaringologista Maria Ang\u00e9lica Bonfim.<br \/>\nO debate ser\u00e1 conduzido por Meire Cunha, atual presidente do Conselho Municipal de Cultura e idealizadora do talk show. Segundo ela, o foco ser\u00e1 a constante adapta\u00e7\u00e3o que o povo afro tem que se sujeitar para superar as adversidades causadas pela discrimina\u00e7\u00e3o de ra\u00e7a.<br \/>\n&#8220;Foram anos de escravid\u00e3o, que condenou uma ra\u00e7a inteira, e seus descendentes, \u00e0 marginaliza\u00e7\u00e3o social. E at\u00e9 hoje a gente est\u00e1 se moldando. Nossos ancestrais se moldaram a escravid\u00e3o, depois ao fim deste per\u00edodo de sofrimentos. Se moldaram a marginaliza\u00e7\u00e3o. Hoje, temos uma luta constante por igualdade e, a gente continua se moldando pela condi\u00e7\u00e3o da igualdade&#8221;, pontua.<br \/>\nTal resili\u00eancia, uma das ess\u00eancias do povo afro, resulta em conquistas em diversas esferas da sociedade. &#8220;Estamos ganhando as redes sociais, a literatura, a m\u00fasica, a arte, ent\u00e3o, os afrodescendentes est\u00e3o ocupando seus espa\u00e7os, e \u00e9 outra situa\u00e7\u00e3o de resili\u00eancia: de tanto a gente ser marginalizado, hoje em dia nossa cultura \u00e9 consumida pelo mundo a fora&#8221;.<br \/>\nA apresentadora enfatiza ainda a import\u00e2ncia da discuss\u00e3o do tema proposto no &#8216;Caf\u00e9 com Rendas&#8217; desta quarta-feira (17).<br \/>\n&#8220;N\u00e3o basta ser esfor\u00e7ado quando se nasce em uma fam\u00edlia de afro descendentes, n\u00e3o basta ser esfor\u00e7ado para vencer na vida como as pessoas pregam. Dizem: &#8220;n\u00e3o precisa de cota, pois os pretos esfor\u00e7ados chegam a algum lugar&#8221;. Mesmo os pretos esfor\u00e7ados, aqueles que a fam\u00edlia tem condi\u00e7\u00f5es de proporcionar o estudo, dar um suporte para pessoa conseguir algo de melhor na vida, uma profiss\u00e3o menos marginalizada, quando chegamos no meio profissional a gente \u00e9 marginalizado. \u00c9 uma constante luta de resist\u00eancia e uma eterna resili\u00eancia o que vivemos no Brasil&#8221;, ressalta Meire.<br \/>\nO talk show &#8216;Caf\u00e9 com Rendas&#8217; ser\u00e1 transmitido em forma de live pelas redes sociais da Secretaria de Cultura e Turismo de Adamantina, a partir das 20h. Haver\u00e1 ainda a participa\u00e7\u00e3o cultural de Touks.<\/p>\n<p>Fonte: Assessoria de Imprensa<\/p>\n","protected":false},"excerpt":{"rendered":"<p>Um termo bastante politizado nos \u00faltimos anos, mas que n\u00e3o deve ser negado a sua exist\u00eancia e, sim, debatido e compreendido, \u00e9 o racismo estrutural. O assunto nortear\u00e1 o pr\u00f3ximo talk show &#8216;Caf\u00e9 com Rendas&#8217;, realizado pela Secretaria de Cultura e Turismo de Adamantina. Dentro da programa\u00e7\u00e3o da Semana da Consci\u00eancia Negra, o programa que [&hellip;]<\/p>\n","protected":false},"author":13,"featured_media":45751,"comment_status":"closed","ping_status":"open","sticky":false,"template":"","format":"standard","meta":{"_acf_changed":false,"_exactmetrics_skip_tracking":false,"_exactmetrics_sitenote_active":false,"_exactmetrics_sitenote_note":"","_exactmetrics_sitenote_category":0,"footnotes":""},"categories":[21],"tags":[],"class_list":["post-45750","post","type-post","status-publish","format-standard","has-post-thumbnail","hentry","category-adamantina"],"acf":[],"yoast_head":"<!-- This site is optimized with the Yoast SEO plugin v27.2 - https:\/\/yoast.com\/product\/yoast-seo-wordpress\/ -->\n<title>Caf\u00e9 com Rendas\u00b4 debate racismo estrutural nesta quarta - R\u00e1dio Life FM<\/title>\n<meta name=\"robots\" content=\"index, follow, max-snippet:-1, max-image-preview:large, max-video-preview:-1\" \/>\n<link rel=\"canonical\" href=\"https:\/\/radiolifefm.com.br\/noticias\/cafe-com-rendas-debate-racismo-estrutural-nesta-quarta\/\" \/>\n<meta property=\"og:locale\" content=\"pt_BR\" \/>\n<meta property=\"og:type\" content=\"article\" \/>\n<meta property=\"og:title\" content=\"Caf\u00e9 com Rendas\u00b4 debate racismo estrutural nesta quarta - R\u00e1dio Life FM\" \/>\n<meta property=\"og:description\" content=\"Um termo bastante politizado nos \u00faltimos anos, mas que n\u00e3o deve ser negado a sua exist\u00eancia e, sim, debatido e compreendido, \u00e9 o racismo estrutural. O assunto nortear\u00e1 o pr\u00f3ximo talk show &#8216;Caf\u00e9 com Rendas&#8217;, realizado pela Secretaria de Cultura e Turismo de Adamantina. Dentro da programa\u00e7\u00e3o da Semana da Consci\u00eancia Negra, o programa que [&hellip;]\" \/>\n<meta property=\"og:url\" content=\"https:\/\/radiolifefm.com.br\/noticias\/cafe-com-rendas-debate-racismo-estrutural-nesta-quarta\/\" \/>\n<meta property=\"og:site_name\" content=\"R\u00e1dio Life FM\" \/>\n<meta property=\"article:publisher\" content=\"https:\/\/www.facebook.com\/radiolifefm\/\" \/>\n<meta property=\"article:published_time\" content=\"2021-11-17T18:36:47+00:00\" \/>\n<meta property=\"article:modified_time\" content=\"2026-04-20T21:49:22+00:00\" \/>\n<meta property=\"og:image\" content=\"https:\/\/radiolifefm.com.br\/noticias\/wp-content\/uploads\/2021\/11\/WhatsApp-Image-2021-11-17-at-11.23.35.jpeg\" \/>\n\t<meta property=\"og:image:width\" content=\"1200\" \/>\n\t<meta property=\"og:image:height\" content=\"1200\" \/>\n\t<meta property=\"og:image:type\" content=\"image\/jpeg\" \/>\n<meta name=\"author\" content=\"ritanery\" \/>\n<meta name=\"twitter:card\" content=\"summary_large_image\" \/>\n<meta name=\"twitter:label1\" content=\"Escrito por\" \/>\n\t<meta name=\"twitter:data1\" content=\"ritanery\" \/>\n\t<meta name=\"twitter:label2\" content=\"Est. tempo de leitura\" \/>\n\t<meta name=\"twitter:data2\" content=\"2 minutos\" \/>\n<script type=\"application\/ld+json\" class=\"yoast-schema-graph\">{\"@context\":\"https:\/\/schema.org\",\"@graph\":[{\"@type\":\"Article\",\"@id\":\"https:\/\/radiolifefm.com.br\/noticias\/cafe-com-rendas-debate-racismo-estrutural-nesta-quarta\/#article\",\"isPartOf\":{\"@id\":\"https:\/\/radiolifefm.com.br\/noticias\/cafe-com-rendas-debate-racismo-estrutural-nesta-quarta\/\"},\"author\":{\"name\":\"ritanery\",\"@id\":\"https:\/\/radiolifefm.com.br\/noticias\/#\/schema\/person\/6339b9fac59d12b071dec680d7375d87\"},\"headline\":\"Caf\u00e9 com Rendas\u00b4 debate racismo estrutural nesta quarta\",\"datePublished\":\"2021-11-17T18:36:47+00:00\",\"dateModified\":\"2026-04-20T21:49:22+00:00\",\"mainEntityOfPage\":{\"@id\":\"https:\/\/radiolifefm.com.br\/noticias\/cafe-com-rendas-debate-racismo-estrutural-nesta-quarta\/\"},\"wordCount\":465,\"publisher\":{\"@id\":\"https:\/\/radiolifefm.com.br\/noticias\/#organization\"},\"image\":{\"@id\":\"https:\/\/radiolifefm.com.br\/noticias\/cafe-com-rendas-debate-racismo-estrutural-nesta-quarta\/#primaryimage\"},\"thumbnailUrl\":\"https:\/\/radiolifefm.com.br\/noticias\/wp-content\/uploads\/2021\/11\/WhatsApp-Image-2021-11-17-at-11.23.35.jpeg\",\"articleSection\":[\"Adamantina\"],\"inLanguage\":\"pt-BR\"},{\"@type\":\"WebPage\",\"@id\":\"https:\/\/radiolifefm.com.br\/noticias\/cafe-com-rendas-debate-racismo-estrutural-nesta-quarta\/\",\"url\":\"https:\/\/radiolifefm.com.br\/noticias\/cafe-com-rendas-debate-racismo-estrutural-nesta-quarta\/\",\"name\":\"Caf\u00e9 com Rendas\u00b4 debate racismo estrutural nesta quarta - R\u00e1dio Life FM\",\"isPartOf\":{\"@id\":\"https:\/\/radiolifefm.com.br\/noticias\/#website\"},\"primaryImageOfPage\":{\"@id\":\"https:\/\/radiolifefm.com.br\/noticias\/cafe-com-rendas-debate-racismo-estrutural-nesta-quarta\/#primaryimage\"},\"image\":{\"@id\":\"https:\/\/radiolifefm.com.br\/noticias\/cafe-com-rendas-debate-racismo-estrutural-nesta-quarta\/#primaryimage\"},\"thumbnailUrl\":\"https:\/\/radiolifefm.com.br\/noticias\/wp-content\/uploads\/2021\/11\/WhatsApp-Image-2021-11-17-at-11.23.35.jpeg\",\"datePublished\":\"2021-11-17T18:36:47+00:00\",\"dateModified\":\"2026-04-20T21:49:22+00:00\",\"breadcrumb\":{\"@id\":\"https:\/\/radiolifefm.com.br\/noticias\/cafe-com-rendas-debate-racismo-estrutural-nesta-quarta\/#breadcrumb\"},\"inLanguage\":\"pt-BR\",\"potentialAction\":[{\"@type\":\"ReadAction\",\"target\":[\"https:\/\/radiolifefm.com.br\/noticias\/cafe-com-rendas-debate-racismo-estrutural-nesta-quarta\/\"]}]},{\"@type\":\"ImageObject\",\"inLanguage\":\"pt-BR\",\"@id\":\"https:\/\/radiolifefm.com.br\/noticias\/cafe-com-rendas-debate-racismo-estrutural-nesta-quarta\/#primaryimage\",\"url\":\"https:\/\/radiolifefm.com.br\/noticias\/wp-content\/uploads\/2021\/11\/WhatsApp-Image-2021-11-17-at-11.23.35.jpeg\",\"contentUrl\":\"https:\/\/radiolifefm.com.br\/noticias\/wp-content\/uploads\/2021\/11\/WhatsApp-Image-2021-11-17-at-11.23.35.jpeg\",\"width\":1200,\"height\":1200},{\"@type\":\"BreadcrumbList\",\"@id\":\"https:\/\/radiolifefm.com.br\/noticias\/cafe-com-rendas-debate-racismo-estrutural-nesta-quarta\/#breadcrumb\",\"itemListElement\":[{\"@type\":\"ListItem\",\"position\":1,\"name\":\"In\u00edcio\",\"item\":\"https:\/\/radiolifefm.com.br\/noticias\/\"},{\"@type\":\"ListItem\",\"position\":2,\"name\":\"Caf\u00e9 com Rendas\u00b4 debate racismo estrutural nesta quarta\"}]},{\"@type\":\"WebSite\",\"@id\":\"https:\/\/radiolifefm.com.br\/noticias\/#website\",\"url\":\"https:\/\/radiolifefm.com.br\/noticias\/\",\"name\":\"R\u00e1dio Life FM\",\"description\":\"O Portal de Not\u00edcias de Adamantina\",\"publisher\":{\"@id\":\"https:\/\/radiolifefm.com.br\/noticias\/#organization\"},\"alternateName\":\"Life FM\",\"potentialAction\":[{\"@type\":\"SearchAction\",\"target\":{\"@type\":\"EntryPoint\",\"urlTemplate\":\"https:\/\/radiolifefm.com.br\/noticias\/?s={search_term_string}\"},\"query-input\":{\"@type\":\"PropertyValueSpecification\",\"valueRequired\":true,\"valueName\":\"search_term_string\"}}],\"inLanguage\":\"pt-BR\"},{\"@type\":\"Organization\",\"@id\":\"https:\/\/radiolifefm.com.br\/noticias\/#organization\",\"name\":\"R\u00e1dio Life FM\",\"alternateName\":\"Life FM\",\"url\":\"https:\/\/radiolifefm.com.br\/noticias\/\",\"logo\":{\"@type\":\"ImageObject\",\"inLanguage\":\"pt-BR\",\"@id\":\"https:\/\/radiolifefm.com.br\/noticias\/#\/schema\/logo\/image\/\",\"url\":\"https:\/\/static.radiolifefm.com.br\/noticias\/wp-content\/uploads\/2019\/10\/logo-lifefm.png\",\"contentUrl\":\"https:\/\/static.radiolifefm.com.br\/noticias\/wp-content\/uploads\/2019\/10\/logo-lifefm.png\",\"width\":196,\"height\":47,\"caption\":\"R\u00e1dio Life FM\"},\"image\":{\"@id\":\"https:\/\/radiolifefm.com.br\/noticias\/#\/schema\/logo\/image\/\"},\"sameAs\":[\"https:\/\/www.facebook.com\/radiolifefm\/\",\"https:\/\/www.instagram.com\/life1079fm\/\"]},{\"@type\":\"Person\",\"@id\":\"https:\/\/radiolifefm.com.br\/noticias\/#\/schema\/person\/6339b9fac59d12b071dec680d7375d87\",\"name\":\"ritanery\",\"image\":{\"@type\":\"ImageObject\",\"inLanguage\":\"pt-BR\",\"@id\":\"https:\/\/secure.gravatar.com\/avatar\/0e37bb19071f47c0b8a23f62a903df117c5a0e75f65a0c2901562f97cd41cf86?s=96&d=mm&r=g\",\"url\":\"https:\/\/secure.gravatar.com\/avatar\/0e37bb19071f47c0b8a23f62a903df117c5a0e75f65a0c2901562f97cd41cf86?s=96&d=mm&r=g\",\"contentUrl\":\"https:\/\/secure.gravatar.com\/avatar\/0e37bb19071f47c0b8a23f62a903df117c5a0e75f65a0c2901562f97cd41cf86?s=96&d=mm&r=g\",\"caption\":\"ritanery\"}}]}<\/script>\n<!-- \/ Yoast SEO plugin. -->","yoast_head_json":{"title":"Caf\u00e9 com Rendas\u00b4 debate racismo estrutural nesta quarta - R\u00e1dio Life FM","robots":{"index":"index","follow":"follow","max-snippet":"max-snippet:-1","max-image-preview":"max-image-preview:large","max-video-preview":"max-video-preview:-1"},"canonical":"https:\/\/radiolifefm.com.br\/noticias\/cafe-com-rendas-debate-racismo-estrutural-nesta-quarta\/","og_locale":"pt_BR","og_type":"article","og_title":"Caf\u00e9 com Rendas\u00b4 debate racismo estrutural nesta quarta - R\u00e1dio Life FM","og_description":"Um termo bastante politizado nos \u00faltimos anos, mas que n\u00e3o deve ser negado a sua exist\u00eancia e, sim, debatido e compreendido, \u00e9 o racismo estrutural. O assunto nortear\u00e1 o pr\u00f3ximo talk show &#8216;Caf\u00e9 com Rendas&#8217;, realizado pela Secretaria de Cultura e Turismo de Adamantina. Dentro da programa\u00e7\u00e3o da Semana da Consci\u00eancia Negra, o programa que [&hellip;]","og_url":"https:\/\/radiolifefm.com.br\/noticias\/cafe-com-rendas-debate-racismo-estrutural-nesta-quarta\/","og_site_name":"R\u00e1dio Life FM","article_publisher":"https:\/\/www.facebook.com\/radiolifefm\/","article_published_time":"2021-11-17T18:36:47+00:00","article_modified_time":"2026-04-20T21:49:22+00:00","og_image":[{"width":1200,"height":1200,"url":"https:\/\/radiolifefm.com.br\/noticias\/wp-content\/uploads\/2021\/11\/WhatsApp-Image-2021-11-17-at-11.23.35.jpeg","type":"image\/jpeg"}],"author":"ritanery","twitter_card":"summary_large_image","twitter_misc":{"Escrito por":"ritanery","Est. tempo de leitura":"2 minutos"},"schema":{"@context":"https:\/\/schema.org","@graph":[{"@type":"Article","@id":"https:\/\/radiolifefm.com.br\/noticias\/cafe-com-rendas-debate-racismo-estrutural-nesta-quarta\/#article","isPartOf":{"@id":"https:\/\/radiolifefm.com.br\/noticias\/cafe-com-rendas-debate-racismo-estrutural-nesta-quarta\/"},"author":{"name":"ritanery","@id":"https:\/\/radiolifefm.com.br\/noticias\/#\/schema\/person\/6339b9fac59d12b071dec680d7375d87"},"headline":"Caf\u00e9 com Rendas\u00b4 debate racismo estrutural nesta quarta","datePublished":"2021-11-17T18:36:47+00:00","dateModified":"2026-04-20T21:49:22+00:00","mainEntityOfPage":{"@id":"https:\/\/radiolifefm.com.br\/noticias\/cafe-com-rendas-debate-racismo-estrutural-nesta-quarta\/"},"wordCount":465,"publisher":{"@id":"https:\/\/radiolifefm.com.br\/noticias\/#organization"},"image":{"@id":"https:\/\/radiolifefm.com.br\/noticias\/cafe-com-rendas-debate-racismo-estrutural-nesta-quarta\/#primaryimage"},"thumbnailUrl":"https:\/\/radiolifefm.com.br\/noticias\/wp-content\/uploads\/2021\/11\/WhatsApp-Image-2021-11-17-at-11.23.35.jpeg","articleSection":["Adamantina"],"inLanguage":"pt-BR"},{"@type":"WebPage","@id":"https:\/\/radiolifefm.com.br\/noticias\/cafe-com-rendas-debate-racismo-estrutural-nesta-quarta\/","url":"https:\/\/radiolifefm.com.br\/noticias\/cafe-com-rendas-debate-racismo-estrutural-nesta-quarta\/","name":"Caf\u00e9 com Rendas\u00b4 debate racismo estrutural nesta quarta - R\u00e1dio Life FM","isPartOf":{"@id":"https:\/\/radiolifefm.com.br\/noticias\/#website"},"primaryImageOfPage":{"@id":"https:\/\/radiolifefm.com.br\/noticias\/cafe-com-rendas-debate-racismo-estrutural-nesta-quarta\/#primaryimage"},"image":{"@id":"https:\/\/radiolifefm.com.br\/noticias\/cafe-com-rendas-debate-racismo-estrutural-nesta-quarta\/#primaryimage"},"thumbnailUrl":"https:\/\/radiolifefm.com.br\/noticias\/wp-content\/uploads\/2021\/11\/WhatsApp-Image-2021-11-17-at-11.23.35.jpeg","datePublished":"2021-11-17T18:36:47+00:00","dateModified":"2026-04-20T21:49:22+00:00","breadcrumb":{"@id":"https:\/\/radiolifefm.com.br\/noticias\/cafe-com-rendas-debate-racismo-estrutural-nesta-quarta\/#breadcrumb"},"inLanguage":"pt-BR","potentialAction":[{"@type":"ReadAction","target":["https:\/\/radiolifefm.com.br\/noticias\/cafe-com-rendas-debate-racismo-estrutural-nesta-quarta\/"]}]},{"@type":"ImageObject","inLanguage":"pt-BR","@id":"https:\/\/radiolifefm.com.br\/noticias\/cafe-com-rendas-debate-racismo-estrutural-nesta-quarta\/#primaryimage","url":"https:\/\/radiolifefm.com.br\/noticias\/wp-content\/uploads\/2021\/11\/WhatsApp-Image-2021-11-17-at-11.23.35.jpeg","contentUrl":"https:\/\/radiolifefm.com.br\/noticias\/wp-content\/uploads\/2021\/11\/WhatsApp-Image-2021-11-17-at-11.23.35.jpeg","width":1200,"height":1200},{"@type":"BreadcrumbList","@id":"https:\/\/radiolifefm.com.br\/noticias\/cafe-com-rendas-debate-racismo-estrutural-nesta-quarta\/#breadcrumb","itemListElement":[{"@type":"ListItem","position":1,"name":"In\u00edcio","item":"https:\/\/radiolifefm.com.br\/noticias\/"},{"@type":"ListItem","position":2,"name":"Caf\u00e9 com Rendas\u00b4 debate racismo estrutural nesta quarta"}]},{"@type":"WebSite","@id":"https:\/\/radiolifefm.com.br\/noticias\/#website","url":"https:\/\/radiolifefm.com.br\/noticias\/","name":"R\u00e1dio Life FM","description":"O Portal de Not\u00edcias de Adamantina","publisher":{"@id":"https:\/\/radiolifefm.com.br\/noticias\/#organization"},"alternateName":"Life FM","potentialAction":[{"@type":"SearchAction","target":{"@type":"EntryPoint","urlTemplate":"https:\/\/radiolifefm.com.br\/noticias\/?s={search_term_string}"},"query-input":{"@type":"PropertyValueSpecification","valueRequired":true,"valueName":"search_term_string"}}],"inLanguage":"pt-BR"},{"@type":"Organization","@id":"https:\/\/radiolifefm.com.br\/noticias\/#organization","name":"R\u00e1dio Life FM","alternateName":"Life FM","url":"https:\/\/radiolifefm.com.br\/noticias\/","logo":{"@type":"ImageObject","inLanguage":"pt-BR","@id":"https:\/\/radiolifefm.com.br\/noticias\/#\/schema\/logo\/image\/","url":"https:\/\/static.radiolifefm.com.br\/noticias\/wp-content\/uploads\/2019\/10\/logo-lifefm.png","contentUrl":"https:\/\/static.radiolifefm.com.br\/noticias\/wp-content\/uploads\/2019\/10\/logo-lifefm.png","width":196,"height":47,"caption":"R\u00e1dio Life FM"},"image":{"@id":"https:\/\/radiolifefm.com.br\/noticias\/#\/schema\/logo\/image\/"},"sameAs":["https:\/\/www.facebook.com\/radiolifefm\/","https:\/\/www.instagram.com\/life1079fm\/"]},{"@type":"Person","@id":"https:\/\/radiolifefm.com.br\/noticias\/#\/schema\/person\/6339b9fac59d12b071dec680d7375d87","name":"ritanery","image":{"@type":"ImageObject","inLanguage":"pt-BR","@id":"https:\/\/secure.gravatar.com\/avatar\/0e37bb19071f47c0b8a23f62a903df117c5a0e75f65a0c2901562f97cd41cf86?s=96&d=mm&r=g","url":"https:\/\/secure.gravatar.com\/avatar\/0e37bb19071f47c0b8a23f62a903df117c5a0e75f65a0c2901562f97cd41cf86?s=96&d=mm&r=g","contentUrl":"https:\/\/secure.gravatar.com\/avatar\/0e37bb19071f47c0b8a23f62a903df117c5a0e75f65a0c2901562f97cd41cf86?s=96&d=mm&r=g","caption":"ritanery"}}]}},"amp_enabled":true,"_links":{"self":[{"href":"https:\/\/radiolifefm.com.br\/noticias\/wp-json\/wp\/v2\/posts\/45750","targetHints":{"allow":["GET"]}}],"collection":[{"href":"https:\/\/radiolifefm.com.br\/noticias\/wp-json\/wp\/v2\/posts"}],"about":[{"href":"https:\/\/radiolifefm.com.br\/noticias\/wp-json\/wp\/v2\/types\/post"}],"author":[{"embeddable":true,"href":"https:\/\/radiolifefm.com.br\/noticias\/wp-json\/wp\/v2\/users\/13"}],"replies":[{"embeddable":true,"href":"https:\/\/radiolifefm.com.br\/noticias\/wp-json\/wp\/v2\/comments?post=45750"}],"version-history":[{"count":1,"href":"https:\/\/radiolifefm.com.br\/noticias\/wp-json\/wp\/v2\/posts\/45750\/revisions"}],"predecessor-version":[{"id":45752,"href":"https:\/\/radiolifefm.com.br\/noticias\/wp-json\/wp\/v2\/posts\/45750\/revisions\/45752"}],"wp:featuredmedia":[{"embeddable":true,"href":"https:\/\/radiolifefm.com.br\/noticias\/wp-json\/wp\/v2\/media\/45751"}],"wp:attachment":[{"href":"https:\/\/radiolifefm.com.br\/noticias\/wp-json\/wp\/v2\/media?parent=45750"}],"wp:term":[{"taxonomy":"category","embeddable":true,"href":"https:\/\/radiolifefm.com.br\/noticias\/wp-json\/wp\/v2\/categories?post=45750"},{"taxonomy":"post_tag","embeddable":true,"href":"https:\/\/radiolifefm.com.br\/noticias\/wp-json\/wp\/v2\/tags?post=45750"}],"curies":[{"name":"wp","href":"https:\/\/api.w.org\/{rel}","templated":true}]}}