{"id":45719,"date":"2021-11-16T18:42:09","date_gmt":"2021-11-16T21:42:09","guid":{"rendered":"https:\/\/radiolifefm.com.br\/noticias\/?p=45719"},"modified":"2026-04-04T16:48:06","modified_gmt":"2026-04-04T19:48:06","slug":"exposicao-fotografica-traz-empoderamento-e-cultura-africana-a-partir-desta-tercaadamantina","status":"publish","type":"post","link":"https:\/\/radiolifefm.com.br\/noticias\/exposicao-fotografica-traz-empoderamento-e-cultura-africana-a-partir-desta-tercaadamantina\/","title":{"rendered":"Exposi\u00e7\u00e3o fotogr\u00e1fica traz empoderamento e cultura africana a partir desta ter\u00e7a"},"content":{"rendered":"<div id=\"fb-root\"><\/div>\n<p>Penteados, tran\u00e7as e adornos funcionam como um tipo de linguagem dentro de certas tribos africanas. E o resgate da import\u00e2ncia ancestral dos cabelos afro \u00e9 a proposta de exposi\u00e7\u00e3o que come\u00e7a nesta ter\u00e7a-feira (16), em Adamantina.<\/p>\n<p>Como parte da programa\u00e7\u00e3o da Semana da Consci\u00eancia Negra, da Secretaria de Cultura e Turismo, a mostra traz 20 fotos que refor\u00e7am a valoriza\u00e7\u00e3o e identidade da mulher afro.<br \/>\nA exposi\u00e7\u00e3o \u00e9 assinada pela fot\u00f3grafa adamantinense Maila Alves, que possui trabalhos premiados que ressaltam a ess\u00eancia feminina. Ela explica que o projeto teve in\u00edcio no ano passado, e a ancestralidade que d\u00e1 o nome \u00e0 s\u00e9rie \u00e9 retratada por meio de seis modelos de Adamantina e regi\u00e3o que trazem a representatividade para dentro da obra.<\/p>\n<p>&#8220;A ideia da s\u00e9rie \u00e9 mostrar a beleza da mulher e a conex\u00e3o com seus antepassados. Os cabelos afro ou com tran\u00e7as refor\u00e7am esse elo e tamb\u00e9m o resgate cultural que essa gera\u00e7\u00e3o de mulheres negras t\u00eam colocado em evid\u00eancia, cada vez mais se apoderando de suas origens, hist\u00f3ria e cultura&#8221;.<br \/>\nAs modelos que d\u00e3o vida \u00e0 Ancestral &#8211; nome da exposi\u00e7\u00e3o &#8211; s\u00e3o mulheres que t\u00eam vozes ativas na luta pela igualdade. &#8220;Todas influenciam outras mulheres negras, elas s\u00e3o refer\u00eancia seja pelas redes sociais ou pelos seus trabalhos. Algumas s\u00e3o trancistas, trabalham tamb\u00e9m com transi\u00e7\u00e3o capilar, ensinando outras mulheres a amarem seus cabelos e suas origens&#8221;.<\/p>\n<p>A mostra tem ainda uma proposta digital, j\u00e1 que as fotografias ser\u00e3o apresentadas em grande escala em pain\u00e9is de led distribu\u00eddos na Biblioteca P\u00fablica Jurema Citeli. &#8220;\u00c9 muito gratificante poder me unir a mulheres que lutam pela igualdade, que incansavelmente batalham para garantir que seu espa\u00e7o e sua voz sejam respeitados&#8221;.<\/p>\n<p>A fotografia \u00e9 uma linguagem, uma linguagem visual poderosa e, enquanto artista e fotodocumentarista, me sinto no dever de registrar essa que para mim \u00e9 uma das mais importantes lutas da nossa sociedade, a busca pelo respeito e pela igualdade&#8221;, ressalta Maila.<\/p>\n<p>O vernissage (abertura da mostra) ocorre hoje, das 19h \u00e0s 21h. A exposi\u00e7\u00e3o pode ser visitada at\u00e9 sexta-feira (19), das 9h \u00e0s 17h, na Biblioteca P\u00fablica de Adamantina.<\/p>\n<p>&nbsp;<\/p>\n<p>Fonte: Assessoria de Imprensa<\/p>\n","protected":false},"excerpt":{"rendered":"<p>Penteados, tran\u00e7as e adornos funcionam como um tipo de linguagem dentro de certas tribos africanas. E o resgate da import\u00e2ncia ancestral dos cabelos afro \u00e9 a proposta de exposi\u00e7\u00e3o que come\u00e7a nesta ter\u00e7a-feira (16), em Adamantina. Como parte da programa\u00e7\u00e3o da Semana da Consci\u00eancia Negra, da Secretaria de Cultura e Turismo, a mostra traz 20 [&hellip;]<\/p>\n","protected":false},"author":13,"featured_media":45720,"comment_status":"closed","ping_status":"open","sticky":false,"template":"","format":"standard","meta":{"_acf_changed":false,"_exactmetrics_skip_tracking":false,"_exactmetrics_sitenote_active":false,"_exactmetrics_sitenote_note":"","_exactmetrics_sitenote_category":0,"footnotes":""},"categories":[21],"tags":[],"class_list":["post-45719","post","type-post","status-publish","format-standard","has-post-thumbnail","hentry","category-adamantina"],"acf":[],"yoast_head":"<!-- This site is optimized with the Yoast SEO plugin v27.2 - https:\/\/yoast.com\/product\/yoast-seo-wordpress\/ -->\n<title>Exposi\u00e7\u00e3o fotogr\u00e1fica traz empoderamento e cultura africana a partir desta ter\u00e7a - R\u00e1dio Life FM<\/title>\n<meta name=\"robots\" content=\"index, follow, max-snippet:-1, max-image-preview:large, max-video-preview:-1\" \/>\n<link rel=\"canonical\" href=\"https:\/\/radiolifefm.com.br\/noticias\/exposicao-fotografica-traz-empoderamento-e-cultura-africana-a-partir-desta-tercaadamantina\/\" \/>\n<meta property=\"og:locale\" content=\"pt_BR\" \/>\n<meta property=\"og:type\" content=\"article\" \/>\n<meta property=\"og:title\" content=\"Exposi\u00e7\u00e3o fotogr\u00e1fica traz empoderamento e cultura africana a partir desta ter\u00e7a - R\u00e1dio Life FM\" \/>\n<meta property=\"og:description\" content=\"Penteados, tran\u00e7as e adornos funcionam como um tipo de linguagem dentro de certas tribos africanas. E o resgate da import\u00e2ncia ancestral dos cabelos afro \u00e9 a proposta de exposi\u00e7\u00e3o que come\u00e7a nesta ter\u00e7a-feira (16), em Adamantina. Como parte da programa\u00e7\u00e3o da Semana da Consci\u00eancia Negra, da Secretaria de Cultura e Turismo, a mostra traz 20 [&hellip;]\" \/>\n<meta property=\"og:url\" content=\"https:\/\/radiolifefm.com.br\/noticias\/exposicao-fotografica-traz-empoderamento-e-cultura-africana-a-partir-desta-tercaadamantina\/\" \/>\n<meta property=\"og:site_name\" content=\"R\u00e1dio Life FM\" \/>\n<meta property=\"article:publisher\" content=\"https:\/\/www.facebook.com\/radiolifefm\/\" \/>\n<meta property=\"article:published_time\" content=\"2021-11-16T21:42:09+00:00\" \/>\n<meta property=\"article:modified_time\" content=\"2026-04-04T19:48:06+00:00\" \/>\n<meta property=\"og:image\" content=\"https:\/\/radiolifefm.com.br\/noticias\/wp-content\/uploads\/2021\/11\/WhatsApp-Image-2021-11-16-at-13.49.44.jpeg\" \/>\n\t<meta property=\"og:image:width\" content=\"960\" \/>\n\t<meta property=\"og:image:height\" content=\"1280\" \/>\n\t<meta property=\"og:image:type\" content=\"image\/jpeg\" \/>\n<meta name=\"author\" content=\"ritanery\" \/>\n<meta name=\"twitter:card\" content=\"summary_large_image\" \/>\n<meta name=\"twitter:label1\" content=\"Escrito por\" \/>\n\t<meta name=\"twitter:data1\" content=\"ritanery\" \/>\n\t<meta name=\"twitter:label2\" content=\"Est. tempo de leitura\" \/>\n\t<meta name=\"twitter:data2\" content=\"2 minutos\" \/>\n<script type=\"application\/ld+json\" class=\"yoast-schema-graph\">{\"@context\":\"https:\/\/schema.org\",\"@graph\":[{\"@type\":\"Article\",\"@id\":\"https:\/\/radiolifefm.com.br\/noticias\/exposicao-fotografica-traz-empoderamento-e-cultura-africana-a-partir-desta-tercaadamantina\/#article\",\"isPartOf\":{\"@id\":\"https:\/\/radiolifefm.com.br\/noticias\/exposicao-fotografica-traz-empoderamento-e-cultura-africana-a-partir-desta-tercaadamantina\/\"},\"author\":{\"name\":\"ritanery\",\"@id\":\"https:\/\/radiolifefm.com.br\/noticias\/#\/schema\/person\/6339b9fac59d12b071dec680d7375d87\"},\"headline\":\"Exposi\u00e7\u00e3o fotogr\u00e1fica traz empoderamento e cultura africana a partir desta ter\u00e7a\",\"datePublished\":\"2021-11-16T21:42:09+00:00\",\"dateModified\":\"2026-04-04T19:48:06+00:00\",\"mainEntityOfPage\":{\"@id\":\"https:\/\/radiolifefm.com.br\/noticias\/exposicao-fotografica-traz-empoderamento-e-cultura-africana-a-partir-desta-tercaadamantina\/\"},\"wordCount\":396,\"publisher\":{\"@id\":\"https:\/\/radiolifefm.com.br\/noticias\/#organization\"},\"image\":{\"@id\":\"https:\/\/radiolifefm.com.br\/noticias\/exposicao-fotografica-traz-empoderamento-e-cultura-africana-a-partir-desta-tercaadamantina\/#primaryimage\"},\"thumbnailUrl\":\"https:\/\/radiolifefm.com.br\/noticias\/wp-content\/uploads\/2021\/11\/WhatsApp-Image-2021-11-16-at-13.49.44.jpeg\",\"articleSection\":[\"Adamantina\"],\"inLanguage\":\"pt-BR\"},{\"@type\":\"WebPage\",\"@id\":\"https:\/\/radiolifefm.com.br\/noticias\/exposicao-fotografica-traz-empoderamento-e-cultura-africana-a-partir-desta-tercaadamantina\/\",\"url\":\"https:\/\/radiolifefm.com.br\/noticias\/exposicao-fotografica-traz-empoderamento-e-cultura-africana-a-partir-desta-tercaadamantina\/\",\"name\":\"Exposi\u00e7\u00e3o fotogr\u00e1fica traz empoderamento e cultura africana a partir desta ter\u00e7a - R\u00e1dio Life FM\",\"isPartOf\":{\"@id\":\"https:\/\/radiolifefm.com.br\/noticias\/#website\"},\"primaryImageOfPage\":{\"@id\":\"https:\/\/radiolifefm.com.br\/noticias\/exposicao-fotografica-traz-empoderamento-e-cultura-africana-a-partir-desta-tercaadamantina\/#primaryimage\"},\"image\":{\"@id\":\"https:\/\/radiolifefm.com.br\/noticias\/exposicao-fotografica-traz-empoderamento-e-cultura-africana-a-partir-desta-tercaadamantina\/#primaryimage\"},\"thumbnailUrl\":\"https:\/\/radiolifefm.com.br\/noticias\/wp-content\/uploads\/2021\/11\/WhatsApp-Image-2021-11-16-at-13.49.44.jpeg\",\"datePublished\":\"2021-11-16T21:42:09+00:00\",\"dateModified\":\"2026-04-04T19:48:06+00:00\",\"breadcrumb\":{\"@id\":\"https:\/\/radiolifefm.com.br\/noticias\/exposicao-fotografica-traz-empoderamento-e-cultura-africana-a-partir-desta-tercaadamantina\/#breadcrumb\"},\"inLanguage\":\"pt-BR\",\"potentialAction\":[{\"@type\":\"ReadAction\",\"target\":[\"https:\/\/radiolifefm.com.br\/noticias\/exposicao-fotografica-traz-empoderamento-e-cultura-africana-a-partir-desta-tercaadamantina\/\"]}]},{\"@type\":\"ImageObject\",\"inLanguage\":\"pt-BR\",\"@id\":\"https:\/\/radiolifefm.com.br\/noticias\/exposicao-fotografica-traz-empoderamento-e-cultura-africana-a-partir-desta-tercaadamantina\/#primaryimage\",\"url\":\"https:\/\/radiolifefm.com.br\/noticias\/wp-content\/uploads\/2021\/11\/WhatsApp-Image-2021-11-16-at-13.49.44.jpeg\",\"contentUrl\":\"https:\/\/radiolifefm.com.br\/noticias\/wp-content\/uploads\/2021\/11\/WhatsApp-Image-2021-11-16-at-13.49.44.jpeg\",\"width\":960,\"height\":1280,\"caption\":\"Representatividade, resgate cultural e empoderamento da mulher negra s\u00e3o destaques da exposi\u00e7\u00e3o fotogr\u00e1fica que leva o nome Ancestral\"},{\"@type\":\"BreadcrumbList\",\"@id\":\"https:\/\/radiolifefm.com.br\/noticias\/exposicao-fotografica-traz-empoderamento-e-cultura-africana-a-partir-desta-tercaadamantina\/#breadcrumb\",\"itemListElement\":[{\"@type\":\"ListItem\",\"position\":1,\"name\":\"In\u00edcio\",\"item\":\"https:\/\/radiolifefm.com.br\/noticias\/\"},{\"@type\":\"ListItem\",\"position\":2,\"name\":\"Exposi\u00e7\u00e3o fotogr\u00e1fica traz empoderamento e cultura africana a partir desta ter\u00e7a\"}]},{\"@type\":\"WebSite\",\"@id\":\"https:\/\/radiolifefm.com.br\/noticias\/#website\",\"url\":\"https:\/\/radiolifefm.com.br\/noticias\/\",\"name\":\"R\u00e1dio Life FM\",\"description\":\"O Portal de Not\u00edcias de Adamantina\",\"publisher\":{\"@id\":\"https:\/\/radiolifefm.com.br\/noticias\/#organization\"},\"alternateName\":\"Life FM\",\"potentialAction\":[{\"@type\":\"SearchAction\",\"target\":{\"@type\":\"EntryPoint\",\"urlTemplate\":\"https:\/\/radiolifefm.com.br\/noticias\/?s={search_term_string}\"},\"query-input\":{\"@type\":\"PropertyValueSpecification\",\"valueRequired\":true,\"valueName\":\"search_term_string\"}}],\"inLanguage\":\"pt-BR\"},{\"@type\":\"Organization\",\"@id\":\"https:\/\/radiolifefm.com.br\/noticias\/#organization\",\"name\":\"R\u00e1dio Life FM\",\"alternateName\":\"Life FM\",\"url\":\"https:\/\/radiolifefm.com.br\/noticias\/\",\"logo\":{\"@type\":\"ImageObject\",\"inLanguage\":\"pt-BR\",\"@id\":\"https:\/\/radiolifefm.com.br\/noticias\/#\/schema\/logo\/image\/\",\"url\":\"https:\/\/static.radiolifefm.com.br\/noticias\/wp-content\/uploads\/2019\/10\/logo-lifefm.png\",\"contentUrl\":\"https:\/\/static.radiolifefm.com.br\/noticias\/wp-content\/uploads\/2019\/10\/logo-lifefm.png\",\"width\":196,\"height\":47,\"caption\":\"R\u00e1dio Life FM\"},\"image\":{\"@id\":\"https:\/\/radiolifefm.com.br\/noticias\/#\/schema\/logo\/image\/\"},\"sameAs\":[\"https:\/\/www.facebook.com\/radiolifefm\/\",\"https:\/\/www.instagram.com\/life1079fm\/\"]},{\"@type\":\"Person\",\"@id\":\"https:\/\/radiolifefm.com.br\/noticias\/#\/schema\/person\/6339b9fac59d12b071dec680d7375d87\",\"name\":\"ritanery\",\"image\":{\"@type\":\"ImageObject\",\"inLanguage\":\"pt-BR\",\"@id\":\"https:\/\/secure.gravatar.com\/avatar\/0e37bb19071f47c0b8a23f62a903df117c5a0e75f65a0c2901562f97cd41cf86?s=96&d=mm&r=g\",\"url\":\"https:\/\/secure.gravatar.com\/avatar\/0e37bb19071f47c0b8a23f62a903df117c5a0e75f65a0c2901562f97cd41cf86?s=96&d=mm&r=g\",\"contentUrl\":\"https:\/\/secure.gravatar.com\/avatar\/0e37bb19071f47c0b8a23f62a903df117c5a0e75f65a0c2901562f97cd41cf86?s=96&d=mm&r=g\",\"caption\":\"ritanery\"}}]}<\/script>\n<!-- \/ Yoast SEO plugin. -->","yoast_head_json":{"title":"Exposi\u00e7\u00e3o fotogr\u00e1fica traz empoderamento e cultura africana a partir desta ter\u00e7a - R\u00e1dio Life FM","robots":{"index":"index","follow":"follow","max-snippet":"max-snippet:-1","max-image-preview":"max-image-preview:large","max-video-preview":"max-video-preview:-1"},"canonical":"https:\/\/radiolifefm.com.br\/noticias\/exposicao-fotografica-traz-empoderamento-e-cultura-africana-a-partir-desta-tercaadamantina\/","og_locale":"pt_BR","og_type":"article","og_title":"Exposi\u00e7\u00e3o fotogr\u00e1fica traz empoderamento e cultura africana a partir desta ter\u00e7a - R\u00e1dio Life FM","og_description":"Penteados, tran\u00e7as e adornos funcionam como um tipo de linguagem dentro de certas tribos africanas. E o resgate da import\u00e2ncia ancestral dos cabelos afro \u00e9 a proposta de exposi\u00e7\u00e3o que come\u00e7a nesta ter\u00e7a-feira (16), em Adamantina. Como parte da programa\u00e7\u00e3o da Semana da Consci\u00eancia Negra, da Secretaria de Cultura e Turismo, a mostra traz 20 [&hellip;]","og_url":"https:\/\/radiolifefm.com.br\/noticias\/exposicao-fotografica-traz-empoderamento-e-cultura-africana-a-partir-desta-tercaadamantina\/","og_site_name":"R\u00e1dio Life FM","article_publisher":"https:\/\/www.facebook.com\/radiolifefm\/","article_published_time":"2021-11-16T21:42:09+00:00","article_modified_time":"2026-04-04T19:48:06+00:00","og_image":[{"width":960,"height":1280,"url":"https:\/\/radiolifefm.com.br\/noticias\/wp-content\/uploads\/2021\/11\/WhatsApp-Image-2021-11-16-at-13.49.44.jpeg","type":"image\/jpeg"}],"author":"ritanery","twitter_card":"summary_large_image","twitter_misc":{"Escrito por":"ritanery","Est. tempo de leitura":"2 minutos"},"schema":{"@context":"https:\/\/schema.org","@graph":[{"@type":"Article","@id":"https:\/\/radiolifefm.com.br\/noticias\/exposicao-fotografica-traz-empoderamento-e-cultura-africana-a-partir-desta-tercaadamantina\/#article","isPartOf":{"@id":"https:\/\/radiolifefm.com.br\/noticias\/exposicao-fotografica-traz-empoderamento-e-cultura-africana-a-partir-desta-tercaadamantina\/"},"author":{"name":"ritanery","@id":"https:\/\/radiolifefm.com.br\/noticias\/#\/schema\/person\/6339b9fac59d12b071dec680d7375d87"},"headline":"Exposi\u00e7\u00e3o fotogr\u00e1fica traz empoderamento e cultura africana a partir desta ter\u00e7a","datePublished":"2021-11-16T21:42:09+00:00","dateModified":"2026-04-04T19:48:06+00:00","mainEntityOfPage":{"@id":"https:\/\/radiolifefm.com.br\/noticias\/exposicao-fotografica-traz-empoderamento-e-cultura-africana-a-partir-desta-tercaadamantina\/"},"wordCount":396,"publisher":{"@id":"https:\/\/radiolifefm.com.br\/noticias\/#organization"},"image":{"@id":"https:\/\/radiolifefm.com.br\/noticias\/exposicao-fotografica-traz-empoderamento-e-cultura-africana-a-partir-desta-tercaadamantina\/#primaryimage"},"thumbnailUrl":"https:\/\/radiolifefm.com.br\/noticias\/wp-content\/uploads\/2021\/11\/WhatsApp-Image-2021-11-16-at-13.49.44.jpeg","articleSection":["Adamantina"],"inLanguage":"pt-BR"},{"@type":"WebPage","@id":"https:\/\/radiolifefm.com.br\/noticias\/exposicao-fotografica-traz-empoderamento-e-cultura-africana-a-partir-desta-tercaadamantina\/","url":"https:\/\/radiolifefm.com.br\/noticias\/exposicao-fotografica-traz-empoderamento-e-cultura-africana-a-partir-desta-tercaadamantina\/","name":"Exposi\u00e7\u00e3o fotogr\u00e1fica traz empoderamento e cultura africana a partir desta ter\u00e7a - R\u00e1dio Life FM","isPartOf":{"@id":"https:\/\/radiolifefm.com.br\/noticias\/#website"},"primaryImageOfPage":{"@id":"https:\/\/radiolifefm.com.br\/noticias\/exposicao-fotografica-traz-empoderamento-e-cultura-africana-a-partir-desta-tercaadamantina\/#primaryimage"},"image":{"@id":"https:\/\/radiolifefm.com.br\/noticias\/exposicao-fotografica-traz-empoderamento-e-cultura-africana-a-partir-desta-tercaadamantina\/#primaryimage"},"thumbnailUrl":"https:\/\/radiolifefm.com.br\/noticias\/wp-content\/uploads\/2021\/11\/WhatsApp-Image-2021-11-16-at-13.49.44.jpeg","datePublished":"2021-11-16T21:42:09+00:00","dateModified":"2026-04-04T19:48:06+00:00","breadcrumb":{"@id":"https:\/\/radiolifefm.com.br\/noticias\/exposicao-fotografica-traz-empoderamento-e-cultura-africana-a-partir-desta-tercaadamantina\/#breadcrumb"},"inLanguage":"pt-BR","potentialAction":[{"@type":"ReadAction","target":["https:\/\/radiolifefm.com.br\/noticias\/exposicao-fotografica-traz-empoderamento-e-cultura-africana-a-partir-desta-tercaadamantina\/"]}]},{"@type":"ImageObject","inLanguage":"pt-BR","@id":"https:\/\/radiolifefm.com.br\/noticias\/exposicao-fotografica-traz-empoderamento-e-cultura-africana-a-partir-desta-tercaadamantina\/#primaryimage","url":"https:\/\/radiolifefm.com.br\/noticias\/wp-content\/uploads\/2021\/11\/WhatsApp-Image-2021-11-16-at-13.49.44.jpeg","contentUrl":"https:\/\/radiolifefm.com.br\/noticias\/wp-content\/uploads\/2021\/11\/WhatsApp-Image-2021-11-16-at-13.49.44.jpeg","width":960,"height":1280,"caption":"Representatividade, resgate cultural e empoderamento da mulher negra s\u00e3o destaques da exposi\u00e7\u00e3o fotogr\u00e1fica que leva o nome Ancestral"},{"@type":"BreadcrumbList","@id":"https:\/\/radiolifefm.com.br\/noticias\/exposicao-fotografica-traz-empoderamento-e-cultura-africana-a-partir-desta-tercaadamantina\/#breadcrumb","itemListElement":[{"@type":"ListItem","position":1,"name":"In\u00edcio","item":"https:\/\/radiolifefm.com.br\/noticias\/"},{"@type":"ListItem","position":2,"name":"Exposi\u00e7\u00e3o fotogr\u00e1fica traz empoderamento e cultura africana a partir desta ter\u00e7a"}]},{"@type":"WebSite","@id":"https:\/\/radiolifefm.com.br\/noticias\/#website","url":"https:\/\/radiolifefm.com.br\/noticias\/","name":"R\u00e1dio Life FM","description":"O Portal de Not\u00edcias de Adamantina","publisher":{"@id":"https:\/\/radiolifefm.com.br\/noticias\/#organization"},"alternateName":"Life FM","potentialAction":[{"@type":"SearchAction","target":{"@type":"EntryPoint","urlTemplate":"https:\/\/radiolifefm.com.br\/noticias\/?s={search_term_string}"},"query-input":{"@type":"PropertyValueSpecification","valueRequired":true,"valueName":"search_term_string"}}],"inLanguage":"pt-BR"},{"@type":"Organization","@id":"https:\/\/radiolifefm.com.br\/noticias\/#organization","name":"R\u00e1dio Life FM","alternateName":"Life FM","url":"https:\/\/radiolifefm.com.br\/noticias\/","logo":{"@type":"ImageObject","inLanguage":"pt-BR","@id":"https:\/\/radiolifefm.com.br\/noticias\/#\/schema\/logo\/image\/","url":"https:\/\/static.radiolifefm.com.br\/noticias\/wp-content\/uploads\/2019\/10\/logo-lifefm.png","contentUrl":"https:\/\/static.radiolifefm.com.br\/noticias\/wp-content\/uploads\/2019\/10\/logo-lifefm.png","width":196,"height":47,"caption":"R\u00e1dio Life FM"},"image":{"@id":"https:\/\/radiolifefm.com.br\/noticias\/#\/schema\/logo\/image\/"},"sameAs":["https:\/\/www.facebook.com\/radiolifefm\/","https:\/\/www.instagram.com\/life1079fm\/"]},{"@type":"Person","@id":"https:\/\/radiolifefm.com.br\/noticias\/#\/schema\/person\/6339b9fac59d12b071dec680d7375d87","name":"ritanery","image":{"@type":"ImageObject","inLanguage":"pt-BR","@id":"https:\/\/secure.gravatar.com\/avatar\/0e37bb19071f47c0b8a23f62a903df117c5a0e75f65a0c2901562f97cd41cf86?s=96&d=mm&r=g","url":"https:\/\/secure.gravatar.com\/avatar\/0e37bb19071f47c0b8a23f62a903df117c5a0e75f65a0c2901562f97cd41cf86?s=96&d=mm&r=g","contentUrl":"https:\/\/secure.gravatar.com\/avatar\/0e37bb19071f47c0b8a23f62a903df117c5a0e75f65a0c2901562f97cd41cf86?s=96&d=mm&r=g","caption":"ritanery"}}]}},"amp_enabled":true,"_links":{"self":[{"href":"https:\/\/radiolifefm.com.br\/noticias\/wp-json\/wp\/v2\/posts\/45719","targetHints":{"allow":["GET"]}}],"collection":[{"href":"https:\/\/radiolifefm.com.br\/noticias\/wp-json\/wp\/v2\/posts"}],"about":[{"href":"https:\/\/radiolifefm.com.br\/noticias\/wp-json\/wp\/v2\/types\/post"}],"author":[{"embeddable":true,"href":"https:\/\/radiolifefm.com.br\/noticias\/wp-json\/wp\/v2\/users\/13"}],"replies":[{"embeddable":true,"href":"https:\/\/radiolifefm.com.br\/noticias\/wp-json\/wp\/v2\/comments?post=45719"}],"version-history":[{"count":2,"href":"https:\/\/radiolifefm.com.br\/noticias\/wp-json\/wp\/v2\/posts\/45719\/revisions"}],"predecessor-version":[{"id":45722,"href":"https:\/\/radiolifefm.com.br\/noticias\/wp-json\/wp\/v2\/posts\/45719\/revisions\/45722"}],"wp:featuredmedia":[{"embeddable":true,"href":"https:\/\/radiolifefm.com.br\/noticias\/wp-json\/wp\/v2\/media\/45720"}],"wp:attachment":[{"href":"https:\/\/radiolifefm.com.br\/noticias\/wp-json\/wp\/v2\/media?parent=45719"}],"wp:term":[{"taxonomy":"category","embeddable":true,"href":"https:\/\/radiolifefm.com.br\/noticias\/wp-json\/wp\/v2\/categories?post=45719"},{"taxonomy":"post_tag","embeddable":true,"href":"https:\/\/radiolifefm.com.br\/noticias\/wp-json\/wp\/v2\/tags?post=45719"}],"curies":[{"name":"wp","href":"https:\/\/api.w.org\/{rel}","templated":true}]}}