{"id":45672,"date":"2021-11-15T12:27:24","date_gmt":"2021-11-15T15:27:24","guid":{"rendered":"https:\/\/radiolifefm.com.br\/noticias\/?p=45672"},"modified":"2026-04-06T16:05:38","modified_gmt":"2026-04-06T19:05:38","slug":"incendio-atinge-madeireira-em-adamantina-proprietario-estima-prejuizos-em-torno-de-r-600-mil","status":"publish","type":"post","link":"https:\/\/radiolifefm.com.br\/noticias\/incendio-atinge-madeireira-em-adamantina-proprietario-estima-prejuizos-em-torno-de-r-600-mil\/","title":{"rendered":"Inc\u00eandio atinge madeireira em Adamantina; propriet\u00e1rio estima preju\u00edzos em torno de R$ 600 mil"},"content":{"rendered":"<div id=\"fb-root\"><\/div>\n<p style=\"font-weight: 400\">Um inc\u00eandio nesta segunda-feira (15) destruiu parte do estoque de madeiras, dois ve\u00edculos (um caminh\u00e3o e uma caminhonete) e equipamentos da Madeireira Lot, localizada na Estrada Vicinal Jos\u00e9 Bocardi, logo ap\u00f3s o aeroporto, em Adamantina.<\/p>\n<p style=\"font-weight: 400\">De acordo com o propriet\u00e1rio, Claudenir Ant\u00f4nio Lot, ouvido por volta das 11h pelo SIGA MAIS, o inc\u00eandio teve in\u00edcio na madrugada, por volta das 3h. Ele soube da ocorr\u00eancia quando foi acionado pela empresa de seguran\u00e7a que realiza o monitoramento do local.<\/p>\n<p style=\"font-weight: 400\">Depois de ser acionado, ele foi at\u00e9 a madeireira de onde acompanhou todo o trabalho de conten\u00e7\u00e3o das chamas, iniciado pela equipe do Corpo de Bombeiros de Adamantina, que j\u00e1 havia sido acionado por populares.<\/p>\n<p style=\"font-weight: 400\">Diante da caracter\u00edstica do inc\u00eandio e do farto material com potencial para r\u00e1pida combust\u00e3o, segundo o empres\u00e1rio, viaturas de combate a inc\u00eandio do Corpo de Bombeiros de Osvaldo Cruz e Dracena foram mobilizadas, e ainda caminh\u00f5es pipa das usinas sucroalcooleiras Branco Peres e Bioenergia, e da Prefeitura de Adamantina.<\/p>\n<p style=\"font-weight: 400\">Ap\u00f3s\u00a0\u00a0o controle das chamas foi realizado um trabalho de rescaldo, o que avan\u00e7ou pela manh\u00e3. At\u00e9 por volta das 11h, quando a reportagem esteve no local, essa a\u00e7\u00e3o era realizada com um caminh\u00e3o pipa. Assista:<\/p>\n<p><!-- Embedded with Magic Embeds - https:\/\/magicembeds.com --><\/p>\n<div class=\"wef-measure\" style=\"max-width: 450px;\"><\/div>\n<div class=\"fb-video\" data-href=\"https:\/\/www.facebook.com\/watch\/?v=1754943631371354\" data-allowfullscreen=\"true\" data-autoplay=\"false\" data-width=\"450\" data-show-text=\"false\" data-show-captions=\"true\"><\/div>\n<p>&nbsp;<\/p>\n<p style=\"font-weight: 400\"><b><strong>Preju\u00edzos e agradecimentos<\/strong><\/b><\/p>\n<p style=\"font-weight: 400\">Sobre os preju\u00edzos, o propriet\u00e1rio estima que possam a chegar a R$ 600 mil, entre estoque de madeiras, ve\u00edculos e equipamentos destru\u00eddos pelas chamas. Em rela\u00e7\u00e3o ao volume de madeira consumida pelo inc\u00eandio, ele explicou que todo o estoque tem o Documento de Origem Florestal (DOF). Ele explicou que a partir do estoque que foi preservado ser\u00e1 poss\u00edvel levantar o montante destru\u00eddo.<\/p>\n<p style=\"font-weight: 400\">Claudenir Lot destacou que a r\u00e1pida a\u00e7\u00e3o das equipes de combate a inc\u00eandio \u2013 o que envolve os Bombeiros, usinas e Prefeitura \u2013 permitiu que as chamas n\u00e3o destru\u00edssem todo o estoque e demais instala\u00e7\u00f5es da empresa. \u201cTodos deram o maior apoio e conseguiram salvar uns 50% ou mais, gra\u00e7as \u00e0 efici\u00eancia desse pessoal\u201d, ressaltou, em agradecimento.<\/p>\n<p style=\"font-weight: 400\">Al\u00e9m da equipe do Corpo de Bombeiros e caminh\u00f5es de apoio, a ocorr\u00eancia tamb\u00e9m mobilizou a Pol\u00edcia Militar de Adamantina.<\/p>\n<p>&nbsp;<\/p>\n<p>Fonte: Siga Mais<\/p>\n","protected":false},"excerpt":{"rendered":"<p>Um inc\u00eandio nesta segunda-feira (15) destruiu parte do estoque de madeiras, dois ve\u00edculos (um caminh\u00e3o e uma caminhonete) e equipamentos da Madeireira Lot, localizada na Estrada Vicinal Jos\u00e9 Bocardi, logo ap\u00f3s o aeroporto, em Adamantina. De acordo com o propriet\u00e1rio, Claudenir Ant\u00f4nio Lot, ouvido por volta das 11h pelo SIGA MAIS, o inc\u00eandio teve in\u00edcio [&hellip;]<\/p>\n","protected":false},"author":13,"featured_media":45673,"comment_status":"closed","ping_status":"open","sticky":false,"template":"","format":"standard","meta":{"_acf_changed":false,"_exactmetrics_skip_tracking":false,"_exactmetrics_sitenote_active":false,"_exactmetrics_sitenote_note":"","_exactmetrics_sitenote_category":0,"footnotes":""},"categories":[21],"tags":[],"class_list":["post-45672","post","type-post","status-publish","format-standard","has-post-thumbnail","hentry","category-adamantina"],"acf":[],"yoast_head":"<!-- This site is optimized with the Yoast SEO plugin v27.2 - https:\/\/yoast.com\/product\/yoast-seo-wordpress\/ -->\n<title>Inc\u00eandio atinge madeireira em Adamantina; propriet\u00e1rio estima preju\u00edzos em torno de R$ 600 mil - R\u00e1dio Life FM<\/title>\n<meta name=\"robots\" content=\"index, follow, max-snippet:-1, max-image-preview:large, max-video-preview:-1\" \/>\n<link rel=\"canonical\" href=\"https:\/\/radiolifefm.com.br\/noticias\/incendio-atinge-madeireira-em-adamantina-proprietario-estima-prejuizos-em-torno-de-r-600-mil\/\" \/>\n<meta property=\"og:locale\" content=\"pt_BR\" \/>\n<meta property=\"og:type\" content=\"article\" \/>\n<meta property=\"og:title\" content=\"Inc\u00eandio atinge madeireira em Adamantina; propriet\u00e1rio estima preju\u00edzos em torno de R$ 600 mil - R\u00e1dio Life FM\" \/>\n<meta property=\"og:description\" content=\"Um inc\u00eandio nesta segunda-feira (15) destruiu parte do estoque de madeiras, dois ve\u00edculos (um caminh\u00e3o e uma caminhonete) e equipamentos da Madeireira Lot, localizada na Estrada Vicinal Jos\u00e9 Bocardi, logo ap\u00f3s o aeroporto, em Adamantina. De acordo com o propriet\u00e1rio, Claudenir Ant\u00f4nio Lot, ouvido por volta das 11h pelo SIGA MAIS, o inc\u00eandio teve in\u00edcio [&hellip;]\" \/>\n<meta property=\"og:url\" content=\"https:\/\/radiolifefm.com.br\/noticias\/incendio-atinge-madeireira-em-adamantina-proprietario-estima-prejuizos-em-torno-de-r-600-mil\/\" \/>\n<meta property=\"og:site_name\" content=\"R\u00e1dio Life FM\" \/>\n<meta property=\"article:publisher\" content=\"https:\/\/www.facebook.com\/radiolifefm\/\" \/>\n<meta property=\"article:published_time\" content=\"2021-11-15T15:27:24+00:00\" \/>\n<meta property=\"article:modified_time\" content=\"2026-04-06T19:05:38+00:00\" \/>\n<meta property=\"og:image\" content=\"https:\/\/radiolifefm.com.br\/noticias\/wp-content\/uploads\/2021\/11\/fogo-1jpg163698955961927a77768b0.jpg\" \/>\n\t<meta property=\"og:image:width\" content=\"600\" \/>\n\t<meta property=\"og:image:height\" content=\"337\" \/>\n\t<meta property=\"og:image:type\" content=\"image\/jpeg\" \/>\n<meta name=\"author\" content=\"ritanery\" \/>\n<meta name=\"twitter:card\" content=\"summary_large_image\" \/>\n<meta name=\"twitter:label1\" content=\"Escrito por\" \/>\n\t<meta name=\"twitter:data1\" content=\"ritanery\" \/>\n\t<meta name=\"twitter:label2\" content=\"Est. tempo de leitura\" \/>\n\t<meta name=\"twitter:data2\" content=\"2 minutos\" \/>\n<script type=\"application\/ld+json\" class=\"yoast-schema-graph\">{\"@context\":\"https:\/\/schema.org\",\"@graph\":[{\"@type\":\"Article\",\"@id\":\"https:\/\/radiolifefm.com.br\/noticias\/incendio-atinge-madeireira-em-adamantina-proprietario-estima-prejuizos-em-torno-de-r-600-mil\/#article\",\"isPartOf\":{\"@id\":\"https:\/\/radiolifefm.com.br\/noticias\/incendio-atinge-madeireira-em-adamantina-proprietario-estima-prejuizos-em-torno-de-r-600-mil\/\"},\"author\":{\"name\":\"ritanery\",\"@id\":\"https:\/\/radiolifefm.com.br\/noticias\/#\/schema\/person\/6339b9fac59d12b071dec680d7375d87\"},\"headline\":\"Inc\u00eandio atinge madeireira em Adamantina; propriet\u00e1rio estima preju\u00edzos em torno de R$ 600 mil\",\"datePublished\":\"2021-11-15T15:27:24+00:00\",\"dateModified\":\"2026-04-06T19:05:38+00:00\",\"mainEntityOfPage\":{\"@id\":\"https:\/\/radiolifefm.com.br\/noticias\/incendio-atinge-madeireira-em-adamantina-proprietario-estima-prejuizos-em-torno-de-r-600-mil\/\"},\"wordCount\":407,\"publisher\":{\"@id\":\"https:\/\/radiolifefm.com.br\/noticias\/#organization\"},\"image\":{\"@id\":\"https:\/\/radiolifefm.com.br\/noticias\/incendio-atinge-madeireira-em-adamantina-proprietario-estima-prejuizos-em-torno-de-r-600-mil\/#primaryimage\"},\"thumbnailUrl\":\"https:\/\/radiolifefm.com.br\/noticias\/wp-content\/uploads\/2021\/11\/fogo-1jpg163698955961927a77768b0.jpg\",\"articleSection\":[\"Adamantina\"],\"inLanguage\":\"pt-BR\"},{\"@type\":\"WebPage\",\"@id\":\"https:\/\/radiolifefm.com.br\/noticias\/incendio-atinge-madeireira-em-adamantina-proprietario-estima-prejuizos-em-torno-de-r-600-mil\/\",\"url\":\"https:\/\/radiolifefm.com.br\/noticias\/incendio-atinge-madeireira-em-adamantina-proprietario-estima-prejuizos-em-torno-de-r-600-mil\/\",\"name\":\"Inc\u00eandio atinge madeireira em Adamantina; propriet\u00e1rio estima preju\u00edzos em torno de R$ 600 mil - R\u00e1dio Life FM\",\"isPartOf\":{\"@id\":\"https:\/\/radiolifefm.com.br\/noticias\/#website\"},\"primaryImageOfPage\":{\"@id\":\"https:\/\/radiolifefm.com.br\/noticias\/incendio-atinge-madeireira-em-adamantina-proprietario-estima-prejuizos-em-torno-de-r-600-mil\/#primaryimage\"},\"image\":{\"@id\":\"https:\/\/radiolifefm.com.br\/noticias\/incendio-atinge-madeireira-em-adamantina-proprietario-estima-prejuizos-em-torno-de-r-600-mil\/#primaryimage\"},\"thumbnailUrl\":\"https:\/\/radiolifefm.com.br\/noticias\/wp-content\/uploads\/2021\/11\/fogo-1jpg163698955961927a77768b0.jpg\",\"datePublished\":\"2021-11-15T15:27:24+00:00\",\"dateModified\":\"2026-04-06T19:05:38+00:00\",\"breadcrumb\":{\"@id\":\"https:\/\/radiolifefm.com.br\/noticias\/incendio-atinge-madeireira-em-adamantina-proprietario-estima-prejuizos-em-torno-de-r-600-mil\/#breadcrumb\"},\"inLanguage\":\"pt-BR\",\"potentialAction\":[{\"@type\":\"ReadAction\",\"target\":[\"https:\/\/radiolifefm.com.br\/noticias\/incendio-atinge-madeireira-em-adamantina-proprietario-estima-prejuizos-em-torno-de-r-600-mil\/\"]}]},{\"@type\":\"ImageObject\",\"inLanguage\":\"pt-BR\",\"@id\":\"https:\/\/radiolifefm.com.br\/noticias\/incendio-atinge-madeireira-em-adamantina-proprietario-estima-prejuizos-em-torno-de-r-600-mil\/#primaryimage\",\"url\":\"https:\/\/radiolifefm.com.br\/noticias\/wp-content\/uploads\/2021\/11\/fogo-1jpg163698955961927a77768b0.jpg\",\"contentUrl\":\"https:\/\/radiolifefm.com.br\/noticias\/wp-content\/uploads\/2021\/11\/fogo-1jpg163698955961927a77768b0.jpg\",\"width\":600,\"height\":337,\"caption\":\"Segundo o empres\u00e1rio, foram atingidos parte do estoque de madeiras, ve\u00edculos e equipamentos.\"},{\"@type\":\"BreadcrumbList\",\"@id\":\"https:\/\/radiolifefm.com.br\/noticias\/incendio-atinge-madeireira-em-adamantina-proprietario-estima-prejuizos-em-torno-de-r-600-mil\/#breadcrumb\",\"itemListElement\":[{\"@type\":\"ListItem\",\"position\":1,\"name\":\"In\u00edcio\",\"item\":\"https:\/\/radiolifefm.com.br\/noticias\/\"},{\"@type\":\"ListItem\",\"position\":2,\"name\":\"Inc\u00eandio atinge madeireira em Adamantina; propriet\u00e1rio estima preju\u00edzos em torno de R$ 600 mil\"}]},{\"@type\":\"WebSite\",\"@id\":\"https:\/\/radiolifefm.com.br\/noticias\/#website\",\"url\":\"https:\/\/radiolifefm.com.br\/noticias\/\",\"name\":\"R\u00e1dio Life FM\",\"description\":\"O Portal de Not\u00edcias de Adamantina\",\"publisher\":{\"@id\":\"https:\/\/radiolifefm.com.br\/noticias\/#organization\"},\"alternateName\":\"Life FM\",\"potentialAction\":[{\"@type\":\"SearchAction\",\"target\":{\"@type\":\"EntryPoint\",\"urlTemplate\":\"https:\/\/radiolifefm.com.br\/noticias\/?s={search_term_string}\"},\"query-input\":{\"@type\":\"PropertyValueSpecification\",\"valueRequired\":true,\"valueName\":\"search_term_string\"}}],\"inLanguage\":\"pt-BR\"},{\"@type\":\"Organization\",\"@id\":\"https:\/\/radiolifefm.com.br\/noticias\/#organization\",\"name\":\"R\u00e1dio Life FM\",\"alternateName\":\"Life FM\",\"url\":\"https:\/\/radiolifefm.com.br\/noticias\/\",\"logo\":{\"@type\":\"ImageObject\",\"inLanguage\":\"pt-BR\",\"@id\":\"https:\/\/radiolifefm.com.br\/noticias\/#\/schema\/logo\/image\/\",\"url\":\"https:\/\/static.radiolifefm.com.br\/noticias\/wp-content\/uploads\/2019\/10\/logo-lifefm.png\",\"contentUrl\":\"https:\/\/static.radiolifefm.com.br\/noticias\/wp-content\/uploads\/2019\/10\/logo-lifefm.png\",\"width\":196,\"height\":47,\"caption\":\"R\u00e1dio Life FM\"},\"image\":{\"@id\":\"https:\/\/radiolifefm.com.br\/noticias\/#\/schema\/logo\/image\/\"},\"sameAs\":[\"https:\/\/www.facebook.com\/radiolifefm\/\",\"https:\/\/www.instagram.com\/life1079fm\/\"]},{\"@type\":\"Person\",\"@id\":\"https:\/\/radiolifefm.com.br\/noticias\/#\/schema\/person\/6339b9fac59d12b071dec680d7375d87\",\"name\":\"ritanery\",\"image\":{\"@type\":\"ImageObject\",\"inLanguage\":\"pt-BR\",\"@id\":\"https:\/\/secure.gravatar.com\/avatar\/0e37bb19071f47c0b8a23f62a903df117c5a0e75f65a0c2901562f97cd41cf86?s=96&d=mm&r=g\",\"url\":\"https:\/\/secure.gravatar.com\/avatar\/0e37bb19071f47c0b8a23f62a903df117c5a0e75f65a0c2901562f97cd41cf86?s=96&d=mm&r=g\",\"contentUrl\":\"https:\/\/secure.gravatar.com\/avatar\/0e37bb19071f47c0b8a23f62a903df117c5a0e75f65a0c2901562f97cd41cf86?s=96&d=mm&r=g\",\"caption\":\"ritanery\"}}]}<\/script>\n<!-- \/ Yoast SEO plugin. -->","yoast_head_json":{"title":"Inc\u00eandio atinge madeireira em Adamantina; propriet\u00e1rio estima preju\u00edzos em torno de R$ 600 mil - R\u00e1dio Life FM","robots":{"index":"index","follow":"follow","max-snippet":"max-snippet:-1","max-image-preview":"max-image-preview:large","max-video-preview":"max-video-preview:-1"},"canonical":"https:\/\/radiolifefm.com.br\/noticias\/incendio-atinge-madeireira-em-adamantina-proprietario-estima-prejuizos-em-torno-de-r-600-mil\/","og_locale":"pt_BR","og_type":"article","og_title":"Inc\u00eandio atinge madeireira em Adamantina; propriet\u00e1rio estima preju\u00edzos em torno de R$ 600 mil - R\u00e1dio Life FM","og_description":"Um inc\u00eandio nesta segunda-feira (15) destruiu parte do estoque de madeiras, dois ve\u00edculos (um caminh\u00e3o e uma caminhonete) e equipamentos da Madeireira Lot, localizada na Estrada Vicinal Jos\u00e9 Bocardi, logo ap\u00f3s o aeroporto, em Adamantina. De acordo com o propriet\u00e1rio, Claudenir Ant\u00f4nio Lot, ouvido por volta das 11h pelo SIGA MAIS, o inc\u00eandio teve in\u00edcio [&hellip;]","og_url":"https:\/\/radiolifefm.com.br\/noticias\/incendio-atinge-madeireira-em-adamantina-proprietario-estima-prejuizos-em-torno-de-r-600-mil\/","og_site_name":"R\u00e1dio Life FM","article_publisher":"https:\/\/www.facebook.com\/radiolifefm\/","article_published_time":"2021-11-15T15:27:24+00:00","article_modified_time":"2026-04-06T19:05:38+00:00","og_image":[{"width":600,"height":337,"url":"https:\/\/radiolifefm.com.br\/noticias\/wp-content\/uploads\/2021\/11\/fogo-1jpg163698955961927a77768b0.jpg","type":"image\/jpeg"}],"author":"ritanery","twitter_card":"summary_large_image","twitter_misc":{"Escrito por":"ritanery","Est. tempo de leitura":"2 minutos"},"schema":{"@context":"https:\/\/schema.org","@graph":[{"@type":"Article","@id":"https:\/\/radiolifefm.com.br\/noticias\/incendio-atinge-madeireira-em-adamantina-proprietario-estima-prejuizos-em-torno-de-r-600-mil\/#article","isPartOf":{"@id":"https:\/\/radiolifefm.com.br\/noticias\/incendio-atinge-madeireira-em-adamantina-proprietario-estima-prejuizos-em-torno-de-r-600-mil\/"},"author":{"name":"ritanery","@id":"https:\/\/radiolifefm.com.br\/noticias\/#\/schema\/person\/6339b9fac59d12b071dec680d7375d87"},"headline":"Inc\u00eandio atinge madeireira em Adamantina; propriet\u00e1rio estima preju\u00edzos em torno de R$ 600 mil","datePublished":"2021-11-15T15:27:24+00:00","dateModified":"2026-04-06T19:05:38+00:00","mainEntityOfPage":{"@id":"https:\/\/radiolifefm.com.br\/noticias\/incendio-atinge-madeireira-em-adamantina-proprietario-estima-prejuizos-em-torno-de-r-600-mil\/"},"wordCount":407,"publisher":{"@id":"https:\/\/radiolifefm.com.br\/noticias\/#organization"},"image":{"@id":"https:\/\/radiolifefm.com.br\/noticias\/incendio-atinge-madeireira-em-adamantina-proprietario-estima-prejuizos-em-torno-de-r-600-mil\/#primaryimage"},"thumbnailUrl":"https:\/\/radiolifefm.com.br\/noticias\/wp-content\/uploads\/2021\/11\/fogo-1jpg163698955961927a77768b0.jpg","articleSection":["Adamantina"],"inLanguage":"pt-BR"},{"@type":"WebPage","@id":"https:\/\/radiolifefm.com.br\/noticias\/incendio-atinge-madeireira-em-adamantina-proprietario-estima-prejuizos-em-torno-de-r-600-mil\/","url":"https:\/\/radiolifefm.com.br\/noticias\/incendio-atinge-madeireira-em-adamantina-proprietario-estima-prejuizos-em-torno-de-r-600-mil\/","name":"Inc\u00eandio atinge madeireira em Adamantina; propriet\u00e1rio estima preju\u00edzos em torno de R$ 600 mil - R\u00e1dio Life FM","isPartOf":{"@id":"https:\/\/radiolifefm.com.br\/noticias\/#website"},"primaryImageOfPage":{"@id":"https:\/\/radiolifefm.com.br\/noticias\/incendio-atinge-madeireira-em-adamantina-proprietario-estima-prejuizos-em-torno-de-r-600-mil\/#primaryimage"},"image":{"@id":"https:\/\/radiolifefm.com.br\/noticias\/incendio-atinge-madeireira-em-adamantina-proprietario-estima-prejuizos-em-torno-de-r-600-mil\/#primaryimage"},"thumbnailUrl":"https:\/\/radiolifefm.com.br\/noticias\/wp-content\/uploads\/2021\/11\/fogo-1jpg163698955961927a77768b0.jpg","datePublished":"2021-11-15T15:27:24+00:00","dateModified":"2026-04-06T19:05:38+00:00","breadcrumb":{"@id":"https:\/\/radiolifefm.com.br\/noticias\/incendio-atinge-madeireira-em-adamantina-proprietario-estima-prejuizos-em-torno-de-r-600-mil\/#breadcrumb"},"inLanguage":"pt-BR","potentialAction":[{"@type":"ReadAction","target":["https:\/\/radiolifefm.com.br\/noticias\/incendio-atinge-madeireira-em-adamantina-proprietario-estima-prejuizos-em-torno-de-r-600-mil\/"]}]},{"@type":"ImageObject","inLanguage":"pt-BR","@id":"https:\/\/radiolifefm.com.br\/noticias\/incendio-atinge-madeireira-em-adamantina-proprietario-estima-prejuizos-em-torno-de-r-600-mil\/#primaryimage","url":"https:\/\/radiolifefm.com.br\/noticias\/wp-content\/uploads\/2021\/11\/fogo-1jpg163698955961927a77768b0.jpg","contentUrl":"https:\/\/radiolifefm.com.br\/noticias\/wp-content\/uploads\/2021\/11\/fogo-1jpg163698955961927a77768b0.jpg","width":600,"height":337,"caption":"Segundo o empres\u00e1rio, foram atingidos parte do estoque de madeiras, ve\u00edculos e equipamentos."},{"@type":"BreadcrumbList","@id":"https:\/\/radiolifefm.com.br\/noticias\/incendio-atinge-madeireira-em-adamantina-proprietario-estima-prejuizos-em-torno-de-r-600-mil\/#breadcrumb","itemListElement":[{"@type":"ListItem","position":1,"name":"In\u00edcio","item":"https:\/\/radiolifefm.com.br\/noticias\/"},{"@type":"ListItem","position":2,"name":"Inc\u00eandio atinge madeireira em Adamantina; propriet\u00e1rio estima preju\u00edzos em torno de R$ 600 mil"}]},{"@type":"WebSite","@id":"https:\/\/radiolifefm.com.br\/noticias\/#website","url":"https:\/\/radiolifefm.com.br\/noticias\/","name":"R\u00e1dio Life FM","description":"O Portal de Not\u00edcias de Adamantina","publisher":{"@id":"https:\/\/radiolifefm.com.br\/noticias\/#organization"},"alternateName":"Life FM","potentialAction":[{"@type":"SearchAction","target":{"@type":"EntryPoint","urlTemplate":"https:\/\/radiolifefm.com.br\/noticias\/?s={search_term_string}"},"query-input":{"@type":"PropertyValueSpecification","valueRequired":true,"valueName":"search_term_string"}}],"inLanguage":"pt-BR"},{"@type":"Organization","@id":"https:\/\/radiolifefm.com.br\/noticias\/#organization","name":"R\u00e1dio Life FM","alternateName":"Life FM","url":"https:\/\/radiolifefm.com.br\/noticias\/","logo":{"@type":"ImageObject","inLanguage":"pt-BR","@id":"https:\/\/radiolifefm.com.br\/noticias\/#\/schema\/logo\/image\/","url":"https:\/\/static.radiolifefm.com.br\/noticias\/wp-content\/uploads\/2019\/10\/logo-lifefm.png","contentUrl":"https:\/\/static.radiolifefm.com.br\/noticias\/wp-content\/uploads\/2019\/10\/logo-lifefm.png","width":196,"height":47,"caption":"R\u00e1dio Life FM"},"image":{"@id":"https:\/\/radiolifefm.com.br\/noticias\/#\/schema\/logo\/image\/"},"sameAs":["https:\/\/www.facebook.com\/radiolifefm\/","https:\/\/www.instagram.com\/life1079fm\/"]},{"@type":"Person","@id":"https:\/\/radiolifefm.com.br\/noticias\/#\/schema\/person\/6339b9fac59d12b071dec680d7375d87","name":"ritanery","image":{"@type":"ImageObject","inLanguage":"pt-BR","@id":"https:\/\/secure.gravatar.com\/avatar\/0e37bb19071f47c0b8a23f62a903df117c5a0e75f65a0c2901562f97cd41cf86?s=96&d=mm&r=g","url":"https:\/\/secure.gravatar.com\/avatar\/0e37bb19071f47c0b8a23f62a903df117c5a0e75f65a0c2901562f97cd41cf86?s=96&d=mm&r=g","contentUrl":"https:\/\/secure.gravatar.com\/avatar\/0e37bb19071f47c0b8a23f62a903df117c5a0e75f65a0c2901562f97cd41cf86?s=96&d=mm&r=g","caption":"ritanery"}}]}},"amp_enabled":true,"_links":{"self":[{"href":"https:\/\/radiolifefm.com.br\/noticias\/wp-json\/wp\/v2\/posts\/45672","targetHints":{"allow":["GET"]}}],"collection":[{"href":"https:\/\/radiolifefm.com.br\/noticias\/wp-json\/wp\/v2\/posts"}],"about":[{"href":"https:\/\/radiolifefm.com.br\/noticias\/wp-json\/wp\/v2\/types\/post"}],"author":[{"embeddable":true,"href":"https:\/\/radiolifefm.com.br\/noticias\/wp-json\/wp\/v2\/users\/13"}],"replies":[{"embeddable":true,"href":"https:\/\/radiolifefm.com.br\/noticias\/wp-json\/wp\/v2\/comments?post=45672"}],"version-history":[{"count":4,"href":"https:\/\/radiolifefm.com.br\/noticias\/wp-json\/wp\/v2\/posts\/45672\/revisions"}],"predecessor-version":[{"id":45677,"href":"https:\/\/radiolifefm.com.br\/noticias\/wp-json\/wp\/v2\/posts\/45672\/revisions\/45677"}],"wp:featuredmedia":[{"embeddable":true,"href":"https:\/\/radiolifefm.com.br\/noticias\/wp-json\/wp\/v2\/media\/45673"}],"wp:attachment":[{"href":"https:\/\/radiolifefm.com.br\/noticias\/wp-json\/wp\/v2\/media?parent=45672"}],"wp:term":[{"taxonomy":"category","embeddable":true,"href":"https:\/\/radiolifefm.com.br\/noticias\/wp-json\/wp\/v2\/categories?post=45672"},{"taxonomy":"post_tag","embeddable":true,"href":"https:\/\/radiolifefm.com.br\/noticias\/wp-json\/wp\/v2\/tags?post=45672"}],"curies":[{"name":"wp","href":"https:\/\/api.w.org\/{rel}","templated":true}]}}