{"id":45571,"date":"2021-11-11T21:07:31","date_gmt":"2021-11-12T00:07:31","guid":{"rendered":"https:\/\/radiolifefm.com.br\/noticias\/?p=45571"},"modified":"2026-04-18T06:22:37","modified_gmt":"2026-04-18T09:22:37","slug":"abertas-inscricoes-ate-dia-14-para-programa-que-ajuda-a-conectar-jovens-a-oportunidades-de-emprego","status":"publish","type":"post","link":"https:\/\/radiolifefm.com.br\/noticias\/abertas-inscricoes-ate-dia-14-para-programa-que-ajuda-a-conectar-jovens-a-oportunidades-de-emprego\/","title":{"rendered":"Abertas inscri\u00e7\u00f5es at\u00e9 dia 14 para programa que ajuda a conectar jovens a oportunidades de emprego"},"content":{"rendered":"<div id=\"fb-root\"><\/div>\n<p>Curso gratuito, 100% online, que acontece via WhatsApp e te permite fazer as atividades de qualquer lugar, a qualquer momento.<\/p>\n<p>S\u00e3o 11 videoaulas que voc\u00ea poder\u00e1 assistir em at\u00e9 5 semanas. No final, voc\u00ea se certifica e ganha acesso gratuito para se cadastrar numa comunidade de vagas EXCLUSIVA, com oportunidades de emprego em mais de 200 empresas.<\/p>\n<p>T\u00e1 esperando o que? Corre que as vagas s\u00e3o limitadas!<\/p>\n<p><strong>Inscreva-se:<\/strong>\u00a0<a href=\"https:\/\/bit.ly\/progredir20214\" data-saferedirecturl=\"https:\/\/www.google.com\/url?q=https:\/\/bit.ly\/progredir20214&amp;source=gmail&amp;ust=1636761038285000&amp;usg=AOvVaw1Da6EMrG5iWKLDxQyfpBGR\">https:\/\/bit.ly\/progredir20214<\/a>\u201d<\/p>\n<p>As inscri\u00e7\u00f5es v\u00e3o at\u00e9 14 de novembro de 2021.<\/p>\n<p>O ICCB \u00e9 parceiro da Rede do Plano Progredir do Minist\u00e9rio da Cidadania. O Progredir \u00e9 um plano de a\u00e7\u00f5es do Governo Federal para gerar emprego, renda e promover a constru\u00e7\u00e3o da autonomia das pessoas.<\/p>\n<p><strong>Instituto Coca-Cola.<\/strong><\/p>\n<p><strong>Est\u00e3o abertas at\u00e9 14 de novembro as inscri\u00e7\u00f5es para o Coletivo Online<\/strong>,\u00a0vers\u00e3o 100% digital da Plataforma Coletivo Jovem, do Instituto Coca-Cola Brasil (ICCB). A iniciativa capacita e conecta jovens de 16 a 25 anos, moradores de comunidades de baixa renda, com oportunidades no mercado de trabalho por meio de uma rede de mais de 400 parceiros empregadores.<\/p>\n<p>A acelera\u00e7\u00e3o de iniciativas digitais est\u00e1 conectada ao compromisso de impactar milh\u00f5es de jovens na tem\u00e1tica de inclus\u00e3o produtiva como uma das alavancas de transforma\u00e7\u00e3o e crescimento econ\u00f4mico para o pa\u00eds.<\/p>\n<p><a href=\"https:\/\/bit.ly\/progredir20214\" data-saferedirecturl=\"https:\/\/www.google.com\/url?q=https:\/\/bit.ly\/progredir20214&amp;source=gmail&amp;ust=1636761038285000&amp;usg=AOvVaw1Da6EMrG5iWKLDxQyfpBGR\"><strong>\u00bb Clique aqui para fazer a inscri\u00e7\u00e3o<\/strong><\/a><\/p>\n<p>O programa online \u00e9 gratuito e oferece videoaulas curtas e objetivas durante cinco semanas. O formato permite que o jovem fa\u00e7a o curso de qualquer lugar, a qualquer momento, por meio de seu WhatsApp, aplicativo amplamente utilizado por jovens que podem ter problemas de conectividade.<\/p>\n<p>O conte\u00fado do Coletivo Online \u00e9 focado em temas do mundo do trabalho, como elabora\u00e7\u00e3o de plano de vida, planejamento financeiro, constru\u00e7\u00e3o de curr\u00edculo e como se preparar para entrevistas e processos seletivos. Quem assistir \u00e0s videoaulas e fizer as atividades pr\u00e1ticas recebe certificado de conclus\u00e3o e, ao fim do curso, os participantes s\u00e3o convidados a se cadastrar nas comunidades de vagas do programa. Assim, podem se candidatar aos processos seletivos de uma rede de parceiros empregadores.<\/p>\n<p>Al\u00e9m da faixa et\u00e1ria, o outro requisito para participar \u00e9 ter conclu\u00eddo o ensino m\u00e9dio ou estar cursando.<\/p>\n<p>Apenas em 2021, 25 mil jovens se formaram nas aulas do programa online, sendo 69% negros e 69% mulheres. De acordo com a pesquisa da Plano Avalia\u00e7\u00e3o, 95% dos jovens certificados pelo programa online avaliam o curso como muito bom e 85% consideram que a iniciativa contribui para seu desenvolvimento.<\/p>\n<div class='flex flex-wrap items-center -mx-1'>\r\n<a class='thumbnail gallery p-1 w-1\/2 md:w-1\/4' href='https:\/\/radiolifefm.com.br\/noticias\/wp-content\/uploads\/2021\/11\/Divulgacao-CO-1.jpg'><img class='border border-white' src='https:\/\/radiolifefm.com.br\/noticias\/wp-content\/uploads\/2021\/11\/Divulgacao-CO-1-200x200.jpg' alt='Divulga\u00e7\u00e3o CO   1' \/><\/a><a class='thumbnail gallery p-1 w-1\/2 md:w-1\/4' href='https:\/\/radiolifefm.com.br\/noticias\/wp-content\/uploads\/2021\/11\/Divulgacao-CO-3.jpeg'><img class='border border-white' src='https:\/\/radiolifefm.com.br\/noticias\/wp-content\/uploads\/2021\/11\/Divulgacao-CO-3-200x200.jpeg' alt='Divulga\u00e7\u00e3o CO   3' \/><\/a><\/div>\n<p>Fonte: Assessoria de Imprensa<\/p>\n","protected":false},"excerpt":{"rendered":"<p>Curso gratuito, 100% online, que acontece via WhatsApp e te permite fazer as atividades de qualquer lugar, a qualquer momento. S\u00e3o 11 videoaulas que voc\u00ea poder\u00e1 assistir em at\u00e9 5 semanas. No final, voc\u00ea se certifica e ganha acesso gratuito para se cadastrar numa comunidade de vagas EXCLUSIVA, com oportunidades de emprego em mais de [&hellip;]<\/p>\n","protected":false},"author":13,"featured_media":45572,"comment_status":"closed","ping_status":"open","sticky":false,"template":"","format":"standard","meta":{"_acf_changed":false,"_exactmetrics_skip_tracking":false,"_exactmetrics_sitenote_active":false,"_exactmetrics_sitenote_note":"","_exactmetrics_sitenote_category":0,"footnotes":""},"categories":[21],"tags":[],"class_list":["post-45571","post","type-post","status-publish","format-standard","has-post-thumbnail","hentry","category-adamantina"],"acf":[],"yoast_head":"<!-- This site is optimized with the Yoast SEO plugin v27.2 - https:\/\/yoast.com\/product\/yoast-seo-wordpress\/ -->\n<title>Abertas inscri\u00e7\u00f5es at\u00e9 dia 14 para programa que ajuda a conectar jovens a oportunidades de emprego - R\u00e1dio Life FM<\/title>\n<meta name=\"robots\" content=\"index, follow, max-snippet:-1, max-image-preview:large, max-video-preview:-1\" \/>\n<link rel=\"canonical\" href=\"https:\/\/radiolifefm.com.br\/noticias\/abertas-inscricoes-ate-dia-14-para-programa-que-ajuda-a-conectar-jovens-a-oportunidades-de-emprego\/\" \/>\n<meta property=\"og:locale\" content=\"pt_BR\" \/>\n<meta property=\"og:type\" content=\"article\" \/>\n<meta property=\"og:title\" content=\"Abertas inscri\u00e7\u00f5es at\u00e9 dia 14 para programa que ajuda a conectar jovens a oportunidades de emprego - R\u00e1dio Life FM\" \/>\n<meta property=\"og:description\" content=\"Curso gratuito, 100% online, que acontece via WhatsApp e te permite fazer as atividades de qualquer lugar, a qualquer momento. S\u00e3o 11 videoaulas que voc\u00ea poder\u00e1 assistir em at\u00e9 5 semanas. No final, voc\u00ea se certifica e ganha acesso gratuito para se cadastrar numa comunidade de vagas EXCLUSIVA, com oportunidades de emprego em mais de [&hellip;]\" \/>\n<meta property=\"og:url\" content=\"https:\/\/radiolifefm.com.br\/noticias\/abertas-inscricoes-ate-dia-14-para-programa-que-ajuda-a-conectar-jovens-a-oportunidades-de-emprego\/\" \/>\n<meta property=\"og:site_name\" content=\"R\u00e1dio Life FM\" \/>\n<meta property=\"article:publisher\" content=\"https:\/\/www.facebook.com\/radiolifefm\/\" \/>\n<meta property=\"article:published_time\" content=\"2021-11-12T00:07:31+00:00\" \/>\n<meta property=\"article:modified_time\" content=\"2026-04-18T09:22:37+00:00\" \/>\n<meta property=\"og:image\" content=\"https:\/\/radiolifefm.com.br\/noticias\/wp-content\/uploads\/2021\/11\/Divulgacao-CO-2.jpeg\" \/>\n\t<meta property=\"og:image:width\" content=\"554\" \/>\n\t<meta property=\"og:image:height\" content=\"554\" \/>\n\t<meta property=\"og:image:type\" content=\"image\/jpeg\" \/>\n<meta name=\"author\" content=\"ritanery\" \/>\n<meta name=\"twitter:card\" content=\"summary_large_image\" \/>\n<meta name=\"twitter:label1\" content=\"Escrito por\" \/>\n\t<meta name=\"twitter:data1\" content=\"ritanery\" \/>\n\t<meta name=\"twitter:label2\" content=\"Est. tempo de leitura\" \/>\n\t<meta name=\"twitter:data2\" content=\"2 minutos\" \/>\n<script type=\"application\/ld+json\" class=\"yoast-schema-graph\">{\"@context\":\"https:\/\/schema.org\",\"@graph\":[{\"@type\":\"Article\",\"@id\":\"https:\/\/radiolifefm.com.br\/noticias\/abertas-inscricoes-ate-dia-14-para-programa-que-ajuda-a-conectar-jovens-a-oportunidades-de-emprego\/#article\",\"isPartOf\":{\"@id\":\"https:\/\/radiolifefm.com.br\/noticias\/abertas-inscricoes-ate-dia-14-para-programa-que-ajuda-a-conectar-jovens-a-oportunidades-de-emprego\/\"},\"author\":{\"name\":\"ritanery\",\"@id\":\"https:\/\/radiolifefm.com.br\/noticias\/#\/schema\/person\/6339b9fac59d12b071dec680d7375d87\"},\"headline\":\"Abertas inscri\u00e7\u00f5es at\u00e9 dia 14 para programa que ajuda a conectar jovens a oportunidades de emprego\",\"datePublished\":\"2021-11-12T00:07:31+00:00\",\"dateModified\":\"2026-04-18T09:22:37+00:00\",\"mainEntityOfPage\":{\"@id\":\"https:\/\/radiolifefm.com.br\/noticias\/abertas-inscricoes-ate-dia-14-para-programa-que-ajuda-a-conectar-jovens-a-oportunidades-de-emprego\/\"},\"wordCount\":437,\"publisher\":{\"@id\":\"https:\/\/radiolifefm.com.br\/noticias\/#organization\"},\"image\":{\"@id\":\"https:\/\/radiolifefm.com.br\/noticias\/abertas-inscricoes-ate-dia-14-para-programa-que-ajuda-a-conectar-jovens-a-oportunidades-de-emprego\/#primaryimage\"},\"thumbnailUrl\":\"https:\/\/radiolifefm.com.br\/noticias\/wp-content\/uploads\/2021\/11\/Divulgacao-CO-2.jpeg\",\"articleSection\":[\"Adamantina\"],\"inLanguage\":\"pt-BR\"},{\"@type\":\"WebPage\",\"@id\":\"https:\/\/radiolifefm.com.br\/noticias\/abertas-inscricoes-ate-dia-14-para-programa-que-ajuda-a-conectar-jovens-a-oportunidades-de-emprego\/\",\"url\":\"https:\/\/radiolifefm.com.br\/noticias\/abertas-inscricoes-ate-dia-14-para-programa-que-ajuda-a-conectar-jovens-a-oportunidades-de-emprego\/\",\"name\":\"Abertas inscri\u00e7\u00f5es at\u00e9 dia 14 para programa que ajuda a conectar jovens a oportunidades de emprego - R\u00e1dio Life FM\",\"isPartOf\":{\"@id\":\"https:\/\/radiolifefm.com.br\/noticias\/#website\"},\"primaryImageOfPage\":{\"@id\":\"https:\/\/radiolifefm.com.br\/noticias\/abertas-inscricoes-ate-dia-14-para-programa-que-ajuda-a-conectar-jovens-a-oportunidades-de-emprego\/#primaryimage\"},\"image\":{\"@id\":\"https:\/\/radiolifefm.com.br\/noticias\/abertas-inscricoes-ate-dia-14-para-programa-que-ajuda-a-conectar-jovens-a-oportunidades-de-emprego\/#primaryimage\"},\"thumbnailUrl\":\"https:\/\/radiolifefm.com.br\/noticias\/wp-content\/uploads\/2021\/11\/Divulgacao-CO-2.jpeg\",\"datePublished\":\"2021-11-12T00:07:31+00:00\",\"dateModified\":\"2026-04-18T09:22:37+00:00\",\"breadcrumb\":{\"@id\":\"https:\/\/radiolifefm.com.br\/noticias\/abertas-inscricoes-ate-dia-14-para-programa-que-ajuda-a-conectar-jovens-a-oportunidades-de-emprego\/#breadcrumb\"},\"inLanguage\":\"pt-BR\",\"potentialAction\":[{\"@type\":\"ReadAction\",\"target\":[\"https:\/\/radiolifefm.com.br\/noticias\/abertas-inscricoes-ate-dia-14-para-programa-que-ajuda-a-conectar-jovens-a-oportunidades-de-emprego\/\"]}]},{\"@type\":\"ImageObject\",\"inLanguage\":\"pt-BR\",\"@id\":\"https:\/\/radiolifefm.com.br\/noticias\/abertas-inscricoes-ate-dia-14-para-programa-que-ajuda-a-conectar-jovens-a-oportunidades-de-emprego\/#primaryimage\",\"url\":\"https:\/\/radiolifefm.com.br\/noticias\/wp-content\/uploads\/2021\/11\/Divulgacao-CO-2.jpeg\",\"contentUrl\":\"https:\/\/radiolifefm.com.br\/noticias\/wp-content\/uploads\/2021\/11\/Divulgacao-CO-2.jpeg\",\"width\":554,\"height\":554,\"caption\":\"Esta \u00e9 uma iniciativa do Instituto Coca-Cola Brasil em parceria com o Minist\u00e9rio da Cidadania e Minist\u00e9rio do Trabalho e Previd\u00eancia.\"},{\"@type\":\"BreadcrumbList\",\"@id\":\"https:\/\/radiolifefm.com.br\/noticias\/abertas-inscricoes-ate-dia-14-para-programa-que-ajuda-a-conectar-jovens-a-oportunidades-de-emprego\/#breadcrumb\",\"itemListElement\":[{\"@type\":\"ListItem\",\"position\":1,\"name\":\"In\u00edcio\",\"item\":\"https:\/\/radiolifefm.com.br\/noticias\/\"},{\"@type\":\"ListItem\",\"position\":2,\"name\":\"Abertas inscri\u00e7\u00f5es at\u00e9 dia 14 para programa que ajuda a conectar jovens a oportunidades de emprego\"}]},{\"@type\":\"WebSite\",\"@id\":\"https:\/\/radiolifefm.com.br\/noticias\/#website\",\"url\":\"https:\/\/radiolifefm.com.br\/noticias\/\",\"name\":\"R\u00e1dio Life FM\",\"description\":\"O Portal de Not\u00edcias de Adamantina\",\"publisher\":{\"@id\":\"https:\/\/radiolifefm.com.br\/noticias\/#organization\"},\"alternateName\":\"Life FM\",\"potentialAction\":[{\"@type\":\"SearchAction\",\"target\":{\"@type\":\"EntryPoint\",\"urlTemplate\":\"https:\/\/radiolifefm.com.br\/noticias\/?s={search_term_string}\"},\"query-input\":{\"@type\":\"PropertyValueSpecification\",\"valueRequired\":true,\"valueName\":\"search_term_string\"}}],\"inLanguage\":\"pt-BR\"},{\"@type\":\"Organization\",\"@id\":\"https:\/\/radiolifefm.com.br\/noticias\/#organization\",\"name\":\"R\u00e1dio Life FM\",\"alternateName\":\"Life FM\",\"url\":\"https:\/\/radiolifefm.com.br\/noticias\/\",\"logo\":{\"@type\":\"ImageObject\",\"inLanguage\":\"pt-BR\",\"@id\":\"https:\/\/radiolifefm.com.br\/noticias\/#\/schema\/logo\/image\/\",\"url\":\"https:\/\/static.radiolifefm.com.br\/noticias\/wp-content\/uploads\/2019\/10\/logo-lifefm.png\",\"contentUrl\":\"https:\/\/static.radiolifefm.com.br\/noticias\/wp-content\/uploads\/2019\/10\/logo-lifefm.png\",\"width\":196,\"height\":47,\"caption\":\"R\u00e1dio Life FM\"},\"image\":{\"@id\":\"https:\/\/radiolifefm.com.br\/noticias\/#\/schema\/logo\/image\/\"},\"sameAs\":[\"https:\/\/www.facebook.com\/radiolifefm\/\",\"https:\/\/www.instagram.com\/life1079fm\/\"]},{\"@type\":\"Person\",\"@id\":\"https:\/\/radiolifefm.com.br\/noticias\/#\/schema\/person\/6339b9fac59d12b071dec680d7375d87\",\"name\":\"ritanery\",\"image\":{\"@type\":\"ImageObject\",\"inLanguage\":\"pt-BR\",\"@id\":\"https:\/\/secure.gravatar.com\/avatar\/0e37bb19071f47c0b8a23f62a903df117c5a0e75f65a0c2901562f97cd41cf86?s=96&d=mm&r=g\",\"url\":\"https:\/\/secure.gravatar.com\/avatar\/0e37bb19071f47c0b8a23f62a903df117c5a0e75f65a0c2901562f97cd41cf86?s=96&d=mm&r=g\",\"contentUrl\":\"https:\/\/secure.gravatar.com\/avatar\/0e37bb19071f47c0b8a23f62a903df117c5a0e75f65a0c2901562f97cd41cf86?s=96&d=mm&r=g\",\"caption\":\"ritanery\"}}]}<\/script>\n<!-- \/ Yoast SEO plugin. -->","yoast_head_json":{"title":"Abertas inscri\u00e7\u00f5es at\u00e9 dia 14 para programa que ajuda a conectar jovens a oportunidades de emprego - R\u00e1dio Life FM","robots":{"index":"index","follow":"follow","max-snippet":"max-snippet:-1","max-image-preview":"max-image-preview:large","max-video-preview":"max-video-preview:-1"},"canonical":"https:\/\/radiolifefm.com.br\/noticias\/abertas-inscricoes-ate-dia-14-para-programa-que-ajuda-a-conectar-jovens-a-oportunidades-de-emprego\/","og_locale":"pt_BR","og_type":"article","og_title":"Abertas inscri\u00e7\u00f5es at\u00e9 dia 14 para programa que ajuda a conectar jovens a oportunidades de emprego - R\u00e1dio Life FM","og_description":"Curso gratuito, 100% online, que acontece via WhatsApp e te permite fazer as atividades de qualquer lugar, a qualquer momento. S\u00e3o 11 videoaulas que voc\u00ea poder\u00e1 assistir em at\u00e9 5 semanas. No final, voc\u00ea se certifica e ganha acesso gratuito para se cadastrar numa comunidade de vagas EXCLUSIVA, com oportunidades de emprego em mais de [&hellip;]","og_url":"https:\/\/radiolifefm.com.br\/noticias\/abertas-inscricoes-ate-dia-14-para-programa-que-ajuda-a-conectar-jovens-a-oportunidades-de-emprego\/","og_site_name":"R\u00e1dio Life FM","article_publisher":"https:\/\/www.facebook.com\/radiolifefm\/","article_published_time":"2021-11-12T00:07:31+00:00","article_modified_time":"2026-04-18T09:22:37+00:00","og_image":[{"width":554,"height":554,"url":"https:\/\/radiolifefm.com.br\/noticias\/wp-content\/uploads\/2021\/11\/Divulgacao-CO-2.jpeg","type":"image\/jpeg"}],"author":"ritanery","twitter_card":"summary_large_image","twitter_misc":{"Escrito por":"ritanery","Est. tempo de leitura":"2 minutos"},"schema":{"@context":"https:\/\/schema.org","@graph":[{"@type":"Article","@id":"https:\/\/radiolifefm.com.br\/noticias\/abertas-inscricoes-ate-dia-14-para-programa-que-ajuda-a-conectar-jovens-a-oportunidades-de-emprego\/#article","isPartOf":{"@id":"https:\/\/radiolifefm.com.br\/noticias\/abertas-inscricoes-ate-dia-14-para-programa-que-ajuda-a-conectar-jovens-a-oportunidades-de-emprego\/"},"author":{"name":"ritanery","@id":"https:\/\/radiolifefm.com.br\/noticias\/#\/schema\/person\/6339b9fac59d12b071dec680d7375d87"},"headline":"Abertas inscri\u00e7\u00f5es at\u00e9 dia 14 para programa que ajuda a conectar jovens a oportunidades de emprego","datePublished":"2021-11-12T00:07:31+00:00","dateModified":"2026-04-18T09:22:37+00:00","mainEntityOfPage":{"@id":"https:\/\/radiolifefm.com.br\/noticias\/abertas-inscricoes-ate-dia-14-para-programa-que-ajuda-a-conectar-jovens-a-oportunidades-de-emprego\/"},"wordCount":437,"publisher":{"@id":"https:\/\/radiolifefm.com.br\/noticias\/#organization"},"image":{"@id":"https:\/\/radiolifefm.com.br\/noticias\/abertas-inscricoes-ate-dia-14-para-programa-que-ajuda-a-conectar-jovens-a-oportunidades-de-emprego\/#primaryimage"},"thumbnailUrl":"https:\/\/radiolifefm.com.br\/noticias\/wp-content\/uploads\/2021\/11\/Divulgacao-CO-2.jpeg","articleSection":["Adamantina"],"inLanguage":"pt-BR"},{"@type":"WebPage","@id":"https:\/\/radiolifefm.com.br\/noticias\/abertas-inscricoes-ate-dia-14-para-programa-que-ajuda-a-conectar-jovens-a-oportunidades-de-emprego\/","url":"https:\/\/radiolifefm.com.br\/noticias\/abertas-inscricoes-ate-dia-14-para-programa-que-ajuda-a-conectar-jovens-a-oportunidades-de-emprego\/","name":"Abertas inscri\u00e7\u00f5es at\u00e9 dia 14 para programa que ajuda a conectar jovens a oportunidades de emprego - R\u00e1dio Life FM","isPartOf":{"@id":"https:\/\/radiolifefm.com.br\/noticias\/#website"},"primaryImageOfPage":{"@id":"https:\/\/radiolifefm.com.br\/noticias\/abertas-inscricoes-ate-dia-14-para-programa-que-ajuda-a-conectar-jovens-a-oportunidades-de-emprego\/#primaryimage"},"image":{"@id":"https:\/\/radiolifefm.com.br\/noticias\/abertas-inscricoes-ate-dia-14-para-programa-que-ajuda-a-conectar-jovens-a-oportunidades-de-emprego\/#primaryimage"},"thumbnailUrl":"https:\/\/radiolifefm.com.br\/noticias\/wp-content\/uploads\/2021\/11\/Divulgacao-CO-2.jpeg","datePublished":"2021-11-12T00:07:31+00:00","dateModified":"2026-04-18T09:22:37+00:00","breadcrumb":{"@id":"https:\/\/radiolifefm.com.br\/noticias\/abertas-inscricoes-ate-dia-14-para-programa-que-ajuda-a-conectar-jovens-a-oportunidades-de-emprego\/#breadcrumb"},"inLanguage":"pt-BR","potentialAction":[{"@type":"ReadAction","target":["https:\/\/radiolifefm.com.br\/noticias\/abertas-inscricoes-ate-dia-14-para-programa-que-ajuda-a-conectar-jovens-a-oportunidades-de-emprego\/"]}]},{"@type":"ImageObject","inLanguage":"pt-BR","@id":"https:\/\/radiolifefm.com.br\/noticias\/abertas-inscricoes-ate-dia-14-para-programa-que-ajuda-a-conectar-jovens-a-oportunidades-de-emprego\/#primaryimage","url":"https:\/\/radiolifefm.com.br\/noticias\/wp-content\/uploads\/2021\/11\/Divulgacao-CO-2.jpeg","contentUrl":"https:\/\/radiolifefm.com.br\/noticias\/wp-content\/uploads\/2021\/11\/Divulgacao-CO-2.jpeg","width":554,"height":554,"caption":"Esta \u00e9 uma iniciativa do Instituto Coca-Cola Brasil em parceria com o Minist\u00e9rio da Cidadania e Minist\u00e9rio do Trabalho e Previd\u00eancia."},{"@type":"BreadcrumbList","@id":"https:\/\/radiolifefm.com.br\/noticias\/abertas-inscricoes-ate-dia-14-para-programa-que-ajuda-a-conectar-jovens-a-oportunidades-de-emprego\/#breadcrumb","itemListElement":[{"@type":"ListItem","position":1,"name":"In\u00edcio","item":"https:\/\/radiolifefm.com.br\/noticias\/"},{"@type":"ListItem","position":2,"name":"Abertas inscri\u00e7\u00f5es at\u00e9 dia 14 para programa que ajuda a conectar jovens a oportunidades de emprego"}]},{"@type":"WebSite","@id":"https:\/\/radiolifefm.com.br\/noticias\/#website","url":"https:\/\/radiolifefm.com.br\/noticias\/","name":"R\u00e1dio Life FM","description":"O Portal de Not\u00edcias de Adamantina","publisher":{"@id":"https:\/\/radiolifefm.com.br\/noticias\/#organization"},"alternateName":"Life FM","potentialAction":[{"@type":"SearchAction","target":{"@type":"EntryPoint","urlTemplate":"https:\/\/radiolifefm.com.br\/noticias\/?s={search_term_string}"},"query-input":{"@type":"PropertyValueSpecification","valueRequired":true,"valueName":"search_term_string"}}],"inLanguage":"pt-BR"},{"@type":"Organization","@id":"https:\/\/radiolifefm.com.br\/noticias\/#organization","name":"R\u00e1dio Life FM","alternateName":"Life FM","url":"https:\/\/radiolifefm.com.br\/noticias\/","logo":{"@type":"ImageObject","inLanguage":"pt-BR","@id":"https:\/\/radiolifefm.com.br\/noticias\/#\/schema\/logo\/image\/","url":"https:\/\/static.radiolifefm.com.br\/noticias\/wp-content\/uploads\/2019\/10\/logo-lifefm.png","contentUrl":"https:\/\/static.radiolifefm.com.br\/noticias\/wp-content\/uploads\/2019\/10\/logo-lifefm.png","width":196,"height":47,"caption":"R\u00e1dio Life FM"},"image":{"@id":"https:\/\/radiolifefm.com.br\/noticias\/#\/schema\/logo\/image\/"},"sameAs":["https:\/\/www.facebook.com\/radiolifefm\/","https:\/\/www.instagram.com\/life1079fm\/"]},{"@type":"Person","@id":"https:\/\/radiolifefm.com.br\/noticias\/#\/schema\/person\/6339b9fac59d12b071dec680d7375d87","name":"ritanery","image":{"@type":"ImageObject","inLanguage":"pt-BR","@id":"https:\/\/secure.gravatar.com\/avatar\/0e37bb19071f47c0b8a23f62a903df117c5a0e75f65a0c2901562f97cd41cf86?s=96&d=mm&r=g","url":"https:\/\/secure.gravatar.com\/avatar\/0e37bb19071f47c0b8a23f62a903df117c5a0e75f65a0c2901562f97cd41cf86?s=96&d=mm&r=g","contentUrl":"https:\/\/secure.gravatar.com\/avatar\/0e37bb19071f47c0b8a23f62a903df117c5a0e75f65a0c2901562f97cd41cf86?s=96&d=mm&r=g","caption":"ritanery"}}]}},"amp_enabled":true,"_links":{"self":[{"href":"https:\/\/radiolifefm.com.br\/noticias\/wp-json\/wp\/v2\/posts\/45571","targetHints":{"allow":["GET"]}}],"collection":[{"href":"https:\/\/radiolifefm.com.br\/noticias\/wp-json\/wp\/v2\/posts"}],"about":[{"href":"https:\/\/radiolifefm.com.br\/noticias\/wp-json\/wp\/v2\/types\/post"}],"author":[{"embeddable":true,"href":"https:\/\/radiolifefm.com.br\/noticias\/wp-json\/wp\/v2\/users\/13"}],"replies":[{"embeddable":true,"href":"https:\/\/radiolifefm.com.br\/noticias\/wp-json\/wp\/v2\/comments?post=45571"}],"version-history":[{"count":2,"href":"https:\/\/radiolifefm.com.br\/noticias\/wp-json\/wp\/v2\/posts\/45571\/revisions"}],"predecessor-version":[{"id":45576,"href":"https:\/\/radiolifefm.com.br\/noticias\/wp-json\/wp\/v2\/posts\/45571\/revisions\/45576"}],"wp:featuredmedia":[{"embeddable":true,"href":"https:\/\/radiolifefm.com.br\/noticias\/wp-json\/wp\/v2\/media\/45572"}],"wp:attachment":[{"href":"https:\/\/radiolifefm.com.br\/noticias\/wp-json\/wp\/v2\/media?parent=45571"}],"wp:term":[{"taxonomy":"category","embeddable":true,"href":"https:\/\/radiolifefm.com.br\/noticias\/wp-json\/wp\/v2\/categories?post=45571"},{"taxonomy":"post_tag","embeddable":true,"href":"https:\/\/radiolifefm.com.br\/noticias\/wp-json\/wp\/v2\/tags?post=45571"}],"curies":[{"name":"wp","href":"https:\/\/api.w.org\/{rel}","templated":true}]}}