{"id":45553,"date":"2021-11-11T10:26:25","date_gmt":"2021-11-11T13:26:25","guid":{"rendered":"https:\/\/radiolifefm.com.br\/noticias\/?p=45553"},"modified":"2026-04-07T22:35:22","modified_gmt":"2026-04-08T01:35:22","slug":"prefeitura-de-adamantina-realiza-reuniao-para-discutir-plano-de-trabalho-da-regionalizacao-e-integralizacao-da-saude","status":"publish","type":"post","link":"https:\/\/radiolifefm.com.br\/noticias\/prefeitura-de-adamantina-realiza-reuniao-para-discutir-plano-de-trabalho-da-regionalizacao-e-integralizacao-da-saude\/","title":{"rendered":"Prefeitura de Adamantina realiza reuni\u00e3o para discutir Plano de Trabalho da Regionaliza\u00e7\u00e3o e Integraliza\u00e7\u00e3o da Sa\u00fade"},"content":{"rendered":"<div id=\"fb-root\"><\/div>\n<p>A Prefeitura de Adamantina discutiu na manh\u00e3 desta quarta-feira (10) o Plano de Trabalho da Regionaliza\u00e7\u00e3o e Integraliza\u00e7\u00e3o da Sa\u00fade juntamente com os dez prefeitos que integram a microrregi\u00e3o de sa\u00fade de Adamantina.<\/p>\n<p>Participaram da reuni\u00e3o no Anfiteatro Fernando Paloni, prefeitos e secret\u00e1rios de sa\u00fade, Osvaldo Cruz, Luc\u00e9lia, Pacaembu, Pracinha, Salmour\u00e3o, Sagres, Mari\u00e1polis, Fl\u00f3rida Paulista e In\u00fabia Paulista, al\u00e9m de representantes da Santa Casa de Adamantina, UniFai, C\u00e2mara dos Vereadores e o assessor do deputado estadual Mauro Bragato, Kleber Bragato.<\/p>\n<p>Anfitri\u00e3o do encontro, o prefeito Marcio Cardim enfatizou que a regionaliza\u00e7\u00e3o da sa\u00fade pode ser considerada como a instrumentaliza\u00e7\u00e3o da melhor disposi\u00e7\u00e3o e distribui\u00e7\u00e3o t\u00e9cnica e espacial dos servi\u00e7os, visando \u00e0 cobertura e acesso da popula\u00e7\u00e3o \u00e0s a\u00e7\u00f5es da sa\u00fade, com m\u00e1xima efici\u00eancia institucional e social.<\/p>\n<p>O Plano de trabalho \u00a0foi apresentado pelo Secret\u00e1rio de Sa\u00fade Gustavo Rufino: \u201cNosso objetivo \u00e9 \u00a0ampliar a oferta de servi\u00e7o de sa\u00fade e zerar as filas para atender melhor a nossa popula\u00e7\u00e3o dentro da regi\u00e3o, sem colocar o paciente nas estradas, com risco no transporte, al\u00e9m de proporcionar economia para os munic\u00edpios com viagens e m\u00e9dicos. Este projeto trar\u00e1 muito mais comodidade aos munic\u00edpios e pacientes. A Unifai tamb\u00e9m ter\u00e1 papel fundamental atrav\u00e9s dos alunos dos cursos da \u00e1rea de sa\u00fade\u201d.<\/p>\n<p>Durante a reuni\u00e3o, o diretor administrativo da Santa Casa, Renato Sobral, falou da estrutura atual e das obras em execu\u00e7\u00e3o: &#8220;a Santa Casa de Adamantina est\u00e1 cada dia mais empenhada em oferecer melhor estrutura para potencializa\u00e7\u00e3o dos servi\u00e7os. Exames de diagn\u00f3stico por imagem, laboratoriais, e tamb\u00e9m os procedimentos cir\u00fargicos poder\u00e3o ser realizados na Santa Casa de Adamantina.&#8221;<\/p>\n<p>As Santas Casas da regi\u00e3o fazem parte da execu\u00e7\u00e3o \u00a0do projeto.<\/p>\n<p>O Plano de Trabalho conta com o apoio do deputado estadual Mauro Bragato. O deputado est\u00e1 organizando uma agenda com o governo do Estado de S\u00e3o Paulo. \u201cA inten\u00e7\u00e3o \u00e9 mostrar ao governo do Estado que a microrregi\u00e3o est\u00e1 preparada para realizar estes servi\u00e7os e este ser\u00e1 o nosso pr\u00f3ximo passo para efetiva\u00e7\u00e3o desse projeto. Juntos somos mais fortes\u201d, afirma \u00a0o prefeito.<\/p>\n<div class='flex flex-wrap items-center -mx-1'>\r\n<a class='thumbnail gallery p-1 w-1\/2 md:w-1\/4' href='https:\/\/radiolifefm.com.br\/noticias\/wp-content\/uploads\/2021\/11\/unnamed-2.jpg'><img class='border border-white' src='https:\/\/radiolifefm.com.br\/noticias\/wp-content\/uploads\/2021\/11\/unnamed-2-200x200.jpg' alt='Unnamed (2)' \/><\/a><a class='thumbnail gallery p-1 w-1\/2 md:w-1\/4' href='https:\/\/radiolifefm.com.br\/noticias\/wp-content\/uploads\/2021\/11\/unnamed.jpg'><img class='border border-white' src='https:\/\/radiolifefm.com.br\/noticias\/wp-content\/uploads\/2021\/11\/unnamed-200x200.jpg' alt='Unnamed' \/><\/a><\/div>\n<p>Fonte: Assessoria de Imprensa<\/p>\n","protected":false},"excerpt":{"rendered":"<p>A Prefeitura de Adamantina discutiu na manh\u00e3 desta quarta-feira (10) o Plano de Trabalho da Regionaliza\u00e7\u00e3o e Integraliza\u00e7\u00e3o da Sa\u00fade juntamente com os dez prefeitos que integram a microrregi\u00e3o de sa\u00fade de Adamantina. Participaram da reuni\u00e3o no Anfiteatro Fernando Paloni, prefeitos e secret\u00e1rios de sa\u00fade, Osvaldo Cruz, Luc\u00e9lia, Pacaembu, Pracinha, Salmour\u00e3o, Sagres, Mari\u00e1polis, Fl\u00f3rida Paulista [&hellip;]<\/p>\n","protected":false},"author":13,"featured_media":45554,"comment_status":"closed","ping_status":"open","sticky":false,"template":"","format":"standard","meta":{"_acf_changed":false,"_exactmetrics_skip_tracking":false,"_exactmetrics_sitenote_active":false,"_exactmetrics_sitenote_note":"","_exactmetrics_sitenote_category":0,"footnotes":""},"categories":[21],"tags":[],"class_list":["post-45553","post","type-post","status-publish","format-standard","has-post-thumbnail","hentry","category-adamantina"],"acf":[],"yoast_head":"<!-- This site is optimized with the Yoast SEO plugin v27.2 - https:\/\/yoast.com\/product\/yoast-seo-wordpress\/ -->\n<title>Prefeitura de Adamantina realiza reuni\u00e3o para discutir Plano de Trabalho da Regionaliza\u00e7\u00e3o e Integraliza\u00e7\u00e3o da Sa\u00fade - R\u00e1dio Life FM<\/title>\n<meta name=\"robots\" content=\"index, follow, max-snippet:-1, max-image-preview:large, max-video-preview:-1\" \/>\n<link rel=\"canonical\" href=\"https:\/\/radiolifefm.com.br\/noticias\/prefeitura-de-adamantina-realiza-reuniao-para-discutir-plano-de-trabalho-da-regionalizacao-e-integralizacao-da-saude\/\" \/>\n<meta property=\"og:locale\" content=\"pt_BR\" \/>\n<meta property=\"og:type\" content=\"article\" \/>\n<meta property=\"og:title\" content=\"Prefeitura de Adamantina realiza reuni\u00e3o para discutir Plano de Trabalho da Regionaliza\u00e7\u00e3o e Integraliza\u00e7\u00e3o da Sa\u00fade - R\u00e1dio Life FM\" \/>\n<meta property=\"og:description\" content=\"A Prefeitura de Adamantina discutiu na manh\u00e3 desta quarta-feira (10) o Plano de Trabalho da Regionaliza\u00e7\u00e3o e Integraliza\u00e7\u00e3o da Sa\u00fade juntamente com os dez prefeitos que integram a microrregi\u00e3o de sa\u00fade de Adamantina. Participaram da reuni\u00e3o no Anfiteatro Fernando Paloni, prefeitos e secret\u00e1rios de sa\u00fade, Osvaldo Cruz, Luc\u00e9lia, Pacaembu, Pracinha, Salmour\u00e3o, Sagres, Mari\u00e1polis, Fl\u00f3rida Paulista [&hellip;]\" \/>\n<meta property=\"og:url\" content=\"https:\/\/radiolifefm.com.br\/noticias\/prefeitura-de-adamantina-realiza-reuniao-para-discutir-plano-de-trabalho-da-regionalizacao-e-integralizacao-da-saude\/\" \/>\n<meta property=\"og:site_name\" content=\"R\u00e1dio Life FM\" \/>\n<meta property=\"article:publisher\" content=\"https:\/\/www.facebook.com\/radiolifefm\/\" \/>\n<meta property=\"article:published_time\" content=\"2021-11-11T13:26:25+00:00\" \/>\n<meta property=\"article:modified_time\" content=\"2026-04-08T01:35:22+00:00\" \/>\n<meta property=\"og:image\" content=\"https:\/\/radiolifefm.com.br\/noticias\/wp-content\/uploads\/2021\/11\/unnamed-1.jpg\" \/>\n\t<meta property=\"og:image:width\" content=\"1600\" \/>\n\t<meta property=\"og:image:height\" content=\"1200\" \/>\n\t<meta property=\"og:image:type\" content=\"image\/jpeg\" \/>\n<meta name=\"author\" content=\"ritanery\" \/>\n<meta name=\"twitter:card\" content=\"summary_large_image\" \/>\n<meta name=\"twitter:label1\" content=\"Escrito por\" \/>\n\t<meta name=\"twitter:data1\" content=\"ritanery\" \/>\n\t<meta name=\"twitter:label2\" content=\"Est. tempo de leitura\" \/>\n\t<meta name=\"twitter:data2\" content=\"2 minutos\" \/>\n<script type=\"application\/ld+json\" class=\"yoast-schema-graph\">{\"@context\":\"https:\/\/schema.org\",\"@graph\":[{\"@type\":\"Article\",\"@id\":\"https:\/\/radiolifefm.com.br\/noticias\/prefeitura-de-adamantina-realiza-reuniao-para-discutir-plano-de-trabalho-da-regionalizacao-e-integralizacao-da-saude\/#article\",\"isPartOf\":{\"@id\":\"https:\/\/radiolifefm.com.br\/noticias\/prefeitura-de-adamantina-realiza-reuniao-para-discutir-plano-de-trabalho-da-regionalizacao-e-integralizacao-da-saude\/\"},\"author\":{\"name\":\"ritanery\",\"@id\":\"https:\/\/radiolifefm.com.br\/noticias\/#\/schema\/person\/6339b9fac59d12b071dec680d7375d87\"},\"headline\":\"Prefeitura de Adamantina realiza reuni\u00e3o para discutir Plano de Trabalho da Regionaliza\u00e7\u00e3o e Integraliza\u00e7\u00e3o da Sa\u00fade\",\"datePublished\":\"2021-11-11T13:26:25+00:00\",\"dateModified\":\"2026-04-08T01:35:22+00:00\",\"mainEntityOfPage\":{\"@id\":\"https:\/\/radiolifefm.com.br\/noticias\/prefeitura-de-adamantina-realiza-reuniao-para-discutir-plano-de-trabalho-da-regionalizacao-e-integralizacao-da-saude\/\"},\"wordCount\":418,\"publisher\":{\"@id\":\"https:\/\/radiolifefm.com.br\/noticias\/#organization\"},\"image\":{\"@id\":\"https:\/\/radiolifefm.com.br\/noticias\/prefeitura-de-adamantina-realiza-reuniao-para-discutir-plano-de-trabalho-da-regionalizacao-e-integralizacao-da-saude\/#primaryimage\"},\"thumbnailUrl\":\"https:\/\/radiolifefm.com.br\/noticias\/wp-content\/uploads\/2021\/11\/unnamed-1.jpg\",\"articleSection\":[\"Adamantina\"],\"inLanguage\":\"pt-BR\"},{\"@type\":\"WebPage\",\"@id\":\"https:\/\/radiolifefm.com.br\/noticias\/prefeitura-de-adamantina-realiza-reuniao-para-discutir-plano-de-trabalho-da-regionalizacao-e-integralizacao-da-saude\/\",\"url\":\"https:\/\/radiolifefm.com.br\/noticias\/prefeitura-de-adamantina-realiza-reuniao-para-discutir-plano-de-trabalho-da-regionalizacao-e-integralizacao-da-saude\/\",\"name\":\"Prefeitura de Adamantina realiza reuni\u00e3o para discutir Plano de Trabalho da Regionaliza\u00e7\u00e3o e Integraliza\u00e7\u00e3o da Sa\u00fade - R\u00e1dio Life FM\",\"isPartOf\":{\"@id\":\"https:\/\/radiolifefm.com.br\/noticias\/#website\"},\"primaryImageOfPage\":{\"@id\":\"https:\/\/radiolifefm.com.br\/noticias\/prefeitura-de-adamantina-realiza-reuniao-para-discutir-plano-de-trabalho-da-regionalizacao-e-integralizacao-da-saude\/#primaryimage\"},\"image\":{\"@id\":\"https:\/\/radiolifefm.com.br\/noticias\/prefeitura-de-adamantina-realiza-reuniao-para-discutir-plano-de-trabalho-da-regionalizacao-e-integralizacao-da-saude\/#primaryimage\"},\"thumbnailUrl\":\"https:\/\/radiolifefm.com.br\/noticias\/wp-content\/uploads\/2021\/11\/unnamed-1.jpg\",\"datePublished\":\"2021-11-11T13:26:25+00:00\",\"dateModified\":\"2026-04-08T01:35:22+00:00\",\"breadcrumb\":{\"@id\":\"https:\/\/radiolifefm.com.br\/noticias\/prefeitura-de-adamantina-realiza-reuniao-para-discutir-plano-de-trabalho-da-regionalizacao-e-integralizacao-da-saude\/#breadcrumb\"},\"inLanguage\":\"pt-BR\",\"potentialAction\":[{\"@type\":\"ReadAction\",\"target\":[\"https:\/\/radiolifefm.com.br\/noticias\/prefeitura-de-adamantina-realiza-reuniao-para-discutir-plano-de-trabalho-da-regionalizacao-e-integralizacao-da-saude\/\"]}]},{\"@type\":\"ImageObject\",\"inLanguage\":\"pt-BR\",\"@id\":\"https:\/\/radiolifefm.com.br\/noticias\/prefeitura-de-adamantina-realiza-reuniao-para-discutir-plano-de-trabalho-da-regionalizacao-e-integralizacao-da-saude\/#primaryimage\",\"url\":\"https:\/\/radiolifefm.com.br\/noticias\/wp-content\/uploads\/2021\/11\/unnamed-1.jpg\",\"contentUrl\":\"https:\/\/radiolifefm.com.br\/noticias\/wp-content\/uploads\/2021\/11\/unnamed-1.jpg\",\"width\":1600,\"height\":1200},{\"@type\":\"BreadcrumbList\",\"@id\":\"https:\/\/radiolifefm.com.br\/noticias\/prefeitura-de-adamantina-realiza-reuniao-para-discutir-plano-de-trabalho-da-regionalizacao-e-integralizacao-da-saude\/#breadcrumb\",\"itemListElement\":[{\"@type\":\"ListItem\",\"position\":1,\"name\":\"In\u00edcio\",\"item\":\"https:\/\/radiolifefm.com.br\/noticias\/\"},{\"@type\":\"ListItem\",\"position\":2,\"name\":\"Prefeitura de Adamantina realiza reuni\u00e3o para discutir Plano de Trabalho da Regionaliza\u00e7\u00e3o e Integraliza\u00e7\u00e3o da Sa\u00fade\"}]},{\"@type\":\"WebSite\",\"@id\":\"https:\/\/radiolifefm.com.br\/noticias\/#website\",\"url\":\"https:\/\/radiolifefm.com.br\/noticias\/\",\"name\":\"R\u00e1dio Life FM\",\"description\":\"O Portal de Not\u00edcias de Adamantina\",\"publisher\":{\"@id\":\"https:\/\/radiolifefm.com.br\/noticias\/#organization\"},\"alternateName\":\"Life FM\",\"potentialAction\":[{\"@type\":\"SearchAction\",\"target\":{\"@type\":\"EntryPoint\",\"urlTemplate\":\"https:\/\/radiolifefm.com.br\/noticias\/?s={search_term_string}\"},\"query-input\":{\"@type\":\"PropertyValueSpecification\",\"valueRequired\":true,\"valueName\":\"search_term_string\"}}],\"inLanguage\":\"pt-BR\"},{\"@type\":\"Organization\",\"@id\":\"https:\/\/radiolifefm.com.br\/noticias\/#organization\",\"name\":\"R\u00e1dio Life FM\",\"alternateName\":\"Life FM\",\"url\":\"https:\/\/radiolifefm.com.br\/noticias\/\",\"logo\":{\"@type\":\"ImageObject\",\"inLanguage\":\"pt-BR\",\"@id\":\"https:\/\/radiolifefm.com.br\/noticias\/#\/schema\/logo\/image\/\",\"url\":\"https:\/\/static.radiolifefm.com.br\/noticias\/wp-content\/uploads\/2019\/10\/logo-lifefm.png\",\"contentUrl\":\"https:\/\/static.radiolifefm.com.br\/noticias\/wp-content\/uploads\/2019\/10\/logo-lifefm.png\",\"width\":196,\"height\":47,\"caption\":\"R\u00e1dio Life FM\"},\"image\":{\"@id\":\"https:\/\/radiolifefm.com.br\/noticias\/#\/schema\/logo\/image\/\"},\"sameAs\":[\"https:\/\/www.facebook.com\/radiolifefm\/\",\"https:\/\/www.instagram.com\/life1079fm\/\"]},{\"@type\":\"Person\",\"@id\":\"https:\/\/radiolifefm.com.br\/noticias\/#\/schema\/person\/6339b9fac59d12b071dec680d7375d87\",\"name\":\"ritanery\",\"image\":{\"@type\":\"ImageObject\",\"inLanguage\":\"pt-BR\",\"@id\":\"https:\/\/secure.gravatar.com\/avatar\/0e37bb19071f47c0b8a23f62a903df117c5a0e75f65a0c2901562f97cd41cf86?s=96&d=mm&r=g\",\"url\":\"https:\/\/secure.gravatar.com\/avatar\/0e37bb19071f47c0b8a23f62a903df117c5a0e75f65a0c2901562f97cd41cf86?s=96&d=mm&r=g\",\"contentUrl\":\"https:\/\/secure.gravatar.com\/avatar\/0e37bb19071f47c0b8a23f62a903df117c5a0e75f65a0c2901562f97cd41cf86?s=96&d=mm&r=g\",\"caption\":\"ritanery\"}}]}<\/script>\n<!-- \/ Yoast SEO plugin. -->","yoast_head_json":{"title":"Prefeitura de Adamantina realiza reuni\u00e3o para discutir Plano de Trabalho da Regionaliza\u00e7\u00e3o e Integraliza\u00e7\u00e3o da Sa\u00fade - R\u00e1dio Life FM","robots":{"index":"index","follow":"follow","max-snippet":"max-snippet:-1","max-image-preview":"max-image-preview:large","max-video-preview":"max-video-preview:-1"},"canonical":"https:\/\/radiolifefm.com.br\/noticias\/prefeitura-de-adamantina-realiza-reuniao-para-discutir-plano-de-trabalho-da-regionalizacao-e-integralizacao-da-saude\/","og_locale":"pt_BR","og_type":"article","og_title":"Prefeitura de Adamantina realiza reuni\u00e3o para discutir Plano de Trabalho da Regionaliza\u00e7\u00e3o e Integraliza\u00e7\u00e3o da Sa\u00fade - R\u00e1dio Life FM","og_description":"A Prefeitura de Adamantina discutiu na manh\u00e3 desta quarta-feira (10) o Plano de Trabalho da Regionaliza\u00e7\u00e3o e Integraliza\u00e7\u00e3o da Sa\u00fade juntamente com os dez prefeitos que integram a microrregi\u00e3o de sa\u00fade de Adamantina. Participaram da reuni\u00e3o no Anfiteatro Fernando Paloni, prefeitos e secret\u00e1rios de sa\u00fade, Osvaldo Cruz, Luc\u00e9lia, Pacaembu, Pracinha, Salmour\u00e3o, Sagres, Mari\u00e1polis, Fl\u00f3rida Paulista [&hellip;]","og_url":"https:\/\/radiolifefm.com.br\/noticias\/prefeitura-de-adamantina-realiza-reuniao-para-discutir-plano-de-trabalho-da-regionalizacao-e-integralizacao-da-saude\/","og_site_name":"R\u00e1dio Life FM","article_publisher":"https:\/\/www.facebook.com\/radiolifefm\/","article_published_time":"2021-11-11T13:26:25+00:00","article_modified_time":"2026-04-08T01:35:22+00:00","og_image":[{"width":1600,"height":1200,"url":"https:\/\/radiolifefm.com.br\/noticias\/wp-content\/uploads\/2021\/11\/unnamed-1.jpg","type":"image\/jpeg"}],"author":"ritanery","twitter_card":"summary_large_image","twitter_misc":{"Escrito por":"ritanery","Est. tempo de leitura":"2 minutos"},"schema":{"@context":"https:\/\/schema.org","@graph":[{"@type":"Article","@id":"https:\/\/radiolifefm.com.br\/noticias\/prefeitura-de-adamantina-realiza-reuniao-para-discutir-plano-de-trabalho-da-regionalizacao-e-integralizacao-da-saude\/#article","isPartOf":{"@id":"https:\/\/radiolifefm.com.br\/noticias\/prefeitura-de-adamantina-realiza-reuniao-para-discutir-plano-de-trabalho-da-regionalizacao-e-integralizacao-da-saude\/"},"author":{"name":"ritanery","@id":"https:\/\/radiolifefm.com.br\/noticias\/#\/schema\/person\/6339b9fac59d12b071dec680d7375d87"},"headline":"Prefeitura de Adamantina realiza reuni\u00e3o para discutir Plano de Trabalho da Regionaliza\u00e7\u00e3o e Integraliza\u00e7\u00e3o da Sa\u00fade","datePublished":"2021-11-11T13:26:25+00:00","dateModified":"2026-04-08T01:35:22+00:00","mainEntityOfPage":{"@id":"https:\/\/radiolifefm.com.br\/noticias\/prefeitura-de-adamantina-realiza-reuniao-para-discutir-plano-de-trabalho-da-regionalizacao-e-integralizacao-da-saude\/"},"wordCount":418,"publisher":{"@id":"https:\/\/radiolifefm.com.br\/noticias\/#organization"},"image":{"@id":"https:\/\/radiolifefm.com.br\/noticias\/prefeitura-de-adamantina-realiza-reuniao-para-discutir-plano-de-trabalho-da-regionalizacao-e-integralizacao-da-saude\/#primaryimage"},"thumbnailUrl":"https:\/\/radiolifefm.com.br\/noticias\/wp-content\/uploads\/2021\/11\/unnamed-1.jpg","articleSection":["Adamantina"],"inLanguage":"pt-BR"},{"@type":"WebPage","@id":"https:\/\/radiolifefm.com.br\/noticias\/prefeitura-de-adamantina-realiza-reuniao-para-discutir-plano-de-trabalho-da-regionalizacao-e-integralizacao-da-saude\/","url":"https:\/\/radiolifefm.com.br\/noticias\/prefeitura-de-adamantina-realiza-reuniao-para-discutir-plano-de-trabalho-da-regionalizacao-e-integralizacao-da-saude\/","name":"Prefeitura de Adamantina realiza reuni\u00e3o para discutir Plano de Trabalho da Regionaliza\u00e7\u00e3o e Integraliza\u00e7\u00e3o da Sa\u00fade - R\u00e1dio Life FM","isPartOf":{"@id":"https:\/\/radiolifefm.com.br\/noticias\/#website"},"primaryImageOfPage":{"@id":"https:\/\/radiolifefm.com.br\/noticias\/prefeitura-de-adamantina-realiza-reuniao-para-discutir-plano-de-trabalho-da-regionalizacao-e-integralizacao-da-saude\/#primaryimage"},"image":{"@id":"https:\/\/radiolifefm.com.br\/noticias\/prefeitura-de-adamantina-realiza-reuniao-para-discutir-plano-de-trabalho-da-regionalizacao-e-integralizacao-da-saude\/#primaryimage"},"thumbnailUrl":"https:\/\/radiolifefm.com.br\/noticias\/wp-content\/uploads\/2021\/11\/unnamed-1.jpg","datePublished":"2021-11-11T13:26:25+00:00","dateModified":"2026-04-08T01:35:22+00:00","breadcrumb":{"@id":"https:\/\/radiolifefm.com.br\/noticias\/prefeitura-de-adamantina-realiza-reuniao-para-discutir-plano-de-trabalho-da-regionalizacao-e-integralizacao-da-saude\/#breadcrumb"},"inLanguage":"pt-BR","potentialAction":[{"@type":"ReadAction","target":["https:\/\/radiolifefm.com.br\/noticias\/prefeitura-de-adamantina-realiza-reuniao-para-discutir-plano-de-trabalho-da-regionalizacao-e-integralizacao-da-saude\/"]}]},{"@type":"ImageObject","inLanguage":"pt-BR","@id":"https:\/\/radiolifefm.com.br\/noticias\/prefeitura-de-adamantina-realiza-reuniao-para-discutir-plano-de-trabalho-da-regionalizacao-e-integralizacao-da-saude\/#primaryimage","url":"https:\/\/radiolifefm.com.br\/noticias\/wp-content\/uploads\/2021\/11\/unnamed-1.jpg","contentUrl":"https:\/\/radiolifefm.com.br\/noticias\/wp-content\/uploads\/2021\/11\/unnamed-1.jpg","width":1600,"height":1200},{"@type":"BreadcrumbList","@id":"https:\/\/radiolifefm.com.br\/noticias\/prefeitura-de-adamantina-realiza-reuniao-para-discutir-plano-de-trabalho-da-regionalizacao-e-integralizacao-da-saude\/#breadcrumb","itemListElement":[{"@type":"ListItem","position":1,"name":"In\u00edcio","item":"https:\/\/radiolifefm.com.br\/noticias\/"},{"@type":"ListItem","position":2,"name":"Prefeitura de Adamantina realiza reuni\u00e3o para discutir Plano de Trabalho da Regionaliza\u00e7\u00e3o e Integraliza\u00e7\u00e3o da Sa\u00fade"}]},{"@type":"WebSite","@id":"https:\/\/radiolifefm.com.br\/noticias\/#website","url":"https:\/\/radiolifefm.com.br\/noticias\/","name":"R\u00e1dio Life FM","description":"O Portal de Not\u00edcias de Adamantina","publisher":{"@id":"https:\/\/radiolifefm.com.br\/noticias\/#organization"},"alternateName":"Life FM","potentialAction":[{"@type":"SearchAction","target":{"@type":"EntryPoint","urlTemplate":"https:\/\/radiolifefm.com.br\/noticias\/?s={search_term_string}"},"query-input":{"@type":"PropertyValueSpecification","valueRequired":true,"valueName":"search_term_string"}}],"inLanguage":"pt-BR"},{"@type":"Organization","@id":"https:\/\/radiolifefm.com.br\/noticias\/#organization","name":"R\u00e1dio Life FM","alternateName":"Life FM","url":"https:\/\/radiolifefm.com.br\/noticias\/","logo":{"@type":"ImageObject","inLanguage":"pt-BR","@id":"https:\/\/radiolifefm.com.br\/noticias\/#\/schema\/logo\/image\/","url":"https:\/\/static.radiolifefm.com.br\/noticias\/wp-content\/uploads\/2019\/10\/logo-lifefm.png","contentUrl":"https:\/\/static.radiolifefm.com.br\/noticias\/wp-content\/uploads\/2019\/10\/logo-lifefm.png","width":196,"height":47,"caption":"R\u00e1dio Life FM"},"image":{"@id":"https:\/\/radiolifefm.com.br\/noticias\/#\/schema\/logo\/image\/"},"sameAs":["https:\/\/www.facebook.com\/radiolifefm\/","https:\/\/www.instagram.com\/life1079fm\/"]},{"@type":"Person","@id":"https:\/\/radiolifefm.com.br\/noticias\/#\/schema\/person\/6339b9fac59d12b071dec680d7375d87","name":"ritanery","image":{"@type":"ImageObject","inLanguage":"pt-BR","@id":"https:\/\/secure.gravatar.com\/avatar\/0e37bb19071f47c0b8a23f62a903df117c5a0e75f65a0c2901562f97cd41cf86?s=96&d=mm&r=g","url":"https:\/\/secure.gravatar.com\/avatar\/0e37bb19071f47c0b8a23f62a903df117c5a0e75f65a0c2901562f97cd41cf86?s=96&d=mm&r=g","contentUrl":"https:\/\/secure.gravatar.com\/avatar\/0e37bb19071f47c0b8a23f62a903df117c5a0e75f65a0c2901562f97cd41cf86?s=96&d=mm&r=g","caption":"ritanery"}}]}},"amp_enabled":true,"_links":{"self":[{"href":"https:\/\/radiolifefm.com.br\/noticias\/wp-json\/wp\/v2\/posts\/45553","targetHints":{"allow":["GET"]}}],"collection":[{"href":"https:\/\/radiolifefm.com.br\/noticias\/wp-json\/wp\/v2\/posts"}],"about":[{"href":"https:\/\/radiolifefm.com.br\/noticias\/wp-json\/wp\/v2\/types\/post"}],"author":[{"embeddable":true,"href":"https:\/\/radiolifefm.com.br\/noticias\/wp-json\/wp\/v2\/users\/13"}],"replies":[{"embeddable":true,"href":"https:\/\/radiolifefm.com.br\/noticias\/wp-json\/wp\/v2\/comments?post=45553"}],"version-history":[{"count":2,"href":"https:\/\/radiolifefm.com.br\/noticias\/wp-json\/wp\/v2\/posts\/45553\/revisions"}],"predecessor-version":[{"id":45559,"href":"https:\/\/radiolifefm.com.br\/noticias\/wp-json\/wp\/v2\/posts\/45553\/revisions\/45559"}],"wp:featuredmedia":[{"embeddable":true,"href":"https:\/\/radiolifefm.com.br\/noticias\/wp-json\/wp\/v2\/media\/45554"}],"wp:attachment":[{"href":"https:\/\/radiolifefm.com.br\/noticias\/wp-json\/wp\/v2\/media?parent=45553"}],"wp:term":[{"taxonomy":"category","embeddable":true,"href":"https:\/\/radiolifefm.com.br\/noticias\/wp-json\/wp\/v2\/categories?post=45553"},{"taxonomy":"post_tag","embeddable":true,"href":"https:\/\/radiolifefm.com.br\/noticias\/wp-json\/wp\/v2\/tags?post=45553"}],"curies":[{"name":"wp","href":"https:\/\/api.w.org\/{rel}","templated":true}]}}