{"id":45481,"date":"2021-11-10T08:39:31","date_gmt":"2021-11-10T11:39:31","guid":{"rendered":"https:\/\/radiolifefm.com.br\/noticias\/?p=45481"},"modified":"2026-04-16T18:50:34","modified_gmt":"2026-04-16T21:50:34","slug":"apos-contrato-de-mais-de-r-9-milhoes-presidente-prudente-inicia-transporte-de-lixo-para-adamantina","status":"publish","type":"post","link":"https:\/\/radiolifefm.com.br\/noticias\/apos-contrato-de-mais-de-r-9-milhoes-presidente-prudente-inicia-transporte-de-lixo-para-adamantina\/","title":{"rendered":"Ap\u00f3s contrato de mais de R$ 9 milh\u00f5es, Presidente Prudente inicia transporte de lixo para Adamantina"},"content":{"rendered":"<div id=\"fb-root\"><\/div>\n<p>A Secretaria Municipal de Meio Ambiente (Semea) de\u00a0<a style=\"font-style: inherit\" href=\"https:\/\/g1.globo.com\/sp\/presidente-prudente-regiao\/cidade\/presidente-prudente\/\"><strong>Presidente Prudente (SP)<\/strong><\/a>\u00a0deu in\u00edcio nesta ter\u00e7a-feira (9) ao processo de transporte dos res\u00edduos s\u00f3lidos produzidos na cidade at\u00e9\u00a0<a style=\"font-style: inherit\" href=\"https:\/\/g1.globo.com\/sp\/presidente-prudente-regiao\/cidade\/adamantina\/\"><strong>Adamantina (SP)<\/strong><\/a>, onde est\u00e1 localizado o aterro sanit\u00e1rio da Nova Alta Paulista Ambiental, empresa vencedora do\u00a0<a style=\"font-style: inherit\" href=\"https:\/\/g1.globo.com\/sp\/presidente-prudente-regiao\/noticia\/2021\/10\/18\/em-contrato-sem-licitacao-prefeitura-vai-gastar-r-94-milhoes-para-mandar-lixo-de-presidente-prudente-a-adamantina.ghtml\"><strong>processo licitat\u00f3rio realizado em car\u00e1ter de emerg\u00eancia pela Prefeitura, com um contrato no valor de R$ 9.460.800,00<\/strong><\/a>.<\/p>\n<p>&nbsp;<\/p>\n<p data-track-category=\"Link no Texto\" data-track-links=\"\">O prefeito Ed Thomas (PSB), o secret\u00e1rio da Semea, Fernando Luizari Gomes, o diretor-presidente da Companhia Prudentina de Desenvolvimento (Prudenco), Valdecir Vieira, e o representante da empresa, Eresvaldo Vicente Pereira, acompanharam o transbordo dos primeiros caminh\u00f5es.<\/p>\n<p>&nbsp;<\/p>\n<p data-track-category=\"Link no Texto\" data-track-links=\"\">Segundo a Prefeitura, considerando o fim da vida \u00fatil do aterro municipal, foi constru\u00edda uma estrutura provis\u00f3ria para o transbordo, na mesma \u00e1rea, no Distrito Industrial. O pared\u00e3o, preparado pela equipe da Prudenco, \u00e9 composto por pe\u00e7as de concreto, que se encaixam umas nas outras, com blocos de 2,5 toneladas cada.<\/p>\n<p>Segundo o secret\u00e1rio da Semea, Fernando Luizari Gomes, essa estrutura funcionar\u00e1 provisoriamente, pois a empresa est\u00e1 em fase final de instala\u00e7\u00e3o da plataforma definitiva, com press\u00e3o negativa, filtro e licen\u00e7a de instala\u00e7\u00e3o.<\/p>\n<p>&nbsp;<\/p>\n<p data-track-category=\"Link no Texto\" data-track-links=\"\">Gomes tamb\u00e9m explicou a tomada de decis\u00e3o.<\/p>\n<p>&nbsp;<\/p>\n<p data-track-category=\"Link no Texto\" data-track-links=\"\">\u201c\u00c9 uma a\u00e7\u00e3o emergencial, pois n\u00e3o temos mais capacidade de suporte. O aterro corre risco de desmoronamento, caso continue recebendo os res\u00edduos. O transbordo \u00e9 a via mais segura para nossos colaboradores. Essa \u00e9 a nossa decis\u00e3o, que teve como base a seguran\u00e7a e a condi\u00e7\u00e3o de trabalho\u201d, relatou.<\/p>\n<p>&nbsp;<\/p>\n<p data-track-category=\"Link no Texto\" data-track-links=\"\">No dia 26 de outubro, a Companhia Ambiental do Estado de S\u00e3o Paulo (Cetesb)\u00a0<a style=\"font-style: inherit\" href=\"https:\/\/g1.globo.com\/sp\/presidente-prudente-regiao\/noticia\/2021\/10\/26\/cetesb-exige-que-prudenco-pare-imediatamente-de-dispensar-residuos-no-aterro-sanitario-de-presidente-prudente.ghtml\"><strong>exigiu que a Prudenco parasse imediatamente a disposi\u00e7\u00e3o de res\u00edduos no aterro sanit\u00e1rio de Presidente Prudente<\/strong><\/a>. A Cetesb tamb\u00e9m multou a Prudenco em R$ 49.191,19 por irregularidades encontradas durante uma inspe\u00e7\u00e3o realizada no aterro.<\/p>\n<p>&nbsp;<\/p>\n<p>De acordo com o diretor-presidente da Prudenco, Valdecir Vieira, 40% do lixo podem ser reaproveitados, caso os materiais sejam separados da maneira correta.<\/p>\n<p>&nbsp;<\/p>\n<p>Conforme o prefeito Ed Thomas, o problema do aterro perdura por 30 anos.<\/p>\n<p>&nbsp;<\/p>\n<p data-track-category=\"Link no Texto\" data-track-links=\"\">\u201cAs adequa\u00e7\u00f5es feitas durante todos esses anos n\u00e3o foram suficientes. A engenharia n\u00e3o foi suficiente. A produ\u00e7\u00e3o \u00e9 muito grande. Todos n\u00f3s somos respons\u00e1veis. Precisamos por a m\u00e3o na consci\u00eancia, separando o que d\u00e1 para reaproveitar. Tudo isso custa muito caro e quem paga somos todos n\u00f3s\u201d, disse o chefe do Poder Executivo.<\/p>\n<p>&nbsp;<\/p>\n<p data-track-category=\"Link no Texto\" data-track-links=\"\">De acordo com a Prefeitura, Presidente Prudente produz cerca de 240 toneladas de lixo por dia. Cada caminh\u00e3o tem capacidade de transportar entre 45 e 50 toneladas, ou seja, ser\u00e3o necess\u00e1rios seis caminh\u00f5es por dia, aproximadamente. O contrato com a Nova Alta Paulista Ambiental tem vig\u00eancia de seis meses, com possibilidade de prorroga\u00e7\u00e3o.<\/p>\n<p data-track-category=\"Link no Texto\" data-track-links=\"\">Segundo Eresvaldo Vicente Pereira, representante da empresa, os res\u00edduos s\u00f3lidos transportados ser\u00e3o depositados no aterro sanit\u00e1rio de Adamantina, que atualmente opera dentro das licen\u00e7as da Cetesb, totalmente impermeabilizado, com capacidade de recebimento de at\u00e9 1.000 toneladas de lixo\/dia e por at\u00e9 48 anos.<\/p>\n<p>&nbsp;<\/p>\n<p data-track-category=\"Link no Texto\" data-track-links=\"\">\u201cCom os res\u00edduos de Presidente Prudente, atingiremos cerca de 300 toneladas por dia, ainda com bastante margem da nossa capacidade de opera\u00e7\u00e3o\u201d, explicou Pereira.<\/p>\n<p>&nbsp;<\/p>\n<p data-track-category=\"Link no Texto\" data-track-links=\"\">A Nova Alta Paulista Ambiental tamb\u00e9m \u00e9 respons\u00e1vel pela destina\u00e7\u00e3o dos res\u00edduos de outros munic\u00edpios, como Adamantina,\u00a0<a style=\"font-style: inherit\" href=\"https:\/\/g1.globo.com\/sp\/presidente-prudente-regiao\/cidade\/lucelia\/\"><strong>Luc\u00e9lia (SP)<\/strong><\/a>,\u00a0<a style=\"font-style: inherit\" href=\"https:\/\/g1.globo.com\/sp\/presidente-prudente-regiao\/cidade\/irapuru\/\"><strong>Irapuru (SP)<\/strong><\/a>,\u00a0<a style=\"font-style: inherit\" href=\"https:\/\/g1.globo.com\/sp\/sao-jose-do-rio-preto-aracatuba\/cidade\/nova-independencia\/\"><strong>Nova Independ\u00eancia (SP)<\/strong><\/a>,\u00a0<a style=\"font-style: inherit\" href=\"https:\/\/g1.globo.com\/sp\/presidente-prudente-regiao\/cidade\/santa-mercedes\/\"><strong>Santa Mercedes (SP)<\/strong><\/a>,\u00a0<a style=\"font-style: inherit\" href=\"https:\/\/g1.globo.com\/sp\/presidente-prudente-regiao\/cidade\/mariapolis\/\"><strong>Mari\u00e1polis (SP)<\/strong><\/a>\u00a0e\u00a0<a style=\"font-style: inherit\" href=\"https:\/\/g1.globo.com\/sp\/presidente-prudente-regiao\/cidade\/pracinha\/\"><strong>Pracinha (SP)<\/strong><\/a>.<\/p>\n<p>&nbsp;<\/p>\n<div class='flex flex-wrap items-center -mx-1'>\r\n<a class='thumbnail gallery p-1 w-1\/2 md:w-1\/4' href='https:\/\/radiolifefm.com.br\/noticias\/wp-content\/uploads\/2021\/11\/capa-15-.jpg'><img class='border border-white' src='https:\/\/radiolifefm.com.br\/noticias\/wp-content\/uploads\/2021\/11\/capa-15--200x200.jpg' alt='Capa 15 ' \/><\/a><a class='thumbnail gallery p-1 w-1\/2 md:w-1\/4' href='https:\/\/radiolifefm.com.br\/noticias\/wp-content\/uploads\/2021\/11\/dsc-6451.jpg'><img class='border border-white' src='https:\/\/radiolifefm.com.br\/noticias\/wp-content\/uploads\/2021\/11\/dsc-6451-200x200.jpg' alt='Dsc 6451' \/><\/a><a class='thumbnail gallery p-1 w-1\/2 md:w-1\/4' href='https:\/\/radiolifefm.com.br\/noticias\/wp-content\/uploads\/2021\/11\/dsc-6573.jpg'><img class='border border-white' src='https:\/\/radiolifefm.com.br\/noticias\/wp-content\/uploads\/2021\/11\/dsc-6573-200x200.jpg' alt='Dsc 6573' \/><\/a><a class='thumbnail gallery p-1 w-1\/2 md:w-1\/4' href='https:\/\/radiolifefm.com.br\/noticias\/wp-content\/uploads\/2021\/11\/dsc-6631.jpg'><img class='border border-white' src='https:\/\/radiolifefm.com.br\/noticias\/wp-content\/uploads\/2021\/11\/dsc-6631-200x200.jpg' alt='Dsc 6631' \/><\/a><\/div>\n<p>Fonte: G1<\/p>\n","protected":false},"excerpt":{"rendered":"<p>A Secretaria Municipal de Meio Ambiente (Semea) de\u00a0Presidente Prudente (SP)\u00a0deu in\u00edcio nesta ter\u00e7a-feira (9) ao processo de transporte dos res\u00edduos s\u00f3lidos produzidos na cidade at\u00e9\u00a0Adamantina (SP), onde est\u00e1 localizado o aterro sanit\u00e1rio da Nova Alta Paulista Ambiental, empresa vencedora do\u00a0processo licitat\u00f3rio realizado em car\u00e1ter de emerg\u00eancia pela Prefeitura, com um contrato no valor de R$ [&hellip;]<\/p>\n","protected":false},"author":13,"featured_media":45482,"comment_status":"closed","ping_status":"open","sticky":false,"template":"","format":"standard","meta":{"_acf_changed":false,"_exactmetrics_skip_tracking":false,"_exactmetrics_sitenote_active":false,"_exactmetrics_sitenote_note":"","_exactmetrics_sitenote_category":0,"footnotes":""},"categories":[21],"tags":[],"class_list":["post-45481","post","type-post","status-publish","format-standard","has-post-thumbnail","hentry","category-adamantina"],"acf":[],"yoast_head":"<!-- This site is optimized with the Yoast SEO plugin v27.2 - https:\/\/yoast.com\/product\/yoast-seo-wordpress\/ -->\n<title>Ap\u00f3s contrato de mais de R$ 9 milh\u00f5es, Presidente Prudente inicia transporte de lixo para Adamantina - R\u00e1dio Life FM<\/title>\n<meta name=\"robots\" content=\"index, follow, max-snippet:-1, max-image-preview:large, max-video-preview:-1\" \/>\n<link rel=\"canonical\" href=\"https:\/\/radiolifefm.com.br\/noticias\/apos-contrato-de-mais-de-r-9-milhoes-presidente-prudente-inicia-transporte-de-lixo-para-adamantina\/\" \/>\n<meta property=\"og:locale\" content=\"pt_BR\" \/>\n<meta property=\"og:type\" content=\"article\" \/>\n<meta property=\"og:title\" content=\"Ap\u00f3s contrato de mais de R$ 9 milh\u00f5es, Presidente Prudente inicia transporte de lixo para Adamantina - R\u00e1dio Life FM\" \/>\n<meta property=\"og:description\" content=\"A Secretaria Municipal de Meio Ambiente (Semea) de\u00a0Presidente Prudente (SP)\u00a0deu in\u00edcio nesta ter\u00e7a-feira (9) ao processo de transporte dos res\u00edduos s\u00f3lidos produzidos na cidade at\u00e9\u00a0Adamantina (SP), onde est\u00e1 localizado o aterro sanit\u00e1rio da Nova Alta Paulista Ambiental, empresa vencedora do\u00a0processo licitat\u00f3rio realizado em car\u00e1ter de emerg\u00eancia pela Prefeitura, com um contrato no valor de R$ [&hellip;]\" \/>\n<meta property=\"og:url\" content=\"https:\/\/radiolifefm.com.br\/noticias\/apos-contrato-de-mais-de-r-9-milhoes-presidente-prudente-inicia-transporte-de-lixo-para-adamantina\/\" \/>\n<meta property=\"og:site_name\" content=\"R\u00e1dio Life FM\" \/>\n<meta property=\"article:publisher\" content=\"https:\/\/www.facebook.com\/radiolifefm\/\" \/>\n<meta property=\"article:published_time\" content=\"2021-11-10T11:39:31+00:00\" \/>\n<meta property=\"article:modified_time\" content=\"2026-04-16T21:50:34+00:00\" \/>\n<meta property=\"og:image\" content=\"https:\/\/radiolifefm.com.br\/noticias\/wp-content\/uploads\/2021\/11\/dsc-6614.jpg\" \/>\n\t<meta property=\"og:image:width\" content=\"984\" \/>\n\t<meta property=\"og:image:height\" content=\"656\" \/>\n\t<meta property=\"og:image:type\" content=\"image\/jpeg\" \/>\n<meta name=\"author\" content=\"ritanery\" \/>\n<meta name=\"twitter:card\" content=\"summary_large_image\" \/>\n<meta name=\"twitter:label1\" content=\"Escrito por\" \/>\n\t<meta name=\"twitter:data1\" content=\"ritanery\" \/>\n\t<meta name=\"twitter:label2\" content=\"Est. tempo de leitura\" \/>\n\t<meta name=\"twitter:data2\" content=\"3 minutos\" \/>\n<script type=\"application\/ld+json\" class=\"yoast-schema-graph\">{\"@context\":\"https:\/\/schema.org\",\"@graph\":[{\"@type\":\"Article\",\"@id\":\"https:\/\/radiolifefm.com.br\/noticias\/apos-contrato-de-mais-de-r-9-milhoes-presidente-prudente-inicia-transporte-de-lixo-para-adamantina\/#article\",\"isPartOf\":{\"@id\":\"https:\/\/radiolifefm.com.br\/noticias\/apos-contrato-de-mais-de-r-9-milhoes-presidente-prudente-inicia-transporte-de-lixo-para-adamantina\/\"},\"author\":{\"name\":\"ritanery\",\"@id\":\"https:\/\/radiolifefm.com.br\/noticias\/#\/schema\/person\/6339b9fac59d12b071dec680d7375d87\"},\"headline\":\"Ap\u00f3s contrato de mais de R$ 9 milh\u00f5es, Presidente Prudente inicia transporte de lixo para Adamantina\",\"datePublished\":\"2021-11-10T11:39:31+00:00\",\"dateModified\":\"2026-04-16T21:50:34+00:00\",\"mainEntityOfPage\":{\"@id\":\"https:\/\/radiolifefm.com.br\/noticias\/apos-contrato-de-mais-de-r-9-milhoes-presidente-prudente-inicia-transporte-de-lixo-para-adamantina\/\"},\"wordCount\":605,\"publisher\":{\"@id\":\"https:\/\/radiolifefm.com.br\/noticias\/#organization\"},\"image\":{\"@id\":\"https:\/\/radiolifefm.com.br\/noticias\/apos-contrato-de-mais-de-r-9-milhoes-presidente-prudente-inicia-transporte-de-lixo-para-adamantina\/#primaryimage\"},\"thumbnailUrl\":\"https:\/\/radiolifefm.com.br\/noticias\/wp-content\/uploads\/2021\/11\/dsc-6614.jpg\",\"articleSection\":[\"Adamantina\"],\"inLanguage\":\"pt-BR\"},{\"@type\":\"WebPage\",\"@id\":\"https:\/\/radiolifefm.com.br\/noticias\/apos-contrato-de-mais-de-r-9-milhoes-presidente-prudente-inicia-transporte-de-lixo-para-adamantina\/\",\"url\":\"https:\/\/radiolifefm.com.br\/noticias\/apos-contrato-de-mais-de-r-9-milhoes-presidente-prudente-inicia-transporte-de-lixo-para-adamantina\/\",\"name\":\"Ap\u00f3s contrato de mais de R$ 9 milh\u00f5es, Presidente Prudente inicia transporte de lixo para Adamantina - R\u00e1dio Life FM\",\"isPartOf\":{\"@id\":\"https:\/\/radiolifefm.com.br\/noticias\/#website\"},\"primaryImageOfPage\":{\"@id\":\"https:\/\/radiolifefm.com.br\/noticias\/apos-contrato-de-mais-de-r-9-milhoes-presidente-prudente-inicia-transporte-de-lixo-para-adamantina\/#primaryimage\"},\"image\":{\"@id\":\"https:\/\/radiolifefm.com.br\/noticias\/apos-contrato-de-mais-de-r-9-milhoes-presidente-prudente-inicia-transporte-de-lixo-para-adamantina\/#primaryimage\"},\"thumbnailUrl\":\"https:\/\/radiolifefm.com.br\/noticias\/wp-content\/uploads\/2021\/11\/dsc-6614.jpg\",\"datePublished\":\"2021-11-10T11:39:31+00:00\",\"dateModified\":\"2026-04-16T21:50:34+00:00\",\"breadcrumb\":{\"@id\":\"https:\/\/radiolifefm.com.br\/noticias\/apos-contrato-de-mais-de-r-9-milhoes-presidente-prudente-inicia-transporte-de-lixo-para-adamantina\/#breadcrumb\"},\"inLanguage\":\"pt-BR\",\"potentialAction\":[{\"@type\":\"ReadAction\",\"target\":[\"https:\/\/radiolifefm.com.br\/noticias\/apos-contrato-de-mais-de-r-9-milhoes-presidente-prudente-inicia-transporte-de-lixo-para-adamantina\/\"]}]},{\"@type\":\"ImageObject\",\"inLanguage\":\"pt-BR\",\"@id\":\"https:\/\/radiolifefm.com.br\/noticias\/apos-contrato-de-mais-de-r-9-milhoes-presidente-prudente-inicia-transporte-de-lixo-para-adamantina\/#primaryimage\",\"url\":\"https:\/\/radiolifefm.com.br\/noticias\/wp-content\/uploads\/2021\/11\/dsc-6614.jpg\",\"contentUrl\":\"https:\/\/radiolifefm.com.br\/noticias\/wp-content\/uploads\/2021\/11\/dsc-6614.jpg\",\"width\":984,\"height\":656,\"caption\":\"Res\u00edduos s\u00e3o levados para a cidade na Nova Alta Paulista porque o aterro municipal chegou ao limite.\"},{\"@type\":\"BreadcrumbList\",\"@id\":\"https:\/\/radiolifefm.com.br\/noticias\/apos-contrato-de-mais-de-r-9-milhoes-presidente-prudente-inicia-transporte-de-lixo-para-adamantina\/#breadcrumb\",\"itemListElement\":[{\"@type\":\"ListItem\",\"position\":1,\"name\":\"In\u00edcio\",\"item\":\"https:\/\/radiolifefm.com.br\/noticias\/\"},{\"@type\":\"ListItem\",\"position\":2,\"name\":\"Ap\u00f3s contrato de mais de R$ 9 milh\u00f5es, Presidente Prudente inicia transporte de lixo para Adamantina\"}]},{\"@type\":\"WebSite\",\"@id\":\"https:\/\/radiolifefm.com.br\/noticias\/#website\",\"url\":\"https:\/\/radiolifefm.com.br\/noticias\/\",\"name\":\"R\u00e1dio Life FM\",\"description\":\"O Portal de Not\u00edcias de Adamantina\",\"publisher\":{\"@id\":\"https:\/\/radiolifefm.com.br\/noticias\/#organization\"},\"alternateName\":\"Life FM\",\"potentialAction\":[{\"@type\":\"SearchAction\",\"target\":{\"@type\":\"EntryPoint\",\"urlTemplate\":\"https:\/\/radiolifefm.com.br\/noticias\/?s={search_term_string}\"},\"query-input\":{\"@type\":\"PropertyValueSpecification\",\"valueRequired\":true,\"valueName\":\"search_term_string\"}}],\"inLanguage\":\"pt-BR\"},{\"@type\":\"Organization\",\"@id\":\"https:\/\/radiolifefm.com.br\/noticias\/#organization\",\"name\":\"R\u00e1dio Life FM\",\"alternateName\":\"Life FM\",\"url\":\"https:\/\/radiolifefm.com.br\/noticias\/\",\"logo\":{\"@type\":\"ImageObject\",\"inLanguage\":\"pt-BR\",\"@id\":\"https:\/\/radiolifefm.com.br\/noticias\/#\/schema\/logo\/image\/\",\"url\":\"https:\/\/static.radiolifefm.com.br\/noticias\/wp-content\/uploads\/2019\/10\/logo-lifefm.png\",\"contentUrl\":\"https:\/\/static.radiolifefm.com.br\/noticias\/wp-content\/uploads\/2019\/10\/logo-lifefm.png\",\"width\":196,\"height\":47,\"caption\":\"R\u00e1dio Life FM\"},\"image\":{\"@id\":\"https:\/\/radiolifefm.com.br\/noticias\/#\/schema\/logo\/image\/\"},\"sameAs\":[\"https:\/\/www.facebook.com\/radiolifefm\/\",\"https:\/\/www.instagram.com\/life1079fm\/\"]},{\"@type\":\"Person\",\"@id\":\"https:\/\/radiolifefm.com.br\/noticias\/#\/schema\/person\/6339b9fac59d12b071dec680d7375d87\",\"name\":\"ritanery\",\"image\":{\"@type\":\"ImageObject\",\"inLanguage\":\"pt-BR\",\"@id\":\"https:\/\/secure.gravatar.com\/avatar\/0e37bb19071f47c0b8a23f62a903df117c5a0e75f65a0c2901562f97cd41cf86?s=96&d=mm&r=g\",\"url\":\"https:\/\/secure.gravatar.com\/avatar\/0e37bb19071f47c0b8a23f62a903df117c5a0e75f65a0c2901562f97cd41cf86?s=96&d=mm&r=g\",\"contentUrl\":\"https:\/\/secure.gravatar.com\/avatar\/0e37bb19071f47c0b8a23f62a903df117c5a0e75f65a0c2901562f97cd41cf86?s=96&d=mm&r=g\",\"caption\":\"ritanery\"}}]}<\/script>\n<!-- \/ Yoast SEO plugin. -->","yoast_head_json":{"title":"Ap\u00f3s contrato de mais de R$ 9 milh\u00f5es, Presidente Prudente inicia transporte de lixo para Adamantina - R\u00e1dio Life FM","robots":{"index":"index","follow":"follow","max-snippet":"max-snippet:-1","max-image-preview":"max-image-preview:large","max-video-preview":"max-video-preview:-1"},"canonical":"https:\/\/radiolifefm.com.br\/noticias\/apos-contrato-de-mais-de-r-9-milhoes-presidente-prudente-inicia-transporte-de-lixo-para-adamantina\/","og_locale":"pt_BR","og_type":"article","og_title":"Ap\u00f3s contrato de mais de R$ 9 milh\u00f5es, Presidente Prudente inicia transporte de lixo para Adamantina - R\u00e1dio Life FM","og_description":"A Secretaria Municipal de Meio Ambiente (Semea) de\u00a0Presidente Prudente (SP)\u00a0deu in\u00edcio nesta ter\u00e7a-feira (9) ao processo de transporte dos res\u00edduos s\u00f3lidos produzidos na cidade at\u00e9\u00a0Adamantina (SP), onde est\u00e1 localizado o aterro sanit\u00e1rio da Nova Alta Paulista Ambiental, empresa vencedora do\u00a0processo licitat\u00f3rio realizado em car\u00e1ter de emerg\u00eancia pela Prefeitura, com um contrato no valor de R$ [&hellip;]","og_url":"https:\/\/radiolifefm.com.br\/noticias\/apos-contrato-de-mais-de-r-9-milhoes-presidente-prudente-inicia-transporte-de-lixo-para-adamantina\/","og_site_name":"R\u00e1dio Life FM","article_publisher":"https:\/\/www.facebook.com\/radiolifefm\/","article_published_time":"2021-11-10T11:39:31+00:00","article_modified_time":"2026-04-16T21:50:34+00:00","og_image":[{"width":984,"height":656,"url":"https:\/\/radiolifefm.com.br\/noticias\/wp-content\/uploads\/2021\/11\/dsc-6614.jpg","type":"image\/jpeg"}],"author":"ritanery","twitter_card":"summary_large_image","twitter_misc":{"Escrito por":"ritanery","Est. tempo de leitura":"3 minutos"},"schema":{"@context":"https:\/\/schema.org","@graph":[{"@type":"Article","@id":"https:\/\/radiolifefm.com.br\/noticias\/apos-contrato-de-mais-de-r-9-milhoes-presidente-prudente-inicia-transporte-de-lixo-para-adamantina\/#article","isPartOf":{"@id":"https:\/\/radiolifefm.com.br\/noticias\/apos-contrato-de-mais-de-r-9-milhoes-presidente-prudente-inicia-transporte-de-lixo-para-adamantina\/"},"author":{"name":"ritanery","@id":"https:\/\/radiolifefm.com.br\/noticias\/#\/schema\/person\/6339b9fac59d12b071dec680d7375d87"},"headline":"Ap\u00f3s contrato de mais de R$ 9 milh\u00f5es, Presidente Prudente inicia transporte de lixo para Adamantina","datePublished":"2021-11-10T11:39:31+00:00","dateModified":"2026-04-16T21:50:34+00:00","mainEntityOfPage":{"@id":"https:\/\/radiolifefm.com.br\/noticias\/apos-contrato-de-mais-de-r-9-milhoes-presidente-prudente-inicia-transporte-de-lixo-para-adamantina\/"},"wordCount":605,"publisher":{"@id":"https:\/\/radiolifefm.com.br\/noticias\/#organization"},"image":{"@id":"https:\/\/radiolifefm.com.br\/noticias\/apos-contrato-de-mais-de-r-9-milhoes-presidente-prudente-inicia-transporte-de-lixo-para-adamantina\/#primaryimage"},"thumbnailUrl":"https:\/\/radiolifefm.com.br\/noticias\/wp-content\/uploads\/2021\/11\/dsc-6614.jpg","articleSection":["Adamantina"],"inLanguage":"pt-BR"},{"@type":"WebPage","@id":"https:\/\/radiolifefm.com.br\/noticias\/apos-contrato-de-mais-de-r-9-milhoes-presidente-prudente-inicia-transporte-de-lixo-para-adamantina\/","url":"https:\/\/radiolifefm.com.br\/noticias\/apos-contrato-de-mais-de-r-9-milhoes-presidente-prudente-inicia-transporte-de-lixo-para-adamantina\/","name":"Ap\u00f3s contrato de mais de R$ 9 milh\u00f5es, Presidente Prudente inicia transporte de lixo para Adamantina - R\u00e1dio Life FM","isPartOf":{"@id":"https:\/\/radiolifefm.com.br\/noticias\/#website"},"primaryImageOfPage":{"@id":"https:\/\/radiolifefm.com.br\/noticias\/apos-contrato-de-mais-de-r-9-milhoes-presidente-prudente-inicia-transporte-de-lixo-para-adamantina\/#primaryimage"},"image":{"@id":"https:\/\/radiolifefm.com.br\/noticias\/apos-contrato-de-mais-de-r-9-milhoes-presidente-prudente-inicia-transporte-de-lixo-para-adamantina\/#primaryimage"},"thumbnailUrl":"https:\/\/radiolifefm.com.br\/noticias\/wp-content\/uploads\/2021\/11\/dsc-6614.jpg","datePublished":"2021-11-10T11:39:31+00:00","dateModified":"2026-04-16T21:50:34+00:00","breadcrumb":{"@id":"https:\/\/radiolifefm.com.br\/noticias\/apos-contrato-de-mais-de-r-9-milhoes-presidente-prudente-inicia-transporte-de-lixo-para-adamantina\/#breadcrumb"},"inLanguage":"pt-BR","potentialAction":[{"@type":"ReadAction","target":["https:\/\/radiolifefm.com.br\/noticias\/apos-contrato-de-mais-de-r-9-milhoes-presidente-prudente-inicia-transporte-de-lixo-para-adamantina\/"]}]},{"@type":"ImageObject","inLanguage":"pt-BR","@id":"https:\/\/radiolifefm.com.br\/noticias\/apos-contrato-de-mais-de-r-9-milhoes-presidente-prudente-inicia-transporte-de-lixo-para-adamantina\/#primaryimage","url":"https:\/\/radiolifefm.com.br\/noticias\/wp-content\/uploads\/2021\/11\/dsc-6614.jpg","contentUrl":"https:\/\/radiolifefm.com.br\/noticias\/wp-content\/uploads\/2021\/11\/dsc-6614.jpg","width":984,"height":656,"caption":"Res\u00edduos s\u00e3o levados para a cidade na Nova Alta Paulista porque o aterro municipal chegou ao limite."},{"@type":"BreadcrumbList","@id":"https:\/\/radiolifefm.com.br\/noticias\/apos-contrato-de-mais-de-r-9-milhoes-presidente-prudente-inicia-transporte-de-lixo-para-adamantina\/#breadcrumb","itemListElement":[{"@type":"ListItem","position":1,"name":"In\u00edcio","item":"https:\/\/radiolifefm.com.br\/noticias\/"},{"@type":"ListItem","position":2,"name":"Ap\u00f3s contrato de mais de R$ 9 milh\u00f5es, Presidente Prudente inicia transporte de lixo para Adamantina"}]},{"@type":"WebSite","@id":"https:\/\/radiolifefm.com.br\/noticias\/#website","url":"https:\/\/radiolifefm.com.br\/noticias\/","name":"R\u00e1dio Life FM","description":"O Portal de Not\u00edcias de Adamantina","publisher":{"@id":"https:\/\/radiolifefm.com.br\/noticias\/#organization"},"alternateName":"Life FM","potentialAction":[{"@type":"SearchAction","target":{"@type":"EntryPoint","urlTemplate":"https:\/\/radiolifefm.com.br\/noticias\/?s={search_term_string}"},"query-input":{"@type":"PropertyValueSpecification","valueRequired":true,"valueName":"search_term_string"}}],"inLanguage":"pt-BR"},{"@type":"Organization","@id":"https:\/\/radiolifefm.com.br\/noticias\/#organization","name":"R\u00e1dio Life FM","alternateName":"Life FM","url":"https:\/\/radiolifefm.com.br\/noticias\/","logo":{"@type":"ImageObject","inLanguage":"pt-BR","@id":"https:\/\/radiolifefm.com.br\/noticias\/#\/schema\/logo\/image\/","url":"https:\/\/static.radiolifefm.com.br\/noticias\/wp-content\/uploads\/2019\/10\/logo-lifefm.png","contentUrl":"https:\/\/static.radiolifefm.com.br\/noticias\/wp-content\/uploads\/2019\/10\/logo-lifefm.png","width":196,"height":47,"caption":"R\u00e1dio Life FM"},"image":{"@id":"https:\/\/radiolifefm.com.br\/noticias\/#\/schema\/logo\/image\/"},"sameAs":["https:\/\/www.facebook.com\/radiolifefm\/","https:\/\/www.instagram.com\/life1079fm\/"]},{"@type":"Person","@id":"https:\/\/radiolifefm.com.br\/noticias\/#\/schema\/person\/6339b9fac59d12b071dec680d7375d87","name":"ritanery","image":{"@type":"ImageObject","inLanguage":"pt-BR","@id":"https:\/\/secure.gravatar.com\/avatar\/0e37bb19071f47c0b8a23f62a903df117c5a0e75f65a0c2901562f97cd41cf86?s=96&d=mm&r=g","url":"https:\/\/secure.gravatar.com\/avatar\/0e37bb19071f47c0b8a23f62a903df117c5a0e75f65a0c2901562f97cd41cf86?s=96&d=mm&r=g","contentUrl":"https:\/\/secure.gravatar.com\/avatar\/0e37bb19071f47c0b8a23f62a903df117c5a0e75f65a0c2901562f97cd41cf86?s=96&d=mm&r=g","caption":"ritanery"}}]}},"amp_enabled":true,"_links":{"self":[{"href":"https:\/\/radiolifefm.com.br\/noticias\/wp-json\/wp\/v2\/posts\/45481","targetHints":{"allow":["GET"]}}],"collection":[{"href":"https:\/\/radiolifefm.com.br\/noticias\/wp-json\/wp\/v2\/posts"}],"about":[{"href":"https:\/\/radiolifefm.com.br\/noticias\/wp-json\/wp\/v2\/types\/post"}],"author":[{"embeddable":true,"href":"https:\/\/radiolifefm.com.br\/noticias\/wp-json\/wp\/v2\/users\/13"}],"replies":[{"embeddable":true,"href":"https:\/\/radiolifefm.com.br\/noticias\/wp-json\/wp\/v2\/comments?post=45481"}],"version-history":[{"count":3,"href":"https:\/\/radiolifefm.com.br\/noticias\/wp-json\/wp\/v2\/posts\/45481\/revisions"}],"predecessor-version":[{"id":45489,"href":"https:\/\/radiolifefm.com.br\/noticias\/wp-json\/wp\/v2\/posts\/45481\/revisions\/45489"}],"wp:featuredmedia":[{"embeddable":true,"href":"https:\/\/radiolifefm.com.br\/noticias\/wp-json\/wp\/v2\/media\/45482"}],"wp:attachment":[{"href":"https:\/\/radiolifefm.com.br\/noticias\/wp-json\/wp\/v2\/media?parent=45481"}],"wp:term":[{"taxonomy":"category","embeddable":true,"href":"https:\/\/radiolifefm.com.br\/noticias\/wp-json\/wp\/v2\/categories?post=45481"},{"taxonomy":"post_tag","embeddable":true,"href":"https:\/\/radiolifefm.com.br\/noticias\/wp-json\/wp\/v2\/tags?post=45481"}],"curies":[{"name":"wp","href":"https:\/\/api.w.org\/{rel}","templated":true}]}}