{"id":45471,"date":"2021-11-09T23:53:41","date_gmt":"2021-11-10T02:53:41","guid":{"rendered":"https:\/\/radiolifefm.com.br\/noticias\/?p=45471"},"modified":"2026-02-07T01:19:19","modified_gmt":"2026-02-07T04:19:19","slug":"prefeitura-abre-licitacao-para-construcao-de-369-casas-pelo-programa-estadual-nossa-casa","status":"publish","type":"post","link":"https:\/\/radiolifefm.com.br\/noticias\/prefeitura-abre-licitacao-para-construcao-de-369-casas-pelo-programa-estadual-nossa-casa\/","title":{"rendered":"Prefeitura abre licita\u00e7\u00e3o para constru\u00e7\u00e3o de 369 casas pelo programa estadual Nossa Casa"},"content":{"rendered":"<div id=\"fb-root\"><\/div>\n<p>A Prefeitura de Adamantina abriu a\u00a0<a href=\"https:\/\/www.adamantina.sp.gov.br\/?pag=T0RZPU9EYz1PR009T1RrPU9EWT1PVEE9T1dFPQ==&amp;view=LIST-LICIT&amp;modalidade=&amp;ano=2021&amp;situacao=&amp;notIn=&amp;id=1736\"><strong>Concorr\u00eancia P\u00fablica N\u00b0 02\/2021<\/strong><\/a>, para a sele\u00e7\u00e3o de loteador\/construtor para implantar empreendimento imobili\u00e1rio horizontal situado \u00e0 Rodovia Vicinal Jos\u00e9 Maria da Silva (Vicinal Adamantina\/Mari\u00e1polis). Est\u00e3o previstas, para a \u00e1rea, 369 casas dentro do Programa Casa Paulista, que envolve parceria entre o poder p\u00fablico e a inciativa privada.<\/p>\n<p>&nbsp;<\/p>\n<p>Nesse formato, das 369 casas \u2013 conforme o edital \u2013 130 moradias ser\u00e3o de interesse social, para fam\u00edlias com renda de at\u00e9 3 sal\u00e1rios-m\u00ednimos. As demais ser\u00e3o unidades de mercado, para adquirentes com renda familiar de at\u00e9 10 sal\u00e1rios m\u00ednimos.<\/p>\n<p>&nbsp;<\/p>\n<p>Conforme detalha o Anexo IV (Termo de Refer\u00eancia), constante do edital de concorr\u00eancia p\u00fablica, as 130 unidades sociais ser\u00e3o oferecidas pela loteadora\/construtora vencedora da licita\u00e7\u00e3o, somente a pretendentes eleg\u00edveis e constante das listas encaminhadas pelo Munic\u00edpio, todas por um pre\u00e7o social unit\u00e1rio de R$ 100.000,00\u00a0\u00a0irreajust\u00e1vel, at\u00e9 completar toda a disponibilidade de unidades sociais pactuadas.<\/p>\n<p>&nbsp;<\/p>\n<p>Os crit\u00e9rios de sele\u00e7\u00e3o das fam\u00edlias interessadas, e ainda como e onde se inscrever, bem como o sorteio dos inscritos habilitados, ser\u00e3o divulgados no momento oportuno pela Prefeitura de Adamantina.<\/p>\n<p>&nbsp;<\/p>\n<p>Os im\u00f3veis dever\u00e3o ter uma \u00e1rea privativa interna de no m\u00ednimo 45 m\u00b2, contemplando, no m\u00ednimo, 2 dormit\u00f3rios, sala, banheiro, cozinha e \u00e1rea de servi\u00e7o, al\u00e9m de espa\u00e7o interno ao lote para um ve\u00edculo de passeio.<\/p>\n<p>&nbsp;<\/p>\n<p>As demais unidades habitacionais do empreendimento, exclu\u00eddas as 130 unidades sociais, s\u00e3o denominadas unidades de mercado, e ser\u00e3o destinadas \u00e0 livre comercializa\u00e7\u00e3o pela loteadora\/construtora para adquirentes com renda familiar de at\u00e9 10 sal\u00e1rios m\u00ednimos vigentes no Estado de S\u00e3o Paulo, sendo proibida a comercializa\u00e7\u00e3o desses im\u00f3veis a pessoas jur\u00eddicas.<\/p>\n<p>&nbsp;<\/p>\n<p>O prazo para execu\u00e7\u00e3o do empreendimento imobili\u00e1rio ser\u00e1 de, no m\u00e1ximo 20 meses. A sess\u00e3o de julgamento das propostas ser\u00e1 no dia 6 de dezembro.<\/p>\n<p>&nbsp;<\/p>\n<p>Fonte: Siga Mais<\/p>\n","protected":false},"excerpt":{"rendered":"<p>A Prefeitura de Adamantina abriu a\u00a0Concorr\u00eancia P\u00fablica N\u00b0 02\/2021, para a sele\u00e7\u00e3o de loteador\/construtor para implantar empreendimento imobili\u00e1rio horizontal situado \u00e0 Rodovia Vicinal Jos\u00e9 Maria da Silva (Vicinal Adamantina\/Mari\u00e1polis). Est\u00e3o previstas, para a \u00e1rea, 369 casas dentro do Programa Casa Paulista, que envolve parceria entre o poder p\u00fablico e a inciativa privada. &nbsp; Nesse formato, [&hellip;]<\/p>\n","protected":false},"author":13,"featured_media":45472,"comment_status":"closed","ping_status":"open","sticky":false,"template":"","format":"standard","meta":{"_acf_changed":false,"_exactmetrics_skip_tracking":false,"_exactmetrics_sitenote_active":false,"_exactmetrics_sitenote_note":"","_exactmetrics_sitenote_category":0,"footnotes":""},"categories":[21],"tags":[],"class_list":["post-45471","post","type-post","status-publish","format-standard","has-post-thumbnail","hentry","category-adamantina"],"acf":[],"yoast_head":"<!-- This site is optimized with the Yoast SEO plugin v27.2 - https:\/\/yoast.com\/product\/yoast-seo-wordpress\/ -->\n<title>Prefeitura abre licita\u00e7\u00e3o para constru\u00e7\u00e3o de 369 casas pelo programa estadual Nossa Casa - R\u00e1dio Life FM<\/title>\n<meta name=\"robots\" content=\"index, follow, max-snippet:-1, max-image-preview:large, max-video-preview:-1\" \/>\n<link rel=\"canonical\" href=\"https:\/\/radiolifefm.com.br\/noticias\/prefeitura-abre-licitacao-para-construcao-de-369-casas-pelo-programa-estadual-nossa-casa\/\" \/>\n<meta property=\"og:locale\" content=\"pt_BR\" \/>\n<meta property=\"og:type\" content=\"article\" \/>\n<meta property=\"og:title\" content=\"Prefeitura abre licita\u00e7\u00e3o para constru\u00e7\u00e3o de 369 casas pelo programa estadual Nossa Casa - R\u00e1dio Life FM\" \/>\n<meta property=\"og:description\" content=\"A Prefeitura de Adamantina abriu a\u00a0Concorr\u00eancia P\u00fablica N\u00b0 02\/2021, para a sele\u00e7\u00e3o de loteador\/construtor para implantar empreendimento imobili\u00e1rio horizontal situado \u00e0 Rodovia Vicinal Jos\u00e9 Maria da Silva (Vicinal Adamantina\/Mari\u00e1polis). Est\u00e3o previstas, para a \u00e1rea, 369 casas dentro do Programa Casa Paulista, que envolve parceria entre o poder p\u00fablico e a inciativa privada. &nbsp; Nesse formato, [&hellip;]\" \/>\n<meta property=\"og:url\" content=\"https:\/\/radiolifefm.com.br\/noticias\/prefeitura-abre-licitacao-para-construcao-de-369-casas-pelo-programa-estadual-nossa-casa\/\" \/>\n<meta property=\"og:site_name\" content=\"R\u00e1dio Life FM\" \/>\n<meta property=\"article:publisher\" content=\"https:\/\/www.facebook.com\/radiolifefm\/\" \/>\n<meta property=\"article:published_time\" content=\"2021-11-10T02:53:41+00:00\" \/>\n<meta property=\"article:modified_time\" content=\"2026-02-07T04:19:19+00:00\" \/>\n<meta property=\"og:image\" content=\"https:\/\/radiolifefm.com.br\/noticias\/wp-content\/uploads\/2021\/11\/adajpg15925089905eebc23e37569jpg1636468323618a866391620.jpg\" \/>\n\t<meta property=\"og:image:width\" content=\"600\" \/>\n\t<meta property=\"og:image:height\" content=\"332\" \/>\n\t<meta property=\"og:image:type\" content=\"image\/jpeg\" \/>\n<meta name=\"author\" content=\"ritanery\" \/>\n<meta name=\"twitter:card\" content=\"summary_large_image\" \/>\n<meta name=\"twitter:label1\" content=\"Escrito por\" \/>\n\t<meta name=\"twitter:data1\" content=\"ritanery\" \/>\n\t<meta name=\"twitter:label2\" content=\"Est. tempo de leitura\" \/>\n\t<meta name=\"twitter:data2\" content=\"2 minutos\" \/>\n<script type=\"application\/ld+json\" class=\"yoast-schema-graph\">{\"@context\":\"https:\/\/schema.org\",\"@graph\":[{\"@type\":\"Article\",\"@id\":\"https:\/\/radiolifefm.com.br\/noticias\/prefeitura-abre-licitacao-para-construcao-de-369-casas-pelo-programa-estadual-nossa-casa\/#article\",\"isPartOf\":{\"@id\":\"https:\/\/radiolifefm.com.br\/noticias\/prefeitura-abre-licitacao-para-construcao-de-369-casas-pelo-programa-estadual-nossa-casa\/\"},\"author\":{\"name\":\"ritanery\",\"@id\":\"https:\/\/radiolifefm.com.br\/noticias\/#\/schema\/person\/6339b9fac59d12b071dec680d7375d87\"},\"headline\":\"Prefeitura abre licita\u00e7\u00e3o para constru\u00e7\u00e3o de 369 casas pelo programa estadual Nossa Casa\",\"datePublished\":\"2021-11-10T02:53:41+00:00\",\"dateModified\":\"2026-02-07T04:19:19+00:00\",\"mainEntityOfPage\":{\"@id\":\"https:\/\/radiolifefm.com.br\/noticias\/prefeitura-abre-licitacao-para-construcao-de-369-casas-pelo-programa-estadual-nossa-casa\/\"},\"wordCount\":349,\"publisher\":{\"@id\":\"https:\/\/radiolifefm.com.br\/noticias\/#organization\"},\"image\":{\"@id\":\"https:\/\/radiolifefm.com.br\/noticias\/prefeitura-abre-licitacao-para-construcao-de-369-casas-pelo-programa-estadual-nossa-casa\/#primaryimage\"},\"thumbnailUrl\":\"https:\/\/radiolifefm.com.br\/noticias\/wp-content\/uploads\/2021\/11\/adajpg15925089905eebc23e37569jpg1636468323618a866391620.jpg\",\"articleSection\":[\"Adamantina\"],\"inLanguage\":\"pt-BR\"},{\"@type\":\"WebPage\",\"@id\":\"https:\/\/radiolifefm.com.br\/noticias\/prefeitura-abre-licitacao-para-construcao-de-369-casas-pelo-programa-estadual-nossa-casa\/\",\"url\":\"https:\/\/radiolifefm.com.br\/noticias\/prefeitura-abre-licitacao-para-construcao-de-369-casas-pelo-programa-estadual-nossa-casa\/\",\"name\":\"Prefeitura abre licita\u00e7\u00e3o para constru\u00e7\u00e3o de 369 casas pelo programa estadual Nossa Casa - R\u00e1dio Life FM\",\"isPartOf\":{\"@id\":\"https:\/\/radiolifefm.com.br\/noticias\/#website\"},\"primaryImageOfPage\":{\"@id\":\"https:\/\/radiolifefm.com.br\/noticias\/prefeitura-abre-licitacao-para-construcao-de-369-casas-pelo-programa-estadual-nossa-casa\/#primaryimage\"},\"image\":{\"@id\":\"https:\/\/radiolifefm.com.br\/noticias\/prefeitura-abre-licitacao-para-construcao-de-369-casas-pelo-programa-estadual-nossa-casa\/#primaryimage\"},\"thumbnailUrl\":\"https:\/\/radiolifefm.com.br\/noticias\/wp-content\/uploads\/2021\/11\/adajpg15925089905eebc23e37569jpg1636468323618a866391620.jpg\",\"datePublished\":\"2021-11-10T02:53:41+00:00\",\"dateModified\":\"2026-02-07T04:19:19+00:00\",\"breadcrumb\":{\"@id\":\"https:\/\/radiolifefm.com.br\/noticias\/prefeitura-abre-licitacao-para-construcao-de-369-casas-pelo-programa-estadual-nossa-casa\/#breadcrumb\"},\"inLanguage\":\"pt-BR\",\"potentialAction\":[{\"@type\":\"ReadAction\",\"target\":[\"https:\/\/radiolifefm.com.br\/noticias\/prefeitura-abre-licitacao-para-construcao-de-369-casas-pelo-programa-estadual-nossa-casa\/\"]}]},{\"@type\":\"ImageObject\",\"inLanguage\":\"pt-BR\",\"@id\":\"https:\/\/radiolifefm.com.br\/noticias\/prefeitura-abre-licitacao-para-construcao-de-369-casas-pelo-programa-estadual-nossa-casa\/#primaryimage\",\"url\":\"https:\/\/radiolifefm.com.br\/noticias\/wp-content\/uploads\/2021\/11\/adajpg15925089905eebc23e37569jpg1636468323618a866391620.jpg\",\"contentUrl\":\"https:\/\/radiolifefm.com.br\/noticias\/wp-content\/uploads\/2021\/11\/adajpg15925089905eebc23e37569jpg1636468323618a866391620.jpg\",\"width\":600,\"height\":332,\"caption\":\"Ser\u00e3o constru\u00eddas 369 casas. Do total, 130 moradias ser\u00e3o de interesse social.\"},{\"@type\":\"BreadcrumbList\",\"@id\":\"https:\/\/radiolifefm.com.br\/noticias\/prefeitura-abre-licitacao-para-construcao-de-369-casas-pelo-programa-estadual-nossa-casa\/#breadcrumb\",\"itemListElement\":[{\"@type\":\"ListItem\",\"position\":1,\"name\":\"In\u00edcio\",\"item\":\"https:\/\/radiolifefm.com.br\/noticias\/\"},{\"@type\":\"ListItem\",\"position\":2,\"name\":\"Prefeitura abre licita\u00e7\u00e3o para constru\u00e7\u00e3o de 369 casas pelo programa estadual Nossa Casa\"}]},{\"@type\":\"WebSite\",\"@id\":\"https:\/\/radiolifefm.com.br\/noticias\/#website\",\"url\":\"https:\/\/radiolifefm.com.br\/noticias\/\",\"name\":\"R\u00e1dio Life FM\",\"description\":\"O Portal de Not\u00edcias de Adamantina\",\"publisher\":{\"@id\":\"https:\/\/radiolifefm.com.br\/noticias\/#organization\"},\"alternateName\":\"Life FM\",\"potentialAction\":[{\"@type\":\"SearchAction\",\"target\":{\"@type\":\"EntryPoint\",\"urlTemplate\":\"https:\/\/radiolifefm.com.br\/noticias\/?s={search_term_string}\"},\"query-input\":{\"@type\":\"PropertyValueSpecification\",\"valueRequired\":true,\"valueName\":\"search_term_string\"}}],\"inLanguage\":\"pt-BR\"},{\"@type\":\"Organization\",\"@id\":\"https:\/\/radiolifefm.com.br\/noticias\/#organization\",\"name\":\"R\u00e1dio Life FM\",\"alternateName\":\"Life FM\",\"url\":\"https:\/\/radiolifefm.com.br\/noticias\/\",\"logo\":{\"@type\":\"ImageObject\",\"inLanguage\":\"pt-BR\",\"@id\":\"https:\/\/radiolifefm.com.br\/noticias\/#\/schema\/logo\/image\/\",\"url\":\"https:\/\/static.radiolifefm.com.br\/noticias\/wp-content\/uploads\/2019\/10\/logo-lifefm.png\",\"contentUrl\":\"https:\/\/static.radiolifefm.com.br\/noticias\/wp-content\/uploads\/2019\/10\/logo-lifefm.png\",\"width\":196,\"height\":47,\"caption\":\"R\u00e1dio Life FM\"},\"image\":{\"@id\":\"https:\/\/radiolifefm.com.br\/noticias\/#\/schema\/logo\/image\/\"},\"sameAs\":[\"https:\/\/www.facebook.com\/radiolifefm\/\",\"https:\/\/www.instagram.com\/life1079fm\/\"]},{\"@type\":\"Person\",\"@id\":\"https:\/\/radiolifefm.com.br\/noticias\/#\/schema\/person\/6339b9fac59d12b071dec680d7375d87\",\"name\":\"ritanery\",\"image\":{\"@type\":\"ImageObject\",\"inLanguage\":\"pt-BR\",\"@id\":\"https:\/\/secure.gravatar.com\/avatar\/0e37bb19071f47c0b8a23f62a903df117c5a0e75f65a0c2901562f97cd41cf86?s=96&d=mm&r=g\",\"url\":\"https:\/\/secure.gravatar.com\/avatar\/0e37bb19071f47c0b8a23f62a903df117c5a0e75f65a0c2901562f97cd41cf86?s=96&d=mm&r=g\",\"contentUrl\":\"https:\/\/secure.gravatar.com\/avatar\/0e37bb19071f47c0b8a23f62a903df117c5a0e75f65a0c2901562f97cd41cf86?s=96&d=mm&r=g\",\"caption\":\"ritanery\"}}]}<\/script>\n<!-- \/ Yoast SEO plugin. -->","yoast_head_json":{"title":"Prefeitura abre licita\u00e7\u00e3o para constru\u00e7\u00e3o de 369 casas pelo programa estadual Nossa Casa - R\u00e1dio Life FM","robots":{"index":"index","follow":"follow","max-snippet":"max-snippet:-1","max-image-preview":"max-image-preview:large","max-video-preview":"max-video-preview:-1"},"canonical":"https:\/\/radiolifefm.com.br\/noticias\/prefeitura-abre-licitacao-para-construcao-de-369-casas-pelo-programa-estadual-nossa-casa\/","og_locale":"pt_BR","og_type":"article","og_title":"Prefeitura abre licita\u00e7\u00e3o para constru\u00e7\u00e3o de 369 casas pelo programa estadual Nossa Casa - R\u00e1dio Life FM","og_description":"A Prefeitura de Adamantina abriu a\u00a0Concorr\u00eancia P\u00fablica N\u00b0 02\/2021, para a sele\u00e7\u00e3o de loteador\/construtor para implantar empreendimento imobili\u00e1rio horizontal situado \u00e0 Rodovia Vicinal Jos\u00e9 Maria da Silva (Vicinal Adamantina\/Mari\u00e1polis). Est\u00e3o previstas, para a \u00e1rea, 369 casas dentro do Programa Casa Paulista, que envolve parceria entre o poder p\u00fablico e a inciativa privada. &nbsp; Nesse formato, [&hellip;]","og_url":"https:\/\/radiolifefm.com.br\/noticias\/prefeitura-abre-licitacao-para-construcao-de-369-casas-pelo-programa-estadual-nossa-casa\/","og_site_name":"R\u00e1dio Life FM","article_publisher":"https:\/\/www.facebook.com\/radiolifefm\/","article_published_time":"2021-11-10T02:53:41+00:00","article_modified_time":"2026-02-07T04:19:19+00:00","og_image":[{"width":600,"height":332,"url":"https:\/\/radiolifefm.com.br\/noticias\/wp-content\/uploads\/2021\/11\/adajpg15925089905eebc23e37569jpg1636468323618a866391620.jpg","type":"image\/jpeg"}],"author":"ritanery","twitter_card":"summary_large_image","twitter_misc":{"Escrito por":"ritanery","Est. tempo de leitura":"2 minutos"},"schema":{"@context":"https:\/\/schema.org","@graph":[{"@type":"Article","@id":"https:\/\/radiolifefm.com.br\/noticias\/prefeitura-abre-licitacao-para-construcao-de-369-casas-pelo-programa-estadual-nossa-casa\/#article","isPartOf":{"@id":"https:\/\/radiolifefm.com.br\/noticias\/prefeitura-abre-licitacao-para-construcao-de-369-casas-pelo-programa-estadual-nossa-casa\/"},"author":{"name":"ritanery","@id":"https:\/\/radiolifefm.com.br\/noticias\/#\/schema\/person\/6339b9fac59d12b071dec680d7375d87"},"headline":"Prefeitura abre licita\u00e7\u00e3o para constru\u00e7\u00e3o de 369 casas pelo programa estadual Nossa Casa","datePublished":"2021-11-10T02:53:41+00:00","dateModified":"2026-02-07T04:19:19+00:00","mainEntityOfPage":{"@id":"https:\/\/radiolifefm.com.br\/noticias\/prefeitura-abre-licitacao-para-construcao-de-369-casas-pelo-programa-estadual-nossa-casa\/"},"wordCount":349,"publisher":{"@id":"https:\/\/radiolifefm.com.br\/noticias\/#organization"},"image":{"@id":"https:\/\/radiolifefm.com.br\/noticias\/prefeitura-abre-licitacao-para-construcao-de-369-casas-pelo-programa-estadual-nossa-casa\/#primaryimage"},"thumbnailUrl":"https:\/\/radiolifefm.com.br\/noticias\/wp-content\/uploads\/2021\/11\/adajpg15925089905eebc23e37569jpg1636468323618a866391620.jpg","articleSection":["Adamantina"],"inLanguage":"pt-BR"},{"@type":"WebPage","@id":"https:\/\/radiolifefm.com.br\/noticias\/prefeitura-abre-licitacao-para-construcao-de-369-casas-pelo-programa-estadual-nossa-casa\/","url":"https:\/\/radiolifefm.com.br\/noticias\/prefeitura-abre-licitacao-para-construcao-de-369-casas-pelo-programa-estadual-nossa-casa\/","name":"Prefeitura abre licita\u00e7\u00e3o para constru\u00e7\u00e3o de 369 casas pelo programa estadual Nossa Casa - R\u00e1dio Life FM","isPartOf":{"@id":"https:\/\/radiolifefm.com.br\/noticias\/#website"},"primaryImageOfPage":{"@id":"https:\/\/radiolifefm.com.br\/noticias\/prefeitura-abre-licitacao-para-construcao-de-369-casas-pelo-programa-estadual-nossa-casa\/#primaryimage"},"image":{"@id":"https:\/\/radiolifefm.com.br\/noticias\/prefeitura-abre-licitacao-para-construcao-de-369-casas-pelo-programa-estadual-nossa-casa\/#primaryimage"},"thumbnailUrl":"https:\/\/radiolifefm.com.br\/noticias\/wp-content\/uploads\/2021\/11\/adajpg15925089905eebc23e37569jpg1636468323618a866391620.jpg","datePublished":"2021-11-10T02:53:41+00:00","dateModified":"2026-02-07T04:19:19+00:00","breadcrumb":{"@id":"https:\/\/radiolifefm.com.br\/noticias\/prefeitura-abre-licitacao-para-construcao-de-369-casas-pelo-programa-estadual-nossa-casa\/#breadcrumb"},"inLanguage":"pt-BR","potentialAction":[{"@type":"ReadAction","target":["https:\/\/radiolifefm.com.br\/noticias\/prefeitura-abre-licitacao-para-construcao-de-369-casas-pelo-programa-estadual-nossa-casa\/"]}]},{"@type":"ImageObject","inLanguage":"pt-BR","@id":"https:\/\/radiolifefm.com.br\/noticias\/prefeitura-abre-licitacao-para-construcao-de-369-casas-pelo-programa-estadual-nossa-casa\/#primaryimage","url":"https:\/\/radiolifefm.com.br\/noticias\/wp-content\/uploads\/2021\/11\/adajpg15925089905eebc23e37569jpg1636468323618a866391620.jpg","contentUrl":"https:\/\/radiolifefm.com.br\/noticias\/wp-content\/uploads\/2021\/11\/adajpg15925089905eebc23e37569jpg1636468323618a866391620.jpg","width":600,"height":332,"caption":"Ser\u00e3o constru\u00eddas 369 casas. Do total, 130 moradias ser\u00e3o de interesse social."},{"@type":"BreadcrumbList","@id":"https:\/\/radiolifefm.com.br\/noticias\/prefeitura-abre-licitacao-para-construcao-de-369-casas-pelo-programa-estadual-nossa-casa\/#breadcrumb","itemListElement":[{"@type":"ListItem","position":1,"name":"In\u00edcio","item":"https:\/\/radiolifefm.com.br\/noticias\/"},{"@type":"ListItem","position":2,"name":"Prefeitura abre licita\u00e7\u00e3o para constru\u00e7\u00e3o de 369 casas pelo programa estadual Nossa Casa"}]},{"@type":"WebSite","@id":"https:\/\/radiolifefm.com.br\/noticias\/#website","url":"https:\/\/radiolifefm.com.br\/noticias\/","name":"R\u00e1dio Life FM","description":"O Portal de Not\u00edcias de Adamantina","publisher":{"@id":"https:\/\/radiolifefm.com.br\/noticias\/#organization"},"alternateName":"Life FM","potentialAction":[{"@type":"SearchAction","target":{"@type":"EntryPoint","urlTemplate":"https:\/\/radiolifefm.com.br\/noticias\/?s={search_term_string}"},"query-input":{"@type":"PropertyValueSpecification","valueRequired":true,"valueName":"search_term_string"}}],"inLanguage":"pt-BR"},{"@type":"Organization","@id":"https:\/\/radiolifefm.com.br\/noticias\/#organization","name":"R\u00e1dio Life FM","alternateName":"Life FM","url":"https:\/\/radiolifefm.com.br\/noticias\/","logo":{"@type":"ImageObject","inLanguage":"pt-BR","@id":"https:\/\/radiolifefm.com.br\/noticias\/#\/schema\/logo\/image\/","url":"https:\/\/static.radiolifefm.com.br\/noticias\/wp-content\/uploads\/2019\/10\/logo-lifefm.png","contentUrl":"https:\/\/static.radiolifefm.com.br\/noticias\/wp-content\/uploads\/2019\/10\/logo-lifefm.png","width":196,"height":47,"caption":"R\u00e1dio Life FM"},"image":{"@id":"https:\/\/radiolifefm.com.br\/noticias\/#\/schema\/logo\/image\/"},"sameAs":["https:\/\/www.facebook.com\/radiolifefm\/","https:\/\/www.instagram.com\/life1079fm\/"]},{"@type":"Person","@id":"https:\/\/radiolifefm.com.br\/noticias\/#\/schema\/person\/6339b9fac59d12b071dec680d7375d87","name":"ritanery","image":{"@type":"ImageObject","inLanguage":"pt-BR","@id":"https:\/\/secure.gravatar.com\/avatar\/0e37bb19071f47c0b8a23f62a903df117c5a0e75f65a0c2901562f97cd41cf86?s=96&d=mm&r=g","url":"https:\/\/secure.gravatar.com\/avatar\/0e37bb19071f47c0b8a23f62a903df117c5a0e75f65a0c2901562f97cd41cf86?s=96&d=mm&r=g","contentUrl":"https:\/\/secure.gravatar.com\/avatar\/0e37bb19071f47c0b8a23f62a903df117c5a0e75f65a0c2901562f97cd41cf86?s=96&d=mm&r=g","caption":"ritanery"}}]}},"amp_enabled":true,"_links":{"self":[{"href":"https:\/\/radiolifefm.com.br\/noticias\/wp-json\/wp\/v2\/posts\/45471","targetHints":{"allow":["GET"]}}],"collection":[{"href":"https:\/\/radiolifefm.com.br\/noticias\/wp-json\/wp\/v2\/posts"}],"about":[{"href":"https:\/\/radiolifefm.com.br\/noticias\/wp-json\/wp\/v2\/types\/post"}],"author":[{"embeddable":true,"href":"https:\/\/radiolifefm.com.br\/noticias\/wp-json\/wp\/v2\/users\/13"}],"replies":[{"embeddable":true,"href":"https:\/\/radiolifefm.com.br\/noticias\/wp-json\/wp\/v2\/comments?post=45471"}],"version-history":[{"count":2,"href":"https:\/\/radiolifefm.com.br\/noticias\/wp-json\/wp\/v2\/posts\/45471\/revisions"}],"predecessor-version":[{"id":45474,"href":"https:\/\/radiolifefm.com.br\/noticias\/wp-json\/wp\/v2\/posts\/45471\/revisions\/45474"}],"wp:featuredmedia":[{"embeddable":true,"href":"https:\/\/radiolifefm.com.br\/noticias\/wp-json\/wp\/v2\/media\/45472"}],"wp:attachment":[{"href":"https:\/\/radiolifefm.com.br\/noticias\/wp-json\/wp\/v2\/media?parent=45471"}],"wp:term":[{"taxonomy":"category","embeddable":true,"href":"https:\/\/radiolifefm.com.br\/noticias\/wp-json\/wp\/v2\/categories?post=45471"},{"taxonomy":"post_tag","embeddable":true,"href":"https:\/\/radiolifefm.com.br\/noticias\/wp-json\/wp\/v2\/tags?post=45471"}],"curies":[{"name":"wp","href":"https:\/\/api.w.org\/{rel}","templated":true}]}}