{"id":45457,"date":"2021-11-09T20:05:11","date_gmt":"2021-11-09T23:05:11","guid":{"rendered":"https:\/\/radiolifefm.com.br\/noticias\/?p=45457"},"modified":"2026-04-04T23:40:33","modified_gmt":"2026-04-05T02:40:33","slug":"camaleao-feira-de-artes-diversidade-e-gastronomiaadamantina","status":"publish","type":"post","link":"https:\/\/radiolifefm.com.br\/noticias\/camaleao-feira-de-artes-diversidade-e-gastronomiaadamantina\/","title":{"rendered":"Camale\u00e3o  Feira de Artes, Diversidade e Gastronomia"},"content":{"rendered":"<div id=\"fb-root\"><\/div>\n<p><strong>\u00a0<\/strong><\/p>\n<p>Ap\u00f3s o \u00faltimo recesso de outubro por conta do Covid -19, a Camale\u00e3o tem nova data, ser\u00e1 no dia 14 de Novembro, no Parque Caldeira em Adamantina.<\/p>\n<p>&nbsp;<\/p>\n<p>Em atividades desde 2018, A Camale\u00e3o nasceu de um prop\u00f3sito: Reunir em um \u00fanico lugar os talentos da nossa cidade.<\/p>\n<p>&nbsp;<\/p>\n<p>&nbsp;<\/p>\n<p>Nesta edi\u00e7\u00e3o, a Sociedade S\u00e3o Vicente de Paulo volta a participar da feira, com a barraca com venda de bebidas em prol do Lar dos Velhos de Adamantina.<\/p>\n<p>&nbsp;<\/p>\n<div class='flex flex-wrap items-center -mx-1'>\r\n<a class='thumbnail gallery p-1 w-1\/2 md:w-1\/4' href='https:\/\/radiolifefm.com.br\/noticias\/wp-content\/uploads\/2021\/11\/WhatsApp-Image-2021-11-09-at-19.02.41-1.jpeg'><img class='border border-white' src='https:\/\/radiolifefm.com.br\/noticias\/wp-content\/uploads\/2021\/11\/WhatsApp-Image-2021-11-09-at-19.02.41-1-200x200.jpeg' alt='WhatsApp Image 2021 11 09 At 19.02.41 (1)' \/><\/a><\/div>\n<p>Camalesons \u2013 \u00e9 o nome do \u201cpalco\u201d por onde circulam as atra\u00e7\u00f5es musicais durante a feira, s\u00e3o elas:<\/p>\n<p>&nbsp;<\/p>\n<ul>\n<li>Lebre da 18 Rap<\/li>\n<li>Ana Boldrini, Tributo a Amy Whinehouse<\/li>\n<li>Rat Fever , rock\u00b4in\u00b4roll<\/li>\n<li>banda Ultra Velhus, cl\u00e1ssicos do rock<\/li>\n<\/ul>\n<p>&nbsp;<\/p>\n<p>&nbsp;<\/p>\n<p>A novidade desta edi\u00e7\u00e3o \u00e9 a parceria com a Reitoria de Extens\u00e3o da Unifai.<\/p>\n<p>&nbsp;<\/p>\n<p>Durante a Camale\u00e3o de novembro, os alunos do curso de Farm\u00e1cia far\u00e3o as seguintes atividades: medi\u00e7\u00e3o de circunfer\u00eancia abdominal, c\u00e1lculo de IMC (\u00cdndice de Massa Corporal) e aferi\u00e7\u00e3o de press\u00e3o arterial.<\/p>\n<p>&nbsp;<\/p>\n<p>&nbsp;<\/p>\n<p>Todos os protocolos de seguran\u00e7a est\u00e3o sendo refor\u00e7ados pela organiza\u00e7\u00e3o e expositores. Para a presen\u00e7a do p\u00fablico, \u00e9 exigido o uso de m\u00e1scara inclusive para o p\u00fablico infantil.<\/p>\n<p>&nbsp;<\/p>\n<p>A organiza\u00e7\u00e3o pede gentilmente que pessoas que apresentem os menores sintomas de gripe e resfriado, n\u00e3o compare\u00e7am.<\/p>\n<p>&nbsp;<\/p>\n<p>&nbsp;<\/p>\n<p><strong>Servi\u00e7os de Entretenimento<\/strong><\/p>\n<p><strong>\u00a0<\/strong><\/p>\n<p><strong>M\u00fasica, Exposi\u00e7\u00f5es, Artesanatos e Gastronomia<\/strong><\/p>\n<p><strong>\u00a0<\/strong><\/p>\n<ul>\n<li>Camale\u00e3o \u2013 Feira de Artes, Diversidade e<\/li>\n<li>Data: 14 de Novembro de 2021<\/li>\n<li>Hor\u00e1rio: 14 horas<\/li>\n<li>Local: Parque Caldeira (Avenida Deputado Cunha Bueno \u2013 sem n\u00famero, Adamantina) Refer\u00eancia: Supermercardo<\/li>\n<\/ul>\n","protected":false},"excerpt":{"rendered":"<p>\u00a0 Ap\u00f3s o \u00faltimo recesso de outubro por conta do Covid -19, a Camale\u00e3o tem nova data, ser\u00e1 no dia 14 de Novembro, no Parque Caldeira em Adamantina. &nbsp; Em atividades desde 2018, A Camale\u00e3o nasceu de um prop\u00f3sito: Reunir em um \u00fanico lugar os talentos da nossa cidade. &nbsp; &nbsp; Nesta edi\u00e7\u00e3o, a Sociedade [&hellip;]<\/p>\n","protected":false},"author":13,"featured_media":45458,"comment_status":"closed","ping_status":"open","sticky":false,"template":"","format":"standard","meta":{"_acf_changed":false,"_exactmetrics_skip_tracking":false,"_exactmetrics_sitenote_active":false,"_exactmetrics_sitenote_note":"","_exactmetrics_sitenote_category":0,"footnotes":""},"categories":[21],"tags":[],"class_list":["post-45457","post","type-post","status-publish","format-standard","has-post-thumbnail","hentry","category-adamantina"],"acf":[],"yoast_head":"<!-- This site is optimized with the Yoast SEO plugin v27.2 - https:\/\/yoast.com\/product\/yoast-seo-wordpress\/ -->\n<title>Camale\u00e3o Feira de Artes, Diversidade e Gastronomia - R\u00e1dio Life FM<\/title>\n<meta name=\"robots\" content=\"index, follow, max-snippet:-1, max-image-preview:large, max-video-preview:-1\" \/>\n<link rel=\"canonical\" href=\"https:\/\/radiolifefm.com.br\/noticias\/camaleao-feira-de-artes-diversidade-e-gastronomiaadamantina\/\" \/>\n<meta property=\"og:locale\" content=\"pt_BR\" \/>\n<meta property=\"og:type\" content=\"article\" \/>\n<meta property=\"og:title\" content=\"Camale\u00e3o Feira de Artes, Diversidade e Gastronomia - R\u00e1dio Life FM\" \/>\n<meta property=\"og:description\" content=\"\u00a0 Ap\u00f3s o \u00faltimo recesso de outubro por conta do Covid -19, a Camale\u00e3o tem nova data, ser\u00e1 no dia 14 de Novembro, no Parque Caldeira em Adamantina. &nbsp; Em atividades desde 2018, A Camale\u00e3o nasceu de um prop\u00f3sito: Reunir em um \u00fanico lugar os talentos da nossa cidade. &nbsp; &nbsp; Nesta edi\u00e7\u00e3o, a Sociedade [&hellip;]\" \/>\n<meta property=\"og:url\" content=\"https:\/\/radiolifefm.com.br\/noticias\/camaleao-feira-de-artes-diversidade-e-gastronomiaadamantina\/\" \/>\n<meta property=\"og:site_name\" content=\"R\u00e1dio Life FM\" \/>\n<meta property=\"article:publisher\" content=\"https:\/\/www.facebook.com\/radiolifefm\/\" \/>\n<meta property=\"article:published_time\" content=\"2021-11-09T23:05:11+00:00\" \/>\n<meta property=\"article:modified_time\" content=\"2026-04-05T02:40:33+00:00\" \/>\n<meta property=\"og:image\" content=\"https:\/\/radiolifefm.com.br\/noticias\/wp-content\/uploads\/2021\/11\/WhatsApp-Image-2021-11-09-at-19.02.41.jpeg\" \/>\n\t<meta property=\"og:image:width\" content=\"1024\" \/>\n\t<meta property=\"og:image:height\" content=\"1280\" \/>\n\t<meta property=\"og:image:type\" content=\"image\/jpeg\" \/>\n<meta name=\"author\" content=\"ritanery\" \/>\n<meta name=\"twitter:card\" content=\"summary_large_image\" \/>\n<meta name=\"twitter:label1\" content=\"Escrito por\" \/>\n\t<meta name=\"twitter:data1\" content=\"ritanery\" \/>\n\t<meta name=\"twitter:label2\" content=\"Est. tempo de leitura\" \/>\n\t<meta name=\"twitter:data2\" content=\"2 minutos\" \/>\n<script type=\"application\/ld+json\" class=\"yoast-schema-graph\">{\"@context\":\"https:\/\/schema.org\",\"@graph\":[{\"@type\":\"Article\",\"@id\":\"https:\/\/radiolifefm.com.br\/noticias\/camaleao-feira-de-artes-diversidade-e-gastronomiaadamantina\/#article\",\"isPartOf\":{\"@id\":\"https:\/\/radiolifefm.com.br\/noticias\/camaleao-feira-de-artes-diversidade-e-gastronomiaadamantina\/\"},\"author\":{\"name\":\"ritanery\",\"@id\":\"https:\/\/radiolifefm.com.br\/noticias\/#\/schema\/person\/6339b9fac59d12b071dec680d7375d87\"},\"headline\":\"Camale\u00e3o Feira de Artes, Diversidade e Gastronomia\",\"datePublished\":\"2021-11-09T23:05:11+00:00\",\"dateModified\":\"2026-04-05T02:40:33+00:00\",\"mainEntityOfPage\":{\"@id\":\"https:\/\/radiolifefm.com.br\/noticias\/camaleao-feira-de-artes-diversidade-e-gastronomiaadamantina\/\"},\"wordCount\":292,\"publisher\":{\"@id\":\"https:\/\/radiolifefm.com.br\/noticias\/#organization\"},\"image\":{\"@id\":\"https:\/\/radiolifefm.com.br\/noticias\/camaleao-feira-de-artes-diversidade-e-gastronomiaadamantina\/#primaryimage\"},\"thumbnailUrl\":\"https:\/\/radiolifefm.com.br\/noticias\/wp-content\/uploads\/2021\/11\/WhatsApp-Image-2021-11-09-at-19.02.41.jpeg\",\"articleSection\":[\"Adamantina\"],\"inLanguage\":\"pt-BR\"},{\"@type\":\"WebPage\",\"@id\":\"https:\/\/radiolifefm.com.br\/noticias\/camaleao-feira-de-artes-diversidade-e-gastronomiaadamantina\/\",\"url\":\"https:\/\/radiolifefm.com.br\/noticias\/camaleao-feira-de-artes-diversidade-e-gastronomiaadamantina\/\",\"name\":\"Camale\u00e3o Feira de Artes, Diversidade e Gastronomia - R\u00e1dio Life FM\",\"isPartOf\":{\"@id\":\"https:\/\/radiolifefm.com.br\/noticias\/#website\"},\"primaryImageOfPage\":{\"@id\":\"https:\/\/radiolifefm.com.br\/noticias\/camaleao-feira-de-artes-diversidade-e-gastronomiaadamantina\/#primaryimage\"},\"image\":{\"@id\":\"https:\/\/radiolifefm.com.br\/noticias\/camaleao-feira-de-artes-diversidade-e-gastronomiaadamantina\/#primaryimage\"},\"thumbnailUrl\":\"https:\/\/radiolifefm.com.br\/noticias\/wp-content\/uploads\/2021\/11\/WhatsApp-Image-2021-11-09-at-19.02.41.jpeg\",\"datePublished\":\"2021-11-09T23:05:11+00:00\",\"dateModified\":\"2026-04-05T02:40:33+00:00\",\"breadcrumb\":{\"@id\":\"https:\/\/radiolifefm.com.br\/noticias\/camaleao-feira-de-artes-diversidade-e-gastronomiaadamantina\/#breadcrumb\"},\"inLanguage\":\"pt-BR\",\"potentialAction\":[{\"@type\":\"ReadAction\",\"target\":[\"https:\/\/radiolifefm.com.br\/noticias\/camaleao-feira-de-artes-diversidade-e-gastronomiaadamantina\/\"]}]},{\"@type\":\"ImageObject\",\"inLanguage\":\"pt-BR\",\"@id\":\"https:\/\/radiolifefm.com.br\/noticias\/camaleao-feira-de-artes-diversidade-e-gastronomiaadamantina\/#primaryimage\",\"url\":\"https:\/\/radiolifefm.com.br\/noticias\/wp-content\/uploads\/2021\/11\/WhatsApp-Image-2021-11-09-at-19.02.41.jpeg\",\"contentUrl\":\"https:\/\/radiolifefm.com.br\/noticias\/wp-content\/uploads\/2021\/11\/WhatsApp-Image-2021-11-09-at-19.02.41.jpeg\",\"width\":1024,\"height\":1280},{\"@type\":\"BreadcrumbList\",\"@id\":\"https:\/\/radiolifefm.com.br\/noticias\/camaleao-feira-de-artes-diversidade-e-gastronomiaadamantina\/#breadcrumb\",\"itemListElement\":[{\"@type\":\"ListItem\",\"position\":1,\"name\":\"In\u00edcio\",\"item\":\"https:\/\/radiolifefm.com.br\/noticias\/\"},{\"@type\":\"ListItem\",\"position\":2,\"name\":\"Camale\u00e3o Feira de Artes, Diversidade e Gastronomia\"}]},{\"@type\":\"WebSite\",\"@id\":\"https:\/\/radiolifefm.com.br\/noticias\/#website\",\"url\":\"https:\/\/radiolifefm.com.br\/noticias\/\",\"name\":\"R\u00e1dio Life FM\",\"description\":\"O Portal de Not\u00edcias de Adamantina\",\"publisher\":{\"@id\":\"https:\/\/radiolifefm.com.br\/noticias\/#organization\"},\"alternateName\":\"Life FM\",\"potentialAction\":[{\"@type\":\"SearchAction\",\"target\":{\"@type\":\"EntryPoint\",\"urlTemplate\":\"https:\/\/radiolifefm.com.br\/noticias\/?s={search_term_string}\"},\"query-input\":{\"@type\":\"PropertyValueSpecification\",\"valueRequired\":true,\"valueName\":\"search_term_string\"}}],\"inLanguage\":\"pt-BR\"},{\"@type\":\"Organization\",\"@id\":\"https:\/\/radiolifefm.com.br\/noticias\/#organization\",\"name\":\"R\u00e1dio Life FM\",\"alternateName\":\"Life FM\",\"url\":\"https:\/\/radiolifefm.com.br\/noticias\/\",\"logo\":{\"@type\":\"ImageObject\",\"inLanguage\":\"pt-BR\",\"@id\":\"https:\/\/radiolifefm.com.br\/noticias\/#\/schema\/logo\/image\/\",\"url\":\"https:\/\/static.radiolifefm.com.br\/noticias\/wp-content\/uploads\/2019\/10\/logo-lifefm.png\",\"contentUrl\":\"https:\/\/static.radiolifefm.com.br\/noticias\/wp-content\/uploads\/2019\/10\/logo-lifefm.png\",\"width\":196,\"height\":47,\"caption\":\"R\u00e1dio Life FM\"},\"image\":{\"@id\":\"https:\/\/radiolifefm.com.br\/noticias\/#\/schema\/logo\/image\/\"},\"sameAs\":[\"https:\/\/www.facebook.com\/radiolifefm\/\",\"https:\/\/www.instagram.com\/life1079fm\/\"]},{\"@type\":\"Person\",\"@id\":\"https:\/\/radiolifefm.com.br\/noticias\/#\/schema\/person\/6339b9fac59d12b071dec680d7375d87\",\"name\":\"ritanery\",\"image\":{\"@type\":\"ImageObject\",\"inLanguage\":\"pt-BR\",\"@id\":\"https:\/\/secure.gravatar.com\/avatar\/0e37bb19071f47c0b8a23f62a903df117c5a0e75f65a0c2901562f97cd41cf86?s=96&d=mm&r=g\",\"url\":\"https:\/\/secure.gravatar.com\/avatar\/0e37bb19071f47c0b8a23f62a903df117c5a0e75f65a0c2901562f97cd41cf86?s=96&d=mm&r=g\",\"contentUrl\":\"https:\/\/secure.gravatar.com\/avatar\/0e37bb19071f47c0b8a23f62a903df117c5a0e75f65a0c2901562f97cd41cf86?s=96&d=mm&r=g\",\"caption\":\"ritanery\"}}]}<\/script>\n<!-- \/ Yoast SEO plugin. -->","yoast_head_json":{"title":"Camale\u00e3o Feira de Artes, Diversidade e Gastronomia - R\u00e1dio Life FM","robots":{"index":"index","follow":"follow","max-snippet":"max-snippet:-1","max-image-preview":"max-image-preview:large","max-video-preview":"max-video-preview:-1"},"canonical":"https:\/\/radiolifefm.com.br\/noticias\/camaleao-feira-de-artes-diversidade-e-gastronomiaadamantina\/","og_locale":"pt_BR","og_type":"article","og_title":"Camale\u00e3o Feira de Artes, Diversidade e Gastronomia - R\u00e1dio Life FM","og_description":"\u00a0 Ap\u00f3s o \u00faltimo recesso de outubro por conta do Covid -19, a Camale\u00e3o tem nova data, ser\u00e1 no dia 14 de Novembro, no Parque Caldeira em Adamantina. &nbsp; Em atividades desde 2018, A Camale\u00e3o nasceu de um prop\u00f3sito: Reunir em um \u00fanico lugar os talentos da nossa cidade. &nbsp; &nbsp; Nesta edi\u00e7\u00e3o, a Sociedade [&hellip;]","og_url":"https:\/\/radiolifefm.com.br\/noticias\/camaleao-feira-de-artes-diversidade-e-gastronomiaadamantina\/","og_site_name":"R\u00e1dio Life FM","article_publisher":"https:\/\/www.facebook.com\/radiolifefm\/","article_published_time":"2021-11-09T23:05:11+00:00","article_modified_time":"2026-04-05T02:40:33+00:00","og_image":[{"width":1024,"height":1280,"url":"https:\/\/radiolifefm.com.br\/noticias\/wp-content\/uploads\/2021\/11\/WhatsApp-Image-2021-11-09-at-19.02.41.jpeg","type":"image\/jpeg"}],"author":"ritanery","twitter_card":"summary_large_image","twitter_misc":{"Escrito por":"ritanery","Est. tempo de leitura":"2 minutos"},"schema":{"@context":"https:\/\/schema.org","@graph":[{"@type":"Article","@id":"https:\/\/radiolifefm.com.br\/noticias\/camaleao-feira-de-artes-diversidade-e-gastronomiaadamantina\/#article","isPartOf":{"@id":"https:\/\/radiolifefm.com.br\/noticias\/camaleao-feira-de-artes-diversidade-e-gastronomiaadamantina\/"},"author":{"name":"ritanery","@id":"https:\/\/radiolifefm.com.br\/noticias\/#\/schema\/person\/6339b9fac59d12b071dec680d7375d87"},"headline":"Camale\u00e3o Feira de Artes, Diversidade e Gastronomia","datePublished":"2021-11-09T23:05:11+00:00","dateModified":"2026-04-05T02:40:33+00:00","mainEntityOfPage":{"@id":"https:\/\/radiolifefm.com.br\/noticias\/camaleao-feira-de-artes-diversidade-e-gastronomiaadamantina\/"},"wordCount":292,"publisher":{"@id":"https:\/\/radiolifefm.com.br\/noticias\/#organization"},"image":{"@id":"https:\/\/radiolifefm.com.br\/noticias\/camaleao-feira-de-artes-diversidade-e-gastronomiaadamantina\/#primaryimage"},"thumbnailUrl":"https:\/\/radiolifefm.com.br\/noticias\/wp-content\/uploads\/2021\/11\/WhatsApp-Image-2021-11-09-at-19.02.41.jpeg","articleSection":["Adamantina"],"inLanguage":"pt-BR"},{"@type":"WebPage","@id":"https:\/\/radiolifefm.com.br\/noticias\/camaleao-feira-de-artes-diversidade-e-gastronomiaadamantina\/","url":"https:\/\/radiolifefm.com.br\/noticias\/camaleao-feira-de-artes-diversidade-e-gastronomiaadamantina\/","name":"Camale\u00e3o Feira de Artes, Diversidade e Gastronomia - R\u00e1dio Life FM","isPartOf":{"@id":"https:\/\/radiolifefm.com.br\/noticias\/#website"},"primaryImageOfPage":{"@id":"https:\/\/radiolifefm.com.br\/noticias\/camaleao-feira-de-artes-diversidade-e-gastronomiaadamantina\/#primaryimage"},"image":{"@id":"https:\/\/radiolifefm.com.br\/noticias\/camaleao-feira-de-artes-diversidade-e-gastronomiaadamantina\/#primaryimage"},"thumbnailUrl":"https:\/\/radiolifefm.com.br\/noticias\/wp-content\/uploads\/2021\/11\/WhatsApp-Image-2021-11-09-at-19.02.41.jpeg","datePublished":"2021-11-09T23:05:11+00:00","dateModified":"2026-04-05T02:40:33+00:00","breadcrumb":{"@id":"https:\/\/radiolifefm.com.br\/noticias\/camaleao-feira-de-artes-diversidade-e-gastronomiaadamantina\/#breadcrumb"},"inLanguage":"pt-BR","potentialAction":[{"@type":"ReadAction","target":["https:\/\/radiolifefm.com.br\/noticias\/camaleao-feira-de-artes-diversidade-e-gastronomiaadamantina\/"]}]},{"@type":"ImageObject","inLanguage":"pt-BR","@id":"https:\/\/radiolifefm.com.br\/noticias\/camaleao-feira-de-artes-diversidade-e-gastronomiaadamantina\/#primaryimage","url":"https:\/\/radiolifefm.com.br\/noticias\/wp-content\/uploads\/2021\/11\/WhatsApp-Image-2021-11-09-at-19.02.41.jpeg","contentUrl":"https:\/\/radiolifefm.com.br\/noticias\/wp-content\/uploads\/2021\/11\/WhatsApp-Image-2021-11-09-at-19.02.41.jpeg","width":1024,"height":1280},{"@type":"BreadcrumbList","@id":"https:\/\/radiolifefm.com.br\/noticias\/camaleao-feira-de-artes-diversidade-e-gastronomiaadamantina\/#breadcrumb","itemListElement":[{"@type":"ListItem","position":1,"name":"In\u00edcio","item":"https:\/\/radiolifefm.com.br\/noticias\/"},{"@type":"ListItem","position":2,"name":"Camale\u00e3o Feira de Artes, Diversidade e Gastronomia"}]},{"@type":"WebSite","@id":"https:\/\/radiolifefm.com.br\/noticias\/#website","url":"https:\/\/radiolifefm.com.br\/noticias\/","name":"R\u00e1dio Life FM","description":"O Portal de Not\u00edcias de Adamantina","publisher":{"@id":"https:\/\/radiolifefm.com.br\/noticias\/#organization"},"alternateName":"Life FM","potentialAction":[{"@type":"SearchAction","target":{"@type":"EntryPoint","urlTemplate":"https:\/\/radiolifefm.com.br\/noticias\/?s={search_term_string}"},"query-input":{"@type":"PropertyValueSpecification","valueRequired":true,"valueName":"search_term_string"}}],"inLanguage":"pt-BR"},{"@type":"Organization","@id":"https:\/\/radiolifefm.com.br\/noticias\/#organization","name":"R\u00e1dio Life FM","alternateName":"Life FM","url":"https:\/\/radiolifefm.com.br\/noticias\/","logo":{"@type":"ImageObject","inLanguage":"pt-BR","@id":"https:\/\/radiolifefm.com.br\/noticias\/#\/schema\/logo\/image\/","url":"https:\/\/static.radiolifefm.com.br\/noticias\/wp-content\/uploads\/2019\/10\/logo-lifefm.png","contentUrl":"https:\/\/static.radiolifefm.com.br\/noticias\/wp-content\/uploads\/2019\/10\/logo-lifefm.png","width":196,"height":47,"caption":"R\u00e1dio Life FM"},"image":{"@id":"https:\/\/radiolifefm.com.br\/noticias\/#\/schema\/logo\/image\/"},"sameAs":["https:\/\/www.facebook.com\/radiolifefm\/","https:\/\/www.instagram.com\/life1079fm\/"]},{"@type":"Person","@id":"https:\/\/radiolifefm.com.br\/noticias\/#\/schema\/person\/6339b9fac59d12b071dec680d7375d87","name":"ritanery","image":{"@type":"ImageObject","inLanguage":"pt-BR","@id":"https:\/\/secure.gravatar.com\/avatar\/0e37bb19071f47c0b8a23f62a903df117c5a0e75f65a0c2901562f97cd41cf86?s=96&d=mm&r=g","url":"https:\/\/secure.gravatar.com\/avatar\/0e37bb19071f47c0b8a23f62a903df117c5a0e75f65a0c2901562f97cd41cf86?s=96&d=mm&r=g","contentUrl":"https:\/\/secure.gravatar.com\/avatar\/0e37bb19071f47c0b8a23f62a903df117c5a0e75f65a0c2901562f97cd41cf86?s=96&d=mm&r=g","caption":"ritanery"}}]}},"amp_enabled":true,"_links":{"self":[{"href":"https:\/\/radiolifefm.com.br\/noticias\/wp-json\/wp\/v2\/posts\/45457","targetHints":{"allow":["GET"]}}],"collection":[{"href":"https:\/\/radiolifefm.com.br\/noticias\/wp-json\/wp\/v2\/posts"}],"about":[{"href":"https:\/\/radiolifefm.com.br\/noticias\/wp-json\/wp\/v2\/types\/post"}],"author":[{"embeddable":true,"href":"https:\/\/radiolifefm.com.br\/noticias\/wp-json\/wp\/v2\/users\/13"}],"replies":[{"embeddable":true,"href":"https:\/\/radiolifefm.com.br\/noticias\/wp-json\/wp\/v2\/comments?post=45457"}],"version-history":[{"count":1,"href":"https:\/\/radiolifefm.com.br\/noticias\/wp-json\/wp\/v2\/posts\/45457\/revisions"}],"predecessor-version":[{"id":45460,"href":"https:\/\/radiolifefm.com.br\/noticias\/wp-json\/wp\/v2\/posts\/45457\/revisions\/45460"}],"wp:featuredmedia":[{"embeddable":true,"href":"https:\/\/radiolifefm.com.br\/noticias\/wp-json\/wp\/v2\/media\/45458"}],"wp:attachment":[{"href":"https:\/\/radiolifefm.com.br\/noticias\/wp-json\/wp\/v2\/media?parent=45457"}],"wp:term":[{"taxonomy":"category","embeddable":true,"href":"https:\/\/radiolifefm.com.br\/noticias\/wp-json\/wp\/v2\/categories?post=45457"},{"taxonomy":"post_tag","embeddable":true,"href":"https:\/\/radiolifefm.com.br\/noticias\/wp-json\/wp\/v2\/tags?post=45457"}],"curies":[{"name":"wp","href":"https:\/\/api.w.org\/{rel}","templated":true}]}}