{"id":45416,"date":"2021-11-09T10:42:16","date_gmt":"2021-11-09T13:42:16","guid":{"rendered":"https:\/\/radiolifefm.com.br\/noticias\/?p=45416"},"modified":"2026-04-09T09:22:49","modified_gmt":"2026-04-09T12:22:49","slug":"pai-nosso-lar-faz-investimentos-estruturais-resgata-credibilidade-e-se-torna-referencia-regional","status":"publish","type":"post","link":"https:\/\/radiolifefm.com.br\/noticias\/pai-nosso-lar-faz-investimentos-estruturais-resgata-credibilidade-e-se-torna-referencia-regional\/","title":{"rendered":"PAI Nosso Lar faz investimentos estruturais, resgata credibilidade e se torna refer\u00eancia regional"},"content":{"rendered":"<div id=\"fb-root\"><\/div>\n<p>Fundada em Adamantina h\u00e1 52 anos, em setembro de 1969, a cl\u00ednica PAI Nosso Lar tem uma hist\u00f3ria de mais de cinco d\u00e9cadas na aten\u00e7\u00e3o \u00e0 sa\u00fade mental, para tratamentos psiqui\u00e1tricos e de depend\u00eancia qu\u00edmica. Atravessou per\u00edodos de altos e baixos e conseguiu manter o atendimento a um p\u00fablico vulner\u00e1vel, muitas vezes sem qualquer outra alternativa de acolhimento ambulatorial. Hoje \u00e9 refer\u00eancia para 62 cidades na \u00e1rea do Departamento Regional de Sa\u00fade (DRS) de Mar\u00edlia.<\/p>\n<p>&nbsp;<\/p>\n<p>Um dos momentos mais cr\u00edticos na hist\u00f3ria recente da Cl\u00ednica foi no final de 2016 e in\u00edcio de 2017, quando se viu prestes a fechar suas portas, o que poderia encerrar o atendimento a pacientes transit\u00f3rios e residentes do lugar (moradores da Cl\u00ednica), muitos dos quais abandonados pela fam\u00edlia, ou com fam\u00edlias sem estrutura para acolh\u00ea-los ou condi\u00e7\u00f5es para buscar outros servi\u00e7os.<\/p>\n<p>&nbsp;<\/p>\n<p>A institui\u00e7\u00e3o vivenciou um per\u00edodo tenso, mergulhada em\u00a0<a href=\"https:\/\/www.sigamais.com\/noticias\/saude\/com-divida-de-r-30-milhoes-clinica-de-repouso-pede-socorro\/%20\"><strong>d\u00edvidas que ultrapassavam R$ 30 milh\u00f5es<\/strong><\/a>\u00a0(pend\u00eancia que atualmente est\u00e1 quase resolvida) e sem perspectiva de prosseguir com os atendimentos, que s\u00e3o realizados com custeio via SUS (Sistema \u00danico de Sa\u00fade), repasses e ajudas da comunidade. Em rela\u00e7\u00e3o aos repasses, chegaram a ficar suspensos em raz\u00e3o de certid\u00f5es negativas, que impediam a transfer\u00eancia de recursos p\u00fablicos \u00e0 unidade de sa\u00fade.<\/p>\n<div class='flex flex-wrap items-center -mx-1'>\r\n<a class='thumbnail gallery p-1 w-1\/2 md:w-1\/4' href='https:\/\/radiolifefm.com.br\/noticias\/wp-content\/uploads\/2021\/11\/ajpg16362937326187dc64837b4.jpg'><img class='border border-white' src='https:\/\/radiolifefm.com.br\/noticias\/wp-content\/uploads\/2021\/11\/ajpg16362937326187dc64837b4-200x200.jpg' alt='Ajpg16362937326187dc64837b4' \/><\/a><\/div>\n<p>Nesse cen\u00e1rio, a ju\u00edza de direito da 3\u00aa vara da Comarca de Adamantina, Ruth Duarte Menegatti, juntamente com o promotor de justi\u00e7a Rodrigo Caldeira, lideraram ampla mobiliza\u00e7\u00e3o para a manuten\u00e7\u00e3o da Cl\u00ednica. Eles se viram sensibilizados com o risco de interrup\u00e7\u00e3o dos atendimentos aos pacientes \u2013 sobretudo \u00e0queles residentes, situa\u00e7\u00e3o que se tornou ainda mais preocupante diante do fechamento de servi\u00e7os semelhantes na regi\u00e3o, como ocorreu em Tup\u00e3, Prudente, Mar\u00edlia e demais regi\u00f5es \u2013 mobilizaram a sociedade, empres\u00e1rios, igrejas, institui\u00e7\u00f5es e a classe pol\u00edtica.<\/p>\n<p>&nbsp;<\/p>\n<p>Ao longo de 2017 e meados de 2018 a ju\u00edza e o promotor lideraram e engajaram os pr\u00f3prios colaboradores e volunt\u00e1rios, buscaram doa\u00e7\u00f5es, trouxeram transpar\u00eancia aos dados administrativos e financeiros, introduziram profissionais com experi\u00eancia em gest\u00e3o hospitalar, al\u00e9m de outras iniciativas que permitiram a manuten\u00e7\u00e3o dos servi\u00e7os e atendimentos, e mais adiante a transi\u00e7\u00e3o da administra\u00e7\u00e3o da Cl\u00ednica \u00e0 comunidade cat\u00f3lica.<\/p>\n<p>&nbsp;<\/p>\n<p><strong>Comunidade cat\u00f3lica assume<\/strong><\/p>\n<p>Em agosto 2018 a comunidade cat\u00f3lica assume a diretoria da Cl\u00ednica, em uma articula\u00e7\u00e3o fomentada pelo Judici\u00e1rio de Adamantina,\u00a0\u00a0com o protagonismo do padre Rui Rodrigues da Silva, ent\u00e3o p\u00e1roco da Igreja Matriz de Santo Ant\u00f4nio, e do bispo da Diocese de Mar\u00edlia, dom Luiz Ant\u00f4nio Cipolini.<\/p>\n<div class='flex flex-wrap items-center -mx-1'>\r\n<a class='thumbnail gallery p-1 w-1\/2 md:w-1\/4' href='https:\/\/radiolifefm.com.br\/noticias\/wp-content\/uploads\/2021\/11\/4014392411127322488772095574186248135770112njpg15354665685b855c4842ee2jpg16362023306186775ad766e.jpg'><img class='border border-white' src='https:\/\/radiolifefm.com.br\/noticias\/wp-content\/uploads\/2021\/11\/4014392411127322488772095574186248135770112njpg15354665685b855c4842ee2jpg16362023306186775ad766e-200x200.jpg' alt='4014392411127322488772095574186248135770112njpg15354665685b855c4842ee2jpg16362023306186775ad766e' \/><\/a><\/div>\n<p>Desde ent\u00e3o a\u00a0<a href=\"https:\/\/www.sigamais.com\/noticias\/saude\/eleita-e-empossada-nova-diretoria-executiva-do-pai-nosso-lar\/\"><strong>nova diretoria<\/strong><\/a>\u00a0tem promovido iniciativas que permitiram superar a fase mais cr\u00edtica, avan\u00e7ar e realizar investimentos. Todo o espa\u00e7o atravessa uma transforma\u00e7\u00e3o estrutural que qualifica ainda mais os servi\u00e7os da unidade de sa\u00fade, motiva os colaboradores e permitem um melhor atendimento aos pacientes, com mais seguran\u00e7a e conforto.<\/p>\n<p>&nbsp;<\/p>\n<p>A nova diretoria deu sequ\u00eancia aos projetos tra\u00e7ados para a Cl\u00ednica, mobilizando a classe pol\u00edtica em busca de recursos das \u00e1reas estadual e federal para custeio, investimentos e melhorias, como tamb\u00e9m fortaleceu a rela\u00e7\u00e3o comunit\u00e1ria e regional, atravessando assim o final de 2018 e todo o ano de 2019.<\/p>\n<p>&nbsp;<\/p>\n<p><strong>Covid-19, desafios e investimentos<\/strong><\/p>\n<p>No primeiro trimestre de 2020 a pandemia da Covid-19 chegou ao Brasil e tamb\u00e9m interferiu em todos os procedimentos e protocolos de atendimentos e servi\u00e7os, na Cl\u00ednica, com reflexo imediato nas equipes multiprofissionais e pacientes. Nesse cen\u00e1rio, diante da necessidade de aplicar todos os novos protocolos sanit\u00e1rios, e com a possibilidade de pleitear recursos federais espec\u00edficos para o enfrentamento \u00e0 doen\u00e7a, apresentou projeto ao Minist\u00e9rio da Sa\u00fade (via Portaria N\u00ba 1.448) e conseguiu a\u00a0<a href=\"https:\/\/www.sigamais.com\/noticias\/coronavirus\/com-recurso-federal-de-r-2-milhoes-pai-nosso-lar-inicia-obras-da-ala-de-isolamento-para-covid19\/\"><strong>libera\u00e7\u00e3o do montante de R$ 2.012.907,86<\/strong><\/a>, da \u00e1rea federal.<\/p>\n<p>&nbsp;<\/p>\n<p>A aplica\u00e7\u00e3o desses recursos em a\u00e7\u00f5es de combate ao novo coronav\u00edrus, para obras, equipamentos, medicamentos, testes e custeio das equipes e outros investimentos, est\u00e1 detalhada em um plano de trabalho aprovado pelo Minist\u00e9rio da Sa\u00fade. Nesse planejamento, foram contratados 34 profissionais para atender essas novas necessidades decorrentes da pandemia.<\/p>\n<p>&nbsp;<\/p>\n<p>Os recursos recebidos do Minist\u00e9rio da Sa\u00fade foram utilizados na adequa\u00e7\u00e3o e reforma \u2013 em \u00e1rea de 640 metros quadrados &#8211; e equipamentos para a ala de isolamento. O\u00a0<a href=\"https:\/\/www.sigamais.com\/noticias\/saude\/com-recursos-federais-pai-inaugura-ala-covid19-obras-foram-realizadas-em-tres-meses\/\"><strong>novo espa\u00e7o<\/strong><\/a>\u00a0conta com sete apartamentos (com banheiros e dois leitos) e estruturas para as demandas dos pacientes, como farm\u00e1cia e setor exclusivo de limpeza, e dos funcion\u00e1rios, como refeit\u00f3rios e \u00e1rea para descanso.<\/p>\n<p>&nbsp;<\/p>\n<p>O espa\u00e7o \u00e9 a acomoda\u00e7\u00e3o inicial para pacientes que ingressam nas interna\u00e7\u00f5es, com capacidade para 15 pacientes masculinos e 10 femininos. Ap\u00f3s a chegada na unidade s\u00e3o testados para detec\u00e7\u00e3o do novo coronav\u00edrus e ficam por 14 dias no espa\u00e7o, isolados. Um novo teste \u00e9 realizado ao final das duas semanas, quando ent\u00e3o ingressam nas alas, masculina e feminina.<\/p>\n<p>&nbsp;<\/p>\n<p><strong>Canteiro de obras e a transforma\u00e7\u00e3o do lugar<\/strong><\/p>\n<p>Na semana passada, a convite da diretoria, o SIGA MAIS visitou a Cl\u00ednica, recebido pelos diretores Jos\u00e9 Neto e Milton Ura, e percorreu todas as instala\u00e7\u00f5es. O local se tornou um canteiro de obras.<\/p>\n<p>&nbsp;<\/p>\n<p>O espa\u00e7o da ala de isolamento,\u00a0\u00a0constru\u00eddo para atender as demandas excepcionais decorrentes da Covid-19 \u2013 em pleno uso \u2013 poder\u00e1 futuramente ser redimensionado para abrigar novas atividades de terapia ocupacional. O m\u00e9todo construtivo adotado permite eventual flexibiliza\u00e7\u00e3o da estrutura, o que vai depender do fim da pandemia, com a redu\u00e7\u00e3o dos casos e cobertura vacinal da popula\u00e7\u00e3o brasileira.<\/p>\n<p>&nbsp;<\/p>\n<p>A decis\u00e3o permitiu que, passada a pandemia, o espa\u00e7o tenha total aproveitamento e funcionalidade no cotidiano nas atividades internas com os pacientes. As obras da ala de isolamento (materiais e m\u00e3o de obra) custaram R$ 544.445,78.<\/p>\n<p>&nbsp;<\/p>\n<p>Tamb\u00e9m com o recurso foi realizada a compra de alguns equipamentos, bem como custeios dos funcion\u00e1rios envolvidos na ala Covid, insumos, exames e compra dos equipamentos de prote\u00e7\u00e3o individual (EPIs).<\/p>\n<p>&nbsp;<\/p>\n<p>Com recursos pr\u00f3prios foi promovida a reforma total da cozinha, atendendo integralmente todas as normas relacionadas ao manuseio de alimentos, no preparo das refei\u00e7\u00f5es, com fluxos para entrada e sa\u00edda dos alimentos, como tamb\u00e9m a entrada de funcion\u00e1rios ao setor.<\/p>\n<p>&nbsp;<\/p>\n<p>Todo o espa\u00e7o foi reconfigurado, com \u00e1rea de preparo de alimentos, sanitiza\u00e7\u00e3o e higieniza\u00e7\u00e3o dos mantimentos, e limpeza das loucas e utens\u00edlios, al\u00e9m de espa\u00e7o para armazenamento, prateleiras, dispensa, c\u00e2mara fria de refrigera\u00e7\u00e3o, c\u00e2mara fria de congelamento, e ainda sala para a\u00a0\u00a0nutricionista respons\u00e1vel e acesso dos funcion\u00e1rios com sanit\u00e1rios e vesti\u00e1rio exclusivos. O investimento neste setor, em obras, materiais equipamentos, \u00e9 de R$ 268.868,11.<\/p>\n<p>&nbsp;<\/p>\n<p>A nova cozinha \u00e9 totalmente revestida \u2013 piso e paredes com cer\u00e2mica \u2013 e conta com ampla ilumina\u00e7\u00e3o e ventila\u00e7\u00e3o naturais. Est\u00e1 com as obras conclu\u00eddas, e deve entrar em funcionamento nos pr\u00f3ximos dias.<\/p>\n<p><img loading=\"lazy\" decoding=\"async\" class=\"alignnone size-full wp-image-45423\" src=\"https:\/\/static.radiolifefm.com.br\/wp-content\/uploads\/sites\/2\/2021\/11\/img8812jpg16362017886186753c6a0eb.jpg\" alt=\"\" width=\"758\" height=\"568\" srcset=\"https:\/\/radiolifefm.com.br\/noticias\/wp-content\/uploads\/2021\/11\/img8812jpg16362017886186753c6a0eb.jpg 758w, https:\/\/radiolifefm.com.br\/noticias\/wp-content\/uploads\/2021\/11\/img8812jpg16362017886186753c6a0eb-300x225.jpg 300w\" sizes=\"auto, (max-width: 758px) 100vw, 758px\" \/><\/p>\n<p>H\u00e1 outros dois setores com obras em andamento, neste momento, na Cl\u00ednica. Um deles \u00e9 o espa\u00e7o da lavanderia, que tem recebido adequa\u00e7\u00e3o para instala\u00e7\u00e3o de novos equipamentos, como a nova lavadora extratora e secadora industrial. Toda a estrutura em obras foi projetada dentro de um fluxo de entrada de vestimentas dos pacientes e rouparia de cama, processo de lavagem e sa\u00edda, para evitar contato entre as pe\u00e7as contaminadas, na entrada, e as finalizadas, na sa\u00edda.<\/p>\n<div class='flex flex-wrap items-center -mx-1'>\r\n<a class='thumbnail gallery p-1 w-1\/2 md:w-1\/4' href='https:\/\/radiolifefm.com.br\/noticias\/wp-content\/uploads\/2021\/11\/img8790jpg1636201982618675fec1bfd.jpg'><img class='border border-white' src='https:\/\/radiolifefm.com.br\/noticias\/wp-content\/uploads\/2021\/11\/img8790jpg1636201982618675fec1bfd-200x200.jpg' alt='Img8790jpg1636201982618675fec1bfd' \/><\/a><a class='thumbnail gallery p-1 w-1\/2 md:w-1\/4' href='https:\/\/radiolifefm.com.br\/noticias\/wp-content\/uploads\/2021\/11\/img8792jpg1636201969618675f13e647.jpg'><img class='border border-white' src='https:\/\/radiolifefm.com.br\/noticias\/wp-content\/uploads\/2021\/11\/img8792jpg1636201969618675f13e647-200x200.jpg' alt='Img8792jpg1636201969618675f13e647' \/><\/a><a class='thumbnail gallery p-1 w-1\/2 md:w-1\/4' href='https:\/\/radiolifefm.com.br\/noticias\/wp-content\/uploads\/2021\/11\/img8804jpg163620183261867568274e7.jpg'><img class='border border-white' src='https:\/\/radiolifefm.com.br\/noticias\/wp-content\/uploads\/2021\/11\/img8804jpg163620183261867568274e7-200x200.jpg' alt='Img8804jpg163620183261867568274e7' \/><\/a><a class='thumbnail gallery p-1 w-1\/2 md:w-1\/4' href='https:\/\/radiolifefm.com.br\/noticias\/wp-content\/uploads\/2021\/11\/img8813jpg163620184661867576e783d.jpg'><img class='border border-white' src='https:\/\/radiolifefm.com.br\/noticias\/wp-content\/uploads\/2021\/11\/img8813jpg163620184661867576e783d-200x200.jpg' alt='Img8813jpg163620184661867576e783d' \/><\/a><a class='thumbnail gallery p-1 w-1\/2 md:w-1\/4' href='https:\/\/radiolifefm.com.br\/noticias\/wp-content\/uploads\/2021\/11\/img8815jpg1636201929618675c9a303e.jpg'><img class='border border-white' src='https:\/\/radiolifefm.com.br\/noticias\/wp-content\/uploads\/2021\/11\/img8815jpg1636201929618675c9a303e-200x200.jpg' alt='Img8815jpg1636201929618675c9a303e' \/><\/a><a class='thumbnail gallery p-1 w-1\/2 md:w-1\/4' href='https:\/\/radiolifefm.com.br\/noticias\/wp-content\/uploads\/2021\/11\/img8818jpg1636201888618675a09c7b1.jpg'><img class='border border-white' src='https:\/\/radiolifefm.com.br\/noticias\/wp-content\/uploads\/2021\/11\/img8818jpg1636201888618675a09c7b1-200x200.jpg' alt='Img8818jpg1636201888618675a09c7b1' \/><\/a><a class='thumbnail gallery p-1 w-1\/2 md:w-1\/4' href='https:\/\/radiolifefm.com.br\/noticias\/wp-content\/uploads\/2021\/11\/p21jpg16041744375f9dc2653edf8jpg1636202914618679a2c8cee.jpg'><img class='border border-white' src='https:\/\/radiolifefm.com.br\/noticias\/wp-content\/uploads\/2021\/11\/p21jpg16041744375f9dc2653edf8jpg1636202914618679a2c8cee-200x200.jpg' alt='P21jpg16041744375f9dc2653edf8jpg1636202914618679a2c8cee' \/><\/a><a class='thumbnail gallery p-1 w-1\/2 md:w-1\/4' href='https:\/\/radiolifefm.com.br\/noticias\/wp-content\/uploads\/2021\/11\/pai2jpg16041745305f9dc2c2d142fjpg16362936646187dc20c2e79.jpg'><img class='border border-white' src='https:\/\/radiolifefm.com.br\/noticias\/wp-content\/uploads\/2021\/11\/pai2jpg16041745305f9dc2c2d142fjpg16362936646187dc20c2e79-200x200.jpg' alt='Pai2jpg16041745305f9dc2c2d142fjpg16362936646187dc20c2e79' \/><\/a><\/div>\n<p>Fonte: Siga Mais<\/p>\n","protected":false},"excerpt":{"rendered":"<p>Fundada em Adamantina h\u00e1 52 anos, em setembro de 1969, a cl\u00ednica PAI Nosso Lar tem uma hist\u00f3ria de mais de cinco d\u00e9cadas na aten\u00e7\u00e3o \u00e0 sa\u00fade mental, para tratamentos psiqui\u00e1tricos e de depend\u00eancia qu\u00edmica. Atravessou per\u00edodos de altos e baixos e conseguiu manter o atendimento a um p\u00fablico vulner\u00e1vel, muitas vezes sem qualquer outra [&hellip;]<\/p>\n","protected":false},"author":13,"featured_media":45419,"comment_status":"closed","ping_status":"open","sticky":false,"template":"","format":"standard","meta":{"_acf_changed":false,"_exactmetrics_skip_tracking":false,"_exactmetrics_sitenote_active":false,"_exactmetrics_sitenote_note":"","_exactmetrics_sitenote_category":0,"footnotes":""},"categories":[21],"tags":[],"class_list":["post-45416","post","type-post","status-publish","format-standard","has-post-thumbnail","hentry","category-adamantina"],"acf":[],"yoast_head":"<!-- This site is optimized with the Yoast SEO plugin v27.2 - https:\/\/yoast.com\/product\/yoast-seo-wordpress\/ -->\n<title>PAI Nosso Lar faz investimentos estruturais, resgata credibilidade e se torna refer\u00eancia regional - R\u00e1dio Life FM<\/title>\n<meta name=\"robots\" content=\"index, follow, max-snippet:-1, max-image-preview:large, max-video-preview:-1\" \/>\n<link rel=\"canonical\" href=\"https:\/\/radiolifefm.com.br\/noticias\/pai-nosso-lar-faz-investimentos-estruturais-resgata-credibilidade-e-se-torna-referencia-regional\/\" \/>\n<meta property=\"og:locale\" content=\"pt_BR\" \/>\n<meta property=\"og:type\" content=\"article\" \/>\n<meta property=\"og:title\" content=\"PAI Nosso Lar faz investimentos estruturais, resgata credibilidade e se torna refer\u00eancia regional - R\u00e1dio Life FM\" \/>\n<meta property=\"og:description\" content=\"Fundada em Adamantina h\u00e1 52 anos, em setembro de 1969, a cl\u00ednica PAI Nosso Lar tem uma hist\u00f3ria de mais de cinco d\u00e9cadas na aten\u00e7\u00e3o \u00e0 sa\u00fade mental, para tratamentos psiqui\u00e1tricos e de depend\u00eancia qu\u00edmica. Atravessou per\u00edodos de altos e baixos e conseguiu manter o atendimento a um p\u00fablico vulner\u00e1vel, muitas vezes sem qualquer outra [&hellip;]\" \/>\n<meta property=\"og:url\" content=\"https:\/\/radiolifefm.com.br\/noticias\/pai-nosso-lar-faz-investimentos-estruturais-resgata-credibilidade-e-se-torna-referencia-regional\/\" \/>\n<meta property=\"og:site_name\" content=\"R\u00e1dio Life FM\" \/>\n<meta property=\"article:publisher\" content=\"https:\/\/www.facebook.com\/radiolifefm\/\" \/>\n<meta property=\"article:published_time\" content=\"2021-11-09T13:42:16+00:00\" \/>\n<meta property=\"article:modified_time\" content=\"2026-04-09T12:22:49+00:00\" \/>\n<meta property=\"og:image\" content=\"https:\/\/radiolifefm.com.br\/noticias\/wp-content\/uploads\/2021\/11\/capaimg8798jpg16363674316188fc4772ab2.jpg\" \/>\n\t<meta property=\"og:image:width\" content=\"600\" \/>\n\t<meta property=\"og:image:height\" content=\"337\" \/>\n\t<meta property=\"og:image:type\" content=\"image\/jpeg\" \/>\n<meta name=\"author\" content=\"ritanery\" \/>\n<meta name=\"twitter:card\" content=\"summary_large_image\" \/>\n<meta name=\"twitter:label1\" content=\"Escrito por\" \/>\n\t<meta name=\"twitter:data1\" content=\"ritanery\" \/>\n\t<meta name=\"twitter:label2\" content=\"Est. tempo de leitura\" \/>\n\t<meta name=\"twitter:data2\" content=\"7 minutos\" \/>\n<script type=\"application\/ld+json\" class=\"yoast-schema-graph\">{\"@context\":\"https:\/\/schema.org\",\"@graph\":[{\"@type\":\"Article\",\"@id\":\"https:\/\/radiolifefm.com.br\/noticias\/pai-nosso-lar-faz-investimentos-estruturais-resgata-credibilidade-e-se-torna-referencia-regional\/#article\",\"isPartOf\":{\"@id\":\"https:\/\/radiolifefm.com.br\/noticias\/pai-nosso-lar-faz-investimentos-estruturais-resgata-credibilidade-e-se-torna-referencia-regional\/\"},\"author\":{\"name\":\"ritanery\",\"@id\":\"https:\/\/radiolifefm.com.br\/noticias\/#\/schema\/person\/6339b9fac59d12b071dec680d7375d87\"},\"headline\":\"PAI Nosso Lar faz investimentos estruturais, resgata credibilidade e se torna refer\u00eancia regional\",\"datePublished\":\"2021-11-09T13:42:16+00:00\",\"dateModified\":\"2026-04-09T12:22:49+00:00\",\"mainEntityOfPage\":{\"@id\":\"https:\/\/radiolifefm.com.br\/noticias\/pai-nosso-lar-faz-investimentos-estruturais-resgata-credibilidade-e-se-torna-referencia-regional\/\"},\"wordCount\":1316,\"publisher\":{\"@id\":\"https:\/\/radiolifefm.com.br\/noticias\/#organization\"},\"image\":{\"@id\":\"https:\/\/radiolifefm.com.br\/noticias\/pai-nosso-lar-faz-investimentos-estruturais-resgata-credibilidade-e-se-torna-referencia-regional\/#primaryimage\"},\"thumbnailUrl\":\"https:\/\/radiolifefm.com.br\/noticias\/wp-content\/uploads\/2021\/11\/capaimg8798jpg16363674316188fc4772ab2.jpg\",\"articleSection\":[\"Adamantina\"],\"inLanguage\":\"pt-BR\"},{\"@type\":\"WebPage\",\"@id\":\"https:\/\/radiolifefm.com.br\/noticias\/pai-nosso-lar-faz-investimentos-estruturais-resgata-credibilidade-e-se-torna-referencia-regional\/\",\"url\":\"https:\/\/radiolifefm.com.br\/noticias\/pai-nosso-lar-faz-investimentos-estruturais-resgata-credibilidade-e-se-torna-referencia-regional\/\",\"name\":\"PAI Nosso Lar faz investimentos estruturais, resgata credibilidade e se torna refer\u00eancia regional - R\u00e1dio Life FM\",\"isPartOf\":{\"@id\":\"https:\/\/radiolifefm.com.br\/noticias\/#website\"},\"primaryImageOfPage\":{\"@id\":\"https:\/\/radiolifefm.com.br\/noticias\/pai-nosso-lar-faz-investimentos-estruturais-resgata-credibilidade-e-se-torna-referencia-regional\/#primaryimage\"},\"image\":{\"@id\":\"https:\/\/radiolifefm.com.br\/noticias\/pai-nosso-lar-faz-investimentos-estruturais-resgata-credibilidade-e-se-torna-referencia-regional\/#primaryimage\"},\"thumbnailUrl\":\"https:\/\/radiolifefm.com.br\/noticias\/wp-content\/uploads\/2021\/11\/capaimg8798jpg16363674316188fc4772ab2.jpg\",\"datePublished\":\"2021-11-09T13:42:16+00:00\",\"dateModified\":\"2026-04-09T12:22:49+00:00\",\"breadcrumb\":{\"@id\":\"https:\/\/radiolifefm.com.br\/noticias\/pai-nosso-lar-faz-investimentos-estruturais-resgata-credibilidade-e-se-torna-referencia-regional\/#breadcrumb\"},\"inLanguage\":\"pt-BR\",\"potentialAction\":[{\"@type\":\"ReadAction\",\"target\":[\"https:\/\/radiolifefm.com.br\/noticias\/pai-nosso-lar-faz-investimentos-estruturais-resgata-credibilidade-e-se-torna-referencia-regional\/\"]}]},{\"@type\":\"ImageObject\",\"inLanguage\":\"pt-BR\",\"@id\":\"https:\/\/radiolifefm.com.br\/noticias\/pai-nosso-lar-faz-investimentos-estruturais-resgata-credibilidade-e-se-torna-referencia-regional\/#primaryimage\",\"url\":\"https:\/\/radiolifefm.com.br\/noticias\/wp-content\/uploads\/2021\/11\/capaimg8798jpg16363674316188fc4772ab2.jpg\",\"contentUrl\":\"https:\/\/radiolifefm.com.br\/noticias\/wp-content\/uploads\/2021\/11\/capaimg8798jpg16363674316188fc4772ab2.jpg\",\"width\":600,\"height\":337,\"caption\":\"Institui\u00e7\u00e3o filantr\u00f3pica e sem fins lucrativos atende pacientes SUS de 62 cidades da regi\u00e3o.\"},{\"@type\":\"BreadcrumbList\",\"@id\":\"https:\/\/radiolifefm.com.br\/noticias\/pai-nosso-lar-faz-investimentos-estruturais-resgata-credibilidade-e-se-torna-referencia-regional\/#breadcrumb\",\"itemListElement\":[{\"@type\":\"ListItem\",\"position\":1,\"name\":\"In\u00edcio\",\"item\":\"https:\/\/radiolifefm.com.br\/noticias\/\"},{\"@type\":\"ListItem\",\"position\":2,\"name\":\"PAI Nosso Lar faz investimentos estruturais, resgata credibilidade e se torna refer\u00eancia regional\"}]},{\"@type\":\"WebSite\",\"@id\":\"https:\/\/radiolifefm.com.br\/noticias\/#website\",\"url\":\"https:\/\/radiolifefm.com.br\/noticias\/\",\"name\":\"R\u00e1dio Life FM\",\"description\":\"O Portal de Not\u00edcias de Adamantina\",\"publisher\":{\"@id\":\"https:\/\/radiolifefm.com.br\/noticias\/#organization\"},\"alternateName\":\"Life FM\",\"potentialAction\":[{\"@type\":\"SearchAction\",\"target\":{\"@type\":\"EntryPoint\",\"urlTemplate\":\"https:\/\/radiolifefm.com.br\/noticias\/?s={search_term_string}\"},\"query-input\":{\"@type\":\"PropertyValueSpecification\",\"valueRequired\":true,\"valueName\":\"search_term_string\"}}],\"inLanguage\":\"pt-BR\"},{\"@type\":\"Organization\",\"@id\":\"https:\/\/radiolifefm.com.br\/noticias\/#organization\",\"name\":\"R\u00e1dio Life FM\",\"alternateName\":\"Life FM\",\"url\":\"https:\/\/radiolifefm.com.br\/noticias\/\",\"logo\":{\"@type\":\"ImageObject\",\"inLanguage\":\"pt-BR\",\"@id\":\"https:\/\/radiolifefm.com.br\/noticias\/#\/schema\/logo\/image\/\",\"url\":\"https:\/\/static.radiolifefm.com.br\/noticias\/wp-content\/uploads\/2019\/10\/logo-lifefm.png\",\"contentUrl\":\"https:\/\/static.radiolifefm.com.br\/noticias\/wp-content\/uploads\/2019\/10\/logo-lifefm.png\",\"width\":196,\"height\":47,\"caption\":\"R\u00e1dio Life FM\"},\"image\":{\"@id\":\"https:\/\/radiolifefm.com.br\/noticias\/#\/schema\/logo\/image\/\"},\"sameAs\":[\"https:\/\/www.facebook.com\/radiolifefm\/\",\"https:\/\/www.instagram.com\/life1079fm\/\"]},{\"@type\":\"Person\",\"@id\":\"https:\/\/radiolifefm.com.br\/noticias\/#\/schema\/person\/6339b9fac59d12b071dec680d7375d87\",\"name\":\"ritanery\",\"image\":{\"@type\":\"ImageObject\",\"inLanguage\":\"pt-BR\",\"@id\":\"https:\/\/secure.gravatar.com\/avatar\/0e37bb19071f47c0b8a23f62a903df117c5a0e75f65a0c2901562f97cd41cf86?s=96&d=mm&r=g\",\"url\":\"https:\/\/secure.gravatar.com\/avatar\/0e37bb19071f47c0b8a23f62a903df117c5a0e75f65a0c2901562f97cd41cf86?s=96&d=mm&r=g\",\"contentUrl\":\"https:\/\/secure.gravatar.com\/avatar\/0e37bb19071f47c0b8a23f62a903df117c5a0e75f65a0c2901562f97cd41cf86?s=96&d=mm&r=g\",\"caption\":\"ritanery\"}}]}<\/script>\n<!-- \/ Yoast SEO plugin. -->","yoast_head_json":{"title":"PAI Nosso Lar faz investimentos estruturais, resgata credibilidade e se torna refer\u00eancia regional - R\u00e1dio Life FM","robots":{"index":"index","follow":"follow","max-snippet":"max-snippet:-1","max-image-preview":"max-image-preview:large","max-video-preview":"max-video-preview:-1"},"canonical":"https:\/\/radiolifefm.com.br\/noticias\/pai-nosso-lar-faz-investimentos-estruturais-resgata-credibilidade-e-se-torna-referencia-regional\/","og_locale":"pt_BR","og_type":"article","og_title":"PAI Nosso Lar faz investimentos estruturais, resgata credibilidade e se torna refer\u00eancia regional - R\u00e1dio Life FM","og_description":"Fundada em Adamantina h\u00e1 52 anos, em setembro de 1969, a cl\u00ednica PAI Nosso Lar tem uma hist\u00f3ria de mais de cinco d\u00e9cadas na aten\u00e7\u00e3o \u00e0 sa\u00fade mental, para tratamentos psiqui\u00e1tricos e de depend\u00eancia qu\u00edmica. Atravessou per\u00edodos de altos e baixos e conseguiu manter o atendimento a um p\u00fablico vulner\u00e1vel, muitas vezes sem qualquer outra [&hellip;]","og_url":"https:\/\/radiolifefm.com.br\/noticias\/pai-nosso-lar-faz-investimentos-estruturais-resgata-credibilidade-e-se-torna-referencia-regional\/","og_site_name":"R\u00e1dio Life FM","article_publisher":"https:\/\/www.facebook.com\/radiolifefm\/","article_published_time":"2021-11-09T13:42:16+00:00","article_modified_time":"2026-04-09T12:22:49+00:00","og_image":[{"width":600,"height":337,"url":"https:\/\/radiolifefm.com.br\/noticias\/wp-content\/uploads\/2021\/11\/capaimg8798jpg16363674316188fc4772ab2.jpg","type":"image\/jpeg"}],"author":"ritanery","twitter_card":"summary_large_image","twitter_misc":{"Escrito por":"ritanery","Est. tempo de leitura":"7 minutos"},"schema":{"@context":"https:\/\/schema.org","@graph":[{"@type":"Article","@id":"https:\/\/radiolifefm.com.br\/noticias\/pai-nosso-lar-faz-investimentos-estruturais-resgata-credibilidade-e-se-torna-referencia-regional\/#article","isPartOf":{"@id":"https:\/\/radiolifefm.com.br\/noticias\/pai-nosso-lar-faz-investimentos-estruturais-resgata-credibilidade-e-se-torna-referencia-regional\/"},"author":{"name":"ritanery","@id":"https:\/\/radiolifefm.com.br\/noticias\/#\/schema\/person\/6339b9fac59d12b071dec680d7375d87"},"headline":"PAI Nosso Lar faz investimentos estruturais, resgata credibilidade e se torna refer\u00eancia regional","datePublished":"2021-11-09T13:42:16+00:00","dateModified":"2026-04-09T12:22:49+00:00","mainEntityOfPage":{"@id":"https:\/\/radiolifefm.com.br\/noticias\/pai-nosso-lar-faz-investimentos-estruturais-resgata-credibilidade-e-se-torna-referencia-regional\/"},"wordCount":1316,"publisher":{"@id":"https:\/\/radiolifefm.com.br\/noticias\/#organization"},"image":{"@id":"https:\/\/radiolifefm.com.br\/noticias\/pai-nosso-lar-faz-investimentos-estruturais-resgata-credibilidade-e-se-torna-referencia-regional\/#primaryimage"},"thumbnailUrl":"https:\/\/radiolifefm.com.br\/noticias\/wp-content\/uploads\/2021\/11\/capaimg8798jpg16363674316188fc4772ab2.jpg","articleSection":["Adamantina"],"inLanguage":"pt-BR"},{"@type":"WebPage","@id":"https:\/\/radiolifefm.com.br\/noticias\/pai-nosso-lar-faz-investimentos-estruturais-resgata-credibilidade-e-se-torna-referencia-regional\/","url":"https:\/\/radiolifefm.com.br\/noticias\/pai-nosso-lar-faz-investimentos-estruturais-resgata-credibilidade-e-se-torna-referencia-regional\/","name":"PAI Nosso Lar faz investimentos estruturais, resgata credibilidade e se torna refer\u00eancia regional - R\u00e1dio Life FM","isPartOf":{"@id":"https:\/\/radiolifefm.com.br\/noticias\/#website"},"primaryImageOfPage":{"@id":"https:\/\/radiolifefm.com.br\/noticias\/pai-nosso-lar-faz-investimentos-estruturais-resgata-credibilidade-e-se-torna-referencia-regional\/#primaryimage"},"image":{"@id":"https:\/\/radiolifefm.com.br\/noticias\/pai-nosso-lar-faz-investimentos-estruturais-resgata-credibilidade-e-se-torna-referencia-regional\/#primaryimage"},"thumbnailUrl":"https:\/\/radiolifefm.com.br\/noticias\/wp-content\/uploads\/2021\/11\/capaimg8798jpg16363674316188fc4772ab2.jpg","datePublished":"2021-11-09T13:42:16+00:00","dateModified":"2026-04-09T12:22:49+00:00","breadcrumb":{"@id":"https:\/\/radiolifefm.com.br\/noticias\/pai-nosso-lar-faz-investimentos-estruturais-resgata-credibilidade-e-se-torna-referencia-regional\/#breadcrumb"},"inLanguage":"pt-BR","potentialAction":[{"@type":"ReadAction","target":["https:\/\/radiolifefm.com.br\/noticias\/pai-nosso-lar-faz-investimentos-estruturais-resgata-credibilidade-e-se-torna-referencia-regional\/"]}]},{"@type":"ImageObject","inLanguage":"pt-BR","@id":"https:\/\/radiolifefm.com.br\/noticias\/pai-nosso-lar-faz-investimentos-estruturais-resgata-credibilidade-e-se-torna-referencia-regional\/#primaryimage","url":"https:\/\/radiolifefm.com.br\/noticias\/wp-content\/uploads\/2021\/11\/capaimg8798jpg16363674316188fc4772ab2.jpg","contentUrl":"https:\/\/radiolifefm.com.br\/noticias\/wp-content\/uploads\/2021\/11\/capaimg8798jpg16363674316188fc4772ab2.jpg","width":600,"height":337,"caption":"Institui\u00e7\u00e3o filantr\u00f3pica e sem fins lucrativos atende pacientes SUS de 62 cidades da regi\u00e3o."},{"@type":"BreadcrumbList","@id":"https:\/\/radiolifefm.com.br\/noticias\/pai-nosso-lar-faz-investimentos-estruturais-resgata-credibilidade-e-se-torna-referencia-regional\/#breadcrumb","itemListElement":[{"@type":"ListItem","position":1,"name":"In\u00edcio","item":"https:\/\/radiolifefm.com.br\/noticias\/"},{"@type":"ListItem","position":2,"name":"PAI Nosso Lar faz investimentos estruturais, resgata credibilidade e se torna refer\u00eancia regional"}]},{"@type":"WebSite","@id":"https:\/\/radiolifefm.com.br\/noticias\/#website","url":"https:\/\/radiolifefm.com.br\/noticias\/","name":"R\u00e1dio Life FM","description":"O Portal de Not\u00edcias de Adamantina","publisher":{"@id":"https:\/\/radiolifefm.com.br\/noticias\/#organization"},"alternateName":"Life FM","potentialAction":[{"@type":"SearchAction","target":{"@type":"EntryPoint","urlTemplate":"https:\/\/radiolifefm.com.br\/noticias\/?s={search_term_string}"},"query-input":{"@type":"PropertyValueSpecification","valueRequired":true,"valueName":"search_term_string"}}],"inLanguage":"pt-BR"},{"@type":"Organization","@id":"https:\/\/radiolifefm.com.br\/noticias\/#organization","name":"R\u00e1dio Life FM","alternateName":"Life FM","url":"https:\/\/radiolifefm.com.br\/noticias\/","logo":{"@type":"ImageObject","inLanguage":"pt-BR","@id":"https:\/\/radiolifefm.com.br\/noticias\/#\/schema\/logo\/image\/","url":"https:\/\/static.radiolifefm.com.br\/noticias\/wp-content\/uploads\/2019\/10\/logo-lifefm.png","contentUrl":"https:\/\/static.radiolifefm.com.br\/noticias\/wp-content\/uploads\/2019\/10\/logo-lifefm.png","width":196,"height":47,"caption":"R\u00e1dio Life FM"},"image":{"@id":"https:\/\/radiolifefm.com.br\/noticias\/#\/schema\/logo\/image\/"},"sameAs":["https:\/\/www.facebook.com\/radiolifefm\/","https:\/\/www.instagram.com\/life1079fm\/"]},{"@type":"Person","@id":"https:\/\/radiolifefm.com.br\/noticias\/#\/schema\/person\/6339b9fac59d12b071dec680d7375d87","name":"ritanery","image":{"@type":"ImageObject","inLanguage":"pt-BR","@id":"https:\/\/secure.gravatar.com\/avatar\/0e37bb19071f47c0b8a23f62a903df117c5a0e75f65a0c2901562f97cd41cf86?s=96&d=mm&r=g","url":"https:\/\/secure.gravatar.com\/avatar\/0e37bb19071f47c0b8a23f62a903df117c5a0e75f65a0c2901562f97cd41cf86?s=96&d=mm&r=g","contentUrl":"https:\/\/secure.gravatar.com\/avatar\/0e37bb19071f47c0b8a23f62a903df117c5a0e75f65a0c2901562f97cd41cf86?s=96&d=mm&r=g","caption":"ritanery"}}]}},"amp_enabled":true,"_links":{"self":[{"href":"https:\/\/radiolifefm.com.br\/noticias\/wp-json\/wp\/v2\/posts\/45416","targetHints":{"allow":["GET"]}}],"collection":[{"href":"https:\/\/radiolifefm.com.br\/noticias\/wp-json\/wp\/v2\/posts"}],"about":[{"href":"https:\/\/radiolifefm.com.br\/noticias\/wp-json\/wp\/v2\/types\/post"}],"author":[{"embeddable":true,"href":"https:\/\/radiolifefm.com.br\/noticias\/wp-json\/wp\/v2\/users\/13"}],"replies":[{"embeddable":true,"href":"https:\/\/radiolifefm.com.br\/noticias\/wp-json\/wp\/v2\/comments?post=45416"}],"version-history":[{"count":2,"href":"https:\/\/radiolifefm.com.br\/noticias\/wp-json\/wp\/v2\/posts\/45416\/revisions"}],"predecessor-version":[{"id":45431,"href":"https:\/\/radiolifefm.com.br\/noticias\/wp-json\/wp\/v2\/posts\/45416\/revisions\/45431"}],"wp:featuredmedia":[{"embeddable":true,"href":"https:\/\/radiolifefm.com.br\/noticias\/wp-json\/wp\/v2\/media\/45419"}],"wp:attachment":[{"href":"https:\/\/radiolifefm.com.br\/noticias\/wp-json\/wp\/v2\/media?parent=45416"}],"wp:term":[{"taxonomy":"category","embeddable":true,"href":"https:\/\/radiolifefm.com.br\/noticias\/wp-json\/wp\/v2\/categories?post=45416"},{"taxonomy":"post_tag","embeddable":true,"href":"https:\/\/radiolifefm.com.br\/noticias\/wp-json\/wp\/v2\/tags?post=45416"}],"curies":[{"name":"wp","href":"https:\/\/api.w.org\/{rel}","templated":true}]}}