{"id":45388,"date":"2021-11-08T22:06:38","date_gmt":"2021-11-09T01:06:38","guid":{"rendered":"https:\/\/radiolifefm.com.br\/noticias\/?p=45388"},"modified":"2026-03-29T15:12:55","modified_gmt":"2026-03-29T18:12:55","slug":"temendo-perdas-professores-municipais-pedem-que-camara-rejeite-projeto-que-muda-plano-de-carreira","status":"publish","type":"post","link":"https:\/\/radiolifefm.com.br\/noticias\/temendo-perdas-professores-municipais-pedem-que-camara-rejeite-projeto-que-muda-plano-de-carreira\/","title":{"rendered":"Temendo perdas, professores municipais pedem que C\u00e2mara rejeite projeto que muda plano de carreira"},"content":{"rendered":"<div id=\"fb-root\"><\/div>\n<p>Tramita na C\u00e2mara Municipal de Adamantina o\u00a0<a href=\"https:\/\/sapl.adamantina.sp.leg.br\/media\/sapl\/public\/materialegislativa\/2021\/13180\/plc_013_-_msg_079_-_reorganiza_o_plano_de_carreira_do_magisterio.pdf\"><strong>Projeto de Lei N\u00ba 13, de 13 de outubro de 2021<\/strong><\/a>, de autoria do prefeito municipal, que \u201cReorganiza o Plano de Carreira e Remunera\u00e7\u00e3o do Magist\u00e9rio P\u00fablico Municipal de Adamantina e d\u00e1 provid\u00eancias correlatas\u201d.<\/p>\n<p>&nbsp;<\/p>\n<p>A proposta legislativa tramita na C\u00e2mara e foi tema de uma reuni\u00e3o semana passada entre um grupo de professores representando todos os segmentos da educa\u00e7\u00e3o municipal\u00a0 (creche, pr\u00e9-escola, ensino fundamental e professores especialistas), acompanhado do advogado dos profissionais, Luiz Ant\u00f4nio Mota, com o presidente do Sindicato dos Servidores P\u00fablicos Municipais Nivaldo Martins do Nascimento, o \u201cLondrina\u201d, e vereadores.<\/p>\n<p>&nbsp;<\/p>\n<p>Segundo os profissionais da educa\u00e7\u00e3o, o PL retiraria conquistas de anos, n\u00e3o estaria criando mecanismos de valoriza\u00e7\u00e3o aos educadores, al\u00e9m de n\u00e3o condizer com as reivindica\u00e7\u00f5es dos docentes.<\/p>\n<p>&nbsp;<\/p>\n<p>Uma s\u00edntese da reuni\u00e3o foi enviada por um representante do grupo de educadores ao SIGA MAIS\u00a0<em>(\u00edntegra abaixo)<\/em>. Segundo a nota, os professores informaram n\u00e3o concordar com a Mensagem n\u00ba 079\/2021, que integra o PL, \u201cuma vez que as justificativas apresentadas pelo sr. Prefeito est\u00e3o de maneira diversa do posicionamento dos docentes da rede municipal de ensino\u201d.<\/p>\n<p>&nbsp;<\/p>\n<p>Os educadores participantes da reuni\u00e3o da semana passada, com os vereadores e Sindicato, avaliaram o encontro como positivo. \u201cTratou-se de reuni\u00e3o produtiva, esclarecedora e acima de tudo democr\u00e1tica, onde todos os envolvidos (docentes, vereadores), tiveram a oportunidade de dialogar com rela\u00e7\u00e3o ao projeto de lei\u201d, informa a nota.<\/p>\n<p>&nbsp;<\/p>\n<p>Eles criticaram que n\u00e3o tiveram espa\u00e7o semelhante, com a participa\u00e7\u00e3o do advogado do grupo, em reuni\u00f5es com representantes da administra\u00e7\u00e3o municipal. \u201cAgradeceram aos vereadores pela possibilidade da realiza\u00e7\u00e3o da referida reuni\u00e3o, acompanhados de seu advogado, Luiz Ant\u00f4nio Mota, vez que nas reuni\u00f5es realizadas com a administra\u00e7\u00e3o p\u00fablica, n\u00e3o foi concedida essa possibilidade\u201d, afirmam.<\/p>\n<p>&nbsp;<\/p>\n<p><strong>Temendo perdas, professores pedem rejei\u00e7\u00e3o PL<\/strong><\/p>\n<p>Conforme a nota, foi apresentado na reuni\u00e3o da semana passada que os docentes municipais desejam ter a garantida de seus direitos conquistados durante d\u00e9cadas, em especial, o piso salarial do magist\u00e9rio estabelecido pela Lei Federal N\u00ba11.738\/2008, na tabela de vencimento e, a sua progress\u00e3o funcional; a manuten\u00e7\u00e3o de seus atuais direitos previstos em lei sem qualquer exclus\u00e3o; a possibilidade da inclus\u00e3o do IDEB como fator para valoriza\u00e7\u00e3o profissional; e possibilidade da garantida de progress\u00e3o salarial efetiva na tabela de vencimento, \u201cenfim, querem apenas ser valorizados dentro da legalidade e transpar\u00eancia\u201d, escrevem.<\/p>\n<p>&nbsp;<\/p>\n<p>Ao final da reuni\u00e3o os professores participantes demonstraram aos vereadores a sua total indigna\u00e7\u00e3o com a atual reda\u00e7\u00e3o do PL da Prefeitura, em tr\u00e2mite na C\u00e2mara Municipal, manifestando o desejo dos profissionais do magist\u00e9rio p\u00fablico municipal de Adamantina pela sua rejei\u00e7\u00e3o, caso o mesmo n\u00e3o tenha as altera\u00e7\u00f5es e adequa\u00e7\u00f5es buscadas pela categoria.<\/p>\n<p>&nbsp;<\/p>\n<p><strong>Pontos cr\u00edticos<\/strong><\/p>\n<p>De acordo com a nota recebida pelo SIGA MAIS, os educadores municipais dizem que a altera\u00e7\u00e3o legislativa municipal n\u00e3o estabelece crit\u00e9rios para a valoriza\u00e7\u00e3o dos profissionais do magist\u00e9rio. \u201cFicou claro que o pr\u00f3prio piso salarial do magist\u00e9rio, garantido desde o ano de 2008, atrav\u00e9s da Lei Federal 11.738\/2008, n\u00e3o est\u00e1 sendo contemplado nas tabelas I, II, e III do anexo II, ou seja, os docentes sujeitos as referidas tabelas salariais, ficariam sujeitos a piso salarial inferior ao garantido em lei federal. Diga-se, lei federal que est\u00e1 em vig\u00eancia h\u00e1 mais de uma d\u00e9cada\u201d, apontam.<\/p>\n<p>&nbsp;<\/p>\n<p>Eles destacam que a \u201cMem\u00f3ria de C\u00e1lculos das Receitas\u201d, anexada \u00e0 proposta, aponta que o PL acarretar\u00e1 aumento de R$ 121.211,61. Segundo assinalam, esse aumento vai atingir apenas para cargos comissionados (fun\u00e7\u00f5es gratificadas). \u201cRestou claro que para os professores efetivos n\u00e3o ocorrer\u00e1 a implanta\u00e7\u00e3o de vantagens pecuni\u00e1rias\u201d, questionam.<\/p>\n<p>&nbsp;<\/p>\n<p>Os professores tamb\u00e9m demonstraram sua indigna\u00e7\u00e3o com a proposta de altera\u00e7\u00e3o da lei existente, diante da proposta de supress\u00e3o de parte do per\u00edodo de f\u00e9rias\/recesso escolar que os mesmos possuem atualmente com base na lei vigente (Lei Complementar N\u00ba 94\/2007). Segundo a nota, eles apresentaram aos vereadores que referida situa\u00e7\u00e3o constante da atual lei municipal possui entendimento pacificado no Tribunal Regional do Trabalho da 15\u00aa Regi\u00e3o atrav\u00e9s da Tese Prevalecente n\u00ba 08\/2018, e, que mesmo assim, o projeto de lei pretende excluir referido direito constante na lei municipal j\u00e1 h\u00e1 mais de dez anos.<\/p>\n<p>&nbsp;<\/p>\n<p>Quanto as jornadas de trabalho semanal docente, a nota enviada ao SIGA MAIS diz que o artigo 25 do PL cria novas jornadas, mas n\u00e3o esclarece como a mesma ser\u00e1 aplicada, caso a proposta legislativa tenha aprova\u00e7\u00e3o. \u201cReferida situa\u00e7\u00e3o ocasiona total mal estar, desconforto, e inseguran\u00e7a jur\u00eddica aos docentes\u201d, advertem.<\/p>\n<p>&nbsp;<\/p>\n<p>Tamb\u00e9m foi apresentada na reuni\u00e3o, segundo a nota, indigna\u00e7\u00e3o dos professores com rela\u00e7\u00e3o \u00e0 proposta de altera\u00e7\u00e3o da promo\u00e7\u00e3o por antiguidade e das progress\u00f5es funcionais, previstas e garantidas na atual Lei Complementar N\u00ba 94\/2007, onde \u201cdentre as sugest\u00f5es de altera\u00e7\u00e3o est\u00e1 o fato de que para o professor progredir na carreira, n\u00e3o poder\u00e1 apresentar se quer uma falta, nem mesmo um dia de atestado m\u00e9dico durante o per\u00edodo de cinco anos\u201d.<\/p>\n<p>&nbsp;<\/p>\n<p>Da mesma forma, segundo a nota, \u201cfoi apresentado que a progress\u00e3o pela via acad\u00eamica (Art. 43 do projeto de lei), n\u00e3o ter\u00e1 sua aplicabilidade em virtude da reda\u00e7\u00e3o do projeto de lei, vez que consta pontua\u00e7\u00e3o, mas o projeto de lei, n\u00e3o esclarece como os pontos ser\u00e3o utilizados para fins de progress\u00e3o na carreira\u201d, alertam. Tamb\u00e9m foi apresentado aos vereadores presentes, conforme a nota, que os requisitos para os empregos de professor de educa\u00e7\u00e3o infantil (creche e pr\u00e9-escola e anos iniciais do ensino fundamental), constantes do anexo V, n\u00e3o estariam em sintonia com as disposi\u00e7\u00f5es constantes do artigo 61, inciso I da LDB. A norma disp\u00f5e:\u00a0 Art. 61.\u00a0 Consideram-se profissionais da educa\u00e7\u00e3o escolar b\u00e1sica os que, nela estando em efetivo exerc\u00edcio e tendo sido formados em cursos reconhecidos, s\u00e3o: I \u2013 professores habilitados em n\u00edvel m\u00e9dio ou superior para a doc\u00eancia na educa\u00e7\u00e3o infantil e nos ensinos fundamental e m\u00e9dio.<\/p>\n<p>&nbsp;<\/p>\n<p><strong>O papel do educador e sua valoriza\u00e7\u00e3o<\/strong><\/p>\n<p>Na nota os educadores destacam a import\u00e2ncia do profissional de educa\u00e7\u00e3o para o desenvolvimento e a forma\u00e7\u00e3o das crian\u00e7as. \u201cUma educa\u00e7\u00e3o de qualidade come\u00e7a com a valoriza\u00e7\u00e3o, reconhecimento e respeito pela vida e trabalho do educador\u201d, reiteram.<\/p>\n<p>&nbsp;<\/p>\n<p>Conforme a nota, os educadores destacam que a qualidade do trabalho desempenhado pelos docentes da rede municipal de ensino de Adamantina \u00e9 inquestion\u00e1vel. \u201cBasta analisarmos o resultado do \u00faltimo IDEB divulgado em 2019, onde a meta projetada era de 6,6 e a rede municipal superou com o resultado 6.8. Basta analisarmos todo o trabalho desempenhado todos os dias em sala de aula pelo professor (e remotamente nesse per\u00edodo de pandemia), que dedica todo seu conhecimento, carinho, comprometimento, seriedade, e acima de tudo amor para com seus alunos\u201d, afirmam.<\/p>\n<p>&nbsp;<\/p>\n<p><strong>Prefeitura n\u00e3o se manifesta<\/strong><\/p>\n<p>Ap\u00f3s ter contato com a nota enviada pelos educadores municipais, o SIGA MAIS fez contato pessoalmente com o secret\u00e1rio municipal de educa\u00e7\u00e3o, no s\u00e1bado (6), por WhatsApp, reiterado na manh\u00e3 desta segunda-feira (8) aos e-mails imprensa@adamantina.sp.gov.br, educacao@adamantina.sp.gov.br e gabineteadt@adamantina.sp.gov.br, solicitando a manifesta\u00e7\u00e3o do poder p\u00fablico municipal sobre o tema.<\/p>\n<p>&nbsp;<\/p>\n<p>O SIGA MAIS tamb\u00e9m perguntou como se deu a composi\u00e7\u00e3o da comiss\u00e3o que representa a categoria, nessas discuss\u00f5es com a administra\u00e7\u00e3o municipal, e se os seus integrantes foram indicados pelos profissionais da educa\u00e7\u00e3o ou foram chamados pela administra\u00e7\u00e3o; bem como as justificativas e motiva\u00e7\u00f5es para a mudan\u00e7a na legisla\u00e7\u00e3o. O SIGA MAIS tamb\u00e9m deixou o espa\u00e7o para livre manifesta\u00e7\u00e3o. At\u00e9 a publica\u00e7\u00e3o deste conte\u00fado, nenhuma resposta foi recebida.<\/p>\n<p>&nbsp;<\/p>\n<p>No final de agosto a Prefeitura de Adamantina divulgou sobre uma<a href=\"https:\/\/www.sigamais.com\/noticias\/educacao\/prefeitura-discute-adequacoes-no-plano-de-carreira-e-remuneracao-dos-profissionais-da-educacao\/\"><strong>\u00a0reuni\u00e3o com a comiss\u00e3o<\/strong><\/a>\u00a0que formou para discutir o tema. <strong>\u00cdntegra da nota enviada pelos educadores ao Siga Mais<\/strong><\/p>\n<p><strong>\u00a0<\/strong><\/p>\n<p><strong>Fonte: Siga Mais<\/strong><\/p>\n","protected":false},"excerpt":{"rendered":"<p>Tramita na C\u00e2mara Municipal de Adamantina o\u00a0Projeto de Lei N\u00ba 13, de 13 de outubro de 2021, de autoria do prefeito municipal, que \u201cReorganiza o Plano de Carreira e Remunera\u00e7\u00e3o do Magist\u00e9rio P\u00fablico Municipal de Adamantina e d\u00e1 provid\u00eancias correlatas\u201d. &nbsp; A proposta legislativa tramita na C\u00e2mara e foi tema de uma reuni\u00e3o semana passada [&hellip;]<\/p>\n","protected":false},"author":13,"featured_media":45389,"comment_status":"closed","ping_status":"open","sticky":false,"template":"","format":"standard","meta":{"_acf_changed":false,"_exactmetrics_skip_tracking":false,"_exactmetrics_sitenote_active":false,"_exactmetrics_sitenote_note":"","_exactmetrics_sitenote_category":0,"footnotes":""},"categories":[21],"tags":[],"class_list":["post-45388","post","type-post","status-publish","format-standard","has-post-thumbnail","hentry","category-adamantina"],"acf":[],"yoast_head":"<!-- This site is optimized with the Yoast SEO plugin v27.2 - https:\/\/yoast.com\/product\/yoast-seo-wordpress\/ -->\n<title>Temendo perdas, professores municipais pedem que C\u00e2mara rejeite projeto que muda plano de carreira - R\u00e1dio Life FM<\/title>\n<meta name=\"robots\" content=\"index, follow, max-snippet:-1, max-image-preview:large, max-video-preview:-1\" \/>\n<link rel=\"canonical\" href=\"https:\/\/radiolifefm.com.br\/noticias\/temendo-perdas-professores-municipais-pedem-que-camara-rejeite-projeto-que-muda-plano-de-carreira\/\" \/>\n<meta property=\"og:locale\" content=\"pt_BR\" \/>\n<meta property=\"og:type\" content=\"article\" \/>\n<meta property=\"og:title\" content=\"Temendo perdas, professores municipais pedem que C\u00e2mara rejeite projeto que muda plano de carreira - R\u00e1dio Life FM\" \/>\n<meta property=\"og:description\" content=\"Tramita na C\u00e2mara Municipal de Adamantina o\u00a0Projeto de Lei N\u00ba 13, de 13 de outubro de 2021, de autoria do prefeito municipal, que \u201cReorganiza o Plano de Carreira e Remunera\u00e7\u00e3o do Magist\u00e9rio P\u00fablico Municipal de Adamantina e d\u00e1 provid\u00eancias correlatas\u201d. &nbsp; A proposta legislativa tramita na C\u00e2mara e foi tema de uma reuni\u00e3o semana passada [&hellip;]\" \/>\n<meta property=\"og:url\" content=\"https:\/\/radiolifefm.com.br\/noticias\/temendo-perdas-professores-municipais-pedem-que-camara-rejeite-projeto-que-muda-plano-de-carreira\/\" \/>\n<meta property=\"og:site_name\" content=\"R\u00e1dio Life FM\" \/>\n<meta property=\"article:publisher\" content=\"https:\/\/www.facebook.com\/radiolifefm\/\" \/>\n<meta property=\"article:published_time\" content=\"2021-11-09T01:06:38+00:00\" \/>\n<meta property=\"article:modified_time\" content=\"2026-03-29T18:12:55+00:00\" \/>\n<meta property=\"og:image\" content=\"https:\/\/radiolifefm.com.br\/noticias\/wp-content\/uploads\/2021\/11\/cellphone13526131920jpg163640388561898aadea115.jpg\" \/>\n\t<meta property=\"og:image:width\" content=\"600\" \/>\n\t<meta property=\"og:image:height\" content=\"337\" \/>\n\t<meta property=\"og:image:type\" content=\"image\/jpeg\" \/>\n<meta name=\"author\" content=\"ritanery\" \/>\n<meta name=\"twitter:card\" content=\"summary_large_image\" \/>\n<meta name=\"twitter:label1\" content=\"Escrito por\" \/>\n\t<meta name=\"twitter:data1\" content=\"ritanery\" \/>\n\t<meta name=\"twitter:label2\" content=\"Est. tempo de leitura\" \/>\n\t<meta name=\"twitter:data2\" content=\"7 minutos\" \/>\n<script type=\"application\/ld+json\" class=\"yoast-schema-graph\">{\"@context\":\"https:\/\/schema.org\",\"@graph\":[{\"@type\":\"Article\",\"@id\":\"https:\/\/radiolifefm.com.br\/noticias\/temendo-perdas-professores-municipais-pedem-que-camara-rejeite-projeto-que-muda-plano-de-carreira\/#article\",\"isPartOf\":{\"@id\":\"https:\/\/radiolifefm.com.br\/noticias\/temendo-perdas-professores-municipais-pedem-que-camara-rejeite-projeto-que-muda-plano-de-carreira\/\"},\"author\":{\"name\":\"ritanery\",\"@id\":\"https:\/\/radiolifefm.com.br\/noticias\/#\/schema\/person\/6339b9fac59d12b071dec680d7375d87\"},\"headline\":\"Temendo perdas, professores municipais pedem que C\u00e2mara rejeite projeto que muda plano de carreira\",\"datePublished\":\"2021-11-09T01:06:38+00:00\",\"dateModified\":\"2026-03-29T18:12:55+00:00\",\"mainEntityOfPage\":{\"@id\":\"https:\/\/radiolifefm.com.br\/noticias\/temendo-perdas-professores-municipais-pedem-que-camara-rejeite-projeto-que-muda-plano-de-carreira\/\"},\"wordCount\":1412,\"publisher\":{\"@id\":\"https:\/\/radiolifefm.com.br\/noticias\/#organization\"},\"image\":{\"@id\":\"https:\/\/radiolifefm.com.br\/noticias\/temendo-perdas-professores-municipais-pedem-que-camara-rejeite-projeto-que-muda-plano-de-carreira\/#primaryimage\"},\"thumbnailUrl\":\"https:\/\/radiolifefm.com.br\/noticias\/wp-content\/uploads\/2021\/11\/cellphone13526131920jpg163640388561898aadea115.jpg\",\"articleSection\":[\"Adamantina\"],\"inLanguage\":\"pt-BR\"},{\"@type\":\"WebPage\",\"@id\":\"https:\/\/radiolifefm.com.br\/noticias\/temendo-perdas-professores-municipais-pedem-que-camara-rejeite-projeto-que-muda-plano-de-carreira\/\",\"url\":\"https:\/\/radiolifefm.com.br\/noticias\/temendo-perdas-professores-municipais-pedem-que-camara-rejeite-projeto-que-muda-plano-de-carreira\/\",\"name\":\"Temendo perdas, professores municipais pedem que C\u00e2mara rejeite projeto que muda plano de carreira - R\u00e1dio Life FM\",\"isPartOf\":{\"@id\":\"https:\/\/radiolifefm.com.br\/noticias\/#website\"},\"primaryImageOfPage\":{\"@id\":\"https:\/\/radiolifefm.com.br\/noticias\/temendo-perdas-professores-municipais-pedem-que-camara-rejeite-projeto-que-muda-plano-de-carreira\/#primaryimage\"},\"image\":{\"@id\":\"https:\/\/radiolifefm.com.br\/noticias\/temendo-perdas-professores-municipais-pedem-que-camara-rejeite-projeto-que-muda-plano-de-carreira\/#primaryimage\"},\"thumbnailUrl\":\"https:\/\/radiolifefm.com.br\/noticias\/wp-content\/uploads\/2021\/11\/cellphone13526131920jpg163640388561898aadea115.jpg\",\"datePublished\":\"2021-11-09T01:06:38+00:00\",\"dateModified\":\"2026-03-29T18:12:55+00:00\",\"breadcrumb\":{\"@id\":\"https:\/\/radiolifefm.com.br\/noticias\/temendo-perdas-professores-municipais-pedem-que-camara-rejeite-projeto-que-muda-plano-de-carreira\/#breadcrumb\"},\"inLanguage\":\"pt-BR\",\"potentialAction\":[{\"@type\":\"ReadAction\",\"target\":[\"https:\/\/radiolifefm.com.br\/noticias\/temendo-perdas-professores-municipais-pedem-que-camara-rejeite-projeto-que-muda-plano-de-carreira\/\"]}]},{\"@type\":\"ImageObject\",\"inLanguage\":\"pt-BR\",\"@id\":\"https:\/\/radiolifefm.com.br\/noticias\/temendo-perdas-professores-municipais-pedem-que-camara-rejeite-projeto-que-muda-plano-de-carreira\/#primaryimage\",\"url\":\"https:\/\/radiolifefm.com.br\/noticias\/wp-content\/uploads\/2021\/11\/cellphone13526131920jpg163640388561898aadea115.jpg\",\"contentUrl\":\"https:\/\/radiolifefm.com.br\/noticias\/wp-content\/uploads\/2021\/11\/cellphone13526131920jpg163640388561898aadea115.jpg\",\"width\":600,\"height\":337,\"caption\":\"Projeto de lei da Prefeitura prop\u00f5e mudan\u00e7as no plano de carreira do magist\u00e9rio municipal.\"},{\"@type\":\"BreadcrumbList\",\"@id\":\"https:\/\/radiolifefm.com.br\/noticias\/temendo-perdas-professores-municipais-pedem-que-camara-rejeite-projeto-que-muda-plano-de-carreira\/#breadcrumb\",\"itemListElement\":[{\"@type\":\"ListItem\",\"position\":1,\"name\":\"In\u00edcio\",\"item\":\"https:\/\/radiolifefm.com.br\/noticias\/\"},{\"@type\":\"ListItem\",\"position\":2,\"name\":\"Temendo perdas, professores municipais pedem que C\u00e2mara rejeite projeto que muda plano de carreira\"}]},{\"@type\":\"WebSite\",\"@id\":\"https:\/\/radiolifefm.com.br\/noticias\/#website\",\"url\":\"https:\/\/radiolifefm.com.br\/noticias\/\",\"name\":\"R\u00e1dio Life FM\",\"description\":\"O Portal de Not\u00edcias de Adamantina\",\"publisher\":{\"@id\":\"https:\/\/radiolifefm.com.br\/noticias\/#organization\"},\"alternateName\":\"Life FM\",\"potentialAction\":[{\"@type\":\"SearchAction\",\"target\":{\"@type\":\"EntryPoint\",\"urlTemplate\":\"https:\/\/radiolifefm.com.br\/noticias\/?s={search_term_string}\"},\"query-input\":{\"@type\":\"PropertyValueSpecification\",\"valueRequired\":true,\"valueName\":\"search_term_string\"}}],\"inLanguage\":\"pt-BR\"},{\"@type\":\"Organization\",\"@id\":\"https:\/\/radiolifefm.com.br\/noticias\/#organization\",\"name\":\"R\u00e1dio Life FM\",\"alternateName\":\"Life FM\",\"url\":\"https:\/\/radiolifefm.com.br\/noticias\/\",\"logo\":{\"@type\":\"ImageObject\",\"inLanguage\":\"pt-BR\",\"@id\":\"https:\/\/radiolifefm.com.br\/noticias\/#\/schema\/logo\/image\/\",\"url\":\"https:\/\/static.radiolifefm.com.br\/noticias\/wp-content\/uploads\/2019\/10\/logo-lifefm.png\",\"contentUrl\":\"https:\/\/static.radiolifefm.com.br\/noticias\/wp-content\/uploads\/2019\/10\/logo-lifefm.png\",\"width\":196,\"height\":47,\"caption\":\"R\u00e1dio Life FM\"},\"image\":{\"@id\":\"https:\/\/radiolifefm.com.br\/noticias\/#\/schema\/logo\/image\/\"},\"sameAs\":[\"https:\/\/www.facebook.com\/radiolifefm\/\",\"https:\/\/www.instagram.com\/life1079fm\/\"]},{\"@type\":\"Person\",\"@id\":\"https:\/\/radiolifefm.com.br\/noticias\/#\/schema\/person\/6339b9fac59d12b071dec680d7375d87\",\"name\":\"ritanery\",\"image\":{\"@type\":\"ImageObject\",\"inLanguage\":\"pt-BR\",\"@id\":\"https:\/\/secure.gravatar.com\/avatar\/0e37bb19071f47c0b8a23f62a903df117c5a0e75f65a0c2901562f97cd41cf86?s=96&d=mm&r=g\",\"url\":\"https:\/\/secure.gravatar.com\/avatar\/0e37bb19071f47c0b8a23f62a903df117c5a0e75f65a0c2901562f97cd41cf86?s=96&d=mm&r=g\",\"contentUrl\":\"https:\/\/secure.gravatar.com\/avatar\/0e37bb19071f47c0b8a23f62a903df117c5a0e75f65a0c2901562f97cd41cf86?s=96&d=mm&r=g\",\"caption\":\"ritanery\"}}]}<\/script>\n<!-- \/ Yoast SEO plugin. -->","yoast_head_json":{"title":"Temendo perdas, professores municipais pedem que C\u00e2mara rejeite projeto que muda plano de carreira - R\u00e1dio Life FM","robots":{"index":"index","follow":"follow","max-snippet":"max-snippet:-1","max-image-preview":"max-image-preview:large","max-video-preview":"max-video-preview:-1"},"canonical":"https:\/\/radiolifefm.com.br\/noticias\/temendo-perdas-professores-municipais-pedem-que-camara-rejeite-projeto-que-muda-plano-de-carreira\/","og_locale":"pt_BR","og_type":"article","og_title":"Temendo perdas, professores municipais pedem que C\u00e2mara rejeite projeto que muda plano de carreira - R\u00e1dio Life FM","og_description":"Tramita na C\u00e2mara Municipal de Adamantina o\u00a0Projeto de Lei N\u00ba 13, de 13 de outubro de 2021, de autoria do prefeito municipal, que \u201cReorganiza o Plano de Carreira e Remunera\u00e7\u00e3o do Magist\u00e9rio P\u00fablico Municipal de Adamantina e d\u00e1 provid\u00eancias correlatas\u201d. &nbsp; A proposta legislativa tramita na C\u00e2mara e foi tema de uma reuni\u00e3o semana passada [&hellip;]","og_url":"https:\/\/radiolifefm.com.br\/noticias\/temendo-perdas-professores-municipais-pedem-que-camara-rejeite-projeto-que-muda-plano-de-carreira\/","og_site_name":"R\u00e1dio Life FM","article_publisher":"https:\/\/www.facebook.com\/radiolifefm\/","article_published_time":"2021-11-09T01:06:38+00:00","article_modified_time":"2026-03-29T18:12:55+00:00","og_image":[{"width":600,"height":337,"url":"https:\/\/radiolifefm.com.br\/noticias\/wp-content\/uploads\/2021\/11\/cellphone13526131920jpg163640388561898aadea115.jpg","type":"image\/jpeg"}],"author":"ritanery","twitter_card":"summary_large_image","twitter_misc":{"Escrito por":"ritanery","Est. tempo de leitura":"7 minutos"},"schema":{"@context":"https:\/\/schema.org","@graph":[{"@type":"Article","@id":"https:\/\/radiolifefm.com.br\/noticias\/temendo-perdas-professores-municipais-pedem-que-camara-rejeite-projeto-que-muda-plano-de-carreira\/#article","isPartOf":{"@id":"https:\/\/radiolifefm.com.br\/noticias\/temendo-perdas-professores-municipais-pedem-que-camara-rejeite-projeto-que-muda-plano-de-carreira\/"},"author":{"name":"ritanery","@id":"https:\/\/radiolifefm.com.br\/noticias\/#\/schema\/person\/6339b9fac59d12b071dec680d7375d87"},"headline":"Temendo perdas, professores municipais pedem que C\u00e2mara rejeite projeto que muda plano de carreira","datePublished":"2021-11-09T01:06:38+00:00","dateModified":"2026-03-29T18:12:55+00:00","mainEntityOfPage":{"@id":"https:\/\/radiolifefm.com.br\/noticias\/temendo-perdas-professores-municipais-pedem-que-camara-rejeite-projeto-que-muda-plano-de-carreira\/"},"wordCount":1412,"publisher":{"@id":"https:\/\/radiolifefm.com.br\/noticias\/#organization"},"image":{"@id":"https:\/\/radiolifefm.com.br\/noticias\/temendo-perdas-professores-municipais-pedem-que-camara-rejeite-projeto-que-muda-plano-de-carreira\/#primaryimage"},"thumbnailUrl":"https:\/\/radiolifefm.com.br\/noticias\/wp-content\/uploads\/2021\/11\/cellphone13526131920jpg163640388561898aadea115.jpg","articleSection":["Adamantina"],"inLanguage":"pt-BR"},{"@type":"WebPage","@id":"https:\/\/radiolifefm.com.br\/noticias\/temendo-perdas-professores-municipais-pedem-que-camara-rejeite-projeto-que-muda-plano-de-carreira\/","url":"https:\/\/radiolifefm.com.br\/noticias\/temendo-perdas-professores-municipais-pedem-que-camara-rejeite-projeto-que-muda-plano-de-carreira\/","name":"Temendo perdas, professores municipais pedem que C\u00e2mara rejeite projeto que muda plano de carreira - R\u00e1dio Life FM","isPartOf":{"@id":"https:\/\/radiolifefm.com.br\/noticias\/#website"},"primaryImageOfPage":{"@id":"https:\/\/radiolifefm.com.br\/noticias\/temendo-perdas-professores-municipais-pedem-que-camara-rejeite-projeto-que-muda-plano-de-carreira\/#primaryimage"},"image":{"@id":"https:\/\/radiolifefm.com.br\/noticias\/temendo-perdas-professores-municipais-pedem-que-camara-rejeite-projeto-que-muda-plano-de-carreira\/#primaryimage"},"thumbnailUrl":"https:\/\/radiolifefm.com.br\/noticias\/wp-content\/uploads\/2021\/11\/cellphone13526131920jpg163640388561898aadea115.jpg","datePublished":"2021-11-09T01:06:38+00:00","dateModified":"2026-03-29T18:12:55+00:00","breadcrumb":{"@id":"https:\/\/radiolifefm.com.br\/noticias\/temendo-perdas-professores-municipais-pedem-que-camara-rejeite-projeto-que-muda-plano-de-carreira\/#breadcrumb"},"inLanguage":"pt-BR","potentialAction":[{"@type":"ReadAction","target":["https:\/\/radiolifefm.com.br\/noticias\/temendo-perdas-professores-municipais-pedem-que-camara-rejeite-projeto-que-muda-plano-de-carreira\/"]}]},{"@type":"ImageObject","inLanguage":"pt-BR","@id":"https:\/\/radiolifefm.com.br\/noticias\/temendo-perdas-professores-municipais-pedem-que-camara-rejeite-projeto-que-muda-plano-de-carreira\/#primaryimage","url":"https:\/\/radiolifefm.com.br\/noticias\/wp-content\/uploads\/2021\/11\/cellphone13526131920jpg163640388561898aadea115.jpg","contentUrl":"https:\/\/radiolifefm.com.br\/noticias\/wp-content\/uploads\/2021\/11\/cellphone13526131920jpg163640388561898aadea115.jpg","width":600,"height":337,"caption":"Projeto de lei da Prefeitura prop\u00f5e mudan\u00e7as no plano de carreira do magist\u00e9rio municipal."},{"@type":"BreadcrumbList","@id":"https:\/\/radiolifefm.com.br\/noticias\/temendo-perdas-professores-municipais-pedem-que-camara-rejeite-projeto-que-muda-plano-de-carreira\/#breadcrumb","itemListElement":[{"@type":"ListItem","position":1,"name":"In\u00edcio","item":"https:\/\/radiolifefm.com.br\/noticias\/"},{"@type":"ListItem","position":2,"name":"Temendo perdas, professores municipais pedem que C\u00e2mara rejeite projeto que muda plano de carreira"}]},{"@type":"WebSite","@id":"https:\/\/radiolifefm.com.br\/noticias\/#website","url":"https:\/\/radiolifefm.com.br\/noticias\/","name":"R\u00e1dio Life FM","description":"O Portal de Not\u00edcias de Adamantina","publisher":{"@id":"https:\/\/radiolifefm.com.br\/noticias\/#organization"},"alternateName":"Life FM","potentialAction":[{"@type":"SearchAction","target":{"@type":"EntryPoint","urlTemplate":"https:\/\/radiolifefm.com.br\/noticias\/?s={search_term_string}"},"query-input":{"@type":"PropertyValueSpecification","valueRequired":true,"valueName":"search_term_string"}}],"inLanguage":"pt-BR"},{"@type":"Organization","@id":"https:\/\/radiolifefm.com.br\/noticias\/#organization","name":"R\u00e1dio Life FM","alternateName":"Life FM","url":"https:\/\/radiolifefm.com.br\/noticias\/","logo":{"@type":"ImageObject","inLanguage":"pt-BR","@id":"https:\/\/radiolifefm.com.br\/noticias\/#\/schema\/logo\/image\/","url":"https:\/\/static.radiolifefm.com.br\/noticias\/wp-content\/uploads\/2019\/10\/logo-lifefm.png","contentUrl":"https:\/\/static.radiolifefm.com.br\/noticias\/wp-content\/uploads\/2019\/10\/logo-lifefm.png","width":196,"height":47,"caption":"R\u00e1dio Life FM"},"image":{"@id":"https:\/\/radiolifefm.com.br\/noticias\/#\/schema\/logo\/image\/"},"sameAs":["https:\/\/www.facebook.com\/radiolifefm\/","https:\/\/www.instagram.com\/life1079fm\/"]},{"@type":"Person","@id":"https:\/\/radiolifefm.com.br\/noticias\/#\/schema\/person\/6339b9fac59d12b071dec680d7375d87","name":"ritanery","image":{"@type":"ImageObject","inLanguage":"pt-BR","@id":"https:\/\/secure.gravatar.com\/avatar\/0e37bb19071f47c0b8a23f62a903df117c5a0e75f65a0c2901562f97cd41cf86?s=96&d=mm&r=g","url":"https:\/\/secure.gravatar.com\/avatar\/0e37bb19071f47c0b8a23f62a903df117c5a0e75f65a0c2901562f97cd41cf86?s=96&d=mm&r=g","contentUrl":"https:\/\/secure.gravatar.com\/avatar\/0e37bb19071f47c0b8a23f62a903df117c5a0e75f65a0c2901562f97cd41cf86?s=96&d=mm&r=g","caption":"ritanery"}}]}},"amp_enabled":true,"_links":{"self":[{"href":"https:\/\/radiolifefm.com.br\/noticias\/wp-json\/wp\/v2\/posts\/45388","targetHints":{"allow":["GET"]}}],"collection":[{"href":"https:\/\/radiolifefm.com.br\/noticias\/wp-json\/wp\/v2\/posts"}],"about":[{"href":"https:\/\/radiolifefm.com.br\/noticias\/wp-json\/wp\/v2\/types\/post"}],"author":[{"embeddable":true,"href":"https:\/\/radiolifefm.com.br\/noticias\/wp-json\/wp\/v2\/users\/13"}],"replies":[{"embeddable":true,"href":"https:\/\/radiolifefm.com.br\/noticias\/wp-json\/wp\/v2\/comments?post=45388"}],"version-history":[{"count":3,"href":"https:\/\/radiolifefm.com.br\/noticias\/wp-json\/wp\/v2\/posts\/45388\/revisions"}],"predecessor-version":[{"id":45394,"href":"https:\/\/radiolifefm.com.br\/noticias\/wp-json\/wp\/v2\/posts\/45388\/revisions\/45394"}],"wp:featuredmedia":[{"embeddable":true,"href":"https:\/\/radiolifefm.com.br\/noticias\/wp-json\/wp\/v2\/media\/45389"}],"wp:attachment":[{"href":"https:\/\/radiolifefm.com.br\/noticias\/wp-json\/wp\/v2\/media?parent=45388"}],"wp:term":[{"taxonomy":"category","embeddable":true,"href":"https:\/\/radiolifefm.com.br\/noticias\/wp-json\/wp\/v2\/categories?post=45388"},{"taxonomy":"post_tag","embeddable":true,"href":"https:\/\/radiolifefm.com.br\/noticias\/wp-json\/wp\/v2\/tags?post=45388"}],"curies":[{"name":"wp","href":"https:\/\/api.w.org\/{rel}","templated":true}]}}