{"id":45224,"date":"2021-11-04T21:13:59","date_gmt":"2021-11-05T00:13:59","guid":{"rendered":"https:\/\/radiolifefm.com.br\/noticias\/?p=45224"},"modified":"2026-04-19T06:58:45","modified_gmt":"2026-04-19T09:58:45","slug":"1-concurso-de-cafe-canefora-de-sao-paulo-e-realizado-na-apta-regional-de-adamantina","status":"publish","type":"post","link":"https:\/\/radiolifefm.com.br\/noticias\/1-concurso-de-cafe-canefora-de-sao-paulo-e-realizado-na-apta-regional-de-adamantina\/","title":{"rendered":"1\u00b0 Concurso de Caf\u00e9 Can\u00e9fora de S\u00e3o Paulo \u00e9 realizado na APTA Regional de Adamantina"},"content":{"rendered":"<div id=\"fb-root\"><\/div>\n<p>Foi realizado em Adamantina pela Secretaria de Agricultura e Abastecimento do Estado, nesta quinta-feira, dia 4, o 1\u00b0 Concurso de Caf\u00e9 Can\u00e9fora de S\u00e3o Paulo.<\/p>\n<p>&nbsp;<\/p>\n<p>Representando o secret\u00e1rio de Agricultura e Abastecimento de S\u00e3o Paulo, Itamar Borges, o secret\u00e1rio-executivo, Francisco Matturro, esteve na APTA Regional de Adamantina, local onde foi realizado o evento.<\/p>\n<p>&nbsp;<\/p>\n<p>O primeiro concurso de caf\u00e9 Can\u00e9fora Paulista \u00e9 um marco por fomentar a produ\u00e7\u00e3o desse tipo de caf\u00e9 em terras paulistas.<\/p>\n<p>&nbsp;<\/p>\n<p>\u201d O que est\u00e1 acontecendo aqui \u00e9 fruto da pesquisa. Com os R$ 52 milh\u00f5es de investimentos em pesquisa, feitos com recursos do Tesouro paulista nos Institutos da Secretaria, iniciativas como esta ir\u00e3o aumentar\u201d, ressaltou Matturro.<\/p>\n<p>&nbsp;<\/p>\n<p>De acordo com Fernando Nakayama, diretor da unidade e respons\u00e1vel pelo evento, o caf\u00e9 Can\u00e9fora (Robusta ou Conilon) \u00e9 uma op\u00e7\u00e3o sustent\u00e1vel de renda, principalmente para o pequeno produtor.<\/p>\n<p>&nbsp;<\/p>\n<p>\u201cA Secretaria de Agricultura acredita nessa ideia, por isso, selecionamos esse material para ofertar um produto seguro para o desenvolvimento sustent\u00e1vel dos produtores\u201d, comentou Nakayama.<\/p>\n<p>&nbsp;<\/p>\n<p>O objetivo do evento \u00e9 avaliar a qualidade do produto paulista. Assim, o concurso organizado pela Secretaria recebeu 28 amostras, de 24 produtores, de 13 munic\u00edpios paulistas.<\/p>\n<p>&nbsp;<\/p>\n<p>Segundo o diretor da APTA Regional, Daniel Gomes, a qualidade do caf\u00e9 do oeste paulista est\u00e1 acima da m\u00e9dia.<\/p>\n<p>\u201cSer\u00e3o produzidos artigos cient\u00edficos, validando a qualidade do caf\u00e9 nas duas principais metodologias, a SCAA (metodologia dos Estados Unidos) e a do Programa de Qualidade do Caf\u00e9 (PQC), pela qual o Ita \u00e9 uma das entidades credenciadas para o teste\u201d, falou Gomes.<\/p>\n<p>&nbsp;<\/p>\n<p>Atestaram a qualidade do caf\u00e9 as pesquisadoras do Ital (Instituto de Tecnologia dos Alimentos) Aline Garcia e K\u00e1tia Cipolli, e do Sindicaf\u00e9, Camila Arcanjo.<\/p>\n<p>&nbsp;<\/p>\n<p>O evento contou com a participa\u00e7\u00e3o de pesquisadores da Secretaria, entre eles do IAC, IEA, APTA Regional e Ital, al\u00e9m de t\u00e9cnicos da CATI.<\/p>\n<p>&nbsp;<\/p>\n<p>Estiveram presentes: Teca Vendramini, presidente da Sociedade Rural Brasileira; Edvaldo Teixeira, vice-presidente da Abic; Celso Vegro, diretor do Instituto de Economia Agr\u00edcola; Diogenes Kassaoka, da Codeagro; Wilson Seidy, secret\u00e1rio de Agricultura e Meio Ambiente de Irapuru; Julio Mistro, diretor do Centro de Caf\u00e9 de Campinas; Gumercindo Fernandes, diretor da cooperativa Canda; Carlos Renato, gerente unidade Canda; Julio S\u00e9rgio Martin, diretor EDR de Dracena; Claudia Santos, diretora administrativa da Associa\u00e7\u00e3o dos munic\u00edpios da Nova Alta Paulista; Edson Teixeira, diretor da Treviolo Caf\u00e9; Daniel Golfeto, gerente industrial da Caf\u00e9 Brasil, entre outros representantes e lideran\u00e7as da cafeicultura paulista.<\/p>\n<p>&nbsp;<\/p>\n<div class='flex flex-wrap items-center -mx-1'>\r\n<a class='thumbnail gallery p-1 w-1\/2 md:w-1\/4' href='https:\/\/radiolifefm.com.br\/noticias\/wp-content\/uploads\/2021\/11\/APTA-2.jpg'><img class='border border-white' src='https:\/\/radiolifefm.com.br\/noticias\/wp-content\/uploads\/2021\/11\/APTA-2-200x200.jpg' alt='APTA 2' \/><\/a><a class='thumbnail gallery p-1 w-1\/2 md:w-1\/4' href='https:\/\/radiolifefm.com.br\/noticias\/wp-content\/uploads\/2021\/11\/APTA-3.jpg'><img class='border border-white' src='https:\/\/radiolifefm.com.br\/noticias\/wp-content\/uploads\/2021\/11\/APTA-3-200x200.jpg' alt='APTA 3' \/><\/a><a class='thumbnail gallery p-1 w-1\/2 md:w-1\/4' href='https:\/\/radiolifefm.com.br\/noticias\/wp-content\/uploads\/2021\/11\/APTA-4.jpg'><img class='border border-white' src='https:\/\/radiolifefm.com.br\/noticias\/wp-content\/uploads\/2021\/11\/APTA-4-200x200.jpg' alt='APTA 4' \/><\/a><\/div>\n<p>Fonte: Folha Regional<\/p>\n","protected":false},"excerpt":{"rendered":"<p>Foi realizado em Adamantina pela Secretaria de Agricultura e Abastecimento do Estado, nesta quinta-feira, dia 4, o 1\u00b0 Concurso de Caf\u00e9 Can\u00e9fora de S\u00e3o Paulo. &nbsp; Representando o secret\u00e1rio de Agricultura e Abastecimento de S\u00e3o Paulo, Itamar Borges, o secret\u00e1rio-executivo, Francisco Matturro, esteve na APTA Regional de Adamantina, local onde foi realizado o evento. &nbsp; [&hellip;]<\/p>\n","protected":false},"author":13,"featured_media":45225,"comment_status":"closed","ping_status":"open","sticky":false,"template":"","format":"standard","meta":{"_acf_changed":false,"_exactmetrics_skip_tracking":false,"_exactmetrics_sitenote_active":false,"_exactmetrics_sitenote_note":"","_exactmetrics_sitenote_category":0,"footnotes":""},"categories":[21],"tags":[],"class_list":["post-45224","post","type-post","status-publish","format-standard","has-post-thumbnail","hentry","category-adamantina"],"acf":[],"yoast_head":"<!-- This site is optimized with the Yoast SEO plugin v27.2 - https:\/\/yoast.com\/product\/yoast-seo-wordpress\/ -->\n<title>1\u00b0 Concurso de Caf\u00e9 Can\u00e9fora de S\u00e3o Paulo \u00e9 realizado na APTA Regional de Adamantina - R\u00e1dio Life FM<\/title>\n<meta name=\"robots\" content=\"index, follow, max-snippet:-1, max-image-preview:large, max-video-preview:-1\" \/>\n<link rel=\"canonical\" href=\"https:\/\/radiolifefm.com.br\/noticias\/1-concurso-de-cafe-canefora-de-sao-paulo-e-realizado-na-apta-regional-de-adamantina\/\" \/>\n<meta property=\"og:locale\" content=\"pt_BR\" \/>\n<meta property=\"og:type\" content=\"article\" \/>\n<meta property=\"og:title\" content=\"1\u00b0 Concurso de Caf\u00e9 Can\u00e9fora de S\u00e3o Paulo \u00e9 realizado na APTA Regional de Adamantina - R\u00e1dio Life FM\" \/>\n<meta property=\"og:description\" content=\"Foi realizado em Adamantina pela Secretaria de Agricultura e Abastecimento do Estado, nesta quinta-feira, dia 4, o 1\u00b0 Concurso de Caf\u00e9 Can\u00e9fora de S\u00e3o Paulo. &nbsp; Representando o secret\u00e1rio de Agricultura e Abastecimento de S\u00e3o Paulo, Itamar Borges, o secret\u00e1rio-executivo, Francisco Matturro, esteve na APTA Regional de Adamantina, local onde foi realizado o evento. &nbsp; [&hellip;]\" \/>\n<meta property=\"og:url\" content=\"https:\/\/radiolifefm.com.br\/noticias\/1-concurso-de-cafe-canefora-de-sao-paulo-e-realizado-na-apta-regional-de-adamantina\/\" \/>\n<meta property=\"og:site_name\" content=\"R\u00e1dio Life FM\" \/>\n<meta property=\"article:publisher\" content=\"https:\/\/www.facebook.com\/radiolifefm\/\" \/>\n<meta property=\"article:published_time\" content=\"2021-11-05T00:13:59+00:00\" \/>\n<meta property=\"article:modified_time\" content=\"2026-04-19T09:58:45+00:00\" \/>\n<meta property=\"og:image\" content=\"https:\/\/radiolifefm.com.br\/noticias\/wp-content\/uploads\/2021\/11\/APTA-1.jpg\" \/>\n\t<meta property=\"og:image:width\" content=\"683\" \/>\n\t<meta property=\"og:image:height\" content=\"455\" \/>\n\t<meta property=\"og:image:type\" content=\"image\/jpeg\" \/>\n<meta name=\"author\" content=\"ritanery\" \/>\n<meta name=\"twitter:card\" content=\"summary_large_image\" \/>\n<meta name=\"twitter:label1\" content=\"Escrito por\" \/>\n\t<meta name=\"twitter:data1\" content=\"ritanery\" \/>\n\t<meta name=\"twitter:label2\" content=\"Est. tempo de leitura\" \/>\n\t<meta name=\"twitter:data2\" content=\"2 minutos\" \/>\n<script type=\"application\/ld+json\" class=\"yoast-schema-graph\">{\"@context\":\"https:\/\/schema.org\",\"@graph\":[{\"@type\":\"Article\",\"@id\":\"https:\/\/radiolifefm.com.br\/noticias\/1-concurso-de-cafe-canefora-de-sao-paulo-e-realizado-na-apta-regional-de-adamantina\/#article\",\"isPartOf\":{\"@id\":\"https:\/\/radiolifefm.com.br\/noticias\/1-concurso-de-cafe-canefora-de-sao-paulo-e-realizado-na-apta-regional-de-adamantina\/\"},\"author\":{\"name\":\"ritanery\",\"@id\":\"https:\/\/radiolifefm.com.br\/noticias\/#\/schema\/person\/6339b9fac59d12b071dec680d7375d87\"},\"headline\":\"1\u00b0 Concurso de Caf\u00e9 Can\u00e9fora de S\u00e3o Paulo \u00e9 realizado na APTA Regional de Adamantina\",\"datePublished\":\"2021-11-05T00:13:59+00:00\",\"dateModified\":\"2026-04-19T09:58:45+00:00\",\"mainEntityOfPage\":{\"@id\":\"https:\/\/radiolifefm.com.br\/noticias\/1-concurso-de-cafe-canefora-de-sao-paulo-e-realizado-na-apta-regional-de-adamantina\/\"},\"wordCount\":445,\"publisher\":{\"@id\":\"https:\/\/radiolifefm.com.br\/noticias\/#organization\"},\"image\":{\"@id\":\"https:\/\/radiolifefm.com.br\/noticias\/1-concurso-de-cafe-canefora-de-sao-paulo-e-realizado-na-apta-regional-de-adamantina\/#primaryimage\"},\"thumbnailUrl\":\"https:\/\/radiolifefm.com.br\/noticias\/wp-content\/uploads\/2021\/11\/APTA-1.jpg\",\"articleSection\":[\"Adamantina\"],\"inLanguage\":\"pt-BR\"},{\"@type\":\"WebPage\",\"@id\":\"https:\/\/radiolifefm.com.br\/noticias\/1-concurso-de-cafe-canefora-de-sao-paulo-e-realizado-na-apta-regional-de-adamantina\/\",\"url\":\"https:\/\/radiolifefm.com.br\/noticias\/1-concurso-de-cafe-canefora-de-sao-paulo-e-realizado-na-apta-regional-de-adamantina\/\",\"name\":\"1\u00b0 Concurso de Caf\u00e9 Can\u00e9fora de S\u00e3o Paulo \u00e9 realizado na APTA Regional de Adamantina - R\u00e1dio Life FM\",\"isPartOf\":{\"@id\":\"https:\/\/radiolifefm.com.br\/noticias\/#website\"},\"primaryImageOfPage\":{\"@id\":\"https:\/\/radiolifefm.com.br\/noticias\/1-concurso-de-cafe-canefora-de-sao-paulo-e-realizado-na-apta-regional-de-adamantina\/#primaryimage\"},\"image\":{\"@id\":\"https:\/\/radiolifefm.com.br\/noticias\/1-concurso-de-cafe-canefora-de-sao-paulo-e-realizado-na-apta-regional-de-adamantina\/#primaryimage\"},\"thumbnailUrl\":\"https:\/\/radiolifefm.com.br\/noticias\/wp-content\/uploads\/2021\/11\/APTA-1.jpg\",\"datePublished\":\"2021-11-05T00:13:59+00:00\",\"dateModified\":\"2026-04-19T09:58:45+00:00\",\"breadcrumb\":{\"@id\":\"https:\/\/radiolifefm.com.br\/noticias\/1-concurso-de-cafe-canefora-de-sao-paulo-e-realizado-na-apta-regional-de-adamantina\/#breadcrumb\"},\"inLanguage\":\"pt-BR\",\"potentialAction\":[{\"@type\":\"ReadAction\",\"target\":[\"https:\/\/radiolifefm.com.br\/noticias\/1-concurso-de-cafe-canefora-de-sao-paulo-e-realizado-na-apta-regional-de-adamantina\/\"]}]},{\"@type\":\"ImageObject\",\"inLanguage\":\"pt-BR\",\"@id\":\"https:\/\/radiolifefm.com.br\/noticias\/1-concurso-de-cafe-canefora-de-sao-paulo-e-realizado-na-apta-regional-de-adamantina\/#primaryimage\",\"url\":\"https:\/\/radiolifefm.com.br\/noticias\/wp-content\/uploads\/2021\/11\/APTA-1.jpg\",\"contentUrl\":\"https:\/\/radiolifefm.com.br\/noticias\/wp-content\/uploads\/2021\/11\/APTA-1.jpg\",\"width\":683,\"height\":455},{\"@type\":\"BreadcrumbList\",\"@id\":\"https:\/\/radiolifefm.com.br\/noticias\/1-concurso-de-cafe-canefora-de-sao-paulo-e-realizado-na-apta-regional-de-adamantina\/#breadcrumb\",\"itemListElement\":[{\"@type\":\"ListItem\",\"position\":1,\"name\":\"In\u00edcio\",\"item\":\"https:\/\/radiolifefm.com.br\/noticias\/\"},{\"@type\":\"ListItem\",\"position\":2,\"name\":\"1\u00b0 Concurso de Caf\u00e9 Can\u00e9fora de S\u00e3o Paulo \u00e9 realizado na APTA Regional de Adamantina\"}]},{\"@type\":\"WebSite\",\"@id\":\"https:\/\/radiolifefm.com.br\/noticias\/#website\",\"url\":\"https:\/\/radiolifefm.com.br\/noticias\/\",\"name\":\"R\u00e1dio Life FM\",\"description\":\"O Portal de Not\u00edcias de Adamantina\",\"publisher\":{\"@id\":\"https:\/\/radiolifefm.com.br\/noticias\/#organization\"},\"alternateName\":\"Life FM\",\"potentialAction\":[{\"@type\":\"SearchAction\",\"target\":{\"@type\":\"EntryPoint\",\"urlTemplate\":\"https:\/\/radiolifefm.com.br\/noticias\/?s={search_term_string}\"},\"query-input\":{\"@type\":\"PropertyValueSpecification\",\"valueRequired\":true,\"valueName\":\"search_term_string\"}}],\"inLanguage\":\"pt-BR\"},{\"@type\":\"Organization\",\"@id\":\"https:\/\/radiolifefm.com.br\/noticias\/#organization\",\"name\":\"R\u00e1dio Life FM\",\"alternateName\":\"Life FM\",\"url\":\"https:\/\/radiolifefm.com.br\/noticias\/\",\"logo\":{\"@type\":\"ImageObject\",\"inLanguage\":\"pt-BR\",\"@id\":\"https:\/\/radiolifefm.com.br\/noticias\/#\/schema\/logo\/image\/\",\"url\":\"https:\/\/static.radiolifefm.com.br\/noticias\/wp-content\/uploads\/2019\/10\/logo-lifefm.png\",\"contentUrl\":\"https:\/\/static.radiolifefm.com.br\/noticias\/wp-content\/uploads\/2019\/10\/logo-lifefm.png\",\"width\":196,\"height\":47,\"caption\":\"R\u00e1dio Life FM\"},\"image\":{\"@id\":\"https:\/\/radiolifefm.com.br\/noticias\/#\/schema\/logo\/image\/\"},\"sameAs\":[\"https:\/\/www.facebook.com\/radiolifefm\/\",\"https:\/\/www.instagram.com\/life1079fm\/\"]},{\"@type\":\"Person\",\"@id\":\"https:\/\/radiolifefm.com.br\/noticias\/#\/schema\/person\/6339b9fac59d12b071dec680d7375d87\",\"name\":\"ritanery\",\"image\":{\"@type\":\"ImageObject\",\"inLanguage\":\"pt-BR\",\"@id\":\"https:\/\/secure.gravatar.com\/avatar\/0e37bb19071f47c0b8a23f62a903df117c5a0e75f65a0c2901562f97cd41cf86?s=96&d=mm&r=g\",\"url\":\"https:\/\/secure.gravatar.com\/avatar\/0e37bb19071f47c0b8a23f62a903df117c5a0e75f65a0c2901562f97cd41cf86?s=96&d=mm&r=g\",\"contentUrl\":\"https:\/\/secure.gravatar.com\/avatar\/0e37bb19071f47c0b8a23f62a903df117c5a0e75f65a0c2901562f97cd41cf86?s=96&d=mm&r=g\",\"caption\":\"ritanery\"}}]}<\/script>\n<!-- \/ Yoast SEO plugin. -->","yoast_head_json":{"title":"1\u00b0 Concurso de Caf\u00e9 Can\u00e9fora de S\u00e3o Paulo \u00e9 realizado na APTA Regional de Adamantina - R\u00e1dio Life FM","robots":{"index":"index","follow":"follow","max-snippet":"max-snippet:-1","max-image-preview":"max-image-preview:large","max-video-preview":"max-video-preview:-1"},"canonical":"https:\/\/radiolifefm.com.br\/noticias\/1-concurso-de-cafe-canefora-de-sao-paulo-e-realizado-na-apta-regional-de-adamantina\/","og_locale":"pt_BR","og_type":"article","og_title":"1\u00b0 Concurso de Caf\u00e9 Can\u00e9fora de S\u00e3o Paulo \u00e9 realizado na APTA Regional de Adamantina - R\u00e1dio Life FM","og_description":"Foi realizado em Adamantina pela Secretaria de Agricultura e Abastecimento do Estado, nesta quinta-feira, dia 4, o 1\u00b0 Concurso de Caf\u00e9 Can\u00e9fora de S\u00e3o Paulo. &nbsp; Representando o secret\u00e1rio de Agricultura e Abastecimento de S\u00e3o Paulo, Itamar Borges, o secret\u00e1rio-executivo, Francisco Matturro, esteve na APTA Regional de Adamantina, local onde foi realizado o evento. &nbsp; [&hellip;]","og_url":"https:\/\/radiolifefm.com.br\/noticias\/1-concurso-de-cafe-canefora-de-sao-paulo-e-realizado-na-apta-regional-de-adamantina\/","og_site_name":"R\u00e1dio Life FM","article_publisher":"https:\/\/www.facebook.com\/radiolifefm\/","article_published_time":"2021-11-05T00:13:59+00:00","article_modified_time":"2026-04-19T09:58:45+00:00","og_image":[{"width":683,"height":455,"url":"https:\/\/radiolifefm.com.br\/noticias\/wp-content\/uploads\/2021\/11\/APTA-1.jpg","type":"image\/jpeg"}],"author":"ritanery","twitter_card":"summary_large_image","twitter_misc":{"Escrito por":"ritanery","Est. tempo de leitura":"2 minutos"},"schema":{"@context":"https:\/\/schema.org","@graph":[{"@type":"Article","@id":"https:\/\/radiolifefm.com.br\/noticias\/1-concurso-de-cafe-canefora-de-sao-paulo-e-realizado-na-apta-regional-de-adamantina\/#article","isPartOf":{"@id":"https:\/\/radiolifefm.com.br\/noticias\/1-concurso-de-cafe-canefora-de-sao-paulo-e-realizado-na-apta-regional-de-adamantina\/"},"author":{"name":"ritanery","@id":"https:\/\/radiolifefm.com.br\/noticias\/#\/schema\/person\/6339b9fac59d12b071dec680d7375d87"},"headline":"1\u00b0 Concurso de Caf\u00e9 Can\u00e9fora de S\u00e3o Paulo \u00e9 realizado na APTA Regional de Adamantina","datePublished":"2021-11-05T00:13:59+00:00","dateModified":"2026-04-19T09:58:45+00:00","mainEntityOfPage":{"@id":"https:\/\/radiolifefm.com.br\/noticias\/1-concurso-de-cafe-canefora-de-sao-paulo-e-realizado-na-apta-regional-de-adamantina\/"},"wordCount":445,"publisher":{"@id":"https:\/\/radiolifefm.com.br\/noticias\/#organization"},"image":{"@id":"https:\/\/radiolifefm.com.br\/noticias\/1-concurso-de-cafe-canefora-de-sao-paulo-e-realizado-na-apta-regional-de-adamantina\/#primaryimage"},"thumbnailUrl":"https:\/\/radiolifefm.com.br\/noticias\/wp-content\/uploads\/2021\/11\/APTA-1.jpg","articleSection":["Adamantina"],"inLanguage":"pt-BR"},{"@type":"WebPage","@id":"https:\/\/radiolifefm.com.br\/noticias\/1-concurso-de-cafe-canefora-de-sao-paulo-e-realizado-na-apta-regional-de-adamantina\/","url":"https:\/\/radiolifefm.com.br\/noticias\/1-concurso-de-cafe-canefora-de-sao-paulo-e-realizado-na-apta-regional-de-adamantina\/","name":"1\u00b0 Concurso de Caf\u00e9 Can\u00e9fora de S\u00e3o Paulo \u00e9 realizado na APTA Regional de Adamantina - R\u00e1dio Life FM","isPartOf":{"@id":"https:\/\/radiolifefm.com.br\/noticias\/#website"},"primaryImageOfPage":{"@id":"https:\/\/radiolifefm.com.br\/noticias\/1-concurso-de-cafe-canefora-de-sao-paulo-e-realizado-na-apta-regional-de-adamantina\/#primaryimage"},"image":{"@id":"https:\/\/radiolifefm.com.br\/noticias\/1-concurso-de-cafe-canefora-de-sao-paulo-e-realizado-na-apta-regional-de-adamantina\/#primaryimage"},"thumbnailUrl":"https:\/\/radiolifefm.com.br\/noticias\/wp-content\/uploads\/2021\/11\/APTA-1.jpg","datePublished":"2021-11-05T00:13:59+00:00","dateModified":"2026-04-19T09:58:45+00:00","breadcrumb":{"@id":"https:\/\/radiolifefm.com.br\/noticias\/1-concurso-de-cafe-canefora-de-sao-paulo-e-realizado-na-apta-regional-de-adamantina\/#breadcrumb"},"inLanguage":"pt-BR","potentialAction":[{"@type":"ReadAction","target":["https:\/\/radiolifefm.com.br\/noticias\/1-concurso-de-cafe-canefora-de-sao-paulo-e-realizado-na-apta-regional-de-adamantina\/"]}]},{"@type":"ImageObject","inLanguage":"pt-BR","@id":"https:\/\/radiolifefm.com.br\/noticias\/1-concurso-de-cafe-canefora-de-sao-paulo-e-realizado-na-apta-regional-de-adamantina\/#primaryimage","url":"https:\/\/radiolifefm.com.br\/noticias\/wp-content\/uploads\/2021\/11\/APTA-1.jpg","contentUrl":"https:\/\/radiolifefm.com.br\/noticias\/wp-content\/uploads\/2021\/11\/APTA-1.jpg","width":683,"height":455},{"@type":"BreadcrumbList","@id":"https:\/\/radiolifefm.com.br\/noticias\/1-concurso-de-cafe-canefora-de-sao-paulo-e-realizado-na-apta-regional-de-adamantina\/#breadcrumb","itemListElement":[{"@type":"ListItem","position":1,"name":"In\u00edcio","item":"https:\/\/radiolifefm.com.br\/noticias\/"},{"@type":"ListItem","position":2,"name":"1\u00b0 Concurso de Caf\u00e9 Can\u00e9fora de S\u00e3o Paulo \u00e9 realizado na APTA Regional de Adamantina"}]},{"@type":"WebSite","@id":"https:\/\/radiolifefm.com.br\/noticias\/#website","url":"https:\/\/radiolifefm.com.br\/noticias\/","name":"R\u00e1dio Life FM","description":"O Portal de Not\u00edcias de Adamantina","publisher":{"@id":"https:\/\/radiolifefm.com.br\/noticias\/#organization"},"alternateName":"Life FM","potentialAction":[{"@type":"SearchAction","target":{"@type":"EntryPoint","urlTemplate":"https:\/\/radiolifefm.com.br\/noticias\/?s={search_term_string}"},"query-input":{"@type":"PropertyValueSpecification","valueRequired":true,"valueName":"search_term_string"}}],"inLanguage":"pt-BR"},{"@type":"Organization","@id":"https:\/\/radiolifefm.com.br\/noticias\/#organization","name":"R\u00e1dio Life FM","alternateName":"Life FM","url":"https:\/\/radiolifefm.com.br\/noticias\/","logo":{"@type":"ImageObject","inLanguage":"pt-BR","@id":"https:\/\/radiolifefm.com.br\/noticias\/#\/schema\/logo\/image\/","url":"https:\/\/static.radiolifefm.com.br\/noticias\/wp-content\/uploads\/2019\/10\/logo-lifefm.png","contentUrl":"https:\/\/static.radiolifefm.com.br\/noticias\/wp-content\/uploads\/2019\/10\/logo-lifefm.png","width":196,"height":47,"caption":"R\u00e1dio Life FM"},"image":{"@id":"https:\/\/radiolifefm.com.br\/noticias\/#\/schema\/logo\/image\/"},"sameAs":["https:\/\/www.facebook.com\/radiolifefm\/","https:\/\/www.instagram.com\/life1079fm\/"]},{"@type":"Person","@id":"https:\/\/radiolifefm.com.br\/noticias\/#\/schema\/person\/6339b9fac59d12b071dec680d7375d87","name":"ritanery","image":{"@type":"ImageObject","inLanguage":"pt-BR","@id":"https:\/\/secure.gravatar.com\/avatar\/0e37bb19071f47c0b8a23f62a903df117c5a0e75f65a0c2901562f97cd41cf86?s=96&d=mm&r=g","url":"https:\/\/secure.gravatar.com\/avatar\/0e37bb19071f47c0b8a23f62a903df117c5a0e75f65a0c2901562f97cd41cf86?s=96&d=mm&r=g","contentUrl":"https:\/\/secure.gravatar.com\/avatar\/0e37bb19071f47c0b8a23f62a903df117c5a0e75f65a0c2901562f97cd41cf86?s=96&d=mm&r=g","caption":"ritanery"}}]}},"amp_enabled":true,"_links":{"self":[{"href":"https:\/\/radiolifefm.com.br\/noticias\/wp-json\/wp\/v2\/posts\/45224","targetHints":{"allow":["GET"]}}],"collection":[{"href":"https:\/\/radiolifefm.com.br\/noticias\/wp-json\/wp\/v2\/posts"}],"about":[{"href":"https:\/\/radiolifefm.com.br\/noticias\/wp-json\/wp\/v2\/types\/post"}],"author":[{"embeddable":true,"href":"https:\/\/radiolifefm.com.br\/noticias\/wp-json\/wp\/v2\/users\/13"}],"replies":[{"embeddable":true,"href":"https:\/\/radiolifefm.com.br\/noticias\/wp-json\/wp\/v2\/comments?post=45224"}],"version-history":[{"count":2,"href":"https:\/\/radiolifefm.com.br\/noticias\/wp-json\/wp\/v2\/posts\/45224\/revisions"}],"predecessor-version":[{"id":45230,"href":"https:\/\/radiolifefm.com.br\/noticias\/wp-json\/wp\/v2\/posts\/45224\/revisions\/45230"}],"wp:featuredmedia":[{"embeddable":true,"href":"https:\/\/radiolifefm.com.br\/noticias\/wp-json\/wp\/v2\/media\/45225"}],"wp:attachment":[{"href":"https:\/\/radiolifefm.com.br\/noticias\/wp-json\/wp\/v2\/media?parent=45224"}],"wp:term":[{"taxonomy":"category","embeddable":true,"href":"https:\/\/radiolifefm.com.br\/noticias\/wp-json\/wp\/v2\/categories?post=45224"},{"taxonomy":"post_tag","embeddable":true,"href":"https:\/\/radiolifefm.com.br\/noticias\/wp-json\/wp\/v2\/tags?post=45224"}],"curies":[{"name":"wp","href":"https:\/\/api.w.org\/{rel}","templated":true}]}}