{"id":44994,"date":"2021-10-31T16:57:44","date_gmt":"2021-10-31T19:57:44","guid":{"rendered":"https:\/\/radiolifefm.com.br\/noticias\/?p=44994"},"modified":"2026-03-21T11:03:17","modified_gmt":"2026-03-21T14:03:17","slug":"convidado-pelo-pl-vereador-helio-santos-analisa-candidatura-a-deputado-estadual-no-ano-que-vem","status":"publish","type":"post","link":"https:\/\/radiolifefm.com.br\/noticias\/convidado-pelo-pl-vereador-helio-santos-analisa-candidatura-a-deputado-estadual-no-ano-que-vem\/","title":{"rendered":"Convidado pelo PL, vereador H\u00e9lio Santos analisa candidatura a deputado estadual no ano que vem"},"content":{"rendered":"<div id=\"fb-root\"><\/div>\n<p>O vereador H\u00e9lio Jos\u00e9 dos Santos (PL), de Adamantina, foi convidado pela executiva paulista do Partido Liberal para disputar uma cadeira a deputado estadual nas elei\u00e7\u00f5es do ano que vem. A informa\u00e7\u00e3o foi confirmada pelo parlamentar, conforme publicou o jornal Di\u00e1rio do Oeste na \u00faltima quinta-feira (28).<\/p>\n<p>&nbsp;<\/p>\n<p>Com carreira profissional na educa\u00e7\u00e3o, H\u00e9lio \u00e9 supervisor de ensino da Secretaria Estadual da Educa\u00e7\u00e3o na Diretoria de Ensino de Adamantina. Est\u00e1 em seu quinto mandato na C\u00e2mara Municipal de Adamantina (1997\/2000, 2001\/2004, 2013\/2016, 2017\/2020 e 2021\/2024). J\u00e1 presidiu o legislativo adamantinense e atualmente \u00e9 l\u00edder do prefeito M\u00e1rcio Cardim (DEM) na C\u00e2mara Municipal.<\/p>\n<p>&nbsp;<\/p>\n<p>Agora, se v\u00eam motivado a buscar um novo espa\u00e7o pol\u00edtico. \u201cRecebi o honroso convite para integrar a chapa de candidatos a deputado estadual. Estou analisando com muito carinho essa possibilidade\u201d, disse ao Di\u00e1rio do Oeste. \u201cGostaria muito de trabalhar em favor do munic\u00edpio de Adamantina e da nossa municipalidade (e por que n\u00e3o atuar em prol da nossa sofrida e penalizada regi\u00e3o da\u00a0\u00a0Nova Alta Paulista), ocupando outro cargo pol\u00edtico. Talvez tenha chegado esse momento de assumir outros desafios na minha vida pol\u00edtica. O futuro a Deus pertence&#8221;, continuou.<\/p>\n<p>&nbsp;<\/p>\n<p><strong>N\u00e3o vai disputar novo mandato na C\u00e2mara de Adamantina<\/strong><\/p>\n<p>Ainda ao Di\u00e1rio do Oeste H\u00e9lio reafirmou posi\u00e7\u00e3o j\u00e1 declarada anteriormente, que n\u00e3o ir\u00e1 buscar um sexto mandato legislativo na C\u00e2mara Municipal. Essa condi\u00e7\u00e3o j\u00e1 foi comunicada por ele a seus familiares e seu n\u00facleo de relacionamento pol\u00edtico. \u201cJ\u00e1 acordado com a minha fam\u00edlia e contando com o importante apoio dos diret\u00f3rios municipal e estadual do Partido Liberal, bem como das destacadas lideran\u00e7as do PL em \u00e2mbito nacional e de deputados estaduais e federais, n\u00e3o serei candidato a vereador em 2024&#8243;, afirmou.<\/p>\n<p><img loading=\"lazy\" decoding=\"async\" class=\"size-full wp-image-44995\" src=\"https:\/\/static.radiolifefm.com.br\/wp-content\/uploads\/sites\/2\/2021\/10\/250143432_2447670185377367_4241464252255318227_n.jpg\" alt=\"\" width=\"526\" height=\"395\" srcset=\"https:\/\/radiolifefm.com.br\/noticias\/wp-content\/uploads\/2021\/10\/250143432_2447670185377367_4241464252255318227_n.jpg 526w, https:\/\/radiolifefm.com.br\/noticias\/wp-content\/uploads\/2021\/10\/250143432_2447670185377367_4241464252255318227_n-300x225.jpg 300w\" sizes=\"auto, (max-width: 526px) 100vw, 526px\" \/><\/p>\n<p>Em sua conta no Facebook, neste s\u00e1bado (30) H\u00e9lio publicou uma imagem com o recorte de mat\u00e9ria do jornal Folha Regional, que tamb\u00e9m repercute a primeira publica\u00e7\u00e3o feita pelo Di\u00e1rio do Oeste, onde reafirma o cen\u00e1rio. \u201cCertamente o futuro a Deus pertence, mas talvez tenha chegado o momento de assumir novos desafios em minha vida p\u00fablica, salientamos que sempre atuaremos em favor da vida, da verdade, da justi\u00e7a, da fam\u00edlia e pela implementa\u00e7\u00e3o de pol\u00edticas p\u00fablicas para melhorar a vida das pessoas\u201d, escreveu nas redes sociais.<\/p>\n<p>&nbsp;<\/p>\n<p>Fonte: Siga Mais<\/p>\n","protected":false},"excerpt":{"rendered":"<p>O vereador H\u00e9lio Jos\u00e9 dos Santos (PL), de Adamantina, foi convidado pela executiva paulista do Partido Liberal para disputar uma cadeira a deputado estadual nas elei\u00e7\u00f5es do ano que vem. A informa\u00e7\u00e3o foi confirmada pelo parlamentar, conforme publicou o jornal Di\u00e1rio do Oeste na \u00faltima quinta-feira (28). &nbsp; Com carreira profissional na educa\u00e7\u00e3o, H\u00e9lio \u00e9 [&hellip;]<\/p>\n","protected":false},"author":13,"featured_media":44996,"comment_status":"closed","ping_status":"open","sticky":false,"template":"","format":"standard","meta":{"_acf_changed":false,"_exactmetrics_skip_tracking":false,"_exactmetrics_sitenote_active":false,"_exactmetrics_sitenote_note":"","_exactmetrics_sitenote_category":0,"footnotes":""},"categories":[21],"tags":[],"class_list":["post-44994","post","type-post","status-publish","format-standard","has-post-thumbnail","hentry","category-adamantina"],"acf":[],"yoast_head":"<!-- This site is optimized with the Yoast SEO plugin v27.2 - https:\/\/yoast.com\/product\/yoast-seo-wordpress\/ -->\n<title>Convidado pelo PL, vereador H\u00e9lio Santos analisa candidatura a deputado estadual no ano que vem - R\u00e1dio Life FM<\/title>\n<meta name=\"robots\" content=\"index, follow, max-snippet:-1, max-image-preview:large, max-video-preview:-1\" \/>\n<link rel=\"canonical\" href=\"https:\/\/radiolifefm.com.br\/noticias\/convidado-pelo-pl-vereador-helio-santos-analisa-candidatura-a-deputado-estadual-no-ano-que-vem\/\" \/>\n<meta property=\"og:locale\" content=\"pt_BR\" \/>\n<meta property=\"og:type\" content=\"article\" \/>\n<meta property=\"og:title\" content=\"Convidado pelo PL, vereador H\u00e9lio Santos analisa candidatura a deputado estadual no ano que vem - R\u00e1dio Life FM\" \/>\n<meta property=\"og:description\" content=\"O vereador H\u00e9lio Jos\u00e9 dos Santos (PL), de Adamantina, foi convidado pela executiva paulista do Partido Liberal para disputar uma cadeira a deputado estadual nas elei\u00e7\u00f5es do ano que vem. A informa\u00e7\u00e3o foi confirmada pelo parlamentar, conforme publicou o jornal Di\u00e1rio do Oeste na \u00faltima quinta-feira (28). &nbsp; Com carreira profissional na educa\u00e7\u00e3o, H\u00e9lio \u00e9 [&hellip;]\" \/>\n<meta property=\"og:url\" content=\"https:\/\/radiolifefm.com.br\/noticias\/convidado-pelo-pl-vereador-helio-santos-analisa-candidatura-a-deputado-estadual-no-ano-que-vem\/\" \/>\n<meta property=\"og:site_name\" content=\"R\u00e1dio Life FM\" \/>\n<meta property=\"article:publisher\" content=\"https:\/\/www.facebook.com\/radiolifefm\/\" \/>\n<meta property=\"article:published_time\" content=\"2021-10-31T19:57:44+00:00\" \/>\n<meta property=\"article:modified_time\" content=\"2026-03-21T14:03:17+00:00\" \/>\n<meta property=\"og:image\" content=\"https:\/\/radiolifefm.com.br\/noticias\/wp-content\/uploads\/2021\/10\/hlpng1635696132617ebe044de6e.jpg\" \/>\n\t<meta property=\"og:image:width\" content=\"600\" \/>\n\t<meta property=\"og:image:height\" content=\"337\" \/>\n\t<meta property=\"og:image:type\" content=\"image\/jpeg\" \/>\n<meta name=\"author\" content=\"ritanery\" \/>\n<meta name=\"twitter:card\" content=\"summary_large_image\" \/>\n<meta name=\"twitter:label1\" content=\"Escrito por\" \/>\n\t<meta name=\"twitter:data1\" content=\"ritanery\" \/>\n\t<meta name=\"twitter:label2\" content=\"Est. tempo de leitura\" \/>\n\t<meta name=\"twitter:data2\" content=\"2 minutos\" \/>\n<script type=\"application\/ld+json\" class=\"yoast-schema-graph\">{\"@context\":\"https:\/\/schema.org\",\"@graph\":[{\"@type\":\"Article\",\"@id\":\"https:\/\/radiolifefm.com.br\/noticias\/convidado-pelo-pl-vereador-helio-santos-analisa-candidatura-a-deputado-estadual-no-ano-que-vem\/#article\",\"isPartOf\":{\"@id\":\"https:\/\/radiolifefm.com.br\/noticias\/convidado-pelo-pl-vereador-helio-santos-analisa-candidatura-a-deputado-estadual-no-ano-que-vem\/\"},\"author\":{\"name\":\"ritanery\",\"@id\":\"https:\/\/radiolifefm.com.br\/noticias\/#\/schema\/person\/6339b9fac59d12b071dec680d7375d87\"},\"headline\":\"Convidado pelo PL, vereador H\u00e9lio Santos analisa candidatura a deputado estadual no ano que vem\",\"datePublished\":\"2021-10-31T19:57:44+00:00\",\"dateModified\":\"2026-03-21T14:03:17+00:00\",\"mainEntityOfPage\":{\"@id\":\"https:\/\/radiolifefm.com.br\/noticias\/convidado-pelo-pl-vereador-helio-santos-analisa-candidatura-a-deputado-estadual-no-ano-que-vem\/\"},\"wordCount\":427,\"publisher\":{\"@id\":\"https:\/\/radiolifefm.com.br\/noticias\/#organization\"},\"image\":{\"@id\":\"https:\/\/radiolifefm.com.br\/noticias\/convidado-pelo-pl-vereador-helio-santos-analisa-candidatura-a-deputado-estadual-no-ano-que-vem\/#primaryimage\"},\"thumbnailUrl\":\"https:\/\/radiolifefm.com.br\/noticias\/wp-content\/uploads\/2021\/10\/hlpng1635696132617ebe044de6e.jpg\",\"articleSection\":[\"Adamantina\"],\"inLanguage\":\"pt-BR\"},{\"@type\":\"WebPage\",\"@id\":\"https:\/\/radiolifefm.com.br\/noticias\/convidado-pelo-pl-vereador-helio-santos-analisa-candidatura-a-deputado-estadual-no-ano-que-vem\/\",\"url\":\"https:\/\/radiolifefm.com.br\/noticias\/convidado-pelo-pl-vereador-helio-santos-analisa-candidatura-a-deputado-estadual-no-ano-que-vem\/\",\"name\":\"Convidado pelo PL, vereador H\u00e9lio Santos analisa candidatura a deputado estadual no ano que vem - R\u00e1dio Life FM\",\"isPartOf\":{\"@id\":\"https:\/\/radiolifefm.com.br\/noticias\/#website\"},\"primaryImageOfPage\":{\"@id\":\"https:\/\/radiolifefm.com.br\/noticias\/convidado-pelo-pl-vereador-helio-santos-analisa-candidatura-a-deputado-estadual-no-ano-que-vem\/#primaryimage\"},\"image\":{\"@id\":\"https:\/\/radiolifefm.com.br\/noticias\/convidado-pelo-pl-vereador-helio-santos-analisa-candidatura-a-deputado-estadual-no-ano-que-vem\/#primaryimage\"},\"thumbnailUrl\":\"https:\/\/radiolifefm.com.br\/noticias\/wp-content\/uploads\/2021\/10\/hlpng1635696132617ebe044de6e.jpg\",\"datePublished\":\"2021-10-31T19:57:44+00:00\",\"dateModified\":\"2026-03-21T14:03:17+00:00\",\"breadcrumb\":{\"@id\":\"https:\/\/radiolifefm.com.br\/noticias\/convidado-pelo-pl-vereador-helio-santos-analisa-candidatura-a-deputado-estadual-no-ano-que-vem\/#breadcrumb\"},\"inLanguage\":\"pt-BR\",\"potentialAction\":[{\"@type\":\"ReadAction\",\"target\":[\"https:\/\/radiolifefm.com.br\/noticias\/convidado-pelo-pl-vereador-helio-santos-analisa-candidatura-a-deputado-estadual-no-ano-que-vem\/\"]}]},{\"@type\":\"ImageObject\",\"inLanguage\":\"pt-BR\",\"@id\":\"https:\/\/radiolifefm.com.br\/noticias\/convidado-pelo-pl-vereador-helio-santos-analisa-candidatura-a-deputado-estadual-no-ano-que-vem\/#primaryimage\",\"url\":\"https:\/\/radiolifefm.com.br\/noticias\/wp-content\/uploads\/2021\/10\/hlpng1635696132617ebe044de6e.jpg\",\"contentUrl\":\"https:\/\/radiolifefm.com.br\/noticias\/wp-content\/uploads\/2021\/10\/hlpng1635696132617ebe044de6e.jpg\",\"width\":600,\"height\":337,\"caption\":\"H\u00e9lio Santos confirma convite do Partido Liberal para disputar vaga a deputado estadual em 2022.\"},{\"@type\":\"BreadcrumbList\",\"@id\":\"https:\/\/radiolifefm.com.br\/noticias\/convidado-pelo-pl-vereador-helio-santos-analisa-candidatura-a-deputado-estadual-no-ano-que-vem\/#breadcrumb\",\"itemListElement\":[{\"@type\":\"ListItem\",\"position\":1,\"name\":\"In\u00edcio\",\"item\":\"https:\/\/radiolifefm.com.br\/noticias\/\"},{\"@type\":\"ListItem\",\"position\":2,\"name\":\"Convidado pelo PL, vereador H\u00e9lio Santos analisa candidatura a deputado estadual no ano que vem\"}]},{\"@type\":\"WebSite\",\"@id\":\"https:\/\/radiolifefm.com.br\/noticias\/#website\",\"url\":\"https:\/\/radiolifefm.com.br\/noticias\/\",\"name\":\"R\u00e1dio Life FM\",\"description\":\"O Portal de Not\u00edcias de Adamantina\",\"publisher\":{\"@id\":\"https:\/\/radiolifefm.com.br\/noticias\/#organization\"},\"alternateName\":\"Life FM\",\"potentialAction\":[{\"@type\":\"SearchAction\",\"target\":{\"@type\":\"EntryPoint\",\"urlTemplate\":\"https:\/\/radiolifefm.com.br\/noticias\/?s={search_term_string}\"},\"query-input\":{\"@type\":\"PropertyValueSpecification\",\"valueRequired\":true,\"valueName\":\"search_term_string\"}}],\"inLanguage\":\"pt-BR\"},{\"@type\":\"Organization\",\"@id\":\"https:\/\/radiolifefm.com.br\/noticias\/#organization\",\"name\":\"R\u00e1dio Life FM\",\"alternateName\":\"Life FM\",\"url\":\"https:\/\/radiolifefm.com.br\/noticias\/\",\"logo\":{\"@type\":\"ImageObject\",\"inLanguage\":\"pt-BR\",\"@id\":\"https:\/\/radiolifefm.com.br\/noticias\/#\/schema\/logo\/image\/\",\"url\":\"https:\/\/static.radiolifefm.com.br\/noticias\/wp-content\/uploads\/2019\/10\/logo-lifefm.png\",\"contentUrl\":\"https:\/\/static.radiolifefm.com.br\/noticias\/wp-content\/uploads\/2019\/10\/logo-lifefm.png\",\"width\":196,\"height\":47,\"caption\":\"R\u00e1dio Life FM\"},\"image\":{\"@id\":\"https:\/\/radiolifefm.com.br\/noticias\/#\/schema\/logo\/image\/\"},\"sameAs\":[\"https:\/\/www.facebook.com\/radiolifefm\/\",\"https:\/\/www.instagram.com\/life1079fm\/\"]},{\"@type\":\"Person\",\"@id\":\"https:\/\/radiolifefm.com.br\/noticias\/#\/schema\/person\/6339b9fac59d12b071dec680d7375d87\",\"name\":\"ritanery\",\"image\":{\"@type\":\"ImageObject\",\"inLanguage\":\"pt-BR\",\"@id\":\"https:\/\/secure.gravatar.com\/avatar\/0e37bb19071f47c0b8a23f62a903df117c5a0e75f65a0c2901562f97cd41cf86?s=96&d=mm&r=g\",\"url\":\"https:\/\/secure.gravatar.com\/avatar\/0e37bb19071f47c0b8a23f62a903df117c5a0e75f65a0c2901562f97cd41cf86?s=96&d=mm&r=g\",\"contentUrl\":\"https:\/\/secure.gravatar.com\/avatar\/0e37bb19071f47c0b8a23f62a903df117c5a0e75f65a0c2901562f97cd41cf86?s=96&d=mm&r=g\",\"caption\":\"ritanery\"}}]}<\/script>\n<!-- \/ Yoast SEO plugin. -->","yoast_head_json":{"title":"Convidado pelo PL, vereador H\u00e9lio Santos analisa candidatura a deputado estadual no ano que vem - R\u00e1dio Life FM","robots":{"index":"index","follow":"follow","max-snippet":"max-snippet:-1","max-image-preview":"max-image-preview:large","max-video-preview":"max-video-preview:-1"},"canonical":"https:\/\/radiolifefm.com.br\/noticias\/convidado-pelo-pl-vereador-helio-santos-analisa-candidatura-a-deputado-estadual-no-ano-que-vem\/","og_locale":"pt_BR","og_type":"article","og_title":"Convidado pelo PL, vereador H\u00e9lio Santos analisa candidatura a deputado estadual no ano que vem - R\u00e1dio Life FM","og_description":"O vereador H\u00e9lio Jos\u00e9 dos Santos (PL), de Adamantina, foi convidado pela executiva paulista do Partido Liberal para disputar uma cadeira a deputado estadual nas elei\u00e7\u00f5es do ano que vem. A informa\u00e7\u00e3o foi confirmada pelo parlamentar, conforme publicou o jornal Di\u00e1rio do Oeste na \u00faltima quinta-feira (28). &nbsp; Com carreira profissional na educa\u00e7\u00e3o, H\u00e9lio \u00e9 [&hellip;]","og_url":"https:\/\/radiolifefm.com.br\/noticias\/convidado-pelo-pl-vereador-helio-santos-analisa-candidatura-a-deputado-estadual-no-ano-que-vem\/","og_site_name":"R\u00e1dio Life FM","article_publisher":"https:\/\/www.facebook.com\/radiolifefm\/","article_published_time":"2021-10-31T19:57:44+00:00","article_modified_time":"2026-03-21T14:03:17+00:00","og_image":[{"width":600,"height":337,"url":"https:\/\/radiolifefm.com.br\/noticias\/wp-content\/uploads\/2021\/10\/hlpng1635696132617ebe044de6e.jpg","type":"image\/jpeg"}],"author":"ritanery","twitter_card":"summary_large_image","twitter_misc":{"Escrito por":"ritanery","Est. tempo de leitura":"2 minutos"},"schema":{"@context":"https:\/\/schema.org","@graph":[{"@type":"Article","@id":"https:\/\/radiolifefm.com.br\/noticias\/convidado-pelo-pl-vereador-helio-santos-analisa-candidatura-a-deputado-estadual-no-ano-que-vem\/#article","isPartOf":{"@id":"https:\/\/radiolifefm.com.br\/noticias\/convidado-pelo-pl-vereador-helio-santos-analisa-candidatura-a-deputado-estadual-no-ano-que-vem\/"},"author":{"name":"ritanery","@id":"https:\/\/radiolifefm.com.br\/noticias\/#\/schema\/person\/6339b9fac59d12b071dec680d7375d87"},"headline":"Convidado pelo PL, vereador H\u00e9lio Santos analisa candidatura a deputado estadual no ano que vem","datePublished":"2021-10-31T19:57:44+00:00","dateModified":"2026-03-21T14:03:17+00:00","mainEntityOfPage":{"@id":"https:\/\/radiolifefm.com.br\/noticias\/convidado-pelo-pl-vereador-helio-santos-analisa-candidatura-a-deputado-estadual-no-ano-que-vem\/"},"wordCount":427,"publisher":{"@id":"https:\/\/radiolifefm.com.br\/noticias\/#organization"},"image":{"@id":"https:\/\/radiolifefm.com.br\/noticias\/convidado-pelo-pl-vereador-helio-santos-analisa-candidatura-a-deputado-estadual-no-ano-que-vem\/#primaryimage"},"thumbnailUrl":"https:\/\/radiolifefm.com.br\/noticias\/wp-content\/uploads\/2021\/10\/hlpng1635696132617ebe044de6e.jpg","articleSection":["Adamantina"],"inLanguage":"pt-BR"},{"@type":"WebPage","@id":"https:\/\/radiolifefm.com.br\/noticias\/convidado-pelo-pl-vereador-helio-santos-analisa-candidatura-a-deputado-estadual-no-ano-que-vem\/","url":"https:\/\/radiolifefm.com.br\/noticias\/convidado-pelo-pl-vereador-helio-santos-analisa-candidatura-a-deputado-estadual-no-ano-que-vem\/","name":"Convidado pelo PL, vereador H\u00e9lio Santos analisa candidatura a deputado estadual no ano que vem - R\u00e1dio Life FM","isPartOf":{"@id":"https:\/\/radiolifefm.com.br\/noticias\/#website"},"primaryImageOfPage":{"@id":"https:\/\/radiolifefm.com.br\/noticias\/convidado-pelo-pl-vereador-helio-santos-analisa-candidatura-a-deputado-estadual-no-ano-que-vem\/#primaryimage"},"image":{"@id":"https:\/\/radiolifefm.com.br\/noticias\/convidado-pelo-pl-vereador-helio-santos-analisa-candidatura-a-deputado-estadual-no-ano-que-vem\/#primaryimage"},"thumbnailUrl":"https:\/\/radiolifefm.com.br\/noticias\/wp-content\/uploads\/2021\/10\/hlpng1635696132617ebe044de6e.jpg","datePublished":"2021-10-31T19:57:44+00:00","dateModified":"2026-03-21T14:03:17+00:00","breadcrumb":{"@id":"https:\/\/radiolifefm.com.br\/noticias\/convidado-pelo-pl-vereador-helio-santos-analisa-candidatura-a-deputado-estadual-no-ano-que-vem\/#breadcrumb"},"inLanguage":"pt-BR","potentialAction":[{"@type":"ReadAction","target":["https:\/\/radiolifefm.com.br\/noticias\/convidado-pelo-pl-vereador-helio-santos-analisa-candidatura-a-deputado-estadual-no-ano-que-vem\/"]}]},{"@type":"ImageObject","inLanguage":"pt-BR","@id":"https:\/\/radiolifefm.com.br\/noticias\/convidado-pelo-pl-vereador-helio-santos-analisa-candidatura-a-deputado-estadual-no-ano-que-vem\/#primaryimage","url":"https:\/\/radiolifefm.com.br\/noticias\/wp-content\/uploads\/2021\/10\/hlpng1635696132617ebe044de6e.jpg","contentUrl":"https:\/\/radiolifefm.com.br\/noticias\/wp-content\/uploads\/2021\/10\/hlpng1635696132617ebe044de6e.jpg","width":600,"height":337,"caption":"H\u00e9lio Santos confirma convite do Partido Liberal para disputar vaga a deputado estadual em 2022."},{"@type":"BreadcrumbList","@id":"https:\/\/radiolifefm.com.br\/noticias\/convidado-pelo-pl-vereador-helio-santos-analisa-candidatura-a-deputado-estadual-no-ano-que-vem\/#breadcrumb","itemListElement":[{"@type":"ListItem","position":1,"name":"In\u00edcio","item":"https:\/\/radiolifefm.com.br\/noticias\/"},{"@type":"ListItem","position":2,"name":"Convidado pelo PL, vereador H\u00e9lio Santos analisa candidatura a deputado estadual no ano que vem"}]},{"@type":"WebSite","@id":"https:\/\/radiolifefm.com.br\/noticias\/#website","url":"https:\/\/radiolifefm.com.br\/noticias\/","name":"R\u00e1dio Life FM","description":"O Portal de Not\u00edcias de Adamantina","publisher":{"@id":"https:\/\/radiolifefm.com.br\/noticias\/#organization"},"alternateName":"Life FM","potentialAction":[{"@type":"SearchAction","target":{"@type":"EntryPoint","urlTemplate":"https:\/\/radiolifefm.com.br\/noticias\/?s={search_term_string}"},"query-input":{"@type":"PropertyValueSpecification","valueRequired":true,"valueName":"search_term_string"}}],"inLanguage":"pt-BR"},{"@type":"Organization","@id":"https:\/\/radiolifefm.com.br\/noticias\/#organization","name":"R\u00e1dio Life FM","alternateName":"Life FM","url":"https:\/\/radiolifefm.com.br\/noticias\/","logo":{"@type":"ImageObject","inLanguage":"pt-BR","@id":"https:\/\/radiolifefm.com.br\/noticias\/#\/schema\/logo\/image\/","url":"https:\/\/static.radiolifefm.com.br\/noticias\/wp-content\/uploads\/2019\/10\/logo-lifefm.png","contentUrl":"https:\/\/static.radiolifefm.com.br\/noticias\/wp-content\/uploads\/2019\/10\/logo-lifefm.png","width":196,"height":47,"caption":"R\u00e1dio Life FM"},"image":{"@id":"https:\/\/radiolifefm.com.br\/noticias\/#\/schema\/logo\/image\/"},"sameAs":["https:\/\/www.facebook.com\/radiolifefm\/","https:\/\/www.instagram.com\/life1079fm\/"]},{"@type":"Person","@id":"https:\/\/radiolifefm.com.br\/noticias\/#\/schema\/person\/6339b9fac59d12b071dec680d7375d87","name":"ritanery","image":{"@type":"ImageObject","inLanguage":"pt-BR","@id":"https:\/\/secure.gravatar.com\/avatar\/0e37bb19071f47c0b8a23f62a903df117c5a0e75f65a0c2901562f97cd41cf86?s=96&d=mm&r=g","url":"https:\/\/secure.gravatar.com\/avatar\/0e37bb19071f47c0b8a23f62a903df117c5a0e75f65a0c2901562f97cd41cf86?s=96&d=mm&r=g","contentUrl":"https:\/\/secure.gravatar.com\/avatar\/0e37bb19071f47c0b8a23f62a903df117c5a0e75f65a0c2901562f97cd41cf86?s=96&d=mm&r=g","caption":"ritanery"}}]}},"amp_enabled":true,"_links":{"self":[{"href":"https:\/\/radiolifefm.com.br\/noticias\/wp-json\/wp\/v2\/posts\/44994","targetHints":{"allow":["GET"]}}],"collection":[{"href":"https:\/\/radiolifefm.com.br\/noticias\/wp-json\/wp\/v2\/posts"}],"about":[{"href":"https:\/\/radiolifefm.com.br\/noticias\/wp-json\/wp\/v2\/types\/post"}],"author":[{"embeddable":true,"href":"https:\/\/radiolifefm.com.br\/noticias\/wp-json\/wp\/v2\/users\/13"}],"replies":[{"embeddable":true,"href":"https:\/\/radiolifefm.com.br\/noticias\/wp-json\/wp\/v2\/comments?post=44994"}],"version-history":[{"count":1,"href":"https:\/\/radiolifefm.com.br\/noticias\/wp-json\/wp\/v2\/posts\/44994\/revisions"}],"predecessor-version":[{"id":44997,"href":"https:\/\/radiolifefm.com.br\/noticias\/wp-json\/wp\/v2\/posts\/44994\/revisions\/44997"}],"wp:featuredmedia":[{"embeddable":true,"href":"https:\/\/radiolifefm.com.br\/noticias\/wp-json\/wp\/v2\/media\/44996"}],"wp:attachment":[{"href":"https:\/\/radiolifefm.com.br\/noticias\/wp-json\/wp\/v2\/media?parent=44994"}],"wp:term":[{"taxonomy":"category","embeddable":true,"href":"https:\/\/radiolifefm.com.br\/noticias\/wp-json\/wp\/v2\/categories?post=44994"},{"taxonomy":"post_tag","embeddable":true,"href":"https:\/\/radiolifefm.com.br\/noticias\/wp-json\/wp\/v2\/tags?post=44994"}],"curies":[{"name":"wp","href":"https:\/\/api.w.org\/{rel}","templated":true}]}}