{"id":44928,"date":"2021-10-29T15:20:52","date_gmt":"2021-10-29T18:20:52","guid":{"rendered":"https:\/\/radiolifefm.com.br\/noticias\/?p=44928"},"modified":"2026-04-08T22:43:07","modified_gmt":"2026-04-09T01:43:07","slug":"adamantina-ganhara-uma-unidade-do-poupatempo","status":"publish","type":"post","link":"https:\/\/radiolifefm.com.br\/noticias\/adamantina-ganhara-uma-unidade-do-poupatempo\/","title":{"rendered":"Adamantina ganhar\u00e1 uma unidade do Poupatempo"},"content":{"rendered":"<div id=\"fb-root\"><\/div>\n<p>Em cerim\u00f4nia realizada na manh\u00e3 de hoje (29), o governador em exerc\u00edcio e presidente da Assembleia Legislativa do Estado de S\u00e3o Paulo, Carl\u00e3o Pignatari anunciou que Adamantina receber\u00e1 uma unidade do Poupatempo.<\/p>\n<p>&nbsp;<\/p>\n<p>Al\u00e9m disso, o munic\u00edpio ainda receber\u00e1 mais 600 mil reais destinados para aplica\u00e7\u00e3o em infraestrutura asf\u00e1ltica e foi assinado a autoriza\u00e7\u00e3o para o recapeamento funcional da Vicinal Pl\u00e1cido Rocha.<\/p>\n<p>&nbsp;<\/p>\n<p>Ainda durante a cerim\u00f4nia, foi entregue um voucher do Programa do Governo do Estado de S\u00e3o Paulo, Vale G\u00e1s, simbolizando as 83 fam\u00edlias que est\u00e3o sendo beneficiadas com o recurso e mais 150 cestas b\u00e1sicas do Programa Alimento Solid\u00e1rio.<\/p>\n<p>&nbsp;<\/p>\n<p>Em seu discurso, o governador em exerc\u00edcio tamb\u00e9m anunciou que Adamantina ser\u00e1 contemplada com uma unidade do Centro de Inova\u00e7\u00e3o da Educa\u00e7\u00e3o B\u00e1sica Paulista.<\/p>\n<p>&nbsp;<\/p>\n<p>\u201cEstou aqui a convite do deputado Mauro Bragato, um bom amigo, que tem feito inser\u00e7\u00f5es enormes para que a gente possa ajudar Adamantina, inclusive na cria\u00e7\u00e3o do Centro de Inova\u00e7\u00e3o Tecnol\u00f3gica. Isso \u00e9 importante, porque vai melhorar muito a vida das nossas crian\u00e7as em um futuro muito pr\u00f3ximo\u201d, assegura.<\/p>\n<p>&nbsp;<\/p>\n<p>M\u00e1rcio Cardim, prefeito de Adamantina, agradeceu a visita de Carl\u00e3o Pignatari, que atendeu a um convite do deputado estadual, Mauro Bragato para visitar o munic\u00edpio.<\/p>\n<p>&nbsp;<\/p>\n<p>\u201cAgradecemos ao Governo do Estado de S\u00e3o Paulo por todos os recursos destinados ao munic\u00edpio e, ainda, ao Mauro Bragato que tem sido incans\u00e1vel no trabalho pelo nosso munic\u00edpio. Aproveito ainda para agradecer ao deputado federal Geninho Zuliani que tamb\u00e9m tem nos apoiado por meio da destina\u00e7\u00e3o de recursos\u201d, afirma.<\/p>\n<p>&nbsp;<\/p>\n<p>Em sua fala, o prefeito anunciou que foi aberto o processo licitat\u00f3rio para constru\u00e7\u00e3o das 369 casas por meio do Programa Nossa Casa, tamb\u00e9m do Governo do Estado de S\u00e3o Paulo.<\/p>\n<p>&nbsp;<\/p>\n<p>Estiveram presentes na cerim\u00f4nia ainda o secret\u00e1rio executivo da Secretaria de Habita\u00e7\u00e3o do estado de S\u00e3o Paulo, Fernando Marangoni, prefeitos e vereadores da regi\u00e3o e demais autoridades. Ao fim da visita a Adamantina, Carl\u00e3o Pignatari foi para Salmour\u00e3o, onde far\u00e1 mais an\u00fancios de recursos do Governo do Estado para as cidades da regi\u00e3o.<\/p>\n<p>&nbsp;<\/p>\n<p><strong>Poupatempo<\/strong><\/p>\n<p>Na manh\u00e3 de ontem (28), foi realizada uma reuni\u00e3o virtual e t\u00e9cnica sobre a instala\u00e7\u00e3o do Poupatempo em Adamantina, participaram do encontro o prefeito M\u00e1rcio Cardim, o secret\u00e1rio de administra\u00e7\u00e3o, Evandro Pereira de Souza e a diretora de conv\u00eanios, Francieli dos Santos Baptista Duarte e a equipe t\u00e9cnica da Prodesp.<\/p>\n<p>&nbsp;<\/p>\n<p>Na oportunidade, foram dadas ao munic\u00edpio orienta\u00e7\u00f5es sobre a montagem do layout, os servi\u00e7os que ser\u00e3o oferecidos bem como as fun\u00e7\u00f5es que ser\u00e3o atribu\u00eddas aos funcion\u00e1rios municipais. O Poupatempo em Adamantina funcionar\u00e1 no pr\u00e9dio do Ganha Tempo.<\/p>\n<p><strong>\u00a0<\/strong><\/p>\n<p><strong>CIEBP<\/strong><\/p>\n<p>Em setembro, o prefeito M\u00e1rcio Cardim, visitou em S\u00e3o Paulo, o Centro de Inova\u00e7\u00e3o da Educa\u00e7\u00e3o B\u00e1sica Paulista (CIEBP) que funciona na Escola Estadual Profa. Zuleika de Barros Martins Ferreira.<\/p>\n<p><strong>\u00a0<\/strong><\/p>\n<p><strong>O que \u00e9 o CIEBP?<\/strong><\/p>\n<p>O CIEBP \u00e9 um espa\u00e7o criado pelo governo do estado onde a crian\u00e7a, no contraturno escolar, ir\u00e1 experimentar liberdade para o aprendizado e colocar\u00e1 em pr\u00e1tica sua criatividade idealizando projetos.<\/p>\n<p>&nbsp;<\/p>\n<p>O programa oferece 7 espa\u00e7os que s\u00e3o: Hub de inova\u00e7\u00e3o, computa\u00e7\u00e3o na pr\u00e1tica, programa\u00e7\u00e3o descomplicada, est\u00fadio, cultura digital, prototipagem e criatividade e prototipagem e fabrica\u00e7\u00e3o digital.<\/p>\n<p>&nbsp;<\/p>\n<p>De acordo com o prefeito M\u00e1rcio Cardim, o local visitado conta com 7 salas de atividades voltadas ao empreendedorismo, cultura, programa\u00e7\u00e3o, rob\u00f3tica, modelagem 3D, jogos digitais, est\u00fadio de grava\u00e7\u00e3o de m\u00eddias, pesquisa e projetos.<\/p>\n<p>&nbsp;<\/p>\n<div class='flex flex-wrap items-center -mx-1'>\r\n<a class='thumbnail gallery p-1 w-1\/2 md:w-1\/4' href='https:\/\/radiolifefm.com.br\/noticias\/wp-content\/uploads\/2021\/10\/foto2.jpeg'><img class='border border-white' src='https:\/\/radiolifefm.com.br\/noticias\/wp-content\/uploads\/2021\/10\/foto2-200x200.jpeg' alt='Foto2' \/><\/a><a class='thumbnail gallery p-1 w-1\/2 md:w-1\/4' href='https:\/\/radiolifefm.com.br\/noticias\/wp-content\/uploads\/2021\/10\/foto3.jpeg'><img class='border border-white' src='https:\/\/radiolifefm.com.br\/noticias\/wp-content\/uploads\/2021\/10\/foto3-200x200.jpeg' alt='Foto3' \/><\/a><\/div>\n<p>Fonte: Assessoria de Imprensa<\/p>\n","protected":false},"excerpt":{"rendered":"<p>Em cerim\u00f4nia realizada na manh\u00e3 de hoje (29), o governador em exerc\u00edcio e presidente da Assembleia Legislativa do Estado de S\u00e3o Paulo, Carl\u00e3o Pignatari anunciou que Adamantina receber\u00e1 uma unidade do Poupatempo. &nbsp; Al\u00e9m disso, o munic\u00edpio ainda receber\u00e1 mais 600 mil reais destinados para aplica\u00e7\u00e3o em infraestrutura asf\u00e1ltica e foi assinado a autoriza\u00e7\u00e3o para [&hellip;]<\/p>\n","protected":false},"author":13,"featured_media":44929,"comment_status":"closed","ping_status":"open","sticky":false,"template":"","format":"standard","meta":{"_acf_changed":false,"_exactmetrics_skip_tracking":false,"_exactmetrics_sitenote_active":false,"_exactmetrics_sitenote_note":"","_exactmetrics_sitenote_category":0,"footnotes":""},"categories":[21],"tags":[],"class_list":["post-44928","post","type-post","status-publish","format-standard","has-post-thumbnail","hentry","category-adamantina"],"acf":[],"yoast_head":"<!-- This site is optimized with the Yoast SEO plugin v27.2 - https:\/\/yoast.com\/product\/yoast-seo-wordpress\/ -->\n<title>Adamantina ganhar\u00e1 uma unidade do Poupatempo - R\u00e1dio Life FM<\/title>\n<meta name=\"robots\" content=\"index, follow, max-snippet:-1, max-image-preview:large, max-video-preview:-1\" \/>\n<link rel=\"canonical\" href=\"https:\/\/radiolifefm.com.br\/noticias\/adamantina-ganhara-uma-unidade-do-poupatempo\/\" \/>\n<meta property=\"og:locale\" content=\"pt_BR\" \/>\n<meta property=\"og:type\" content=\"article\" \/>\n<meta property=\"og:title\" content=\"Adamantina ganhar\u00e1 uma unidade do Poupatempo - R\u00e1dio Life FM\" \/>\n<meta property=\"og:description\" content=\"Em cerim\u00f4nia realizada na manh\u00e3 de hoje (29), o governador em exerc\u00edcio e presidente da Assembleia Legislativa do Estado de S\u00e3o Paulo, Carl\u00e3o Pignatari anunciou que Adamantina receber\u00e1 uma unidade do Poupatempo. &nbsp; Al\u00e9m disso, o munic\u00edpio ainda receber\u00e1 mais 600 mil reais destinados para aplica\u00e7\u00e3o em infraestrutura asf\u00e1ltica e foi assinado a autoriza\u00e7\u00e3o para [&hellip;]\" \/>\n<meta property=\"og:url\" content=\"https:\/\/radiolifefm.com.br\/noticias\/adamantina-ganhara-uma-unidade-do-poupatempo\/\" \/>\n<meta property=\"og:site_name\" content=\"R\u00e1dio Life FM\" \/>\n<meta property=\"article:publisher\" content=\"https:\/\/www.facebook.com\/radiolifefm\/\" \/>\n<meta property=\"article:published_time\" content=\"2021-10-29T18:20:52+00:00\" \/>\n<meta property=\"article:modified_time\" content=\"2026-04-09T01:43:07+00:00\" \/>\n<meta property=\"og:image\" content=\"https:\/\/radiolifefm.com.br\/noticias\/wp-content\/uploads\/2021\/10\/foto1.jpeg\" \/>\n\t<meta property=\"og:image:width\" content=\"1351\" \/>\n\t<meta property=\"og:image:height\" content=\"1078\" \/>\n\t<meta property=\"og:image:type\" content=\"image\/jpeg\" \/>\n<meta name=\"author\" content=\"ritanery\" \/>\n<meta name=\"twitter:card\" content=\"summary_large_image\" \/>\n<meta name=\"twitter:label1\" content=\"Escrito por\" \/>\n\t<meta name=\"twitter:data1\" content=\"ritanery\" \/>\n\t<meta name=\"twitter:label2\" content=\"Est. tempo de leitura\" \/>\n\t<meta name=\"twitter:data2\" content=\"3 minutos\" \/>\n<script type=\"application\/ld+json\" class=\"yoast-schema-graph\">{\"@context\":\"https:\/\/schema.org\",\"@graph\":[{\"@type\":\"Article\",\"@id\":\"https:\/\/radiolifefm.com.br\/noticias\/adamantina-ganhara-uma-unidade-do-poupatempo\/#article\",\"isPartOf\":{\"@id\":\"https:\/\/radiolifefm.com.br\/noticias\/adamantina-ganhara-uma-unidade-do-poupatempo\/\"},\"author\":{\"name\":\"ritanery\",\"@id\":\"https:\/\/radiolifefm.com.br\/noticias\/#\/schema\/person\/6339b9fac59d12b071dec680d7375d87\"},\"headline\":\"Adamantina ganhar\u00e1 uma unidade do Poupatempo\",\"datePublished\":\"2021-10-29T18:20:52+00:00\",\"dateModified\":\"2026-04-09T01:43:07+00:00\",\"mainEntityOfPage\":{\"@id\":\"https:\/\/radiolifefm.com.br\/noticias\/adamantina-ganhara-uma-unidade-do-poupatempo\/\"},\"wordCount\":652,\"publisher\":{\"@id\":\"https:\/\/radiolifefm.com.br\/noticias\/#organization\"},\"image\":{\"@id\":\"https:\/\/radiolifefm.com.br\/noticias\/adamantina-ganhara-uma-unidade-do-poupatempo\/#primaryimage\"},\"thumbnailUrl\":\"https:\/\/radiolifefm.com.br\/noticias\/wp-content\/uploads\/2021\/10\/foto1.jpeg\",\"articleSection\":[\"Adamantina\"],\"inLanguage\":\"pt-BR\"},{\"@type\":\"WebPage\",\"@id\":\"https:\/\/radiolifefm.com.br\/noticias\/adamantina-ganhara-uma-unidade-do-poupatempo\/\",\"url\":\"https:\/\/radiolifefm.com.br\/noticias\/adamantina-ganhara-uma-unidade-do-poupatempo\/\",\"name\":\"Adamantina ganhar\u00e1 uma unidade do Poupatempo - R\u00e1dio Life FM\",\"isPartOf\":{\"@id\":\"https:\/\/radiolifefm.com.br\/noticias\/#website\"},\"primaryImageOfPage\":{\"@id\":\"https:\/\/radiolifefm.com.br\/noticias\/adamantina-ganhara-uma-unidade-do-poupatempo\/#primaryimage\"},\"image\":{\"@id\":\"https:\/\/radiolifefm.com.br\/noticias\/adamantina-ganhara-uma-unidade-do-poupatempo\/#primaryimage\"},\"thumbnailUrl\":\"https:\/\/radiolifefm.com.br\/noticias\/wp-content\/uploads\/2021\/10\/foto1.jpeg\",\"datePublished\":\"2021-10-29T18:20:52+00:00\",\"dateModified\":\"2026-04-09T01:43:07+00:00\",\"breadcrumb\":{\"@id\":\"https:\/\/radiolifefm.com.br\/noticias\/adamantina-ganhara-uma-unidade-do-poupatempo\/#breadcrumb\"},\"inLanguage\":\"pt-BR\",\"potentialAction\":[{\"@type\":\"ReadAction\",\"target\":[\"https:\/\/radiolifefm.com.br\/noticias\/adamantina-ganhara-uma-unidade-do-poupatempo\/\"]}]},{\"@type\":\"ImageObject\",\"inLanguage\":\"pt-BR\",\"@id\":\"https:\/\/radiolifefm.com.br\/noticias\/adamantina-ganhara-uma-unidade-do-poupatempo\/#primaryimage\",\"url\":\"https:\/\/radiolifefm.com.br\/noticias\/wp-content\/uploads\/2021\/10\/foto1.jpeg\",\"contentUrl\":\"https:\/\/radiolifefm.com.br\/noticias\/wp-content\/uploads\/2021\/10\/foto1.jpeg\",\"width\":1351,\"height\":1078,\"caption\":\"Munic\u00edpio tamb\u00e9m receber\u00e1 unidade do Centro de Inova\u00e7\u00e3o da Educa\u00e7\u00e3o B\u00e1sica Paulista (CIEBP)\"},{\"@type\":\"BreadcrumbList\",\"@id\":\"https:\/\/radiolifefm.com.br\/noticias\/adamantina-ganhara-uma-unidade-do-poupatempo\/#breadcrumb\",\"itemListElement\":[{\"@type\":\"ListItem\",\"position\":1,\"name\":\"In\u00edcio\",\"item\":\"https:\/\/radiolifefm.com.br\/noticias\/\"},{\"@type\":\"ListItem\",\"position\":2,\"name\":\"Adamantina ganhar\u00e1 uma unidade do Poupatempo\"}]},{\"@type\":\"WebSite\",\"@id\":\"https:\/\/radiolifefm.com.br\/noticias\/#website\",\"url\":\"https:\/\/radiolifefm.com.br\/noticias\/\",\"name\":\"R\u00e1dio Life FM\",\"description\":\"O Portal de Not\u00edcias de Adamantina\",\"publisher\":{\"@id\":\"https:\/\/radiolifefm.com.br\/noticias\/#organization\"},\"alternateName\":\"Life FM\",\"potentialAction\":[{\"@type\":\"SearchAction\",\"target\":{\"@type\":\"EntryPoint\",\"urlTemplate\":\"https:\/\/radiolifefm.com.br\/noticias\/?s={search_term_string}\"},\"query-input\":{\"@type\":\"PropertyValueSpecification\",\"valueRequired\":true,\"valueName\":\"search_term_string\"}}],\"inLanguage\":\"pt-BR\"},{\"@type\":\"Organization\",\"@id\":\"https:\/\/radiolifefm.com.br\/noticias\/#organization\",\"name\":\"R\u00e1dio Life FM\",\"alternateName\":\"Life FM\",\"url\":\"https:\/\/radiolifefm.com.br\/noticias\/\",\"logo\":{\"@type\":\"ImageObject\",\"inLanguage\":\"pt-BR\",\"@id\":\"https:\/\/radiolifefm.com.br\/noticias\/#\/schema\/logo\/image\/\",\"url\":\"https:\/\/static.radiolifefm.com.br\/noticias\/wp-content\/uploads\/2019\/10\/logo-lifefm.png\",\"contentUrl\":\"https:\/\/static.radiolifefm.com.br\/noticias\/wp-content\/uploads\/2019\/10\/logo-lifefm.png\",\"width\":196,\"height\":47,\"caption\":\"R\u00e1dio Life FM\"},\"image\":{\"@id\":\"https:\/\/radiolifefm.com.br\/noticias\/#\/schema\/logo\/image\/\"},\"sameAs\":[\"https:\/\/www.facebook.com\/radiolifefm\/\",\"https:\/\/www.instagram.com\/life1079fm\/\"]},{\"@type\":\"Person\",\"@id\":\"https:\/\/radiolifefm.com.br\/noticias\/#\/schema\/person\/6339b9fac59d12b071dec680d7375d87\",\"name\":\"ritanery\",\"image\":{\"@type\":\"ImageObject\",\"inLanguage\":\"pt-BR\",\"@id\":\"https:\/\/secure.gravatar.com\/avatar\/0e37bb19071f47c0b8a23f62a903df117c5a0e75f65a0c2901562f97cd41cf86?s=96&d=mm&r=g\",\"url\":\"https:\/\/secure.gravatar.com\/avatar\/0e37bb19071f47c0b8a23f62a903df117c5a0e75f65a0c2901562f97cd41cf86?s=96&d=mm&r=g\",\"contentUrl\":\"https:\/\/secure.gravatar.com\/avatar\/0e37bb19071f47c0b8a23f62a903df117c5a0e75f65a0c2901562f97cd41cf86?s=96&d=mm&r=g\",\"caption\":\"ritanery\"}}]}<\/script>\n<!-- \/ Yoast SEO plugin. -->","yoast_head_json":{"title":"Adamantina ganhar\u00e1 uma unidade do Poupatempo - R\u00e1dio Life FM","robots":{"index":"index","follow":"follow","max-snippet":"max-snippet:-1","max-image-preview":"max-image-preview:large","max-video-preview":"max-video-preview:-1"},"canonical":"https:\/\/radiolifefm.com.br\/noticias\/adamantina-ganhara-uma-unidade-do-poupatempo\/","og_locale":"pt_BR","og_type":"article","og_title":"Adamantina ganhar\u00e1 uma unidade do Poupatempo - R\u00e1dio Life FM","og_description":"Em cerim\u00f4nia realizada na manh\u00e3 de hoje (29), o governador em exerc\u00edcio e presidente da Assembleia Legislativa do Estado de S\u00e3o Paulo, Carl\u00e3o Pignatari anunciou que Adamantina receber\u00e1 uma unidade do Poupatempo. &nbsp; Al\u00e9m disso, o munic\u00edpio ainda receber\u00e1 mais 600 mil reais destinados para aplica\u00e7\u00e3o em infraestrutura asf\u00e1ltica e foi assinado a autoriza\u00e7\u00e3o para [&hellip;]","og_url":"https:\/\/radiolifefm.com.br\/noticias\/adamantina-ganhara-uma-unidade-do-poupatempo\/","og_site_name":"R\u00e1dio Life FM","article_publisher":"https:\/\/www.facebook.com\/radiolifefm\/","article_published_time":"2021-10-29T18:20:52+00:00","article_modified_time":"2026-04-09T01:43:07+00:00","og_image":[{"width":1351,"height":1078,"url":"https:\/\/radiolifefm.com.br\/noticias\/wp-content\/uploads\/2021\/10\/foto1.jpeg","type":"image\/jpeg"}],"author":"ritanery","twitter_card":"summary_large_image","twitter_misc":{"Escrito por":"ritanery","Est. tempo de leitura":"3 minutos"},"schema":{"@context":"https:\/\/schema.org","@graph":[{"@type":"Article","@id":"https:\/\/radiolifefm.com.br\/noticias\/adamantina-ganhara-uma-unidade-do-poupatempo\/#article","isPartOf":{"@id":"https:\/\/radiolifefm.com.br\/noticias\/adamantina-ganhara-uma-unidade-do-poupatempo\/"},"author":{"name":"ritanery","@id":"https:\/\/radiolifefm.com.br\/noticias\/#\/schema\/person\/6339b9fac59d12b071dec680d7375d87"},"headline":"Adamantina ganhar\u00e1 uma unidade do Poupatempo","datePublished":"2021-10-29T18:20:52+00:00","dateModified":"2026-04-09T01:43:07+00:00","mainEntityOfPage":{"@id":"https:\/\/radiolifefm.com.br\/noticias\/adamantina-ganhara-uma-unidade-do-poupatempo\/"},"wordCount":652,"publisher":{"@id":"https:\/\/radiolifefm.com.br\/noticias\/#organization"},"image":{"@id":"https:\/\/radiolifefm.com.br\/noticias\/adamantina-ganhara-uma-unidade-do-poupatempo\/#primaryimage"},"thumbnailUrl":"https:\/\/radiolifefm.com.br\/noticias\/wp-content\/uploads\/2021\/10\/foto1.jpeg","articleSection":["Adamantina"],"inLanguage":"pt-BR"},{"@type":"WebPage","@id":"https:\/\/radiolifefm.com.br\/noticias\/adamantina-ganhara-uma-unidade-do-poupatempo\/","url":"https:\/\/radiolifefm.com.br\/noticias\/adamantina-ganhara-uma-unidade-do-poupatempo\/","name":"Adamantina ganhar\u00e1 uma unidade do Poupatempo - R\u00e1dio Life FM","isPartOf":{"@id":"https:\/\/radiolifefm.com.br\/noticias\/#website"},"primaryImageOfPage":{"@id":"https:\/\/radiolifefm.com.br\/noticias\/adamantina-ganhara-uma-unidade-do-poupatempo\/#primaryimage"},"image":{"@id":"https:\/\/radiolifefm.com.br\/noticias\/adamantina-ganhara-uma-unidade-do-poupatempo\/#primaryimage"},"thumbnailUrl":"https:\/\/radiolifefm.com.br\/noticias\/wp-content\/uploads\/2021\/10\/foto1.jpeg","datePublished":"2021-10-29T18:20:52+00:00","dateModified":"2026-04-09T01:43:07+00:00","breadcrumb":{"@id":"https:\/\/radiolifefm.com.br\/noticias\/adamantina-ganhara-uma-unidade-do-poupatempo\/#breadcrumb"},"inLanguage":"pt-BR","potentialAction":[{"@type":"ReadAction","target":["https:\/\/radiolifefm.com.br\/noticias\/adamantina-ganhara-uma-unidade-do-poupatempo\/"]}]},{"@type":"ImageObject","inLanguage":"pt-BR","@id":"https:\/\/radiolifefm.com.br\/noticias\/adamantina-ganhara-uma-unidade-do-poupatempo\/#primaryimage","url":"https:\/\/radiolifefm.com.br\/noticias\/wp-content\/uploads\/2021\/10\/foto1.jpeg","contentUrl":"https:\/\/radiolifefm.com.br\/noticias\/wp-content\/uploads\/2021\/10\/foto1.jpeg","width":1351,"height":1078,"caption":"Munic\u00edpio tamb\u00e9m receber\u00e1 unidade do Centro de Inova\u00e7\u00e3o da Educa\u00e7\u00e3o B\u00e1sica Paulista (CIEBP)"},{"@type":"BreadcrumbList","@id":"https:\/\/radiolifefm.com.br\/noticias\/adamantina-ganhara-uma-unidade-do-poupatempo\/#breadcrumb","itemListElement":[{"@type":"ListItem","position":1,"name":"In\u00edcio","item":"https:\/\/radiolifefm.com.br\/noticias\/"},{"@type":"ListItem","position":2,"name":"Adamantina ganhar\u00e1 uma unidade do Poupatempo"}]},{"@type":"WebSite","@id":"https:\/\/radiolifefm.com.br\/noticias\/#website","url":"https:\/\/radiolifefm.com.br\/noticias\/","name":"R\u00e1dio Life FM","description":"O Portal de Not\u00edcias de Adamantina","publisher":{"@id":"https:\/\/radiolifefm.com.br\/noticias\/#organization"},"alternateName":"Life FM","potentialAction":[{"@type":"SearchAction","target":{"@type":"EntryPoint","urlTemplate":"https:\/\/radiolifefm.com.br\/noticias\/?s={search_term_string}"},"query-input":{"@type":"PropertyValueSpecification","valueRequired":true,"valueName":"search_term_string"}}],"inLanguage":"pt-BR"},{"@type":"Organization","@id":"https:\/\/radiolifefm.com.br\/noticias\/#organization","name":"R\u00e1dio Life FM","alternateName":"Life FM","url":"https:\/\/radiolifefm.com.br\/noticias\/","logo":{"@type":"ImageObject","inLanguage":"pt-BR","@id":"https:\/\/radiolifefm.com.br\/noticias\/#\/schema\/logo\/image\/","url":"https:\/\/static.radiolifefm.com.br\/noticias\/wp-content\/uploads\/2019\/10\/logo-lifefm.png","contentUrl":"https:\/\/static.radiolifefm.com.br\/noticias\/wp-content\/uploads\/2019\/10\/logo-lifefm.png","width":196,"height":47,"caption":"R\u00e1dio Life FM"},"image":{"@id":"https:\/\/radiolifefm.com.br\/noticias\/#\/schema\/logo\/image\/"},"sameAs":["https:\/\/www.facebook.com\/radiolifefm\/","https:\/\/www.instagram.com\/life1079fm\/"]},{"@type":"Person","@id":"https:\/\/radiolifefm.com.br\/noticias\/#\/schema\/person\/6339b9fac59d12b071dec680d7375d87","name":"ritanery","image":{"@type":"ImageObject","inLanguage":"pt-BR","@id":"https:\/\/secure.gravatar.com\/avatar\/0e37bb19071f47c0b8a23f62a903df117c5a0e75f65a0c2901562f97cd41cf86?s=96&d=mm&r=g","url":"https:\/\/secure.gravatar.com\/avatar\/0e37bb19071f47c0b8a23f62a903df117c5a0e75f65a0c2901562f97cd41cf86?s=96&d=mm&r=g","contentUrl":"https:\/\/secure.gravatar.com\/avatar\/0e37bb19071f47c0b8a23f62a903df117c5a0e75f65a0c2901562f97cd41cf86?s=96&d=mm&r=g","caption":"ritanery"}}]}},"amp_enabled":true,"_links":{"self":[{"href":"https:\/\/radiolifefm.com.br\/noticias\/wp-json\/wp\/v2\/posts\/44928","targetHints":{"allow":["GET"]}}],"collection":[{"href":"https:\/\/radiolifefm.com.br\/noticias\/wp-json\/wp\/v2\/posts"}],"about":[{"href":"https:\/\/radiolifefm.com.br\/noticias\/wp-json\/wp\/v2\/types\/post"}],"author":[{"embeddable":true,"href":"https:\/\/radiolifefm.com.br\/noticias\/wp-json\/wp\/v2\/users\/13"}],"replies":[{"embeddable":true,"href":"https:\/\/radiolifefm.com.br\/noticias\/wp-json\/wp\/v2\/comments?post=44928"}],"version-history":[{"count":2,"href":"https:\/\/radiolifefm.com.br\/noticias\/wp-json\/wp\/v2\/posts\/44928\/revisions"}],"predecessor-version":[{"id":44933,"href":"https:\/\/radiolifefm.com.br\/noticias\/wp-json\/wp\/v2\/posts\/44928\/revisions\/44933"}],"wp:featuredmedia":[{"embeddable":true,"href":"https:\/\/radiolifefm.com.br\/noticias\/wp-json\/wp\/v2\/media\/44929"}],"wp:attachment":[{"href":"https:\/\/radiolifefm.com.br\/noticias\/wp-json\/wp\/v2\/media?parent=44928"}],"wp:term":[{"taxonomy":"category","embeddable":true,"href":"https:\/\/radiolifefm.com.br\/noticias\/wp-json\/wp\/v2\/categories?post=44928"},{"taxonomy":"post_tag","embeddable":true,"href":"https:\/\/radiolifefm.com.br\/noticias\/wp-json\/wp\/v2\/tags?post=44928"}],"curies":[{"name":"wp","href":"https:\/\/api.w.org\/{rel}","templated":true}]}}