{"id":44848,"date":"2021-10-27T22:36:49","date_gmt":"2021-10-28T01:36:49","guid":{"rendered":"https:\/\/radiolifefm.com.br\/noticias\/?p=44848"},"modified":"2026-04-10T01:10:15","modified_gmt":"2026-04-10T04:10:15","slug":"denuncia-de-funcionario-da-unifai-que-perdeu-cargo-comissionado-e-indeferida-pelo-ministerio-publico","status":"publish","type":"post","link":"https:\/\/radiolifefm.com.br\/noticias\/denuncia-de-funcionario-da-unifai-que-perdeu-cargo-comissionado-e-indeferida-pelo-ministerio-publico\/","title":{"rendered":"Den\u00fancia de funcion\u00e1rio da UniFAI que perdeu cargo comissionado \u00e9 indeferida pelo Minist\u00e9rio P\u00fablico"},"content":{"rendered":"<div id=\"fb-root\"><\/div>\n<p>O Minist\u00e9rio P\u00fablico do Estado de S\u00e3o Paulo (MPSP), por meio da Promotoria de Justi\u00e7a da Comarca de Adamantina, indeferiu duas den\u00fancias apresentadas no dia 1\u00ba de setembro junto ao \u00f3rg\u00e3o, por um servidor municipal, ap\u00f3s ser desligado do cargo comissionado que ocupava no Centro Universit\u00e1rio de Adamantina (UniFAI).<\/p>\n<p>&nbsp;<\/p>\n<p>As den\u00fancias envolvem quest\u00f5es funcionais \u2013 inclusive com elementos utilizados contra o atual reitor durante o pol\u00eamico processo de elei\u00e7\u00e3o e nomea\u00e7\u00e3o \u2013 que n\u00e3o convenceram o MPSP a avan\u00e7ar, promovendo seu indeferimento.<\/p>\n<p>&nbsp;<\/p>\n<p>Segundo apurou o SIGA MAIS, a decis\u00e3o da promotoria foi tomada no dia 18 de outubro e informada ao denunciante no dia seguinte, por e-mail, que tem 10 dias para recorrer, caso tenha interesse em contestar o indeferimento.<\/p>\n<p>&nbsp;<\/p>\n<p>No final de agosto o tema foi tratado como pauta \u201cbomba\u201d por parte da imprensa de Adamantina, inclusive com entrevista de advogado abordando a iniciativa do denunciante.<\/p>\n<p>&nbsp;<\/p>\n<p>Fonte: Siga Mais<\/p>\n","protected":false},"excerpt":{"rendered":"<p>O Minist\u00e9rio P\u00fablico do Estado de S\u00e3o Paulo (MPSP), por meio da Promotoria de Justi\u00e7a da Comarca de Adamantina, indeferiu duas den\u00fancias apresentadas no dia 1\u00ba de setembro junto ao \u00f3rg\u00e3o, por um servidor municipal, ap\u00f3s ser desligado do cargo comissionado que ocupava no Centro Universit\u00e1rio de Adamantina (UniFAI). &nbsp; As den\u00fancias envolvem quest\u00f5es funcionais [&hellip;]<\/p>\n","protected":false},"author":13,"featured_media":44849,"comment_status":"closed","ping_status":"open","sticky":false,"template":"","format":"standard","meta":{"_acf_changed":false,"_exactmetrics_skip_tracking":false,"_exactmetrics_sitenote_active":false,"_exactmetrics_sitenote_note":"","_exactmetrics_sitenote_category":0,"footnotes":""},"categories":[21],"tags":[],"class_list":["post-44848","post","type-post","status-publish","format-standard","has-post-thumbnail","hentry","category-adamantina"],"acf":[],"yoast_head":"<!-- This site is optimized with the Yoast SEO plugin v27.2 - https:\/\/yoast.com\/product\/yoast-seo-wordpress\/ -->\n<title>Den\u00fancia de funcion\u00e1rio da UniFAI que perdeu cargo comissionado \u00e9 indeferida pelo Minist\u00e9rio P\u00fablico - R\u00e1dio Life FM<\/title>\n<meta name=\"robots\" content=\"index, follow, max-snippet:-1, max-image-preview:large, max-video-preview:-1\" \/>\n<link rel=\"canonical\" href=\"https:\/\/radiolifefm.com.br\/noticias\/denuncia-de-funcionario-da-unifai-que-perdeu-cargo-comissionado-e-indeferida-pelo-ministerio-publico\/\" \/>\n<meta property=\"og:locale\" content=\"pt_BR\" \/>\n<meta property=\"og:type\" content=\"article\" \/>\n<meta property=\"og:title\" content=\"Den\u00fancia de funcion\u00e1rio da UniFAI que perdeu cargo comissionado \u00e9 indeferida pelo Minist\u00e9rio P\u00fablico - R\u00e1dio Life FM\" \/>\n<meta property=\"og:description\" content=\"O Minist\u00e9rio P\u00fablico do Estado de S\u00e3o Paulo (MPSP), por meio da Promotoria de Justi\u00e7a da Comarca de Adamantina, indeferiu duas den\u00fancias apresentadas no dia 1\u00ba de setembro junto ao \u00f3rg\u00e3o, por um servidor municipal, ap\u00f3s ser desligado do cargo comissionado que ocupava no Centro Universit\u00e1rio de Adamantina (UniFAI). &nbsp; As den\u00fancias envolvem quest\u00f5es funcionais [&hellip;]\" \/>\n<meta property=\"og:url\" content=\"https:\/\/radiolifefm.com.br\/noticias\/denuncia-de-funcionario-da-unifai-que-perdeu-cargo-comissionado-e-indeferida-pelo-ministerio-publico\/\" \/>\n<meta property=\"og:site_name\" content=\"R\u00e1dio Life FM\" \/>\n<meta property=\"article:publisher\" content=\"https:\/\/www.facebook.com\/radiolifefm\/\" \/>\n<meta property=\"article:published_time\" content=\"2021-10-28T01:36:49+00:00\" \/>\n<meta property=\"article:modified_time\" content=\"2026-04-10T04:10:15+00:00\" \/>\n<meta property=\"og:image\" content=\"https:\/\/radiolifefm.com.br\/noticias\/wp-content\/uploads\/2021\/10\/unnamed.png\" \/>\n\t<meta property=\"og:image:width\" content=\"381\" \/>\n\t<meta property=\"og:image:height\" content=\"483\" \/>\n\t<meta property=\"og:image:type\" content=\"image\/png\" \/>\n<meta name=\"author\" content=\"ritanery\" \/>\n<meta name=\"twitter:card\" content=\"summary_large_image\" \/>\n<meta name=\"twitter:label1\" content=\"Escrito por\" \/>\n\t<meta name=\"twitter:data1\" content=\"ritanery\" \/>\n\t<meta name=\"twitter:label2\" content=\"Est. tempo de leitura\" \/>\n\t<meta name=\"twitter:data2\" content=\"1 minuto\" \/>\n<script type=\"application\/ld+json\" class=\"yoast-schema-graph\">{\"@context\":\"https:\/\/schema.org\",\"@graph\":[{\"@type\":\"Article\",\"@id\":\"https:\/\/radiolifefm.com.br\/noticias\/denuncia-de-funcionario-da-unifai-que-perdeu-cargo-comissionado-e-indeferida-pelo-ministerio-publico\/#article\",\"isPartOf\":{\"@id\":\"https:\/\/radiolifefm.com.br\/noticias\/denuncia-de-funcionario-da-unifai-que-perdeu-cargo-comissionado-e-indeferida-pelo-ministerio-publico\/\"},\"author\":{\"name\":\"ritanery\",\"@id\":\"https:\/\/radiolifefm.com.br\/noticias\/#\/schema\/person\/6339b9fac59d12b071dec680d7375d87\"},\"headline\":\"Den\u00fancia de funcion\u00e1rio da UniFAI que perdeu cargo comissionado \u00e9 indeferida pelo Minist\u00e9rio P\u00fablico\",\"datePublished\":\"2021-10-28T01:36:49+00:00\",\"dateModified\":\"2026-04-10T04:10:15+00:00\",\"mainEntityOfPage\":{\"@id\":\"https:\/\/radiolifefm.com.br\/noticias\/denuncia-de-funcionario-da-unifai-que-perdeu-cargo-comissionado-e-indeferida-pelo-ministerio-publico\/\"},\"wordCount\":182,\"publisher\":{\"@id\":\"https:\/\/radiolifefm.com.br\/noticias\/#organization\"},\"image\":{\"@id\":\"https:\/\/radiolifefm.com.br\/noticias\/denuncia-de-funcionario-da-unifai-que-perdeu-cargo-comissionado-e-indeferida-pelo-ministerio-publico\/#primaryimage\"},\"thumbnailUrl\":\"https:\/\/radiolifefm.com.br\/noticias\/wp-content\/uploads\/2021\/10\/unnamed.png\",\"articleSection\":[\"Adamantina\"],\"inLanguage\":\"pt-BR\"},{\"@type\":\"WebPage\",\"@id\":\"https:\/\/radiolifefm.com.br\/noticias\/denuncia-de-funcionario-da-unifai-que-perdeu-cargo-comissionado-e-indeferida-pelo-ministerio-publico\/\",\"url\":\"https:\/\/radiolifefm.com.br\/noticias\/denuncia-de-funcionario-da-unifai-que-perdeu-cargo-comissionado-e-indeferida-pelo-ministerio-publico\/\",\"name\":\"Den\u00fancia de funcion\u00e1rio da UniFAI que perdeu cargo comissionado \u00e9 indeferida pelo Minist\u00e9rio P\u00fablico - R\u00e1dio Life FM\",\"isPartOf\":{\"@id\":\"https:\/\/radiolifefm.com.br\/noticias\/#website\"},\"primaryImageOfPage\":{\"@id\":\"https:\/\/radiolifefm.com.br\/noticias\/denuncia-de-funcionario-da-unifai-que-perdeu-cargo-comissionado-e-indeferida-pelo-ministerio-publico\/#primaryimage\"},\"image\":{\"@id\":\"https:\/\/radiolifefm.com.br\/noticias\/denuncia-de-funcionario-da-unifai-que-perdeu-cargo-comissionado-e-indeferida-pelo-ministerio-publico\/#primaryimage\"},\"thumbnailUrl\":\"https:\/\/radiolifefm.com.br\/noticias\/wp-content\/uploads\/2021\/10\/unnamed.png\",\"datePublished\":\"2021-10-28T01:36:49+00:00\",\"dateModified\":\"2026-04-10T04:10:15+00:00\",\"breadcrumb\":{\"@id\":\"https:\/\/radiolifefm.com.br\/noticias\/denuncia-de-funcionario-da-unifai-que-perdeu-cargo-comissionado-e-indeferida-pelo-ministerio-publico\/#breadcrumb\"},\"inLanguage\":\"pt-BR\",\"potentialAction\":[{\"@type\":\"ReadAction\",\"target\":[\"https:\/\/radiolifefm.com.br\/noticias\/denuncia-de-funcionario-da-unifai-que-perdeu-cargo-comissionado-e-indeferida-pelo-ministerio-publico\/\"]}]},{\"@type\":\"ImageObject\",\"inLanguage\":\"pt-BR\",\"@id\":\"https:\/\/radiolifefm.com.br\/noticias\/denuncia-de-funcionario-da-unifai-que-perdeu-cargo-comissionado-e-indeferida-pelo-ministerio-publico\/#primaryimage\",\"url\":\"https:\/\/radiolifefm.com.br\/noticias\/wp-content\/uploads\/2021\/10\/unnamed.png\",\"contentUrl\":\"https:\/\/radiolifefm.com.br\/noticias\/wp-content\/uploads\/2021\/10\/unnamed.png\",\"width\":381,\"height\":483},{\"@type\":\"BreadcrumbList\",\"@id\":\"https:\/\/radiolifefm.com.br\/noticias\/denuncia-de-funcionario-da-unifai-que-perdeu-cargo-comissionado-e-indeferida-pelo-ministerio-publico\/#breadcrumb\",\"itemListElement\":[{\"@type\":\"ListItem\",\"position\":1,\"name\":\"In\u00edcio\",\"item\":\"https:\/\/radiolifefm.com.br\/noticias\/\"},{\"@type\":\"ListItem\",\"position\":2,\"name\":\"Den\u00fancia de funcion\u00e1rio da UniFAI que perdeu cargo comissionado \u00e9 indeferida pelo Minist\u00e9rio P\u00fablico\"}]},{\"@type\":\"WebSite\",\"@id\":\"https:\/\/radiolifefm.com.br\/noticias\/#website\",\"url\":\"https:\/\/radiolifefm.com.br\/noticias\/\",\"name\":\"R\u00e1dio Life FM\",\"description\":\"O Portal de Not\u00edcias de Adamantina\",\"publisher\":{\"@id\":\"https:\/\/radiolifefm.com.br\/noticias\/#organization\"},\"alternateName\":\"Life FM\",\"potentialAction\":[{\"@type\":\"SearchAction\",\"target\":{\"@type\":\"EntryPoint\",\"urlTemplate\":\"https:\/\/radiolifefm.com.br\/noticias\/?s={search_term_string}\"},\"query-input\":{\"@type\":\"PropertyValueSpecification\",\"valueRequired\":true,\"valueName\":\"search_term_string\"}}],\"inLanguage\":\"pt-BR\"},{\"@type\":\"Organization\",\"@id\":\"https:\/\/radiolifefm.com.br\/noticias\/#organization\",\"name\":\"R\u00e1dio Life FM\",\"alternateName\":\"Life FM\",\"url\":\"https:\/\/radiolifefm.com.br\/noticias\/\",\"logo\":{\"@type\":\"ImageObject\",\"inLanguage\":\"pt-BR\",\"@id\":\"https:\/\/radiolifefm.com.br\/noticias\/#\/schema\/logo\/image\/\",\"url\":\"https:\/\/static.radiolifefm.com.br\/noticias\/wp-content\/uploads\/2019\/10\/logo-lifefm.png\",\"contentUrl\":\"https:\/\/static.radiolifefm.com.br\/noticias\/wp-content\/uploads\/2019\/10\/logo-lifefm.png\",\"width\":196,\"height\":47,\"caption\":\"R\u00e1dio Life FM\"},\"image\":{\"@id\":\"https:\/\/radiolifefm.com.br\/noticias\/#\/schema\/logo\/image\/\"},\"sameAs\":[\"https:\/\/www.facebook.com\/radiolifefm\/\",\"https:\/\/www.instagram.com\/life1079fm\/\"]},{\"@type\":\"Person\",\"@id\":\"https:\/\/radiolifefm.com.br\/noticias\/#\/schema\/person\/6339b9fac59d12b071dec680d7375d87\",\"name\":\"ritanery\",\"image\":{\"@type\":\"ImageObject\",\"inLanguage\":\"pt-BR\",\"@id\":\"https:\/\/secure.gravatar.com\/avatar\/0e37bb19071f47c0b8a23f62a903df117c5a0e75f65a0c2901562f97cd41cf86?s=96&d=mm&r=g\",\"url\":\"https:\/\/secure.gravatar.com\/avatar\/0e37bb19071f47c0b8a23f62a903df117c5a0e75f65a0c2901562f97cd41cf86?s=96&d=mm&r=g\",\"contentUrl\":\"https:\/\/secure.gravatar.com\/avatar\/0e37bb19071f47c0b8a23f62a903df117c5a0e75f65a0c2901562f97cd41cf86?s=96&d=mm&r=g\",\"caption\":\"ritanery\"}}]}<\/script>\n<!-- \/ Yoast SEO plugin. -->","yoast_head_json":{"title":"Den\u00fancia de funcion\u00e1rio da UniFAI que perdeu cargo comissionado \u00e9 indeferida pelo Minist\u00e9rio P\u00fablico - R\u00e1dio Life FM","robots":{"index":"index","follow":"follow","max-snippet":"max-snippet:-1","max-image-preview":"max-image-preview:large","max-video-preview":"max-video-preview:-1"},"canonical":"https:\/\/radiolifefm.com.br\/noticias\/denuncia-de-funcionario-da-unifai-que-perdeu-cargo-comissionado-e-indeferida-pelo-ministerio-publico\/","og_locale":"pt_BR","og_type":"article","og_title":"Den\u00fancia de funcion\u00e1rio da UniFAI que perdeu cargo comissionado \u00e9 indeferida pelo Minist\u00e9rio P\u00fablico - R\u00e1dio Life FM","og_description":"O Minist\u00e9rio P\u00fablico do Estado de S\u00e3o Paulo (MPSP), por meio da Promotoria de Justi\u00e7a da Comarca de Adamantina, indeferiu duas den\u00fancias apresentadas no dia 1\u00ba de setembro junto ao \u00f3rg\u00e3o, por um servidor municipal, ap\u00f3s ser desligado do cargo comissionado que ocupava no Centro Universit\u00e1rio de Adamantina (UniFAI). &nbsp; As den\u00fancias envolvem quest\u00f5es funcionais [&hellip;]","og_url":"https:\/\/radiolifefm.com.br\/noticias\/denuncia-de-funcionario-da-unifai-que-perdeu-cargo-comissionado-e-indeferida-pelo-ministerio-publico\/","og_site_name":"R\u00e1dio Life FM","article_publisher":"https:\/\/www.facebook.com\/radiolifefm\/","article_published_time":"2021-10-28T01:36:49+00:00","article_modified_time":"2026-04-10T04:10:15+00:00","og_image":[{"width":381,"height":483,"url":"https:\/\/radiolifefm.com.br\/noticias\/wp-content\/uploads\/2021\/10\/unnamed.png","type":"image\/png"}],"author":"ritanery","twitter_card":"summary_large_image","twitter_misc":{"Escrito por":"ritanery","Est. tempo de leitura":"1 minuto"},"schema":{"@context":"https:\/\/schema.org","@graph":[{"@type":"Article","@id":"https:\/\/radiolifefm.com.br\/noticias\/denuncia-de-funcionario-da-unifai-que-perdeu-cargo-comissionado-e-indeferida-pelo-ministerio-publico\/#article","isPartOf":{"@id":"https:\/\/radiolifefm.com.br\/noticias\/denuncia-de-funcionario-da-unifai-que-perdeu-cargo-comissionado-e-indeferida-pelo-ministerio-publico\/"},"author":{"name":"ritanery","@id":"https:\/\/radiolifefm.com.br\/noticias\/#\/schema\/person\/6339b9fac59d12b071dec680d7375d87"},"headline":"Den\u00fancia de funcion\u00e1rio da UniFAI que perdeu cargo comissionado \u00e9 indeferida pelo Minist\u00e9rio P\u00fablico","datePublished":"2021-10-28T01:36:49+00:00","dateModified":"2026-04-10T04:10:15+00:00","mainEntityOfPage":{"@id":"https:\/\/radiolifefm.com.br\/noticias\/denuncia-de-funcionario-da-unifai-que-perdeu-cargo-comissionado-e-indeferida-pelo-ministerio-publico\/"},"wordCount":182,"publisher":{"@id":"https:\/\/radiolifefm.com.br\/noticias\/#organization"},"image":{"@id":"https:\/\/radiolifefm.com.br\/noticias\/denuncia-de-funcionario-da-unifai-que-perdeu-cargo-comissionado-e-indeferida-pelo-ministerio-publico\/#primaryimage"},"thumbnailUrl":"https:\/\/radiolifefm.com.br\/noticias\/wp-content\/uploads\/2021\/10\/unnamed.png","articleSection":["Adamantina"],"inLanguage":"pt-BR"},{"@type":"WebPage","@id":"https:\/\/radiolifefm.com.br\/noticias\/denuncia-de-funcionario-da-unifai-que-perdeu-cargo-comissionado-e-indeferida-pelo-ministerio-publico\/","url":"https:\/\/radiolifefm.com.br\/noticias\/denuncia-de-funcionario-da-unifai-que-perdeu-cargo-comissionado-e-indeferida-pelo-ministerio-publico\/","name":"Den\u00fancia de funcion\u00e1rio da UniFAI que perdeu cargo comissionado \u00e9 indeferida pelo Minist\u00e9rio P\u00fablico - R\u00e1dio Life FM","isPartOf":{"@id":"https:\/\/radiolifefm.com.br\/noticias\/#website"},"primaryImageOfPage":{"@id":"https:\/\/radiolifefm.com.br\/noticias\/denuncia-de-funcionario-da-unifai-que-perdeu-cargo-comissionado-e-indeferida-pelo-ministerio-publico\/#primaryimage"},"image":{"@id":"https:\/\/radiolifefm.com.br\/noticias\/denuncia-de-funcionario-da-unifai-que-perdeu-cargo-comissionado-e-indeferida-pelo-ministerio-publico\/#primaryimage"},"thumbnailUrl":"https:\/\/radiolifefm.com.br\/noticias\/wp-content\/uploads\/2021\/10\/unnamed.png","datePublished":"2021-10-28T01:36:49+00:00","dateModified":"2026-04-10T04:10:15+00:00","breadcrumb":{"@id":"https:\/\/radiolifefm.com.br\/noticias\/denuncia-de-funcionario-da-unifai-que-perdeu-cargo-comissionado-e-indeferida-pelo-ministerio-publico\/#breadcrumb"},"inLanguage":"pt-BR","potentialAction":[{"@type":"ReadAction","target":["https:\/\/radiolifefm.com.br\/noticias\/denuncia-de-funcionario-da-unifai-que-perdeu-cargo-comissionado-e-indeferida-pelo-ministerio-publico\/"]}]},{"@type":"ImageObject","inLanguage":"pt-BR","@id":"https:\/\/radiolifefm.com.br\/noticias\/denuncia-de-funcionario-da-unifai-que-perdeu-cargo-comissionado-e-indeferida-pelo-ministerio-publico\/#primaryimage","url":"https:\/\/radiolifefm.com.br\/noticias\/wp-content\/uploads\/2021\/10\/unnamed.png","contentUrl":"https:\/\/radiolifefm.com.br\/noticias\/wp-content\/uploads\/2021\/10\/unnamed.png","width":381,"height":483},{"@type":"BreadcrumbList","@id":"https:\/\/radiolifefm.com.br\/noticias\/denuncia-de-funcionario-da-unifai-que-perdeu-cargo-comissionado-e-indeferida-pelo-ministerio-publico\/#breadcrumb","itemListElement":[{"@type":"ListItem","position":1,"name":"In\u00edcio","item":"https:\/\/radiolifefm.com.br\/noticias\/"},{"@type":"ListItem","position":2,"name":"Den\u00fancia de funcion\u00e1rio da UniFAI que perdeu cargo comissionado \u00e9 indeferida pelo Minist\u00e9rio P\u00fablico"}]},{"@type":"WebSite","@id":"https:\/\/radiolifefm.com.br\/noticias\/#website","url":"https:\/\/radiolifefm.com.br\/noticias\/","name":"R\u00e1dio Life FM","description":"O Portal de Not\u00edcias de Adamantina","publisher":{"@id":"https:\/\/radiolifefm.com.br\/noticias\/#organization"},"alternateName":"Life FM","potentialAction":[{"@type":"SearchAction","target":{"@type":"EntryPoint","urlTemplate":"https:\/\/radiolifefm.com.br\/noticias\/?s={search_term_string}"},"query-input":{"@type":"PropertyValueSpecification","valueRequired":true,"valueName":"search_term_string"}}],"inLanguage":"pt-BR"},{"@type":"Organization","@id":"https:\/\/radiolifefm.com.br\/noticias\/#organization","name":"R\u00e1dio Life FM","alternateName":"Life FM","url":"https:\/\/radiolifefm.com.br\/noticias\/","logo":{"@type":"ImageObject","inLanguage":"pt-BR","@id":"https:\/\/radiolifefm.com.br\/noticias\/#\/schema\/logo\/image\/","url":"https:\/\/static.radiolifefm.com.br\/noticias\/wp-content\/uploads\/2019\/10\/logo-lifefm.png","contentUrl":"https:\/\/static.radiolifefm.com.br\/noticias\/wp-content\/uploads\/2019\/10\/logo-lifefm.png","width":196,"height":47,"caption":"R\u00e1dio Life FM"},"image":{"@id":"https:\/\/radiolifefm.com.br\/noticias\/#\/schema\/logo\/image\/"},"sameAs":["https:\/\/www.facebook.com\/radiolifefm\/","https:\/\/www.instagram.com\/life1079fm\/"]},{"@type":"Person","@id":"https:\/\/radiolifefm.com.br\/noticias\/#\/schema\/person\/6339b9fac59d12b071dec680d7375d87","name":"ritanery","image":{"@type":"ImageObject","inLanguage":"pt-BR","@id":"https:\/\/secure.gravatar.com\/avatar\/0e37bb19071f47c0b8a23f62a903df117c5a0e75f65a0c2901562f97cd41cf86?s=96&d=mm&r=g","url":"https:\/\/secure.gravatar.com\/avatar\/0e37bb19071f47c0b8a23f62a903df117c5a0e75f65a0c2901562f97cd41cf86?s=96&d=mm&r=g","contentUrl":"https:\/\/secure.gravatar.com\/avatar\/0e37bb19071f47c0b8a23f62a903df117c5a0e75f65a0c2901562f97cd41cf86?s=96&d=mm&r=g","caption":"ritanery"}}]}},"amp_enabled":true,"_links":{"self":[{"href":"https:\/\/radiolifefm.com.br\/noticias\/wp-json\/wp\/v2\/posts\/44848","targetHints":{"allow":["GET"]}}],"collection":[{"href":"https:\/\/radiolifefm.com.br\/noticias\/wp-json\/wp\/v2\/posts"}],"about":[{"href":"https:\/\/radiolifefm.com.br\/noticias\/wp-json\/wp\/v2\/types\/post"}],"author":[{"embeddable":true,"href":"https:\/\/radiolifefm.com.br\/noticias\/wp-json\/wp\/v2\/users\/13"}],"replies":[{"embeddable":true,"href":"https:\/\/radiolifefm.com.br\/noticias\/wp-json\/wp\/v2\/comments?post=44848"}],"version-history":[{"count":1,"href":"https:\/\/radiolifefm.com.br\/noticias\/wp-json\/wp\/v2\/posts\/44848\/revisions"}],"predecessor-version":[{"id":44850,"href":"https:\/\/radiolifefm.com.br\/noticias\/wp-json\/wp\/v2\/posts\/44848\/revisions\/44850"}],"wp:featuredmedia":[{"embeddable":true,"href":"https:\/\/radiolifefm.com.br\/noticias\/wp-json\/wp\/v2\/media\/44849"}],"wp:attachment":[{"href":"https:\/\/radiolifefm.com.br\/noticias\/wp-json\/wp\/v2\/media?parent=44848"}],"wp:term":[{"taxonomy":"category","embeddable":true,"href":"https:\/\/radiolifefm.com.br\/noticias\/wp-json\/wp\/v2\/categories?post=44848"},{"taxonomy":"post_tag","embeddable":true,"href":"https:\/\/radiolifefm.com.br\/noticias\/wp-json\/wp\/v2\/tags?post=44848"}],"curies":[{"name":"wp","href":"https:\/\/api.w.org\/{rel}","templated":true}]}}