{"id":44843,"date":"2021-10-27T21:54:05","date_gmt":"2021-10-28T00:54:05","guid":{"rendered":"https:\/\/radiolifefm.com.br\/noticias\/?p=44843"},"modified":"2026-04-05T12:06:56","modified_gmt":"2026-04-05T15:06:56","slug":"melhora-da-situacao-epidemiologica-possibilita-reabertura-em-adamantina","status":"publish","type":"post","link":"https:\/\/radiolifefm.com.br\/noticias\/melhora-da-situacao-epidemiologica-possibilita-reabertura-em-adamantina\/","title":{"rendered":"Melhora da situa\u00e7\u00e3o epidemiol\u00f3gica possibilita reabertura em Adamantina"},"content":{"rendered":"<div id=\"fb-root\"><\/div>\n<p>Em virtude da melhora na situa\u00e7\u00e3o epidemiol\u00f3gica, a Prefeitura de Adamantina n\u00e3o prorrogar\u00e1 a vig\u00eancia do Decreto n\u00ba 6.439, de 13 de outubro que estabelecia restri\u00e7\u00f5es devido ao avan\u00e7o da COVID-19 no munic\u00edpio.<\/p>\n<p>&nbsp;<\/p>\n<p>De acordo com os dados da Vigil\u00e2ncia Epidemiol\u00f3gica, antes da publica\u00e7\u00e3o do decreto, no per\u00edodo compreendido entre 27 de setembro e 12 de outubro, 484 pacientes foram notificados, o que significa o n\u00famero de pessoas que procuraram a Central COVID-19 em busca do primeiro atendimento, sendo que desses, 255 acabaram testando positivo para COVID-19.<\/p>\n<p>&nbsp;<\/p>\n<p>J\u00e1 no per\u00edodo compreendido entre 13 e 26 de outubro (durante o decreto), 347 mun\u00edcipes procuraram atendimento e 92 pessoas tiveram diagn\u00f3stico confirmado para doen\u00e7a, no momento, 34 pessoas ainda aguardam resultado do exame.<\/p>\n<p>&nbsp;<\/p>\n<p>Em rela\u00e7\u00e3o ao n\u00famero de \u00f3bitos, antes do decreto foram registradas 4 mortes em decorr\u00eancia da doen\u00e7a e depois do decreto, 5 \u00f3bitos e quanto \u00e0s interna\u00e7\u00f5es, foram 6 pessoas internadas em enfermaria antes do decreto e 14 pessoas na UTI e com a vig\u00eancia do decreto, 2 pessoas foram internadas na enfermaria e 6 na UTI.<\/p>\n<p>&nbsp;<\/p>\n<p>Com isso, a partir do dia 29 de outubro, as medidas v\u00e1lidas no munic\u00edpio s\u00e3o as determinadas pelo Plano S\u00e3o Paulo. O uso de m\u00e1scaras de prote\u00e7\u00e3o facial continua obrigat\u00f3rio em todos os espa\u00e7os p\u00fablicos.<\/p>\n<p>&nbsp;<\/p>\n<p>\u201cApesar da melhora, n\u00e3o podemos relaxar. Pedimos que a popula\u00e7\u00e3o continue tomando todos os cuidados e seguindo todas as orienta\u00e7\u00f5es, pois s\u00f3 assim o munic\u00edpio continuar\u00e1 evoluindo de forma positiva\u201d, afirma o secret\u00e1rio de sa\u00fade, Gustavo Taniguchi Rufino.<\/p>\n<p>&nbsp;<\/p>\n<p>&nbsp;<\/p>\n<p>Fonte: Assessoria de Imprensa<\/p>\n","protected":false},"excerpt":{"rendered":"<p>Em virtude da melhora na situa\u00e7\u00e3o epidemiol\u00f3gica, a Prefeitura de Adamantina n\u00e3o prorrogar\u00e1 a vig\u00eancia do Decreto n\u00ba 6.439, de 13 de outubro que estabelecia restri\u00e7\u00f5es devido ao avan\u00e7o da COVID-19 no munic\u00edpio. &nbsp; De acordo com os dados da Vigil\u00e2ncia Epidemiol\u00f3gica, antes da publica\u00e7\u00e3o do decreto, no per\u00edodo compreendido entre 27 de setembro e [&hellip;]<\/p>\n","protected":false},"author":13,"featured_media":44844,"comment_status":"closed","ping_status":"open","sticky":false,"template":"","format":"standard","meta":{"_acf_changed":false,"_exactmetrics_skip_tracking":false,"_exactmetrics_sitenote_active":false,"_exactmetrics_sitenote_note":"","_exactmetrics_sitenote_category":0,"footnotes":""},"categories":[21],"tags":[],"class_list":["post-44843","post","type-post","status-publish","format-standard","has-post-thumbnail","hentry","category-adamantina"],"acf":[],"yoast_head":"<!-- This site is optimized with the Yoast SEO plugin v27.2 - https:\/\/yoast.com\/product\/yoast-seo-wordpress\/ -->\n<title>Melhora da situa\u00e7\u00e3o epidemiol\u00f3gica possibilita reabertura em Adamantina - R\u00e1dio Life FM<\/title>\n<meta name=\"robots\" content=\"index, follow, max-snippet:-1, max-image-preview:large, max-video-preview:-1\" \/>\n<link rel=\"canonical\" href=\"https:\/\/radiolifefm.com.br\/noticias\/melhora-da-situacao-epidemiologica-possibilita-reabertura-em-adamantina\/\" \/>\n<meta property=\"og:locale\" content=\"pt_BR\" \/>\n<meta property=\"og:type\" content=\"article\" \/>\n<meta property=\"og:title\" content=\"Melhora da situa\u00e7\u00e3o epidemiol\u00f3gica possibilita reabertura em Adamantina - R\u00e1dio Life FM\" \/>\n<meta property=\"og:description\" content=\"Em virtude da melhora na situa\u00e7\u00e3o epidemiol\u00f3gica, a Prefeitura de Adamantina n\u00e3o prorrogar\u00e1 a vig\u00eancia do Decreto n\u00ba 6.439, de 13 de outubro que estabelecia restri\u00e7\u00f5es devido ao avan\u00e7o da COVID-19 no munic\u00edpio. &nbsp; De acordo com os dados da Vigil\u00e2ncia Epidemiol\u00f3gica, antes da publica\u00e7\u00e3o do decreto, no per\u00edodo compreendido entre 27 de setembro e [&hellip;]\" \/>\n<meta property=\"og:url\" content=\"https:\/\/radiolifefm.com.br\/noticias\/melhora-da-situacao-epidemiologica-possibilita-reabertura-em-adamantina\/\" \/>\n<meta property=\"og:site_name\" content=\"R\u00e1dio Life FM\" \/>\n<meta property=\"article:publisher\" content=\"https:\/\/www.facebook.com\/radiolifefm\/\" \/>\n<meta property=\"article:published_time\" content=\"2021-10-28T00:54:05+00:00\" \/>\n<meta property=\"article:modified_time\" content=\"2026-04-05T15:06:56+00:00\" \/>\n<meta property=\"og:image\" content=\"https:\/\/radiolifefm.com.br\/noticias\/wp-content\/uploads\/2021\/10\/3e20a6740fe14619006ffb9dfcb3af73.jpg\" \/>\n\t<meta property=\"og:image:width\" content=\"848\" \/>\n\t<meta property=\"og:image:height\" content=\"307\" \/>\n\t<meta property=\"og:image:type\" content=\"image\/jpeg\" \/>\n<meta name=\"author\" content=\"ritanery\" \/>\n<meta name=\"twitter:card\" content=\"summary_large_image\" \/>\n<meta name=\"twitter:label1\" content=\"Escrito por\" \/>\n\t<meta name=\"twitter:data1\" content=\"ritanery\" \/>\n\t<meta name=\"twitter:label2\" content=\"Est. tempo de leitura\" \/>\n\t<meta name=\"twitter:data2\" content=\"2 minutos\" \/>\n<script type=\"application\/ld+json\" class=\"yoast-schema-graph\">{\"@context\":\"https:\/\/schema.org\",\"@graph\":[{\"@type\":\"Article\",\"@id\":\"https:\/\/radiolifefm.com.br\/noticias\/melhora-da-situacao-epidemiologica-possibilita-reabertura-em-adamantina\/#article\",\"isPartOf\":{\"@id\":\"https:\/\/radiolifefm.com.br\/noticias\/melhora-da-situacao-epidemiologica-possibilita-reabertura-em-adamantina\/\"},\"author\":{\"name\":\"ritanery\",\"@id\":\"https:\/\/radiolifefm.com.br\/noticias\/#\/schema\/person\/6339b9fac59d12b071dec680d7375d87\"},\"headline\":\"Melhora da situa\u00e7\u00e3o epidemiol\u00f3gica possibilita reabertura em Adamantina\",\"datePublished\":\"2021-10-28T00:54:05+00:00\",\"dateModified\":\"2026-04-05T15:06:56+00:00\",\"mainEntityOfPage\":{\"@id\":\"https:\/\/radiolifefm.com.br\/noticias\/melhora-da-situacao-epidemiologica-possibilita-reabertura-em-adamantina\/\"},\"wordCount\":291,\"publisher\":{\"@id\":\"https:\/\/radiolifefm.com.br\/noticias\/#organization\"},\"image\":{\"@id\":\"https:\/\/radiolifefm.com.br\/noticias\/melhora-da-situacao-epidemiologica-possibilita-reabertura-em-adamantina\/#primaryimage\"},\"thumbnailUrl\":\"https:\/\/radiolifefm.com.br\/noticias\/wp-content\/uploads\/2021\/10\/3e20a6740fe14619006ffb9dfcb3af73.jpg\",\"articleSection\":[\"Adamantina\"],\"inLanguage\":\"pt-BR\"},{\"@type\":\"WebPage\",\"@id\":\"https:\/\/radiolifefm.com.br\/noticias\/melhora-da-situacao-epidemiologica-possibilita-reabertura-em-adamantina\/\",\"url\":\"https:\/\/radiolifefm.com.br\/noticias\/melhora-da-situacao-epidemiologica-possibilita-reabertura-em-adamantina\/\",\"name\":\"Melhora da situa\u00e7\u00e3o epidemiol\u00f3gica possibilita reabertura em Adamantina - R\u00e1dio Life FM\",\"isPartOf\":{\"@id\":\"https:\/\/radiolifefm.com.br\/noticias\/#website\"},\"primaryImageOfPage\":{\"@id\":\"https:\/\/radiolifefm.com.br\/noticias\/melhora-da-situacao-epidemiologica-possibilita-reabertura-em-adamantina\/#primaryimage\"},\"image\":{\"@id\":\"https:\/\/radiolifefm.com.br\/noticias\/melhora-da-situacao-epidemiologica-possibilita-reabertura-em-adamantina\/#primaryimage\"},\"thumbnailUrl\":\"https:\/\/radiolifefm.com.br\/noticias\/wp-content\/uploads\/2021\/10\/3e20a6740fe14619006ffb9dfcb3af73.jpg\",\"datePublished\":\"2021-10-28T00:54:05+00:00\",\"dateModified\":\"2026-04-05T15:06:56+00:00\",\"breadcrumb\":{\"@id\":\"https:\/\/radiolifefm.com.br\/noticias\/melhora-da-situacao-epidemiologica-possibilita-reabertura-em-adamantina\/#breadcrumb\"},\"inLanguage\":\"pt-BR\",\"potentialAction\":[{\"@type\":\"ReadAction\",\"target\":[\"https:\/\/radiolifefm.com.br\/noticias\/melhora-da-situacao-epidemiologica-possibilita-reabertura-em-adamantina\/\"]}]},{\"@type\":\"ImageObject\",\"inLanguage\":\"pt-BR\",\"@id\":\"https:\/\/radiolifefm.com.br\/noticias\/melhora-da-situacao-epidemiologica-possibilita-reabertura-em-adamantina\/#primaryimage\",\"url\":\"https:\/\/radiolifefm.com.br\/noticias\/wp-content\/uploads\/2021\/10\/3e20a6740fe14619006ffb9dfcb3af73.jpg\",\"contentUrl\":\"https:\/\/radiolifefm.com.br\/noticias\/wp-content\/uploads\/2021\/10\/3e20a6740fe14619006ffb9dfcb3af73.jpg\",\"width\":848,\"height\":307},{\"@type\":\"BreadcrumbList\",\"@id\":\"https:\/\/radiolifefm.com.br\/noticias\/melhora-da-situacao-epidemiologica-possibilita-reabertura-em-adamantina\/#breadcrumb\",\"itemListElement\":[{\"@type\":\"ListItem\",\"position\":1,\"name\":\"In\u00edcio\",\"item\":\"https:\/\/radiolifefm.com.br\/noticias\/\"},{\"@type\":\"ListItem\",\"position\":2,\"name\":\"Melhora da situa\u00e7\u00e3o epidemiol\u00f3gica possibilita reabertura em Adamantina\"}]},{\"@type\":\"WebSite\",\"@id\":\"https:\/\/radiolifefm.com.br\/noticias\/#website\",\"url\":\"https:\/\/radiolifefm.com.br\/noticias\/\",\"name\":\"R\u00e1dio Life FM\",\"description\":\"O Portal de Not\u00edcias de Adamantina\",\"publisher\":{\"@id\":\"https:\/\/radiolifefm.com.br\/noticias\/#organization\"},\"alternateName\":\"Life FM\",\"potentialAction\":[{\"@type\":\"SearchAction\",\"target\":{\"@type\":\"EntryPoint\",\"urlTemplate\":\"https:\/\/radiolifefm.com.br\/noticias\/?s={search_term_string}\"},\"query-input\":{\"@type\":\"PropertyValueSpecification\",\"valueRequired\":true,\"valueName\":\"search_term_string\"}}],\"inLanguage\":\"pt-BR\"},{\"@type\":\"Organization\",\"@id\":\"https:\/\/radiolifefm.com.br\/noticias\/#organization\",\"name\":\"R\u00e1dio Life FM\",\"alternateName\":\"Life FM\",\"url\":\"https:\/\/radiolifefm.com.br\/noticias\/\",\"logo\":{\"@type\":\"ImageObject\",\"inLanguage\":\"pt-BR\",\"@id\":\"https:\/\/radiolifefm.com.br\/noticias\/#\/schema\/logo\/image\/\",\"url\":\"https:\/\/static.radiolifefm.com.br\/noticias\/wp-content\/uploads\/2019\/10\/logo-lifefm.png\",\"contentUrl\":\"https:\/\/static.radiolifefm.com.br\/noticias\/wp-content\/uploads\/2019\/10\/logo-lifefm.png\",\"width\":196,\"height\":47,\"caption\":\"R\u00e1dio Life FM\"},\"image\":{\"@id\":\"https:\/\/radiolifefm.com.br\/noticias\/#\/schema\/logo\/image\/\"},\"sameAs\":[\"https:\/\/www.facebook.com\/radiolifefm\/\",\"https:\/\/www.instagram.com\/life1079fm\/\"]},{\"@type\":\"Person\",\"@id\":\"https:\/\/radiolifefm.com.br\/noticias\/#\/schema\/person\/6339b9fac59d12b071dec680d7375d87\",\"name\":\"ritanery\",\"image\":{\"@type\":\"ImageObject\",\"inLanguage\":\"pt-BR\",\"@id\":\"https:\/\/secure.gravatar.com\/avatar\/0e37bb19071f47c0b8a23f62a903df117c5a0e75f65a0c2901562f97cd41cf86?s=96&d=mm&r=g\",\"url\":\"https:\/\/secure.gravatar.com\/avatar\/0e37bb19071f47c0b8a23f62a903df117c5a0e75f65a0c2901562f97cd41cf86?s=96&d=mm&r=g\",\"contentUrl\":\"https:\/\/secure.gravatar.com\/avatar\/0e37bb19071f47c0b8a23f62a903df117c5a0e75f65a0c2901562f97cd41cf86?s=96&d=mm&r=g\",\"caption\":\"ritanery\"}}]}<\/script>\n<!-- \/ Yoast SEO plugin. -->","yoast_head_json":{"title":"Melhora da situa\u00e7\u00e3o epidemiol\u00f3gica possibilita reabertura em Adamantina - R\u00e1dio Life FM","robots":{"index":"index","follow":"follow","max-snippet":"max-snippet:-1","max-image-preview":"max-image-preview:large","max-video-preview":"max-video-preview:-1"},"canonical":"https:\/\/radiolifefm.com.br\/noticias\/melhora-da-situacao-epidemiologica-possibilita-reabertura-em-adamantina\/","og_locale":"pt_BR","og_type":"article","og_title":"Melhora da situa\u00e7\u00e3o epidemiol\u00f3gica possibilita reabertura em Adamantina - R\u00e1dio Life FM","og_description":"Em virtude da melhora na situa\u00e7\u00e3o epidemiol\u00f3gica, a Prefeitura de Adamantina n\u00e3o prorrogar\u00e1 a vig\u00eancia do Decreto n\u00ba 6.439, de 13 de outubro que estabelecia restri\u00e7\u00f5es devido ao avan\u00e7o da COVID-19 no munic\u00edpio. &nbsp; De acordo com os dados da Vigil\u00e2ncia Epidemiol\u00f3gica, antes da publica\u00e7\u00e3o do decreto, no per\u00edodo compreendido entre 27 de setembro e [&hellip;]","og_url":"https:\/\/radiolifefm.com.br\/noticias\/melhora-da-situacao-epidemiologica-possibilita-reabertura-em-adamantina\/","og_site_name":"R\u00e1dio Life FM","article_publisher":"https:\/\/www.facebook.com\/radiolifefm\/","article_published_time":"2021-10-28T00:54:05+00:00","article_modified_time":"2026-04-05T15:06:56+00:00","og_image":[{"width":848,"height":307,"url":"https:\/\/radiolifefm.com.br\/noticias\/wp-content\/uploads\/2021\/10\/3e20a6740fe14619006ffb9dfcb3af73.jpg","type":"image\/jpeg"}],"author":"ritanery","twitter_card":"summary_large_image","twitter_misc":{"Escrito por":"ritanery","Est. tempo de leitura":"2 minutos"},"schema":{"@context":"https:\/\/schema.org","@graph":[{"@type":"Article","@id":"https:\/\/radiolifefm.com.br\/noticias\/melhora-da-situacao-epidemiologica-possibilita-reabertura-em-adamantina\/#article","isPartOf":{"@id":"https:\/\/radiolifefm.com.br\/noticias\/melhora-da-situacao-epidemiologica-possibilita-reabertura-em-adamantina\/"},"author":{"name":"ritanery","@id":"https:\/\/radiolifefm.com.br\/noticias\/#\/schema\/person\/6339b9fac59d12b071dec680d7375d87"},"headline":"Melhora da situa\u00e7\u00e3o epidemiol\u00f3gica possibilita reabertura em Adamantina","datePublished":"2021-10-28T00:54:05+00:00","dateModified":"2026-04-05T15:06:56+00:00","mainEntityOfPage":{"@id":"https:\/\/radiolifefm.com.br\/noticias\/melhora-da-situacao-epidemiologica-possibilita-reabertura-em-adamantina\/"},"wordCount":291,"publisher":{"@id":"https:\/\/radiolifefm.com.br\/noticias\/#organization"},"image":{"@id":"https:\/\/radiolifefm.com.br\/noticias\/melhora-da-situacao-epidemiologica-possibilita-reabertura-em-adamantina\/#primaryimage"},"thumbnailUrl":"https:\/\/radiolifefm.com.br\/noticias\/wp-content\/uploads\/2021\/10\/3e20a6740fe14619006ffb9dfcb3af73.jpg","articleSection":["Adamantina"],"inLanguage":"pt-BR"},{"@type":"WebPage","@id":"https:\/\/radiolifefm.com.br\/noticias\/melhora-da-situacao-epidemiologica-possibilita-reabertura-em-adamantina\/","url":"https:\/\/radiolifefm.com.br\/noticias\/melhora-da-situacao-epidemiologica-possibilita-reabertura-em-adamantina\/","name":"Melhora da situa\u00e7\u00e3o epidemiol\u00f3gica possibilita reabertura em Adamantina - R\u00e1dio Life FM","isPartOf":{"@id":"https:\/\/radiolifefm.com.br\/noticias\/#website"},"primaryImageOfPage":{"@id":"https:\/\/radiolifefm.com.br\/noticias\/melhora-da-situacao-epidemiologica-possibilita-reabertura-em-adamantina\/#primaryimage"},"image":{"@id":"https:\/\/radiolifefm.com.br\/noticias\/melhora-da-situacao-epidemiologica-possibilita-reabertura-em-adamantina\/#primaryimage"},"thumbnailUrl":"https:\/\/radiolifefm.com.br\/noticias\/wp-content\/uploads\/2021\/10\/3e20a6740fe14619006ffb9dfcb3af73.jpg","datePublished":"2021-10-28T00:54:05+00:00","dateModified":"2026-04-05T15:06:56+00:00","breadcrumb":{"@id":"https:\/\/radiolifefm.com.br\/noticias\/melhora-da-situacao-epidemiologica-possibilita-reabertura-em-adamantina\/#breadcrumb"},"inLanguage":"pt-BR","potentialAction":[{"@type":"ReadAction","target":["https:\/\/radiolifefm.com.br\/noticias\/melhora-da-situacao-epidemiologica-possibilita-reabertura-em-adamantina\/"]}]},{"@type":"ImageObject","inLanguage":"pt-BR","@id":"https:\/\/radiolifefm.com.br\/noticias\/melhora-da-situacao-epidemiologica-possibilita-reabertura-em-adamantina\/#primaryimage","url":"https:\/\/radiolifefm.com.br\/noticias\/wp-content\/uploads\/2021\/10\/3e20a6740fe14619006ffb9dfcb3af73.jpg","contentUrl":"https:\/\/radiolifefm.com.br\/noticias\/wp-content\/uploads\/2021\/10\/3e20a6740fe14619006ffb9dfcb3af73.jpg","width":848,"height":307},{"@type":"BreadcrumbList","@id":"https:\/\/radiolifefm.com.br\/noticias\/melhora-da-situacao-epidemiologica-possibilita-reabertura-em-adamantina\/#breadcrumb","itemListElement":[{"@type":"ListItem","position":1,"name":"In\u00edcio","item":"https:\/\/radiolifefm.com.br\/noticias\/"},{"@type":"ListItem","position":2,"name":"Melhora da situa\u00e7\u00e3o epidemiol\u00f3gica possibilita reabertura em Adamantina"}]},{"@type":"WebSite","@id":"https:\/\/radiolifefm.com.br\/noticias\/#website","url":"https:\/\/radiolifefm.com.br\/noticias\/","name":"R\u00e1dio Life FM","description":"O Portal de Not\u00edcias de Adamantina","publisher":{"@id":"https:\/\/radiolifefm.com.br\/noticias\/#organization"},"alternateName":"Life FM","potentialAction":[{"@type":"SearchAction","target":{"@type":"EntryPoint","urlTemplate":"https:\/\/radiolifefm.com.br\/noticias\/?s={search_term_string}"},"query-input":{"@type":"PropertyValueSpecification","valueRequired":true,"valueName":"search_term_string"}}],"inLanguage":"pt-BR"},{"@type":"Organization","@id":"https:\/\/radiolifefm.com.br\/noticias\/#organization","name":"R\u00e1dio Life FM","alternateName":"Life FM","url":"https:\/\/radiolifefm.com.br\/noticias\/","logo":{"@type":"ImageObject","inLanguage":"pt-BR","@id":"https:\/\/radiolifefm.com.br\/noticias\/#\/schema\/logo\/image\/","url":"https:\/\/static.radiolifefm.com.br\/noticias\/wp-content\/uploads\/2019\/10\/logo-lifefm.png","contentUrl":"https:\/\/static.radiolifefm.com.br\/noticias\/wp-content\/uploads\/2019\/10\/logo-lifefm.png","width":196,"height":47,"caption":"R\u00e1dio Life FM"},"image":{"@id":"https:\/\/radiolifefm.com.br\/noticias\/#\/schema\/logo\/image\/"},"sameAs":["https:\/\/www.facebook.com\/radiolifefm\/","https:\/\/www.instagram.com\/life1079fm\/"]},{"@type":"Person","@id":"https:\/\/radiolifefm.com.br\/noticias\/#\/schema\/person\/6339b9fac59d12b071dec680d7375d87","name":"ritanery","image":{"@type":"ImageObject","inLanguage":"pt-BR","@id":"https:\/\/secure.gravatar.com\/avatar\/0e37bb19071f47c0b8a23f62a903df117c5a0e75f65a0c2901562f97cd41cf86?s=96&d=mm&r=g","url":"https:\/\/secure.gravatar.com\/avatar\/0e37bb19071f47c0b8a23f62a903df117c5a0e75f65a0c2901562f97cd41cf86?s=96&d=mm&r=g","contentUrl":"https:\/\/secure.gravatar.com\/avatar\/0e37bb19071f47c0b8a23f62a903df117c5a0e75f65a0c2901562f97cd41cf86?s=96&d=mm&r=g","caption":"ritanery"}}]}},"amp_enabled":true,"_links":{"self":[{"href":"https:\/\/radiolifefm.com.br\/noticias\/wp-json\/wp\/v2\/posts\/44843","targetHints":{"allow":["GET"]}}],"collection":[{"href":"https:\/\/radiolifefm.com.br\/noticias\/wp-json\/wp\/v2\/posts"}],"about":[{"href":"https:\/\/radiolifefm.com.br\/noticias\/wp-json\/wp\/v2\/types\/post"}],"author":[{"embeddable":true,"href":"https:\/\/radiolifefm.com.br\/noticias\/wp-json\/wp\/v2\/users\/13"}],"replies":[{"embeddable":true,"href":"https:\/\/radiolifefm.com.br\/noticias\/wp-json\/wp\/v2\/comments?post=44843"}],"version-history":[{"count":2,"href":"https:\/\/radiolifefm.com.br\/noticias\/wp-json\/wp\/v2\/posts\/44843\/revisions"}],"predecessor-version":[{"id":44846,"href":"https:\/\/radiolifefm.com.br\/noticias\/wp-json\/wp\/v2\/posts\/44843\/revisions\/44846"}],"wp:featuredmedia":[{"embeddable":true,"href":"https:\/\/radiolifefm.com.br\/noticias\/wp-json\/wp\/v2\/media\/44844"}],"wp:attachment":[{"href":"https:\/\/radiolifefm.com.br\/noticias\/wp-json\/wp\/v2\/media?parent=44843"}],"wp:term":[{"taxonomy":"category","embeddable":true,"href":"https:\/\/radiolifefm.com.br\/noticias\/wp-json\/wp\/v2\/categories?post=44843"},{"taxonomy":"post_tag","embeddable":true,"href":"https:\/\/radiolifefm.com.br\/noticias\/wp-json\/wp\/v2\/tags?post=44843"}],"curies":[{"name":"wp","href":"https:\/\/api.w.org\/{rel}","templated":true}]}}