{"id":44834,"date":"2021-10-27T14:23:08","date_gmt":"2021-10-27T17:23:08","guid":{"rendered":"https:\/\/radiolifefm.com.br\/noticias\/?p=44834"},"modified":"2026-04-16T23:02:40","modified_gmt":"2026-04-17T02:02:40","slug":"secretaria-de-cultura-e-turismo-de-adamantina-inicia-tratativas-para-formacao-de-grupo-teatral","status":"publish","type":"post","link":"https:\/\/radiolifefm.com.br\/noticias\/secretaria-de-cultura-e-turismo-de-adamantina-inicia-tratativas-para-formacao-de-grupo-teatral\/","title":{"rendered":"Secretaria de Cultura e Turismo de Adamantina inicia tratativas para forma\u00e7\u00e3o de grupo teatral"},"content":{"rendered":"<div id=\"fb-root\"><\/div>\n<p>A Secretaria de Cultura e Turismo de Adamantina iniciou as tratativas para a forma\u00e7\u00e3o de um grupo teatral do munic\u00edpio. Pessoas de ambos os sexos acima dos 14 anos de idade podem se inscrever diretamente na Biblioteca P\u00fablica \u201cJurema Citeli\u201d at\u00e9 30 de novembro.<\/p>\n<p>&nbsp;<\/p>\n<p>A primeira sele\u00e7\u00e3o acontece em 12 de dezembro e o in\u00edcio dos trabalhos, com oficinas e ensaios, a partir de janeiro do pr\u00f3ximo ano. O projeto tem parceria com a Institui\u00e7\u00e3o Capaz, que ter\u00e1 50% das vagas direcionadas aos adolescentes atendidos por ela.<\/p>\n<p>&nbsp;<\/p>\n<p>Com o aux\u00edlio de dramaturgos ou de situa\u00e7\u00f5es improvisadas, de diretores e t\u00e9cnicos, o espet\u00e1culo teatral tem como objetivo apresentar uma situa\u00e7\u00e3o e despertar sentimentos no p\u00fablico.<\/p>\n<p>&nbsp;<\/p>\n<p>Para quem participa das oficinas e dos grupos teatrais, trata-se de um divisor de \u00e1guas na forma\u00e7\u00e3o psicol\u00f3gica e de car\u00e1ter do indiv\u00edduo.<\/p>\n<p>&nbsp;<\/p>\n<p>Segundo o secret\u00e1rio de cultura e turismo S\u00e9rgio Vanderlei, a forma\u00e7\u00e3o de um grupo teatral resgatar\u00e1 uma tradi\u00e7\u00e3o de Adamantina.<\/p>\n<p>&nbsp;<\/p>\n<p>\u201cJ\u00e1 fomos refer\u00eancia quando o assunto era artes c\u00eanicas e ser\u00e1 uma imensa satisfa\u00e7\u00e3o trazer de volta esta maravilhosa arte e sabemos da import\u00e2ncia que o teatro tem na forma\u00e7\u00e3o de uma pessoa\u201d, finaliza. Mais informa\u00e7\u00f5es podem ser obtidas pelo telefone (18)3522-2243.<\/p>\n<p>&nbsp;<\/p>\n<p>&nbsp;<\/p>\n<p>Fonte: Assessoria de Imprensa<\/p>\n","protected":false},"excerpt":{"rendered":"<p>A Secretaria de Cultura e Turismo de Adamantina iniciou as tratativas para a forma\u00e7\u00e3o de um grupo teatral do munic\u00edpio. Pessoas de ambos os sexos acima dos 14 anos de idade podem se inscrever diretamente na Biblioteca P\u00fablica \u201cJurema Citeli\u201d at\u00e9 30 de novembro. &nbsp; A primeira sele\u00e7\u00e3o acontece em 12 de dezembro e o [&hellip;]<\/p>\n","protected":false},"author":13,"featured_media":44835,"comment_status":"closed","ping_status":"open","sticky":false,"template":"","format":"standard","meta":{"_acf_changed":false,"_exactmetrics_skip_tracking":false,"_exactmetrics_sitenote_active":false,"_exactmetrics_sitenote_note":"","_exactmetrics_sitenote_category":0,"footnotes":""},"categories":[21],"tags":[],"class_list":["post-44834","post","type-post","status-publish","format-standard","has-post-thumbnail","hentry","category-adamantina"],"acf":[],"yoast_head":"<!-- This site is optimized with the Yoast SEO plugin v27.2 - https:\/\/yoast.com\/product\/yoast-seo-wordpress\/ -->\n<title>Secretaria de Cultura e Turismo de Adamantina inicia tratativas para forma\u00e7\u00e3o de grupo teatral - R\u00e1dio Life FM<\/title>\n<meta name=\"robots\" content=\"index, follow, max-snippet:-1, max-image-preview:large, max-video-preview:-1\" \/>\n<link rel=\"canonical\" href=\"https:\/\/radiolifefm.com.br\/noticias\/secretaria-de-cultura-e-turismo-de-adamantina-inicia-tratativas-para-formacao-de-grupo-teatral\/\" \/>\n<meta property=\"og:locale\" content=\"pt_BR\" \/>\n<meta property=\"og:type\" content=\"article\" \/>\n<meta property=\"og:title\" content=\"Secretaria de Cultura e Turismo de Adamantina inicia tratativas para forma\u00e7\u00e3o de grupo teatral - R\u00e1dio Life FM\" \/>\n<meta property=\"og:description\" content=\"A Secretaria de Cultura e Turismo de Adamantina iniciou as tratativas para a forma\u00e7\u00e3o de um grupo teatral do munic\u00edpio. Pessoas de ambos os sexos acima dos 14 anos de idade podem se inscrever diretamente na Biblioteca P\u00fablica \u201cJurema Citeli\u201d at\u00e9 30 de novembro. &nbsp; A primeira sele\u00e7\u00e3o acontece em 12 de dezembro e o [&hellip;]\" \/>\n<meta property=\"og:url\" content=\"https:\/\/radiolifefm.com.br\/noticias\/secretaria-de-cultura-e-turismo-de-adamantina-inicia-tratativas-para-formacao-de-grupo-teatral\/\" \/>\n<meta property=\"og:site_name\" content=\"R\u00e1dio Life FM\" \/>\n<meta property=\"article:publisher\" content=\"https:\/\/www.facebook.com\/radiolifefm\/\" \/>\n<meta property=\"article:published_time\" content=\"2021-10-27T17:23:08+00:00\" \/>\n<meta property=\"article:modified_time\" content=\"2026-04-17T02:02:40+00:00\" \/>\n<meta property=\"og:image\" content=\"https:\/\/radiolifefm.com.br\/noticias\/wp-content\/uploads\/2021\/10\/foto-1-1-1.jpeg\" \/>\n\t<meta property=\"og:image:width\" content=\"1280\" \/>\n\t<meta property=\"og:image:height\" content=\"1280\" \/>\n\t<meta property=\"og:image:type\" content=\"image\/jpeg\" \/>\n<meta name=\"author\" content=\"ritanery\" \/>\n<meta name=\"twitter:card\" content=\"summary_large_image\" \/>\n<meta name=\"twitter:label1\" content=\"Escrito por\" \/>\n\t<meta name=\"twitter:data1\" content=\"ritanery\" \/>\n\t<meta name=\"twitter:label2\" content=\"Est. tempo de leitura\" \/>\n\t<meta name=\"twitter:data2\" content=\"1 minuto\" \/>\n<script type=\"application\/ld+json\" class=\"yoast-schema-graph\">{\"@context\":\"https:\/\/schema.org\",\"@graph\":[{\"@type\":\"Article\",\"@id\":\"https:\/\/radiolifefm.com.br\/noticias\/secretaria-de-cultura-e-turismo-de-adamantina-inicia-tratativas-para-formacao-de-grupo-teatral\/#article\",\"isPartOf\":{\"@id\":\"https:\/\/radiolifefm.com.br\/noticias\/secretaria-de-cultura-e-turismo-de-adamantina-inicia-tratativas-para-formacao-de-grupo-teatral\/\"},\"author\":{\"name\":\"ritanery\",\"@id\":\"https:\/\/radiolifefm.com.br\/noticias\/#\/schema\/person\/6339b9fac59d12b071dec680d7375d87\"},\"headline\":\"Secretaria de Cultura e Turismo de Adamantina inicia tratativas para forma\u00e7\u00e3o de grupo teatral\",\"datePublished\":\"2021-10-27T17:23:08+00:00\",\"dateModified\":\"2026-04-17T02:02:40+00:00\",\"mainEntityOfPage\":{\"@id\":\"https:\/\/radiolifefm.com.br\/noticias\/secretaria-de-cultura-e-turismo-de-adamantina-inicia-tratativas-para-formacao-de-grupo-teatral\/\"},\"wordCount\":248,\"publisher\":{\"@id\":\"https:\/\/radiolifefm.com.br\/noticias\/#organization\"},\"image\":{\"@id\":\"https:\/\/radiolifefm.com.br\/noticias\/secretaria-de-cultura-e-turismo-de-adamantina-inicia-tratativas-para-formacao-de-grupo-teatral\/#primaryimage\"},\"thumbnailUrl\":\"https:\/\/radiolifefm.com.br\/noticias\/wp-content\/uploads\/2021\/10\/foto-1-1-1.jpeg\",\"articleSection\":[\"Adamantina\"],\"inLanguage\":\"pt-BR\"},{\"@type\":\"WebPage\",\"@id\":\"https:\/\/radiolifefm.com.br\/noticias\/secretaria-de-cultura-e-turismo-de-adamantina-inicia-tratativas-para-formacao-de-grupo-teatral\/\",\"url\":\"https:\/\/radiolifefm.com.br\/noticias\/secretaria-de-cultura-e-turismo-de-adamantina-inicia-tratativas-para-formacao-de-grupo-teatral\/\",\"name\":\"Secretaria de Cultura e Turismo de Adamantina inicia tratativas para forma\u00e7\u00e3o de grupo teatral - R\u00e1dio Life FM\",\"isPartOf\":{\"@id\":\"https:\/\/radiolifefm.com.br\/noticias\/#website\"},\"primaryImageOfPage\":{\"@id\":\"https:\/\/radiolifefm.com.br\/noticias\/secretaria-de-cultura-e-turismo-de-adamantina-inicia-tratativas-para-formacao-de-grupo-teatral\/#primaryimage\"},\"image\":{\"@id\":\"https:\/\/radiolifefm.com.br\/noticias\/secretaria-de-cultura-e-turismo-de-adamantina-inicia-tratativas-para-formacao-de-grupo-teatral\/#primaryimage\"},\"thumbnailUrl\":\"https:\/\/radiolifefm.com.br\/noticias\/wp-content\/uploads\/2021\/10\/foto-1-1-1.jpeg\",\"datePublished\":\"2021-10-27T17:23:08+00:00\",\"dateModified\":\"2026-04-17T02:02:40+00:00\",\"breadcrumb\":{\"@id\":\"https:\/\/radiolifefm.com.br\/noticias\/secretaria-de-cultura-e-turismo-de-adamantina-inicia-tratativas-para-formacao-de-grupo-teatral\/#breadcrumb\"},\"inLanguage\":\"pt-BR\",\"potentialAction\":[{\"@type\":\"ReadAction\",\"target\":[\"https:\/\/radiolifefm.com.br\/noticias\/secretaria-de-cultura-e-turismo-de-adamantina-inicia-tratativas-para-formacao-de-grupo-teatral\/\"]}]},{\"@type\":\"ImageObject\",\"inLanguage\":\"pt-BR\",\"@id\":\"https:\/\/radiolifefm.com.br\/noticias\/secretaria-de-cultura-e-turismo-de-adamantina-inicia-tratativas-para-formacao-de-grupo-teatral\/#primaryimage\",\"url\":\"https:\/\/radiolifefm.com.br\/noticias\/wp-content\/uploads\/2021\/10\/foto-1-1-1.jpeg\",\"contentUrl\":\"https:\/\/radiolifefm.com.br\/noticias\/wp-content\/uploads\/2021\/10\/foto-1-1-1.jpeg\",\"width\":1280,\"height\":1280},{\"@type\":\"BreadcrumbList\",\"@id\":\"https:\/\/radiolifefm.com.br\/noticias\/secretaria-de-cultura-e-turismo-de-adamantina-inicia-tratativas-para-formacao-de-grupo-teatral\/#breadcrumb\",\"itemListElement\":[{\"@type\":\"ListItem\",\"position\":1,\"name\":\"In\u00edcio\",\"item\":\"https:\/\/radiolifefm.com.br\/noticias\/\"},{\"@type\":\"ListItem\",\"position\":2,\"name\":\"Secretaria de Cultura e Turismo de Adamantina inicia tratativas para forma\u00e7\u00e3o de grupo teatral\"}]},{\"@type\":\"WebSite\",\"@id\":\"https:\/\/radiolifefm.com.br\/noticias\/#website\",\"url\":\"https:\/\/radiolifefm.com.br\/noticias\/\",\"name\":\"R\u00e1dio Life FM\",\"description\":\"O Portal de Not\u00edcias de Adamantina\",\"publisher\":{\"@id\":\"https:\/\/radiolifefm.com.br\/noticias\/#organization\"},\"alternateName\":\"Life FM\",\"potentialAction\":[{\"@type\":\"SearchAction\",\"target\":{\"@type\":\"EntryPoint\",\"urlTemplate\":\"https:\/\/radiolifefm.com.br\/noticias\/?s={search_term_string}\"},\"query-input\":{\"@type\":\"PropertyValueSpecification\",\"valueRequired\":true,\"valueName\":\"search_term_string\"}}],\"inLanguage\":\"pt-BR\"},{\"@type\":\"Organization\",\"@id\":\"https:\/\/radiolifefm.com.br\/noticias\/#organization\",\"name\":\"R\u00e1dio Life FM\",\"alternateName\":\"Life FM\",\"url\":\"https:\/\/radiolifefm.com.br\/noticias\/\",\"logo\":{\"@type\":\"ImageObject\",\"inLanguage\":\"pt-BR\",\"@id\":\"https:\/\/radiolifefm.com.br\/noticias\/#\/schema\/logo\/image\/\",\"url\":\"https:\/\/static.radiolifefm.com.br\/noticias\/wp-content\/uploads\/2019\/10\/logo-lifefm.png\",\"contentUrl\":\"https:\/\/static.radiolifefm.com.br\/noticias\/wp-content\/uploads\/2019\/10\/logo-lifefm.png\",\"width\":196,\"height\":47,\"caption\":\"R\u00e1dio Life FM\"},\"image\":{\"@id\":\"https:\/\/radiolifefm.com.br\/noticias\/#\/schema\/logo\/image\/\"},\"sameAs\":[\"https:\/\/www.facebook.com\/radiolifefm\/\",\"https:\/\/www.instagram.com\/life1079fm\/\"]},{\"@type\":\"Person\",\"@id\":\"https:\/\/radiolifefm.com.br\/noticias\/#\/schema\/person\/6339b9fac59d12b071dec680d7375d87\",\"name\":\"ritanery\",\"image\":{\"@type\":\"ImageObject\",\"inLanguage\":\"pt-BR\",\"@id\":\"https:\/\/secure.gravatar.com\/avatar\/0e37bb19071f47c0b8a23f62a903df117c5a0e75f65a0c2901562f97cd41cf86?s=96&d=mm&r=g\",\"url\":\"https:\/\/secure.gravatar.com\/avatar\/0e37bb19071f47c0b8a23f62a903df117c5a0e75f65a0c2901562f97cd41cf86?s=96&d=mm&r=g\",\"contentUrl\":\"https:\/\/secure.gravatar.com\/avatar\/0e37bb19071f47c0b8a23f62a903df117c5a0e75f65a0c2901562f97cd41cf86?s=96&d=mm&r=g\",\"caption\":\"ritanery\"}}]}<\/script>\n<!-- \/ Yoast SEO plugin. -->","yoast_head_json":{"title":"Secretaria de Cultura e Turismo de Adamantina inicia tratativas para forma\u00e7\u00e3o de grupo teatral - R\u00e1dio Life FM","robots":{"index":"index","follow":"follow","max-snippet":"max-snippet:-1","max-image-preview":"max-image-preview:large","max-video-preview":"max-video-preview:-1"},"canonical":"https:\/\/radiolifefm.com.br\/noticias\/secretaria-de-cultura-e-turismo-de-adamantina-inicia-tratativas-para-formacao-de-grupo-teatral\/","og_locale":"pt_BR","og_type":"article","og_title":"Secretaria de Cultura e Turismo de Adamantina inicia tratativas para forma\u00e7\u00e3o de grupo teatral - R\u00e1dio Life FM","og_description":"A Secretaria de Cultura e Turismo de Adamantina iniciou as tratativas para a forma\u00e7\u00e3o de um grupo teatral do munic\u00edpio. Pessoas de ambos os sexos acima dos 14 anos de idade podem se inscrever diretamente na Biblioteca P\u00fablica \u201cJurema Citeli\u201d at\u00e9 30 de novembro. &nbsp; A primeira sele\u00e7\u00e3o acontece em 12 de dezembro e o [&hellip;]","og_url":"https:\/\/radiolifefm.com.br\/noticias\/secretaria-de-cultura-e-turismo-de-adamantina-inicia-tratativas-para-formacao-de-grupo-teatral\/","og_site_name":"R\u00e1dio Life FM","article_publisher":"https:\/\/www.facebook.com\/radiolifefm\/","article_published_time":"2021-10-27T17:23:08+00:00","article_modified_time":"2026-04-17T02:02:40+00:00","og_image":[{"width":1280,"height":1280,"url":"https:\/\/radiolifefm.com.br\/noticias\/wp-content\/uploads\/2021\/10\/foto-1-1-1.jpeg","type":"image\/jpeg"}],"author":"ritanery","twitter_card":"summary_large_image","twitter_misc":{"Escrito por":"ritanery","Est. tempo de leitura":"1 minuto"},"schema":{"@context":"https:\/\/schema.org","@graph":[{"@type":"Article","@id":"https:\/\/radiolifefm.com.br\/noticias\/secretaria-de-cultura-e-turismo-de-adamantina-inicia-tratativas-para-formacao-de-grupo-teatral\/#article","isPartOf":{"@id":"https:\/\/radiolifefm.com.br\/noticias\/secretaria-de-cultura-e-turismo-de-adamantina-inicia-tratativas-para-formacao-de-grupo-teatral\/"},"author":{"name":"ritanery","@id":"https:\/\/radiolifefm.com.br\/noticias\/#\/schema\/person\/6339b9fac59d12b071dec680d7375d87"},"headline":"Secretaria de Cultura e Turismo de Adamantina inicia tratativas para forma\u00e7\u00e3o de grupo teatral","datePublished":"2021-10-27T17:23:08+00:00","dateModified":"2026-04-17T02:02:40+00:00","mainEntityOfPage":{"@id":"https:\/\/radiolifefm.com.br\/noticias\/secretaria-de-cultura-e-turismo-de-adamantina-inicia-tratativas-para-formacao-de-grupo-teatral\/"},"wordCount":248,"publisher":{"@id":"https:\/\/radiolifefm.com.br\/noticias\/#organization"},"image":{"@id":"https:\/\/radiolifefm.com.br\/noticias\/secretaria-de-cultura-e-turismo-de-adamantina-inicia-tratativas-para-formacao-de-grupo-teatral\/#primaryimage"},"thumbnailUrl":"https:\/\/radiolifefm.com.br\/noticias\/wp-content\/uploads\/2021\/10\/foto-1-1-1.jpeg","articleSection":["Adamantina"],"inLanguage":"pt-BR"},{"@type":"WebPage","@id":"https:\/\/radiolifefm.com.br\/noticias\/secretaria-de-cultura-e-turismo-de-adamantina-inicia-tratativas-para-formacao-de-grupo-teatral\/","url":"https:\/\/radiolifefm.com.br\/noticias\/secretaria-de-cultura-e-turismo-de-adamantina-inicia-tratativas-para-formacao-de-grupo-teatral\/","name":"Secretaria de Cultura e Turismo de Adamantina inicia tratativas para forma\u00e7\u00e3o de grupo teatral - R\u00e1dio Life FM","isPartOf":{"@id":"https:\/\/radiolifefm.com.br\/noticias\/#website"},"primaryImageOfPage":{"@id":"https:\/\/radiolifefm.com.br\/noticias\/secretaria-de-cultura-e-turismo-de-adamantina-inicia-tratativas-para-formacao-de-grupo-teatral\/#primaryimage"},"image":{"@id":"https:\/\/radiolifefm.com.br\/noticias\/secretaria-de-cultura-e-turismo-de-adamantina-inicia-tratativas-para-formacao-de-grupo-teatral\/#primaryimage"},"thumbnailUrl":"https:\/\/radiolifefm.com.br\/noticias\/wp-content\/uploads\/2021\/10\/foto-1-1-1.jpeg","datePublished":"2021-10-27T17:23:08+00:00","dateModified":"2026-04-17T02:02:40+00:00","breadcrumb":{"@id":"https:\/\/radiolifefm.com.br\/noticias\/secretaria-de-cultura-e-turismo-de-adamantina-inicia-tratativas-para-formacao-de-grupo-teatral\/#breadcrumb"},"inLanguage":"pt-BR","potentialAction":[{"@type":"ReadAction","target":["https:\/\/radiolifefm.com.br\/noticias\/secretaria-de-cultura-e-turismo-de-adamantina-inicia-tratativas-para-formacao-de-grupo-teatral\/"]}]},{"@type":"ImageObject","inLanguage":"pt-BR","@id":"https:\/\/radiolifefm.com.br\/noticias\/secretaria-de-cultura-e-turismo-de-adamantina-inicia-tratativas-para-formacao-de-grupo-teatral\/#primaryimage","url":"https:\/\/radiolifefm.com.br\/noticias\/wp-content\/uploads\/2021\/10\/foto-1-1-1.jpeg","contentUrl":"https:\/\/radiolifefm.com.br\/noticias\/wp-content\/uploads\/2021\/10\/foto-1-1-1.jpeg","width":1280,"height":1280},{"@type":"BreadcrumbList","@id":"https:\/\/radiolifefm.com.br\/noticias\/secretaria-de-cultura-e-turismo-de-adamantina-inicia-tratativas-para-formacao-de-grupo-teatral\/#breadcrumb","itemListElement":[{"@type":"ListItem","position":1,"name":"In\u00edcio","item":"https:\/\/radiolifefm.com.br\/noticias\/"},{"@type":"ListItem","position":2,"name":"Secretaria de Cultura e Turismo de Adamantina inicia tratativas para forma\u00e7\u00e3o de grupo teatral"}]},{"@type":"WebSite","@id":"https:\/\/radiolifefm.com.br\/noticias\/#website","url":"https:\/\/radiolifefm.com.br\/noticias\/","name":"R\u00e1dio Life FM","description":"O Portal de Not\u00edcias de Adamantina","publisher":{"@id":"https:\/\/radiolifefm.com.br\/noticias\/#organization"},"alternateName":"Life FM","potentialAction":[{"@type":"SearchAction","target":{"@type":"EntryPoint","urlTemplate":"https:\/\/radiolifefm.com.br\/noticias\/?s={search_term_string}"},"query-input":{"@type":"PropertyValueSpecification","valueRequired":true,"valueName":"search_term_string"}}],"inLanguage":"pt-BR"},{"@type":"Organization","@id":"https:\/\/radiolifefm.com.br\/noticias\/#organization","name":"R\u00e1dio Life FM","alternateName":"Life FM","url":"https:\/\/radiolifefm.com.br\/noticias\/","logo":{"@type":"ImageObject","inLanguage":"pt-BR","@id":"https:\/\/radiolifefm.com.br\/noticias\/#\/schema\/logo\/image\/","url":"https:\/\/static.radiolifefm.com.br\/noticias\/wp-content\/uploads\/2019\/10\/logo-lifefm.png","contentUrl":"https:\/\/static.radiolifefm.com.br\/noticias\/wp-content\/uploads\/2019\/10\/logo-lifefm.png","width":196,"height":47,"caption":"R\u00e1dio Life FM"},"image":{"@id":"https:\/\/radiolifefm.com.br\/noticias\/#\/schema\/logo\/image\/"},"sameAs":["https:\/\/www.facebook.com\/radiolifefm\/","https:\/\/www.instagram.com\/life1079fm\/"]},{"@type":"Person","@id":"https:\/\/radiolifefm.com.br\/noticias\/#\/schema\/person\/6339b9fac59d12b071dec680d7375d87","name":"ritanery","image":{"@type":"ImageObject","inLanguage":"pt-BR","@id":"https:\/\/secure.gravatar.com\/avatar\/0e37bb19071f47c0b8a23f62a903df117c5a0e75f65a0c2901562f97cd41cf86?s=96&d=mm&r=g","url":"https:\/\/secure.gravatar.com\/avatar\/0e37bb19071f47c0b8a23f62a903df117c5a0e75f65a0c2901562f97cd41cf86?s=96&d=mm&r=g","contentUrl":"https:\/\/secure.gravatar.com\/avatar\/0e37bb19071f47c0b8a23f62a903df117c5a0e75f65a0c2901562f97cd41cf86?s=96&d=mm&r=g","caption":"ritanery"}}]}},"amp_enabled":true,"_links":{"self":[{"href":"https:\/\/radiolifefm.com.br\/noticias\/wp-json\/wp\/v2\/posts\/44834","targetHints":{"allow":["GET"]}}],"collection":[{"href":"https:\/\/radiolifefm.com.br\/noticias\/wp-json\/wp\/v2\/posts"}],"about":[{"href":"https:\/\/radiolifefm.com.br\/noticias\/wp-json\/wp\/v2\/types\/post"}],"author":[{"embeddable":true,"href":"https:\/\/radiolifefm.com.br\/noticias\/wp-json\/wp\/v2\/users\/13"}],"replies":[{"embeddable":true,"href":"https:\/\/radiolifefm.com.br\/noticias\/wp-json\/wp\/v2\/comments?post=44834"}],"version-history":[{"count":1,"href":"https:\/\/radiolifefm.com.br\/noticias\/wp-json\/wp\/v2\/posts\/44834\/revisions"}],"predecessor-version":[{"id":44836,"href":"https:\/\/radiolifefm.com.br\/noticias\/wp-json\/wp\/v2\/posts\/44834\/revisions\/44836"}],"wp:featuredmedia":[{"embeddable":true,"href":"https:\/\/radiolifefm.com.br\/noticias\/wp-json\/wp\/v2\/media\/44835"}],"wp:attachment":[{"href":"https:\/\/radiolifefm.com.br\/noticias\/wp-json\/wp\/v2\/media?parent=44834"}],"wp:term":[{"taxonomy":"category","embeddable":true,"href":"https:\/\/radiolifefm.com.br\/noticias\/wp-json\/wp\/v2\/categories?post=44834"},{"taxonomy":"post_tag","embeddable":true,"href":"https:\/\/radiolifefm.com.br\/noticias\/wp-json\/wp\/v2\/tags?post=44834"}],"curies":[{"name":"wp","href":"https:\/\/api.w.org\/{rel}","templated":true}]}}