{"id":44764,"date":"2021-10-26T20:09:35","date_gmt":"2021-10-26T23:09:35","guid":{"rendered":"https:\/\/radiolifefm.com.br\/noticias\/?p=44764"},"modified":"2026-04-03T20:14:44","modified_gmt":"2026-04-03T23:14:44","slug":"trabalhadores-da-construcao-civil-sao-homenageados-pela-comercial-r2-na-programacao-da-radio-life-fm","status":"publish","type":"post","link":"https:\/\/radiolifefm.com.br\/noticias\/trabalhadores-da-construcao-civil-sao-homenageados-pela-comercial-r2-na-programacao-da-radio-life-fm\/","title":{"rendered":"Trabalhadores da Constru\u00e7\u00e3o Civil s\u00e3o homenageados pela COMERCIAL R2 na programa\u00e7\u00e3o da R\u00e1dio Life Fm"},"content":{"rendered":"<div id=\"fb-root\"><\/div>\n<p>A empresa comercial R2 de Adamantina, comandada pelos irm\u00e3os Rodrigo e Reginaldo, foram convidados a participarem do programa Ch\u00e1 das 5 na R\u00e1dio Life Fm.<\/p>\n<p>&nbsp;<\/p>\n<p>Reginaldo em viagem atendendo os clientes externos n\u00e3o esteve no est\u00fadio, Rodrigo veio e o bate papo com Gilson e Lucia Prado ressaltou a import\u00e2ncia dos trabalhadores da Constru\u00e7\u00e3o Civil em Adamantina e regi\u00e3o.<\/p>\n<div class='flex flex-wrap items-center -mx-1'>\r\n<a class='thumbnail gallery p-1 w-1\/2 md:w-1\/4' href='https:\/\/radiolifefm.com.br\/noticias\/wp-content\/uploads\/2021\/10\/WhatsApp-Image-2021-10-26-at-18.42.32-1.jpeg'><img class='border border-white' src='https:\/\/radiolifefm.com.br\/noticias\/wp-content\/uploads\/2021\/10\/WhatsApp-Image-2021-10-26-at-18.42.32-1-200x200.jpeg' alt='WhatsApp Image 2021 10 26 At 18.42.32 (1)' \/><\/a><\/div>\n<p>Quando fala de incentivo para qualifica\u00e7\u00e3o e conscientiza\u00e7\u00e3o da necessidade de uso de equipamentos de seguran\u00e7a deixa a desejar o conhecimento sobre a import\u00e2ncia, infelizmente muitos trabalhadores aprendem a profiss\u00e3o motivados pela necessidade de levar o sustento para suas fam\u00edlias que\u00a0 se aperfei\u00e7oam na pratica, al\u00e9m de adquirirem apenas os equipamentos b\u00e1sicos de seguran\u00e7a como luvas e botinas, existe mais equipamentos essenciais para seguran\u00e7a e todos s\u00e3o encontrados na comercial R2.<\/p>\n<p>&nbsp;<\/p>\n<p>Al\u00e9m dos equipamentos de seguran\u00e7a a comercial R2 est\u00e1 com aluguel de container dando suporte direto garantindo seguran\u00e7a e preserva\u00e7\u00e3o das mat\u00e9rias de constru\u00e7\u00e3o.<\/p>\n<div class='flex flex-wrap items-center -mx-1'>\r\n<a class='thumbnail gallery p-1 w-1\/2 md:w-1\/4' href='https:\/\/radiolifefm.com.br\/noticias\/wp-content\/uploads\/2021\/10\/WhatsApp-Image-2021-10-26-at-18.49.20.jpeg'><img class='border border-white' src='https:\/\/radiolifefm.com.br\/noticias\/wp-content\/uploads\/2021\/10\/WhatsApp-Image-2021-10-26-at-18.49.20-200x200.jpeg' alt='WhatsApp Image 2021 10 26 At 18.49.20' \/><\/a><a class='thumbnail gallery p-1 w-1\/2 md:w-1\/4' href='https:\/\/radiolifefm.com.br\/noticias\/wp-content\/uploads\/2021\/10\/WhatsApp-Image-2021-10-26-at-18.50.09.jpeg'><img class='border border-white' src='https:\/\/radiolifefm.com.br\/noticias\/wp-content\/uploads\/2021\/10\/WhatsApp-Image-2021-10-26-at-18.50.09-200x200.jpeg' alt='WhatsApp Image 2021 10 26 At 18.50.09' \/><\/a><\/div>\n<p>Para finalizar em nome de toda equipe Rodrigo deixou a mensagem:<\/p>\n<p>&nbsp;<\/p>\n<p><strong>Parab\u00e9ns aos trabalhadores da Constru\u00e7\u00e3o Civil ,que com m\u00e3os honestas constroem com maestria os lares dos adamantinenses, parabeniza Rodrigo e Reginaldo. <\/strong><\/p>\n<p>&nbsp;<\/p>\n<p>Empres\u00e1rios Rodrigo e Reginaldo da Comercial R2.<\/p>\n<p>&nbsp;<\/p>\n<p>END: AV. CAPIT\u00c3O JOS\u00c9 ANTONIO DE OLIVEIRA 197<\/p>\n<p>FONE: (18)3521:7680<\/p>\n","protected":false},"excerpt":{"rendered":"<p>A empresa comercial R2 de Adamantina, comandada pelos irm\u00e3os Rodrigo e Reginaldo, foram convidados a participarem do programa Ch\u00e1 das 5 na R\u00e1dio Life Fm. &nbsp; Reginaldo em viagem atendendo os clientes externos n\u00e3o esteve no est\u00fadio, Rodrigo veio e o bate papo com Gilson e Lucia Prado ressaltou a import\u00e2ncia dos trabalhadores da Constru\u00e7\u00e3o [&hellip;]<\/p>\n","protected":false},"author":13,"featured_media":44765,"comment_status":"closed","ping_status":"open","sticky":false,"template":"","format":"standard","meta":{"_acf_changed":false,"_exactmetrics_skip_tracking":false,"_exactmetrics_sitenote_active":false,"_exactmetrics_sitenote_note":"","_exactmetrics_sitenote_category":0,"footnotes":""},"categories":[21],"tags":[],"class_list":["post-44764","post","type-post","status-publish","format-standard","has-post-thumbnail","hentry","category-adamantina"],"acf":[],"yoast_head":"<!-- This site is optimized with the Yoast SEO plugin v27.2 - https:\/\/yoast.com\/product\/yoast-seo-wordpress\/ -->\n<title>Trabalhadores da Constru\u00e7\u00e3o Civil s\u00e3o homenageados pela COMERCIAL R2 na programa\u00e7\u00e3o da R\u00e1dio Life Fm - R\u00e1dio Life FM<\/title>\n<meta name=\"robots\" content=\"index, follow, max-snippet:-1, max-image-preview:large, max-video-preview:-1\" \/>\n<link rel=\"canonical\" href=\"https:\/\/radiolifefm.com.br\/noticias\/trabalhadores-da-construcao-civil-sao-homenageados-pela-comercial-r2-na-programacao-da-radio-life-fm\/\" \/>\n<meta property=\"og:locale\" content=\"pt_BR\" \/>\n<meta property=\"og:type\" content=\"article\" \/>\n<meta property=\"og:title\" content=\"Trabalhadores da Constru\u00e7\u00e3o Civil s\u00e3o homenageados pela COMERCIAL R2 na programa\u00e7\u00e3o da R\u00e1dio Life Fm - R\u00e1dio Life FM\" \/>\n<meta property=\"og:description\" content=\"A empresa comercial R2 de Adamantina, comandada pelos irm\u00e3os Rodrigo e Reginaldo, foram convidados a participarem do programa Ch\u00e1 das 5 na R\u00e1dio Life Fm. &nbsp; Reginaldo em viagem atendendo os clientes externos n\u00e3o esteve no est\u00fadio, Rodrigo veio e o bate papo com Gilson e Lucia Prado ressaltou a import\u00e2ncia dos trabalhadores da Constru\u00e7\u00e3o [&hellip;]\" \/>\n<meta property=\"og:url\" content=\"https:\/\/radiolifefm.com.br\/noticias\/trabalhadores-da-construcao-civil-sao-homenageados-pela-comercial-r2-na-programacao-da-radio-life-fm\/\" \/>\n<meta property=\"og:site_name\" content=\"R\u00e1dio Life FM\" \/>\n<meta property=\"article:publisher\" content=\"https:\/\/www.facebook.com\/radiolifefm\/\" \/>\n<meta property=\"article:published_time\" content=\"2021-10-26T23:09:35+00:00\" \/>\n<meta property=\"article:modified_time\" content=\"2026-04-03T23:14:44+00:00\" \/>\n<meta property=\"og:image\" content=\"https:\/\/radiolifefm.com.br\/noticias\/wp-content\/uploads\/2021\/10\/WhatsApp-Image-2021-10-26-at-18.42.32.jpeg\" \/>\n\t<meta property=\"og:image:width\" content=\"1600\" \/>\n\t<meta property=\"og:image:height\" content=\"899\" \/>\n\t<meta property=\"og:image:type\" content=\"image\/jpeg\" \/>\n<meta name=\"author\" content=\"ritanery\" \/>\n<meta name=\"twitter:card\" content=\"summary_large_image\" \/>\n<meta name=\"twitter:label1\" content=\"Escrito por\" \/>\n\t<meta name=\"twitter:data1\" content=\"ritanery\" \/>\n\t<meta name=\"twitter:label2\" content=\"Est. tempo de leitura\" \/>\n\t<meta name=\"twitter:data2\" content=\"2 minutos\" \/>\n<script type=\"application\/ld+json\" class=\"yoast-schema-graph\">{\"@context\":\"https:\/\/schema.org\",\"@graph\":[{\"@type\":\"Article\",\"@id\":\"https:\/\/radiolifefm.com.br\/noticias\/trabalhadores-da-construcao-civil-sao-homenageados-pela-comercial-r2-na-programacao-da-radio-life-fm\/#article\",\"isPartOf\":{\"@id\":\"https:\/\/radiolifefm.com.br\/noticias\/trabalhadores-da-construcao-civil-sao-homenageados-pela-comercial-r2-na-programacao-da-radio-life-fm\/\"},\"author\":{\"name\":\"ritanery\",\"@id\":\"https:\/\/radiolifefm.com.br\/noticias\/#\/schema\/person\/6339b9fac59d12b071dec680d7375d87\"},\"headline\":\"Trabalhadores da Constru\u00e7\u00e3o Civil s\u00e3o homenageados pela COMERCIAL R2 na programa\u00e7\u00e3o da R\u00e1dio Life Fm\",\"datePublished\":\"2021-10-26T23:09:35+00:00\",\"dateModified\":\"2026-04-03T23:14:44+00:00\",\"mainEntityOfPage\":{\"@id\":\"https:\/\/radiolifefm.com.br\/noticias\/trabalhadores-da-construcao-civil-sao-homenageados-pela-comercial-r2-na-programacao-da-radio-life-fm\/\"},\"wordCount\":264,\"publisher\":{\"@id\":\"https:\/\/radiolifefm.com.br\/noticias\/#organization\"},\"image\":{\"@id\":\"https:\/\/radiolifefm.com.br\/noticias\/trabalhadores-da-construcao-civil-sao-homenageados-pela-comercial-r2-na-programacao-da-radio-life-fm\/#primaryimage\"},\"thumbnailUrl\":\"https:\/\/radiolifefm.com.br\/noticias\/wp-content\/uploads\/2021\/10\/WhatsApp-Image-2021-10-26-at-18.42.32.jpeg\",\"articleSection\":[\"Adamantina\"],\"inLanguage\":\"pt-BR\"},{\"@type\":\"WebPage\",\"@id\":\"https:\/\/radiolifefm.com.br\/noticias\/trabalhadores-da-construcao-civil-sao-homenageados-pela-comercial-r2-na-programacao-da-radio-life-fm\/\",\"url\":\"https:\/\/radiolifefm.com.br\/noticias\/trabalhadores-da-construcao-civil-sao-homenageados-pela-comercial-r2-na-programacao-da-radio-life-fm\/\",\"name\":\"Trabalhadores da Constru\u00e7\u00e3o Civil s\u00e3o homenageados pela COMERCIAL R2 na programa\u00e7\u00e3o da R\u00e1dio Life Fm - R\u00e1dio Life FM\",\"isPartOf\":{\"@id\":\"https:\/\/radiolifefm.com.br\/noticias\/#website\"},\"primaryImageOfPage\":{\"@id\":\"https:\/\/radiolifefm.com.br\/noticias\/trabalhadores-da-construcao-civil-sao-homenageados-pela-comercial-r2-na-programacao-da-radio-life-fm\/#primaryimage\"},\"image\":{\"@id\":\"https:\/\/radiolifefm.com.br\/noticias\/trabalhadores-da-construcao-civil-sao-homenageados-pela-comercial-r2-na-programacao-da-radio-life-fm\/#primaryimage\"},\"thumbnailUrl\":\"https:\/\/radiolifefm.com.br\/noticias\/wp-content\/uploads\/2021\/10\/WhatsApp-Image-2021-10-26-at-18.42.32.jpeg\",\"datePublished\":\"2021-10-26T23:09:35+00:00\",\"dateModified\":\"2026-04-03T23:14:44+00:00\",\"breadcrumb\":{\"@id\":\"https:\/\/radiolifefm.com.br\/noticias\/trabalhadores-da-construcao-civil-sao-homenageados-pela-comercial-r2-na-programacao-da-radio-life-fm\/#breadcrumb\"},\"inLanguage\":\"pt-BR\",\"potentialAction\":[{\"@type\":\"ReadAction\",\"target\":[\"https:\/\/radiolifefm.com.br\/noticias\/trabalhadores-da-construcao-civil-sao-homenageados-pela-comercial-r2-na-programacao-da-radio-life-fm\/\"]}]},{\"@type\":\"ImageObject\",\"inLanguage\":\"pt-BR\",\"@id\":\"https:\/\/radiolifefm.com.br\/noticias\/trabalhadores-da-construcao-civil-sao-homenageados-pela-comercial-r2-na-programacao-da-radio-life-fm\/#primaryimage\",\"url\":\"https:\/\/radiolifefm.com.br\/noticias\/wp-content\/uploads\/2021\/10\/WhatsApp-Image-2021-10-26-at-18.42.32.jpeg\",\"contentUrl\":\"https:\/\/radiolifefm.com.br\/noticias\/wp-content\/uploads\/2021\/10\/WhatsApp-Image-2021-10-26-at-18.42.32.jpeg\",\"width\":1600,\"height\":899},{\"@type\":\"BreadcrumbList\",\"@id\":\"https:\/\/radiolifefm.com.br\/noticias\/trabalhadores-da-construcao-civil-sao-homenageados-pela-comercial-r2-na-programacao-da-radio-life-fm\/#breadcrumb\",\"itemListElement\":[{\"@type\":\"ListItem\",\"position\":1,\"name\":\"In\u00edcio\",\"item\":\"https:\/\/radiolifefm.com.br\/noticias\/\"},{\"@type\":\"ListItem\",\"position\":2,\"name\":\"Trabalhadores da Constru\u00e7\u00e3o Civil s\u00e3o homenageados pela COMERCIAL R2 na programa\u00e7\u00e3o da R\u00e1dio Life Fm\"}]},{\"@type\":\"WebSite\",\"@id\":\"https:\/\/radiolifefm.com.br\/noticias\/#website\",\"url\":\"https:\/\/radiolifefm.com.br\/noticias\/\",\"name\":\"R\u00e1dio Life FM\",\"description\":\"O Portal de Not\u00edcias de Adamantina\",\"publisher\":{\"@id\":\"https:\/\/radiolifefm.com.br\/noticias\/#organization\"},\"alternateName\":\"Life FM\",\"potentialAction\":[{\"@type\":\"SearchAction\",\"target\":{\"@type\":\"EntryPoint\",\"urlTemplate\":\"https:\/\/radiolifefm.com.br\/noticias\/?s={search_term_string}\"},\"query-input\":{\"@type\":\"PropertyValueSpecification\",\"valueRequired\":true,\"valueName\":\"search_term_string\"}}],\"inLanguage\":\"pt-BR\"},{\"@type\":\"Organization\",\"@id\":\"https:\/\/radiolifefm.com.br\/noticias\/#organization\",\"name\":\"R\u00e1dio Life FM\",\"alternateName\":\"Life FM\",\"url\":\"https:\/\/radiolifefm.com.br\/noticias\/\",\"logo\":{\"@type\":\"ImageObject\",\"inLanguage\":\"pt-BR\",\"@id\":\"https:\/\/radiolifefm.com.br\/noticias\/#\/schema\/logo\/image\/\",\"url\":\"https:\/\/static.radiolifefm.com.br\/noticias\/wp-content\/uploads\/2019\/10\/logo-lifefm.png\",\"contentUrl\":\"https:\/\/static.radiolifefm.com.br\/noticias\/wp-content\/uploads\/2019\/10\/logo-lifefm.png\",\"width\":196,\"height\":47,\"caption\":\"R\u00e1dio Life FM\"},\"image\":{\"@id\":\"https:\/\/radiolifefm.com.br\/noticias\/#\/schema\/logo\/image\/\"},\"sameAs\":[\"https:\/\/www.facebook.com\/radiolifefm\/\",\"https:\/\/www.instagram.com\/life1079fm\/\"]},{\"@type\":\"Person\",\"@id\":\"https:\/\/radiolifefm.com.br\/noticias\/#\/schema\/person\/6339b9fac59d12b071dec680d7375d87\",\"name\":\"ritanery\",\"image\":{\"@type\":\"ImageObject\",\"inLanguage\":\"pt-BR\",\"@id\":\"https:\/\/secure.gravatar.com\/avatar\/0e37bb19071f47c0b8a23f62a903df117c5a0e75f65a0c2901562f97cd41cf86?s=96&d=mm&r=g\",\"url\":\"https:\/\/secure.gravatar.com\/avatar\/0e37bb19071f47c0b8a23f62a903df117c5a0e75f65a0c2901562f97cd41cf86?s=96&d=mm&r=g\",\"contentUrl\":\"https:\/\/secure.gravatar.com\/avatar\/0e37bb19071f47c0b8a23f62a903df117c5a0e75f65a0c2901562f97cd41cf86?s=96&d=mm&r=g\",\"caption\":\"ritanery\"}}]}<\/script>\n<!-- \/ Yoast SEO plugin. -->","yoast_head_json":{"title":"Trabalhadores da Constru\u00e7\u00e3o Civil s\u00e3o homenageados pela COMERCIAL R2 na programa\u00e7\u00e3o da R\u00e1dio Life Fm - R\u00e1dio Life FM","robots":{"index":"index","follow":"follow","max-snippet":"max-snippet:-1","max-image-preview":"max-image-preview:large","max-video-preview":"max-video-preview:-1"},"canonical":"https:\/\/radiolifefm.com.br\/noticias\/trabalhadores-da-construcao-civil-sao-homenageados-pela-comercial-r2-na-programacao-da-radio-life-fm\/","og_locale":"pt_BR","og_type":"article","og_title":"Trabalhadores da Constru\u00e7\u00e3o Civil s\u00e3o homenageados pela COMERCIAL R2 na programa\u00e7\u00e3o da R\u00e1dio Life Fm - R\u00e1dio Life FM","og_description":"A empresa comercial R2 de Adamantina, comandada pelos irm\u00e3os Rodrigo e Reginaldo, foram convidados a participarem do programa Ch\u00e1 das 5 na R\u00e1dio Life Fm. &nbsp; Reginaldo em viagem atendendo os clientes externos n\u00e3o esteve no est\u00fadio, Rodrigo veio e o bate papo com Gilson e Lucia Prado ressaltou a import\u00e2ncia dos trabalhadores da Constru\u00e7\u00e3o [&hellip;]","og_url":"https:\/\/radiolifefm.com.br\/noticias\/trabalhadores-da-construcao-civil-sao-homenageados-pela-comercial-r2-na-programacao-da-radio-life-fm\/","og_site_name":"R\u00e1dio Life FM","article_publisher":"https:\/\/www.facebook.com\/radiolifefm\/","article_published_time":"2021-10-26T23:09:35+00:00","article_modified_time":"2026-04-03T23:14:44+00:00","og_image":[{"width":1600,"height":899,"url":"https:\/\/radiolifefm.com.br\/noticias\/wp-content\/uploads\/2021\/10\/WhatsApp-Image-2021-10-26-at-18.42.32.jpeg","type":"image\/jpeg"}],"author":"ritanery","twitter_card":"summary_large_image","twitter_misc":{"Escrito por":"ritanery","Est. tempo de leitura":"2 minutos"},"schema":{"@context":"https:\/\/schema.org","@graph":[{"@type":"Article","@id":"https:\/\/radiolifefm.com.br\/noticias\/trabalhadores-da-construcao-civil-sao-homenageados-pela-comercial-r2-na-programacao-da-radio-life-fm\/#article","isPartOf":{"@id":"https:\/\/radiolifefm.com.br\/noticias\/trabalhadores-da-construcao-civil-sao-homenageados-pela-comercial-r2-na-programacao-da-radio-life-fm\/"},"author":{"name":"ritanery","@id":"https:\/\/radiolifefm.com.br\/noticias\/#\/schema\/person\/6339b9fac59d12b071dec680d7375d87"},"headline":"Trabalhadores da Constru\u00e7\u00e3o Civil s\u00e3o homenageados pela COMERCIAL R2 na programa\u00e7\u00e3o da R\u00e1dio Life Fm","datePublished":"2021-10-26T23:09:35+00:00","dateModified":"2026-04-03T23:14:44+00:00","mainEntityOfPage":{"@id":"https:\/\/radiolifefm.com.br\/noticias\/trabalhadores-da-construcao-civil-sao-homenageados-pela-comercial-r2-na-programacao-da-radio-life-fm\/"},"wordCount":264,"publisher":{"@id":"https:\/\/radiolifefm.com.br\/noticias\/#organization"},"image":{"@id":"https:\/\/radiolifefm.com.br\/noticias\/trabalhadores-da-construcao-civil-sao-homenageados-pela-comercial-r2-na-programacao-da-radio-life-fm\/#primaryimage"},"thumbnailUrl":"https:\/\/radiolifefm.com.br\/noticias\/wp-content\/uploads\/2021\/10\/WhatsApp-Image-2021-10-26-at-18.42.32.jpeg","articleSection":["Adamantina"],"inLanguage":"pt-BR"},{"@type":"WebPage","@id":"https:\/\/radiolifefm.com.br\/noticias\/trabalhadores-da-construcao-civil-sao-homenageados-pela-comercial-r2-na-programacao-da-radio-life-fm\/","url":"https:\/\/radiolifefm.com.br\/noticias\/trabalhadores-da-construcao-civil-sao-homenageados-pela-comercial-r2-na-programacao-da-radio-life-fm\/","name":"Trabalhadores da Constru\u00e7\u00e3o Civil s\u00e3o homenageados pela COMERCIAL R2 na programa\u00e7\u00e3o da R\u00e1dio Life Fm - R\u00e1dio Life FM","isPartOf":{"@id":"https:\/\/radiolifefm.com.br\/noticias\/#website"},"primaryImageOfPage":{"@id":"https:\/\/radiolifefm.com.br\/noticias\/trabalhadores-da-construcao-civil-sao-homenageados-pela-comercial-r2-na-programacao-da-radio-life-fm\/#primaryimage"},"image":{"@id":"https:\/\/radiolifefm.com.br\/noticias\/trabalhadores-da-construcao-civil-sao-homenageados-pela-comercial-r2-na-programacao-da-radio-life-fm\/#primaryimage"},"thumbnailUrl":"https:\/\/radiolifefm.com.br\/noticias\/wp-content\/uploads\/2021\/10\/WhatsApp-Image-2021-10-26-at-18.42.32.jpeg","datePublished":"2021-10-26T23:09:35+00:00","dateModified":"2026-04-03T23:14:44+00:00","breadcrumb":{"@id":"https:\/\/radiolifefm.com.br\/noticias\/trabalhadores-da-construcao-civil-sao-homenageados-pela-comercial-r2-na-programacao-da-radio-life-fm\/#breadcrumb"},"inLanguage":"pt-BR","potentialAction":[{"@type":"ReadAction","target":["https:\/\/radiolifefm.com.br\/noticias\/trabalhadores-da-construcao-civil-sao-homenageados-pela-comercial-r2-na-programacao-da-radio-life-fm\/"]}]},{"@type":"ImageObject","inLanguage":"pt-BR","@id":"https:\/\/radiolifefm.com.br\/noticias\/trabalhadores-da-construcao-civil-sao-homenageados-pela-comercial-r2-na-programacao-da-radio-life-fm\/#primaryimage","url":"https:\/\/radiolifefm.com.br\/noticias\/wp-content\/uploads\/2021\/10\/WhatsApp-Image-2021-10-26-at-18.42.32.jpeg","contentUrl":"https:\/\/radiolifefm.com.br\/noticias\/wp-content\/uploads\/2021\/10\/WhatsApp-Image-2021-10-26-at-18.42.32.jpeg","width":1600,"height":899},{"@type":"BreadcrumbList","@id":"https:\/\/radiolifefm.com.br\/noticias\/trabalhadores-da-construcao-civil-sao-homenageados-pela-comercial-r2-na-programacao-da-radio-life-fm\/#breadcrumb","itemListElement":[{"@type":"ListItem","position":1,"name":"In\u00edcio","item":"https:\/\/radiolifefm.com.br\/noticias\/"},{"@type":"ListItem","position":2,"name":"Trabalhadores da Constru\u00e7\u00e3o Civil s\u00e3o homenageados pela COMERCIAL R2 na programa\u00e7\u00e3o da R\u00e1dio Life Fm"}]},{"@type":"WebSite","@id":"https:\/\/radiolifefm.com.br\/noticias\/#website","url":"https:\/\/radiolifefm.com.br\/noticias\/","name":"R\u00e1dio Life FM","description":"O Portal de Not\u00edcias de Adamantina","publisher":{"@id":"https:\/\/radiolifefm.com.br\/noticias\/#organization"},"alternateName":"Life FM","potentialAction":[{"@type":"SearchAction","target":{"@type":"EntryPoint","urlTemplate":"https:\/\/radiolifefm.com.br\/noticias\/?s={search_term_string}"},"query-input":{"@type":"PropertyValueSpecification","valueRequired":true,"valueName":"search_term_string"}}],"inLanguage":"pt-BR"},{"@type":"Organization","@id":"https:\/\/radiolifefm.com.br\/noticias\/#organization","name":"R\u00e1dio Life FM","alternateName":"Life FM","url":"https:\/\/radiolifefm.com.br\/noticias\/","logo":{"@type":"ImageObject","inLanguage":"pt-BR","@id":"https:\/\/radiolifefm.com.br\/noticias\/#\/schema\/logo\/image\/","url":"https:\/\/static.radiolifefm.com.br\/noticias\/wp-content\/uploads\/2019\/10\/logo-lifefm.png","contentUrl":"https:\/\/static.radiolifefm.com.br\/noticias\/wp-content\/uploads\/2019\/10\/logo-lifefm.png","width":196,"height":47,"caption":"R\u00e1dio Life FM"},"image":{"@id":"https:\/\/radiolifefm.com.br\/noticias\/#\/schema\/logo\/image\/"},"sameAs":["https:\/\/www.facebook.com\/radiolifefm\/","https:\/\/www.instagram.com\/life1079fm\/"]},{"@type":"Person","@id":"https:\/\/radiolifefm.com.br\/noticias\/#\/schema\/person\/6339b9fac59d12b071dec680d7375d87","name":"ritanery","image":{"@type":"ImageObject","inLanguage":"pt-BR","@id":"https:\/\/secure.gravatar.com\/avatar\/0e37bb19071f47c0b8a23f62a903df117c5a0e75f65a0c2901562f97cd41cf86?s=96&d=mm&r=g","url":"https:\/\/secure.gravatar.com\/avatar\/0e37bb19071f47c0b8a23f62a903df117c5a0e75f65a0c2901562f97cd41cf86?s=96&d=mm&r=g","contentUrl":"https:\/\/secure.gravatar.com\/avatar\/0e37bb19071f47c0b8a23f62a903df117c5a0e75f65a0c2901562f97cd41cf86?s=96&d=mm&r=g","caption":"ritanery"}}]}},"amp_enabled":true,"_links":{"self":[{"href":"https:\/\/radiolifefm.com.br\/noticias\/wp-json\/wp\/v2\/posts\/44764","targetHints":{"allow":["GET"]}}],"collection":[{"href":"https:\/\/radiolifefm.com.br\/noticias\/wp-json\/wp\/v2\/posts"}],"about":[{"href":"https:\/\/radiolifefm.com.br\/noticias\/wp-json\/wp\/v2\/types\/post"}],"author":[{"embeddable":true,"href":"https:\/\/radiolifefm.com.br\/noticias\/wp-json\/wp\/v2\/users\/13"}],"replies":[{"embeddable":true,"href":"https:\/\/radiolifefm.com.br\/noticias\/wp-json\/wp\/v2\/comments?post=44764"}],"version-history":[{"count":3,"href":"https:\/\/radiolifefm.com.br\/noticias\/wp-json\/wp\/v2\/posts\/44764\/revisions"}],"predecessor-version":[{"id":44776,"href":"https:\/\/radiolifefm.com.br\/noticias\/wp-json\/wp\/v2\/posts\/44764\/revisions\/44776"}],"wp:featuredmedia":[{"embeddable":true,"href":"https:\/\/radiolifefm.com.br\/noticias\/wp-json\/wp\/v2\/media\/44765"}],"wp:attachment":[{"href":"https:\/\/radiolifefm.com.br\/noticias\/wp-json\/wp\/v2\/media?parent=44764"}],"wp:term":[{"taxonomy":"category","embeddable":true,"href":"https:\/\/radiolifefm.com.br\/noticias\/wp-json\/wp\/v2\/categories?post=44764"},{"taxonomy":"post_tag","embeddable":true,"href":"https:\/\/radiolifefm.com.br\/noticias\/wp-json\/wp\/v2\/tags?post=44764"}],"curies":[{"name":"wp","href":"https:\/\/api.w.org\/{rel}","templated":true}]}}