{"id":44702,"date":"2021-10-26T09:12:12","date_gmt":"2021-10-26T12:12:12","guid":{"rendered":"https:\/\/radiolifefm.com.br\/noticias\/?p=44702"},"modified":"2026-04-19T09:57:57","modified_gmt":"2026-04-19T12:57:57","slug":"governo-de-sp-deve-anunciar-nesta-semana-unidade-do-poupatempo-para-adamantina","status":"publish","type":"post","link":"https:\/\/radiolifefm.com.br\/noticias\/governo-de-sp-deve-anunciar-nesta-semana-unidade-do-poupatempo-para-adamantina\/","title":{"rendered":"Governo de SP deve anunciar nesta semana unidade do Poupatempo para Adamantina"},"content":{"rendered":"<div id=\"fb-root\"><\/div>\n<p>O Governo do Estado de S\u00e3o Paulo deve anunciar nesta sexta-feira (29) uma unidade do Poupatempo para Adamantina. Um \u00e1udio enviado na \u00faltima sexta-feira (22) pelo deputado federal Geninho Zuliani (DEM) ao vereador adamantinense Aguinaldo Galv\u00e3o (DEM), revelou sobre a consolida\u00e7\u00e3o da conquista.<\/p>\n<p>&nbsp;<\/p>\n<p>No \u00e1udio, Zuliani disse que o an\u00fancio, na cidade, ser\u00e1 feito pelo presidente da Assembleia Legislativa do Estado de S\u00e3o Paulo, deputado Carl\u00e3o Pignatari (PSDB), que na ocasi\u00e3o estar\u00e1 respondendo interinamente como governador em exerc\u00edcio. Os dois parlamentares s\u00e3o da mesma base eleitoral, no noroeste paulista.<\/p>\n<p>&nbsp;<\/p>\n<p>Nesta segunda-feira (25) a Prefeitura divulgou nota, onde fala sobre a expectativa da conquista e tamb\u00e9m a agenda do governador em exerc\u00edcio, nesta sexta-feira, na cidade, que ter\u00e1 tamb\u00e9m a presen\u00e7a do deputado estadual Mauro Bragato (PSDB).\u00a0\u00a0H\u00e1 ainda a expectativa de outros an\u00fancios de investimentos do governo estadual para o munic\u00edpio.<\/p>\n<p>&nbsp;<\/p>\n<p>De acordo com a nota da Prefeitura, a solenidade do an\u00fancio deve ocorrer no anfiteatro da Biblioteca Municipal. O hor\u00e1rio n\u00e3o foi informado. O local do futuro Poupatempo n\u00e3o foi oficialmente divulgado.<\/p>\n<p>&nbsp;<\/p>\n<p><strong>Poupatempo poder\u00e1 ser instalado no espa\u00e7o do Ganha Tempo<\/strong><\/p>\n<p>Fontes ouvidas pelo SIGA MAIS revelam que o novo servi\u00e7o poder\u00e1 ser instalado no espa\u00e7o do Ganha Tempo Municipal, que j\u00e1 foi vistoriado por t\u00e9cnicos e apontado como vi\u00e1vel para receber o Poupatempo, ampliando para o p\u00fablico local e regional as facilidades para emiss\u00e3o da carteira nacional de habilita\u00e7\u00e3o, c\u00e9dula de identidade, licenciamento de ve\u00edculos e outros servi\u00e7os.<\/p>\n<p>&nbsp;<\/p>\n<p><strong>Conquista buscada h\u00e1 anos<\/strong><\/p>\n<p>A instala\u00e7\u00e3o da unidade do Poupatempo em Adamantina \u00e9 buscada h\u00e1 anos, por diversas lideran\u00e7as locais, como lembra o vereador Aguinaldo Galv\u00e3o. Ele foi autor de pedidos via C\u00e2mara Municipal, com a participa\u00e7\u00e3o de outros vereadores, como tamb\u00e9m assinou outros pedidos semelhantes liderados por outros colegas, e ainda, a atua\u00e7\u00e3o do poder executivo municipal.<\/p>\n<p>&nbsp;<\/p>\n<p>Em uma pesquisa junto ao sistema de apoio ao processo legislativo, no site da C\u00e2mara Municipal de Adamantina pela express\u00e3o &#8220;Poupatempo&#8221;, foram listados 16 rquerimentos com pedidos de instala\u00e7\u00e3o do servi\u00e7o na cidade, desde 2011.<\/p>\n<p>&nbsp;<\/p>\n<p><strong>Modelo compacto<\/strong><\/p>\n<p>A expans\u00e3o do Poupatempo em diversas regi\u00f5es do estado de S\u00e3o Paulo se d\u00e1 a partir de um novo modelo do programa, com postos mais compactos e focados no digital. H\u00e1 um m\u00eas foi anunciada uma unidade para Junqueir\u00f3polis. Na semana passada, Gar\u00e7a e Pompeia tamb\u00e9m foram contempladas.<\/p>\n<p>&nbsp;<\/p>\n<p>Essas tr\u00eas unidades contar\u00e3o com sistema Balc\u00e3o \u00danico e atendentes multitarefa. Cada uma delas ter\u00e1 investimento de R$ 130 mil pelo Estado, com capacidade para realizar cerca de 130 atendimentos por dia. A expectativa \u00e9 que esse modelo seja instalado em Adamantina.<\/p>\n<p>&nbsp;<\/p>\n<p>Fonte: Siga Mais<\/p>\n","protected":false},"excerpt":{"rendered":"<p>O Governo do Estado de S\u00e3o Paulo deve anunciar nesta sexta-feira (29) uma unidade do Poupatempo para Adamantina. Um \u00e1udio enviado na \u00faltima sexta-feira (22) pelo deputado federal Geninho Zuliani (DEM) ao vereador adamantinense Aguinaldo Galv\u00e3o (DEM), revelou sobre a consolida\u00e7\u00e3o da conquista. &nbsp; No \u00e1udio, Zuliani disse que o an\u00fancio, na cidade, ser\u00e1 feito [&hellip;]<\/p>\n","protected":false},"author":13,"featured_media":44703,"comment_status":"closed","ping_status":"open","sticky":false,"template":"","format":"standard","meta":{"_acf_changed":false,"_exactmetrics_skip_tracking":false,"_exactmetrics_sitenote_active":false,"_exactmetrics_sitenote_note":"","_exactmetrics_sitenote_category":0,"footnotes":""},"categories":[21],"tags":[],"class_list":["post-44702","post","type-post","status-publish","format-standard","has-post-thumbnail","hentry","category-adamantina"],"acf":[],"yoast_head":"<!-- This site is optimized with the Yoast SEO plugin v27.2 - https:\/\/yoast.com\/product\/yoast-seo-wordpress\/ -->\n<title>Governo de SP deve anunciar nesta semana unidade do Poupatempo para Adamantina - R\u00e1dio Life FM<\/title>\n<meta name=\"robots\" content=\"index, follow, max-snippet:-1, max-image-preview:large, max-video-preview:-1\" \/>\n<link rel=\"canonical\" href=\"https:\/\/radiolifefm.com.br\/noticias\/governo-de-sp-deve-anunciar-nesta-semana-unidade-do-poupatempo-para-adamantina\/\" \/>\n<meta property=\"og:locale\" content=\"pt_BR\" \/>\n<meta property=\"og:type\" content=\"article\" \/>\n<meta property=\"og:title\" content=\"Governo de SP deve anunciar nesta semana unidade do Poupatempo para Adamantina - R\u00e1dio Life FM\" \/>\n<meta property=\"og:description\" content=\"O Governo do Estado de S\u00e3o Paulo deve anunciar nesta sexta-feira (29) uma unidade do Poupatempo para Adamantina. Um \u00e1udio enviado na \u00faltima sexta-feira (22) pelo deputado federal Geninho Zuliani (DEM) ao vereador adamantinense Aguinaldo Galv\u00e3o (DEM), revelou sobre a consolida\u00e7\u00e3o da conquista. &nbsp; No \u00e1udio, Zuliani disse que o an\u00fancio, na cidade, ser\u00e1 feito [&hellip;]\" \/>\n<meta property=\"og:url\" content=\"https:\/\/radiolifefm.com.br\/noticias\/governo-de-sp-deve-anunciar-nesta-semana-unidade-do-poupatempo-para-adamantina\/\" \/>\n<meta property=\"og:site_name\" content=\"R\u00e1dio Life FM\" \/>\n<meta property=\"article:publisher\" content=\"https:\/\/www.facebook.com\/radiolifefm\/\" \/>\n<meta property=\"article:published_time\" content=\"2021-10-26T12:12:12+00:00\" \/>\n<meta property=\"article:modified_time\" content=\"2026-04-19T12:57:57+00:00\" \/>\n<meta property=\"og:image\" content=\"https:\/\/radiolifefm.com.br\/noticias\/wp-content\/uploads\/2021\/10\/poupapng1632512852614e2b549b8c4png163520079761772f1d5c295.jpg\" \/>\n\t<meta property=\"og:image:width\" content=\"600\" \/>\n\t<meta property=\"og:image:height\" content=\"337\" \/>\n\t<meta property=\"og:image:type\" content=\"image\/jpeg\" \/>\n<meta name=\"author\" content=\"ritanery\" \/>\n<meta name=\"twitter:card\" content=\"summary_large_image\" \/>\n<meta name=\"twitter:label1\" content=\"Escrito por\" \/>\n\t<meta name=\"twitter:data1\" content=\"ritanery\" \/>\n\t<meta name=\"twitter:label2\" content=\"Est. tempo de leitura\" \/>\n\t<meta name=\"twitter:data2\" content=\"2 minutos\" \/>\n<script type=\"application\/ld+json\" class=\"yoast-schema-graph\">{\"@context\":\"https:\/\/schema.org\",\"@graph\":[{\"@type\":\"Article\",\"@id\":\"https:\/\/radiolifefm.com.br\/noticias\/governo-de-sp-deve-anunciar-nesta-semana-unidade-do-poupatempo-para-adamantina\/#article\",\"isPartOf\":{\"@id\":\"https:\/\/radiolifefm.com.br\/noticias\/governo-de-sp-deve-anunciar-nesta-semana-unidade-do-poupatempo-para-adamantina\/\"},\"author\":{\"name\":\"ritanery\",\"@id\":\"https:\/\/radiolifefm.com.br\/noticias\/#\/schema\/person\/6339b9fac59d12b071dec680d7375d87\"},\"headline\":\"Governo de SP deve anunciar nesta semana unidade do Poupatempo para Adamantina\",\"datePublished\":\"2021-10-26T12:12:12+00:00\",\"dateModified\":\"2026-04-19T12:57:57+00:00\",\"mainEntityOfPage\":{\"@id\":\"https:\/\/radiolifefm.com.br\/noticias\/governo-de-sp-deve-anunciar-nesta-semana-unidade-do-poupatempo-para-adamantina\/\"},\"wordCount\":491,\"publisher\":{\"@id\":\"https:\/\/radiolifefm.com.br\/noticias\/#organization\"},\"image\":{\"@id\":\"https:\/\/radiolifefm.com.br\/noticias\/governo-de-sp-deve-anunciar-nesta-semana-unidade-do-poupatempo-para-adamantina\/#primaryimage\"},\"thumbnailUrl\":\"https:\/\/radiolifefm.com.br\/noticias\/wp-content\/uploads\/2021\/10\/poupapng1632512852614e2b549b8c4png163520079761772f1d5c295.jpg\",\"articleSection\":[\"Adamantina\"],\"inLanguage\":\"pt-BR\"},{\"@type\":\"WebPage\",\"@id\":\"https:\/\/radiolifefm.com.br\/noticias\/governo-de-sp-deve-anunciar-nesta-semana-unidade-do-poupatempo-para-adamantina\/\",\"url\":\"https:\/\/radiolifefm.com.br\/noticias\/governo-de-sp-deve-anunciar-nesta-semana-unidade-do-poupatempo-para-adamantina\/\",\"name\":\"Governo de SP deve anunciar nesta semana unidade do Poupatempo para Adamantina - R\u00e1dio Life FM\",\"isPartOf\":{\"@id\":\"https:\/\/radiolifefm.com.br\/noticias\/#website\"},\"primaryImageOfPage\":{\"@id\":\"https:\/\/radiolifefm.com.br\/noticias\/governo-de-sp-deve-anunciar-nesta-semana-unidade-do-poupatempo-para-adamantina\/#primaryimage\"},\"image\":{\"@id\":\"https:\/\/radiolifefm.com.br\/noticias\/governo-de-sp-deve-anunciar-nesta-semana-unidade-do-poupatempo-para-adamantina\/#primaryimage\"},\"thumbnailUrl\":\"https:\/\/radiolifefm.com.br\/noticias\/wp-content\/uploads\/2021\/10\/poupapng1632512852614e2b549b8c4png163520079761772f1d5c295.jpg\",\"datePublished\":\"2021-10-26T12:12:12+00:00\",\"dateModified\":\"2026-04-19T12:57:57+00:00\",\"breadcrumb\":{\"@id\":\"https:\/\/radiolifefm.com.br\/noticias\/governo-de-sp-deve-anunciar-nesta-semana-unidade-do-poupatempo-para-adamantina\/#breadcrumb\"},\"inLanguage\":\"pt-BR\",\"potentialAction\":[{\"@type\":\"ReadAction\",\"target\":[\"https:\/\/radiolifefm.com.br\/noticias\/governo-de-sp-deve-anunciar-nesta-semana-unidade-do-poupatempo-para-adamantina\/\"]}]},{\"@type\":\"ImageObject\",\"inLanguage\":\"pt-BR\",\"@id\":\"https:\/\/radiolifefm.com.br\/noticias\/governo-de-sp-deve-anunciar-nesta-semana-unidade-do-poupatempo-para-adamantina\/#primaryimage\",\"url\":\"https:\/\/radiolifefm.com.br\/noticias\/wp-content\/uploads\/2021\/10\/poupapng1632512852614e2b549b8c4png163520079761772f1d5c295.jpg\",\"contentUrl\":\"https:\/\/radiolifefm.com.br\/noticias\/wp-content\/uploads\/2021\/10\/poupapng1632512852614e2b549b8c4png163520079761772f1d5c295.jpg\",\"width\":600,\"height\":337},{\"@type\":\"BreadcrumbList\",\"@id\":\"https:\/\/radiolifefm.com.br\/noticias\/governo-de-sp-deve-anunciar-nesta-semana-unidade-do-poupatempo-para-adamantina\/#breadcrumb\",\"itemListElement\":[{\"@type\":\"ListItem\",\"position\":1,\"name\":\"In\u00edcio\",\"item\":\"https:\/\/radiolifefm.com.br\/noticias\/\"},{\"@type\":\"ListItem\",\"position\":2,\"name\":\"Governo de SP deve anunciar nesta semana unidade do Poupatempo para Adamantina\"}]},{\"@type\":\"WebSite\",\"@id\":\"https:\/\/radiolifefm.com.br\/noticias\/#website\",\"url\":\"https:\/\/radiolifefm.com.br\/noticias\/\",\"name\":\"R\u00e1dio Life FM\",\"description\":\"O Portal de Not\u00edcias de Adamantina\",\"publisher\":{\"@id\":\"https:\/\/radiolifefm.com.br\/noticias\/#organization\"},\"alternateName\":\"Life FM\",\"potentialAction\":[{\"@type\":\"SearchAction\",\"target\":{\"@type\":\"EntryPoint\",\"urlTemplate\":\"https:\/\/radiolifefm.com.br\/noticias\/?s={search_term_string}\"},\"query-input\":{\"@type\":\"PropertyValueSpecification\",\"valueRequired\":true,\"valueName\":\"search_term_string\"}}],\"inLanguage\":\"pt-BR\"},{\"@type\":\"Organization\",\"@id\":\"https:\/\/radiolifefm.com.br\/noticias\/#organization\",\"name\":\"R\u00e1dio Life FM\",\"alternateName\":\"Life FM\",\"url\":\"https:\/\/radiolifefm.com.br\/noticias\/\",\"logo\":{\"@type\":\"ImageObject\",\"inLanguage\":\"pt-BR\",\"@id\":\"https:\/\/radiolifefm.com.br\/noticias\/#\/schema\/logo\/image\/\",\"url\":\"https:\/\/static.radiolifefm.com.br\/noticias\/wp-content\/uploads\/2019\/10\/logo-lifefm.png\",\"contentUrl\":\"https:\/\/static.radiolifefm.com.br\/noticias\/wp-content\/uploads\/2019\/10\/logo-lifefm.png\",\"width\":196,\"height\":47,\"caption\":\"R\u00e1dio Life FM\"},\"image\":{\"@id\":\"https:\/\/radiolifefm.com.br\/noticias\/#\/schema\/logo\/image\/\"},\"sameAs\":[\"https:\/\/www.facebook.com\/radiolifefm\/\",\"https:\/\/www.instagram.com\/life1079fm\/\"]},{\"@type\":\"Person\",\"@id\":\"https:\/\/radiolifefm.com.br\/noticias\/#\/schema\/person\/6339b9fac59d12b071dec680d7375d87\",\"name\":\"ritanery\",\"image\":{\"@type\":\"ImageObject\",\"inLanguage\":\"pt-BR\",\"@id\":\"https:\/\/secure.gravatar.com\/avatar\/0e37bb19071f47c0b8a23f62a903df117c5a0e75f65a0c2901562f97cd41cf86?s=96&d=mm&r=g\",\"url\":\"https:\/\/secure.gravatar.com\/avatar\/0e37bb19071f47c0b8a23f62a903df117c5a0e75f65a0c2901562f97cd41cf86?s=96&d=mm&r=g\",\"contentUrl\":\"https:\/\/secure.gravatar.com\/avatar\/0e37bb19071f47c0b8a23f62a903df117c5a0e75f65a0c2901562f97cd41cf86?s=96&d=mm&r=g\",\"caption\":\"ritanery\"}}]}<\/script>\n<!-- \/ Yoast SEO plugin. -->","yoast_head_json":{"title":"Governo de SP deve anunciar nesta semana unidade do Poupatempo para Adamantina - R\u00e1dio Life FM","robots":{"index":"index","follow":"follow","max-snippet":"max-snippet:-1","max-image-preview":"max-image-preview:large","max-video-preview":"max-video-preview:-1"},"canonical":"https:\/\/radiolifefm.com.br\/noticias\/governo-de-sp-deve-anunciar-nesta-semana-unidade-do-poupatempo-para-adamantina\/","og_locale":"pt_BR","og_type":"article","og_title":"Governo de SP deve anunciar nesta semana unidade do Poupatempo para Adamantina - R\u00e1dio Life FM","og_description":"O Governo do Estado de S\u00e3o Paulo deve anunciar nesta sexta-feira (29) uma unidade do Poupatempo para Adamantina. Um \u00e1udio enviado na \u00faltima sexta-feira (22) pelo deputado federal Geninho Zuliani (DEM) ao vereador adamantinense Aguinaldo Galv\u00e3o (DEM), revelou sobre a consolida\u00e7\u00e3o da conquista. &nbsp; No \u00e1udio, Zuliani disse que o an\u00fancio, na cidade, ser\u00e1 feito [&hellip;]","og_url":"https:\/\/radiolifefm.com.br\/noticias\/governo-de-sp-deve-anunciar-nesta-semana-unidade-do-poupatempo-para-adamantina\/","og_site_name":"R\u00e1dio Life FM","article_publisher":"https:\/\/www.facebook.com\/radiolifefm\/","article_published_time":"2021-10-26T12:12:12+00:00","article_modified_time":"2026-04-19T12:57:57+00:00","og_image":[{"width":600,"height":337,"url":"https:\/\/radiolifefm.com.br\/noticias\/wp-content\/uploads\/2021\/10\/poupapng1632512852614e2b549b8c4png163520079761772f1d5c295.jpg","type":"image\/jpeg"}],"author":"ritanery","twitter_card":"summary_large_image","twitter_misc":{"Escrito por":"ritanery","Est. tempo de leitura":"2 minutos"},"schema":{"@context":"https:\/\/schema.org","@graph":[{"@type":"Article","@id":"https:\/\/radiolifefm.com.br\/noticias\/governo-de-sp-deve-anunciar-nesta-semana-unidade-do-poupatempo-para-adamantina\/#article","isPartOf":{"@id":"https:\/\/radiolifefm.com.br\/noticias\/governo-de-sp-deve-anunciar-nesta-semana-unidade-do-poupatempo-para-adamantina\/"},"author":{"name":"ritanery","@id":"https:\/\/radiolifefm.com.br\/noticias\/#\/schema\/person\/6339b9fac59d12b071dec680d7375d87"},"headline":"Governo de SP deve anunciar nesta semana unidade do Poupatempo para Adamantina","datePublished":"2021-10-26T12:12:12+00:00","dateModified":"2026-04-19T12:57:57+00:00","mainEntityOfPage":{"@id":"https:\/\/radiolifefm.com.br\/noticias\/governo-de-sp-deve-anunciar-nesta-semana-unidade-do-poupatempo-para-adamantina\/"},"wordCount":491,"publisher":{"@id":"https:\/\/radiolifefm.com.br\/noticias\/#organization"},"image":{"@id":"https:\/\/radiolifefm.com.br\/noticias\/governo-de-sp-deve-anunciar-nesta-semana-unidade-do-poupatempo-para-adamantina\/#primaryimage"},"thumbnailUrl":"https:\/\/radiolifefm.com.br\/noticias\/wp-content\/uploads\/2021\/10\/poupapng1632512852614e2b549b8c4png163520079761772f1d5c295.jpg","articleSection":["Adamantina"],"inLanguage":"pt-BR"},{"@type":"WebPage","@id":"https:\/\/radiolifefm.com.br\/noticias\/governo-de-sp-deve-anunciar-nesta-semana-unidade-do-poupatempo-para-adamantina\/","url":"https:\/\/radiolifefm.com.br\/noticias\/governo-de-sp-deve-anunciar-nesta-semana-unidade-do-poupatempo-para-adamantina\/","name":"Governo de SP deve anunciar nesta semana unidade do Poupatempo para Adamantina - R\u00e1dio Life FM","isPartOf":{"@id":"https:\/\/radiolifefm.com.br\/noticias\/#website"},"primaryImageOfPage":{"@id":"https:\/\/radiolifefm.com.br\/noticias\/governo-de-sp-deve-anunciar-nesta-semana-unidade-do-poupatempo-para-adamantina\/#primaryimage"},"image":{"@id":"https:\/\/radiolifefm.com.br\/noticias\/governo-de-sp-deve-anunciar-nesta-semana-unidade-do-poupatempo-para-adamantina\/#primaryimage"},"thumbnailUrl":"https:\/\/radiolifefm.com.br\/noticias\/wp-content\/uploads\/2021\/10\/poupapng1632512852614e2b549b8c4png163520079761772f1d5c295.jpg","datePublished":"2021-10-26T12:12:12+00:00","dateModified":"2026-04-19T12:57:57+00:00","breadcrumb":{"@id":"https:\/\/radiolifefm.com.br\/noticias\/governo-de-sp-deve-anunciar-nesta-semana-unidade-do-poupatempo-para-adamantina\/#breadcrumb"},"inLanguage":"pt-BR","potentialAction":[{"@type":"ReadAction","target":["https:\/\/radiolifefm.com.br\/noticias\/governo-de-sp-deve-anunciar-nesta-semana-unidade-do-poupatempo-para-adamantina\/"]}]},{"@type":"ImageObject","inLanguage":"pt-BR","@id":"https:\/\/radiolifefm.com.br\/noticias\/governo-de-sp-deve-anunciar-nesta-semana-unidade-do-poupatempo-para-adamantina\/#primaryimage","url":"https:\/\/radiolifefm.com.br\/noticias\/wp-content\/uploads\/2021\/10\/poupapng1632512852614e2b549b8c4png163520079761772f1d5c295.jpg","contentUrl":"https:\/\/radiolifefm.com.br\/noticias\/wp-content\/uploads\/2021\/10\/poupapng1632512852614e2b549b8c4png163520079761772f1d5c295.jpg","width":600,"height":337},{"@type":"BreadcrumbList","@id":"https:\/\/radiolifefm.com.br\/noticias\/governo-de-sp-deve-anunciar-nesta-semana-unidade-do-poupatempo-para-adamantina\/#breadcrumb","itemListElement":[{"@type":"ListItem","position":1,"name":"In\u00edcio","item":"https:\/\/radiolifefm.com.br\/noticias\/"},{"@type":"ListItem","position":2,"name":"Governo de SP deve anunciar nesta semana unidade do Poupatempo para Adamantina"}]},{"@type":"WebSite","@id":"https:\/\/radiolifefm.com.br\/noticias\/#website","url":"https:\/\/radiolifefm.com.br\/noticias\/","name":"R\u00e1dio Life FM","description":"O Portal de Not\u00edcias de Adamantina","publisher":{"@id":"https:\/\/radiolifefm.com.br\/noticias\/#organization"},"alternateName":"Life FM","potentialAction":[{"@type":"SearchAction","target":{"@type":"EntryPoint","urlTemplate":"https:\/\/radiolifefm.com.br\/noticias\/?s={search_term_string}"},"query-input":{"@type":"PropertyValueSpecification","valueRequired":true,"valueName":"search_term_string"}}],"inLanguage":"pt-BR"},{"@type":"Organization","@id":"https:\/\/radiolifefm.com.br\/noticias\/#organization","name":"R\u00e1dio Life FM","alternateName":"Life FM","url":"https:\/\/radiolifefm.com.br\/noticias\/","logo":{"@type":"ImageObject","inLanguage":"pt-BR","@id":"https:\/\/radiolifefm.com.br\/noticias\/#\/schema\/logo\/image\/","url":"https:\/\/static.radiolifefm.com.br\/noticias\/wp-content\/uploads\/2019\/10\/logo-lifefm.png","contentUrl":"https:\/\/static.radiolifefm.com.br\/noticias\/wp-content\/uploads\/2019\/10\/logo-lifefm.png","width":196,"height":47,"caption":"R\u00e1dio Life FM"},"image":{"@id":"https:\/\/radiolifefm.com.br\/noticias\/#\/schema\/logo\/image\/"},"sameAs":["https:\/\/www.facebook.com\/radiolifefm\/","https:\/\/www.instagram.com\/life1079fm\/"]},{"@type":"Person","@id":"https:\/\/radiolifefm.com.br\/noticias\/#\/schema\/person\/6339b9fac59d12b071dec680d7375d87","name":"ritanery","image":{"@type":"ImageObject","inLanguage":"pt-BR","@id":"https:\/\/secure.gravatar.com\/avatar\/0e37bb19071f47c0b8a23f62a903df117c5a0e75f65a0c2901562f97cd41cf86?s=96&d=mm&r=g","url":"https:\/\/secure.gravatar.com\/avatar\/0e37bb19071f47c0b8a23f62a903df117c5a0e75f65a0c2901562f97cd41cf86?s=96&d=mm&r=g","contentUrl":"https:\/\/secure.gravatar.com\/avatar\/0e37bb19071f47c0b8a23f62a903df117c5a0e75f65a0c2901562f97cd41cf86?s=96&d=mm&r=g","caption":"ritanery"}}]}},"amp_enabled":true,"_links":{"self":[{"href":"https:\/\/radiolifefm.com.br\/noticias\/wp-json\/wp\/v2\/posts\/44702","targetHints":{"allow":["GET"]}}],"collection":[{"href":"https:\/\/radiolifefm.com.br\/noticias\/wp-json\/wp\/v2\/posts"}],"about":[{"href":"https:\/\/radiolifefm.com.br\/noticias\/wp-json\/wp\/v2\/types\/post"}],"author":[{"embeddable":true,"href":"https:\/\/radiolifefm.com.br\/noticias\/wp-json\/wp\/v2\/users\/13"}],"replies":[{"embeddable":true,"href":"https:\/\/radiolifefm.com.br\/noticias\/wp-json\/wp\/v2\/comments?post=44702"}],"version-history":[{"count":2,"href":"https:\/\/radiolifefm.com.br\/noticias\/wp-json\/wp\/v2\/posts\/44702\/revisions"}],"predecessor-version":[{"id":44705,"href":"https:\/\/radiolifefm.com.br\/noticias\/wp-json\/wp\/v2\/posts\/44702\/revisions\/44705"}],"wp:featuredmedia":[{"embeddable":true,"href":"https:\/\/radiolifefm.com.br\/noticias\/wp-json\/wp\/v2\/media\/44703"}],"wp:attachment":[{"href":"https:\/\/radiolifefm.com.br\/noticias\/wp-json\/wp\/v2\/media?parent=44702"}],"wp:term":[{"taxonomy":"category","embeddable":true,"href":"https:\/\/radiolifefm.com.br\/noticias\/wp-json\/wp\/v2\/categories?post=44702"},{"taxonomy":"post_tag","embeddable":true,"href":"https:\/\/radiolifefm.com.br\/noticias\/wp-json\/wp\/v2\/tags?post=44702"}],"curies":[{"name":"wp","href":"https:\/\/api.w.org\/{rel}","templated":true}]}}