{"id":44627,"date":"2021-10-24T21:32:41","date_gmt":"2021-10-25T00:32:41","guid":{"rendered":"https:\/\/radiolifefm.com.br\/noticias\/?p=44627"},"modified":"2026-04-20T21:42:15","modified_gmt":"2026-04-21T00:42:15","slug":"tok-final-limpeza-profissional-um-novo-conceito-em-limpezaadamantina","status":"publish","type":"post","link":"https:\/\/radiolifefm.com.br\/noticias\/tok-final-limpeza-profissional-um-novo-conceito-em-limpezaadamantina\/","title":{"rendered":"Tok Final \u2013 Limpeza Profissional, \u201cum novo conceito em limpeza\u201d"},"content":{"rendered":"<div id=\"fb-root\"><\/div>\n<p>Fabiana Santos, respons\u00e1vel pela empresa Tok Final \u2013 limpeza\u00a0 profissional, avan\u00e7a\u00a0 em\u00a0 Adamantina e regi\u00e3o com novo conceito para a limpeza em ambientes comerciais e residenciais.<\/p>\n<p>E nessa ultima sexta-feira (22\/10), Fabiana foi convidada\u00a0 para uma live pelo instagram da Alessandra Paix\u00e3o (https:\/\/www.instagram.com\/diaristasempoderadas\/) de Ipatinga\/ Mg, para falar sobre \u201cO novo Conceito da Faxina\u201d.<\/p>\n<div class='flex flex-wrap items-center -mx-1'>\r\n<a class='thumbnail gallery p-1 w-1\/2 md:w-1\/4' href='https:\/\/radiolifefm.com.br\/noticias\/wp-content\/uploads\/2021\/10\/WhatsApp-Image-2021-10-21-at-14.39.07-1.jpeg'><img class='border border-white' src='https:\/\/radiolifefm.com.br\/noticias\/wp-content\/uploads\/2021\/10\/WhatsApp-Image-2021-10-21-at-14.39.07-1-200x200.jpeg' alt='WhatsApp Image 2021 10 21 At 14.39.07 (1)' \/><\/a><a class='thumbnail gallery p-1 w-1\/2 md:w-1\/4' href='https:\/\/radiolifefm.com.br\/noticias\/wp-content\/uploads\/2021\/10\/WhatsApp-Image-2021-10-21-at-14.13.12.jpeg'><img class='border border-white' src='https:\/\/radiolifefm.com.br\/noticias\/wp-content\/uploads\/2021\/10\/WhatsApp-Image-2021-10-21-at-14.13.12-200x200.jpeg' alt='WhatsApp Image 2021 10 21 At 14.13.12' \/><\/a><\/div>\n<p>Assim como a Fabiana, Alessandra tem uma equipe de profissionais que atuam na limpeza, e buscou aprender a nova t\u00e9cnica ministrada para o conceito de impermeabiliza\u00e7\u00e3o e tem expandido seus neg\u00f3cios e levado seu aprendizado a outras pessoas.<\/p>\n<p>&nbsp;<\/p>\n<p>&nbsp;<\/p>\n<p>A Tok Final, esta no mercado a cerca de 10 anos, e conta com uma equipe de 9 pessoas treinadas para atender a necessidade de seus clientes com o que tem de mais moderno na \u00e1rea.<\/p>\n<p>&nbsp;<\/p>\n<p>A equipe trabalha com a limpeza\u00a0 p\u00f3s obra, impermeabiliza\u00e7\u00e3o e cristaliza\u00e7\u00e3o de vidros, limpeza de pedras, limpeza de piscina e\u00a0 lustres instalados em locais altos que dificulta o acesso.<\/p>\n<p>&nbsp;<\/p>\n<p>Um dos diferenciais da empresa TOK FINAL \u00e9 a clareza em explicar cada procedimento aos clientes.<\/p>\n<p>&nbsp;<\/p>\n<p>\u00c9 importante saber detalhes e diferenciais\u00a0 sobre:<\/p>\n<p>&nbsp;<\/p>\n<p>A limpeza p\u00f3s obra.<\/p>\n<p>A\u00a0 impermeabiliza\u00e7\u00e3o de vidros.<\/p>\n<p>A\u00a0 cristaliza\u00e7\u00e3o de vidros.<\/p>\n<p>&nbsp;<\/p>\n<p>&nbsp;<\/p>\n<p><strong>P\u00f3s obra: <\/strong>Trata-se de um minucioso trabalho de elimina\u00e7\u00e3o de sujeiras, respingos, manchas de tinta, excesso de rejunte, dentre outros res\u00edduos resultantes de uma obra.<\/p>\n<p>&nbsp;<\/p>\n<p><strong>Impermeabiliza\u00e7\u00e3o de vidros:<\/strong> \u00c9 t\u00e9cnica feita atrav\u00e9s de uma cera especifica, e com o uso de uma politris de baixa rota\u00e7\u00e3o. Essa t\u00e9cnica ajuda a proteger o vidro, e quando feito a manuten\u00e7\u00e3o correta, dura de 5 a 6 meses.<\/p>\n<p>&nbsp;<\/p>\n<p><strong>Cristaliza\u00e7\u00e3o:<\/strong> Proporciona uma prote\u00e7\u00e3o\u00a0 muito\u00a0 maior que a impermeabiliza\u00e7\u00e3o, muito mais\u00a0 visibilidade em dias de chuva.<\/p>\n<p>&nbsp;<\/p>\n<p>O servi\u00e7o consiste na aplica\u00e7\u00e3o de um repelente de \u00e1gua.<\/p>\n<p>&nbsp;<\/p>\n<p>Que quando aplicado no vidro, forma uma fina e resistente camada transparente e\u00a0 aumenta consideravelmente a visibilidade e a forma\u00e7\u00e3o de pel\u00edculas oleosas.<\/p>\n<p>&nbsp;<\/p>\n<p>Fabiana, tem muitos sonhos e objetivos, e um deles \u00e9 levar conhecimento a outras pessoas, que podem atrav\u00e9s do aprendizado aumentar a sua renda familiar com servi\u00e7os prestados. Pensando nisso em 2019 ela participou da 1\u00aa Oficina da Diarista, realizada pelo Lions Clube e outros apoiadores\u00a0 levaram conhecimento para cerca de 40 pessoas inscritas no curso.<\/p>\n<p>&nbsp;<\/p>\n<p>Hoje ela aguarda para levar seus conhecimentos para uma segunda oficina, que devido a pandemia n\u00e3o pode sair do papel. Mas ela n\u00e3o para por ai, sempre buscando conhecimento e crescimento na \u00e1rea se tornou mentora, e hoje ministra cursos pelo Brasil todo, ensinando seus conhecimentos e t\u00e9cnicas de cristaliza\u00e7\u00e3o e impermeabiliza\u00e7\u00e3o de vidros.<\/p>\n<div class='flex flex-wrap items-center -mx-1'>\r\n<a class='thumbnail gallery p-1 w-1\/2 md:w-1\/4' href='https:\/\/radiolifefm.com.br\/noticias\/wp-content\/uploads\/2021\/10\/0a4c7e4c-2232-4add-9576-1f04a2689b13.jpeg'><img class='border border-white' src='https:\/\/radiolifefm.com.br\/noticias\/wp-content\/uploads\/2021\/10\/0a4c7e4c-2232-4add-9576-1f04a2689b13-200x200.jpeg' alt='0a4c7e4c 2232 4add 9576 1f04a2689b13' \/><\/a><a class='thumbnail gallery p-1 w-1\/2 md:w-1\/4' href='https:\/\/radiolifefm.com.br\/noticias\/wp-content\/uploads\/2021\/10\/39863c27-0cc7-4b08-961b-d1f53b823e9a.jpeg'><img class='border border-white' src='https:\/\/radiolifefm.com.br\/noticias\/wp-content\/uploads\/2021\/10\/39863c27-0cc7-4b08-961b-d1f53b823e9a-200x200.jpeg' alt='39863c27 0cc7 4b08 961b D1f53b823e9a' \/><\/a><a class='thumbnail gallery p-1 w-1\/2 md:w-1\/4' href='https:\/\/radiolifefm.com.br\/noticias\/wp-content\/uploads\/2021\/10\/74013d5a-2988-43b5-b202-fdb5d36a20c1.jpeg'><img class='border border-white' src='https:\/\/radiolifefm.com.br\/noticias\/wp-content\/uploads\/2021\/10\/74013d5a-2988-43b5-b202-fdb5d36a20c1-200x200.jpeg' alt='74013d5a 2988 43b5 B202 Fdb5d36a20c1' \/><\/a><a class='thumbnail gallery p-1 w-1\/2 md:w-1\/4' href='https:\/\/radiolifefm.com.br\/noticias\/wp-content\/uploads\/2021\/10\/d7eb334e-ae90-400c-b1c1-c992d9e2da14.jpeg'><img class='border border-white' src='https:\/\/radiolifefm.com.br\/noticias\/wp-content\/uploads\/2021\/10\/d7eb334e-ae90-400c-b1c1-c992d9e2da14-200x200.jpeg' alt='D7eb334e Ae90 400c B1c1 C992d9e2da14' \/><\/a><a class='thumbnail gallery p-1 w-1\/2 md:w-1\/4' href='https:\/\/radiolifefm.com.br\/noticias\/wp-content\/uploads\/2021\/10\/d47c5ac3-3613-4087-a6f2-d5188423fd78.jpeg'><img class='border border-white' src='https:\/\/radiolifefm.com.br\/noticias\/wp-content\/uploads\/2021\/10\/d47c5ac3-3613-4087-a6f2-d5188423fd78-200x200.jpeg' alt='D47c5ac3 3613 4087 A6f2 D5188423fd78' \/><\/a><a class='thumbnail gallery p-1 w-1\/2 md:w-1\/4' href='https:\/\/radiolifefm.com.br\/noticias\/wp-content\/uploads\/2021\/10\/f224932b-5c35-4321-99fd-62509e50df0f.jpeg'><img class='border border-white' src='https:\/\/radiolifefm.com.br\/noticias\/wp-content\/uploads\/2021\/10\/f224932b-5c35-4321-99fd-62509e50df0f-200x200.jpeg' alt='F224932b 5c35 4321 99fd 62509e50df0f' \/><\/a><\/div>\n<p>&nbsp;<\/p>\n<p>Quer saber mais sobre o assunto? Acesse o link abaixo e assista a live na integra:<\/p>\n<p><a href=\"https:\/\/www.instagram.com\/tv\/CVWcfVblr46\/?utm_medium=copy_link\">https:\/\/www.instagram.com\/tv\/CVWcfVblr46\/?utm_medium=copy_link<\/a><\/p>\n<p>&nbsp;<\/p>\n<p>&nbsp;<\/p>\n<p>Quer saber mais sobre os servi\u00e7os prestados pela Tok Final e os cursos ministrados pela Fabiana?<\/p>\n<p>Acesse:<\/p>\n<p>instagram: <a href=\"https:\/\/www.instagram.com\/fabianatokfinal\/\">https:\/\/www.instagram.com\/fabianatokfinal\/<\/a><\/p>\n<p>facebook:<\/p>\n<p><a href=\"https:\/\/www.facebook.com\/Tok-Final-Limpeza-Profissional-103882641541306\" target=\"_blank\" rel=\"nofollow\">https:\/\/www.facebook.com\/Tok-Final-Limpeza-Profissional-103882641541306<\/a><\/p>\n<p><strong>Contato para agendamento e or\u00e7amentos: (18) 99605:5629<\/strong><\/p>\n","protected":false},"excerpt":{"rendered":"<p>Fabiana Santos, respons\u00e1vel pela empresa Tok Final \u2013 limpeza\u00a0 profissional, avan\u00e7a\u00a0 em\u00a0 Adamantina e regi\u00e3o com novo conceito para a limpeza em ambientes comerciais e residenciais. E nessa ultima sexta-feira (22\/10), Fabiana foi convidada\u00a0 para uma live pelo instagram da Alessandra Paix\u00e3o (https:\/\/www.instagram.com\/diaristasempoderadas\/) de Ipatinga\/ Mg, para falar sobre \u201cO novo Conceito da Faxina\u201d. Assim [&hellip;]<\/p>\n","protected":false},"author":13,"featured_media":44640,"comment_status":"closed","ping_status":"open","sticky":false,"template":"","format":"standard","meta":{"_acf_changed":false,"_exactmetrics_skip_tracking":false,"_exactmetrics_sitenote_active":false,"_exactmetrics_sitenote_note":"","_exactmetrics_sitenote_category":0,"footnotes":""},"categories":[21],"tags":[],"class_list":["post-44627","post","type-post","status-publish","format-standard","has-post-thumbnail","hentry","category-adamantina"],"acf":[],"yoast_head":"<!-- This site is optimized with the Yoast SEO plugin v27.2 - https:\/\/yoast.com\/product\/yoast-seo-wordpress\/ -->\n<title>Tok Final \u2013 Limpeza Profissional, \u201cum novo conceito em limpeza\u201d - R\u00e1dio Life FM<\/title>\n<meta name=\"robots\" content=\"index, follow, max-snippet:-1, max-image-preview:large, max-video-preview:-1\" \/>\n<link rel=\"canonical\" href=\"https:\/\/radiolifefm.com.br\/noticias\/tok-final-limpeza-profissional-um-novo-conceito-em-limpezaadamantina\/\" \/>\n<meta property=\"og:locale\" content=\"pt_BR\" \/>\n<meta property=\"og:type\" content=\"article\" \/>\n<meta property=\"og:title\" content=\"Tok Final \u2013 Limpeza Profissional, \u201cum novo conceito em limpeza\u201d - R\u00e1dio Life FM\" \/>\n<meta property=\"og:description\" content=\"Fabiana Santos, respons\u00e1vel pela empresa Tok Final \u2013 limpeza\u00a0 profissional, avan\u00e7a\u00a0 em\u00a0 Adamantina e regi\u00e3o com novo conceito para a limpeza em ambientes comerciais e residenciais. E nessa ultima sexta-feira (22\/10), Fabiana foi convidada\u00a0 para uma live pelo instagram da Alessandra Paix\u00e3o (https:\/\/www.instagram.com\/diaristasempoderadas\/) de Ipatinga\/ Mg, para falar sobre \u201cO novo Conceito da Faxina\u201d. Assim [&hellip;]\" \/>\n<meta property=\"og:url\" content=\"https:\/\/radiolifefm.com.br\/noticias\/tok-final-limpeza-profissional-um-novo-conceito-em-limpezaadamantina\/\" \/>\n<meta property=\"og:site_name\" content=\"R\u00e1dio Life FM\" \/>\n<meta property=\"article:publisher\" content=\"https:\/\/www.facebook.com\/radiolifefm\/\" \/>\n<meta property=\"article:published_time\" content=\"2021-10-25T00:32:41+00:00\" \/>\n<meta property=\"article:modified_time\" content=\"2026-04-21T00:42:15+00:00\" \/>\n<meta property=\"og:image\" content=\"https:\/\/radiolifefm.com.br\/noticias\/wp-content\/uploads\/2021\/10\/WhatsApp-Image-2021-10-21-at-14.39.07-1-1.jpeg\" \/>\n\t<meta property=\"og:image:width\" content=\"996\" \/>\n\t<meta property=\"og:image:height\" content=\"678\" \/>\n\t<meta property=\"og:image:type\" content=\"image\/jpeg\" \/>\n<meta name=\"author\" content=\"ritanery\" \/>\n<meta name=\"twitter:card\" content=\"summary_large_image\" \/>\n<meta name=\"twitter:label1\" content=\"Escrito por\" \/>\n\t<meta name=\"twitter:data1\" content=\"ritanery\" \/>\n\t<meta name=\"twitter:label2\" content=\"Est. tempo de leitura\" \/>\n\t<meta name=\"twitter:data2\" content=\"3 minutos\" \/>\n<script type=\"application\/ld+json\" class=\"yoast-schema-graph\">{\"@context\":\"https:\/\/schema.org\",\"@graph\":[{\"@type\":\"Article\",\"@id\":\"https:\/\/radiolifefm.com.br\/noticias\/tok-final-limpeza-profissional-um-novo-conceito-em-limpezaadamantina\/#article\",\"isPartOf\":{\"@id\":\"https:\/\/radiolifefm.com.br\/noticias\/tok-final-limpeza-profissional-um-novo-conceito-em-limpezaadamantina\/\"},\"author\":{\"name\":\"ritanery\",\"@id\":\"https:\/\/radiolifefm.com.br\/noticias\/#\/schema\/person\/6339b9fac59d12b071dec680d7375d87\"},\"headline\":\"Tok Final \u2013 Limpeza Profissional, \u201cum novo conceito em limpeza\u201d\",\"datePublished\":\"2021-10-25T00:32:41+00:00\",\"dateModified\":\"2026-04-21T00:42:15+00:00\",\"mainEntityOfPage\":{\"@id\":\"https:\/\/radiolifefm.com.br\/noticias\/tok-final-limpeza-profissional-um-novo-conceito-em-limpezaadamantina\/\"},\"wordCount\":542,\"publisher\":{\"@id\":\"https:\/\/radiolifefm.com.br\/noticias\/#organization\"},\"image\":{\"@id\":\"https:\/\/radiolifefm.com.br\/noticias\/tok-final-limpeza-profissional-um-novo-conceito-em-limpezaadamantina\/#primaryimage\"},\"thumbnailUrl\":\"https:\/\/radiolifefm.com.br\/noticias\/wp-content\/uploads\/2021\/10\/WhatsApp-Image-2021-10-21-at-14.39.07-1-1.jpeg\",\"articleSection\":[\"Adamantina\"],\"inLanguage\":\"pt-BR\"},{\"@type\":\"WebPage\",\"@id\":\"https:\/\/radiolifefm.com.br\/noticias\/tok-final-limpeza-profissional-um-novo-conceito-em-limpezaadamantina\/\",\"url\":\"https:\/\/radiolifefm.com.br\/noticias\/tok-final-limpeza-profissional-um-novo-conceito-em-limpezaadamantina\/\",\"name\":\"Tok Final \u2013 Limpeza Profissional, \u201cum novo conceito em limpeza\u201d - R\u00e1dio Life FM\",\"isPartOf\":{\"@id\":\"https:\/\/radiolifefm.com.br\/noticias\/#website\"},\"primaryImageOfPage\":{\"@id\":\"https:\/\/radiolifefm.com.br\/noticias\/tok-final-limpeza-profissional-um-novo-conceito-em-limpezaadamantina\/#primaryimage\"},\"image\":{\"@id\":\"https:\/\/radiolifefm.com.br\/noticias\/tok-final-limpeza-profissional-um-novo-conceito-em-limpezaadamantina\/#primaryimage\"},\"thumbnailUrl\":\"https:\/\/radiolifefm.com.br\/noticias\/wp-content\/uploads\/2021\/10\/WhatsApp-Image-2021-10-21-at-14.39.07-1-1.jpeg\",\"datePublished\":\"2021-10-25T00:32:41+00:00\",\"dateModified\":\"2026-04-21T00:42:15+00:00\",\"breadcrumb\":{\"@id\":\"https:\/\/radiolifefm.com.br\/noticias\/tok-final-limpeza-profissional-um-novo-conceito-em-limpezaadamantina\/#breadcrumb\"},\"inLanguage\":\"pt-BR\",\"potentialAction\":[{\"@type\":\"ReadAction\",\"target\":[\"https:\/\/radiolifefm.com.br\/noticias\/tok-final-limpeza-profissional-um-novo-conceito-em-limpezaadamantina\/\"]}]},{\"@type\":\"ImageObject\",\"inLanguage\":\"pt-BR\",\"@id\":\"https:\/\/radiolifefm.com.br\/noticias\/tok-final-limpeza-profissional-um-novo-conceito-em-limpezaadamantina\/#primaryimage\",\"url\":\"https:\/\/radiolifefm.com.br\/noticias\/wp-content\/uploads\/2021\/10\/WhatsApp-Image-2021-10-21-at-14.39.07-1-1.jpeg\",\"contentUrl\":\"https:\/\/radiolifefm.com.br\/noticias\/wp-content\/uploads\/2021\/10\/WhatsApp-Image-2021-10-21-at-14.39.07-1-1.jpeg\",\"width\":996,\"height\":678},{\"@type\":\"BreadcrumbList\",\"@id\":\"https:\/\/radiolifefm.com.br\/noticias\/tok-final-limpeza-profissional-um-novo-conceito-em-limpezaadamantina\/#breadcrumb\",\"itemListElement\":[{\"@type\":\"ListItem\",\"position\":1,\"name\":\"In\u00edcio\",\"item\":\"https:\/\/radiolifefm.com.br\/noticias\/\"},{\"@type\":\"ListItem\",\"position\":2,\"name\":\"Tok Final \u2013 Limpeza Profissional, \u201cum novo conceito em limpeza\u201d\"}]},{\"@type\":\"WebSite\",\"@id\":\"https:\/\/radiolifefm.com.br\/noticias\/#website\",\"url\":\"https:\/\/radiolifefm.com.br\/noticias\/\",\"name\":\"R\u00e1dio Life FM\",\"description\":\"O Portal de Not\u00edcias de Adamantina\",\"publisher\":{\"@id\":\"https:\/\/radiolifefm.com.br\/noticias\/#organization\"},\"alternateName\":\"Life FM\",\"potentialAction\":[{\"@type\":\"SearchAction\",\"target\":{\"@type\":\"EntryPoint\",\"urlTemplate\":\"https:\/\/radiolifefm.com.br\/noticias\/?s={search_term_string}\"},\"query-input\":{\"@type\":\"PropertyValueSpecification\",\"valueRequired\":true,\"valueName\":\"search_term_string\"}}],\"inLanguage\":\"pt-BR\"},{\"@type\":\"Organization\",\"@id\":\"https:\/\/radiolifefm.com.br\/noticias\/#organization\",\"name\":\"R\u00e1dio Life FM\",\"alternateName\":\"Life FM\",\"url\":\"https:\/\/radiolifefm.com.br\/noticias\/\",\"logo\":{\"@type\":\"ImageObject\",\"inLanguage\":\"pt-BR\",\"@id\":\"https:\/\/radiolifefm.com.br\/noticias\/#\/schema\/logo\/image\/\",\"url\":\"https:\/\/static.radiolifefm.com.br\/noticias\/wp-content\/uploads\/2019\/10\/logo-lifefm.png\",\"contentUrl\":\"https:\/\/static.radiolifefm.com.br\/noticias\/wp-content\/uploads\/2019\/10\/logo-lifefm.png\",\"width\":196,\"height\":47,\"caption\":\"R\u00e1dio Life FM\"},\"image\":{\"@id\":\"https:\/\/radiolifefm.com.br\/noticias\/#\/schema\/logo\/image\/\"},\"sameAs\":[\"https:\/\/www.facebook.com\/radiolifefm\/\",\"https:\/\/www.instagram.com\/life1079fm\/\"]},{\"@type\":\"Person\",\"@id\":\"https:\/\/radiolifefm.com.br\/noticias\/#\/schema\/person\/6339b9fac59d12b071dec680d7375d87\",\"name\":\"ritanery\",\"image\":{\"@type\":\"ImageObject\",\"inLanguage\":\"pt-BR\",\"@id\":\"https:\/\/secure.gravatar.com\/avatar\/0e37bb19071f47c0b8a23f62a903df117c5a0e75f65a0c2901562f97cd41cf86?s=96&d=mm&r=g\",\"url\":\"https:\/\/secure.gravatar.com\/avatar\/0e37bb19071f47c0b8a23f62a903df117c5a0e75f65a0c2901562f97cd41cf86?s=96&d=mm&r=g\",\"contentUrl\":\"https:\/\/secure.gravatar.com\/avatar\/0e37bb19071f47c0b8a23f62a903df117c5a0e75f65a0c2901562f97cd41cf86?s=96&d=mm&r=g\",\"caption\":\"ritanery\"}}]}<\/script>\n<!-- \/ Yoast SEO plugin. -->","yoast_head_json":{"title":"Tok Final \u2013 Limpeza Profissional, \u201cum novo conceito em limpeza\u201d - R\u00e1dio Life FM","robots":{"index":"index","follow":"follow","max-snippet":"max-snippet:-1","max-image-preview":"max-image-preview:large","max-video-preview":"max-video-preview:-1"},"canonical":"https:\/\/radiolifefm.com.br\/noticias\/tok-final-limpeza-profissional-um-novo-conceito-em-limpezaadamantina\/","og_locale":"pt_BR","og_type":"article","og_title":"Tok Final \u2013 Limpeza Profissional, \u201cum novo conceito em limpeza\u201d - R\u00e1dio Life FM","og_description":"Fabiana Santos, respons\u00e1vel pela empresa Tok Final \u2013 limpeza\u00a0 profissional, avan\u00e7a\u00a0 em\u00a0 Adamantina e regi\u00e3o com novo conceito para a limpeza em ambientes comerciais e residenciais. E nessa ultima sexta-feira (22\/10), Fabiana foi convidada\u00a0 para uma live pelo instagram da Alessandra Paix\u00e3o (https:\/\/www.instagram.com\/diaristasempoderadas\/) de Ipatinga\/ Mg, para falar sobre \u201cO novo Conceito da Faxina\u201d. Assim [&hellip;]","og_url":"https:\/\/radiolifefm.com.br\/noticias\/tok-final-limpeza-profissional-um-novo-conceito-em-limpezaadamantina\/","og_site_name":"R\u00e1dio Life FM","article_publisher":"https:\/\/www.facebook.com\/radiolifefm\/","article_published_time":"2021-10-25T00:32:41+00:00","article_modified_time":"2026-04-21T00:42:15+00:00","og_image":[{"width":996,"height":678,"url":"https:\/\/radiolifefm.com.br\/noticias\/wp-content\/uploads\/2021\/10\/WhatsApp-Image-2021-10-21-at-14.39.07-1-1.jpeg","type":"image\/jpeg"}],"author":"ritanery","twitter_card":"summary_large_image","twitter_misc":{"Escrito por":"ritanery","Est. tempo de leitura":"3 minutos"},"schema":{"@context":"https:\/\/schema.org","@graph":[{"@type":"Article","@id":"https:\/\/radiolifefm.com.br\/noticias\/tok-final-limpeza-profissional-um-novo-conceito-em-limpezaadamantina\/#article","isPartOf":{"@id":"https:\/\/radiolifefm.com.br\/noticias\/tok-final-limpeza-profissional-um-novo-conceito-em-limpezaadamantina\/"},"author":{"name":"ritanery","@id":"https:\/\/radiolifefm.com.br\/noticias\/#\/schema\/person\/6339b9fac59d12b071dec680d7375d87"},"headline":"Tok Final \u2013 Limpeza Profissional, \u201cum novo conceito em limpeza\u201d","datePublished":"2021-10-25T00:32:41+00:00","dateModified":"2026-04-21T00:42:15+00:00","mainEntityOfPage":{"@id":"https:\/\/radiolifefm.com.br\/noticias\/tok-final-limpeza-profissional-um-novo-conceito-em-limpezaadamantina\/"},"wordCount":542,"publisher":{"@id":"https:\/\/radiolifefm.com.br\/noticias\/#organization"},"image":{"@id":"https:\/\/radiolifefm.com.br\/noticias\/tok-final-limpeza-profissional-um-novo-conceito-em-limpezaadamantina\/#primaryimage"},"thumbnailUrl":"https:\/\/radiolifefm.com.br\/noticias\/wp-content\/uploads\/2021\/10\/WhatsApp-Image-2021-10-21-at-14.39.07-1-1.jpeg","articleSection":["Adamantina"],"inLanguage":"pt-BR"},{"@type":"WebPage","@id":"https:\/\/radiolifefm.com.br\/noticias\/tok-final-limpeza-profissional-um-novo-conceito-em-limpezaadamantina\/","url":"https:\/\/radiolifefm.com.br\/noticias\/tok-final-limpeza-profissional-um-novo-conceito-em-limpezaadamantina\/","name":"Tok Final \u2013 Limpeza Profissional, \u201cum novo conceito em limpeza\u201d - R\u00e1dio Life FM","isPartOf":{"@id":"https:\/\/radiolifefm.com.br\/noticias\/#website"},"primaryImageOfPage":{"@id":"https:\/\/radiolifefm.com.br\/noticias\/tok-final-limpeza-profissional-um-novo-conceito-em-limpezaadamantina\/#primaryimage"},"image":{"@id":"https:\/\/radiolifefm.com.br\/noticias\/tok-final-limpeza-profissional-um-novo-conceito-em-limpezaadamantina\/#primaryimage"},"thumbnailUrl":"https:\/\/radiolifefm.com.br\/noticias\/wp-content\/uploads\/2021\/10\/WhatsApp-Image-2021-10-21-at-14.39.07-1-1.jpeg","datePublished":"2021-10-25T00:32:41+00:00","dateModified":"2026-04-21T00:42:15+00:00","breadcrumb":{"@id":"https:\/\/radiolifefm.com.br\/noticias\/tok-final-limpeza-profissional-um-novo-conceito-em-limpezaadamantina\/#breadcrumb"},"inLanguage":"pt-BR","potentialAction":[{"@type":"ReadAction","target":["https:\/\/radiolifefm.com.br\/noticias\/tok-final-limpeza-profissional-um-novo-conceito-em-limpezaadamantina\/"]}]},{"@type":"ImageObject","inLanguage":"pt-BR","@id":"https:\/\/radiolifefm.com.br\/noticias\/tok-final-limpeza-profissional-um-novo-conceito-em-limpezaadamantina\/#primaryimage","url":"https:\/\/radiolifefm.com.br\/noticias\/wp-content\/uploads\/2021\/10\/WhatsApp-Image-2021-10-21-at-14.39.07-1-1.jpeg","contentUrl":"https:\/\/radiolifefm.com.br\/noticias\/wp-content\/uploads\/2021\/10\/WhatsApp-Image-2021-10-21-at-14.39.07-1-1.jpeg","width":996,"height":678},{"@type":"BreadcrumbList","@id":"https:\/\/radiolifefm.com.br\/noticias\/tok-final-limpeza-profissional-um-novo-conceito-em-limpezaadamantina\/#breadcrumb","itemListElement":[{"@type":"ListItem","position":1,"name":"In\u00edcio","item":"https:\/\/radiolifefm.com.br\/noticias\/"},{"@type":"ListItem","position":2,"name":"Tok Final \u2013 Limpeza Profissional, \u201cum novo conceito em limpeza\u201d"}]},{"@type":"WebSite","@id":"https:\/\/radiolifefm.com.br\/noticias\/#website","url":"https:\/\/radiolifefm.com.br\/noticias\/","name":"R\u00e1dio Life FM","description":"O Portal de Not\u00edcias de Adamantina","publisher":{"@id":"https:\/\/radiolifefm.com.br\/noticias\/#organization"},"alternateName":"Life FM","potentialAction":[{"@type":"SearchAction","target":{"@type":"EntryPoint","urlTemplate":"https:\/\/radiolifefm.com.br\/noticias\/?s={search_term_string}"},"query-input":{"@type":"PropertyValueSpecification","valueRequired":true,"valueName":"search_term_string"}}],"inLanguage":"pt-BR"},{"@type":"Organization","@id":"https:\/\/radiolifefm.com.br\/noticias\/#organization","name":"R\u00e1dio Life FM","alternateName":"Life FM","url":"https:\/\/radiolifefm.com.br\/noticias\/","logo":{"@type":"ImageObject","inLanguage":"pt-BR","@id":"https:\/\/radiolifefm.com.br\/noticias\/#\/schema\/logo\/image\/","url":"https:\/\/static.radiolifefm.com.br\/noticias\/wp-content\/uploads\/2019\/10\/logo-lifefm.png","contentUrl":"https:\/\/static.radiolifefm.com.br\/noticias\/wp-content\/uploads\/2019\/10\/logo-lifefm.png","width":196,"height":47,"caption":"R\u00e1dio Life FM"},"image":{"@id":"https:\/\/radiolifefm.com.br\/noticias\/#\/schema\/logo\/image\/"},"sameAs":["https:\/\/www.facebook.com\/radiolifefm\/","https:\/\/www.instagram.com\/life1079fm\/"]},{"@type":"Person","@id":"https:\/\/radiolifefm.com.br\/noticias\/#\/schema\/person\/6339b9fac59d12b071dec680d7375d87","name":"ritanery","image":{"@type":"ImageObject","inLanguage":"pt-BR","@id":"https:\/\/secure.gravatar.com\/avatar\/0e37bb19071f47c0b8a23f62a903df117c5a0e75f65a0c2901562f97cd41cf86?s=96&d=mm&r=g","url":"https:\/\/secure.gravatar.com\/avatar\/0e37bb19071f47c0b8a23f62a903df117c5a0e75f65a0c2901562f97cd41cf86?s=96&d=mm&r=g","contentUrl":"https:\/\/secure.gravatar.com\/avatar\/0e37bb19071f47c0b8a23f62a903df117c5a0e75f65a0c2901562f97cd41cf86?s=96&d=mm&r=g","caption":"ritanery"}}]}},"amp_enabled":true,"_links":{"self":[{"href":"https:\/\/radiolifefm.com.br\/noticias\/wp-json\/wp\/v2\/posts\/44627","targetHints":{"allow":["GET"]}}],"collection":[{"href":"https:\/\/radiolifefm.com.br\/noticias\/wp-json\/wp\/v2\/posts"}],"about":[{"href":"https:\/\/radiolifefm.com.br\/noticias\/wp-json\/wp\/v2\/types\/post"}],"author":[{"embeddable":true,"href":"https:\/\/radiolifefm.com.br\/noticias\/wp-json\/wp\/v2\/users\/13"}],"replies":[{"embeddable":true,"href":"https:\/\/radiolifefm.com.br\/noticias\/wp-json\/wp\/v2\/comments?post=44627"}],"version-history":[{"count":5,"href":"https:\/\/radiolifefm.com.br\/noticias\/wp-json\/wp\/v2\/posts\/44627\/revisions"}],"predecessor-version":[{"id":44641,"href":"https:\/\/radiolifefm.com.br\/noticias\/wp-json\/wp\/v2\/posts\/44627\/revisions\/44641"}],"wp:featuredmedia":[{"embeddable":true,"href":"https:\/\/radiolifefm.com.br\/noticias\/wp-json\/wp\/v2\/media\/44640"}],"wp:attachment":[{"href":"https:\/\/radiolifefm.com.br\/noticias\/wp-json\/wp\/v2\/media?parent=44627"}],"wp:term":[{"taxonomy":"category","embeddable":true,"href":"https:\/\/radiolifefm.com.br\/noticias\/wp-json\/wp\/v2\/categories?post=44627"},{"taxonomy":"post_tag","embeddable":true,"href":"https:\/\/radiolifefm.com.br\/noticias\/wp-json\/wp\/v2\/tags?post=44627"}],"curies":[{"name":"wp","href":"https:\/\/api.w.org\/{rel}","templated":true}]}}