{"id":44618,"date":"2021-10-24T16:52:02","date_gmt":"2021-10-24T19:52:02","guid":{"rendered":"https:\/\/radiolifefm.com.br\/noticias\/?p=44618"},"modified":"2026-04-20T21:47:38","modified_gmt":"2026-04-21T00:47:38","slug":"duas-chapas-disputam-a-presidencia-da-subseccao-da-oab-de-adamantina","status":"publish","type":"post","link":"https:\/\/radiolifefm.com.br\/noticias\/duas-chapas-disputam-a-presidencia-da-subseccao-da-oab-de-adamantina\/","title":{"rendered":"Duas chapas disputam a presid\u00eancia da Subsec\u00e7\u00e3o da OAB de Adamantina"},"content":{"rendered":"<div id=\"fb-root\"><\/div>\n<p>Duas chapas concorrem \u00e0 presid\u00eancia da 59\u00aa Subsec\u00e7\u00e3o da Ordem dos Advogados do Brasil (OAB) de Adamantina, para o tri\u00eanio 2022\/2024. A chapa 1 \u201cCompromisso, Trabalho e Uni\u00e3o\u201d representa a situa\u00e7\u00e3o, liderada pelo atual presidente Marco Aur\u00e9lio Fontana Figueiredo. A chapa 2 \u201cInova\u00e7\u00e3o e Participa\u00e7\u00e3o\u201d figura como oposi\u00e7\u00e3o, liderada pelo advogado Paulo Peres.<\/p>\n<p><strong>Chapa 1<\/strong><\/p>\n<p>A chapa 1 \u201cCompromisso, Trabalho e Uni\u00e3o\u201d fez sua inscri\u00e7\u00e3o ao processo eleitoral no dia 13 de outubro. O atual presidente busca um novo mandato, para mais tr\u00eas anos, por\u00e9m reconfigurou as outras quatro composi\u00e7\u00f5es da diretoria, com novos nomes. Veja a composi\u00e7\u00e3o:<\/p>\n<p><img loading=\"lazy\" decoding=\"async\" class=\"alignnone size-full wp-image-44619\" src=\"https:\/\/static.radiolifefm.com.br\/wp-content\/uploads\/sites\/2\/2021\/10\/24703775341575846610144755359521171202632450njpg1635091286617583562e983.jpg\" alt=\"\" width=\"823\" height=\"463\" srcset=\"https:\/\/radiolifefm.com.br\/noticias\/wp-content\/uploads\/2021\/10\/24703775341575846610144755359521171202632450njpg1635091286617583562e983.jpg 823w, https:\/\/radiolifefm.com.br\/noticias\/wp-content\/uploads\/2021\/10\/24703775341575846610144755359521171202632450njpg1635091286617583562e983-300x169.jpg 300w, https:\/\/radiolifefm.com.br\/noticias\/wp-content\/uploads\/2021\/10\/24703775341575846610144755359521171202632450njpg1635091286617583562e983-768x432.jpg 768w\" sizes=\"auto, (max-width: 823px) 100vw, 823px\" \/><\/p>\n<p>Presidente: Marco Aur\u00e9lio Fontana Figueiredo<\/p>\n<p>Vice-presidente: Renata Ang\u00e9lica Mozzini Silva Pinto<\/p>\n<p>Secret\u00e1ria geral: M\u00e1rcia Regina Balsanini Fadel<\/p>\n<p>Secret\u00e1ria adjunta: Lillian Mendes Minga<\/p>\n<p>Tesoureiro: Fabiano De Paula Fernandes<\/p>\n<p><strong>Chapa 2<\/strong><\/p>\n<p>A chapa 2 \u201cInova\u00e7\u00e3o e Participa\u00e7\u00e3o\u201d foi registrada na tarde desta sexta-feira, 22 de outubro, o que abre uma disputa entre os advogados inscritos na subsec\u00e7\u00e3o adamantinense.\u00a0\u00a0Veja a composi\u00e7\u00e3o:<\/p>\n<p><img loading=\"lazy\" decoding=\"async\" class=\"alignnone size-full wp-image-44620\" src=\"https:\/\/static.radiolifefm.com.br\/wp-content\/uploads\/sites\/2\/2021\/10\/247710750102173921449902638587530006550293832njpg16350913416175838d584bb.jpg\" alt=\"\" width=\"1080\" height=\"608\" srcset=\"https:\/\/radiolifefm.com.br\/noticias\/wp-content\/uploads\/2021\/10\/247710750102173921449902638587530006550293832njpg16350913416175838d584bb.jpg 1080w, https:\/\/radiolifefm.com.br\/noticias\/wp-content\/uploads\/2021\/10\/247710750102173921449902638587530006550293832njpg16350913416175838d584bb-300x169.jpg 300w, https:\/\/radiolifefm.com.br\/noticias\/wp-content\/uploads\/2021\/10\/247710750102173921449902638587530006550293832njpg16350913416175838d584bb-1024x576.jpg 1024w, https:\/\/radiolifefm.com.br\/noticias\/wp-content\/uploads\/2021\/10\/247710750102173921449902638587530006550293832njpg16350913416175838d584bb-768x432.jpg 768w\" sizes=\"auto, (max-width: 1080px) 100vw, 1080px\" \/><\/p>\n<p>Presidente: Paulo Peres<\/p>\n<p>Vice-presidente: Talita Manrique Andrade<\/p>\n<p>Secret\u00e1rio geral: Fernando Barusso<\/p>\n<p>Secret\u00e1ria adjunta: D\u00e9bora Belloni<\/p>\n<p>Tesoureiro: Cleber Barbosa<\/p>\n<p>&nbsp;<\/p>\n<p>Fonte:\u00a0 Siga Mais<\/p>\n","protected":false},"excerpt":{"rendered":"<p>Duas chapas concorrem \u00e0 presid\u00eancia da 59\u00aa Subsec\u00e7\u00e3o da Ordem dos Advogados do Brasil (OAB) de Adamantina, para o tri\u00eanio 2022\/2024. A chapa 1 \u201cCompromisso, Trabalho e Uni\u00e3o\u201d representa a situa\u00e7\u00e3o, liderada pelo atual presidente Marco Aur\u00e9lio Fontana Figueiredo. A chapa 2 \u201cInova\u00e7\u00e3o e Participa\u00e7\u00e3o\u201d figura como oposi\u00e7\u00e3o, liderada pelo advogado Paulo Peres. Chapa 1 [&hellip;]<\/p>\n","protected":false},"author":13,"featured_media":44621,"comment_status":"closed","ping_status":"open","sticky":false,"template":"","format":"standard","meta":{"_acf_changed":false,"_exactmetrics_skip_tracking":false,"_exactmetrics_sitenote_active":false,"_exactmetrics_sitenote_note":"","_exactmetrics_sitenote_category":0,"footnotes":""},"categories":[21],"tags":[],"class_list":["post-44618","post","type-post","status-publish","format-standard","has-post-thumbnail","hentry","category-adamantina"],"acf":[],"yoast_head":"<!-- This site is optimized with the Yoast SEO plugin v27.2 - https:\/\/yoast.com\/product\/yoast-seo-wordpress\/ -->\n<title>Duas chapas disputam a presid\u00eancia da Subsec\u00e7\u00e3o da OAB de Adamantina - R\u00e1dio Life FM<\/title>\n<meta name=\"robots\" content=\"index, follow, max-snippet:-1, max-image-preview:large, max-video-preview:-1\" \/>\n<link rel=\"canonical\" href=\"https:\/\/radiolifefm.com.br\/noticias\/duas-chapas-disputam-a-presidencia-da-subseccao-da-oab-de-adamantina\/\" \/>\n<meta property=\"og:locale\" content=\"pt_BR\" \/>\n<meta property=\"og:type\" content=\"article\" \/>\n<meta property=\"og:title\" content=\"Duas chapas disputam a presid\u00eancia da Subsec\u00e7\u00e3o da OAB de Adamantina - R\u00e1dio Life FM\" \/>\n<meta property=\"og:description\" content=\"Duas chapas concorrem \u00e0 presid\u00eancia da 59\u00aa Subsec\u00e7\u00e3o da Ordem dos Advogados do Brasil (OAB) de Adamantina, para o tri\u00eanio 2022\/2024. A chapa 1 \u201cCompromisso, Trabalho e Uni\u00e3o\u201d representa a situa\u00e7\u00e3o, liderada pelo atual presidente Marco Aur\u00e9lio Fontana Figueiredo. A chapa 2 \u201cInova\u00e7\u00e3o e Participa\u00e7\u00e3o\u201d figura como oposi\u00e7\u00e3o, liderada pelo advogado Paulo Peres. Chapa 1 [&hellip;]\" \/>\n<meta property=\"og:url\" content=\"https:\/\/radiolifefm.com.br\/noticias\/duas-chapas-disputam-a-presidencia-da-subseccao-da-oab-de-adamantina\/\" \/>\n<meta property=\"og:site_name\" content=\"R\u00e1dio Life FM\" \/>\n<meta property=\"article:publisher\" content=\"https:\/\/www.facebook.com\/radiolifefm\/\" \/>\n<meta property=\"article:published_time\" content=\"2021-10-24T19:52:02+00:00\" \/>\n<meta property=\"article:modified_time\" content=\"2026-04-21T00:47:38+00:00\" \/>\n<meta property=\"og:image\" content=\"https:\/\/radiolifefm.com.br\/noticias\/wp-content\/uploads\/2021\/10\/oab-adampng1635091394617583c272a0b.jpg\" \/>\n\t<meta property=\"og:image:width\" content=\"600\" \/>\n\t<meta property=\"og:image:height\" content=\"337\" \/>\n\t<meta property=\"og:image:type\" content=\"image\/jpeg\" \/>\n<meta name=\"author\" content=\"ritanery\" \/>\n<meta name=\"twitter:card\" content=\"summary_large_image\" \/>\n<meta name=\"twitter:label1\" content=\"Escrito por\" \/>\n\t<meta name=\"twitter:data1\" content=\"ritanery\" \/>\n\t<meta name=\"twitter:label2\" content=\"Est. tempo de leitura\" \/>\n\t<meta name=\"twitter:data2\" content=\"2 minutos\" \/>\n<script type=\"application\/ld+json\" class=\"yoast-schema-graph\">{\"@context\":\"https:\/\/schema.org\",\"@graph\":[{\"@type\":\"Article\",\"@id\":\"https:\/\/radiolifefm.com.br\/noticias\/duas-chapas-disputam-a-presidencia-da-subseccao-da-oab-de-adamantina\/#article\",\"isPartOf\":{\"@id\":\"https:\/\/radiolifefm.com.br\/noticias\/duas-chapas-disputam-a-presidencia-da-subseccao-da-oab-de-adamantina\/\"},\"author\":{\"name\":\"ritanery\",\"@id\":\"https:\/\/radiolifefm.com.br\/noticias\/#\/schema\/person\/6339b9fac59d12b071dec680d7375d87\"},\"headline\":\"Duas chapas disputam a presid\u00eancia da Subsec\u00e7\u00e3o da OAB de Adamantina\",\"datePublished\":\"2021-10-24T19:52:02+00:00\",\"dateModified\":\"2026-04-21T00:47:38+00:00\",\"mainEntityOfPage\":{\"@id\":\"https:\/\/radiolifefm.com.br\/noticias\/duas-chapas-disputam-a-presidencia-da-subseccao-da-oab-de-adamantina\/\"},\"wordCount\":208,\"publisher\":{\"@id\":\"https:\/\/radiolifefm.com.br\/noticias\/#organization\"},\"image\":{\"@id\":\"https:\/\/radiolifefm.com.br\/noticias\/duas-chapas-disputam-a-presidencia-da-subseccao-da-oab-de-adamantina\/#primaryimage\"},\"thumbnailUrl\":\"https:\/\/radiolifefm.com.br\/noticias\/wp-content\/uploads\/2021\/10\/oab-adampng1635091394617583c272a0b.jpg\",\"articleSection\":[\"Adamantina\"],\"inLanguage\":\"pt-BR\"},{\"@type\":\"WebPage\",\"@id\":\"https:\/\/radiolifefm.com.br\/noticias\/duas-chapas-disputam-a-presidencia-da-subseccao-da-oab-de-adamantina\/\",\"url\":\"https:\/\/radiolifefm.com.br\/noticias\/duas-chapas-disputam-a-presidencia-da-subseccao-da-oab-de-adamantina\/\",\"name\":\"Duas chapas disputam a presid\u00eancia da Subsec\u00e7\u00e3o da OAB de Adamantina - R\u00e1dio Life FM\",\"isPartOf\":{\"@id\":\"https:\/\/radiolifefm.com.br\/noticias\/#website\"},\"primaryImageOfPage\":{\"@id\":\"https:\/\/radiolifefm.com.br\/noticias\/duas-chapas-disputam-a-presidencia-da-subseccao-da-oab-de-adamantina\/#primaryimage\"},\"image\":{\"@id\":\"https:\/\/radiolifefm.com.br\/noticias\/duas-chapas-disputam-a-presidencia-da-subseccao-da-oab-de-adamantina\/#primaryimage\"},\"thumbnailUrl\":\"https:\/\/radiolifefm.com.br\/noticias\/wp-content\/uploads\/2021\/10\/oab-adampng1635091394617583c272a0b.jpg\",\"datePublished\":\"2021-10-24T19:52:02+00:00\",\"dateModified\":\"2026-04-21T00:47:38+00:00\",\"breadcrumb\":{\"@id\":\"https:\/\/radiolifefm.com.br\/noticias\/duas-chapas-disputam-a-presidencia-da-subseccao-da-oab-de-adamantina\/#breadcrumb\"},\"inLanguage\":\"pt-BR\",\"potentialAction\":[{\"@type\":\"ReadAction\",\"target\":[\"https:\/\/radiolifefm.com.br\/noticias\/duas-chapas-disputam-a-presidencia-da-subseccao-da-oab-de-adamantina\/\"]}]},{\"@type\":\"ImageObject\",\"inLanguage\":\"pt-BR\",\"@id\":\"https:\/\/radiolifefm.com.br\/noticias\/duas-chapas-disputam-a-presidencia-da-subseccao-da-oab-de-adamantina\/#primaryimage\",\"url\":\"https:\/\/radiolifefm.com.br\/noticias\/wp-content\/uploads\/2021\/10\/oab-adampng1635091394617583c272a0b.jpg\",\"contentUrl\":\"https:\/\/radiolifefm.com.br\/noticias\/wp-content\/uploads\/2021\/10\/oab-adampng1635091394617583c272a0b.jpg\",\"width\":600,\"height\":337,\"caption\":\"Elei\u00e7\u00e3o ocorre no dia 25 de novembro. Chapas iniciam campanha eleitoral junto aos advogados.\"},{\"@type\":\"BreadcrumbList\",\"@id\":\"https:\/\/radiolifefm.com.br\/noticias\/duas-chapas-disputam-a-presidencia-da-subseccao-da-oab-de-adamantina\/#breadcrumb\",\"itemListElement\":[{\"@type\":\"ListItem\",\"position\":1,\"name\":\"In\u00edcio\",\"item\":\"https:\/\/radiolifefm.com.br\/noticias\/\"},{\"@type\":\"ListItem\",\"position\":2,\"name\":\"Duas chapas disputam a presid\u00eancia da Subsec\u00e7\u00e3o da OAB de Adamantina\"}]},{\"@type\":\"WebSite\",\"@id\":\"https:\/\/radiolifefm.com.br\/noticias\/#website\",\"url\":\"https:\/\/radiolifefm.com.br\/noticias\/\",\"name\":\"R\u00e1dio Life FM\",\"description\":\"O Portal de Not\u00edcias de Adamantina\",\"publisher\":{\"@id\":\"https:\/\/radiolifefm.com.br\/noticias\/#organization\"},\"alternateName\":\"Life FM\",\"potentialAction\":[{\"@type\":\"SearchAction\",\"target\":{\"@type\":\"EntryPoint\",\"urlTemplate\":\"https:\/\/radiolifefm.com.br\/noticias\/?s={search_term_string}\"},\"query-input\":{\"@type\":\"PropertyValueSpecification\",\"valueRequired\":true,\"valueName\":\"search_term_string\"}}],\"inLanguage\":\"pt-BR\"},{\"@type\":\"Organization\",\"@id\":\"https:\/\/radiolifefm.com.br\/noticias\/#organization\",\"name\":\"R\u00e1dio Life FM\",\"alternateName\":\"Life FM\",\"url\":\"https:\/\/radiolifefm.com.br\/noticias\/\",\"logo\":{\"@type\":\"ImageObject\",\"inLanguage\":\"pt-BR\",\"@id\":\"https:\/\/radiolifefm.com.br\/noticias\/#\/schema\/logo\/image\/\",\"url\":\"https:\/\/static.radiolifefm.com.br\/noticias\/wp-content\/uploads\/2019\/10\/logo-lifefm.png\",\"contentUrl\":\"https:\/\/static.radiolifefm.com.br\/noticias\/wp-content\/uploads\/2019\/10\/logo-lifefm.png\",\"width\":196,\"height\":47,\"caption\":\"R\u00e1dio Life FM\"},\"image\":{\"@id\":\"https:\/\/radiolifefm.com.br\/noticias\/#\/schema\/logo\/image\/\"},\"sameAs\":[\"https:\/\/www.facebook.com\/radiolifefm\/\",\"https:\/\/www.instagram.com\/life1079fm\/\"]},{\"@type\":\"Person\",\"@id\":\"https:\/\/radiolifefm.com.br\/noticias\/#\/schema\/person\/6339b9fac59d12b071dec680d7375d87\",\"name\":\"ritanery\",\"image\":{\"@type\":\"ImageObject\",\"inLanguage\":\"pt-BR\",\"@id\":\"https:\/\/secure.gravatar.com\/avatar\/0e37bb19071f47c0b8a23f62a903df117c5a0e75f65a0c2901562f97cd41cf86?s=96&d=mm&r=g\",\"url\":\"https:\/\/secure.gravatar.com\/avatar\/0e37bb19071f47c0b8a23f62a903df117c5a0e75f65a0c2901562f97cd41cf86?s=96&d=mm&r=g\",\"contentUrl\":\"https:\/\/secure.gravatar.com\/avatar\/0e37bb19071f47c0b8a23f62a903df117c5a0e75f65a0c2901562f97cd41cf86?s=96&d=mm&r=g\",\"caption\":\"ritanery\"}}]}<\/script>\n<!-- \/ Yoast SEO plugin. -->","yoast_head_json":{"title":"Duas chapas disputam a presid\u00eancia da Subsec\u00e7\u00e3o da OAB de Adamantina - R\u00e1dio Life FM","robots":{"index":"index","follow":"follow","max-snippet":"max-snippet:-1","max-image-preview":"max-image-preview:large","max-video-preview":"max-video-preview:-1"},"canonical":"https:\/\/radiolifefm.com.br\/noticias\/duas-chapas-disputam-a-presidencia-da-subseccao-da-oab-de-adamantina\/","og_locale":"pt_BR","og_type":"article","og_title":"Duas chapas disputam a presid\u00eancia da Subsec\u00e7\u00e3o da OAB de Adamantina - R\u00e1dio Life FM","og_description":"Duas chapas concorrem \u00e0 presid\u00eancia da 59\u00aa Subsec\u00e7\u00e3o da Ordem dos Advogados do Brasil (OAB) de Adamantina, para o tri\u00eanio 2022\/2024. A chapa 1 \u201cCompromisso, Trabalho e Uni\u00e3o\u201d representa a situa\u00e7\u00e3o, liderada pelo atual presidente Marco Aur\u00e9lio Fontana Figueiredo. A chapa 2 \u201cInova\u00e7\u00e3o e Participa\u00e7\u00e3o\u201d figura como oposi\u00e7\u00e3o, liderada pelo advogado Paulo Peres. Chapa 1 [&hellip;]","og_url":"https:\/\/radiolifefm.com.br\/noticias\/duas-chapas-disputam-a-presidencia-da-subseccao-da-oab-de-adamantina\/","og_site_name":"R\u00e1dio Life FM","article_publisher":"https:\/\/www.facebook.com\/radiolifefm\/","article_published_time":"2021-10-24T19:52:02+00:00","article_modified_time":"2026-04-21T00:47:38+00:00","og_image":[{"width":600,"height":337,"url":"https:\/\/radiolifefm.com.br\/noticias\/wp-content\/uploads\/2021\/10\/oab-adampng1635091394617583c272a0b.jpg","type":"image\/jpeg"}],"author":"ritanery","twitter_card":"summary_large_image","twitter_misc":{"Escrito por":"ritanery","Est. tempo de leitura":"2 minutos"},"schema":{"@context":"https:\/\/schema.org","@graph":[{"@type":"Article","@id":"https:\/\/radiolifefm.com.br\/noticias\/duas-chapas-disputam-a-presidencia-da-subseccao-da-oab-de-adamantina\/#article","isPartOf":{"@id":"https:\/\/radiolifefm.com.br\/noticias\/duas-chapas-disputam-a-presidencia-da-subseccao-da-oab-de-adamantina\/"},"author":{"name":"ritanery","@id":"https:\/\/radiolifefm.com.br\/noticias\/#\/schema\/person\/6339b9fac59d12b071dec680d7375d87"},"headline":"Duas chapas disputam a presid\u00eancia da Subsec\u00e7\u00e3o da OAB de Adamantina","datePublished":"2021-10-24T19:52:02+00:00","dateModified":"2026-04-21T00:47:38+00:00","mainEntityOfPage":{"@id":"https:\/\/radiolifefm.com.br\/noticias\/duas-chapas-disputam-a-presidencia-da-subseccao-da-oab-de-adamantina\/"},"wordCount":208,"publisher":{"@id":"https:\/\/radiolifefm.com.br\/noticias\/#organization"},"image":{"@id":"https:\/\/radiolifefm.com.br\/noticias\/duas-chapas-disputam-a-presidencia-da-subseccao-da-oab-de-adamantina\/#primaryimage"},"thumbnailUrl":"https:\/\/radiolifefm.com.br\/noticias\/wp-content\/uploads\/2021\/10\/oab-adampng1635091394617583c272a0b.jpg","articleSection":["Adamantina"],"inLanguage":"pt-BR"},{"@type":"WebPage","@id":"https:\/\/radiolifefm.com.br\/noticias\/duas-chapas-disputam-a-presidencia-da-subseccao-da-oab-de-adamantina\/","url":"https:\/\/radiolifefm.com.br\/noticias\/duas-chapas-disputam-a-presidencia-da-subseccao-da-oab-de-adamantina\/","name":"Duas chapas disputam a presid\u00eancia da Subsec\u00e7\u00e3o da OAB de Adamantina - R\u00e1dio Life FM","isPartOf":{"@id":"https:\/\/radiolifefm.com.br\/noticias\/#website"},"primaryImageOfPage":{"@id":"https:\/\/radiolifefm.com.br\/noticias\/duas-chapas-disputam-a-presidencia-da-subseccao-da-oab-de-adamantina\/#primaryimage"},"image":{"@id":"https:\/\/radiolifefm.com.br\/noticias\/duas-chapas-disputam-a-presidencia-da-subseccao-da-oab-de-adamantina\/#primaryimage"},"thumbnailUrl":"https:\/\/radiolifefm.com.br\/noticias\/wp-content\/uploads\/2021\/10\/oab-adampng1635091394617583c272a0b.jpg","datePublished":"2021-10-24T19:52:02+00:00","dateModified":"2026-04-21T00:47:38+00:00","breadcrumb":{"@id":"https:\/\/radiolifefm.com.br\/noticias\/duas-chapas-disputam-a-presidencia-da-subseccao-da-oab-de-adamantina\/#breadcrumb"},"inLanguage":"pt-BR","potentialAction":[{"@type":"ReadAction","target":["https:\/\/radiolifefm.com.br\/noticias\/duas-chapas-disputam-a-presidencia-da-subseccao-da-oab-de-adamantina\/"]}]},{"@type":"ImageObject","inLanguage":"pt-BR","@id":"https:\/\/radiolifefm.com.br\/noticias\/duas-chapas-disputam-a-presidencia-da-subseccao-da-oab-de-adamantina\/#primaryimage","url":"https:\/\/radiolifefm.com.br\/noticias\/wp-content\/uploads\/2021\/10\/oab-adampng1635091394617583c272a0b.jpg","contentUrl":"https:\/\/radiolifefm.com.br\/noticias\/wp-content\/uploads\/2021\/10\/oab-adampng1635091394617583c272a0b.jpg","width":600,"height":337,"caption":"Elei\u00e7\u00e3o ocorre no dia 25 de novembro. Chapas iniciam campanha eleitoral junto aos advogados."},{"@type":"BreadcrumbList","@id":"https:\/\/radiolifefm.com.br\/noticias\/duas-chapas-disputam-a-presidencia-da-subseccao-da-oab-de-adamantina\/#breadcrumb","itemListElement":[{"@type":"ListItem","position":1,"name":"In\u00edcio","item":"https:\/\/radiolifefm.com.br\/noticias\/"},{"@type":"ListItem","position":2,"name":"Duas chapas disputam a presid\u00eancia da Subsec\u00e7\u00e3o da OAB de Adamantina"}]},{"@type":"WebSite","@id":"https:\/\/radiolifefm.com.br\/noticias\/#website","url":"https:\/\/radiolifefm.com.br\/noticias\/","name":"R\u00e1dio Life FM","description":"O Portal de Not\u00edcias de Adamantina","publisher":{"@id":"https:\/\/radiolifefm.com.br\/noticias\/#organization"},"alternateName":"Life FM","potentialAction":[{"@type":"SearchAction","target":{"@type":"EntryPoint","urlTemplate":"https:\/\/radiolifefm.com.br\/noticias\/?s={search_term_string}"},"query-input":{"@type":"PropertyValueSpecification","valueRequired":true,"valueName":"search_term_string"}}],"inLanguage":"pt-BR"},{"@type":"Organization","@id":"https:\/\/radiolifefm.com.br\/noticias\/#organization","name":"R\u00e1dio Life FM","alternateName":"Life FM","url":"https:\/\/radiolifefm.com.br\/noticias\/","logo":{"@type":"ImageObject","inLanguage":"pt-BR","@id":"https:\/\/radiolifefm.com.br\/noticias\/#\/schema\/logo\/image\/","url":"https:\/\/static.radiolifefm.com.br\/noticias\/wp-content\/uploads\/2019\/10\/logo-lifefm.png","contentUrl":"https:\/\/static.radiolifefm.com.br\/noticias\/wp-content\/uploads\/2019\/10\/logo-lifefm.png","width":196,"height":47,"caption":"R\u00e1dio Life FM"},"image":{"@id":"https:\/\/radiolifefm.com.br\/noticias\/#\/schema\/logo\/image\/"},"sameAs":["https:\/\/www.facebook.com\/radiolifefm\/","https:\/\/www.instagram.com\/life1079fm\/"]},{"@type":"Person","@id":"https:\/\/radiolifefm.com.br\/noticias\/#\/schema\/person\/6339b9fac59d12b071dec680d7375d87","name":"ritanery","image":{"@type":"ImageObject","inLanguage":"pt-BR","@id":"https:\/\/secure.gravatar.com\/avatar\/0e37bb19071f47c0b8a23f62a903df117c5a0e75f65a0c2901562f97cd41cf86?s=96&d=mm&r=g","url":"https:\/\/secure.gravatar.com\/avatar\/0e37bb19071f47c0b8a23f62a903df117c5a0e75f65a0c2901562f97cd41cf86?s=96&d=mm&r=g","contentUrl":"https:\/\/secure.gravatar.com\/avatar\/0e37bb19071f47c0b8a23f62a903df117c5a0e75f65a0c2901562f97cd41cf86?s=96&d=mm&r=g","caption":"ritanery"}}]}},"amp_enabled":true,"_links":{"self":[{"href":"https:\/\/radiolifefm.com.br\/noticias\/wp-json\/wp\/v2\/posts\/44618","targetHints":{"allow":["GET"]}}],"collection":[{"href":"https:\/\/radiolifefm.com.br\/noticias\/wp-json\/wp\/v2\/posts"}],"about":[{"href":"https:\/\/radiolifefm.com.br\/noticias\/wp-json\/wp\/v2\/types\/post"}],"author":[{"embeddable":true,"href":"https:\/\/radiolifefm.com.br\/noticias\/wp-json\/wp\/v2\/users\/13"}],"replies":[{"embeddable":true,"href":"https:\/\/radiolifefm.com.br\/noticias\/wp-json\/wp\/v2\/comments?post=44618"}],"version-history":[{"count":1,"href":"https:\/\/radiolifefm.com.br\/noticias\/wp-json\/wp\/v2\/posts\/44618\/revisions"}],"predecessor-version":[{"id":44622,"href":"https:\/\/radiolifefm.com.br\/noticias\/wp-json\/wp\/v2\/posts\/44618\/revisions\/44622"}],"wp:featuredmedia":[{"embeddable":true,"href":"https:\/\/radiolifefm.com.br\/noticias\/wp-json\/wp\/v2\/media\/44621"}],"wp:attachment":[{"href":"https:\/\/radiolifefm.com.br\/noticias\/wp-json\/wp\/v2\/media?parent=44618"}],"wp:term":[{"taxonomy":"category","embeddable":true,"href":"https:\/\/radiolifefm.com.br\/noticias\/wp-json\/wp\/v2\/categories?post=44618"},{"taxonomy":"post_tag","embeddable":true,"href":"https:\/\/radiolifefm.com.br\/noticias\/wp-json\/wp\/v2\/tags?post=44618"}],"curies":[{"name":"wp","href":"https:\/\/api.w.org\/{rel}","templated":true}]}}