{"id":44593,"date":"2021-10-23T10:26:36","date_gmt":"2021-10-23T13:26:36","guid":{"rendered":"https:\/\/radiolifefm.com.br\/noticias\/?p=44593"},"modified":"2026-03-28T22:58:00","modified_gmt":"2026-03-29T01:58:00","slug":"rejeitos-de-origem-animal-para-processamento-caem-de-caminhao-nas-ruas-de-adamantina","status":"publish","type":"post","link":"https:\/\/radiolifefm.com.br\/noticias\/rejeitos-de-origem-animal-para-processamento-caem-de-caminhao-nas-ruas-de-adamantina\/","title":{"rendered":"Rejeitos de origem animal para processamento caem de caminh\u00e3o nas ruas de Adamantina"},"content":{"rendered":"<div id=\"fb-root\"><\/div>\n<p>Adamantina amanheceu neste s\u00e1bado (23) com diversas ruas da cidade sujas com rejeitos animais originados de a\u00e7ougues e\/ou abatedouros, que teriam ca\u00eddo acidentalmente de caminh\u00e3o de transporte em dire\u00e7\u00e3o a uma ind\u00fastria local. Os materiais foram vistos em um trecho de tr\u00eas quil\u00f4metros, a partir da Avenida Marechal Castelo Branco\/Via de Acesso (regi\u00e3o do Gin\u00e1sio de Esportes \u201cPaulo Camargo\u201d) at\u00e9 a Avenida da Saudade(proximidades do Vel\u00f3rio Municipal).<\/p>\n<p>&nbsp;<\/p>\n<p>Ao amanhecer o SIGA MAIS foi acionado por moradores, percorreu o trecho e constatou a exist\u00eancia de materiais em sua maioria junto aos redutores de velocidade (obst\u00e1culos), possivelmente durante frenagem, e em pontos de curva.<\/p>\n<p>&nbsp;<\/p>\n<p>A partir da Via de Acesso, os materiais ca\u00edram na via p\u00fablica junto ao obst\u00e1culo nas proximidades do Gin\u00e1sio de Esportes, na rotat\u00f3ria em frente ao Cristo, no obst\u00e1culo em frente ao Terminal Rodovi\u00e1rio, na esquina do Corpo de Bombeiros, e depois segue em toda a extens\u00e3o da Avenida Adhemar de Barros\/Avenida da Saudade: na esquina da Pra\u00e7a \u00c9lio Micheloni\/F\u00f3rum, no obst\u00e1culo do Gin\u00e1sio do Navarro, no obst\u00e1culo pr\u00f3ximo ao Ganha Tempo Municipal e no obst\u00e1culo antes do Vel\u00f3rio Municipal.<\/p>\n<p>&nbsp;<\/p>\n<p>Al\u00e9m desses pontos, foram vistas por\u00e7\u00f5es desses materiais dispersas ao longo de todo esse trecho.<\/p>\n<p>&nbsp;<\/p>\n<p><strong>Sujeira, odor e risco ao tr\u00e2nsito<\/strong><\/p>\n<p>O material que caiu na via p\u00fablica traz risco \u00e0 seguran\u00e7a do tr\u00e2nsito. S\u00e3o rejeitos de origem animal que podem provocar acidentes, seja por dificuldades de frenagem dos ve\u00edculos ou deslizamento de motos.<\/p>\n<div class='flex flex-wrap items-center -mx-1'>\r\n<a class='thumbnail gallery p-1 w-1\/2 md:w-1\/4' href='https:\/\/radiolifefm.com.br\/noticias\/wp-content\/uploads\/2021\/10\/a0jpg16349909146173fb42f133c.jpg'><img class='border border-white' src='https:\/\/radiolifefm.com.br\/noticias\/wp-content\/uploads\/2021\/10\/a0jpg16349909146173fb42f133c-200x200.jpg' alt='A0jpg16349909146173fb42f133c' \/><\/a><a class='thumbnail gallery p-1 w-1\/2 md:w-1\/4' href='https:\/\/radiolifefm.com.br\/noticias\/wp-content\/uploads\/2021\/10\/a1jpg16349908056173fad5704b1.jpg'><img class='border border-white' src='https:\/\/radiolifefm.com.br\/noticias\/wp-content\/uploads\/2021\/10\/a1jpg16349908056173fad5704b1-200x200.jpg' alt='A1jpg16349908056173fad5704b1' \/><\/a><a class='thumbnail gallery p-1 w-1\/2 md:w-1\/4' href='https:\/\/radiolifefm.com.br\/noticias\/wp-content\/uploads\/2021\/10\/a3jpg16349908526173fb046e6d6.jpg'><img class='border border-white' src='https:\/\/radiolifefm.com.br\/noticias\/wp-content\/uploads\/2021\/10\/a3jpg16349908526173fb046e6d6-200x200.jpg' alt='A3jpg16349908526173fb046e6d6' \/><\/a><a class='thumbnail gallery p-1 w-1\/2 md:w-1\/4' href='https:\/\/radiolifefm.com.br\/noticias\/wp-content\/uploads\/2021\/10\/a5jpg16349908646173fb10b4d59.jpg'><img class='border border-white' src='https:\/\/radiolifefm.com.br\/noticias\/wp-content\/uploads\/2021\/10\/a5jpg16349908646173fb10b4d59-200x200.jpg' alt='A5jpg16349908646173fb10b4d59' \/><\/a><a class='thumbnail gallery p-1 w-1\/2 md:w-1\/4' href='https:\/\/radiolifefm.com.br\/noticias\/wp-content\/uploads\/2021\/10\/a8jpg16349907006173fa6cd690d.jpg'><img class='border border-white' src='https:\/\/radiolifefm.com.br\/noticias\/wp-content\/uploads\/2021\/10\/a8jpg16349907006173fa6cd690d-200x200.jpg' alt='A8jpg16349907006173fa6cd690d' \/><\/a><a class='thumbnail gallery p-1 w-1\/2 md:w-1\/4' href='https:\/\/radiolifefm.com.br\/noticias\/wp-content\/uploads\/2021\/10\/a9jpg16349907166173fa7c2a28d.jpg'><img class='border border-white' src='https:\/\/radiolifefm.com.br\/noticias\/wp-content\/uploads\/2021\/10\/a9jpg16349907166173fa7c2a28d-200x200.jpg' alt='A9jpg16349907166173fa7c2a28d' \/><\/a><a class='thumbnail gallery p-1 w-1\/2 md:w-1\/4' href='https:\/\/radiolifefm.com.br\/noticias\/wp-content\/uploads\/2021\/10\/a11jpg16349909056173fb394edad.jpg'><img class='border border-white' src='https:\/\/radiolifefm.com.br\/noticias\/wp-content\/uploads\/2021\/10\/a11jpg16349909056173fb394edad-200x200.jpg' alt='A11jpg16349909056173fb394edad' \/><\/a><\/div>\n<p>Al\u00e9m desse risco, a disposi\u00e7\u00e3o desses materiais na via p\u00fablica j\u00e1 gerava forte odor pela manh\u00e3.<\/p>\n<p>&nbsp;<\/p>\n<p><strong>Mobiliza\u00e7\u00e3o<\/strong><\/p>\n<p>O despejo desses rejeitos de origem animal nas ruas de Adamantina mobilizou representantes e colaboradores de uma empresa que processa esses produtos, na cidade.<\/p>\n<p>&nbsp;<\/p>\n<p>Durante a manh\u00e3, ao longo do trecho, a reportagem do SIGA MAIS avistou funcion\u00e1rios fazendo a retirada desses materiais, da via. O servi\u00e7o era feito com o apoio de um caminh\u00e3o. A Secretaria Municipal de Obras tamb\u00e9m foi acionada para apoiar a opera\u00e7\u00e3o.<\/p>\n<p>&nbsp;<\/p>\n<p>Uma equipe da Pol\u00edcia Militar tamb\u00e9m foi acionada e fez a orienta\u00e7\u00e3o de tr\u00e2nsito na Via de Acesso, junto ao redutor de velocidade, for\u00e7ando o desvio dos ve\u00edculos. Por medida de seguran\u00e7a, um dos sentidos da via \u2013 bairro\/centro \u2013 teve o tr\u00e2nsito desviado.<\/p>\n<p>&nbsp;<\/p>\n<p>Fonte: Siga Mais<\/p>\n","protected":false},"excerpt":{"rendered":"<p>Adamantina amanheceu neste s\u00e1bado (23) com diversas ruas da cidade sujas com rejeitos animais originados de a\u00e7ougues e\/ou abatedouros, que teriam ca\u00eddo acidentalmente de caminh\u00e3o de transporte em dire\u00e7\u00e3o a uma ind\u00fastria local. Os materiais foram vistos em um trecho de tr\u00eas quil\u00f4metros, a partir da Avenida Marechal Castelo Branco\/Via de Acesso (regi\u00e3o do Gin\u00e1sio [&hellip;]<\/p>\n","protected":false},"author":13,"featured_media":44594,"comment_status":"closed","ping_status":"open","sticky":false,"template":"","format":"standard","meta":{"_acf_changed":false,"_exactmetrics_skip_tracking":false,"_exactmetrics_sitenote_active":false,"_exactmetrics_sitenote_note":"","_exactmetrics_sitenote_category":0,"footnotes":""},"categories":[21],"tags":[],"class_list":["post-44593","post","type-post","status-publish","format-standard","has-post-thumbnail","hentry","category-adamantina"],"acf":[],"yoast_head":"<!-- This site is optimized with the Yoast SEO plugin v27.2 - https:\/\/yoast.com\/product\/yoast-seo-wordpress\/ -->\n<title>Rejeitos de origem animal para processamento caem de caminh\u00e3o nas ruas de Adamantina - R\u00e1dio Life FM<\/title>\n<meta name=\"robots\" content=\"index, follow, max-snippet:-1, max-image-preview:large, max-video-preview:-1\" \/>\n<link rel=\"canonical\" href=\"https:\/\/radiolifefm.com.br\/noticias\/rejeitos-de-origem-animal-para-processamento-caem-de-caminhao-nas-ruas-de-adamantina\/\" \/>\n<meta property=\"og:locale\" content=\"pt_BR\" \/>\n<meta property=\"og:type\" content=\"article\" \/>\n<meta property=\"og:title\" content=\"Rejeitos de origem animal para processamento caem de caminh\u00e3o nas ruas de Adamantina - R\u00e1dio Life FM\" \/>\n<meta property=\"og:description\" content=\"Adamantina amanheceu neste s\u00e1bado (23) com diversas ruas da cidade sujas com rejeitos animais originados de a\u00e7ougues e\/ou abatedouros, que teriam ca\u00eddo acidentalmente de caminh\u00e3o de transporte em dire\u00e7\u00e3o a uma ind\u00fastria local. Os materiais foram vistos em um trecho de tr\u00eas quil\u00f4metros, a partir da Avenida Marechal Castelo Branco\/Via de Acesso (regi\u00e3o do Gin\u00e1sio [&hellip;]\" \/>\n<meta property=\"og:url\" content=\"https:\/\/radiolifefm.com.br\/noticias\/rejeitos-de-origem-animal-para-processamento-caem-de-caminhao-nas-ruas-de-adamantina\/\" \/>\n<meta property=\"og:site_name\" content=\"R\u00e1dio Life FM\" \/>\n<meta property=\"article:publisher\" content=\"https:\/\/www.facebook.com\/radiolifefm\/\" \/>\n<meta property=\"article:published_time\" content=\"2021-10-23T13:26:36+00:00\" \/>\n<meta property=\"article:modified_time\" content=\"2026-03-29T01:58:00+00:00\" \/>\n<meta property=\"og:image\" content=\"https:\/\/radiolifefm.com.br\/noticias\/wp-content\/uploads\/2021\/10\/cap.jpg\" \/>\n\t<meta property=\"og:image:width\" content=\"600\" \/>\n\t<meta property=\"og:image:height\" content=\"337\" \/>\n\t<meta property=\"og:image:type\" content=\"image\/jpeg\" \/>\n<meta name=\"author\" content=\"ritanery\" \/>\n<meta name=\"twitter:card\" content=\"summary_large_image\" \/>\n<meta name=\"twitter:label1\" content=\"Escrito por\" \/>\n\t<meta name=\"twitter:data1\" content=\"ritanery\" \/>\n\t<meta name=\"twitter:label2\" content=\"Est. tempo de leitura\" \/>\n\t<meta name=\"twitter:data2\" content=\"2 minutos\" \/>\n<script type=\"application\/ld+json\" class=\"yoast-schema-graph\">{\"@context\":\"https:\/\/schema.org\",\"@graph\":[{\"@type\":\"Article\",\"@id\":\"https:\/\/radiolifefm.com.br\/noticias\/rejeitos-de-origem-animal-para-processamento-caem-de-caminhao-nas-ruas-de-adamantina\/#article\",\"isPartOf\":{\"@id\":\"https:\/\/radiolifefm.com.br\/noticias\/rejeitos-de-origem-animal-para-processamento-caem-de-caminhao-nas-ruas-de-adamantina\/\"},\"author\":{\"name\":\"ritanery\",\"@id\":\"https:\/\/radiolifefm.com.br\/noticias\/#\/schema\/person\/6339b9fac59d12b071dec680d7375d87\"},\"headline\":\"Rejeitos de origem animal para processamento caem de caminh\u00e3o nas ruas de Adamantina\",\"datePublished\":\"2021-10-23T13:26:36+00:00\",\"dateModified\":\"2026-03-29T01:58:00+00:00\",\"mainEntityOfPage\":{\"@id\":\"https:\/\/radiolifefm.com.br\/noticias\/rejeitos-de-origem-animal-para-processamento-caem-de-caminhao-nas-ruas-de-adamantina\/\"},\"wordCount\":449,\"publisher\":{\"@id\":\"https:\/\/radiolifefm.com.br\/noticias\/#organization\"},\"image\":{\"@id\":\"https:\/\/radiolifefm.com.br\/noticias\/rejeitos-de-origem-animal-para-processamento-caem-de-caminhao-nas-ruas-de-adamantina\/#primaryimage\"},\"thumbnailUrl\":\"https:\/\/radiolifefm.com.br\/noticias\/wp-content\/uploads\/2021\/10\/cap.jpg\",\"articleSection\":[\"Adamantina\"],\"inLanguage\":\"pt-BR\"},{\"@type\":\"WebPage\",\"@id\":\"https:\/\/radiolifefm.com.br\/noticias\/rejeitos-de-origem-animal-para-processamento-caem-de-caminhao-nas-ruas-de-adamantina\/\",\"url\":\"https:\/\/radiolifefm.com.br\/noticias\/rejeitos-de-origem-animal-para-processamento-caem-de-caminhao-nas-ruas-de-adamantina\/\",\"name\":\"Rejeitos de origem animal para processamento caem de caminh\u00e3o nas ruas de Adamantina - R\u00e1dio Life FM\",\"isPartOf\":{\"@id\":\"https:\/\/radiolifefm.com.br\/noticias\/#website\"},\"primaryImageOfPage\":{\"@id\":\"https:\/\/radiolifefm.com.br\/noticias\/rejeitos-de-origem-animal-para-processamento-caem-de-caminhao-nas-ruas-de-adamantina\/#primaryimage\"},\"image\":{\"@id\":\"https:\/\/radiolifefm.com.br\/noticias\/rejeitos-de-origem-animal-para-processamento-caem-de-caminhao-nas-ruas-de-adamantina\/#primaryimage\"},\"thumbnailUrl\":\"https:\/\/radiolifefm.com.br\/noticias\/wp-content\/uploads\/2021\/10\/cap.jpg\",\"datePublished\":\"2021-10-23T13:26:36+00:00\",\"dateModified\":\"2026-03-29T01:58:00+00:00\",\"breadcrumb\":{\"@id\":\"https:\/\/radiolifefm.com.br\/noticias\/rejeitos-de-origem-animal-para-processamento-caem-de-caminhao-nas-ruas-de-adamantina\/#breadcrumb\"},\"inLanguage\":\"pt-BR\",\"potentialAction\":[{\"@type\":\"ReadAction\",\"target\":[\"https:\/\/radiolifefm.com.br\/noticias\/rejeitos-de-origem-animal-para-processamento-caem-de-caminhao-nas-ruas-de-adamantina\/\"]}]},{\"@type\":\"ImageObject\",\"inLanguage\":\"pt-BR\",\"@id\":\"https:\/\/radiolifefm.com.br\/noticias\/rejeitos-de-origem-animal-para-processamento-caem-de-caminhao-nas-ruas-de-adamantina\/#primaryimage\",\"url\":\"https:\/\/radiolifefm.com.br\/noticias\/wp-content\/uploads\/2021\/10\/cap.jpg\",\"contentUrl\":\"https:\/\/radiolifefm.com.br\/noticias\/wp-content\/uploads\/2021\/10\/cap.jpg\",\"width\":600,\"height\":337,\"caption\":\"Materiais foram vistos em um trecho de 3km de ruas, da Via de Acesso \u00e0 Avenida da Saudade.\"},{\"@type\":\"BreadcrumbList\",\"@id\":\"https:\/\/radiolifefm.com.br\/noticias\/rejeitos-de-origem-animal-para-processamento-caem-de-caminhao-nas-ruas-de-adamantina\/#breadcrumb\",\"itemListElement\":[{\"@type\":\"ListItem\",\"position\":1,\"name\":\"In\u00edcio\",\"item\":\"https:\/\/radiolifefm.com.br\/noticias\/\"},{\"@type\":\"ListItem\",\"position\":2,\"name\":\"Rejeitos de origem animal para processamento caem de caminh\u00e3o nas ruas de Adamantina\"}]},{\"@type\":\"WebSite\",\"@id\":\"https:\/\/radiolifefm.com.br\/noticias\/#website\",\"url\":\"https:\/\/radiolifefm.com.br\/noticias\/\",\"name\":\"R\u00e1dio Life FM\",\"description\":\"O Portal de Not\u00edcias de Adamantina\",\"publisher\":{\"@id\":\"https:\/\/radiolifefm.com.br\/noticias\/#organization\"},\"alternateName\":\"Life FM\",\"potentialAction\":[{\"@type\":\"SearchAction\",\"target\":{\"@type\":\"EntryPoint\",\"urlTemplate\":\"https:\/\/radiolifefm.com.br\/noticias\/?s={search_term_string}\"},\"query-input\":{\"@type\":\"PropertyValueSpecification\",\"valueRequired\":true,\"valueName\":\"search_term_string\"}}],\"inLanguage\":\"pt-BR\"},{\"@type\":\"Organization\",\"@id\":\"https:\/\/radiolifefm.com.br\/noticias\/#organization\",\"name\":\"R\u00e1dio Life FM\",\"alternateName\":\"Life FM\",\"url\":\"https:\/\/radiolifefm.com.br\/noticias\/\",\"logo\":{\"@type\":\"ImageObject\",\"inLanguage\":\"pt-BR\",\"@id\":\"https:\/\/radiolifefm.com.br\/noticias\/#\/schema\/logo\/image\/\",\"url\":\"https:\/\/static.radiolifefm.com.br\/noticias\/wp-content\/uploads\/2019\/10\/logo-lifefm.png\",\"contentUrl\":\"https:\/\/static.radiolifefm.com.br\/noticias\/wp-content\/uploads\/2019\/10\/logo-lifefm.png\",\"width\":196,\"height\":47,\"caption\":\"R\u00e1dio Life FM\"},\"image\":{\"@id\":\"https:\/\/radiolifefm.com.br\/noticias\/#\/schema\/logo\/image\/\"},\"sameAs\":[\"https:\/\/www.facebook.com\/radiolifefm\/\",\"https:\/\/www.instagram.com\/life1079fm\/\"]},{\"@type\":\"Person\",\"@id\":\"https:\/\/radiolifefm.com.br\/noticias\/#\/schema\/person\/6339b9fac59d12b071dec680d7375d87\",\"name\":\"ritanery\",\"image\":{\"@type\":\"ImageObject\",\"inLanguage\":\"pt-BR\",\"@id\":\"https:\/\/secure.gravatar.com\/avatar\/0e37bb19071f47c0b8a23f62a903df117c5a0e75f65a0c2901562f97cd41cf86?s=96&d=mm&r=g\",\"url\":\"https:\/\/secure.gravatar.com\/avatar\/0e37bb19071f47c0b8a23f62a903df117c5a0e75f65a0c2901562f97cd41cf86?s=96&d=mm&r=g\",\"contentUrl\":\"https:\/\/secure.gravatar.com\/avatar\/0e37bb19071f47c0b8a23f62a903df117c5a0e75f65a0c2901562f97cd41cf86?s=96&d=mm&r=g\",\"caption\":\"ritanery\"}}]}<\/script>\n<!-- \/ Yoast SEO plugin. -->","yoast_head_json":{"title":"Rejeitos de origem animal para processamento caem de caminh\u00e3o nas ruas de Adamantina - R\u00e1dio Life FM","robots":{"index":"index","follow":"follow","max-snippet":"max-snippet:-1","max-image-preview":"max-image-preview:large","max-video-preview":"max-video-preview:-1"},"canonical":"https:\/\/radiolifefm.com.br\/noticias\/rejeitos-de-origem-animal-para-processamento-caem-de-caminhao-nas-ruas-de-adamantina\/","og_locale":"pt_BR","og_type":"article","og_title":"Rejeitos de origem animal para processamento caem de caminh\u00e3o nas ruas de Adamantina - R\u00e1dio Life FM","og_description":"Adamantina amanheceu neste s\u00e1bado (23) com diversas ruas da cidade sujas com rejeitos animais originados de a\u00e7ougues e\/ou abatedouros, que teriam ca\u00eddo acidentalmente de caminh\u00e3o de transporte em dire\u00e7\u00e3o a uma ind\u00fastria local. Os materiais foram vistos em um trecho de tr\u00eas quil\u00f4metros, a partir da Avenida Marechal Castelo Branco\/Via de Acesso (regi\u00e3o do Gin\u00e1sio [&hellip;]","og_url":"https:\/\/radiolifefm.com.br\/noticias\/rejeitos-de-origem-animal-para-processamento-caem-de-caminhao-nas-ruas-de-adamantina\/","og_site_name":"R\u00e1dio Life FM","article_publisher":"https:\/\/www.facebook.com\/radiolifefm\/","article_published_time":"2021-10-23T13:26:36+00:00","article_modified_time":"2026-03-29T01:58:00+00:00","og_image":[{"width":600,"height":337,"url":"https:\/\/radiolifefm.com.br\/noticias\/wp-content\/uploads\/2021\/10\/cap.jpg","type":"image\/jpeg"}],"author":"ritanery","twitter_card":"summary_large_image","twitter_misc":{"Escrito por":"ritanery","Est. tempo de leitura":"2 minutos"},"schema":{"@context":"https:\/\/schema.org","@graph":[{"@type":"Article","@id":"https:\/\/radiolifefm.com.br\/noticias\/rejeitos-de-origem-animal-para-processamento-caem-de-caminhao-nas-ruas-de-adamantina\/#article","isPartOf":{"@id":"https:\/\/radiolifefm.com.br\/noticias\/rejeitos-de-origem-animal-para-processamento-caem-de-caminhao-nas-ruas-de-adamantina\/"},"author":{"name":"ritanery","@id":"https:\/\/radiolifefm.com.br\/noticias\/#\/schema\/person\/6339b9fac59d12b071dec680d7375d87"},"headline":"Rejeitos de origem animal para processamento caem de caminh\u00e3o nas ruas de Adamantina","datePublished":"2021-10-23T13:26:36+00:00","dateModified":"2026-03-29T01:58:00+00:00","mainEntityOfPage":{"@id":"https:\/\/radiolifefm.com.br\/noticias\/rejeitos-de-origem-animal-para-processamento-caem-de-caminhao-nas-ruas-de-adamantina\/"},"wordCount":449,"publisher":{"@id":"https:\/\/radiolifefm.com.br\/noticias\/#organization"},"image":{"@id":"https:\/\/radiolifefm.com.br\/noticias\/rejeitos-de-origem-animal-para-processamento-caem-de-caminhao-nas-ruas-de-adamantina\/#primaryimage"},"thumbnailUrl":"https:\/\/radiolifefm.com.br\/noticias\/wp-content\/uploads\/2021\/10\/cap.jpg","articleSection":["Adamantina"],"inLanguage":"pt-BR"},{"@type":"WebPage","@id":"https:\/\/radiolifefm.com.br\/noticias\/rejeitos-de-origem-animal-para-processamento-caem-de-caminhao-nas-ruas-de-adamantina\/","url":"https:\/\/radiolifefm.com.br\/noticias\/rejeitos-de-origem-animal-para-processamento-caem-de-caminhao-nas-ruas-de-adamantina\/","name":"Rejeitos de origem animal para processamento caem de caminh\u00e3o nas ruas de Adamantina - R\u00e1dio Life FM","isPartOf":{"@id":"https:\/\/radiolifefm.com.br\/noticias\/#website"},"primaryImageOfPage":{"@id":"https:\/\/radiolifefm.com.br\/noticias\/rejeitos-de-origem-animal-para-processamento-caem-de-caminhao-nas-ruas-de-adamantina\/#primaryimage"},"image":{"@id":"https:\/\/radiolifefm.com.br\/noticias\/rejeitos-de-origem-animal-para-processamento-caem-de-caminhao-nas-ruas-de-adamantina\/#primaryimage"},"thumbnailUrl":"https:\/\/radiolifefm.com.br\/noticias\/wp-content\/uploads\/2021\/10\/cap.jpg","datePublished":"2021-10-23T13:26:36+00:00","dateModified":"2026-03-29T01:58:00+00:00","breadcrumb":{"@id":"https:\/\/radiolifefm.com.br\/noticias\/rejeitos-de-origem-animal-para-processamento-caem-de-caminhao-nas-ruas-de-adamantina\/#breadcrumb"},"inLanguage":"pt-BR","potentialAction":[{"@type":"ReadAction","target":["https:\/\/radiolifefm.com.br\/noticias\/rejeitos-de-origem-animal-para-processamento-caem-de-caminhao-nas-ruas-de-adamantina\/"]}]},{"@type":"ImageObject","inLanguage":"pt-BR","@id":"https:\/\/radiolifefm.com.br\/noticias\/rejeitos-de-origem-animal-para-processamento-caem-de-caminhao-nas-ruas-de-adamantina\/#primaryimage","url":"https:\/\/radiolifefm.com.br\/noticias\/wp-content\/uploads\/2021\/10\/cap.jpg","contentUrl":"https:\/\/radiolifefm.com.br\/noticias\/wp-content\/uploads\/2021\/10\/cap.jpg","width":600,"height":337,"caption":"Materiais foram vistos em um trecho de 3km de ruas, da Via de Acesso \u00e0 Avenida da Saudade."},{"@type":"BreadcrumbList","@id":"https:\/\/radiolifefm.com.br\/noticias\/rejeitos-de-origem-animal-para-processamento-caem-de-caminhao-nas-ruas-de-adamantina\/#breadcrumb","itemListElement":[{"@type":"ListItem","position":1,"name":"In\u00edcio","item":"https:\/\/radiolifefm.com.br\/noticias\/"},{"@type":"ListItem","position":2,"name":"Rejeitos de origem animal para processamento caem de caminh\u00e3o nas ruas de Adamantina"}]},{"@type":"WebSite","@id":"https:\/\/radiolifefm.com.br\/noticias\/#website","url":"https:\/\/radiolifefm.com.br\/noticias\/","name":"R\u00e1dio Life FM","description":"O Portal de Not\u00edcias de Adamantina","publisher":{"@id":"https:\/\/radiolifefm.com.br\/noticias\/#organization"},"alternateName":"Life FM","potentialAction":[{"@type":"SearchAction","target":{"@type":"EntryPoint","urlTemplate":"https:\/\/radiolifefm.com.br\/noticias\/?s={search_term_string}"},"query-input":{"@type":"PropertyValueSpecification","valueRequired":true,"valueName":"search_term_string"}}],"inLanguage":"pt-BR"},{"@type":"Organization","@id":"https:\/\/radiolifefm.com.br\/noticias\/#organization","name":"R\u00e1dio Life FM","alternateName":"Life FM","url":"https:\/\/radiolifefm.com.br\/noticias\/","logo":{"@type":"ImageObject","inLanguage":"pt-BR","@id":"https:\/\/radiolifefm.com.br\/noticias\/#\/schema\/logo\/image\/","url":"https:\/\/static.radiolifefm.com.br\/noticias\/wp-content\/uploads\/2019\/10\/logo-lifefm.png","contentUrl":"https:\/\/static.radiolifefm.com.br\/noticias\/wp-content\/uploads\/2019\/10\/logo-lifefm.png","width":196,"height":47,"caption":"R\u00e1dio Life FM"},"image":{"@id":"https:\/\/radiolifefm.com.br\/noticias\/#\/schema\/logo\/image\/"},"sameAs":["https:\/\/www.facebook.com\/radiolifefm\/","https:\/\/www.instagram.com\/life1079fm\/"]},{"@type":"Person","@id":"https:\/\/radiolifefm.com.br\/noticias\/#\/schema\/person\/6339b9fac59d12b071dec680d7375d87","name":"ritanery","image":{"@type":"ImageObject","inLanguage":"pt-BR","@id":"https:\/\/secure.gravatar.com\/avatar\/0e37bb19071f47c0b8a23f62a903df117c5a0e75f65a0c2901562f97cd41cf86?s=96&d=mm&r=g","url":"https:\/\/secure.gravatar.com\/avatar\/0e37bb19071f47c0b8a23f62a903df117c5a0e75f65a0c2901562f97cd41cf86?s=96&d=mm&r=g","contentUrl":"https:\/\/secure.gravatar.com\/avatar\/0e37bb19071f47c0b8a23f62a903df117c5a0e75f65a0c2901562f97cd41cf86?s=96&d=mm&r=g","caption":"ritanery"}}]}},"amp_enabled":true,"_links":{"self":[{"href":"https:\/\/radiolifefm.com.br\/noticias\/wp-json\/wp\/v2\/posts\/44593","targetHints":{"allow":["GET"]}}],"collection":[{"href":"https:\/\/radiolifefm.com.br\/noticias\/wp-json\/wp\/v2\/posts"}],"about":[{"href":"https:\/\/radiolifefm.com.br\/noticias\/wp-json\/wp\/v2\/types\/post"}],"author":[{"embeddable":true,"href":"https:\/\/radiolifefm.com.br\/noticias\/wp-json\/wp\/v2\/users\/13"}],"replies":[{"embeddable":true,"href":"https:\/\/radiolifefm.com.br\/noticias\/wp-json\/wp\/v2\/comments?post=44593"}],"version-history":[{"count":2,"href":"https:\/\/radiolifefm.com.br\/noticias\/wp-json\/wp\/v2\/posts\/44593\/revisions"}],"predecessor-version":[{"id":44604,"href":"https:\/\/radiolifefm.com.br\/noticias\/wp-json\/wp\/v2\/posts\/44593\/revisions\/44604"}],"wp:featuredmedia":[{"embeddable":true,"href":"https:\/\/radiolifefm.com.br\/noticias\/wp-json\/wp\/v2\/media\/44594"}],"wp:attachment":[{"href":"https:\/\/radiolifefm.com.br\/noticias\/wp-json\/wp\/v2\/media?parent=44593"}],"wp:term":[{"taxonomy":"category","embeddable":true,"href":"https:\/\/radiolifefm.com.br\/noticias\/wp-json\/wp\/v2\/categories?post=44593"},{"taxonomy":"post_tag","embeddable":true,"href":"https:\/\/radiolifefm.com.br\/noticias\/wp-json\/wp\/v2\/tags?post=44593"}],"curies":[{"name":"wp","href":"https:\/\/api.w.org\/{rel}","templated":true}]}}