{"id":44491,"date":"2021-10-21T14:13:27","date_gmt":"2021-10-21T17:13:27","guid":{"rendered":"https:\/\/radiolifefm.com.br\/noticias\/?p=44491"},"modified":"2026-04-17T21:29:11","modified_gmt":"2026-04-18T00:29:11","slug":"tiro-de-guerra-de-adamantina-passa-por-inspecao","status":"publish","type":"post","link":"https:\/\/radiolifefm.com.br\/noticias\/tiro-de-guerra-de-adamantina-passa-por-inspecao\/","title":{"rendered":"Tiro de Guerra de Adamantina passa por inspe\u00e7\u00e3o"},"content":{"rendered":"<div id=\"fb-root\"><\/div>\n<p>Na manh\u00e3 de ontem (20), o Tiro de Guerra de Adamantina 02080 foi submetido a inspe\u00e7\u00e3o realizada pelo Major M\u00e1rio Henrique Madureira.<\/p>\n<p>&nbsp;<\/p>\n<p>A vice-prefeita Maria de Lourdes Santos Gil e o secret\u00e1rio de administra\u00e7\u00e3o, Evandro Pereira de Souza recepcionaram o Major, representando o prefeito M\u00e1rcio Cardim que cumpre agenda em Bras\u00edlia.<\/p>\n<p>&nbsp;<\/p>\n<p>A inspe\u00e7\u00e3o acontece uma vez por ano e de acordo com o secret\u00e1rio de administra\u00e7\u00e3o, o Major M\u00e1rio Henrique Madureira elogiou a tropa, o Tiro de Guerra e as instala\u00e7\u00f5es.<\/p>\n<p>&nbsp;<\/p>\n<p>\u201cAo longo do ano, conseguimos promover pequenas reformas no pr\u00e9dio. Trocamos o telhado, a reforma da casa de armas e fizemos a pintura interna. Agora, segue em execu\u00e7\u00e3o a pintura externa. Tudo isso no sentido de oferecer a melhor estadia para os atiradores no per\u00edodo que eles servem ao Tiro de Guerra\u201d, comenta o secret\u00e1rio.<\/p>\n<p>&nbsp;<\/p>\n<p>&nbsp;<\/p>\n<p>Fonte: Assessoria de Imprensa<\/p>\n","protected":false},"excerpt":{"rendered":"<p>Na manh\u00e3 de ontem (20), o Tiro de Guerra de Adamantina 02080 foi submetido a inspe\u00e7\u00e3o realizada pelo Major M\u00e1rio Henrique Madureira. &nbsp; A vice-prefeita Maria de Lourdes Santos Gil e o secret\u00e1rio de administra\u00e7\u00e3o, Evandro Pereira de Souza recepcionaram o Major, representando o prefeito M\u00e1rcio Cardim que cumpre agenda em Bras\u00edlia. &nbsp; A inspe\u00e7\u00e3o [&hellip;]<\/p>\n","protected":false},"author":13,"featured_media":44492,"comment_status":"closed","ping_status":"open","sticky":false,"template":"","format":"standard","meta":{"_acf_changed":false,"_exactmetrics_skip_tracking":false,"_exactmetrics_sitenote_active":false,"_exactmetrics_sitenote_note":"","_exactmetrics_sitenote_category":0,"footnotes":""},"categories":[21],"tags":[],"class_list":["post-44491","post","type-post","status-publish","format-standard","has-post-thumbnail","hentry","category-adamantina"],"acf":[],"yoast_head":"<!-- This site is optimized with the Yoast SEO plugin v27.2 - https:\/\/yoast.com\/product\/yoast-seo-wordpress\/ -->\n<title>Tiro de Guerra de Adamantina passa por inspe\u00e7\u00e3o - R\u00e1dio Life FM<\/title>\n<meta name=\"robots\" content=\"index, follow, max-snippet:-1, max-image-preview:large, max-video-preview:-1\" \/>\n<link rel=\"canonical\" href=\"https:\/\/radiolifefm.com.br\/noticias\/tiro-de-guerra-de-adamantina-passa-por-inspecao\/\" \/>\n<meta property=\"og:locale\" content=\"pt_BR\" \/>\n<meta property=\"og:type\" content=\"article\" \/>\n<meta property=\"og:title\" content=\"Tiro de Guerra de Adamantina passa por inspe\u00e7\u00e3o - R\u00e1dio Life FM\" \/>\n<meta property=\"og:description\" content=\"Na manh\u00e3 de ontem (20), o Tiro de Guerra de Adamantina 02080 foi submetido a inspe\u00e7\u00e3o realizada pelo Major M\u00e1rio Henrique Madureira. &nbsp; A vice-prefeita Maria de Lourdes Santos Gil e o secret\u00e1rio de administra\u00e7\u00e3o, Evandro Pereira de Souza recepcionaram o Major, representando o prefeito M\u00e1rcio Cardim que cumpre agenda em Bras\u00edlia. &nbsp; A inspe\u00e7\u00e3o [&hellip;]\" \/>\n<meta property=\"og:url\" content=\"https:\/\/radiolifefm.com.br\/noticias\/tiro-de-guerra-de-adamantina-passa-por-inspecao\/\" \/>\n<meta property=\"og:site_name\" content=\"R\u00e1dio Life FM\" \/>\n<meta property=\"article:publisher\" content=\"https:\/\/www.facebook.com\/radiolifefm\/\" \/>\n<meta property=\"article:published_time\" content=\"2021-10-21T17:13:27+00:00\" \/>\n<meta property=\"article:modified_time\" content=\"2026-04-18T00:29:11+00:00\" \/>\n<meta property=\"og:image\" content=\"https:\/\/radiolifefm.com.br\/noticias\/wp-content\/uploads\/2021\/10\/foto-6.jpeg\" \/>\n\t<meta property=\"og:image:width\" content=\"1187\" \/>\n\t<meta property=\"og:image:height\" content=\"715\" \/>\n\t<meta property=\"og:image:type\" content=\"image\/jpeg\" \/>\n<meta name=\"author\" content=\"ritanery\" \/>\n<meta name=\"twitter:card\" content=\"summary_large_image\" \/>\n<meta name=\"twitter:label1\" content=\"Escrito por\" \/>\n\t<meta name=\"twitter:data1\" content=\"ritanery\" \/>\n\t<meta name=\"twitter:label2\" content=\"Est. tempo de leitura\" \/>\n\t<meta name=\"twitter:data2\" content=\"1 minuto\" \/>\n<script type=\"application\/ld+json\" class=\"yoast-schema-graph\">{\"@context\":\"https:\/\/schema.org\",\"@graph\":[{\"@type\":\"Article\",\"@id\":\"https:\/\/radiolifefm.com.br\/noticias\/tiro-de-guerra-de-adamantina-passa-por-inspecao\/#article\",\"isPartOf\":{\"@id\":\"https:\/\/radiolifefm.com.br\/noticias\/tiro-de-guerra-de-adamantina-passa-por-inspecao\/\"},\"author\":{\"name\":\"ritanery\",\"@id\":\"https:\/\/radiolifefm.com.br\/noticias\/#\/schema\/person\/6339b9fac59d12b071dec680d7375d87\"},\"headline\":\"Tiro de Guerra de Adamantina passa por inspe\u00e7\u00e3o\",\"datePublished\":\"2021-10-21T17:13:27+00:00\",\"dateModified\":\"2026-04-18T00:29:11+00:00\",\"mainEntityOfPage\":{\"@id\":\"https:\/\/radiolifefm.com.br\/noticias\/tiro-de-guerra-de-adamantina-passa-por-inspecao\/\"},\"wordCount\":167,\"publisher\":{\"@id\":\"https:\/\/radiolifefm.com.br\/noticias\/#organization\"},\"image\":{\"@id\":\"https:\/\/radiolifefm.com.br\/noticias\/tiro-de-guerra-de-adamantina-passa-por-inspecao\/#primaryimage\"},\"thumbnailUrl\":\"https:\/\/radiolifefm.com.br\/noticias\/wp-content\/uploads\/2021\/10\/foto-6.jpeg\",\"articleSection\":[\"Adamantina\"],\"inLanguage\":\"pt-BR\"},{\"@type\":\"WebPage\",\"@id\":\"https:\/\/radiolifefm.com.br\/noticias\/tiro-de-guerra-de-adamantina-passa-por-inspecao\/\",\"url\":\"https:\/\/radiolifefm.com.br\/noticias\/tiro-de-guerra-de-adamantina-passa-por-inspecao\/\",\"name\":\"Tiro de Guerra de Adamantina passa por inspe\u00e7\u00e3o - R\u00e1dio Life FM\",\"isPartOf\":{\"@id\":\"https:\/\/radiolifefm.com.br\/noticias\/#website\"},\"primaryImageOfPage\":{\"@id\":\"https:\/\/radiolifefm.com.br\/noticias\/tiro-de-guerra-de-adamantina-passa-por-inspecao\/#primaryimage\"},\"image\":{\"@id\":\"https:\/\/radiolifefm.com.br\/noticias\/tiro-de-guerra-de-adamantina-passa-por-inspecao\/#primaryimage\"},\"thumbnailUrl\":\"https:\/\/radiolifefm.com.br\/noticias\/wp-content\/uploads\/2021\/10\/foto-6.jpeg\",\"datePublished\":\"2021-10-21T17:13:27+00:00\",\"dateModified\":\"2026-04-18T00:29:11+00:00\",\"breadcrumb\":{\"@id\":\"https:\/\/radiolifefm.com.br\/noticias\/tiro-de-guerra-de-adamantina-passa-por-inspecao\/#breadcrumb\"},\"inLanguage\":\"pt-BR\",\"potentialAction\":[{\"@type\":\"ReadAction\",\"target\":[\"https:\/\/radiolifefm.com.br\/noticias\/tiro-de-guerra-de-adamantina-passa-por-inspecao\/\"]}]},{\"@type\":\"ImageObject\",\"inLanguage\":\"pt-BR\",\"@id\":\"https:\/\/radiolifefm.com.br\/noticias\/tiro-de-guerra-de-adamantina-passa-por-inspecao\/#primaryimage\",\"url\":\"https:\/\/radiolifefm.com.br\/noticias\/wp-content\/uploads\/2021\/10\/foto-6.jpeg\",\"contentUrl\":\"https:\/\/radiolifefm.com.br\/noticias\/wp-content\/uploads\/2021\/10\/foto-6.jpeg\",\"width\":1187,\"height\":715},{\"@type\":\"BreadcrumbList\",\"@id\":\"https:\/\/radiolifefm.com.br\/noticias\/tiro-de-guerra-de-adamantina-passa-por-inspecao\/#breadcrumb\",\"itemListElement\":[{\"@type\":\"ListItem\",\"position\":1,\"name\":\"In\u00edcio\",\"item\":\"https:\/\/radiolifefm.com.br\/noticias\/\"},{\"@type\":\"ListItem\",\"position\":2,\"name\":\"Tiro de Guerra de Adamantina passa por inspe\u00e7\u00e3o\"}]},{\"@type\":\"WebSite\",\"@id\":\"https:\/\/radiolifefm.com.br\/noticias\/#website\",\"url\":\"https:\/\/radiolifefm.com.br\/noticias\/\",\"name\":\"R\u00e1dio Life FM\",\"description\":\"O Portal de Not\u00edcias de Adamantina\",\"publisher\":{\"@id\":\"https:\/\/radiolifefm.com.br\/noticias\/#organization\"},\"alternateName\":\"Life FM\",\"potentialAction\":[{\"@type\":\"SearchAction\",\"target\":{\"@type\":\"EntryPoint\",\"urlTemplate\":\"https:\/\/radiolifefm.com.br\/noticias\/?s={search_term_string}\"},\"query-input\":{\"@type\":\"PropertyValueSpecification\",\"valueRequired\":true,\"valueName\":\"search_term_string\"}}],\"inLanguage\":\"pt-BR\"},{\"@type\":\"Organization\",\"@id\":\"https:\/\/radiolifefm.com.br\/noticias\/#organization\",\"name\":\"R\u00e1dio Life FM\",\"alternateName\":\"Life FM\",\"url\":\"https:\/\/radiolifefm.com.br\/noticias\/\",\"logo\":{\"@type\":\"ImageObject\",\"inLanguage\":\"pt-BR\",\"@id\":\"https:\/\/radiolifefm.com.br\/noticias\/#\/schema\/logo\/image\/\",\"url\":\"https:\/\/static.radiolifefm.com.br\/noticias\/wp-content\/uploads\/2019\/10\/logo-lifefm.png\",\"contentUrl\":\"https:\/\/static.radiolifefm.com.br\/noticias\/wp-content\/uploads\/2019\/10\/logo-lifefm.png\",\"width\":196,\"height\":47,\"caption\":\"R\u00e1dio Life FM\"},\"image\":{\"@id\":\"https:\/\/radiolifefm.com.br\/noticias\/#\/schema\/logo\/image\/\"},\"sameAs\":[\"https:\/\/www.facebook.com\/radiolifefm\/\",\"https:\/\/www.instagram.com\/life1079fm\/\"]},{\"@type\":\"Person\",\"@id\":\"https:\/\/radiolifefm.com.br\/noticias\/#\/schema\/person\/6339b9fac59d12b071dec680d7375d87\",\"name\":\"ritanery\",\"image\":{\"@type\":\"ImageObject\",\"inLanguage\":\"pt-BR\",\"@id\":\"https:\/\/secure.gravatar.com\/avatar\/0e37bb19071f47c0b8a23f62a903df117c5a0e75f65a0c2901562f97cd41cf86?s=96&d=mm&r=g\",\"url\":\"https:\/\/secure.gravatar.com\/avatar\/0e37bb19071f47c0b8a23f62a903df117c5a0e75f65a0c2901562f97cd41cf86?s=96&d=mm&r=g\",\"contentUrl\":\"https:\/\/secure.gravatar.com\/avatar\/0e37bb19071f47c0b8a23f62a903df117c5a0e75f65a0c2901562f97cd41cf86?s=96&d=mm&r=g\",\"caption\":\"ritanery\"}}]}<\/script>\n<!-- \/ Yoast SEO plugin. -->","yoast_head_json":{"title":"Tiro de Guerra de Adamantina passa por inspe\u00e7\u00e3o - R\u00e1dio Life FM","robots":{"index":"index","follow":"follow","max-snippet":"max-snippet:-1","max-image-preview":"max-image-preview:large","max-video-preview":"max-video-preview:-1"},"canonical":"https:\/\/radiolifefm.com.br\/noticias\/tiro-de-guerra-de-adamantina-passa-por-inspecao\/","og_locale":"pt_BR","og_type":"article","og_title":"Tiro de Guerra de Adamantina passa por inspe\u00e7\u00e3o - R\u00e1dio Life FM","og_description":"Na manh\u00e3 de ontem (20), o Tiro de Guerra de Adamantina 02080 foi submetido a inspe\u00e7\u00e3o realizada pelo Major M\u00e1rio Henrique Madureira. &nbsp; A vice-prefeita Maria de Lourdes Santos Gil e o secret\u00e1rio de administra\u00e7\u00e3o, Evandro Pereira de Souza recepcionaram o Major, representando o prefeito M\u00e1rcio Cardim que cumpre agenda em Bras\u00edlia. &nbsp; A inspe\u00e7\u00e3o [&hellip;]","og_url":"https:\/\/radiolifefm.com.br\/noticias\/tiro-de-guerra-de-adamantina-passa-por-inspecao\/","og_site_name":"R\u00e1dio Life FM","article_publisher":"https:\/\/www.facebook.com\/radiolifefm\/","article_published_time":"2021-10-21T17:13:27+00:00","article_modified_time":"2026-04-18T00:29:11+00:00","og_image":[{"width":1187,"height":715,"url":"https:\/\/radiolifefm.com.br\/noticias\/wp-content\/uploads\/2021\/10\/foto-6.jpeg","type":"image\/jpeg"}],"author":"ritanery","twitter_card":"summary_large_image","twitter_misc":{"Escrito por":"ritanery","Est. tempo de leitura":"1 minuto"},"schema":{"@context":"https:\/\/schema.org","@graph":[{"@type":"Article","@id":"https:\/\/radiolifefm.com.br\/noticias\/tiro-de-guerra-de-adamantina-passa-por-inspecao\/#article","isPartOf":{"@id":"https:\/\/radiolifefm.com.br\/noticias\/tiro-de-guerra-de-adamantina-passa-por-inspecao\/"},"author":{"name":"ritanery","@id":"https:\/\/radiolifefm.com.br\/noticias\/#\/schema\/person\/6339b9fac59d12b071dec680d7375d87"},"headline":"Tiro de Guerra de Adamantina passa por inspe\u00e7\u00e3o","datePublished":"2021-10-21T17:13:27+00:00","dateModified":"2026-04-18T00:29:11+00:00","mainEntityOfPage":{"@id":"https:\/\/radiolifefm.com.br\/noticias\/tiro-de-guerra-de-adamantina-passa-por-inspecao\/"},"wordCount":167,"publisher":{"@id":"https:\/\/radiolifefm.com.br\/noticias\/#organization"},"image":{"@id":"https:\/\/radiolifefm.com.br\/noticias\/tiro-de-guerra-de-adamantina-passa-por-inspecao\/#primaryimage"},"thumbnailUrl":"https:\/\/radiolifefm.com.br\/noticias\/wp-content\/uploads\/2021\/10\/foto-6.jpeg","articleSection":["Adamantina"],"inLanguage":"pt-BR"},{"@type":"WebPage","@id":"https:\/\/radiolifefm.com.br\/noticias\/tiro-de-guerra-de-adamantina-passa-por-inspecao\/","url":"https:\/\/radiolifefm.com.br\/noticias\/tiro-de-guerra-de-adamantina-passa-por-inspecao\/","name":"Tiro de Guerra de Adamantina passa por inspe\u00e7\u00e3o - R\u00e1dio Life FM","isPartOf":{"@id":"https:\/\/radiolifefm.com.br\/noticias\/#website"},"primaryImageOfPage":{"@id":"https:\/\/radiolifefm.com.br\/noticias\/tiro-de-guerra-de-adamantina-passa-por-inspecao\/#primaryimage"},"image":{"@id":"https:\/\/radiolifefm.com.br\/noticias\/tiro-de-guerra-de-adamantina-passa-por-inspecao\/#primaryimage"},"thumbnailUrl":"https:\/\/radiolifefm.com.br\/noticias\/wp-content\/uploads\/2021\/10\/foto-6.jpeg","datePublished":"2021-10-21T17:13:27+00:00","dateModified":"2026-04-18T00:29:11+00:00","breadcrumb":{"@id":"https:\/\/radiolifefm.com.br\/noticias\/tiro-de-guerra-de-adamantina-passa-por-inspecao\/#breadcrumb"},"inLanguage":"pt-BR","potentialAction":[{"@type":"ReadAction","target":["https:\/\/radiolifefm.com.br\/noticias\/tiro-de-guerra-de-adamantina-passa-por-inspecao\/"]}]},{"@type":"ImageObject","inLanguage":"pt-BR","@id":"https:\/\/radiolifefm.com.br\/noticias\/tiro-de-guerra-de-adamantina-passa-por-inspecao\/#primaryimage","url":"https:\/\/radiolifefm.com.br\/noticias\/wp-content\/uploads\/2021\/10\/foto-6.jpeg","contentUrl":"https:\/\/radiolifefm.com.br\/noticias\/wp-content\/uploads\/2021\/10\/foto-6.jpeg","width":1187,"height":715},{"@type":"BreadcrumbList","@id":"https:\/\/radiolifefm.com.br\/noticias\/tiro-de-guerra-de-adamantina-passa-por-inspecao\/#breadcrumb","itemListElement":[{"@type":"ListItem","position":1,"name":"In\u00edcio","item":"https:\/\/radiolifefm.com.br\/noticias\/"},{"@type":"ListItem","position":2,"name":"Tiro de Guerra de Adamantina passa por inspe\u00e7\u00e3o"}]},{"@type":"WebSite","@id":"https:\/\/radiolifefm.com.br\/noticias\/#website","url":"https:\/\/radiolifefm.com.br\/noticias\/","name":"R\u00e1dio Life FM","description":"O Portal de Not\u00edcias de Adamantina","publisher":{"@id":"https:\/\/radiolifefm.com.br\/noticias\/#organization"},"alternateName":"Life FM","potentialAction":[{"@type":"SearchAction","target":{"@type":"EntryPoint","urlTemplate":"https:\/\/radiolifefm.com.br\/noticias\/?s={search_term_string}"},"query-input":{"@type":"PropertyValueSpecification","valueRequired":true,"valueName":"search_term_string"}}],"inLanguage":"pt-BR"},{"@type":"Organization","@id":"https:\/\/radiolifefm.com.br\/noticias\/#organization","name":"R\u00e1dio Life FM","alternateName":"Life FM","url":"https:\/\/radiolifefm.com.br\/noticias\/","logo":{"@type":"ImageObject","inLanguage":"pt-BR","@id":"https:\/\/radiolifefm.com.br\/noticias\/#\/schema\/logo\/image\/","url":"https:\/\/static.radiolifefm.com.br\/noticias\/wp-content\/uploads\/2019\/10\/logo-lifefm.png","contentUrl":"https:\/\/static.radiolifefm.com.br\/noticias\/wp-content\/uploads\/2019\/10\/logo-lifefm.png","width":196,"height":47,"caption":"R\u00e1dio Life FM"},"image":{"@id":"https:\/\/radiolifefm.com.br\/noticias\/#\/schema\/logo\/image\/"},"sameAs":["https:\/\/www.facebook.com\/radiolifefm\/","https:\/\/www.instagram.com\/life1079fm\/"]},{"@type":"Person","@id":"https:\/\/radiolifefm.com.br\/noticias\/#\/schema\/person\/6339b9fac59d12b071dec680d7375d87","name":"ritanery","image":{"@type":"ImageObject","inLanguage":"pt-BR","@id":"https:\/\/secure.gravatar.com\/avatar\/0e37bb19071f47c0b8a23f62a903df117c5a0e75f65a0c2901562f97cd41cf86?s=96&d=mm&r=g","url":"https:\/\/secure.gravatar.com\/avatar\/0e37bb19071f47c0b8a23f62a903df117c5a0e75f65a0c2901562f97cd41cf86?s=96&d=mm&r=g","contentUrl":"https:\/\/secure.gravatar.com\/avatar\/0e37bb19071f47c0b8a23f62a903df117c5a0e75f65a0c2901562f97cd41cf86?s=96&d=mm&r=g","caption":"ritanery"}}]}},"amp_enabled":true,"_links":{"self":[{"href":"https:\/\/radiolifefm.com.br\/noticias\/wp-json\/wp\/v2\/posts\/44491","targetHints":{"allow":["GET"]}}],"collection":[{"href":"https:\/\/radiolifefm.com.br\/noticias\/wp-json\/wp\/v2\/posts"}],"about":[{"href":"https:\/\/radiolifefm.com.br\/noticias\/wp-json\/wp\/v2\/types\/post"}],"author":[{"embeddable":true,"href":"https:\/\/radiolifefm.com.br\/noticias\/wp-json\/wp\/v2\/users\/13"}],"replies":[{"embeddable":true,"href":"https:\/\/radiolifefm.com.br\/noticias\/wp-json\/wp\/v2\/comments?post=44491"}],"version-history":[{"count":1,"href":"https:\/\/radiolifefm.com.br\/noticias\/wp-json\/wp\/v2\/posts\/44491\/revisions"}],"predecessor-version":[{"id":44493,"href":"https:\/\/radiolifefm.com.br\/noticias\/wp-json\/wp\/v2\/posts\/44491\/revisions\/44493"}],"wp:featuredmedia":[{"embeddable":true,"href":"https:\/\/radiolifefm.com.br\/noticias\/wp-json\/wp\/v2\/media\/44492"}],"wp:attachment":[{"href":"https:\/\/radiolifefm.com.br\/noticias\/wp-json\/wp\/v2\/media?parent=44491"}],"wp:term":[{"taxonomy":"category","embeddable":true,"href":"https:\/\/radiolifefm.com.br\/noticias\/wp-json\/wp\/v2\/categories?post=44491"},{"taxonomy":"post_tag","embeddable":true,"href":"https:\/\/radiolifefm.com.br\/noticias\/wp-json\/wp\/v2\/tags?post=44491"}],"curies":[{"name":"wp","href":"https:\/\/api.w.org\/{rel}","templated":true}]}}