{"id":44486,"date":"2021-10-21T13:44:33","date_gmt":"2021-10-21T16:44:33","guid":{"rendered":"https:\/\/radiolifefm.com.br\/noticias\/?p=44486"},"modified":"2026-01-26T14:15:11","modified_gmt":"2026-01-26T17:15:11","slug":"programas-federais-sao-apresentados-durante-agenda-em-brasiliaadamantina","status":"publish","type":"post","link":"https:\/\/radiolifefm.com.br\/noticias\/programas-federais-sao-apresentados-durante-agenda-em-brasiliaadamantina\/","title":{"rendered":"Programas federais s\u00e3o apresentados durante agenda em Bras\u00edlia"},"content":{"rendered":"<div id=\"fb-root\"><\/div>\n<p>O prefeito M\u00e1rcio Cardim e a secret\u00e1ria de gabinete, Luciana Pereira participaram ontem(20) de encontro no Minist\u00e9rio da Cidadania com o ministro Jo\u00e3o Roma.<\/p>\n<p>Estiveram presentes os prefeitos da AMNAP e da Unipontal e, ainda, o deputado federal, Gilberto Nascimento.<\/p>\n<p>&nbsp;<\/p>\n<p>Al\u00e9m do ministro, marcaram presen\u00e7a no encontro a secret\u00e1ria nacional de esporte, educa\u00e7\u00e3o, lazer e inclus\u00e3o social, Fab\u00edola Pulga Molina; Robson Tuma, secret\u00e1rio especial de desenvolvimento social; Teresa Am\u00e9lia Arruda Barroso, coordenadora-geral de equipamentos p\u00fablicos da Secretaria Nacional de Inclus\u00e3o Social e Produtiva; Delcimar Silva, secret\u00e1rio nacional de inclus\u00e3o social e produtiva da Secretaria Especial do Desenvolvimento Social; Nat\u00e1lia dos Reis, diretora parlamentar e federativa da secretaria-executiva do Minist\u00e9rio da Cidadania; Diego Ferreira Tonietti, chefe de gabinete da Secretaria Especial do Esporte e M\u00e1rcia P\u00e1dua Viana, coordenadora geral de servi\u00e7os especializados a fam\u00edlias e indiv\u00edduos do departamento de prote\u00e7\u00e3o social especial da Secretaria Nacional de Assist\u00eancia Social.<\/p>\n<p>&nbsp;<\/p>\n<p>Na oportunidade, foram apresentados aos participantes os principais programas da Secretaria Especial de Esporte, da Secretaria Nacional de Inclus\u00e3o Social Produtiva, vinculada \u00e0 Secretaria Especial do Desenvolvimento Social.<\/p>\n<p>&nbsp;<\/p>\n<p>Aproveitando a ocasi\u00e3o, o prefeito M\u00e1rcio Cardim protocolou of\u00edcios visando novos recursos para o munic\u00edpio.<\/p>\n<p>&nbsp;<\/p>\n<p><strong>Repasse de recursos para a Assist\u00eancia Social<\/strong><\/p>\n<p>O prefeito solicitou a atualiza\u00e7\u00e3o e amplia\u00e7\u00e3o dos recursos financeiros federais que s\u00e3o destinados a \u00e1rea de Assist\u00eancia Social, tanto para as entidades municipais como tamb\u00e9m para as unidades governamentais.<\/p>\n<p>&nbsp;<\/p>\n<p>O pedido se justifica, porque o valor repassado pelo Governo Federal est\u00e1 abaixo do pactuado.<\/p>\n<p>&nbsp;<\/p>\n<p><strong>Resid\u00eancia Inclusiva<\/strong><\/p>\n<p>Ainda no encontro, foi solicitado o cofinanciamento federal para custeio e implanta\u00e7\u00e3o de uma resid\u00eancia inclusiva intermunicipal para o ano de 2022 com os munic\u00edpios de Adamantina, Fl\u00f3rida Paulista, Pacaembu, Ouro Verde e Mari\u00e1polis.<\/p>\n<p>&nbsp;<\/p>\n<p>Tanto Adamantina quanto a regi\u00e3o det\u00e9m demanda para a implanta\u00e7\u00e3o do Servi\u00e7o de Prote\u00e7\u00e3o de Alta Complexidade, visando o encaminhamento de pessoas com defici\u00eancia acima de 18 anos que necessitam ser acolhidas por Resid\u00eancia Inclusiva.<\/p>\n<p>&nbsp;<\/p>\n<p><strong>Esportes<\/strong><\/p>\n<p>Com o objetivo de construir mais um campo de malha e bocha no munic\u00edpio, foi solicitada destina\u00e7\u00e3o de R$500 mil e, o montante de R$800 mil para constru\u00e7\u00e3o de uma pista de atletismo.<\/p>\n<p>&nbsp;<\/p>\n<p>&nbsp;<\/p>\n<p>Fonte: Assessoria de Impresna<\/p>\n<p>&nbsp;<\/p>\n","protected":false},"excerpt":{"rendered":"<p>O prefeito M\u00e1rcio Cardim e a secret\u00e1ria de gabinete, Luciana Pereira participaram ontem(20) de encontro no Minist\u00e9rio da Cidadania com o ministro Jo\u00e3o Roma. Estiveram presentes os prefeitos da AMNAP e da Unipontal e, ainda, o deputado federal, Gilberto Nascimento. &nbsp; Al\u00e9m do ministro, marcaram presen\u00e7a no encontro a secret\u00e1ria nacional de esporte, educa\u00e7\u00e3o, lazer [&hellip;]<\/p>\n","protected":false},"author":13,"featured_media":44489,"comment_status":"closed","ping_status":"open","sticky":false,"template":"","format":"standard","meta":{"_acf_changed":false,"_exactmetrics_skip_tracking":false,"_exactmetrics_sitenote_active":false,"_exactmetrics_sitenote_note":"","_exactmetrics_sitenote_category":0,"footnotes":""},"categories":[21],"tags":[],"class_list":["post-44486","post","type-post","status-publish","format-standard","has-post-thumbnail","hentry","category-adamantina"],"acf":[],"yoast_head":"<!-- This site is optimized with the Yoast SEO plugin v27.2 - https:\/\/yoast.com\/product\/yoast-seo-wordpress\/ -->\n<title>Programas federais s\u00e3o apresentados durante agenda em Bras\u00edlia - R\u00e1dio Life FM<\/title>\n<meta name=\"robots\" content=\"index, follow, max-snippet:-1, max-image-preview:large, max-video-preview:-1\" \/>\n<link rel=\"canonical\" href=\"https:\/\/radiolifefm.com.br\/noticias\/programas-federais-sao-apresentados-durante-agenda-em-brasiliaadamantina\/\" \/>\n<meta property=\"og:locale\" content=\"pt_BR\" \/>\n<meta property=\"og:type\" content=\"article\" \/>\n<meta property=\"og:title\" content=\"Programas federais s\u00e3o apresentados durante agenda em Bras\u00edlia - R\u00e1dio Life FM\" \/>\n<meta property=\"og:description\" content=\"O prefeito M\u00e1rcio Cardim e a secret\u00e1ria de gabinete, Luciana Pereira participaram ontem(20) de encontro no Minist\u00e9rio da Cidadania com o ministro Jo\u00e3o Roma. Estiveram presentes os prefeitos da AMNAP e da Unipontal e, ainda, o deputado federal, Gilberto Nascimento. &nbsp; Al\u00e9m do ministro, marcaram presen\u00e7a no encontro a secret\u00e1ria nacional de esporte, educa\u00e7\u00e3o, lazer [&hellip;]\" \/>\n<meta property=\"og:url\" content=\"https:\/\/radiolifefm.com.br\/noticias\/programas-federais-sao-apresentados-durante-agenda-em-brasiliaadamantina\/\" \/>\n<meta property=\"og:site_name\" content=\"R\u00e1dio Life FM\" \/>\n<meta property=\"article:publisher\" content=\"https:\/\/www.facebook.com\/radiolifefm\/\" \/>\n<meta property=\"article:published_time\" content=\"2021-10-21T16:44:33+00:00\" \/>\n<meta property=\"article:modified_time\" content=\"2026-01-26T17:15:11+00:00\" \/>\n<meta property=\"og:image\" content=\"https:\/\/radiolifefm.com.br\/noticias\/wp-content\/uploads\/2021\/10\/foto-5.jpeg\" \/>\n\t<meta property=\"og:image:width\" content=\"1262\" \/>\n\t<meta property=\"og:image:height\" content=\"728\" \/>\n\t<meta property=\"og:image:type\" content=\"image\/jpeg\" \/>\n<meta name=\"author\" content=\"ritanery\" \/>\n<meta name=\"twitter:card\" content=\"summary_large_image\" \/>\n<meta name=\"twitter:label1\" content=\"Escrito por\" \/>\n\t<meta name=\"twitter:data1\" content=\"ritanery\" \/>\n\t<meta name=\"twitter:label2\" content=\"Est. tempo de leitura\" \/>\n\t<meta name=\"twitter:data2\" content=\"2 minutos\" \/>\n<script type=\"application\/ld+json\" class=\"yoast-schema-graph\">{\"@context\":\"https:\/\/schema.org\",\"@graph\":[{\"@type\":\"Article\",\"@id\":\"https:\/\/radiolifefm.com.br\/noticias\/programas-federais-sao-apresentados-durante-agenda-em-brasiliaadamantina\/#article\",\"isPartOf\":{\"@id\":\"https:\/\/radiolifefm.com.br\/noticias\/programas-federais-sao-apresentados-durante-agenda-em-brasiliaadamantina\/\"},\"author\":{\"name\":\"ritanery\",\"@id\":\"https:\/\/radiolifefm.com.br\/noticias\/#\/schema\/person\/6339b9fac59d12b071dec680d7375d87\"},\"headline\":\"Programas federais s\u00e3o apresentados durante agenda em Bras\u00edlia\",\"datePublished\":\"2021-10-21T16:44:33+00:00\",\"dateModified\":\"2026-01-26T17:15:11+00:00\",\"mainEntityOfPage\":{\"@id\":\"https:\/\/radiolifefm.com.br\/noticias\/programas-federais-sao-apresentados-durante-agenda-em-brasiliaadamantina\/\"},\"wordCount\":421,\"publisher\":{\"@id\":\"https:\/\/radiolifefm.com.br\/noticias\/#organization\"},\"image\":{\"@id\":\"https:\/\/radiolifefm.com.br\/noticias\/programas-federais-sao-apresentados-durante-agenda-em-brasiliaadamantina\/#primaryimage\"},\"thumbnailUrl\":\"https:\/\/radiolifefm.com.br\/noticias\/wp-content\/uploads\/2021\/10\/foto-5.jpeg\",\"articleSection\":[\"Adamantina\"],\"inLanguage\":\"pt-BR\"},{\"@type\":\"WebPage\",\"@id\":\"https:\/\/radiolifefm.com.br\/noticias\/programas-federais-sao-apresentados-durante-agenda-em-brasiliaadamantina\/\",\"url\":\"https:\/\/radiolifefm.com.br\/noticias\/programas-federais-sao-apresentados-durante-agenda-em-brasiliaadamantina\/\",\"name\":\"Programas federais s\u00e3o apresentados durante agenda em Bras\u00edlia - R\u00e1dio Life FM\",\"isPartOf\":{\"@id\":\"https:\/\/radiolifefm.com.br\/noticias\/#website\"},\"primaryImageOfPage\":{\"@id\":\"https:\/\/radiolifefm.com.br\/noticias\/programas-federais-sao-apresentados-durante-agenda-em-brasiliaadamantina\/#primaryimage\"},\"image\":{\"@id\":\"https:\/\/radiolifefm.com.br\/noticias\/programas-federais-sao-apresentados-durante-agenda-em-brasiliaadamantina\/#primaryimage\"},\"thumbnailUrl\":\"https:\/\/radiolifefm.com.br\/noticias\/wp-content\/uploads\/2021\/10\/foto-5.jpeg\",\"datePublished\":\"2021-10-21T16:44:33+00:00\",\"dateModified\":\"2026-01-26T17:15:11+00:00\",\"breadcrumb\":{\"@id\":\"https:\/\/radiolifefm.com.br\/noticias\/programas-federais-sao-apresentados-durante-agenda-em-brasiliaadamantina\/#breadcrumb\"},\"inLanguage\":\"pt-BR\",\"potentialAction\":[{\"@type\":\"ReadAction\",\"target\":[\"https:\/\/radiolifefm.com.br\/noticias\/programas-federais-sao-apresentados-durante-agenda-em-brasiliaadamantina\/\"]}]},{\"@type\":\"ImageObject\",\"inLanguage\":\"pt-BR\",\"@id\":\"https:\/\/radiolifefm.com.br\/noticias\/programas-federais-sao-apresentados-durante-agenda-em-brasiliaadamantina\/#primaryimage\",\"url\":\"https:\/\/radiolifefm.com.br\/noticias\/wp-content\/uploads\/2021\/10\/foto-5.jpeg\",\"contentUrl\":\"https:\/\/radiolifefm.com.br\/noticias\/wp-content\/uploads\/2021\/10\/foto-5.jpeg\",\"width\":1262,\"height\":728},{\"@type\":\"BreadcrumbList\",\"@id\":\"https:\/\/radiolifefm.com.br\/noticias\/programas-federais-sao-apresentados-durante-agenda-em-brasiliaadamantina\/#breadcrumb\",\"itemListElement\":[{\"@type\":\"ListItem\",\"position\":1,\"name\":\"In\u00edcio\",\"item\":\"https:\/\/radiolifefm.com.br\/noticias\/\"},{\"@type\":\"ListItem\",\"position\":2,\"name\":\"Programas federais s\u00e3o apresentados durante agenda em Bras\u00edlia\"}]},{\"@type\":\"WebSite\",\"@id\":\"https:\/\/radiolifefm.com.br\/noticias\/#website\",\"url\":\"https:\/\/radiolifefm.com.br\/noticias\/\",\"name\":\"R\u00e1dio Life FM\",\"description\":\"O Portal de Not\u00edcias de Adamantina\",\"publisher\":{\"@id\":\"https:\/\/radiolifefm.com.br\/noticias\/#organization\"},\"alternateName\":\"Life FM\",\"potentialAction\":[{\"@type\":\"SearchAction\",\"target\":{\"@type\":\"EntryPoint\",\"urlTemplate\":\"https:\/\/radiolifefm.com.br\/noticias\/?s={search_term_string}\"},\"query-input\":{\"@type\":\"PropertyValueSpecification\",\"valueRequired\":true,\"valueName\":\"search_term_string\"}}],\"inLanguage\":\"pt-BR\"},{\"@type\":\"Organization\",\"@id\":\"https:\/\/radiolifefm.com.br\/noticias\/#organization\",\"name\":\"R\u00e1dio Life FM\",\"alternateName\":\"Life FM\",\"url\":\"https:\/\/radiolifefm.com.br\/noticias\/\",\"logo\":{\"@type\":\"ImageObject\",\"inLanguage\":\"pt-BR\",\"@id\":\"https:\/\/radiolifefm.com.br\/noticias\/#\/schema\/logo\/image\/\",\"url\":\"https:\/\/static.radiolifefm.com.br\/noticias\/wp-content\/uploads\/2019\/10\/logo-lifefm.png\",\"contentUrl\":\"https:\/\/static.radiolifefm.com.br\/noticias\/wp-content\/uploads\/2019\/10\/logo-lifefm.png\",\"width\":196,\"height\":47,\"caption\":\"R\u00e1dio Life FM\"},\"image\":{\"@id\":\"https:\/\/radiolifefm.com.br\/noticias\/#\/schema\/logo\/image\/\"},\"sameAs\":[\"https:\/\/www.facebook.com\/radiolifefm\/\",\"https:\/\/www.instagram.com\/life1079fm\/\"]},{\"@type\":\"Person\",\"@id\":\"https:\/\/radiolifefm.com.br\/noticias\/#\/schema\/person\/6339b9fac59d12b071dec680d7375d87\",\"name\":\"ritanery\",\"image\":{\"@type\":\"ImageObject\",\"inLanguage\":\"pt-BR\",\"@id\":\"https:\/\/secure.gravatar.com\/avatar\/0e37bb19071f47c0b8a23f62a903df117c5a0e75f65a0c2901562f97cd41cf86?s=96&d=mm&r=g\",\"url\":\"https:\/\/secure.gravatar.com\/avatar\/0e37bb19071f47c0b8a23f62a903df117c5a0e75f65a0c2901562f97cd41cf86?s=96&d=mm&r=g\",\"contentUrl\":\"https:\/\/secure.gravatar.com\/avatar\/0e37bb19071f47c0b8a23f62a903df117c5a0e75f65a0c2901562f97cd41cf86?s=96&d=mm&r=g\",\"caption\":\"ritanery\"}}]}<\/script>\n<!-- \/ Yoast SEO plugin. -->","yoast_head_json":{"title":"Programas federais s\u00e3o apresentados durante agenda em Bras\u00edlia - R\u00e1dio Life FM","robots":{"index":"index","follow":"follow","max-snippet":"max-snippet:-1","max-image-preview":"max-image-preview:large","max-video-preview":"max-video-preview:-1"},"canonical":"https:\/\/radiolifefm.com.br\/noticias\/programas-federais-sao-apresentados-durante-agenda-em-brasiliaadamantina\/","og_locale":"pt_BR","og_type":"article","og_title":"Programas federais s\u00e3o apresentados durante agenda em Bras\u00edlia - R\u00e1dio Life FM","og_description":"O prefeito M\u00e1rcio Cardim e a secret\u00e1ria de gabinete, Luciana Pereira participaram ontem(20) de encontro no Minist\u00e9rio da Cidadania com o ministro Jo\u00e3o Roma. Estiveram presentes os prefeitos da AMNAP e da Unipontal e, ainda, o deputado federal, Gilberto Nascimento. &nbsp; Al\u00e9m do ministro, marcaram presen\u00e7a no encontro a secret\u00e1ria nacional de esporte, educa\u00e7\u00e3o, lazer [&hellip;]","og_url":"https:\/\/radiolifefm.com.br\/noticias\/programas-federais-sao-apresentados-durante-agenda-em-brasiliaadamantina\/","og_site_name":"R\u00e1dio Life FM","article_publisher":"https:\/\/www.facebook.com\/radiolifefm\/","article_published_time":"2021-10-21T16:44:33+00:00","article_modified_time":"2026-01-26T17:15:11+00:00","og_image":[{"width":1262,"height":728,"url":"https:\/\/radiolifefm.com.br\/noticias\/wp-content\/uploads\/2021\/10\/foto-5.jpeg","type":"image\/jpeg"}],"author":"ritanery","twitter_card":"summary_large_image","twitter_misc":{"Escrito por":"ritanery","Est. tempo de leitura":"2 minutos"},"schema":{"@context":"https:\/\/schema.org","@graph":[{"@type":"Article","@id":"https:\/\/radiolifefm.com.br\/noticias\/programas-federais-sao-apresentados-durante-agenda-em-brasiliaadamantina\/#article","isPartOf":{"@id":"https:\/\/radiolifefm.com.br\/noticias\/programas-federais-sao-apresentados-durante-agenda-em-brasiliaadamantina\/"},"author":{"name":"ritanery","@id":"https:\/\/radiolifefm.com.br\/noticias\/#\/schema\/person\/6339b9fac59d12b071dec680d7375d87"},"headline":"Programas federais s\u00e3o apresentados durante agenda em Bras\u00edlia","datePublished":"2021-10-21T16:44:33+00:00","dateModified":"2026-01-26T17:15:11+00:00","mainEntityOfPage":{"@id":"https:\/\/radiolifefm.com.br\/noticias\/programas-federais-sao-apresentados-durante-agenda-em-brasiliaadamantina\/"},"wordCount":421,"publisher":{"@id":"https:\/\/radiolifefm.com.br\/noticias\/#organization"},"image":{"@id":"https:\/\/radiolifefm.com.br\/noticias\/programas-federais-sao-apresentados-durante-agenda-em-brasiliaadamantina\/#primaryimage"},"thumbnailUrl":"https:\/\/radiolifefm.com.br\/noticias\/wp-content\/uploads\/2021\/10\/foto-5.jpeg","articleSection":["Adamantina"],"inLanguage":"pt-BR"},{"@type":"WebPage","@id":"https:\/\/radiolifefm.com.br\/noticias\/programas-federais-sao-apresentados-durante-agenda-em-brasiliaadamantina\/","url":"https:\/\/radiolifefm.com.br\/noticias\/programas-federais-sao-apresentados-durante-agenda-em-brasiliaadamantina\/","name":"Programas federais s\u00e3o apresentados durante agenda em Bras\u00edlia - R\u00e1dio Life FM","isPartOf":{"@id":"https:\/\/radiolifefm.com.br\/noticias\/#website"},"primaryImageOfPage":{"@id":"https:\/\/radiolifefm.com.br\/noticias\/programas-federais-sao-apresentados-durante-agenda-em-brasiliaadamantina\/#primaryimage"},"image":{"@id":"https:\/\/radiolifefm.com.br\/noticias\/programas-federais-sao-apresentados-durante-agenda-em-brasiliaadamantina\/#primaryimage"},"thumbnailUrl":"https:\/\/radiolifefm.com.br\/noticias\/wp-content\/uploads\/2021\/10\/foto-5.jpeg","datePublished":"2021-10-21T16:44:33+00:00","dateModified":"2026-01-26T17:15:11+00:00","breadcrumb":{"@id":"https:\/\/radiolifefm.com.br\/noticias\/programas-federais-sao-apresentados-durante-agenda-em-brasiliaadamantina\/#breadcrumb"},"inLanguage":"pt-BR","potentialAction":[{"@type":"ReadAction","target":["https:\/\/radiolifefm.com.br\/noticias\/programas-federais-sao-apresentados-durante-agenda-em-brasiliaadamantina\/"]}]},{"@type":"ImageObject","inLanguage":"pt-BR","@id":"https:\/\/radiolifefm.com.br\/noticias\/programas-federais-sao-apresentados-durante-agenda-em-brasiliaadamantina\/#primaryimage","url":"https:\/\/radiolifefm.com.br\/noticias\/wp-content\/uploads\/2021\/10\/foto-5.jpeg","contentUrl":"https:\/\/radiolifefm.com.br\/noticias\/wp-content\/uploads\/2021\/10\/foto-5.jpeg","width":1262,"height":728},{"@type":"BreadcrumbList","@id":"https:\/\/radiolifefm.com.br\/noticias\/programas-federais-sao-apresentados-durante-agenda-em-brasiliaadamantina\/#breadcrumb","itemListElement":[{"@type":"ListItem","position":1,"name":"In\u00edcio","item":"https:\/\/radiolifefm.com.br\/noticias\/"},{"@type":"ListItem","position":2,"name":"Programas federais s\u00e3o apresentados durante agenda em Bras\u00edlia"}]},{"@type":"WebSite","@id":"https:\/\/radiolifefm.com.br\/noticias\/#website","url":"https:\/\/radiolifefm.com.br\/noticias\/","name":"R\u00e1dio Life FM","description":"O Portal de Not\u00edcias de Adamantina","publisher":{"@id":"https:\/\/radiolifefm.com.br\/noticias\/#organization"},"alternateName":"Life FM","potentialAction":[{"@type":"SearchAction","target":{"@type":"EntryPoint","urlTemplate":"https:\/\/radiolifefm.com.br\/noticias\/?s={search_term_string}"},"query-input":{"@type":"PropertyValueSpecification","valueRequired":true,"valueName":"search_term_string"}}],"inLanguage":"pt-BR"},{"@type":"Organization","@id":"https:\/\/radiolifefm.com.br\/noticias\/#organization","name":"R\u00e1dio Life FM","alternateName":"Life FM","url":"https:\/\/radiolifefm.com.br\/noticias\/","logo":{"@type":"ImageObject","inLanguage":"pt-BR","@id":"https:\/\/radiolifefm.com.br\/noticias\/#\/schema\/logo\/image\/","url":"https:\/\/static.radiolifefm.com.br\/noticias\/wp-content\/uploads\/2019\/10\/logo-lifefm.png","contentUrl":"https:\/\/static.radiolifefm.com.br\/noticias\/wp-content\/uploads\/2019\/10\/logo-lifefm.png","width":196,"height":47,"caption":"R\u00e1dio Life FM"},"image":{"@id":"https:\/\/radiolifefm.com.br\/noticias\/#\/schema\/logo\/image\/"},"sameAs":["https:\/\/www.facebook.com\/radiolifefm\/","https:\/\/www.instagram.com\/life1079fm\/"]},{"@type":"Person","@id":"https:\/\/radiolifefm.com.br\/noticias\/#\/schema\/person\/6339b9fac59d12b071dec680d7375d87","name":"ritanery","image":{"@type":"ImageObject","inLanguage":"pt-BR","@id":"https:\/\/secure.gravatar.com\/avatar\/0e37bb19071f47c0b8a23f62a903df117c5a0e75f65a0c2901562f97cd41cf86?s=96&d=mm&r=g","url":"https:\/\/secure.gravatar.com\/avatar\/0e37bb19071f47c0b8a23f62a903df117c5a0e75f65a0c2901562f97cd41cf86?s=96&d=mm&r=g","contentUrl":"https:\/\/secure.gravatar.com\/avatar\/0e37bb19071f47c0b8a23f62a903df117c5a0e75f65a0c2901562f97cd41cf86?s=96&d=mm&r=g","caption":"ritanery"}}]}},"amp_enabled":true,"_links":{"self":[{"href":"https:\/\/radiolifefm.com.br\/noticias\/wp-json\/wp\/v2\/posts\/44486","targetHints":{"allow":["GET"]}}],"collection":[{"href":"https:\/\/radiolifefm.com.br\/noticias\/wp-json\/wp\/v2\/posts"}],"about":[{"href":"https:\/\/radiolifefm.com.br\/noticias\/wp-json\/wp\/v2\/types\/post"}],"author":[{"embeddable":true,"href":"https:\/\/radiolifefm.com.br\/noticias\/wp-json\/wp\/v2\/users\/13"}],"replies":[{"embeddable":true,"href":"https:\/\/radiolifefm.com.br\/noticias\/wp-json\/wp\/v2\/comments?post=44486"}],"version-history":[{"count":3,"href":"https:\/\/radiolifefm.com.br\/noticias\/wp-json\/wp\/v2\/posts\/44486\/revisions"}],"predecessor-version":[{"id":44504,"href":"https:\/\/radiolifefm.com.br\/noticias\/wp-json\/wp\/v2\/posts\/44486\/revisions\/44504"}],"wp:featuredmedia":[{"embeddable":true,"href":"https:\/\/radiolifefm.com.br\/noticias\/wp-json\/wp\/v2\/media\/44489"}],"wp:attachment":[{"href":"https:\/\/radiolifefm.com.br\/noticias\/wp-json\/wp\/v2\/media?parent=44486"}],"wp:term":[{"taxonomy":"category","embeddable":true,"href":"https:\/\/radiolifefm.com.br\/noticias\/wp-json\/wp\/v2\/categories?post=44486"},{"taxonomy":"post_tag","embeddable":true,"href":"https:\/\/radiolifefm.com.br\/noticias\/wp-json\/wp\/v2\/tags?post=44486"}],"curies":[{"name":"wp","href":"https:\/\/api.w.org\/{rel}","templated":true}]}}