{"id":44368,"date":"2021-10-19T22:20:59","date_gmt":"2021-10-20T01:20:59","guid":{"rendered":"https:\/\/radiolifefm.com.br\/noticias\/?p=44368"},"modified":"2026-04-02T00:12:10","modified_gmt":"2026-04-02T03:12:10","slug":"a-concessionaria-fiat-enzo-adamantina-lanca-o-modelo-fiat-pulse","status":"publish","type":"post","link":"https:\/\/radiolifefm.com.br\/noticias\/a-concessionaria-fiat-enzo-adamantina-lanca-o-modelo-fiat-pulse\/","title":{"rendered":"A concession\u00e1ria Fiat Enzo Adamantina lan\u00e7a o  modelo Fiat  Pulse"},"content":{"rendered":"<div id=\"fb-root\"><\/div>\n<p>A concession\u00e1ria Fiat\u00a0 Enzo\u00a0 em Adamantina recebeu nesta ter\u00e7a (19), clientes para o lan\u00e7amento do novo carro Fiat Pulse seguindo todos os protocolos de seguran\u00e7a, tamb\u00e9m foi montando um tel\u00e3o para transmiss\u00e3o da Live.<\/p>\n<div class='flex flex-wrap items-center -mx-1'>\r\n<a class='thumbnail gallery p-1 w-1\/2 md:w-1\/4' href='https:\/\/radiolifefm.com.br\/noticias\/wp-content\/uploads\/2021\/10\/WhatsApp-Image-2021-10-19-at-22.13.46-3.jpeg'><img class='border border-white' src='https:\/\/radiolifefm.com.br\/noticias\/wp-content\/uploads\/2021\/10\/WhatsApp-Image-2021-10-19-at-22.13.46-3-200x200.jpeg' alt='WhatsApp Image 2021 10 19 At 22.13.46 (3)' \/><\/a><a class='thumbnail gallery p-1 w-1\/2 md:w-1\/4' href='https:\/\/radiolifefm.com.br\/noticias\/wp-content\/uploads\/2021\/10\/WhatsApp-Image-2021-10-19-at-22.13.46-2.jpeg'><img class='border border-white' src='https:\/\/radiolifefm.com.br\/noticias\/wp-content\/uploads\/2021\/10\/WhatsApp-Image-2021-10-19-at-22.13.46-2-200x200.jpeg' alt='WhatsApp Image 2021 10 19 At 22.13.46 (2)' \/><\/a><a class='thumbnail gallery p-1 w-1\/2 md:w-1\/4' href='https:\/\/radiolifefm.com.br\/noticias\/wp-content\/uploads\/2021\/10\/WhatsApp-Image-2021-10-19-at-22.13.46-1.jpeg'><img class='border border-white' src='https:\/\/radiolifefm.com.br\/noticias\/wp-content\/uploads\/2021\/10\/WhatsApp-Image-2021-10-19-at-22.13.46-1-200x200.jpeg' alt='WhatsApp Image 2021 10 19 At 22.13.46 (1)' \/><\/a><a class='thumbnail gallery p-1 w-1\/2 md:w-1\/4' href='https:\/\/radiolifefm.com.br\/noticias\/wp-content\/uploads\/2021\/10\/WhatsApp-Image-2021-10-19-at-22.12.23.jpeg'><img class='border border-white' src='https:\/\/radiolifefm.com.br\/noticias\/wp-content\/uploads\/2021\/10\/WhatsApp-Image-2021-10-19-at-22.12.23-200x200.jpeg' alt='WhatsApp Image 2021 10 19 At 22.12.23' \/><\/a><a class='thumbnail gallery p-1 w-1\/2 md:w-1\/4' href='https:\/\/radiolifefm.com.br\/noticias\/wp-content\/uploads\/2021\/10\/WhatsApp-Image-2021-10-19-at-22.12.22-3.jpeg'><img class='border border-white' src='https:\/\/radiolifefm.com.br\/noticias\/wp-content\/uploads\/2021\/10\/WhatsApp-Image-2021-10-19-at-22.12.22-3-200x200.jpeg' alt='WhatsApp Image 2021 10 19 At 22.12.22 (3)' \/><\/a><a class='thumbnail gallery p-1 w-1\/2 md:w-1\/4' href='https:\/\/radiolifefm.com.br\/noticias\/wp-content\/uploads\/2021\/10\/WhatsApp-Image-2021-10-19-at-22.12.22-1.jpeg'><img class='border border-white' src='https:\/\/radiolifefm.com.br\/noticias\/wp-content\/uploads\/2021\/10\/WhatsApp-Image-2021-10-19-at-22.12.22-1-200x200.jpeg' alt='WhatsApp Image 2021 10 19 At 22.12.22 (1)' \/><\/a><\/div>\n<p>O Lan\u00e7amento nacional do Fiat Pulse foi realizado atrav\u00e9s de Live transmitida direto da Bahia.<\/p>\n<p>&nbsp;<\/p>\n<p>Considerado um dos lan\u00e7amentos mais aguardados deste ano, o t\u00e3o falado Fiat Pulse 2022 acaba de ser oficializado no Brasil.<\/p>\n<p>&nbsp;<\/p>\n<p>Primeiro SUV de porte compacto desenvolvido pela empresa para o mercado nacional, o modelo estreia com metas ambiciosas e a miss\u00e3o de mostrar o que h\u00e1 de mais moderno na marca em termos de design, seguran\u00e7a e tecnologia.<\/p>\n<p>&nbsp;<\/p>\n<p>Por fora, o visual j\u00e1 \u00e9 conhecido desde maio &#8211; quando o modelo, ainda chamado de Progetto 363, foi apresentado em rede nacional no Big Brother Brasil. Na \u00e9poca, a Fiat chamou o p\u00fablico para escolher o nome oficial do carro e na disputa conta Domo e Tuo, o batismo Pulse acabou sendo o mais votado. Nos meses seguintes, diversos detalhes foram sendo revelados aos poucos e at\u00e9 uma webs\u00e9rie foi criada para apresentar as novidades.<\/p>\n<div class='flex flex-wrap items-center -mx-1'>\r\n<a class='thumbnail gallery p-1 w-1\/2 md:w-1\/4' href='https:\/\/radiolifefm.com.br\/noticias\/wp-content\/uploads\/2021\/10\/WhatsApp-Image-2021-10-19-at-22.13.46.jpeg'><img class='border border-white' src='https:\/\/radiolifefm.com.br\/noticias\/wp-content\/uploads\/2021\/10\/WhatsApp-Image-2021-10-19-at-22.13.46-200x200.jpeg' alt='WhatsApp Image 2021 10 19 At 22.13.46' \/><\/a><a class='thumbnail gallery p-1 w-1\/2 md:w-1\/4' href='https:\/\/radiolifefm.com.br\/noticias\/wp-content\/uploads\/2021\/10\/WhatsApp-Image-2021-10-19-at-22.13.44-1.jpeg'><img class='border border-white' src='https:\/\/radiolifefm.com.br\/noticias\/wp-content\/uploads\/2021\/10\/WhatsApp-Image-2021-10-19-at-22.13.44-1-200x200.jpeg' alt='WhatsApp Image 2021 10 19 At 22.13.44 (1)' \/><\/a><a class='thumbnail gallery p-1 w-1\/2 md:w-1\/4' href='https:\/\/radiolifefm.com.br\/noticias\/wp-content\/uploads\/2021\/10\/WhatsApp-Image-2021-10-19-at-22.13.44.jpeg'><img class='border border-white' src='https:\/\/radiolifefm.com.br\/noticias\/wp-content\/uploads\/2021\/10\/WhatsApp-Image-2021-10-19-at-22.13.44-200x200.jpeg' alt='WhatsApp Image 2021 10 19 At 22.13.44' \/><\/a><a class='thumbnail gallery p-1 w-1\/2 md:w-1\/4' href='https:\/\/radiolifefm.com.br\/noticias\/wp-content\/uploads\/2021\/10\/WhatsApp-Image-2021-10-19-at-22.12.23-1.jpeg'><img class='border border-white' src='https:\/\/radiolifefm.com.br\/noticias\/wp-content\/uploads\/2021\/10\/WhatsApp-Image-2021-10-19-at-22.12.23-1-200x200.jpeg' alt='WhatsApp Image 2021 10 19 At 22.12.23 (1)' \/><\/a><\/div>\n<p>Agora voc\u00ea pode conhecer pessoalmente o Fiat Pulse na concession\u00e1ria de Adamantina, o gerente Everton e toda equipe ter\u00e3o prazer em apresentar o novo Fiat Pulse.<\/p>\n<p><img loading=\"lazy\" decoding=\"async\" class=\"alignnone size-full wp-image-44370\" src=\"https:\/\/static.radiolifefm.com.br\/wp-content\/uploads\/sites\/2\/2021\/10\/WhatsApp-Image-2021-10-19-at-22.12.21.jpeg\" alt=\"\" width=\"1280\" height=\"960\" srcset=\"https:\/\/radiolifefm.com.br\/noticias\/wp-content\/uploads\/2021\/10\/WhatsApp-Image-2021-10-19-at-22.12.21.jpeg 1280w, https:\/\/radiolifefm.com.br\/noticias\/wp-content\/uploads\/2021\/10\/WhatsApp-Image-2021-10-19-at-22.12.21-300x225.jpeg 300w, https:\/\/radiolifefm.com.br\/noticias\/wp-content\/uploads\/2021\/10\/WhatsApp-Image-2021-10-19-at-22.12.21-1024x768.jpeg 1024w, https:\/\/radiolifefm.com.br\/noticias\/wp-content\/uploads\/2021\/10\/WhatsApp-Image-2021-10-19-at-22.12.21-768x576.jpeg 768w\" sizes=\"auto, (max-width: 1280px) 100vw, 1280px\" \/><\/p>\n<p>A concession\u00e1ria Fiat\u00a0 Enzo Adamantina fica\u00a0 localizada na Av. Marechal Castelo Branco\u00a0 733 Vila Jamil de Lima.<\/p>\n<p>&nbsp;<\/p>\n","protected":false},"excerpt":{"rendered":"<p>A concession\u00e1ria Fiat\u00a0 Enzo\u00a0 em Adamantina recebeu nesta ter\u00e7a (19), clientes para o lan\u00e7amento do novo carro Fiat Pulse seguindo todos os protocolos de seguran\u00e7a, tamb\u00e9m foi montando um tel\u00e3o para transmiss\u00e3o da Live. O Lan\u00e7amento nacional do Fiat Pulse foi realizado atrav\u00e9s de Live transmitida direto da Bahia. &nbsp; Considerado um dos lan\u00e7amentos mais [&hellip;]<\/p>\n","protected":false},"author":13,"featured_media":44369,"comment_status":"closed","ping_status":"open","sticky":false,"template":"","format":"standard","meta":{"_acf_changed":false,"_exactmetrics_skip_tracking":false,"_exactmetrics_sitenote_active":false,"_exactmetrics_sitenote_note":"","_exactmetrics_sitenote_category":0,"footnotes":""},"categories":[21],"tags":[],"class_list":["post-44368","post","type-post","status-publish","format-standard","has-post-thumbnail","hentry","category-adamantina"],"acf":[],"yoast_head":"<!-- This site is optimized with the Yoast SEO plugin v27.2 - https:\/\/yoast.com\/product\/yoast-seo-wordpress\/ -->\n<title>A concession\u00e1ria Fiat Enzo Adamantina lan\u00e7a o modelo Fiat Pulse - R\u00e1dio Life FM<\/title>\n<meta name=\"robots\" content=\"index, follow, max-snippet:-1, max-image-preview:large, max-video-preview:-1\" \/>\n<link rel=\"canonical\" href=\"https:\/\/radiolifefm.com.br\/noticias\/a-concessionaria-fiat-enzo-adamantina-lanca-o-modelo-fiat-pulse\/\" \/>\n<meta property=\"og:locale\" content=\"pt_BR\" \/>\n<meta property=\"og:type\" content=\"article\" \/>\n<meta property=\"og:title\" content=\"A concession\u00e1ria Fiat Enzo Adamantina lan\u00e7a o modelo Fiat Pulse - R\u00e1dio Life FM\" \/>\n<meta property=\"og:description\" content=\"A concession\u00e1ria Fiat\u00a0 Enzo\u00a0 em Adamantina recebeu nesta ter\u00e7a (19), clientes para o lan\u00e7amento do novo carro Fiat Pulse seguindo todos os protocolos de seguran\u00e7a, tamb\u00e9m foi montando um tel\u00e3o para transmiss\u00e3o da Live. O Lan\u00e7amento nacional do Fiat Pulse foi realizado atrav\u00e9s de Live transmitida direto da Bahia. &nbsp; Considerado um dos lan\u00e7amentos mais [&hellip;]\" \/>\n<meta property=\"og:url\" content=\"https:\/\/radiolifefm.com.br\/noticias\/a-concessionaria-fiat-enzo-adamantina-lanca-o-modelo-fiat-pulse\/\" \/>\n<meta property=\"og:site_name\" content=\"R\u00e1dio Life FM\" \/>\n<meta property=\"article:publisher\" content=\"https:\/\/www.facebook.com\/radiolifefm\/\" \/>\n<meta property=\"article:published_time\" content=\"2021-10-20T01:20:59+00:00\" \/>\n<meta property=\"article:modified_time\" content=\"2026-04-02T03:12:10+00:00\" \/>\n<meta property=\"og:image\" content=\"https:\/\/radiolifefm.com.br\/noticias\/wp-content\/uploads\/2021\/10\/WhatsApp-Image-2021-10-19-at-22.13.13.jpeg\" \/>\n\t<meta property=\"og:image:width\" content=\"960\" \/>\n\t<meta property=\"og:image:height\" content=\"1280\" \/>\n\t<meta property=\"og:image:type\" content=\"image\/jpeg\" \/>\n<meta name=\"author\" content=\"ritanery\" \/>\n<meta name=\"twitter:card\" content=\"summary_large_image\" \/>\n<meta name=\"twitter:label1\" content=\"Escrito por\" \/>\n\t<meta name=\"twitter:data1\" content=\"ritanery\" \/>\n\t<meta name=\"twitter:label2\" content=\"Est. tempo de leitura\" \/>\n\t<meta name=\"twitter:data2\" content=\"2 minutos\" \/>\n<script type=\"application\/ld+json\" class=\"yoast-schema-graph\">{\"@context\":\"https:\/\/schema.org\",\"@graph\":[{\"@type\":\"Article\",\"@id\":\"https:\/\/radiolifefm.com.br\/noticias\/a-concessionaria-fiat-enzo-adamantina-lanca-o-modelo-fiat-pulse\/#article\",\"isPartOf\":{\"@id\":\"https:\/\/radiolifefm.com.br\/noticias\/a-concessionaria-fiat-enzo-adamantina-lanca-o-modelo-fiat-pulse\/\"},\"author\":{\"name\":\"ritanery\",\"@id\":\"https:\/\/radiolifefm.com.br\/noticias\/#\/schema\/person\/6339b9fac59d12b071dec680d7375d87\"},\"headline\":\"A concession\u00e1ria Fiat Enzo Adamantina lan\u00e7a o modelo Fiat Pulse\",\"datePublished\":\"2021-10-20T01:20:59+00:00\",\"dateModified\":\"2026-04-02T03:12:10+00:00\",\"mainEntityOfPage\":{\"@id\":\"https:\/\/radiolifefm.com.br\/noticias\/a-concessionaria-fiat-enzo-adamantina-lanca-o-modelo-fiat-pulse\/\"},\"wordCount\":264,\"publisher\":{\"@id\":\"https:\/\/radiolifefm.com.br\/noticias\/#organization\"},\"image\":{\"@id\":\"https:\/\/radiolifefm.com.br\/noticias\/a-concessionaria-fiat-enzo-adamantina-lanca-o-modelo-fiat-pulse\/#primaryimage\"},\"thumbnailUrl\":\"https:\/\/radiolifefm.com.br\/noticias\/wp-content\/uploads\/2021\/10\/WhatsApp-Image-2021-10-19-at-22.13.13.jpeg\",\"articleSection\":[\"Adamantina\"],\"inLanguage\":\"pt-BR\"},{\"@type\":\"WebPage\",\"@id\":\"https:\/\/radiolifefm.com.br\/noticias\/a-concessionaria-fiat-enzo-adamantina-lanca-o-modelo-fiat-pulse\/\",\"url\":\"https:\/\/radiolifefm.com.br\/noticias\/a-concessionaria-fiat-enzo-adamantina-lanca-o-modelo-fiat-pulse\/\",\"name\":\"A concession\u00e1ria Fiat Enzo Adamantina lan\u00e7a o modelo Fiat Pulse - R\u00e1dio Life FM\",\"isPartOf\":{\"@id\":\"https:\/\/radiolifefm.com.br\/noticias\/#website\"},\"primaryImageOfPage\":{\"@id\":\"https:\/\/radiolifefm.com.br\/noticias\/a-concessionaria-fiat-enzo-adamantina-lanca-o-modelo-fiat-pulse\/#primaryimage\"},\"image\":{\"@id\":\"https:\/\/radiolifefm.com.br\/noticias\/a-concessionaria-fiat-enzo-adamantina-lanca-o-modelo-fiat-pulse\/#primaryimage\"},\"thumbnailUrl\":\"https:\/\/radiolifefm.com.br\/noticias\/wp-content\/uploads\/2021\/10\/WhatsApp-Image-2021-10-19-at-22.13.13.jpeg\",\"datePublished\":\"2021-10-20T01:20:59+00:00\",\"dateModified\":\"2026-04-02T03:12:10+00:00\",\"breadcrumb\":{\"@id\":\"https:\/\/radiolifefm.com.br\/noticias\/a-concessionaria-fiat-enzo-adamantina-lanca-o-modelo-fiat-pulse\/#breadcrumb\"},\"inLanguage\":\"pt-BR\",\"potentialAction\":[{\"@type\":\"ReadAction\",\"target\":[\"https:\/\/radiolifefm.com.br\/noticias\/a-concessionaria-fiat-enzo-adamantina-lanca-o-modelo-fiat-pulse\/\"]}]},{\"@type\":\"ImageObject\",\"inLanguage\":\"pt-BR\",\"@id\":\"https:\/\/radiolifefm.com.br\/noticias\/a-concessionaria-fiat-enzo-adamantina-lanca-o-modelo-fiat-pulse\/#primaryimage\",\"url\":\"https:\/\/radiolifefm.com.br\/noticias\/wp-content\/uploads\/2021\/10\/WhatsApp-Image-2021-10-19-at-22.13.13.jpeg\",\"contentUrl\":\"https:\/\/radiolifefm.com.br\/noticias\/wp-content\/uploads\/2021\/10\/WhatsApp-Image-2021-10-19-at-22.13.13.jpeg\",\"width\":960,\"height\":1280},{\"@type\":\"BreadcrumbList\",\"@id\":\"https:\/\/radiolifefm.com.br\/noticias\/a-concessionaria-fiat-enzo-adamantina-lanca-o-modelo-fiat-pulse\/#breadcrumb\",\"itemListElement\":[{\"@type\":\"ListItem\",\"position\":1,\"name\":\"In\u00edcio\",\"item\":\"https:\/\/radiolifefm.com.br\/noticias\/\"},{\"@type\":\"ListItem\",\"position\":2,\"name\":\"A concession\u00e1ria Fiat Enzo Adamantina lan\u00e7a o modelo Fiat Pulse\"}]},{\"@type\":\"WebSite\",\"@id\":\"https:\/\/radiolifefm.com.br\/noticias\/#website\",\"url\":\"https:\/\/radiolifefm.com.br\/noticias\/\",\"name\":\"R\u00e1dio Life FM\",\"description\":\"O Portal de Not\u00edcias de Adamantina\",\"publisher\":{\"@id\":\"https:\/\/radiolifefm.com.br\/noticias\/#organization\"},\"alternateName\":\"Life FM\",\"potentialAction\":[{\"@type\":\"SearchAction\",\"target\":{\"@type\":\"EntryPoint\",\"urlTemplate\":\"https:\/\/radiolifefm.com.br\/noticias\/?s={search_term_string}\"},\"query-input\":{\"@type\":\"PropertyValueSpecification\",\"valueRequired\":true,\"valueName\":\"search_term_string\"}}],\"inLanguage\":\"pt-BR\"},{\"@type\":\"Organization\",\"@id\":\"https:\/\/radiolifefm.com.br\/noticias\/#organization\",\"name\":\"R\u00e1dio Life FM\",\"alternateName\":\"Life FM\",\"url\":\"https:\/\/radiolifefm.com.br\/noticias\/\",\"logo\":{\"@type\":\"ImageObject\",\"inLanguage\":\"pt-BR\",\"@id\":\"https:\/\/radiolifefm.com.br\/noticias\/#\/schema\/logo\/image\/\",\"url\":\"https:\/\/static.radiolifefm.com.br\/noticias\/wp-content\/uploads\/2019\/10\/logo-lifefm.png\",\"contentUrl\":\"https:\/\/static.radiolifefm.com.br\/noticias\/wp-content\/uploads\/2019\/10\/logo-lifefm.png\",\"width\":196,\"height\":47,\"caption\":\"R\u00e1dio Life FM\"},\"image\":{\"@id\":\"https:\/\/radiolifefm.com.br\/noticias\/#\/schema\/logo\/image\/\"},\"sameAs\":[\"https:\/\/www.facebook.com\/radiolifefm\/\",\"https:\/\/www.instagram.com\/life1079fm\/\"]},{\"@type\":\"Person\",\"@id\":\"https:\/\/radiolifefm.com.br\/noticias\/#\/schema\/person\/6339b9fac59d12b071dec680d7375d87\",\"name\":\"ritanery\",\"image\":{\"@type\":\"ImageObject\",\"inLanguage\":\"pt-BR\",\"@id\":\"https:\/\/secure.gravatar.com\/avatar\/0e37bb19071f47c0b8a23f62a903df117c5a0e75f65a0c2901562f97cd41cf86?s=96&d=mm&r=g\",\"url\":\"https:\/\/secure.gravatar.com\/avatar\/0e37bb19071f47c0b8a23f62a903df117c5a0e75f65a0c2901562f97cd41cf86?s=96&d=mm&r=g\",\"contentUrl\":\"https:\/\/secure.gravatar.com\/avatar\/0e37bb19071f47c0b8a23f62a903df117c5a0e75f65a0c2901562f97cd41cf86?s=96&d=mm&r=g\",\"caption\":\"ritanery\"}}]}<\/script>\n<!-- \/ Yoast SEO plugin. -->","yoast_head_json":{"title":"A concession\u00e1ria Fiat Enzo Adamantina lan\u00e7a o modelo Fiat Pulse - R\u00e1dio Life FM","robots":{"index":"index","follow":"follow","max-snippet":"max-snippet:-1","max-image-preview":"max-image-preview:large","max-video-preview":"max-video-preview:-1"},"canonical":"https:\/\/radiolifefm.com.br\/noticias\/a-concessionaria-fiat-enzo-adamantina-lanca-o-modelo-fiat-pulse\/","og_locale":"pt_BR","og_type":"article","og_title":"A concession\u00e1ria Fiat Enzo Adamantina lan\u00e7a o modelo Fiat Pulse - R\u00e1dio Life FM","og_description":"A concession\u00e1ria Fiat\u00a0 Enzo\u00a0 em Adamantina recebeu nesta ter\u00e7a (19), clientes para o lan\u00e7amento do novo carro Fiat Pulse seguindo todos os protocolos de seguran\u00e7a, tamb\u00e9m foi montando um tel\u00e3o para transmiss\u00e3o da Live. O Lan\u00e7amento nacional do Fiat Pulse foi realizado atrav\u00e9s de Live transmitida direto da Bahia. &nbsp; Considerado um dos lan\u00e7amentos mais [&hellip;]","og_url":"https:\/\/radiolifefm.com.br\/noticias\/a-concessionaria-fiat-enzo-adamantina-lanca-o-modelo-fiat-pulse\/","og_site_name":"R\u00e1dio Life FM","article_publisher":"https:\/\/www.facebook.com\/radiolifefm\/","article_published_time":"2021-10-20T01:20:59+00:00","article_modified_time":"2026-04-02T03:12:10+00:00","og_image":[{"width":960,"height":1280,"url":"https:\/\/radiolifefm.com.br\/noticias\/wp-content\/uploads\/2021\/10\/WhatsApp-Image-2021-10-19-at-22.13.13.jpeg","type":"image\/jpeg"}],"author":"ritanery","twitter_card":"summary_large_image","twitter_misc":{"Escrito por":"ritanery","Est. tempo de leitura":"2 minutos"},"schema":{"@context":"https:\/\/schema.org","@graph":[{"@type":"Article","@id":"https:\/\/radiolifefm.com.br\/noticias\/a-concessionaria-fiat-enzo-adamantina-lanca-o-modelo-fiat-pulse\/#article","isPartOf":{"@id":"https:\/\/radiolifefm.com.br\/noticias\/a-concessionaria-fiat-enzo-adamantina-lanca-o-modelo-fiat-pulse\/"},"author":{"name":"ritanery","@id":"https:\/\/radiolifefm.com.br\/noticias\/#\/schema\/person\/6339b9fac59d12b071dec680d7375d87"},"headline":"A concession\u00e1ria Fiat Enzo Adamantina lan\u00e7a o modelo Fiat Pulse","datePublished":"2021-10-20T01:20:59+00:00","dateModified":"2026-04-02T03:12:10+00:00","mainEntityOfPage":{"@id":"https:\/\/radiolifefm.com.br\/noticias\/a-concessionaria-fiat-enzo-adamantina-lanca-o-modelo-fiat-pulse\/"},"wordCount":264,"publisher":{"@id":"https:\/\/radiolifefm.com.br\/noticias\/#organization"},"image":{"@id":"https:\/\/radiolifefm.com.br\/noticias\/a-concessionaria-fiat-enzo-adamantina-lanca-o-modelo-fiat-pulse\/#primaryimage"},"thumbnailUrl":"https:\/\/radiolifefm.com.br\/noticias\/wp-content\/uploads\/2021\/10\/WhatsApp-Image-2021-10-19-at-22.13.13.jpeg","articleSection":["Adamantina"],"inLanguage":"pt-BR"},{"@type":"WebPage","@id":"https:\/\/radiolifefm.com.br\/noticias\/a-concessionaria-fiat-enzo-adamantina-lanca-o-modelo-fiat-pulse\/","url":"https:\/\/radiolifefm.com.br\/noticias\/a-concessionaria-fiat-enzo-adamantina-lanca-o-modelo-fiat-pulse\/","name":"A concession\u00e1ria Fiat Enzo Adamantina lan\u00e7a o modelo Fiat Pulse - R\u00e1dio Life FM","isPartOf":{"@id":"https:\/\/radiolifefm.com.br\/noticias\/#website"},"primaryImageOfPage":{"@id":"https:\/\/radiolifefm.com.br\/noticias\/a-concessionaria-fiat-enzo-adamantina-lanca-o-modelo-fiat-pulse\/#primaryimage"},"image":{"@id":"https:\/\/radiolifefm.com.br\/noticias\/a-concessionaria-fiat-enzo-adamantina-lanca-o-modelo-fiat-pulse\/#primaryimage"},"thumbnailUrl":"https:\/\/radiolifefm.com.br\/noticias\/wp-content\/uploads\/2021\/10\/WhatsApp-Image-2021-10-19-at-22.13.13.jpeg","datePublished":"2021-10-20T01:20:59+00:00","dateModified":"2026-04-02T03:12:10+00:00","breadcrumb":{"@id":"https:\/\/radiolifefm.com.br\/noticias\/a-concessionaria-fiat-enzo-adamantina-lanca-o-modelo-fiat-pulse\/#breadcrumb"},"inLanguage":"pt-BR","potentialAction":[{"@type":"ReadAction","target":["https:\/\/radiolifefm.com.br\/noticias\/a-concessionaria-fiat-enzo-adamantina-lanca-o-modelo-fiat-pulse\/"]}]},{"@type":"ImageObject","inLanguage":"pt-BR","@id":"https:\/\/radiolifefm.com.br\/noticias\/a-concessionaria-fiat-enzo-adamantina-lanca-o-modelo-fiat-pulse\/#primaryimage","url":"https:\/\/radiolifefm.com.br\/noticias\/wp-content\/uploads\/2021\/10\/WhatsApp-Image-2021-10-19-at-22.13.13.jpeg","contentUrl":"https:\/\/radiolifefm.com.br\/noticias\/wp-content\/uploads\/2021\/10\/WhatsApp-Image-2021-10-19-at-22.13.13.jpeg","width":960,"height":1280},{"@type":"BreadcrumbList","@id":"https:\/\/radiolifefm.com.br\/noticias\/a-concessionaria-fiat-enzo-adamantina-lanca-o-modelo-fiat-pulse\/#breadcrumb","itemListElement":[{"@type":"ListItem","position":1,"name":"In\u00edcio","item":"https:\/\/radiolifefm.com.br\/noticias\/"},{"@type":"ListItem","position":2,"name":"A concession\u00e1ria Fiat Enzo Adamantina lan\u00e7a o modelo Fiat Pulse"}]},{"@type":"WebSite","@id":"https:\/\/radiolifefm.com.br\/noticias\/#website","url":"https:\/\/radiolifefm.com.br\/noticias\/","name":"R\u00e1dio Life FM","description":"O Portal de Not\u00edcias de Adamantina","publisher":{"@id":"https:\/\/radiolifefm.com.br\/noticias\/#organization"},"alternateName":"Life FM","potentialAction":[{"@type":"SearchAction","target":{"@type":"EntryPoint","urlTemplate":"https:\/\/radiolifefm.com.br\/noticias\/?s={search_term_string}"},"query-input":{"@type":"PropertyValueSpecification","valueRequired":true,"valueName":"search_term_string"}}],"inLanguage":"pt-BR"},{"@type":"Organization","@id":"https:\/\/radiolifefm.com.br\/noticias\/#organization","name":"R\u00e1dio Life FM","alternateName":"Life FM","url":"https:\/\/radiolifefm.com.br\/noticias\/","logo":{"@type":"ImageObject","inLanguage":"pt-BR","@id":"https:\/\/radiolifefm.com.br\/noticias\/#\/schema\/logo\/image\/","url":"https:\/\/static.radiolifefm.com.br\/noticias\/wp-content\/uploads\/2019\/10\/logo-lifefm.png","contentUrl":"https:\/\/static.radiolifefm.com.br\/noticias\/wp-content\/uploads\/2019\/10\/logo-lifefm.png","width":196,"height":47,"caption":"R\u00e1dio Life FM"},"image":{"@id":"https:\/\/radiolifefm.com.br\/noticias\/#\/schema\/logo\/image\/"},"sameAs":["https:\/\/www.facebook.com\/radiolifefm\/","https:\/\/www.instagram.com\/life1079fm\/"]},{"@type":"Person","@id":"https:\/\/radiolifefm.com.br\/noticias\/#\/schema\/person\/6339b9fac59d12b071dec680d7375d87","name":"ritanery","image":{"@type":"ImageObject","inLanguage":"pt-BR","@id":"https:\/\/secure.gravatar.com\/avatar\/0e37bb19071f47c0b8a23f62a903df117c5a0e75f65a0c2901562f97cd41cf86?s=96&d=mm&r=g","url":"https:\/\/secure.gravatar.com\/avatar\/0e37bb19071f47c0b8a23f62a903df117c5a0e75f65a0c2901562f97cd41cf86?s=96&d=mm&r=g","contentUrl":"https:\/\/secure.gravatar.com\/avatar\/0e37bb19071f47c0b8a23f62a903df117c5a0e75f65a0c2901562f97cd41cf86?s=96&d=mm&r=g","caption":"ritanery"}}]}},"amp_enabled":true,"_links":{"self":[{"href":"https:\/\/radiolifefm.com.br\/noticias\/wp-json\/wp\/v2\/posts\/44368","targetHints":{"allow":["GET"]}}],"collection":[{"href":"https:\/\/radiolifefm.com.br\/noticias\/wp-json\/wp\/v2\/posts"}],"about":[{"href":"https:\/\/radiolifefm.com.br\/noticias\/wp-json\/wp\/v2\/types\/post"}],"author":[{"embeddable":true,"href":"https:\/\/radiolifefm.com.br\/noticias\/wp-json\/wp\/v2\/users\/13"}],"replies":[{"embeddable":true,"href":"https:\/\/radiolifefm.com.br\/noticias\/wp-json\/wp\/v2\/comments?post=44368"}],"version-history":[{"count":2,"href":"https:\/\/radiolifefm.com.br\/noticias\/wp-json\/wp\/v2\/posts\/44368\/revisions"}],"predecessor-version":[{"id":44382,"href":"https:\/\/radiolifefm.com.br\/noticias\/wp-json\/wp\/v2\/posts\/44368\/revisions\/44382"}],"wp:featuredmedia":[{"embeddable":true,"href":"https:\/\/radiolifefm.com.br\/noticias\/wp-json\/wp\/v2\/media\/44369"}],"wp:attachment":[{"href":"https:\/\/radiolifefm.com.br\/noticias\/wp-json\/wp\/v2\/media?parent=44368"}],"wp:term":[{"taxonomy":"category","embeddable":true,"href":"https:\/\/radiolifefm.com.br\/noticias\/wp-json\/wp\/v2\/categories?post=44368"},{"taxonomy":"post_tag","embeddable":true,"href":"https:\/\/radiolifefm.com.br\/noticias\/wp-json\/wp\/v2\/tags?post=44368"}],"curies":[{"name":"wp","href":"https:\/\/api.w.org\/{rel}","templated":true}]}}