{"id":44355,"date":"2021-10-19T18:37:51","date_gmt":"2021-10-19T21:37:51","guid":{"rendered":"https:\/\/radiolifefm.com.br\/noticias\/?p=44355"},"modified":"2026-04-21T18:43:22","modified_gmt":"2026-04-21T21:43:22","slug":"trailers-sao-alvo-de-arrastao-no-centro-de-adamantina-foram-levados-mercadorias-e-dinheiro","status":"publish","type":"post","link":"https:\/\/radiolifefm.com.br\/noticias\/trailers-sao-alvo-de-arrastao-no-centro-de-adamantina-foram-levados-mercadorias-e-dinheiro\/","title":{"rendered":"Trailers s\u00e3o alvo de arrast\u00e3o no centro de Adamantina; foram levados mercadorias e dinheiro"},"content":{"rendered":"<div id=\"fb-root\"><\/div>\n<p>Um conjunto de trailers de lanches e um que comercializa confec\u00e7\u00f5es, todos nas proximidades da via f\u00e9rrea, centro de Adamantina, foi alvo de arrast\u00e3o na madrugada desta ter\u00e7a-feira (19). Os\u00a0\u00a0dispositivos est\u00e3o localizados no p\u00e1tio da livre e outros na Rua Josefina Dall\u00b4Ant\u00f4nia Tiveron, ao longo da Pra\u00e7a Bas\u00edlio Colombo Marini\/proximidades do pontilh\u00e3o da Rua Joaquim Nabuco, sendo um deles na altura da Rua Nove de Julho.<\/p>\n<p>&nbsp;<\/p>\n<p>O SIGA MAIS esteve no local pela manh\u00e3 e constatou arrombamento e tentativas. No p\u00e1tio da feira livre houve relatos de propriet\u00e1rios informando o furto de mercadorias utilizadas na produ\u00e7\u00e3o de lanches, al\u00e9m de bebidas. A propriet\u00e1ria de um deles disse que foram levados carnes e bebidas. A porta met\u00e1lica foi encontrada ca\u00edda ao ch\u00e3o.<\/p>\n<p>&nbsp;<\/p>\n<p>Houve tamb\u00e9m o arrombamento de um trailer vazio, danos na instala\u00e7\u00e3o el\u00e9trica de outro dispositivo e tentativas de viola\u00e7\u00f5es. Um trailer que comercializa roupas e outros dois verificados pelo SIGA MAIS tiveram danos com a tentativa de arrombamento.<\/p>\n<p>&nbsp;<\/p>\n<p>Na altura da Rua Josefina Dall\u00b4Ant\u00f4nia Tiveron tamb\u00e9m houve arrombamento. Em um deles, segundo o propriet\u00e1rio, foram levados bebida e dinheiro. Situa\u00e7\u00e3o semelhante ocorreu tamb\u00e9m em outro trailer, de onde foram levados latic\u00ednios usados para produ\u00e7\u00e3o de lanches, e dinheiro.<\/p>\n<p>&nbsp;<\/p>\n<p>A a\u00e7\u00e3o criminosa deixa duplo preju\u00edzo material para o conserto dos danos e reposi\u00e7\u00e3o dos produtos levados, sem contar o preju\u00edzo emocional, o que amplia a inseguran\u00e7a dos propriet\u00e1rios.<\/p>\n<p>&nbsp;<\/p>\n<p>O SIGA MAIS apurou que n\u00e3o \u00e9 a primeira vez que isso ocorre nos trailers, nessa regi\u00e3o. A a\u00e7\u00e3o tem se repetido e se acentuou neste ano. Foi a primeira vez que a a\u00e7\u00e3o criminosa foi nessas propor\u00e7\u00f5es. A Pol\u00edcia Militar foi acionada.<\/p>\n<div class='flex flex-wrap items-center -mx-1'>\r\n<a class='thumbnail gallery p-1 w-1\/2 md:w-1\/4' href='https:\/\/radiolifefm.com.br\/noticias\/wp-content\/uploads\/2021\/10\/img8349jpg1634653705616ed609546a0.jpg'><img class='border border-white' src='https:\/\/radiolifefm.com.br\/noticias\/wp-content\/uploads\/2021\/10\/img8349jpg1634653705616ed609546a0-200x200.jpg' alt='Img8349jpg1634653705616ed609546a0' \/><\/a><a class='thumbnail gallery p-1 w-1\/2 md:w-1\/4' href='https:\/\/radiolifefm.com.br\/noticias\/wp-content\/uploads\/2021\/10\/img8350jpg1634653692616ed5fc8d484.jpg'><img class='border border-white' src='https:\/\/radiolifefm.com.br\/noticias\/wp-content\/uploads\/2021\/10\/img8350jpg1634653692616ed5fc8d484-200x200.jpg' alt='Img8350jpg1634653692616ed5fc8d484' \/><\/a><a class='thumbnail gallery p-1 w-1\/2 md:w-1\/4' href='https:\/\/radiolifefm.com.br\/noticias\/wp-content\/uploads\/2021\/10\/img8352jpg1634653731616ed6238a8cc.jpg'><img class='border border-white' src='https:\/\/radiolifefm.com.br\/noticias\/wp-content\/uploads\/2021\/10\/img8352jpg1634653731616ed6238a8cc-200x200.jpg' alt='Img8352jpg1634653731616ed6238a8cc' \/><\/a><\/div>\n<p>Fonte: Siga Mais<\/p>\n","protected":false},"excerpt":{"rendered":"<p>Um conjunto de trailers de lanches e um que comercializa confec\u00e7\u00f5es, todos nas proximidades da via f\u00e9rrea, centro de Adamantina, foi alvo de arrast\u00e3o na madrugada desta ter\u00e7a-feira (19). Os\u00a0\u00a0dispositivos est\u00e3o localizados no p\u00e1tio da livre e outros na Rua Josefina Dall\u00b4Ant\u00f4nia Tiveron, ao longo da Pra\u00e7a Bas\u00edlio Colombo Marini\/proximidades do pontilh\u00e3o da Rua Joaquim [&hellip;]<\/p>\n","protected":false},"author":13,"featured_media":44356,"comment_status":"closed","ping_status":"open","sticky":false,"template":"","format":"standard","meta":{"_acf_changed":false,"_exactmetrics_skip_tracking":false,"_exactmetrics_sitenote_active":false,"_exactmetrics_sitenote_note":"","_exactmetrics_sitenote_category":0,"footnotes":""},"categories":[21],"tags":[],"class_list":["post-44355","post","type-post","status-publish","format-standard","has-post-thumbnail","hentry","category-adamantina"],"acf":[],"yoast_head":"<!-- This site is optimized with the Yoast SEO plugin v27.2 - https:\/\/yoast.com\/product\/yoast-seo-wordpress\/ -->\n<title>Trailers s\u00e3o alvo de arrast\u00e3o no centro de Adamantina; foram levados mercadorias e dinheiro - R\u00e1dio Life FM<\/title>\n<meta name=\"robots\" content=\"index, follow, max-snippet:-1, max-image-preview:large, max-video-preview:-1\" \/>\n<link rel=\"canonical\" href=\"https:\/\/radiolifefm.com.br\/noticias\/trailers-sao-alvo-de-arrastao-no-centro-de-adamantina-foram-levados-mercadorias-e-dinheiro\/\" \/>\n<meta property=\"og:locale\" content=\"pt_BR\" \/>\n<meta property=\"og:type\" content=\"article\" \/>\n<meta property=\"og:title\" content=\"Trailers s\u00e3o alvo de arrast\u00e3o no centro de Adamantina; foram levados mercadorias e dinheiro - R\u00e1dio Life FM\" \/>\n<meta property=\"og:description\" content=\"Um conjunto de trailers de lanches e um que comercializa confec\u00e7\u00f5es, todos nas proximidades da via f\u00e9rrea, centro de Adamantina, foi alvo de arrast\u00e3o na madrugada desta ter\u00e7a-feira (19). Os\u00a0\u00a0dispositivos est\u00e3o localizados no p\u00e1tio da livre e outros na Rua Josefina Dall\u00b4Ant\u00f4nia Tiveron, ao longo da Pra\u00e7a Bas\u00edlio Colombo Marini\/proximidades do pontilh\u00e3o da Rua Joaquim [&hellip;]\" \/>\n<meta property=\"og:url\" content=\"https:\/\/radiolifefm.com.br\/noticias\/trailers-sao-alvo-de-arrastao-no-centro-de-adamantina-foram-levados-mercadorias-e-dinheiro\/\" \/>\n<meta property=\"og:site_name\" content=\"R\u00e1dio Life FM\" \/>\n<meta property=\"article:publisher\" content=\"https:\/\/www.facebook.com\/radiolifefm\/\" \/>\n<meta property=\"article:published_time\" content=\"2021-10-19T21:37:51+00:00\" \/>\n<meta property=\"article:modified_time\" content=\"2026-04-21T21:43:22+00:00\" \/>\n<meta property=\"og:image\" content=\"https:\/\/radiolifefm.com.br\/noticias\/wp-content\/uploads\/2021\/10\/img8347jpg1634653647616ed5cf6e99d.jpeg\" \/>\n\t<meta property=\"og:image:width\" content=\"600\" \/>\n\t<meta property=\"og:image:height\" content=\"337\" \/>\n\t<meta property=\"og:image:type\" content=\"image\/jpeg\" \/>\n<meta name=\"author\" content=\"ritanery\" \/>\n<meta name=\"twitter:card\" content=\"summary_large_image\" \/>\n<meta name=\"twitter:label1\" content=\"Escrito por\" \/>\n\t<meta name=\"twitter:data1\" content=\"ritanery\" \/>\n\t<meta name=\"twitter:label2\" content=\"Est. tempo de leitura\" \/>\n\t<meta name=\"twitter:data2\" content=\"2 minutos\" \/>\n<script type=\"application\/ld+json\" class=\"yoast-schema-graph\">{\"@context\":\"https:\/\/schema.org\",\"@graph\":[{\"@type\":\"Article\",\"@id\":\"https:\/\/radiolifefm.com.br\/noticias\/trailers-sao-alvo-de-arrastao-no-centro-de-adamantina-foram-levados-mercadorias-e-dinheiro\/#article\",\"isPartOf\":{\"@id\":\"https:\/\/radiolifefm.com.br\/noticias\/trailers-sao-alvo-de-arrastao-no-centro-de-adamantina-foram-levados-mercadorias-e-dinheiro\/\"},\"author\":{\"name\":\"ritanery\",\"@id\":\"https:\/\/radiolifefm.com.br\/noticias\/#\/schema\/person\/6339b9fac59d12b071dec680d7375d87\"},\"headline\":\"Trailers s\u00e3o alvo de arrast\u00e3o no centro de Adamantina; foram levados mercadorias e dinheiro\",\"datePublished\":\"2021-10-19T21:37:51+00:00\",\"dateModified\":\"2026-04-21T21:43:22+00:00\",\"mainEntityOfPage\":{\"@id\":\"https:\/\/radiolifefm.com.br\/noticias\/trailers-sao-alvo-de-arrastao-no-centro-de-adamantina-foram-levados-mercadorias-e-dinheiro\/\"},\"wordCount\":342,\"publisher\":{\"@id\":\"https:\/\/radiolifefm.com.br\/noticias\/#organization\"},\"image\":{\"@id\":\"https:\/\/radiolifefm.com.br\/noticias\/trailers-sao-alvo-de-arrastao-no-centro-de-adamantina-foram-levados-mercadorias-e-dinheiro\/#primaryimage\"},\"thumbnailUrl\":\"https:\/\/radiolifefm.com.br\/noticias\/wp-content\/uploads\/2021\/10\/img8347jpg1634653647616ed5cf6e99d.jpeg\",\"articleSection\":[\"Adamantina\"],\"inLanguage\":\"pt-BR\"},{\"@type\":\"WebPage\",\"@id\":\"https:\/\/radiolifefm.com.br\/noticias\/trailers-sao-alvo-de-arrastao-no-centro-de-adamantina-foram-levados-mercadorias-e-dinheiro\/\",\"url\":\"https:\/\/radiolifefm.com.br\/noticias\/trailers-sao-alvo-de-arrastao-no-centro-de-adamantina-foram-levados-mercadorias-e-dinheiro\/\",\"name\":\"Trailers s\u00e3o alvo de arrast\u00e3o no centro de Adamantina; foram levados mercadorias e dinheiro - R\u00e1dio Life FM\",\"isPartOf\":{\"@id\":\"https:\/\/radiolifefm.com.br\/noticias\/#website\"},\"primaryImageOfPage\":{\"@id\":\"https:\/\/radiolifefm.com.br\/noticias\/trailers-sao-alvo-de-arrastao-no-centro-de-adamantina-foram-levados-mercadorias-e-dinheiro\/#primaryimage\"},\"image\":{\"@id\":\"https:\/\/radiolifefm.com.br\/noticias\/trailers-sao-alvo-de-arrastao-no-centro-de-adamantina-foram-levados-mercadorias-e-dinheiro\/#primaryimage\"},\"thumbnailUrl\":\"https:\/\/radiolifefm.com.br\/noticias\/wp-content\/uploads\/2021\/10\/img8347jpg1634653647616ed5cf6e99d.jpeg\",\"datePublished\":\"2021-10-19T21:37:51+00:00\",\"dateModified\":\"2026-04-21T21:43:22+00:00\",\"breadcrumb\":{\"@id\":\"https:\/\/radiolifefm.com.br\/noticias\/trailers-sao-alvo-de-arrastao-no-centro-de-adamantina-foram-levados-mercadorias-e-dinheiro\/#breadcrumb\"},\"inLanguage\":\"pt-BR\",\"potentialAction\":[{\"@type\":\"ReadAction\",\"target\":[\"https:\/\/radiolifefm.com.br\/noticias\/trailers-sao-alvo-de-arrastao-no-centro-de-adamantina-foram-levados-mercadorias-e-dinheiro\/\"]}]},{\"@type\":\"ImageObject\",\"inLanguage\":\"pt-BR\",\"@id\":\"https:\/\/radiolifefm.com.br\/noticias\/trailers-sao-alvo-de-arrastao-no-centro-de-adamantina-foram-levados-mercadorias-e-dinheiro\/#primaryimage\",\"url\":\"https:\/\/radiolifefm.com.br\/noticias\/wp-content\/uploads\/2021\/10\/img8347jpg1634653647616ed5cf6e99d.jpeg\",\"contentUrl\":\"https:\/\/radiolifefm.com.br\/noticias\/wp-content\/uploads\/2021\/10\/img8347jpg1634653647616ed5cf6e99d.jpeg\",\"width\":600,\"height\":337,\"caption\":\"Propriet\u00e1rios dizem que outros furtos j\u00e1 ocorreram no local, por\u00e9m desta vez teve propor\u00e7\u00e3o maior.\"},{\"@type\":\"BreadcrumbList\",\"@id\":\"https:\/\/radiolifefm.com.br\/noticias\/trailers-sao-alvo-de-arrastao-no-centro-de-adamantina-foram-levados-mercadorias-e-dinheiro\/#breadcrumb\",\"itemListElement\":[{\"@type\":\"ListItem\",\"position\":1,\"name\":\"In\u00edcio\",\"item\":\"https:\/\/radiolifefm.com.br\/noticias\/\"},{\"@type\":\"ListItem\",\"position\":2,\"name\":\"Trailers s\u00e3o alvo de arrast\u00e3o no centro de Adamantina; foram levados mercadorias e dinheiro\"}]},{\"@type\":\"WebSite\",\"@id\":\"https:\/\/radiolifefm.com.br\/noticias\/#website\",\"url\":\"https:\/\/radiolifefm.com.br\/noticias\/\",\"name\":\"R\u00e1dio Life FM\",\"description\":\"O Portal de Not\u00edcias de Adamantina\",\"publisher\":{\"@id\":\"https:\/\/radiolifefm.com.br\/noticias\/#organization\"},\"alternateName\":\"Life FM\",\"potentialAction\":[{\"@type\":\"SearchAction\",\"target\":{\"@type\":\"EntryPoint\",\"urlTemplate\":\"https:\/\/radiolifefm.com.br\/noticias\/?s={search_term_string}\"},\"query-input\":{\"@type\":\"PropertyValueSpecification\",\"valueRequired\":true,\"valueName\":\"search_term_string\"}}],\"inLanguage\":\"pt-BR\"},{\"@type\":\"Organization\",\"@id\":\"https:\/\/radiolifefm.com.br\/noticias\/#organization\",\"name\":\"R\u00e1dio Life FM\",\"alternateName\":\"Life FM\",\"url\":\"https:\/\/radiolifefm.com.br\/noticias\/\",\"logo\":{\"@type\":\"ImageObject\",\"inLanguage\":\"pt-BR\",\"@id\":\"https:\/\/radiolifefm.com.br\/noticias\/#\/schema\/logo\/image\/\",\"url\":\"https:\/\/static.radiolifefm.com.br\/noticias\/wp-content\/uploads\/2019\/10\/logo-lifefm.png\",\"contentUrl\":\"https:\/\/static.radiolifefm.com.br\/noticias\/wp-content\/uploads\/2019\/10\/logo-lifefm.png\",\"width\":196,\"height\":47,\"caption\":\"R\u00e1dio Life FM\"},\"image\":{\"@id\":\"https:\/\/radiolifefm.com.br\/noticias\/#\/schema\/logo\/image\/\"},\"sameAs\":[\"https:\/\/www.facebook.com\/radiolifefm\/\",\"https:\/\/www.instagram.com\/life1079fm\/\"]},{\"@type\":\"Person\",\"@id\":\"https:\/\/radiolifefm.com.br\/noticias\/#\/schema\/person\/6339b9fac59d12b071dec680d7375d87\",\"name\":\"ritanery\",\"image\":{\"@type\":\"ImageObject\",\"inLanguage\":\"pt-BR\",\"@id\":\"https:\/\/secure.gravatar.com\/avatar\/0e37bb19071f47c0b8a23f62a903df117c5a0e75f65a0c2901562f97cd41cf86?s=96&d=mm&r=g\",\"url\":\"https:\/\/secure.gravatar.com\/avatar\/0e37bb19071f47c0b8a23f62a903df117c5a0e75f65a0c2901562f97cd41cf86?s=96&d=mm&r=g\",\"contentUrl\":\"https:\/\/secure.gravatar.com\/avatar\/0e37bb19071f47c0b8a23f62a903df117c5a0e75f65a0c2901562f97cd41cf86?s=96&d=mm&r=g\",\"caption\":\"ritanery\"}}]}<\/script>\n<!-- \/ Yoast SEO plugin. -->","yoast_head_json":{"title":"Trailers s\u00e3o alvo de arrast\u00e3o no centro de Adamantina; foram levados mercadorias e dinheiro - R\u00e1dio Life FM","robots":{"index":"index","follow":"follow","max-snippet":"max-snippet:-1","max-image-preview":"max-image-preview:large","max-video-preview":"max-video-preview:-1"},"canonical":"https:\/\/radiolifefm.com.br\/noticias\/trailers-sao-alvo-de-arrastao-no-centro-de-adamantina-foram-levados-mercadorias-e-dinheiro\/","og_locale":"pt_BR","og_type":"article","og_title":"Trailers s\u00e3o alvo de arrast\u00e3o no centro de Adamantina; foram levados mercadorias e dinheiro - R\u00e1dio Life FM","og_description":"Um conjunto de trailers de lanches e um que comercializa confec\u00e7\u00f5es, todos nas proximidades da via f\u00e9rrea, centro de Adamantina, foi alvo de arrast\u00e3o na madrugada desta ter\u00e7a-feira (19). Os\u00a0\u00a0dispositivos est\u00e3o localizados no p\u00e1tio da livre e outros na Rua Josefina Dall\u00b4Ant\u00f4nia Tiveron, ao longo da Pra\u00e7a Bas\u00edlio Colombo Marini\/proximidades do pontilh\u00e3o da Rua Joaquim [&hellip;]","og_url":"https:\/\/radiolifefm.com.br\/noticias\/trailers-sao-alvo-de-arrastao-no-centro-de-adamantina-foram-levados-mercadorias-e-dinheiro\/","og_site_name":"R\u00e1dio Life FM","article_publisher":"https:\/\/www.facebook.com\/radiolifefm\/","article_published_time":"2021-10-19T21:37:51+00:00","article_modified_time":"2026-04-21T21:43:22+00:00","og_image":[{"width":600,"height":337,"url":"https:\/\/radiolifefm.com.br\/noticias\/wp-content\/uploads\/2021\/10\/img8347jpg1634653647616ed5cf6e99d.jpeg","type":"image\/jpeg"}],"author":"ritanery","twitter_card":"summary_large_image","twitter_misc":{"Escrito por":"ritanery","Est. tempo de leitura":"2 minutos"},"schema":{"@context":"https:\/\/schema.org","@graph":[{"@type":"Article","@id":"https:\/\/radiolifefm.com.br\/noticias\/trailers-sao-alvo-de-arrastao-no-centro-de-adamantina-foram-levados-mercadorias-e-dinheiro\/#article","isPartOf":{"@id":"https:\/\/radiolifefm.com.br\/noticias\/trailers-sao-alvo-de-arrastao-no-centro-de-adamantina-foram-levados-mercadorias-e-dinheiro\/"},"author":{"name":"ritanery","@id":"https:\/\/radiolifefm.com.br\/noticias\/#\/schema\/person\/6339b9fac59d12b071dec680d7375d87"},"headline":"Trailers s\u00e3o alvo de arrast\u00e3o no centro de Adamantina; foram levados mercadorias e dinheiro","datePublished":"2021-10-19T21:37:51+00:00","dateModified":"2026-04-21T21:43:22+00:00","mainEntityOfPage":{"@id":"https:\/\/radiolifefm.com.br\/noticias\/trailers-sao-alvo-de-arrastao-no-centro-de-adamantina-foram-levados-mercadorias-e-dinheiro\/"},"wordCount":342,"publisher":{"@id":"https:\/\/radiolifefm.com.br\/noticias\/#organization"},"image":{"@id":"https:\/\/radiolifefm.com.br\/noticias\/trailers-sao-alvo-de-arrastao-no-centro-de-adamantina-foram-levados-mercadorias-e-dinheiro\/#primaryimage"},"thumbnailUrl":"https:\/\/radiolifefm.com.br\/noticias\/wp-content\/uploads\/2021\/10\/img8347jpg1634653647616ed5cf6e99d.jpeg","articleSection":["Adamantina"],"inLanguage":"pt-BR"},{"@type":"WebPage","@id":"https:\/\/radiolifefm.com.br\/noticias\/trailers-sao-alvo-de-arrastao-no-centro-de-adamantina-foram-levados-mercadorias-e-dinheiro\/","url":"https:\/\/radiolifefm.com.br\/noticias\/trailers-sao-alvo-de-arrastao-no-centro-de-adamantina-foram-levados-mercadorias-e-dinheiro\/","name":"Trailers s\u00e3o alvo de arrast\u00e3o no centro de Adamantina; foram levados mercadorias e dinheiro - R\u00e1dio Life FM","isPartOf":{"@id":"https:\/\/radiolifefm.com.br\/noticias\/#website"},"primaryImageOfPage":{"@id":"https:\/\/radiolifefm.com.br\/noticias\/trailers-sao-alvo-de-arrastao-no-centro-de-adamantina-foram-levados-mercadorias-e-dinheiro\/#primaryimage"},"image":{"@id":"https:\/\/radiolifefm.com.br\/noticias\/trailers-sao-alvo-de-arrastao-no-centro-de-adamantina-foram-levados-mercadorias-e-dinheiro\/#primaryimage"},"thumbnailUrl":"https:\/\/radiolifefm.com.br\/noticias\/wp-content\/uploads\/2021\/10\/img8347jpg1634653647616ed5cf6e99d.jpeg","datePublished":"2021-10-19T21:37:51+00:00","dateModified":"2026-04-21T21:43:22+00:00","breadcrumb":{"@id":"https:\/\/radiolifefm.com.br\/noticias\/trailers-sao-alvo-de-arrastao-no-centro-de-adamantina-foram-levados-mercadorias-e-dinheiro\/#breadcrumb"},"inLanguage":"pt-BR","potentialAction":[{"@type":"ReadAction","target":["https:\/\/radiolifefm.com.br\/noticias\/trailers-sao-alvo-de-arrastao-no-centro-de-adamantina-foram-levados-mercadorias-e-dinheiro\/"]}]},{"@type":"ImageObject","inLanguage":"pt-BR","@id":"https:\/\/radiolifefm.com.br\/noticias\/trailers-sao-alvo-de-arrastao-no-centro-de-adamantina-foram-levados-mercadorias-e-dinheiro\/#primaryimage","url":"https:\/\/radiolifefm.com.br\/noticias\/wp-content\/uploads\/2021\/10\/img8347jpg1634653647616ed5cf6e99d.jpeg","contentUrl":"https:\/\/radiolifefm.com.br\/noticias\/wp-content\/uploads\/2021\/10\/img8347jpg1634653647616ed5cf6e99d.jpeg","width":600,"height":337,"caption":"Propriet\u00e1rios dizem que outros furtos j\u00e1 ocorreram no local, por\u00e9m desta vez teve propor\u00e7\u00e3o maior."},{"@type":"BreadcrumbList","@id":"https:\/\/radiolifefm.com.br\/noticias\/trailers-sao-alvo-de-arrastao-no-centro-de-adamantina-foram-levados-mercadorias-e-dinheiro\/#breadcrumb","itemListElement":[{"@type":"ListItem","position":1,"name":"In\u00edcio","item":"https:\/\/radiolifefm.com.br\/noticias\/"},{"@type":"ListItem","position":2,"name":"Trailers s\u00e3o alvo de arrast\u00e3o no centro de Adamantina; foram levados mercadorias e dinheiro"}]},{"@type":"WebSite","@id":"https:\/\/radiolifefm.com.br\/noticias\/#website","url":"https:\/\/radiolifefm.com.br\/noticias\/","name":"R\u00e1dio Life FM","description":"O Portal de Not\u00edcias de Adamantina","publisher":{"@id":"https:\/\/radiolifefm.com.br\/noticias\/#organization"},"alternateName":"Life FM","potentialAction":[{"@type":"SearchAction","target":{"@type":"EntryPoint","urlTemplate":"https:\/\/radiolifefm.com.br\/noticias\/?s={search_term_string}"},"query-input":{"@type":"PropertyValueSpecification","valueRequired":true,"valueName":"search_term_string"}}],"inLanguage":"pt-BR"},{"@type":"Organization","@id":"https:\/\/radiolifefm.com.br\/noticias\/#organization","name":"R\u00e1dio Life FM","alternateName":"Life FM","url":"https:\/\/radiolifefm.com.br\/noticias\/","logo":{"@type":"ImageObject","inLanguage":"pt-BR","@id":"https:\/\/radiolifefm.com.br\/noticias\/#\/schema\/logo\/image\/","url":"https:\/\/static.radiolifefm.com.br\/noticias\/wp-content\/uploads\/2019\/10\/logo-lifefm.png","contentUrl":"https:\/\/static.radiolifefm.com.br\/noticias\/wp-content\/uploads\/2019\/10\/logo-lifefm.png","width":196,"height":47,"caption":"R\u00e1dio Life FM"},"image":{"@id":"https:\/\/radiolifefm.com.br\/noticias\/#\/schema\/logo\/image\/"},"sameAs":["https:\/\/www.facebook.com\/radiolifefm\/","https:\/\/www.instagram.com\/life1079fm\/"]},{"@type":"Person","@id":"https:\/\/radiolifefm.com.br\/noticias\/#\/schema\/person\/6339b9fac59d12b071dec680d7375d87","name":"ritanery","image":{"@type":"ImageObject","inLanguage":"pt-BR","@id":"https:\/\/secure.gravatar.com\/avatar\/0e37bb19071f47c0b8a23f62a903df117c5a0e75f65a0c2901562f97cd41cf86?s=96&d=mm&r=g","url":"https:\/\/secure.gravatar.com\/avatar\/0e37bb19071f47c0b8a23f62a903df117c5a0e75f65a0c2901562f97cd41cf86?s=96&d=mm&r=g","contentUrl":"https:\/\/secure.gravatar.com\/avatar\/0e37bb19071f47c0b8a23f62a903df117c5a0e75f65a0c2901562f97cd41cf86?s=96&d=mm&r=g","caption":"ritanery"}}]}},"amp_enabled":true,"_links":{"self":[{"href":"https:\/\/radiolifefm.com.br\/noticias\/wp-json\/wp\/v2\/posts\/44355","targetHints":{"allow":["GET"]}}],"collection":[{"href":"https:\/\/radiolifefm.com.br\/noticias\/wp-json\/wp\/v2\/posts"}],"about":[{"href":"https:\/\/radiolifefm.com.br\/noticias\/wp-json\/wp\/v2\/types\/post"}],"author":[{"embeddable":true,"href":"https:\/\/radiolifefm.com.br\/noticias\/wp-json\/wp\/v2\/users\/13"}],"replies":[{"embeddable":true,"href":"https:\/\/radiolifefm.com.br\/noticias\/wp-json\/wp\/v2\/comments?post=44355"}],"version-history":[{"count":1,"href":"https:\/\/radiolifefm.com.br\/noticias\/wp-json\/wp\/v2\/posts\/44355\/revisions"}],"predecessor-version":[{"id":44360,"href":"https:\/\/radiolifefm.com.br\/noticias\/wp-json\/wp\/v2\/posts\/44355\/revisions\/44360"}],"wp:featuredmedia":[{"embeddable":true,"href":"https:\/\/radiolifefm.com.br\/noticias\/wp-json\/wp\/v2\/media\/44356"}],"wp:attachment":[{"href":"https:\/\/radiolifefm.com.br\/noticias\/wp-json\/wp\/v2\/media?parent=44355"}],"wp:term":[{"taxonomy":"category","embeddable":true,"href":"https:\/\/radiolifefm.com.br\/noticias\/wp-json\/wp\/v2\/categories?post=44355"},{"taxonomy":"post_tag","embeddable":true,"href":"https:\/\/radiolifefm.com.br\/noticias\/wp-json\/wp\/v2\/tags?post=44355"}],"curies":[{"name":"wp","href":"https:\/\/api.w.org\/{rel}","templated":true}]}}