{"id":44257,"date":"2021-10-18T19:13:30","date_gmt":"2021-10-18T22:13:30","guid":{"rendered":"https:\/\/radiolifefm.com.br\/noticias\/?p=44257"},"modified":"2026-07-15T14:21:41","modified_gmt":"2026-07-15T17:21:41","slug":"acidente-grave-causa-mortes-na-rodovia-adamantina-mariapolis","status":"publish","type":"post","link":"https:\/\/radiolifefm.com.br\/noticias\/acidente-grave-causa-mortes-na-rodovia-adamantina-mariapolis\/","title":{"rendered":"Acidente grave causa mortes na Rodovia Adamantina\/Mari\u00e1polis"},"content":{"rendered":"<div id=\"fb-root\"><\/div>\n<p>Um grave acidente no final da tarde desta segunda-feira (18) fez, inicialmente, duas mortes na Rodovia Adamantina\/Mari\u00e1polis (SPA 592\/294), altura do km 5, proximidades do acesso ao bairro Tupanzinho, que faleceram no local. Uma terceiro envolvido foi socorrido em estado grave, por\u00e9m n\u00e3o resistiu e morreu logo depois. Assim, a trag\u00e9dia deixa um saldo de tr\u00eas mortes.<\/p>\n<p>&nbsp;<\/p>\n<p>De acordo com a Pol\u00edcia Militar Rodovi\u00e1ria, o acidente envolveu tr\u00eas ve\u00edculos de passeio: um Ford Verona com placas de Fl\u00f3rida Paulista, que tracionava um semirreboque, onde dois ocupantes foram relatados como v\u00edtimas fatais; um Hyundai HB20, com placas de Mari\u00e1polis conduzido pela terceira v\u00edtima fatal; e um GM Celta, com placas de Adamantina, que n\u00e3o derivou para feridos.<\/p>\n<p>&nbsp;<\/p>\n<p>As circunst\u00e2ncias do acidente dever\u00e3o ser confirmadas somente ap\u00f3s a per\u00edcia t\u00e9cnica, o que vai ser objetivo de apura\u00e7\u00e3o no \u00e2mbito da Pol\u00edcia Civil, na tentativa de identificar eventuais responsabilidades.<\/p>\n<p>&nbsp;<\/p>\n<p>A princ\u00edpio, segundo a PM Rodovi\u00e1ria, o autom\u00f3vel Ford Verona seguia no sentido Adamantina\/Mari\u00e1polis e o HB20 em sentido contr\u00e1rio, quando houve a colis\u00e3o. J\u00e1 o autom\u00f3vel Celta, que seguia no sentido Adamantina\/Mari\u00e1polis acabou colidindo tamb\u00e9m. O Ford Verona partiu ao meio. Imagens que circularam por aplicativos de mensagens mostravam dois corpos na pista.<\/p>\n<p>&nbsp;<\/p>\n<p>Desde o acionamento do policiamento e das equipes de socorro o local foi interditado para a passagem de ve\u00edculos. Equipes da Pol\u00edcia Militar, Pol\u00edcia Militar Rodovi\u00e1ria, Corpo de Bombeiros, da Concession\u00e1ria Eixo e ambul\u00e2ncias de apoio atuaram no local.<\/p>\n<p>O tr\u00e2nsito ficou interrompido para o trabalho das equipes e a \u00e1rea do acidente preservada para os peritos da Pol\u00edcia Cient\u00edfica, para posterior remo\u00e7\u00e3o dos ve\u00edculos e detritos e limpeza da pista.<\/p>\n<p>&nbsp;<\/p>\n<p>O local e a posi\u00e7\u00e3o final dos ve\u00edculos e corpos s\u00e3o objeto do trabalho pericial, cujo laudo far\u00e1 parte das investiga\u00e7\u00f5es no \u00e2mbito da Pol\u00edcia Civil, na tentativa de esclarecer a din\u00e2mica do acidente e apurar eventuais responsabilidades. Os corpos das v\u00edtimas devem ser submetidos ao trabalho pericial pelo Instituto M\u00e9dico Legal (IML).<\/p>\n<p>&nbsp;<\/p>\n<p>A vicinal, que \u00e9 um acesso da Rodovia Comandante Jo\u00e3o Ribeiro de Barros \u00e9 um acesso da pista a Mari\u00e1polis (Acesso SPA 592\/294). A extens\u00e3o da via \u00e9 administrada pela Concession\u00e1ria Eixo SP. A denomina\u00e7\u00e3o 592 se refere ao km do trevo principal de Adamantina.<\/p>\n<p>Ocorr\u00eancia em andamento<\/p>\n<div class='flex flex-wrap items-center -mx-1'>\r\n<a class='thumbnail gallery p-1 w-1\/2 md:w-1\/4' href='https:\/\/radiolifefm.com.br\/noticias\/wp-content\/uploads\/2021\/10\/acid1png1634596096616df500bfd80.jpg'><img class='border border-white' src='https:\/\/radiolifefm.com.br\/noticias\/wp-content\/uploads\/2021\/10\/acid1png1634596096616df500bfd80-200x200.jpg' alt='Acid1png1634596096616df500bfd80' \/><\/a><a class='thumbnail gallery p-1 w-1\/2 md:w-1\/4' href='https:\/\/radiolifefm.com.br\/noticias\/wp-content\/uploads\/2021\/10\/acid2jpg1634596211616df5738f3c7.jpg'><img class='border border-white' src='https:\/\/radiolifefm.com.br\/noticias\/wp-content\/uploads\/2021\/10\/acid2jpg1634596211616df5738f3c7-200x200.jpg' alt='Acid2jpg1634596211616df5738f3c7' \/><\/a><a class='thumbnail gallery p-1 w-1\/2 md:w-1\/4' href='https:\/\/radiolifefm.com.br\/noticias\/wp-content\/uploads\/2021\/10\/acid3jpg1634596120616df5190005b.jpg'><img class='border border-white' src='https:\/\/radiolifefm.com.br\/noticias\/wp-content\/uploads\/2021\/10\/acid3jpg1634596120616df5190005b-200x200.jpg' alt='Acid3jpg1634596120616df5190005b' \/><\/a><a class='thumbnail gallery p-1 w-1\/2 md:w-1\/4' href='https:\/\/radiolifefm.com.br\/noticias\/wp-content\/uploads\/2021\/10\/acid4jpg1634596200616df568799a7.jpg'><img class='border border-white' src='https:\/\/radiolifefm.com.br\/noticias\/wp-content\/uploads\/2021\/10\/acid4jpg1634596200616df568799a7-200x200.jpg' alt='Acid4jpg1634596200616df568799a7' \/><\/a><a class='thumbnail gallery p-1 w-1\/2 md:w-1\/4' href='https:\/\/radiolifefm.com.br\/noticias\/wp-content\/uploads\/2021\/10\/acid5jpg1634596185616df5590c067.jpg'><img class='border border-white' src='https:\/\/radiolifefm.com.br\/noticias\/wp-content\/uploads\/2021\/10\/acid5jpg1634596185616df5590c067-200x200.jpg' alt='Acid5jpg1634596185616df5590c067' \/><\/a><a class='thumbnail gallery p-1 w-1\/2 md:w-1\/4' href='https:\/\/radiolifefm.com.br\/noticias\/wp-content\/uploads\/2021\/10\/acid6jpg1634596224616df5808bf4e.jpg'><img class='border border-white' src='https:\/\/radiolifefm.com.br\/noticias\/wp-content\/uploads\/2021\/10\/acid6jpg1634596224616df5808bf4e-200x200.jpg' alt='Acid6jpg1634596224616df5808bf4e' \/><\/a><a class='thumbnail gallery p-1 w-1\/2 md:w-1\/4' href='https:\/\/radiolifefm.com.br\/noticias\/wp-content\/uploads\/2021\/10\/mar2jpg1634594560616def0027883-1.jpg'><img class='border border-white' src='https:\/\/radiolifefm.com.br\/noticias\/wp-content\/uploads\/2021\/10\/mar2jpg1634594560616def0027883-1-200x200.jpg' alt='Mar2jpg1634594560616def0027883 (1)' \/><\/a><\/div>\n<p>Fonte; Siga Mais<\/p>\n","protected":false},"excerpt":{"rendered":"<p>Um grave acidente no final da tarde desta segunda-feira (18) fez, inicialmente, duas mortes na Rodovia Adamantina\/Mari\u00e1polis (SPA 592\/294), altura do km 5, proximidades do acesso ao bairro Tupanzinho, que faleceram no local. Uma terceiro envolvido foi socorrido em estado grave, por\u00e9m n\u00e3o resistiu e morreu logo depois. Assim, a trag\u00e9dia deixa um saldo de [&hellip;]<\/p>\n","protected":false},"author":13,"featured_media":44258,"comment_status":"closed","ping_status":"open","sticky":false,"template":"","format":"standard","meta":{"_acf_changed":false,"_exactmetrics_skip_tracking":false,"footnotes":""},"categories":[21],"tags":[],"class_list":["post-44257","post","type-post","status-publish","format-standard","has-post-thumbnail","hentry","category-adamantina"],"acf":[],"yoast_head":"<!-- This site is optimized with the Yoast SEO plugin v28.2 - https:\/\/yoast.com\/product\/yoast-seo-wordpress\/ -->\n<title>Acidente grave causa mortes na Rodovia Adamantina\/Mari\u00e1polis - R\u00e1dio Life FM<\/title>\n<meta name=\"robots\" content=\"index, follow, max-snippet:-1, max-image-preview:large, max-video-preview:-1\" \/>\n<link rel=\"canonical\" href=\"https:\/\/radiolifefm.com.br\/noticias\/acidente-grave-causa-mortes-na-rodovia-adamantina-mariapolis\/\" \/>\n<meta property=\"og:locale\" content=\"pt_BR\" \/>\n<meta property=\"og:type\" content=\"article\" \/>\n<meta property=\"og:title\" content=\"Acidente grave causa mortes na Rodovia Adamantina\/Mari\u00e1polis - R\u00e1dio Life FM\" \/>\n<meta property=\"og:description\" content=\"Um grave acidente no final da tarde desta segunda-feira (18) fez, inicialmente, duas mortes na Rodovia Adamantina\/Mari\u00e1polis (SPA 592\/294), altura do km 5, proximidades do acesso ao bairro Tupanzinho, que faleceram no local. Uma terceiro envolvido foi socorrido em estado grave, por\u00e9m n\u00e3o resistiu e morreu logo depois. Assim, a trag\u00e9dia deixa um saldo de [&hellip;]\" \/>\n<meta property=\"og:url\" content=\"https:\/\/radiolifefm.com.br\/noticias\/acidente-grave-causa-mortes-na-rodovia-adamantina-mariapolis\/\" \/>\n<meta property=\"og:site_name\" content=\"R\u00e1dio Life FM\" \/>\n<meta property=\"article:publisher\" content=\"https:\/\/www.facebook.com\/radiolifefm\/\" \/>\n<meta property=\"article:published_time\" content=\"2021-10-18T22:13:30+00:00\" \/>\n<meta property=\"article:modified_time\" content=\"2026-07-15T17:21:41+00:00\" \/>\n<meta property=\"og:image\" content=\"https:\/\/radiolifefm.com.br\/noticias\/wp-content\/uploads\/2021\/10\/mar1jpeg1634594070616ded16a3fd4.jpeg\" \/>\n\t<meta property=\"og:image:width\" content=\"600\" \/>\n\t<meta property=\"og:image:height\" content=\"337\" \/>\n\t<meta property=\"og:image:type\" content=\"image\/jpeg\" \/>\n<meta name=\"author\" content=\"ritanery\" \/>\n<meta name=\"twitter:card\" content=\"summary_large_image\" \/>\n<meta name=\"twitter:label1\" content=\"Escrito por\" \/>\n\t<meta name=\"twitter:data1\" content=\"ritanery\" \/>\n\t<meta name=\"twitter:label2\" content=\"Est. tempo de leitura\" \/>\n\t<meta name=\"twitter:data2\" content=\"2 minutos\" \/>\n<script type=\"application\/ld+json\" class=\"yoast-schema-graph\">{\"@context\":\"https:\\\/\\\/schema.org\",\"@graph\":[{\"@type\":\"Article\",\"@id\":\"https:\\\/\\\/radiolifefm.com.br\\\/noticias\\\/acidente-grave-causa-mortes-na-rodovia-adamantina-mariapolis\\\/#article\",\"isPartOf\":{\"@id\":\"https:\\\/\\\/radiolifefm.com.br\\\/noticias\\\/acidente-grave-causa-mortes-na-rodovia-adamantina-mariapolis\\\/\"},\"author\":{\"name\":\"ritanery\",\"@id\":\"https:\\\/\\\/radiolifefm.com.br\\\/noticias\\\/#\\\/schema\\\/person\\\/6339b9fac59d12b071dec680d7375d87\"},\"headline\":\"Acidente grave causa mortes na Rodovia Adamantina\\\/Mari\u00e1polis\",\"datePublished\":\"2021-10-18T22:13:30+00:00\",\"dateModified\":\"2026-07-15T17:21:41+00:00\",\"mainEntityOfPage\":{\"@id\":\"https:\\\/\\\/radiolifefm.com.br\\\/noticias\\\/acidente-grave-causa-mortes-na-rodovia-adamantina-mariapolis\\\/\"},\"wordCount\":445,\"publisher\":{\"@id\":\"https:\\\/\\\/radiolifefm.com.br\\\/noticias\\\/#organization\"},\"image\":{\"@id\":\"https:\\\/\\\/radiolifefm.com.br\\\/noticias\\\/acidente-grave-causa-mortes-na-rodovia-adamantina-mariapolis\\\/#primaryimage\"},\"thumbnailUrl\":\"https:\\\/\\\/radiolifefm.com.br\\\/noticias\\\/wp-content\\\/uploads\\\/2021\\\/10\\\/mar1jpeg1634594070616ded16a3fd4.jpeg\",\"articleSection\":[\"Adamantina\"],\"inLanguage\":\"pt-BR\"},{\"@type\":\"WebPage\",\"@id\":\"https:\\\/\\\/radiolifefm.com.br\\\/noticias\\\/acidente-grave-causa-mortes-na-rodovia-adamantina-mariapolis\\\/\",\"url\":\"https:\\\/\\\/radiolifefm.com.br\\\/noticias\\\/acidente-grave-causa-mortes-na-rodovia-adamantina-mariapolis\\\/\",\"name\":\"Acidente grave causa mortes na Rodovia Adamantina\\\/Mari\u00e1polis - R\u00e1dio Life FM\",\"isPartOf\":{\"@id\":\"https:\\\/\\\/radiolifefm.com.br\\\/noticias\\\/#website\"},\"primaryImageOfPage\":{\"@id\":\"https:\\\/\\\/radiolifefm.com.br\\\/noticias\\\/acidente-grave-causa-mortes-na-rodovia-adamantina-mariapolis\\\/#primaryimage\"},\"image\":{\"@id\":\"https:\\\/\\\/radiolifefm.com.br\\\/noticias\\\/acidente-grave-causa-mortes-na-rodovia-adamantina-mariapolis\\\/#primaryimage\"},\"thumbnailUrl\":\"https:\\\/\\\/radiolifefm.com.br\\\/noticias\\\/wp-content\\\/uploads\\\/2021\\\/10\\\/mar1jpeg1634594070616ded16a3fd4.jpeg\",\"datePublished\":\"2021-10-18T22:13:30+00:00\",\"dateModified\":\"2026-07-15T17:21:41+00:00\",\"breadcrumb\":{\"@id\":\"https:\\\/\\\/radiolifefm.com.br\\\/noticias\\\/acidente-grave-causa-mortes-na-rodovia-adamantina-mariapolis\\\/#breadcrumb\"},\"inLanguage\":\"pt-BR\",\"potentialAction\":[{\"@type\":\"ReadAction\",\"target\":[\"https:\\\/\\\/radiolifefm.com.br\\\/noticias\\\/acidente-grave-causa-mortes-na-rodovia-adamantina-mariapolis\\\/\"]}]},{\"@type\":\"ImageObject\",\"inLanguage\":\"pt-BR\",\"@id\":\"https:\\\/\\\/radiolifefm.com.br\\\/noticias\\\/acidente-grave-causa-mortes-na-rodovia-adamantina-mariapolis\\\/#primaryimage\",\"url\":\"https:\\\/\\\/radiolifefm.com.br\\\/noticias\\\/wp-content\\\/uploads\\\/2021\\\/10\\\/mar1jpeg1634594070616ded16a3fd4.jpeg\",\"contentUrl\":\"https:\\\/\\\/radiolifefm.com.br\\\/noticias\\\/wp-content\\\/uploads\\\/2021\\\/10\\\/mar1jpeg1634594070616ded16a3fd4.jpeg\",\"width\":600,\"height\":337,\"caption\":\"Acidente foi na Rodovia Adamantina\\\/Mari\u00e1polis, pr\u00f3ximo ao acesso ao bairro Tupanzinho.\"},{\"@type\":\"BreadcrumbList\",\"@id\":\"https:\\\/\\\/radiolifefm.com.br\\\/noticias\\\/acidente-grave-causa-mortes-na-rodovia-adamantina-mariapolis\\\/#breadcrumb\",\"itemListElement\":[{\"@type\":\"ListItem\",\"position\":1,\"name\":\"In\u00edcio\",\"item\":\"https:\\\/\\\/radiolifefm.com.br\\\/noticias\\\/\"},{\"@type\":\"ListItem\",\"position\":2,\"name\":\"Acidente grave causa mortes na Rodovia Adamantina\\\/Mari\u00e1polis\"}]},{\"@type\":\"WebSite\",\"@id\":\"https:\\\/\\\/radiolifefm.com.br\\\/noticias\\\/#website\",\"url\":\"https:\\\/\\\/radiolifefm.com.br\\\/noticias\\\/\",\"name\":\"R\u00e1dio Life FM\",\"description\":\"O Portal de Not\u00edcias de Adamantina\",\"publisher\":{\"@id\":\"https:\\\/\\\/radiolifefm.com.br\\\/noticias\\\/#organization\"},\"alternateName\":\"Life FM\",\"potentialAction\":[{\"@type\":\"SearchAction\",\"target\":{\"@type\":\"EntryPoint\",\"urlTemplate\":\"https:\\\/\\\/radiolifefm.com.br\\\/noticias\\\/?s={search_term_string}\"},\"query-input\":{\"@type\":\"PropertyValueSpecification\",\"valueRequired\":true,\"valueName\":\"search_term_string\"}}],\"inLanguage\":\"pt-BR\"},{\"@type\":\"Organization\",\"@id\":\"https:\\\/\\\/radiolifefm.com.br\\\/noticias\\\/#organization\",\"name\":\"R\u00e1dio Life FM\",\"alternateName\":\"Life FM\",\"url\":\"https:\\\/\\\/radiolifefm.com.br\\\/noticias\\\/\",\"logo\":{\"@type\":\"ImageObject\",\"inLanguage\":\"pt-BR\",\"@id\":\"https:\\\/\\\/radiolifefm.com.br\\\/noticias\\\/#\\\/schema\\\/logo\\\/image\\\/\",\"url\":\"https:\\\/\\\/static.radiolifefm.com.br\\\/noticias\\\/wp-content\\\/uploads\\\/2019\\\/10\\\/logo-lifefm.png\",\"contentUrl\":\"https:\\\/\\\/static.radiolifefm.com.br\\\/noticias\\\/wp-content\\\/uploads\\\/2019\\\/10\\\/logo-lifefm.png\",\"width\":196,\"height\":47,\"caption\":\"R\u00e1dio Life FM\"},\"image\":{\"@id\":\"https:\\\/\\\/radiolifefm.com.br\\\/noticias\\\/#\\\/schema\\\/logo\\\/image\\\/\"},\"sameAs\":[\"https:\\\/\\\/www.facebook.com\\\/radiolifefm\\\/\",\"https:\\\/\\\/www.instagram.com\\\/life1079fm\\\/\"]},{\"@type\":\"Person\",\"@id\":\"https:\\\/\\\/radiolifefm.com.br\\\/noticias\\\/#\\\/schema\\\/person\\\/6339b9fac59d12b071dec680d7375d87\",\"name\":\"ritanery\",\"image\":{\"@type\":\"ImageObject\",\"inLanguage\":\"pt-BR\",\"@id\":\"https:\\\/\\\/secure.gravatar.com\\\/avatar\\\/0e37bb19071f47c0b8a23f62a903df117c5a0e75f65a0c2901562f97cd41cf86?s=96&d=mm&r=g\",\"url\":\"https:\\\/\\\/secure.gravatar.com\\\/avatar\\\/0e37bb19071f47c0b8a23f62a903df117c5a0e75f65a0c2901562f97cd41cf86?s=96&d=mm&r=g\",\"contentUrl\":\"https:\\\/\\\/secure.gravatar.com\\\/avatar\\\/0e37bb19071f47c0b8a23f62a903df117c5a0e75f65a0c2901562f97cd41cf86?s=96&d=mm&r=g\",\"caption\":\"ritanery\"}}]}<\/script>\n<!-- \/ Yoast SEO plugin. -->","yoast_head_json":{"title":"Acidente grave causa mortes na Rodovia Adamantina\/Mari\u00e1polis - R\u00e1dio Life FM","robots":{"index":"index","follow":"follow","max-snippet":"max-snippet:-1","max-image-preview":"max-image-preview:large","max-video-preview":"max-video-preview:-1"},"canonical":"https:\/\/radiolifefm.com.br\/noticias\/acidente-grave-causa-mortes-na-rodovia-adamantina-mariapolis\/","og_locale":"pt_BR","og_type":"article","og_title":"Acidente grave causa mortes na Rodovia Adamantina\/Mari\u00e1polis - R\u00e1dio Life FM","og_description":"Um grave acidente no final da tarde desta segunda-feira (18) fez, inicialmente, duas mortes na Rodovia Adamantina\/Mari\u00e1polis (SPA 592\/294), altura do km 5, proximidades do acesso ao bairro Tupanzinho, que faleceram no local. Uma terceiro envolvido foi socorrido em estado grave, por\u00e9m n\u00e3o resistiu e morreu logo depois. Assim, a trag\u00e9dia deixa um saldo de [&hellip;]","og_url":"https:\/\/radiolifefm.com.br\/noticias\/acidente-grave-causa-mortes-na-rodovia-adamantina-mariapolis\/","og_site_name":"R\u00e1dio Life FM","article_publisher":"https:\/\/www.facebook.com\/radiolifefm\/","article_published_time":"2021-10-18T22:13:30+00:00","article_modified_time":"2026-07-15T17:21:41+00:00","og_image":[{"width":600,"height":337,"url":"https:\/\/radiolifefm.com.br\/noticias\/wp-content\/uploads\/2021\/10\/mar1jpeg1634594070616ded16a3fd4.jpeg","type":"image\/jpeg"}],"author":"ritanery","twitter_card":"summary_large_image","twitter_misc":{"Escrito por":"ritanery","Est. tempo de leitura":"2 minutos"},"schema":{"@context":"https:\/\/schema.org","@graph":[{"@type":"Article","@id":"https:\/\/radiolifefm.com.br\/noticias\/acidente-grave-causa-mortes-na-rodovia-adamantina-mariapolis\/#article","isPartOf":{"@id":"https:\/\/radiolifefm.com.br\/noticias\/acidente-grave-causa-mortes-na-rodovia-adamantina-mariapolis\/"},"author":{"name":"ritanery","@id":"https:\/\/radiolifefm.com.br\/noticias\/#\/schema\/person\/6339b9fac59d12b071dec680d7375d87"},"headline":"Acidente grave causa mortes na Rodovia Adamantina\/Mari\u00e1polis","datePublished":"2021-10-18T22:13:30+00:00","dateModified":"2026-07-15T17:21:41+00:00","mainEntityOfPage":{"@id":"https:\/\/radiolifefm.com.br\/noticias\/acidente-grave-causa-mortes-na-rodovia-adamantina-mariapolis\/"},"wordCount":445,"publisher":{"@id":"https:\/\/radiolifefm.com.br\/noticias\/#organization"},"image":{"@id":"https:\/\/radiolifefm.com.br\/noticias\/acidente-grave-causa-mortes-na-rodovia-adamantina-mariapolis\/#primaryimage"},"thumbnailUrl":"https:\/\/radiolifefm.com.br\/noticias\/wp-content\/uploads\/2021\/10\/mar1jpeg1634594070616ded16a3fd4.jpeg","articleSection":["Adamantina"],"inLanguage":"pt-BR"},{"@type":"WebPage","@id":"https:\/\/radiolifefm.com.br\/noticias\/acidente-grave-causa-mortes-na-rodovia-adamantina-mariapolis\/","url":"https:\/\/radiolifefm.com.br\/noticias\/acidente-grave-causa-mortes-na-rodovia-adamantina-mariapolis\/","name":"Acidente grave causa mortes na Rodovia Adamantina\/Mari\u00e1polis - R\u00e1dio Life FM","isPartOf":{"@id":"https:\/\/radiolifefm.com.br\/noticias\/#website"},"primaryImageOfPage":{"@id":"https:\/\/radiolifefm.com.br\/noticias\/acidente-grave-causa-mortes-na-rodovia-adamantina-mariapolis\/#primaryimage"},"image":{"@id":"https:\/\/radiolifefm.com.br\/noticias\/acidente-grave-causa-mortes-na-rodovia-adamantina-mariapolis\/#primaryimage"},"thumbnailUrl":"https:\/\/radiolifefm.com.br\/noticias\/wp-content\/uploads\/2021\/10\/mar1jpeg1634594070616ded16a3fd4.jpeg","datePublished":"2021-10-18T22:13:30+00:00","dateModified":"2026-07-15T17:21:41+00:00","breadcrumb":{"@id":"https:\/\/radiolifefm.com.br\/noticias\/acidente-grave-causa-mortes-na-rodovia-adamantina-mariapolis\/#breadcrumb"},"inLanguage":"pt-BR","potentialAction":[{"@type":"ReadAction","target":["https:\/\/radiolifefm.com.br\/noticias\/acidente-grave-causa-mortes-na-rodovia-adamantina-mariapolis\/"]}]},{"@type":"ImageObject","inLanguage":"pt-BR","@id":"https:\/\/radiolifefm.com.br\/noticias\/acidente-grave-causa-mortes-na-rodovia-adamantina-mariapolis\/#primaryimage","url":"https:\/\/radiolifefm.com.br\/noticias\/wp-content\/uploads\/2021\/10\/mar1jpeg1634594070616ded16a3fd4.jpeg","contentUrl":"https:\/\/radiolifefm.com.br\/noticias\/wp-content\/uploads\/2021\/10\/mar1jpeg1634594070616ded16a3fd4.jpeg","width":600,"height":337,"caption":"Acidente foi na Rodovia Adamantina\/Mari\u00e1polis, pr\u00f3ximo ao acesso ao bairro Tupanzinho."},{"@type":"BreadcrumbList","@id":"https:\/\/radiolifefm.com.br\/noticias\/acidente-grave-causa-mortes-na-rodovia-adamantina-mariapolis\/#breadcrumb","itemListElement":[{"@type":"ListItem","position":1,"name":"In\u00edcio","item":"https:\/\/radiolifefm.com.br\/noticias\/"},{"@type":"ListItem","position":2,"name":"Acidente grave causa mortes na Rodovia Adamantina\/Mari\u00e1polis"}]},{"@type":"WebSite","@id":"https:\/\/radiolifefm.com.br\/noticias\/#website","url":"https:\/\/radiolifefm.com.br\/noticias\/","name":"R\u00e1dio Life FM","description":"O Portal de Not\u00edcias de Adamantina","publisher":{"@id":"https:\/\/radiolifefm.com.br\/noticias\/#organization"},"alternateName":"Life FM","potentialAction":[{"@type":"SearchAction","target":{"@type":"EntryPoint","urlTemplate":"https:\/\/radiolifefm.com.br\/noticias\/?s={search_term_string}"},"query-input":{"@type":"PropertyValueSpecification","valueRequired":true,"valueName":"search_term_string"}}],"inLanguage":"pt-BR"},{"@type":"Organization","@id":"https:\/\/radiolifefm.com.br\/noticias\/#organization","name":"R\u00e1dio Life FM","alternateName":"Life FM","url":"https:\/\/radiolifefm.com.br\/noticias\/","logo":{"@type":"ImageObject","inLanguage":"pt-BR","@id":"https:\/\/radiolifefm.com.br\/noticias\/#\/schema\/logo\/image\/","url":"https:\/\/static.radiolifefm.com.br\/noticias\/wp-content\/uploads\/2019\/10\/logo-lifefm.png","contentUrl":"https:\/\/static.radiolifefm.com.br\/noticias\/wp-content\/uploads\/2019\/10\/logo-lifefm.png","width":196,"height":47,"caption":"R\u00e1dio Life FM"},"image":{"@id":"https:\/\/radiolifefm.com.br\/noticias\/#\/schema\/logo\/image\/"},"sameAs":["https:\/\/www.facebook.com\/radiolifefm\/","https:\/\/www.instagram.com\/life1079fm\/"]},{"@type":"Person","@id":"https:\/\/radiolifefm.com.br\/noticias\/#\/schema\/person\/6339b9fac59d12b071dec680d7375d87","name":"ritanery","image":{"@type":"ImageObject","inLanguage":"pt-BR","@id":"https:\/\/secure.gravatar.com\/avatar\/0e37bb19071f47c0b8a23f62a903df117c5a0e75f65a0c2901562f97cd41cf86?s=96&d=mm&r=g","url":"https:\/\/secure.gravatar.com\/avatar\/0e37bb19071f47c0b8a23f62a903df117c5a0e75f65a0c2901562f97cd41cf86?s=96&d=mm&r=g","contentUrl":"https:\/\/secure.gravatar.com\/avatar\/0e37bb19071f47c0b8a23f62a903df117c5a0e75f65a0c2901562f97cd41cf86?s=96&d=mm&r=g","caption":"ritanery"}}]}},"amp_enabled":true,"_links":{"self":[{"href":"https:\/\/radiolifefm.com.br\/noticias\/wp-json\/wp\/v2\/posts\/44257","targetHints":{"allow":["GET"]}}],"collection":[{"href":"https:\/\/radiolifefm.com.br\/noticias\/wp-json\/wp\/v2\/posts"}],"about":[{"href":"https:\/\/radiolifefm.com.br\/noticias\/wp-json\/wp\/v2\/types\/post"}],"author":[{"embeddable":true,"href":"https:\/\/radiolifefm.com.br\/noticias\/wp-json\/wp\/v2\/users\/13"}],"replies":[{"embeddable":true,"href":"https:\/\/radiolifefm.com.br\/noticias\/wp-json\/wp\/v2\/comments?post=44257"}],"version-history":[{"count":4,"href":"https:\/\/radiolifefm.com.br\/noticias\/wp-json\/wp\/v2\/posts\/44257\/revisions"}],"predecessor-version":[{"id":44289,"href":"https:\/\/radiolifefm.com.br\/noticias\/wp-json\/wp\/v2\/posts\/44257\/revisions\/44289"}],"wp:featuredmedia":[{"embeddable":true,"href":"https:\/\/radiolifefm.com.br\/noticias\/wp-json\/wp\/v2\/media\/44258"}],"wp:attachment":[{"href":"https:\/\/radiolifefm.com.br\/noticias\/wp-json\/wp\/v2\/media?parent=44257"}],"wp:term":[{"taxonomy":"category","embeddable":true,"href":"https:\/\/radiolifefm.com.br\/noticias\/wp-json\/wp\/v2\/categories?post=44257"},{"taxonomy":"post_tag","embeddable":true,"href":"https:\/\/radiolifefm.com.br\/noticias\/wp-json\/wp\/v2\/tags?post=44257"}],"curies":[{"name":"wp","href":"https:\/\/api.w.org\/{rel}","templated":true}]}}