{"id":44133,"date":"2021-10-14T14:36:22","date_gmt":"2021-10-14T17:36:22","guid":{"rendered":"https:\/\/radiolifefm.com.br\/noticias\/?p=44133"},"modified":"2026-04-24T07:55:14","modified_gmt":"2026-04-24T10:55:14","slug":"apos-audiencia-de-conciliacao-marcio-cardim-vai-indenizar-servidor-municipal-e-retratar-se-no-radio","status":"publish","type":"post","link":"https:\/\/radiolifefm.com.br\/noticias\/apos-audiencia-de-conciliacao-marcio-cardim-vai-indenizar-servidor-municipal-e-retratar-se-no-radio\/","title":{"rendered":"Ap\u00f3s audi\u00eancia de concilia\u00e7\u00e3o, M\u00e1rcio Cardim vai indenizar servidor municipal e retratar-se no r\u00e1dio"},"content":{"rendered":"<div id=\"fb-root\"><\/div>\n<p>Em uma audi\u00eancia de concilia\u00e7\u00e3o realizada no dia 14 de setembro \u00faltimo no Juizado Especial C\u00edvel e Criminal, junto ao Poder Judici\u00e1rio da Comarca de Adamantina, o prefeito de Adamantina, M\u00e1rcio Cardim (DEM) se comprometeu a realizar uma retrata\u00e7\u00e3o p\u00fablica, na emissora R\u00e1dio Brasil, durante o programa do radialista Sabi\u00e1, por coment\u00e1rios feitos por ele, em 24 de abril do ano passado, \u00e0s posi\u00e7\u00f5es tomadas pelo servidor p\u00fablico municipal Daniel Martins Angria, que \u00e9 agente comunit\u00e1rio de sa\u00fade concursado e integrante do quadro efetivo da Prefeitura de Adamantina, bem como fa\u00e7a o pagamento de R$ 3.300,00, em repara\u00e7\u00e3o material ao profissional da sa\u00fade.<\/p>\n<p>Na audi\u00eancia ficaram definidos os prazos para que o prefeito cumprisse com o ajuste firmado diante do Juizado Especial C\u00edvel e Criminal, para a realiza\u00e7\u00e3o do pagamento ao servidor, bem como a realiza\u00e7\u00e3o da retrata\u00e7\u00e3o. Em rela\u00e7\u00e3o ao pronunciamento no r\u00e1dio, ficou determinado\u00a0\u00a0que o servidor fosse avisado com 24 horas de anteced\u00eancia, o que ocorreu nesta quarta-feira (13). A ida do prefeito, ao r\u00e1dio, ser\u00e1 nesta quinta-feira (14), na faixa entre 17h e 19h, na R\u00e1dio Brasil de Adamantina. O pagamento do valor, ao servidor municipal, ocorreu ontem.<\/p>\n<p><strong>Entenda<\/strong><\/p>\n<p>Em abril de 2020, na fase inicial da pandemia da Covid-19, o agente comunit\u00e1rio Daniel Martins Angria protocolou junto \u00e0 Prefeitura de Adamantina, por meio de comunicado interno identificado, pedido de apura\u00e7\u00e3o sobre a efic\u00e1cia das m\u00e1scaras de prote\u00e7\u00e3o facial fornecidas aos funcion\u00e1rios. Naquela ocasi\u00e3o, no dia 24 do mesmo m\u00eas, o prefeito M\u00e1rcio Cardim, na emissora de r\u00e1dio, teceu coment\u00e1rios ao servidor. Ou\u00e7a:<\/p>\n<p><iframe loading=\"lazy\" title=\"Trecho de entrevista com M\u00e1rcio Cardim, Prefeito de Adamantina, em 24 de abril de 2020. by Siga Mais\" width=\"500\" height=\"400\" scrolling=\"no\" frameborder=\"no\" src=\"https:\/\/w.soundcloud.com\/player\/?visual=true&#038;url=https%3A%2F%2Fapi.soundcloud.com%2Ftracks%2F1141674967&#038;show_artwork=true&#038;maxheight=750&#038;maxwidth=500\"><\/iframe><\/p>\n<p>Ap\u00f3s as declara\u00e7\u00f5es do prefeito na m\u00eddia local o servidor sentiu-se prejudicado pela forma como foram feitas as coloca\u00e7\u00f5es, como tamb\u00e9m pelos desdobramentos que se desencadearam. Na \u00e9poca, Daniel buscou na emissora o direito de usar o mesmo espa\u00e7o para que exercesse seu direito de resposta, o que foi prontamente atendido pela empresa. No r\u00e1dio, o servidor teve a oportunidade de pontuar e esclarecer sobre seu posicionamento em rela\u00e7\u00e3o \u00e0s m\u00e1scaras que eram distribu\u00eddas \u00e0 \u00e9poca, pela Prefeitura.<\/p>\n<p>Daniel tamb\u00e9m fez um boletim de ocorr\u00eancia na Pol\u00edcia Civil e acionou a Justi\u00e7a. A demanda\u00a0<a href=\"https:\/\/esaj.tjsp.jus.br\/cpopg\/show.do?conversationId=&amp;cbPesquisa=NUMPROC&amp;numeroDigitoAnoUnificado=0001433-58.2021&amp;foroNumeroUnificado=0081&amp;dadosConsulta.valorConsultaNuUnificado=00014335820218260081&amp;dadosConsulta.valorConsultaNuUnificado=UNIFICADO&amp;dadosConsulta.valorConsulta=&amp;dadosConsulta.tipoNuProcesso=UNIFICADO&amp;uuidCaptcha=sajcaptcha_f26cd2e7918742a39866a96f6e304966&amp;g-recaptcha-response=03AGdBq27SUNILaBizjpWwzJerclKSUZ_AfRkLcyrWsO1FUAbW6J7IxiHcXdOqSIFEbUX5TKKdvPoCf32R3-vdSxwjFQSmLBfuqo4VkXbYHula9e8P1zvfR5wdJu9W0EmHpa_SId24qr_0mVNgA-4kOfwDo0G-7FEIMsz9hioieTIoRXITvYnlQx9m2TDJH7ErHGOhbys20CnJW51EeSboXoKgSeFMQvqqjSWqYPCuablBtPw53sAMkklxmODmtqLiG8yrIlCJo0UEeYSpKaaj6ZBUppDU_jbVhd_wnuEhcTG__wDYBrnSr1QNOw6bgZ9ILAawEW0pHttNy_OEdt5E7WEre4HaXq5R901EEOSdNgOcjVgg5lbktyC41eNo5uHK7-mjL71QkBnC3s_vC24hHwctL6HQz2-ha9XQ_nqOb7tOm8rin8gx8hCYWr0dPIGsroac7K5Nga3hrj7K9Tlb2JHqLefhwKrFNHvYLGzVPKq4xyZxQZkgD5bq_PtJtPslpx5Hd8KSjd6xsKje8OW7ih_UcdFpaO1uIA&amp;processo.codigo=290001EPX0000\"><strong>(Processo 0001433-58.2021.8.26.0081)<\/strong><\/a>\u00a0tramitou junto ao Juizado Especial C\u00edvel e Criminal da Comarca de Adamantina, onde no dia 14 de setembro ocorreu a audi\u00eancia virtual de composi\u00e7\u00e3o civil presidida pelo juiz de direito Carlos Gustavo Urquiza Scarazzato. Participaram o prefeito e o servidor e seus advogados, e ainda o promotor de justi\u00e7a Jo\u00e3o Carlos Talarico. Veja o termo de audi\u00eancia:<\/p>\n<div class='flex flex-wrap items-center -mx-1'>\r\n<a class='thumbnail gallery p-1 w-1\/2 md:w-1\/4' href='https:\/\/radiolifefm.com.br\/noticias\/wp-content\/uploads\/2021\/10\/r1jpg1634224421616849251f6bc-scaled.jpg'><img class='border border-white' src='https:\/\/radiolifefm.com.br\/noticias\/wp-content\/uploads\/2021\/10\/r1jpg1634224421616849251f6bc-200x200.jpg' alt='R1jpg1634224421616849251f6bc' \/><\/a><\/div>\n<p>Na pr\u00f3pria audi\u00eancia o prefeito e o servidor municipal foram legalmente intimados da decis\u00e3o, para o cumprimento dos ajustes firmados diante do ju\u00edzo, o que deve se consolidar hoje.<\/p>\n<p><strong>Compromissos assumidos pelo prefeito<\/strong><\/p>\n<p>Veja os tr\u00eas compromissos assumidos pelo prefeito adamantinense, extra\u00eddos do termo de audi\u00eancia e reproduzidos na \u00edntegra:<\/p>\n<ol>\n<li><strong>1<\/strong>. O Sr. M\u00e1rcio Cardim far\u00e1 veicular esclarecimento na mesma m\u00eddia, no mesmo programa e hor\u00e1rio (&#8220;Programa de R\u00e1dio do Sabi\u00e1&#8221;, na R\u00e1dio Brasil), a suas expensas e responsabilidade, no prazo de 30 dias, nos seguintes termos:\u00a0<em>&#8220;Eu, M\u00e1rcio Cardim, na qualidade de Prefeito do Munic\u00edpio de Adamantina, venho, por meio desta m\u00eddia falada, esclarecer que reconhe\u00e7o o equ\u00edvoco na men\u00e7\u00e3o expressa \u00e0 pessoa de Daniel Martins Angria, por ocasi\u00e3o do &#8216;Programa do Sabi\u00e1&#8217;, veiculado no dia 23\/04\/2020. Esclare\u00e7o, ainda, que o meu objetivo naquela ocasi\u00e3o foi exclusivamente tranquilizar a popula\u00e7\u00e3o com rela\u00e7\u00e3o \u00e0 efic\u00e1cia das m\u00e1scaras que a esta foram distribu\u00eddas, sem a inten\u00e7\u00e3o de associar o Sr. Daniel \u00e0 resist\u00eancia ao combate \u00e0 pandemia, inclusive por se tratar de profissional de sa\u00fade dedicado ao seu combate. Esclare\u00e7o mais que a preocupa\u00e7\u00e3o que me moveu naquele pronunciamento decorreu do fato de haver recebido mensagens via aplicativo de mensagens whatsapp, com grande poder de dissemina\u00e7\u00e3o e sensibiliza\u00e7\u00e3o, de comunicado interno n\u00ba 10\/2020, por meio do qual solicitou-se a apura\u00e7\u00e3o acerca da efic\u00e1cia das m\u00e1scaras fornecidas aos funcion\u00e1rios, este sim de autoria do Sr. Daniel, mas sem inten\u00e7\u00e3o de imputar a este a responsabilidade pela referida divulga\u00e7\u00e3o e cuja autoria n\u00e3o tenho conhecimento. Em raz\u00e3o disso, presto-me a esclarecer os fatos, consignando n\u00e3o haver qualquer fato desabonador em rela\u00e7\u00e3o ao Sr. Daniel, com quem tive a oportunidade de celebrar composi\u00e7\u00e3o amig\u00e1vel e melhor esclarecer os fatos&#8221;.<\/em><\/li>\n<li><strong>2<\/strong>. O Sr. M\u00e1rcio Cardim pagar\u00e1 em favor do Sr. Daniel Martins Angria o valor de 3 sal\u00e1rios m\u00ednimos nacionais, em moeda corrente, de uma s\u00f3 vez, at\u00e9 o dia 14\/10\/2021, em conta corrente a ser oportunamente informada nos autos, sem que isso implique em assun\u00e7\u00e3o de culpa em qualquer esfera.<\/li>\n<li><strong>3<\/strong>. O Sr. M\u00e1rcio Cardim, t\u00e3o logo definidos data e hor\u00e1rio da veicula\u00e7\u00e3o, os informar\u00e1 nos autos, com anteced\u00eancia m\u00ednima de 24 horas.<\/li>\n<\/ol>\n<p>&nbsp;<\/p>\n<p>&nbsp;<\/p>\n<p>Fonte: Siga Mais<\/p>\n","protected":false},"excerpt":{"rendered":"<p>Em uma audi\u00eancia de concilia\u00e7\u00e3o realizada no dia 14 de setembro \u00faltimo no Juizado Especial C\u00edvel e Criminal, junto ao Poder Judici\u00e1rio da Comarca de Adamantina, o prefeito de Adamantina, M\u00e1rcio Cardim (DEM) se comprometeu a realizar uma retrata\u00e7\u00e3o p\u00fablica, na emissora R\u00e1dio Brasil, durante o programa do radialista Sabi\u00e1, por coment\u00e1rios feitos por ele, [&hellip;]<\/p>\n","protected":false},"author":13,"featured_media":44134,"comment_status":"closed","ping_status":"open","sticky":false,"template":"","format":"standard","meta":{"_acf_changed":false,"_exactmetrics_skip_tracking":false,"_exactmetrics_sitenote_active":false,"_exactmetrics_sitenote_note":"","_exactmetrics_sitenote_category":0,"footnotes":""},"categories":[21],"tags":[],"class_list":["post-44133","post","type-post","status-publish","format-standard","has-post-thumbnail","hentry","category-adamantina"],"acf":[],"yoast_head":"<!-- This site is optimized with the Yoast SEO plugin v27.2 - https:\/\/yoast.com\/product\/yoast-seo-wordpress\/ -->\n<title>Ap\u00f3s audi\u00eancia de concilia\u00e7\u00e3o, M\u00e1rcio Cardim vai indenizar servidor municipal e retratar-se no r\u00e1dio - R\u00e1dio Life FM<\/title>\n<meta name=\"robots\" content=\"index, follow, max-snippet:-1, max-image-preview:large, max-video-preview:-1\" \/>\n<link rel=\"canonical\" href=\"https:\/\/radiolifefm.com.br\/noticias\/apos-audiencia-de-conciliacao-marcio-cardim-vai-indenizar-servidor-municipal-e-retratar-se-no-radio\/\" \/>\n<meta property=\"og:locale\" content=\"pt_BR\" \/>\n<meta property=\"og:type\" content=\"article\" \/>\n<meta property=\"og:title\" content=\"Ap\u00f3s audi\u00eancia de concilia\u00e7\u00e3o, M\u00e1rcio Cardim vai indenizar servidor municipal e retratar-se no r\u00e1dio - R\u00e1dio Life FM\" \/>\n<meta property=\"og:description\" content=\"Em uma audi\u00eancia de concilia\u00e7\u00e3o realizada no dia 14 de setembro \u00faltimo no Juizado Especial C\u00edvel e Criminal, junto ao Poder Judici\u00e1rio da Comarca de Adamantina, o prefeito de Adamantina, M\u00e1rcio Cardim (DEM) se comprometeu a realizar uma retrata\u00e7\u00e3o p\u00fablica, na emissora R\u00e1dio Brasil, durante o programa do radialista Sabi\u00e1, por coment\u00e1rios feitos por ele, [&hellip;]\" \/>\n<meta property=\"og:url\" content=\"https:\/\/radiolifefm.com.br\/noticias\/apos-audiencia-de-conciliacao-marcio-cardim-vai-indenizar-servidor-municipal-e-retratar-se-no-radio\/\" \/>\n<meta property=\"og:site_name\" content=\"R\u00e1dio Life FM\" \/>\n<meta property=\"article:publisher\" content=\"https:\/\/www.facebook.com\/radiolifefm\/\" \/>\n<meta property=\"article:published_time\" content=\"2021-10-14T17:36:22+00:00\" \/>\n<meta property=\"article:modified_time\" content=\"2026-04-24T10:55:14+00:00\" \/>\n<meta property=\"og:image\" content=\"https:\/\/radiolifefm.com.br\/noticias\/wp-content\/uploads\/2021\/10\/retrataaaofotospng163422495361684b39c0cec.jpg\" \/>\n\t<meta property=\"og:image:width\" content=\"600\" \/>\n\t<meta property=\"og:image:height\" content=\"337\" \/>\n\t<meta property=\"og:image:type\" content=\"image\/jpeg\" \/>\n<meta name=\"author\" content=\"ritanery\" \/>\n<meta name=\"twitter:card\" content=\"summary_large_image\" \/>\n<meta name=\"twitter:label1\" content=\"Escrito por\" \/>\n\t<meta name=\"twitter:data1\" content=\"ritanery\" \/>\n\t<meta name=\"twitter:label2\" content=\"Est. tempo de leitura\" \/>\n\t<meta name=\"twitter:data2\" content=\"4 minutos\" \/>\n<script type=\"application\/ld+json\" class=\"yoast-schema-graph\">{\"@context\":\"https:\/\/schema.org\",\"@graph\":[{\"@type\":\"Article\",\"@id\":\"https:\/\/radiolifefm.com.br\/noticias\/apos-audiencia-de-conciliacao-marcio-cardim-vai-indenizar-servidor-municipal-e-retratar-se-no-radio\/#article\",\"isPartOf\":{\"@id\":\"https:\/\/radiolifefm.com.br\/noticias\/apos-audiencia-de-conciliacao-marcio-cardim-vai-indenizar-servidor-municipal-e-retratar-se-no-radio\/\"},\"author\":{\"name\":\"ritanery\",\"@id\":\"https:\/\/radiolifefm.com.br\/noticias\/#\/schema\/person\/6339b9fac59d12b071dec680d7375d87\"},\"headline\":\"Ap\u00f3s audi\u00eancia de concilia\u00e7\u00e3o, M\u00e1rcio Cardim vai indenizar servidor municipal e retratar-se no r\u00e1dio\",\"datePublished\":\"2021-10-14T17:36:22+00:00\",\"dateModified\":\"2026-04-24T10:55:14+00:00\",\"mainEntityOfPage\":{\"@id\":\"https:\/\/radiolifefm.com.br\/noticias\/apos-audiencia-de-conciliacao-marcio-cardim-vai-indenizar-servidor-municipal-e-retratar-se-no-radio\/\"},\"wordCount\":916,\"publisher\":{\"@id\":\"https:\/\/radiolifefm.com.br\/noticias\/#organization\"},\"image\":{\"@id\":\"https:\/\/radiolifefm.com.br\/noticias\/apos-audiencia-de-conciliacao-marcio-cardim-vai-indenizar-servidor-municipal-e-retratar-se-no-radio\/#primaryimage\"},\"thumbnailUrl\":\"https:\/\/radiolifefm.com.br\/noticias\/wp-content\/uploads\/2021\/10\/retrataaaofotospng163422495361684b39c0cec.jpg\",\"articleSection\":[\"Adamantina\"],\"inLanguage\":\"pt-BR\"},{\"@type\":\"WebPage\",\"@id\":\"https:\/\/radiolifefm.com.br\/noticias\/apos-audiencia-de-conciliacao-marcio-cardim-vai-indenizar-servidor-municipal-e-retratar-se-no-radio\/\",\"url\":\"https:\/\/radiolifefm.com.br\/noticias\/apos-audiencia-de-conciliacao-marcio-cardim-vai-indenizar-servidor-municipal-e-retratar-se-no-radio\/\",\"name\":\"Ap\u00f3s audi\u00eancia de concilia\u00e7\u00e3o, M\u00e1rcio Cardim vai indenizar servidor municipal e retratar-se no r\u00e1dio - R\u00e1dio Life FM\",\"isPartOf\":{\"@id\":\"https:\/\/radiolifefm.com.br\/noticias\/#website\"},\"primaryImageOfPage\":{\"@id\":\"https:\/\/radiolifefm.com.br\/noticias\/apos-audiencia-de-conciliacao-marcio-cardim-vai-indenizar-servidor-municipal-e-retratar-se-no-radio\/#primaryimage\"},\"image\":{\"@id\":\"https:\/\/radiolifefm.com.br\/noticias\/apos-audiencia-de-conciliacao-marcio-cardim-vai-indenizar-servidor-municipal-e-retratar-se-no-radio\/#primaryimage\"},\"thumbnailUrl\":\"https:\/\/radiolifefm.com.br\/noticias\/wp-content\/uploads\/2021\/10\/retrataaaofotospng163422495361684b39c0cec.jpg\",\"datePublished\":\"2021-10-14T17:36:22+00:00\",\"dateModified\":\"2026-04-24T10:55:14+00:00\",\"breadcrumb\":{\"@id\":\"https:\/\/radiolifefm.com.br\/noticias\/apos-audiencia-de-conciliacao-marcio-cardim-vai-indenizar-servidor-municipal-e-retratar-se-no-radio\/#breadcrumb\"},\"inLanguage\":\"pt-BR\",\"potentialAction\":[{\"@type\":\"ReadAction\",\"target\":[\"https:\/\/radiolifefm.com.br\/noticias\/apos-audiencia-de-conciliacao-marcio-cardim-vai-indenizar-servidor-municipal-e-retratar-se-no-radio\/\"]}]},{\"@type\":\"ImageObject\",\"inLanguage\":\"pt-BR\",\"@id\":\"https:\/\/radiolifefm.com.br\/noticias\/apos-audiencia-de-conciliacao-marcio-cardim-vai-indenizar-servidor-municipal-e-retratar-se-no-radio\/#primaryimage\",\"url\":\"https:\/\/radiolifefm.com.br\/noticias\/wp-content\/uploads\/2021\/10\/retrataaaofotospng163422495361684b39c0cec.jpg\",\"contentUrl\":\"https:\/\/radiolifefm.com.br\/noticias\/wp-content\/uploads\/2021\/10\/retrataaaofotospng163422495361684b39c0cec.jpg\",\"width\":600,\"height\":337,\"caption\":\"Prefeito M\u00e1rcio Cardim far\u00e1 retrata\u00e7\u00e3o e pagamento de R$ 3.300,00 ao servidor Daniel Martins Angria.\"},{\"@type\":\"BreadcrumbList\",\"@id\":\"https:\/\/radiolifefm.com.br\/noticias\/apos-audiencia-de-conciliacao-marcio-cardim-vai-indenizar-servidor-municipal-e-retratar-se-no-radio\/#breadcrumb\",\"itemListElement\":[{\"@type\":\"ListItem\",\"position\":1,\"name\":\"In\u00edcio\",\"item\":\"https:\/\/radiolifefm.com.br\/noticias\/\"},{\"@type\":\"ListItem\",\"position\":2,\"name\":\"Ap\u00f3s audi\u00eancia de concilia\u00e7\u00e3o, M\u00e1rcio Cardim vai indenizar servidor municipal e retratar-se no r\u00e1dio\"}]},{\"@type\":\"WebSite\",\"@id\":\"https:\/\/radiolifefm.com.br\/noticias\/#website\",\"url\":\"https:\/\/radiolifefm.com.br\/noticias\/\",\"name\":\"R\u00e1dio Life FM\",\"description\":\"O Portal de Not\u00edcias de Adamantina\",\"publisher\":{\"@id\":\"https:\/\/radiolifefm.com.br\/noticias\/#organization\"},\"alternateName\":\"Life FM\",\"potentialAction\":[{\"@type\":\"SearchAction\",\"target\":{\"@type\":\"EntryPoint\",\"urlTemplate\":\"https:\/\/radiolifefm.com.br\/noticias\/?s={search_term_string}\"},\"query-input\":{\"@type\":\"PropertyValueSpecification\",\"valueRequired\":true,\"valueName\":\"search_term_string\"}}],\"inLanguage\":\"pt-BR\"},{\"@type\":\"Organization\",\"@id\":\"https:\/\/radiolifefm.com.br\/noticias\/#organization\",\"name\":\"R\u00e1dio Life FM\",\"alternateName\":\"Life FM\",\"url\":\"https:\/\/radiolifefm.com.br\/noticias\/\",\"logo\":{\"@type\":\"ImageObject\",\"inLanguage\":\"pt-BR\",\"@id\":\"https:\/\/radiolifefm.com.br\/noticias\/#\/schema\/logo\/image\/\",\"url\":\"https:\/\/static.radiolifefm.com.br\/noticias\/wp-content\/uploads\/2019\/10\/logo-lifefm.png\",\"contentUrl\":\"https:\/\/static.radiolifefm.com.br\/noticias\/wp-content\/uploads\/2019\/10\/logo-lifefm.png\",\"width\":196,\"height\":47,\"caption\":\"R\u00e1dio Life FM\"},\"image\":{\"@id\":\"https:\/\/radiolifefm.com.br\/noticias\/#\/schema\/logo\/image\/\"},\"sameAs\":[\"https:\/\/www.facebook.com\/radiolifefm\/\",\"https:\/\/www.instagram.com\/life1079fm\/\"]},{\"@type\":\"Person\",\"@id\":\"https:\/\/radiolifefm.com.br\/noticias\/#\/schema\/person\/6339b9fac59d12b071dec680d7375d87\",\"name\":\"ritanery\",\"image\":{\"@type\":\"ImageObject\",\"inLanguage\":\"pt-BR\",\"@id\":\"https:\/\/secure.gravatar.com\/avatar\/0e37bb19071f47c0b8a23f62a903df117c5a0e75f65a0c2901562f97cd41cf86?s=96&d=mm&r=g\",\"url\":\"https:\/\/secure.gravatar.com\/avatar\/0e37bb19071f47c0b8a23f62a903df117c5a0e75f65a0c2901562f97cd41cf86?s=96&d=mm&r=g\",\"contentUrl\":\"https:\/\/secure.gravatar.com\/avatar\/0e37bb19071f47c0b8a23f62a903df117c5a0e75f65a0c2901562f97cd41cf86?s=96&d=mm&r=g\",\"caption\":\"ritanery\"}}]}<\/script>\n<!-- \/ Yoast SEO plugin. -->","yoast_head_json":{"title":"Ap\u00f3s audi\u00eancia de concilia\u00e7\u00e3o, M\u00e1rcio Cardim vai indenizar servidor municipal e retratar-se no r\u00e1dio - R\u00e1dio Life FM","robots":{"index":"index","follow":"follow","max-snippet":"max-snippet:-1","max-image-preview":"max-image-preview:large","max-video-preview":"max-video-preview:-1"},"canonical":"https:\/\/radiolifefm.com.br\/noticias\/apos-audiencia-de-conciliacao-marcio-cardim-vai-indenizar-servidor-municipal-e-retratar-se-no-radio\/","og_locale":"pt_BR","og_type":"article","og_title":"Ap\u00f3s audi\u00eancia de concilia\u00e7\u00e3o, M\u00e1rcio Cardim vai indenizar servidor municipal e retratar-se no r\u00e1dio - R\u00e1dio Life FM","og_description":"Em uma audi\u00eancia de concilia\u00e7\u00e3o realizada no dia 14 de setembro \u00faltimo no Juizado Especial C\u00edvel e Criminal, junto ao Poder Judici\u00e1rio da Comarca de Adamantina, o prefeito de Adamantina, M\u00e1rcio Cardim (DEM) se comprometeu a realizar uma retrata\u00e7\u00e3o p\u00fablica, na emissora R\u00e1dio Brasil, durante o programa do radialista Sabi\u00e1, por coment\u00e1rios feitos por ele, [&hellip;]","og_url":"https:\/\/radiolifefm.com.br\/noticias\/apos-audiencia-de-conciliacao-marcio-cardim-vai-indenizar-servidor-municipal-e-retratar-se-no-radio\/","og_site_name":"R\u00e1dio Life FM","article_publisher":"https:\/\/www.facebook.com\/radiolifefm\/","article_published_time":"2021-10-14T17:36:22+00:00","article_modified_time":"2026-04-24T10:55:14+00:00","og_image":[{"width":600,"height":337,"url":"https:\/\/radiolifefm.com.br\/noticias\/wp-content\/uploads\/2021\/10\/retrataaaofotospng163422495361684b39c0cec.jpg","type":"image\/jpeg"}],"author":"ritanery","twitter_card":"summary_large_image","twitter_misc":{"Escrito por":"ritanery","Est. tempo de leitura":"4 minutos"},"schema":{"@context":"https:\/\/schema.org","@graph":[{"@type":"Article","@id":"https:\/\/radiolifefm.com.br\/noticias\/apos-audiencia-de-conciliacao-marcio-cardim-vai-indenizar-servidor-municipal-e-retratar-se-no-radio\/#article","isPartOf":{"@id":"https:\/\/radiolifefm.com.br\/noticias\/apos-audiencia-de-conciliacao-marcio-cardim-vai-indenizar-servidor-municipal-e-retratar-se-no-radio\/"},"author":{"name":"ritanery","@id":"https:\/\/radiolifefm.com.br\/noticias\/#\/schema\/person\/6339b9fac59d12b071dec680d7375d87"},"headline":"Ap\u00f3s audi\u00eancia de concilia\u00e7\u00e3o, M\u00e1rcio Cardim vai indenizar servidor municipal e retratar-se no r\u00e1dio","datePublished":"2021-10-14T17:36:22+00:00","dateModified":"2026-04-24T10:55:14+00:00","mainEntityOfPage":{"@id":"https:\/\/radiolifefm.com.br\/noticias\/apos-audiencia-de-conciliacao-marcio-cardim-vai-indenizar-servidor-municipal-e-retratar-se-no-radio\/"},"wordCount":916,"publisher":{"@id":"https:\/\/radiolifefm.com.br\/noticias\/#organization"},"image":{"@id":"https:\/\/radiolifefm.com.br\/noticias\/apos-audiencia-de-conciliacao-marcio-cardim-vai-indenizar-servidor-municipal-e-retratar-se-no-radio\/#primaryimage"},"thumbnailUrl":"https:\/\/radiolifefm.com.br\/noticias\/wp-content\/uploads\/2021\/10\/retrataaaofotospng163422495361684b39c0cec.jpg","articleSection":["Adamantina"],"inLanguage":"pt-BR"},{"@type":"WebPage","@id":"https:\/\/radiolifefm.com.br\/noticias\/apos-audiencia-de-conciliacao-marcio-cardim-vai-indenizar-servidor-municipal-e-retratar-se-no-radio\/","url":"https:\/\/radiolifefm.com.br\/noticias\/apos-audiencia-de-conciliacao-marcio-cardim-vai-indenizar-servidor-municipal-e-retratar-se-no-radio\/","name":"Ap\u00f3s audi\u00eancia de concilia\u00e7\u00e3o, M\u00e1rcio Cardim vai indenizar servidor municipal e retratar-se no r\u00e1dio - R\u00e1dio Life FM","isPartOf":{"@id":"https:\/\/radiolifefm.com.br\/noticias\/#website"},"primaryImageOfPage":{"@id":"https:\/\/radiolifefm.com.br\/noticias\/apos-audiencia-de-conciliacao-marcio-cardim-vai-indenizar-servidor-municipal-e-retratar-se-no-radio\/#primaryimage"},"image":{"@id":"https:\/\/radiolifefm.com.br\/noticias\/apos-audiencia-de-conciliacao-marcio-cardim-vai-indenizar-servidor-municipal-e-retratar-se-no-radio\/#primaryimage"},"thumbnailUrl":"https:\/\/radiolifefm.com.br\/noticias\/wp-content\/uploads\/2021\/10\/retrataaaofotospng163422495361684b39c0cec.jpg","datePublished":"2021-10-14T17:36:22+00:00","dateModified":"2026-04-24T10:55:14+00:00","breadcrumb":{"@id":"https:\/\/radiolifefm.com.br\/noticias\/apos-audiencia-de-conciliacao-marcio-cardim-vai-indenizar-servidor-municipal-e-retratar-se-no-radio\/#breadcrumb"},"inLanguage":"pt-BR","potentialAction":[{"@type":"ReadAction","target":["https:\/\/radiolifefm.com.br\/noticias\/apos-audiencia-de-conciliacao-marcio-cardim-vai-indenizar-servidor-municipal-e-retratar-se-no-radio\/"]}]},{"@type":"ImageObject","inLanguage":"pt-BR","@id":"https:\/\/radiolifefm.com.br\/noticias\/apos-audiencia-de-conciliacao-marcio-cardim-vai-indenizar-servidor-municipal-e-retratar-se-no-radio\/#primaryimage","url":"https:\/\/radiolifefm.com.br\/noticias\/wp-content\/uploads\/2021\/10\/retrataaaofotospng163422495361684b39c0cec.jpg","contentUrl":"https:\/\/radiolifefm.com.br\/noticias\/wp-content\/uploads\/2021\/10\/retrataaaofotospng163422495361684b39c0cec.jpg","width":600,"height":337,"caption":"Prefeito M\u00e1rcio Cardim far\u00e1 retrata\u00e7\u00e3o e pagamento de R$ 3.300,00 ao servidor Daniel Martins Angria."},{"@type":"BreadcrumbList","@id":"https:\/\/radiolifefm.com.br\/noticias\/apos-audiencia-de-conciliacao-marcio-cardim-vai-indenizar-servidor-municipal-e-retratar-se-no-radio\/#breadcrumb","itemListElement":[{"@type":"ListItem","position":1,"name":"In\u00edcio","item":"https:\/\/radiolifefm.com.br\/noticias\/"},{"@type":"ListItem","position":2,"name":"Ap\u00f3s audi\u00eancia de concilia\u00e7\u00e3o, M\u00e1rcio Cardim vai indenizar servidor municipal e retratar-se no r\u00e1dio"}]},{"@type":"WebSite","@id":"https:\/\/radiolifefm.com.br\/noticias\/#website","url":"https:\/\/radiolifefm.com.br\/noticias\/","name":"R\u00e1dio Life FM","description":"O Portal de Not\u00edcias de Adamantina","publisher":{"@id":"https:\/\/radiolifefm.com.br\/noticias\/#organization"},"alternateName":"Life FM","potentialAction":[{"@type":"SearchAction","target":{"@type":"EntryPoint","urlTemplate":"https:\/\/radiolifefm.com.br\/noticias\/?s={search_term_string}"},"query-input":{"@type":"PropertyValueSpecification","valueRequired":true,"valueName":"search_term_string"}}],"inLanguage":"pt-BR"},{"@type":"Organization","@id":"https:\/\/radiolifefm.com.br\/noticias\/#organization","name":"R\u00e1dio Life FM","alternateName":"Life FM","url":"https:\/\/radiolifefm.com.br\/noticias\/","logo":{"@type":"ImageObject","inLanguage":"pt-BR","@id":"https:\/\/radiolifefm.com.br\/noticias\/#\/schema\/logo\/image\/","url":"https:\/\/static.radiolifefm.com.br\/noticias\/wp-content\/uploads\/2019\/10\/logo-lifefm.png","contentUrl":"https:\/\/static.radiolifefm.com.br\/noticias\/wp-content\/uploads\/2019\/10\/logo-lifefm.png","width":196,"height":47,"caption":"R\u00e1dio Life FM"},"image":{"@id":"https:\/\/radiolifefm.com.br\/noticias\/#\/schema\/logo\/image\/"},"sameAs":["https:\/\/www.facebook.com\/radiolifefm\/","https:\/\/www.instagram.com\/life1079fm\/"]},{"@type":"Person","@id":"https:\/\/radiolifefm.com.br\/noticias\/#\/schema\/person\/6339b9fac59d12b071dec680d7375d87","name":"ritanery","image":{"@type":"ImageObject","inLanguage":"pt-BR","@id":"https:\/\/secure.gravatar.com\/avatar\/0e37bb19071f47c0b8a23f62a903df117c5a0e75f65a0c2901562f97cd41cf86?s=96&d=mm&r=g","url":"https:\/\/secure.gravatar.com\/avatar\/0e37bb19071f47c0b8a23f62a903df117c5a0e75f65a0c2901562f97cd41cf86?s=96&d=mm&r=g","contentUrl":"https:\/\/secure.gravatar.com\/avatar\/0e37bb19071f47c0b8a23f62a903df117c5a0e75f65a0c2901562f97cd41cf86?s=96&d=mm&r=g","caption":"ritanery"}}]}},"amp_enabled":true,"_links":{"self":[{"href":"https:\/\/radiolifefm.com.br\/noticias\/wp-json\/wp\/v2\/posts\/44133","targetHints":{"allow":["GET"]}}],"collection":[{"href":"https:\/\/radiolifefm.com.br\/noticias\/wp-json\/wp\/v2\/posts"}],"about":[{"href":"https:\/\/radiolifefm.com.br\/noticias\/wp-json\/wp\/v2\/types\/post"}],"author":[{"embeddable":true,"href":"https:\/\/radiolifefm.com.br\/noticias\/wp-json\/wp\/v2\/users\/13"}],"replies":[{"embeddable":true,"href":"https:\/\/radiolifefm.com.br\/noticias\/wp-json\/wp\/v2\/comments?post=44133"}],"version-history":[{"count":3,"href":"https:\/\/radiolifefm.com.br\/noticias\/wp-json\/wp\/v2\/posts\/44133\/revisions"}],"predecessor-version":[{"id":44138,"href":"https:\/\/radiolifefm.com.br\/noticias\/wp-json\/wp\/v2\/posts\/44133\/revisions\/44138"}],"wp:featuredmedia":[{"embeddable":true,"href":"https:\/\/radiolifefm.com.br\/noticias\/wp-json\/wp\/v2\/media\/44134"}],"wp:attachment":[{"href":"https:\/\/radiolifefm.com.br\/noticias\/wp-json\/wp\/v2\/media?parent=44133"}],"wp:term":[{"taxonomy":"category","embeddable":true,"href":"https:\/\/radiolifefm.com.br\/noticias\/wp-json\/wp\/v2\/categories?post=44133"},{"taxonomy":"post_tag","embeddable":true,"href":"https:\/\/radiolifefm.com.br\/noticias\/wp-json\/wp\/v2\/tags?post=44133"}],"curies":[{"name":"wp","href":"https:\/\/api.w.org\/{rel}","templated":true}]}}