{"id":44043,"date":"2021-10-13T10:31:41","date_gmt":"2021-10-13T13:31:41","guid":{"rendered":"https:\/\/radiolifefm.com.br\/noticias\/?p=44043"},"modified":"2025-06-08T16:08:02","modified_gmt":"2025-06-08T19:08:02","slug":"executivo-envia-ao-legislativo-plc-para-criacao-da-secretaria-municipal-de-desenvolvimento-economico","status":"publish","type":"post","link":"https:\/\/radiolifefm.com.br\/noticias\/executivo-envia-ao-legislativo-plc-para-criacao-da-secretaria-municipal-de-desenvolvimento-economico\/","title":{"rendered":"Executivo envia ao Legislativo PLC para cria\u00e7\u00e3o da Secretaria Municipal de Desenvolvimento Econ\u00f4mico"},"content":{"rendered":"<div id=\"fb-root\"><\/div>\n<p>J\u00e1 tramita no Poder Legislativo o Projeto de Lei Complementar n\u00ba 12, de 4 de outubro de 2021, assinado pelo prefeito M\u00e1rcio Cardim (DEM), que cria a Secretaria Municipal de Desenvolvimento Econ\u00f4mico. A vota\u00e7\u00e3o pelos vereadores para autorizar a implementa\u00e7\u00e3o da nova pasta \u2013 que seria a 14\u00aa na Prefeitura de Adamantina \u2013 pode ocorrer na pr\u00f3xima sess\u00e3o ordin\u00e1ria da C\u00e2mara Municipal. Marcada para o dia 22 de outubro.<\/p>\n<p>&nbsp;<\/p>\n<p>O PLC foi lido no plen\u00e1rio legislativo na \u00faltima sess\u00e3o ordin\u00e1ria e enviado \u00e0s comiss\u00f5es permanentes do Legislativo para que analisem e emitam os devidos pareceres.<\/p>\n<p>&nbsp;<\/p>\n<p>\u201c\u00c9 sabido que o munic\u00edpio j\u00e1 atingiu um patamar razo\u00e1vel em rela\u00e7\u00e3o ao desenvolvimento socioecon\u00f4mico, haja visto os resultados das an\u00e1lises anuais realizadas pelo Tribunal de Contas do Estado de S\u00e3o Paulo em um comparativo com outros munic\u00edpios de mesmo porte. Demais disso \u00e9 sabido que o or\u00e7amento municipal cresceu significativamente nos \u00faltimos 15 anos, de sorte que a gest\u00e3o p\u00fablica pode ser incrementada. N\u00e3o obstante, \u00e9 fato que em raz\u00e3o da sobrecarga de servi\u00e7o e o elevado n\u00famero de demandas, as Secretarias de Planejamento e Desenvolvimento e bem como Administra\u00e7\u00e3o n\u00e3o t\u00eam estrutura para estimular mais intensamente o desenvolvimento econ\u00f4mico.<\/p>\n<p>&nbsp;<\/p>\n<p>A par disto, \u00e9 relevante salientar que muito j\u00e1 foi feito, mas, efetivamente, uma pasta espec\u00edfica que possa englobar alguns dos departamentos destas secretarias ter\u00e1 condi\u00e7\u00f5es de dedicar aten\u00e7\u00e3o exclusiva ao fomento do desenvolvimento econ\u00f4mico, propiciando maior efetividade as metas or\u00e7ament\u00e1rias com incremento de receita para o munic\u00edpio, gera\u00e7\u00e3o de empregos, capta\u00e7\u00e3o de novos recursos, atraindo mais empresas, industrias e servi\u00e7os\u201d, justifica o prefeito na mensagem contida no Projeto, que tamb\u00e9m pede a aprova\u00e7\u00e3o em car\u00e1ter de urg\u00eancia.<\/p>\n<p>&nbsp;<\/p>\n<p>Caso seja aprovado o PLC, a nova Secretaria ser\u00e1 implantada e ter\u00e1 vig\u00eancia a partir de 1\u00ba de janeiro de 2002. E a remunera\u00e7\u00e3o do futuro respons\u00e1vel pela pasta ser\u00e1 a mesma dos atuais secret\u00e1rios, de R$ 6.2 mil\/m\u00eas (bruto), sendo o mesmo de livre nomea\u00e7\u00e3o e exonera\u00e7\u00e3o do chefe do poder executivo.<\/p>\n<p>&nbsp;<\/p>\n<p>Se obtiver o aval da C\u00e2mara, ser\u00e1 a 2\u00aa pasta implantada pela Administra\u00e7\u00e3o M\u00e1rcio Cardim, uma vez que no mandato passado (2017\/2020) criou a Secretaria Municipal de Fiscaliza\u00e7\u00e3o e Arrecada\u00e7\u00e3o Tribut\u00e1ria.<\/p>\n<p>&nbsp;<\/p>\n<p>Fonte: Folha Regional<\/p>\n","protected":false},"excerpt":{"rendered":"<p>J\u00e1 tramita no Poder Legislativo o Projeto de Lei Complementar n\u00ba 12, de 4 de outubro de 2021, assinado pelo prefeito M\u00e1rcio Cardim (DEM), que cria a Secretaria Municipal de Desenvolvimento Econ\u00f4mico. A vota\u00e7\u00e3o pelos vereadores para autorizar a implementa\u00e7\u00e3o da nova pasta \u2013 que seria a 14\u00aa na Prefeitura de Adamantina \u2013 pode ocorrer [&hellip;]<\/p>\n","protected":false},"author":13,"featured_media":37049,"comment_status":"closed","ping_status":"open","sticky":false,"template":"","format":"standard","meta":{"_acf_changed":false,"_exactmetrics_skip_tracking":false,"_exactmetrics_sitenote_active":false,"_exactmetrics_sitenote_note":"","_exactmetrics_sitenote_category":0,"footnotes":""},"categories":[21],"tags":[],"class_list":["post-44043","post","type-post","status-publish","format-standard","has-post-thumbnail","hentry","category-adamantina"],"acf":[],"yoast_head":"<!-- This site is optimized with the Yoast SEO plugin v27.2 - https:\/\/yoast.com\/product\/yoast-seo-wordpress\/ -->\n<title>Executivo envia ao Legislativo PLC para cria\u00e7\u00e3o da Secretaria Municipal de Desenvolvimento Econ\u00f4mico - R\u00e1dio Life FM<\/title>\n<meta name=\"robots\" content=\"index, follow, max-snippet:-1, max-image-preview:large, max-video-preview:-1\" \/>\n<link rel=\"canonical\" href=\"https:\/\/radiolifefm.com.br\/noticias\/executivo-envia-ao-legislativo-plc-para-criacao-da-secretaria-municipal-de-desenvolvimento-economico\/\" \/>\n<meta property=\"og:locale\" content=\"pt_BR\" \/>\n<meta property=\"og:type\" content=\"article\" \/>\n<meta property=\"og:title\" content=\"Executivo envia ao Legislativo PLC para cria\u00e7\u00e3o da Secretaria Municipal de Desenvolvimento Econ\u00f4mico - R\u00e1dio Life FM\" \/>\n<meta property=\"og:description\" content=\"J\u00e1 tramita no Poder Legislativo o Projeto de Lei Complementar n\u00ba 12, de 4 de outubro de 2021, assinado pelo prefeito M\u00e1rcio Cardim (DEM), que cria a Secretaria Municipal de Desenvolvimento Econ\u00f4mico. A vota\u00e7\u00e3o pelos vereadores para autorizar a implementa\u00e7\u00e3o da nova pasta \u2013 que seria a 14\u00aa na Prefeitura de Adamantina \u2013 pode ocorrer [&hellip;]\" \/>\n<meta property=\"og:url\" content=\"https:\/\/radiolifefm.com.br\/noticias\/executivo-envia-ao-legislativo-plc-para-criacao-da-secretaria-municipal-de-desenvolvimento-economico\/\" \/>\n<meta property=\"og:site_name\" content=\"R\u00e1dio Life FM\" \/>\n<meta property=\"article:publisher\" content=\"https:\/\/www.facebook.com\/radiolifefm\/\" \/>\n<meta property=\"article:published_time\" content=\"2021-10-13T13:31:41+00:00\" \/>\n<meta property=\"article:modified_time\" content=\"2025-06-08T19:08:02+00:00\" \/>\n<meta property=\"og:image\" content=\"https:\/\/static.radiolifefm.com.br\/noticias\/wp-content\/uploads\/2021\/03\/pna-lupapng161694042360608d8786c6b.jpg\" \/>\n\t<meta property=\"og:image:width\" content=\"540\" \/>\n\t<meta property=\"og:image:height\" content=\"300\" \/>\n\t<meta property=\"og:image:type\" content=\"image\/jpeg\" \/>\n<meta name=\"author\" content=\"ritanery\" \/>\n<meta name=\"twitter:card\" content=\"summary_large_image\" \/>\n<meta name=\"twitter:label1\" content=\"Escrito por\" \/>\n\t<meta name=\"twitter:data1\" content=\"ritanery\" \/>\n\t<meta name=\"twitter:label2\" content=\"Est. tempo de leitura\" \/>\n\t<meta name=\"twitter:data2\" content=\"2 minutos\" \/>\n<script type=\"application\/ld+json\" class=\"yoast-schema-graph\">{\"@context\":\"https:\/\/schema.org\",\"@graph\":[{\"@type\":\"Article\",\"@id\":\"https:\/\/radiolifefm.com.br\/noticias\/executivo-envia-ao-legislativo-plc-para-criacao-da-secretaria-municipal-de-desenvolvimento-economico\/#article\",\"isPartOf\":{\"@id\":\"https:\/\/radiolifefm.com.br\/noticias\/executivo-envia-ao-legislativo-plc-para-criacao-da-secretaria-municipal-de-desenvolvimento-economico\/\"},\"author\":{\"name\":\"ritanery\",\"@id\":\"https:\/\/radiolifefm.com.br\/noticias\/#\/schema\/person\/6339b9fac59d12b071dec680d7375d87\"},\"headline\":\"Executivo envia ao Legislativo PLC para cria\u00e7\u00e3o da Secretaria Municipal de Desenvolvimento Econ\u00f4mico\",\"datePublished\":\"2021-10-13T13:31:41+00:00\",\"dateModified\":\"2025-06-08T19:08:02+00:00\",\"mainEntityOfPage\":{\"@id\":\"https:\/\/radiolifefm.com.br\/noticias\/executivo-envia-ao-legislativo-plc-para-criacao-da-secretaria-municipal-de-desenvolvimento-economico\/\"},\"wordCount\":423,\"publisher\":{\"@id\":\"https:\/\/radiolifefm.com.br\/noticias\/#organization\"},\"image\":{\"@id\":\"https:\/\/radiolifefm.com.br\/noticias\/executivo-envia-ao-legislativo-plc-para-criacao-da-secretaria-municipal-de-desenvolvimento-economico\/#primaryimage\"},\"thumbnailUrl\":\"https:\/\/radiolifefm.com.br\/noticias\/wp-content\/uploads\/2021\/03\/pna-lupapng161694042360608d8786c6b.jpg\",\"articleSection\":[\"Adamantina\"],\"inLanguage\":\"pt-BR\"},{\"@type\":\"WebPage\",\"@id\":\"https:\/\/radiolifefm.com.br\/noticias\/executivo-envia-ao-legislativo-plc-para-criacao-da-secretaria-municipal-de-desenvolvimento-economico\/\",\"url\":\"https:\/\/radiolifefm.com.br\/noticias\/executivo-envia-ao-legislativo-plc-para-criacao-da-secretaria-municipal-de-desenvolvimento-economico\/\",\"name\":\"Executivo envia ao Legislativo PLC para cria\u00e7\u00e3o da Secretaria Municipal de Desenvolvimento Econ\u00f4mico - R\u00e1dio Life FM\",\"isPartOf\":{\"@id\":\"https:\/\/radiolifefm.com.br\/noticias\/#website\"},\"primaryImageOfPage\":{\"@id\":\"https:\/\/radiolifefm.com.br\/noticias\/executivo-envia-ao-legislativo-plc-para-criacao-da-secretaria-municipal-de-desenvolvimento-economico\/#primaryimage\"},\"image\":{\"@id\":\"https:\/\/radiolifefm.com.br\/noticias\/executivo-envia-ao-legislativo-plc-para-criacao-da-secretaria-municipal-de-desenvolvimento-economico\/#primaryimage\"},\"thumbnailUrl\":\"https:\/\/radiolifefm.com.br\/noticias\/wp-content\/uploads\/2021\/03\/pna-lupapng161694042360608d8786c6b.jpg\",\"datePublished\":\"2021-10-13T13:31:41+00:00\",\"dateModified\":\"2025-06-08T19:08:02+00:00\",\"breadcrumb\":{\"@id\":\"https:\/\/radiolifefm.com.br\/noticias\/executivo-envia-ao-legislativo-plc-para-criacao-da-secretaria-municipal-de-desenvolvimento-economico\/#breadcrumb\"},\"inLanguage\":\"pt-BR\",\"potentialAction\":[{\"@type\":\"ReadAction\",\"target\":[\"https:\/\/radiolifefm.com.br\/noticias\/executivo-envia-ao-legislativo-plc-para-criacao-da-secretaria-municipal-de-desenvolvimento-economico\/\"]}]},{\"@type\":\"ImageObject\",\"inLanguage\":\"pt-BR\",\"@id\":\"https:\/\/radiolifefm.com.br\/noticias\/executivo-envia-ao-legislativo-plc-para-criacao-da-secretaria-municipal-de-desenvolvimento-economico\/#primaryimage\",\"url\":\"https:\/\/radiolifefm.com.br\/noticias\/wp-content\/uploads\/2021\/03\/pna-lupapng161694042360608d8786c6b.jpg\",\"contentUrl\":\"https:\/\/radiolifefm.com.br\/noticias\/wp-content\/uploads\/2021\/03\/pna-lupapng161694042360608d8786c6b.jpg\",\"width\":540,\"height\":300,\"caption\":\"Coleta de lixo funcionar\u00e1 normalmente na segunda-feira (20) e na ter\u00e7a-feira (21)\"},{\"@type\":\"BreadcrumbList\",\"@id\":\"https:\/\/radiolifefm.com.br\/noticias\/executivo-envia-ao-legislativo-plc-para-criacao-da-secretaria-municipal-de-desenvolvimento-economico\/#breadcrumb\",\"itemListElement\":[{\"@type\":\"ListItem\",\"position\":1,\"name\":\"In\u00edcio\",\"item\":\"https:\/\/radiolifefm.com.br\/noticias\/\"},{\"@type\":\"ListItem\",\"position\":2,\"name\":\"Executivo envia ao Legislativo PLC para cria\u00e7\u00e3o da Secretaria Municipal de Desenvolvimento Econ\u00f4mico\"}]},{\"@type\":\"WebSite\",\"@id\":\"https:\/\/radiolifefm.com.br\/noticias\/#website\",\"url\":\"https:\/\/radiolifefm.com.br\/noticias\/\",\"name\":\"R\u00e1dio Life FM\",\"description\":\"O Portal de Not\u00edcias de Adamantina\",\"publisher\":{\"@id\":\"https:\/\/radiolifefm.com.br\/noticias\/#organization\"},\"alternateName\":\"Life FM\",\"potentialAction\":[{\"@type\":\"SearchAction\",\"target\":{\"@type\":\"EntryPoint\",\"urlTemplate\":\"https:\/\/radiolifefm.com.br\/noticias\/?s={search_term_string}\"},\"query-input\":{\"@type\":\"PropertyValueSpecification\",\"valueRequired\":true,\"valueName\":\"search_term_string\"}}],\"inLanguage\":\"pt-BR\"},{\"@type\":\"Organization\",\"@id\":\"https:\/\/radiolifefm.com.br\/noticias\/#organization\",\"name\":\"R\u00e1dio Life FM\",\"alternateName\":\"Life FM\",\"url\":\"https:\/\/radiolifefm.com.br\/noticias\/\",\"logo\":{\"@type\":\"ImageObject\",\"inLanguage\":\"pt-BR\",\"@id\":\"https:\/\/radiolifefm.com.br\/noticias\/#\/schema\/logo\/image\/\",\"url\":\"https:\/\/static.radiolifefm.com.br\/noticias\/wp-content\/uploads\/2019\/10\/logo-lifefm.png\",\"contentUrl\":\"https:\/\/static.radiolifefm.com.br\/noticias\/wp-content\/uploads\/2019\/10\/logo-lifefm.png\",\"width\":196,\"height\":47,\"caption\":\"R\u00e1dio Life FM\"},\"image\":{\"@id\":\"https:\/\/radiolifefm.com.br\/noticias\/#\/schema\/logo\/image\/\"},\"sameAs\":[\"https:\/\/www.facebook.com\/radiolifefm\/\",\"https:\/\/www.instagram.com\/life1079fm\/\"]},{\"@type\":\"Person\",\"@id\":\"https:\/\/radiolifefm.com.br\/noticias\/#\/schema\/person\/6339b9fac59d12b071dec680d7375d87\",\"name\":\"ritanery\",\"image\":{\"@type\":\"ImageObject\",\"inLanguage\":\"pt-BR\",\"@id\":\"https:\/\/secure.gravatar.com\/avatar\/0e37bb19071f47c0b8a23f62a903df117c5a0e75f65a0c2901562f97cd41cf86?s=96&d=mm&r=g\",\"url\":\"https:\/\/secure.gravatar.com\/avatar\/0e37bb19071f47c0b8a23f62a903df117c5a0e75f65a0c2901562f97cd41cf86?s=96&d=mm&r=g\",\"contentUrl\":\"https:\/\/secure.gravatar.com\/avatar\/0e37bb19071f47c0b8a23f62a903df117c5a0e75f65a0c2901562f97cd41cf86?s=96&d=mm&r=g\",\"caption\":\"ritanery\"}}]}<\/script>\n<!-- \/ Yoast SEO plugin. -->","yoast_head_json":{"title":"Executivo envia ao Legislativo PLC para cria\u00e7\u00e3o da Secretaria Municipal de Desenvolvimento Econ\u00f4mico - R\u00e1dio Life FM","robots":{"index":"index","follow":"follow","max-snippet":"max-snippet:-1","max-image-preview":"max-image-preview:large","max-video-preview":"max-video-preview:-1"},"canonical":"https:\/\/radiolifefm.com.br\/noticias\/executivo-envia-ao-legislativo-plc-para-criacao-da-secretaria-municipal-de-desenvolvimento-economico\/","og_locale":"pt_BR","og_type":"article","og_title":"Executivo envia ao Legislativo PLC para cria\u00e7\u00e3o da Secretaria Municipal de Desenvolvimento Econ\u00f4mico - R\u00e1dio Life FM","og_description":"J\u00e1 tramita no Poder Legislativo o Projeto de Lei Complementar n\u00ba 12, de 4 de outubro de 2021, assinado pelo prefeito M\u00e1rcio Cardim (DEM), que cria a Secretaria Municipal de Desenvolvimento Econ\u00f4mico. A vota\u00e7\u00e3o pelos vereadores para autorizar a implementa\u00e7\u00e3o da nova pasta \u2013 que seria a 14\u00aa na Prefeitura de Adamantina \u2013 pode ocorrer [&hellip;]","og_url":"https:\/\/radiolifefm.com.br\/noticias\/executivo-envia-ao-legislativo-plc-para-criacao-da-secretaria-municipal-de-desenvolvimento-economico\/","og_site_name":"R\u00e1dio Life FM","article_publisher":"https:\/\/www.facebook.com\/radiolifefm\/","article_published_time":"2021-10-13T13:31:41+00:00","article_modified_time":"2025-06-08T19:08:02+00:00","og_image":[{"width":540,"height":300,"url":"https:\/\/static.radiolifefm.com.br\/noticias\/wp-content\/uploads\/2021\/03\/pna-lupapng161694042360608d8786c6b.jpg","type":"image\/jpeg"}],"author":"ritanery","twitter_card":"summary_large_image","twitter_misc":{"Escrito por":"ritanery","Est. tempo de leitura":"2 minutos"},"schema":{"@context":"https:\/\/schema.org","@graph":[{"@type":"Article","@id":"https:\/\/radiolifefm.com.br\/noticias\/executivo-envia-ao-legislativo-plc-para-criacao-da-secretaria-municipal-de-desenvolvimento-economico\/#article","isPartOf":{"@id":"https:\/\/radiolifefm.com.br\/noticias\/executivo-envia-ao-legislativo-plc-para-criacao-da-secretaria-municipal-de-desenvolvimento-economico\/"},"author":{"name":"ritanery","@id":"https:\/\/radiolifefm.com.br\/noticias\/#\/schema\/person\/6339b9fac59d12b071dec680d7375d87"},"headline":"Executivo envia ao Legislativo PLC para cria\u00e7\u00e3o da Secretaria Municipal de Desenvolvimento Econ\u00f4mico","datePublished":"2021-10-13T13:31:41+00:00","dateModified":"2025-06-08T19:08:02+00:00","mainEntityOfPage":{"@id":"https:\/\/radiolifefm.com.br\/noticias\/executivo-envia-ao-legislativo-plc-para-criacao-da-secretaria-municipal-de-desenvolvimento-economico\/"},"wordCount":423,"publisher":{"@id":"https:\/\/radiolifefm.com.br\/noticias\/#organization"},"image":{"@id":"https:\/\/radiolifefm.com.br\/noticias\/executivo-envia-ao-legislativo-plc-para-criacao-da-secretaria-municipal-de-desenvolvimento-economico\/#primaryimage"},"thumbnailUrl":"https:\/\/radiolifefm.com.br\/noticias\/wp-content\/uploads\/2021\/03\/pna-lupapng161694042360608d8786c6b.jpg","articleSection":["Adamantina"],"inLanguage":"pt-BR"},{"@type":"WebPage","@id":"https:\/\/radiolifefm.com.br\/noticias\/executivo-envia-ao-legislativo-plc-para-criacao-da-secretaria-municipal-de-desenvolvimento-economico\/","url":"https:\/\/radiolifefm.com.br\/noticias\/executivo-envia-ao-legislativo-plc-para-criacao-da-secretaria-municipal-de-desenvolvimento-economico\/","name":"Executivo envia ao Legislativo PLC para cria\u00e7\u00e3o da Secretaria Municipal de Desenvolvimento Econ\u00f4mico - R\u00e1dio Life FM","isPartOf":{"@id":"https:\/\/radiolifefm.com.br\/noticias\/#website"},"primaryImageOfPage":{"@id":"https:\/\/radiolifefm.com.br\/noticias\/executivo-envia-ao-legislativo-plc-para-criacao-da-secretaria-municipal-de-desenvolvimento-economico\/#primaryimage"},"image":{"@id":"https:\/\/radiolifefm.com.br\/noticias\/executivo-envia-ao-legislativo-plc-para-criacao-da-secretaria-municipal-de-desenvolvimento-economico\/#primaryimage"},"thumbnailUrl":"https:\/\/radiolifefm.com.br\/noticias\/wp-content\/uploads\/2021\/03\/pna-lupapng161694042360608d8786c6b.jpg","datePublished":"2021-10-13T13:31:41+00:00","dateModified":"2025-06-08T19:08:02+00:00","breadcrumb":{"@id":"https:\/\/radiolifefm.com.br\/noticias\/executivo-envia-ao-legislativo-plc-para-criacao-da-secretaria-municipal-de-desenvolvimento-economico\/#breadcrumb"},"inLanguage":"pt-BR","potentialAction":[{"@type":"ReadAction","target":["https:\/\/radiolifefm.com.br\/noticias\/executivo-envia-ao-legislativo-plc-para-criacao-da-secretaria-municipal-de-desenvolvimento-economico\/"]}]},{"@type":"ImageObject","inLanguage":"pt-BR","@id":"https:\/\/radiolifefm.com.br\/noticias\/executivo-envia-ao-legislativo-plc-para-criacao-da-secretaria-municipal-de-desenvolvimento-economico\/#primaryimage","url":"https:\/\/radiolifefm.com.br\/noticias\/wp-content\/uploads\/2021\/03\/pna-lupapng161694042360608d8786c6b.jpg","contentUrl":"https:\/\/radiolifefm.com.br\/noticias\/wp-content\/uploads\/2021\/03\/pna-lupapng161694042360608d8786c6b.jpg","width":540,"height":300,"caption":"Coleta de lixo funcionar\u00e1 normalmente na segunda-feira (20) e na ter\u00e7a-feira (21)"},{"@type":"BreadcrumbList","@id":"https:\/\/radiolifefm.com.br\/noticias\/executivo-envia-ao-legislativo-plc-para-criacao-da-secretaria-municipal-de-desenvolvimento-economico\/#breadcrumb","itemListElement":[{"@type":"ListItem","position":1,"name":"In\u00edcio","item":"https:\/\/radiolifefm.com.br\/noticias\/"},{"@type":"ListItem","position":2,"name":"Executivo envia ao Legislativo PLC para cria\u00e7\u00e3o da Secretaria Municipal de Desenvolvimento Econ\u00f4mico"}]},{"@type":"WebSite","@id":"https:\/\/radiolifefm.com.br\/noticias\/#website","url":"https:\/\/radiolifefm.com.br\/noticias\/","name":"R\u00e1dio Life FM","description":"O Portal de Not\u00edcias de Adamantina","publisher":{"@id":"https:\/\/radiolifefm.com.br\/noticias\/#organization"},"alternateName":"Life FM","potentialAction":[{"@type":"SearchAction","target":{"@type":"EntryPoint","urlTemplate":"https:\/\/radiolifefm.com.br\/noticias\/?s={search_term_string}"},"query-input":{"@type":"PropertyValueSpecification","valueRequired":true,"valueName":"search_term_string"}}],"inLanguage":"pt-BR"},{"@type":"Organization","@id":"https:\/\/radiolifefm.com.br\/noticias\/#organization","name":"R\u00e1dio Life FM","alternateName":"Life FM","url":"https:\/\/radiolifefm.com.br\/noticias\/","logo":{"@type":"ImageObject","inLanguage":"pt-BR","@id":"https:\/\/radiolifefm.com.br\/noticias\/#\/schema\/logo\/image\/","url":"https:\/\/static.radiolifefm.com.br\/noticias\/wp-content\/uploads\/2019\/10\/logo-lifefm.png","contentUrl":"https:\/\/static.radiolifefm.com.br\/noticias\/wp-content\/uploads\/2019\/10\/logo-lifefm.png","width":196,"height":47,"caption":"R\u00e1dio Life FM"},"image":{"@id":"https:\/\/radiolifefm.com.br\/noticias\/#\/schema\/logo\/image\/"},"sameAs":["https:\/\/www.facebook.com\/radiolifefm\/","https:\/\/www.instagram.com\/life1079fm\/"]},{"@type":"Person","@id":"https:\/\/radiolifefm.com.br\/noticias\/#\/schema\/person\/6339b9fac59d12b071dec680d7375d87","name":"ritanery","image":{"@type":"ImageObject","inLanguage":"pt-BR","@id":"https:\/\/secure.gravatar.com\/avatar\/0e37bb19071f47c0b8a23f62a903df117c5a0e75f65a0c2901562f97cd41cf86?s=96&d=mm&r=g","url":"https:\/\/secure.gravatar.com\/avatar\/0e37bb19071f47c0b8a23f62a903df117c5a0e75f65a0c2901562f97cd41cf86?s=96&d=mm&r=g","contentUrl":"https:\/\/secure.gravatar.com\/avatar\/0e37bb19071f47c0b8a23f62a903df117c5a0e75f65a0c2901562f97cd41cf86?s=96&d=mm&r=g","caption":"ritanery"}}]}},"amp_enabled":true,"_links":{"self":[{"href":"https:\/\/radiolifefm.com.br\/noticias\/wp-json\/wp\/v2\/posts\/44043","targetHints":{"allow":["GET"]}}],"collection":[{"href":"https:\/\/radiolifefm.com.br\/noticias\/wp-json\/wp\/v2\/posts"}],"about":[{"href":"https:\/\/radiolifefm.com.br\/noticias\/wp-json\/wp\/v2\/types\/post"}],"author":[{"embeddable":true,"href":"https:\/\/radiolifefm.com.br\/noticias\/wp-json\/wp\/v2\/users\/13"}],"replies":[{"embeddable":true,"href":"https:\/\/radiolifefm.com.br\/noticias\/wp-json\/wp\/v2\/comments?post=44043"}],"version-history":[{"count":1,"href":"https:\/\/radiolifefm.com.br\/noticias\/wp-json\/wp\/v2\/posts\/44043\/revisions"}],"predecessor-version":[{"id":44044,"href":"https:\/\/radiolifefm.com.br\/noticias\/wp-json\/wp\/v2\/posts\/44043\/revisions\/44044"}],"wp:featuredmedia":[{"embeddable":true,"href":"https:\/\/radiolifefm.com.br\/noticias\/wp-json\/wp\/v2\/media\/37049"}],"wp:attachment":[{"href":"https:\/\/radiolifefm.com.br\/noticias\/wp-json\/wp\/v2\/media?parent=44043"}],"wp:term":[{"taxonomy":"category","embeddable":true,"href":"https:\/\/radiolifefm.com.br\/noticias\/wp-json\/wp\/v2\/categories?post=44043"},{"taxonomy":"post_tag","embeddable":true,"href":"https:\/\/radiolifefm.com.br\/noticias\/wp-json\/wp\/v2\/tags?post=44043"}],"curies":[{"name":"wp","href":"https:\/\/api.w.org\/{rel}","templated":true}]}}